{"id":5332,"date":"2025-09-12T23:53:20","date_gmt":"2025-09-13T05:53:20","guid":{"rendered":"https:\/\/stacatarina.mx\/consejos\/el-estudio-que-explica-por-que-si-naciste-despues-de-1939-apenas-viviras-hasta-100-anos\/"},"modified":"2025-09-12T23:53:23","modified_gmt":"2025-09-13T05:53:23","slug":"el-estudio-que-explica-por-que-si-naciste-despues-de-1939-apenas-viviras-hasta-100-anos","status":"publish","type":"post","link":"https:\/\/stacatarina.mx\/consejos\/el-estudio-que-explica-por-que-si-naciste-despues-de-1939-apenas-viviras-hasta-100-anos\/","title":{"rendered":"El estudio que explica por qu\u00e9 si naciste despu\u00e9s de 1939 apenas vivir\u00e1s hasta 100 a\u00f1os"},"content":{"rendered":"<p><\/p>\n<p>Durante m\u00e1s de cincuenta a\u00f1os, la esperanza de vida ha crecido constantemente en la mayor parte del mundo industrializado. Pero hoy, seg\u00fan un nuevo estudio publicado en <em>PNAS<\/em> (Actas de la Academia Nacional de Ciencias), esta tendencia se ha detenido. El trabajo, coordinado por el dem\u00f3grafo Jos\u00e9 Manuel Aburto del Instituto Max Planck para la Investigaci\u00f3n demogr\u00e1fica, muestra que el crecimiento de la longevidad ha alcanzado una meseta y, en algunos casos, ha comenzado a disminuir significativamente.<\/p>\n<p>Los investigadores analizaron los datos de 23 pa\u00edses industrializados, comparando diferentes t\u00e9cnicas de pron\u00f3stico. Los resultados son claros: para las generaciones nacidas despu\u00e9s de 1939, el aumento anual de la esperanza de vida se ha reducido a m\u00e1s de la mitad, pasando de seis meses a solo dos o tres meses m\u00e1s por a\u00f1o de nacimiento.<\/p>\n<p>El progreso del pasado no se repite: la mortalidad infantil ya es m\u00ednima, y \u200b\u200bla antig\u00fcedad ya no impulsa la longevidad<\/p>\n<p>Entre 1900 y 1938, el progreso de la salud, las vacunas, la difusi\u00f3n de antibi\u00f3ticos y mejores condiciones de acci\u00f3n higi\u00e9nica hab\u00edan permitido un r\u00e1pido crecimiento en la longevidad. En ese momento, la esperanza de vida en pa\u00edses ricos pas\u00f3 de 62 a 80 a\u00f1os en algunas generaciones. Hoy, sin embargo, esos margen de mejora est\u00e1n en gran medida agotados.<\/p>\n<p>La mortalidad en los primeros a\u00f1os de vida ya est\u00e1 en m\u00ednimos hist\u00f3ricos, e incluso si la medicina contin\u00faa progresando, las intervenciones en la tercera edad no tienen el mismo impacto estructural que tuvo las reformas de salud de principios del siglo XX. Por esta raz\u00f3n, seg\u00fan los datos recopilados por el estudio, los nacidos en 1980 con toda probabilidad no alcanzar\u00e1n los 100 a\u00f1os, y ninguna de las cohortes analizadas tiene posibilidades realistas para exceder este umbral.<\/p>\n<p>La desaceleraci\u00f3n no es solo datos estad\u00edsticos. Los pron\u00f3sticos sobre la longevidad son una herramienta clave para planificar sistemas de pensiones, pol\u00edticas de salud e inversiones p\u00fablicas. Si la vida promedio no crece como se esperaba, se necesitan nuevas estrategias: tanto para los gobiernos como para los ciudadanos que tendr\u00e1n que revisar los ahorros y expectativas a largo plazo.<\/p>\n<h2>Las nuevas generaciones vivir\u00e1n menos durante mucho tiempo y en una atm\u00f3sfera m\u00e1s inestable.<\/h2>\n<p>En mayo de 2025, otro estudio, publicado en <em>Naturaleza<\/em> Y dirigido por el investigador Luke Grant, subray\u00f3 otra criticidad. Los ni\u00f1os nacidos en 2020 estar\u00e1n expuestos, durante su vida, a un n\u00famero mucho m\u00e1s alto de eventos clim\u00e1ticos extremos que las generaciones anteriores.<\/p>\n<p>Utilizando modelos clim\u00e1ticos y demogr\u00e1ficos, el equipo calcul\u00f3 que incluso si el calentamiento global estaba contenido dentro de 1.5 \u00b0 C, m\u00e1s de la mitad de los nacidos en 2020 experimentar\u00e1n ondas de calor sin precedentes. Si el aumento es alcanzar 3.5 \u00b0 C, el porcentaje aumentar\u00eda al 92%.<\/p>\n<p>Adem\u00e1s del calor, las generaciones m\u00e1s j\u00f3venes tendr\u00e1n que enfrentar sequ\u00eda prolongada, incendios forestales, inundaciones, p\u00e9rdida de cultivos y otras crisis ambientales. El impacto ser\u00e1 m\u00e1s pesado para las comunidades menos equipadas, que tienen menos recursos para adaptarse. Seg\u00fan los autores del estudio, es una verdadera injusticia intergeneracional: los nacidos en el siglo XXI contribuir\u00e1n menos a las emisiones, pero sufrir\u00e1n las peores consecuencias.<\/p>\n<h2>La combinaci\u00f3n de la esperanza de vida estable y la crisis clim\u00e1tica<\/h2>\n<p>Los dos estudios hablan de diferentes \u00e1reas, longevidad, por un lado, clima por el otro, pero llegan a una conclusi\u00f3n similar. Las generaciones m\u00e1s j\u00f3venes se arriesgan.<\/p>\n<p>En el siglo pasado, la idea de que cada nueva generaci\u00f3n hubiera vivido m\u00e1s y mejor de lo que la anterior se ha extendido. Hoy, los datos cuentan otra historia: las ganancias en la salud y el bien, y de hecho son cuestionados por la creciente presi\u00f3n clim\u00e1tica y el final del gran progreso de la salud del siglo XX.<\/p>\n<p>Estos no son cat\u00e1strofismo, sino an\u00e1lisis basado en datos concretos. Reconocer esta nueva realidad es el primer paso para repensar las pol\u00edticas p\u00fablicas, los sistemas de seguridad social, las estrategias ambientales y las elecciones individuales.<\/p><\/p>\n","protected":false},"excerpt":{"rendered":"<p>Durante m\u00e1s de cincuenta a\u00f1os, la esperanza de vida ha crecido constantemente en la mayor parte del mundo industrializado. Pero hoy, seg\u00fan un nuevo estudio<\/p>\n","protected":false},"author":1,"featured_media":5333,"comment_status":"closed","ping_status":"","sticky":false,"template":"","format":"standard","meta":{"footnotes":""},"categories":[762],"tags":[209,5993,420,219,919,380,5992,112,247,5994],"class_list":["post-5332","post","type-post","status-publish","format-standard","has-post-thumbnail","hentry","category-salud","tag-anos","tag-apenas","tag-despues","tag-estudio","tag-explica","tag-hasta","tag-naciste","tag-por","tag-que","tag-viviras","generate-columns","tablet-grid-50","mobile-grid-100","grid-parent","grid-50"],"yoast_head":"<!-- This site is optimized with the Yoast SEO plugin v23.4 - https:\/\/yoast.com\/wordpress\/plugins\/seo\/ -->\n<title>El estudio que explica por qu\u00e9 si naciste despu\u00e9s de 1939 apenas vivir\u00e1s hasta 100 a\u00f1os - Consejos - Santa Catarina<\/title>\n<meta name=\"robots\" content=\"index, follow, max-snippet:-1, max-image-preview:large, max-video-preview:-1\" \/>\n<link rel=\"canonical\" href=\"https:\/\/stacatarina.mx\/consejos\/el-estudio-que-explica-por-que-si-naciste-despues-de-1939-apenas-viviras-hasta-100-anos\/\" \/>\n<meta property=\"og:locale\" content=\"es_MX\" \/>\n<meta property=\"og:type\" content=\"article\" \/>\n<meta property=\"og:title\" content=\"El estudio que explica por qu\u00e9 si naciste despu\u00e9s de 1939 apenas vivir\u00e1s hasta 100 a\u00f1os - Consejos - Santa Catarina\" \/>\n<meta property=\"og:description\" content=\"Durante m\u00e1s de cincuenta a\u00f1os, la esperanza de vida ha crecido constantemente en la mayor parte del mundo industrializado. Pero hoy, seg\u00fan un nuevo estudio\" \/>\n<meta property=\"og:url\" content=\"https:\/\/stacatarina.mx\/consejos\/el-estudio-que-explica-por-que-si-naciste-despues-de-1939-apenas-viviras-hasta-100-anos\/\" \/>\n<meta property=\"og:site_name\" content=\"Santa Catarina\" \/>\n<meta property=\"article:publisher\" content=\"https:\/\/www.facebook.com\/stacatarinagob\/\" \/>\n<meta property=\"article:published_time\" content=\"2025-09-13T05:53:20+00:00\" \/>\n<meta property=\"article:modified_time\" content=\"2025-09-13T05:53:23+00:00\" \/>\n<meta property=\"og:image\" content=\"https:\/\/stacatarina.mx\/consejos\/wp-content\/uploads\/2025\/09\/1757742801_El-estudio-que-explica-por-que-si-naciste-despues-de.jpg\" \/>\n\t<meta property=\"og:image:width\" content=\"1500\" \/>\n\t<meta property=\"og:image:height\" content=\"1000\" \/>\n\t<meta property=\"og:image:type\" content=\"image\/jpeg\" \/>\n<meta name=\"author\" content=\"Pedro Mart\u00ednez\" \/>\n<meta name=\"twitter:card\" content=\"summary_large_image\" \/>\n<meta name=\"twitter:creator\" content=\"@stacatarinagob\" \/>\n<meta name=\"twitter:site\" content=\"@stacatarinagob\" \/>\n<meta name=\"twitter:label1\" content=\"Escrito por\" \/>\n\t<meta name=\"twitter:data1\" content=\"Pedro Mart\u00ednez\" \/>\n\t<meta name=\"twitter:label2\" content=\"Tiempo de lectura\" \/>\n\t<meta name=\"twitter:data2\" content=\"4 minutos\" \/>\n<script type=\"application\/ld+json\" class=\"yoast-schema-graph\">{\"@context\":\"https:\/\/schema.org\",\"@graph\":[{\"@type\":\"Article\",\"@id\":\"https:\/\/stacatarina.mx\/consejos\/el-estudio-que-explica-por-que-si-naciste-despues-de-1939-apenas-viviras-hasta-100-anos\/#article\",\"isPartOf\":{\"@id\":\"https:\/\/stacatarina.mx\/consejos\/el-estudio-que-explica-por-que-si-naciste-despues-de-1939-apenas-viviras-hasta-100-anos\/\"},\"author\":{\"name\":\"Pedro Mart\u00ednez\",\"@id\":\"https:\/\/stacatarina.mx\/consejos\/#\/schema\/person\/0be60adffa8e4c4d0828fdf021450e8a\"},\"headline\":\"El estudio que explica por qu\u00e9 si naciste despu\u00e9s de 1939 apenas vivir\u00e1s hasta 100 a\u00f1os\",\"datePublished\":\"2025-09-13T05:53:20+00:00\",\"dateModified\":\"2025-09-13T05:53:23+00:00\",\"mainEntityOfPage\":{\"@id\":\"https:\/\/stacatarina.mx\/consejos\/el-estudio-que-explica-por-que-si-naciste-despues-de-1939-apenas-viviras-hasta-100-anos\/\"},\"wordCount\":730,\"publisher\":{\"@id\":\"https:\/\/stacatarina.mx\/consejos\/#organization\"},\"image\":{\"@id\":\"https:\/\/stacatarina.mx\/consejos\/el-estudio-que-explica-por-que-si-naciste-despues-de-1939-apenas-viviras-hasta-100-anos\/#primaryimage\"},\"thumbnailUrl\":\"https:\/\/stacatarina.mx\/consejos\/wp-content\/uploads\/2025\/09\/1757742801_El-estudio-que-explica-por-que-si-naciste-despues-de.jpg\",\"keywords\":[\"a\u00f1os\",\"apenas\",\"despu\u00e9s\",\"estudio\",\"explica\",\"hasta\",\"naciste\",\"por\",\"qu\u00e9\",\"vivir\u00e1s\"],\"articleSection\":[\"Salud\"],\"inLanguage\":\"es\"},{\"@type\":\"WebPage\",\"@id\":\"https:\/\/stacatarina.mx\/consejos\/el-estudio-que-explica-por-que-si-naciste-despues-de-1939-apenas-viviras-hasta-100-anos\/\",\"url\":\"https:\/\/stacatarina.mx\/consejos\/el-estudio-que-explica-por-que-si-naciste-despues-de-1939-apenas-viviras-hasta-100-anos\/\",\"name\":\"El estudio que explica por qu\u00e9 si naciste despu\u00e9s de 1939 apenas vivir\u00e1s hasta 100 a\u00f1os - Consejos - Santa Catarina\",\"isPartOf\":{\"@id\":\"https:\/\/stacatarina.mx\/consejos\/#website\"},\"primaryImageOfPage\":{\"@id\":\"https:\/\/stacatarina.mx\/consejos\/el-estudio-que-explica-por-que-si-naciste-despues-de-1939-apenas-viviras-hasta-100-anos\/#primaryimage\"},\"image\":{\"@id\":\"https:\/\/stacatarina.mx\/consejos\/el-estudio-que-explica-por-que-si-naciste-despues-de-1939-apenas-viviras-hasta-100-anos\/#primaryimage\"},\"thumbnailUrl\":\"https:\/\/stacatarina.mx\/consejos\/wp-content\/uploads\/2025\/09\/1757742801_El-estudio-que-explica-por-que-si-naciste-despues-de.jpg\",\"datePublished\":\"2025-09-13T05:53:20+00:00\",\"dateModified\":\"2025-09-13T05:53:23+00:00\",\"breadcrumb\":{\"@id\":\"https:\/\/stacatarina.mx\/consejos\/el-estudio-que-explica-por-que-si-naciste-despues-de-1939-apenas-viviras-hasta-100-anos\/#breadcrumb\"},\"inLanguage\":\"es\",\"potentialAction\":[{\"@type\":\"ReadAction\",\"target\":[\"https:\/\/stacatarina.mx\/consejos\/el-estudio-que-explica-por-que-si-naciste-despues-de-1939-apenas-viviras-hasta-100-anos\/\"]}]},{\"@type\":\"ImageObject\",\"inLanguage\":\"es\",\"@id\":\"https:\/\/stacatarina.mx\/consejos\/el-estudio-que-explica-por-que-si-naciste-despues-de-1939-apenas-viviras-hasta-100-anos\/#primaryimage\",\"url\":\"https:\/\/stacatarina.mx\/consejos\/wp-content\/uploads\/2025\/09\/1757742801_El-estudio-que-explica-por-que-si-naciste-despues-de.jpg\",\"contentUrl\":\"https:\/\/stacatarina.mx\/consejos\/wp-content\/uploads\/2025\/09\/1757742801_El-estudio-que-explica-por-que-si-naciste-despues-de.jpg\",\"width\":1500,\"height\":1000,\"caption\":\"aspettativa di vita\"},{\"@type\":\"BreadcrumbList\",\"@id\":\"https:\/\/stacatarina.mx\/consejos\/el-estudio-que-explica-por-que-si-naciste-despues-de-1939-apenas-viviras-hasta-100-anos\/#breadcrumb\",\"itemListElement\":[{\"@type\":\"ListItem\",\"position\":1,\"name\":\"Inicio\",\"item\":\"https:\/\/stacatarina.mx\/consejos\/\"},{\"@type\":\"ListItem\",\"position\":2,\"name\":\"El estudio que explica por qu\u00e9 si naciste despu\u00e9s de 1939 apenas vivir\u00e1s hasta 100 a\u00f1os\"}]},{\"@type\":\"WebSite\",\"@id\":\"https:\/\/stacatarina.mx\/consejos\/#website\",\"url\":\"https:\/\/stacatarina.mx\/consejos\/\",\"name\":\"Santa Catarina\",\"description\":\"\",\"publisher\":{\"@id\":\"https:\/\/stacatarina.mx\/consejos\/#organization\"},\"potentialAction\":[{\"@type\":\"SearchAction\",\"target\":{\"@type\":\"EntryPoint\",\"urlTemplate\":\"https:\/\/stacatarina.mx\/consejos\/?s={search_term_string}\"},\"query-input\":{\"@type\":\"PropertyValueSpecification\",\"valueRequired\":true,\"valueName\":\"search_term_string\"}}],\"inLanguage\":\"es\"},{\"@type\":\"Organization\",\"@id\":\"https:\/\/stacatarina.mx\/consejos\/#organization\",\"name\":\"Santa Catarina\",\"url\":\"https:\/\/stacatarina.mx\/consejos\/\",\"logo\":{\"@type\":\"ImageObject\",\"inLanguage\":\"es\",\"@id\":\"https:\/\/stacatarina.mx\/consejos\/#\/schema\/logo\/image\/\",\"url\":\"https:\/\/stacatarina.mx\/consejos\/wp-content\/uploads\/2024\/09\/cropped-favicon-1-1.png\",\"contentUrl\":\"https:\/\/stacatarina.mx\/consejos\/wp-content\/uploads\/2024\/09\/cropped-favicon-1-1.png\",\"width\":512,\"height\":512,\"caption\":\"Santa Catarina\"},\"image\":{\"@id\":\"https:\/\/stacatarina.mx\/consejos\/#\/schema\/logo\/image\/\"},\"sameAs\":[\"https:\/\/www.facebook.com\/stacatarinagob\/\",\"https:\/\/x.com\/stacatarinagob\",\"https:\/\/www.instagram.com\/stacatarinagob\/\",\"https:\/\/www.youtube.com\/channel\/UCK-6cQJL_904665N1_nLTWw\"]},{\"@type\":\"Person\",\"@id\":\"https:\/\/stacatarina.mx\/consejos\/#\/schema\/person\/0be60adffa8e4c4d0828fdf021450e8a\",\"name\":\"Pedro Mart\u00ednez\",\"image\":{\"@type\":\"ImageObject\",\"inLanguage\":\"es\",\"@id\":\"https:\/\/stacatarina.mx\/consejos\/#\/schema\/person\/image\/\",\"url\":\"https:\/\/stacatarina.mx\/consejos\/wp-content\/uploads\/2024\/09\/stacatarina.jpg\",\"contentUrl\":\"https:\/\/stacatarina.mx\/consejos\/wp-content\/uploads\/2024\/09\/stacatarina.jpg\",\"caption\":\"Pedro Mart\u00ednez\"},\"description\":\"Hola, soy Pedro Mart\u00ednez, redactor jefe del sitio oficial del ayuntamiento de Santa Catarina, en M\u00e9xico. Con m\u00e1s de diez a\u00f1os de experiencia en el periodismo local, tengo una pasi\u00f3n por la investigaci\u00f3n y la difusi\u00f3n de informaci\u00f3n que valoriza nuestra hermosa comunidad. Mi compromiso es hacer de Santa Catarina una referencia en materia de transparencia y comunicaci\u00f3n municipal.\",\"sameAs\":[\"https:\/\/stacatarina.mx\/\"]}]}<\/script>\n<!-- \/ Yoast SEO plugin. -->","yoast_head_json":{"title":"El estudio que explica por qu\u00e9 si naciste despu\u00e9s de 1939 apenas vivir\u00e1s hasta 100 a\u00f1os - Consejos - Santa Catarina","robots":{"index":"index","follow":"follow","max-snippet":"max-snippet:-1","max-image-preview":"max-image-preview:large","max-video-preview":"max-video-preview:-1"},"canonical":"https:\/\/stacatarina.mx\/consejos\/el-estudio-que-explica-por-que-si-naciste-despues-de-1939-apenas-viviras-hasta-100-anos\/","og_locale":"es_MX","og_type":"article","og_title":"El estudio que explica por qu\u00e9 si naciste despu\u00e9s de 1939 apenas vivir\u00e1s hasta 100 a\u00f1os - Consejos - Santa Catarina","og_description":"Durante m\u00e1s de cincuenta a\u00f1os, la esperanza de vida ha crecido constantemente en la mayor parte del mundo industrializado. Pero hoy, seg\u00fan un nuevo estudio","og_url":"https:\/\/stacatarina.mx\/consejos\/el-estudio-que-explica-por-que-si-naciste-despues-de-1939-apenas-viviras-hasta-100-anos\/","og_site_name":"Santa Catarina","article_publisher":"https:\/\/www.facebook.com\/stacatarinagob\/","article_published_time":"2025-09-13T05:53:20+00:00","article_modified_time":"2025-09-13T05:53:23+00:00","og_image":[{"width":1500,"height":1000,"url":"https:\/\/stacatarina.mx\/consejos\/wp-content\/uploads\/2025\/09\/1757742801_El-estudio-que-explica-por-que-si-naciste-despues-de.jpg","type":"image\/jpeg"}],"author":"Pedro Mart\u00ednez","twitter_card":"summary_large_image","twitter_creator":"@stacatarinagob","twitter_site":"@stacatarinagob","twitter_misc":{"Escrito por":"Pedro Mart\u00ednez","Tiempo de lectura":"4 minutos"},"schema":{"@context":"https:\/\/schema.org","@graph":[{"@type":"Article","@id":"https:\/\/stacatarina.mx\/consejos\/el-estudio-que-explica-por-que-si-naciste-despues-de-1939-apenas-viviras-hasta-100-anos\/#article","isPartOf":{"@id":"https:\/\/stacatarina.mx\/consejos\/el-estudio-que-explica-por-que-si-naciste-despues-de-1939-apenas-viviras-hasta-100-anos\/"},"author":{"name":"Pedro Mart\u00ednez","@id":"https:\/\/stacatarina.mx\/consejos\/#\/schema\/person\/0be60adffa8e4c4d0828fdf021450e8a"},"headline":"El estudio que explica por qu\u00e9 si naciste despu\u00e9s de 1939 apenas vivir\u00e1s hasta 100 a\u00f1os","datePublished":"2025-09-13T05:53:20+00:00","dateModified":"2025-09-13T05:53:23+00:00","mainEntityOfPage":{"@id":"https:\/\/stacatarina.mx\/consejos\/el-estudio-que-explica-por-que-si-naciste-despues-de-1939-apenas-viviras-hasta-100-anos\/"},"wordCount":730,"publisher":{"@id":"https:\/\/stacatarina.mx\/consejos\/#organization"},"image":{"@id":"https:\/\/stacatarina.mx\/consejos\/el-estudio-que-explica-por-que-si-naciste-despues-de-1939-apenas-viviras-hasta-100-anos\/#primaryimage"},"thumbnailUrl":"https:\/\/stacatarina.mx\/consejos\/wp-content\/uploads\/2025\/09\/1757742801_El-estudio-que-explica-por-que-si-naciste-despues-de.jpg","keywords":["a\u00f1os","apenas","despu\u00e9s","estudio","explica","hasta","naciste","por","qu\u00e9","vivir\u00e1s"],"articleSection":["Salud"],"inLanguage":"es"},{"@type":"WebPage","@id":"https:\/\/stacatarina.mx\/consejos\/el-estudio-que-explica-por-que-si-naciste-despues-de-1939-apenas-viviras-hasta-100-anos\/","url":"https:\/\/stacatarina.mx\/consejos\/el-estudio-que-explica-por-que-si-naciste-despues-de-1939-apenas-viviras-hasta-100-anos\/","name":"El estudio que explica por qu\u00e9 si naciste despu\u00e9s de 1939 apenas vivir\u00e1s hasta 100 a\u00f1os - Consejos - Santa Catarina","isPartOf":{"@id":"https:\/\/stacatarina.mx\/consejos\/#website"},"primaryImageOfPage":{"@id":"https:\/\/stacatarina.mx\/consejos\/el-estudio-que-explica-por-que-si-naciste-despues-de-1939-apenas-viviras-hasta-100-anos\/#primaryimage"},"image":{"@id":"https:\/\/stacatarina.mx\/consejos\/el-estudio-que-explica-por-que-si-naciste-despues-de-1939-apenas-viviras-hasta-100-anos\/#primaryimage"},"thumbnailUrl":"https:\/\/stacatarina.mx\/consejos\/wp-content\/uploads\/2025\/09\/1757742801_El-estudio-que-explica-por-que-si-naciste-despues-de.jpg","datePublished":"2025-09-13T05:53:20+00:00","dateModified":"2025-09-13T05:53:23+00:00","breadcrumb":{"@id":"https:\/\/stacatarina.mx\/consejos\/el-estudio-que-explica-por-que-si-naciste-despues-de-1939-apenas-viviras-hasta-100-anos\/#breadcrumb"},"inLanguage":"es","potentialAction":[{"@type":"ReadAction","target":["https:\/\/stacatarina.mx\/consejos\/el-estudio-que-explica-por-que-si-naciste-despues-de-1939-apenas-viviras-hasta-100-anos\/"]}]},{"@type":"ImageObject","inLanguage":"es","@id":"https:\/\/stacatarina.mx\/consejos\/el-estudio-que-explica-por-que-si-naciste-despues-de-1939-apenas-viviras-hasta-100-anos\/#primaryimage","url":"https:\/\/stacatarina.mx\/consejos\/wp-content\/uploads\/2025\/09\/1757742801_El-estudio-que-explica-por-que-si-naciste-despues-de.jpg","contentUrl":"https:\/\/stacatarina.mx\/consejos\/wp-content\/uploads\/2025\/09\/1757742801_El-estudio-que-explica-por-que-si-naciste-despues-de.jpg","width":1500,"height":1000,"caption":"aspettativa di vita"},{"@type":"BreadcrumbList","@id":"https:\/\/stacatarina.mx\/consejos\/el-estudio-que-explica-por-que-si-naciste-despues-de-1939-apenas-viviras-hasta-100-anos\/#breadcrumb","itemListElement":[{"@type":"ListItem","position":1,"name":"Inicio","item":"https:\/\/stacatarina.mx\/consejos\/"},{"@type":"ListItem","position":2,"name":"El estudio que explica por qu\u00e9 si naciste despu\u00e9s de 1939 apenas vivir\u00e1s hasta 100 a\u00f1os"}]},{"@type":"WebSite","@id":"https:\/\/stacatarina.mx\/consejos\/#website","url":"https:\/\/stacatarina.mx\/consejos\/","name":"Santa Catarina","description":"","publisher":{"@id":"https:\/\/stacatarina.mx\/consejos\/#organization"},"potentialAction":[{"@type":"SearchAction","target":{"@type":"EntryPoint","urlTemplate":"https:\/\/stacatarina.mx\/consejos\/?s={search_term_string}"},"query-input":{"@type":"PropertyValueSpecification","valueRequired":true,"valueName":"search_term_string"}}],"inLanguage":"es"},{"@type":"Organization","@id":"https:\/\/stacatarina.mx\/consejos\/#organization","name":"Santa Catarina","url":"https:\/\/stacatarina.mx\/consejos\/","logo":{"@type":"ImageObject","inLanguage":"es","@id":"https:\/\/stacatarina.mx\/consejos\/#\/schema\/logo\/image\/","url":"https:\/\/stacatarina.mx\/consejos\/wp-content\/uploads\/2024\/09\/cropped-favicon-1-1.png","contentUrl":"https:\/\/stacatarina.mx\/consejos\/wp-content\/uploads\/2024\/09\/cropped-favicon-1-1.png","width":512,"height":512,"caption":"Santa Catarina"},"image":{"@id":"https:\/\/stacatarina.mx\/consejos\/#\/schema\/logo\/image\/"},"sameAs":["https:\/\/www.facebook.com\/stacatarinagob\/","https:\/\/x.com\/stacatarinagob","https:\/\/www.instagram.com\/stacatarinagob\/","https:\/\/www.youtube.com\/channel\/UCK-6cQJL_904665N1_nLTWw"]},{"@type":"Person","@id":"https:\/\/stacatarina.mx\/consejos\/#\/schema\/person\/0be60adffa8e4c4d0828fdf021450e8a","name":"Pedro Mart\u00ednez","image":{"@type":"ImageObject","inLanguage":"es","@id":"https:\/\/stacatarina.mx\/consejos\/#\/schema\/person\/image\/","url":"https:\/\/stacatarina.mx\/consejos\/wp-content\/uploads\/2024\/09\/stacatarina.jpg","contentUrl":"https:\/\/stacatarina.mx\/consejos\/wp-content\/uploads\/2024\/09\/stacatarina.jpg","caption":"Pedro Mart\u00ednez"},"description":"Hola, soy Pedro Mart\u00ednez, redactor jefe del sitio oficial del ayuntamiento de Santa Catarina, en M\u00e9xico. Con m\u00e1s de diez a\u00f1os de experiencia en el periodismo local, tengo una pasi\u00f3n por la investigaci\u00f3n y la difusi\u00f3n de informaci\u00f3n que valoriza nuestra hermosa comunidad. Mi compromiso es hacer de Santa Catarina una referencia en materia de transparencia y comunicaci\u00f3n municipal.","sameAs":["https:\/\/stacatarina.mx\/"]}]}},"_links":{"self":[{"href":"https:\/\/stacatarina.mx\/consejos\/wp-json\/wp\/v2\/posts\/5332"}],"collection":[{"href":"https:\/\/stacatarina.mx\/consejos\/wp-json\/wp\/v2\/posts"}],"about":[{"href":"https:\/\/stacatarina.mx\/consejos\/wp-json\/wp\/v2\/types\/post"}],"author":[{"embeddable":true,"href":"https:\/\/stacatarina.mx\/consejos\/wp-json\/wp\/v2\/users\/1"}],"replies":[{"embeddable":true,"href":"https:\/\/stacatarina.mx\/consejos\/wp-json\/wp\/v2\/comments?post=5332"}],"version-history":[{"count":1,"href":"https:\/\/stacatarina.mx\/consejos\/wp-json\/wp\/v2\/posts\/5332\/revisions"}],"predecessor-version":[{"id":5334,"href":"https:\/\/stacatarina.mx\/consejos\/wp-json\/wp\/v2\/posts\/5332\/revisions\/5334"}],"wp:featuredmedia":[{"embeddable":true,"href":"https:\/\/stacatarina.mx\/consejos\/wp-json\/wp\/v2\/media\/5333"}],"wp:attachment":[{"href":"https:\/\/stacatarina.mx\/consejos\/wp-json\/wp\/v2\/media?parent=5332"}],"wp:term":[{"taxonomy":"category","embeddable":true,"href":"https:\/\/stacatarina.mx\/consejos\/wp-json\/wp\/v2\/categories?post=5332"},{"taxonomy":"post_tag","embeddable":true,"href":"https:\/\/stacatarina.mx\/consejos\/wp-json\/wp\/v2\/tags?post=5332"}],"curies":[{"name":"wp","href":"https:\/\/api.w.org\/{rel}","templated":true}]}}