{"id":5347,"date":"2025-09-14T00:24:37","date_gmt":"2025-09-14T06:24:37","guid":{"rendered":"https:\/\/stacatarina.mx\/consejos\/nuestra-atencion-cayo-a-solo-8-segundos-pero-no-es-solo-culpa-de-las-redes-sociales\/"},"modified":"2025-09-14T00:24:39","modified_gmt":"2025-09-14T06:24:39","slug":"nuestra-atencion-cayo-a-solo-8-segundos-pero-no-es-solo-culpa-de-las-redes-sociales","status":"publish","type":"post","link":"https:\/\/stacatarina.mx\/consejos\/nuestra-atencion-cayo-a-solo-8-segundos-pero-no-es-solo-culpa-de-las-redes-sociales\/","title":{"rendered":"Nuestra atenci\u00f3n cay\u00f3 a solo 8 segundos (pero no es solo culpa de las redes sociales)"},"content":{"rendered":"<p><\/p>\n<p>Le pasa a todos. Est\u00e1s leyendo un art\u00edculo, pero despu\u00e9s de algunas l\u00edneas, la mente deambula en otro lugar. Empiezas a pensar en otra cosa, tomar el tel\u00e9fono en tu mano, abrir otra tarjeta y te encuentras temblando sin darte cuenta. Durante a\u00f1os hemos escuchado que nuestra capacidad de atenci\u00f3n se ha reducido dr\u00e1sticamente, y algunos datos parecen confirmarlo. Microsoft, en un estudio de 2015, calcul\u00f3 que el umbral de atenci\u00f3n promedio cay\u00f3 de 12 a 8 segundos, especialmente en los j\u00f3venes de la Generaci\u00f3n Z.<\/p>\n<p>Ocho segundos. Muy poco tiempo. Sin embargo, es la duraci\u00f3n que, seg\u00fan una regla de la UEFA reciente, deber\u00eda ser suficiente para que un portero se deshaga del bal\u00f3n. Si excede este l\u00edmite, el equipo contrario recibe un tiro de esquina. El objetivo de la regla es evitar la p\u00e9rdida de tiempo, pero el hecho curioso es que tambi\u00e9n podr\u00eda reflejar datos m\u00e1s amplios: ocho segundos es quiz\u00e1s tambi\u00e9n el tiempo m\u00e1ximo en el que podemos mantener el cuidado cuando no sucede nada.<\/p>\n<p>Pero antes de pensar que todos nos hemos vuelto incapaces de concentrarnos, es importante comprender c\u00f3mo funciona realmente la atenci\u00f3n. Y, sobre todo, sepa que a\u00fan podemos hacer algo para mejorarlo.<\/p>\n<h2>No hay solo un tipo de atenci\u00f3n<\/h2>\n<p>El t\u00e9rmino &#8220;atenci\u00f3n&#8221; parece simple, pero en realidad es un conjunto de procesos mentales diferentes. Seg\u00fan la situaci\u00f3n, utilizamos diferentes tipos de atenci\u00f3n, que involucran \u00e1reas distintas del cerebro. Cuando un portero mira el campo para comprender a qui\u00e9n pasar la pelota, active una forma de atenci\u00f3n llamada &#8220;escaneo visual&#8221;. Significa observar el entorno r\u00e1pidamente, comprendiendo la informaci\u00f3n esencial para tomar una decisi\u00f3n r\u00e1pida.<\/p>\n<p>Un estudio realizado en los jugadores de la Premier League ha demostrado que un escaneo visual que dura unos diez segundos puede mejorar ligeramente el rendimiento. Los jugadores m\u00e1s experimentados tienden a observar el campo por m\u00e1s tiempo que los dem\u00e1s, excepto en momentos de fuerte presi\u00f3n por parte de los oponentes. Este tipo de atenci\u00f3n, utilizada en tiempo real durante la acci\u00f3n, se llama &#8220;cognici\u00f3n caliente&#8221;, un proceso intuitivo influenciado por emociones, similar al instinto llamado SO.<\/p>\n<p>La &#8220;cognici\u00f3n fr\u00eda&#8221;, por otro lado, es la que usamos cuando reflexionamos con calma, planificamos o tomamos decisiones racionales. Es el tipo de atenci\u00f3n activada durante una reuni\u00f3n, cuando analizamos un problema, o incluso cuando un personal t\u00e9cnico estudia un juego revisando las im\u00e1genes con una mente fr\u00eda. Las dos formas son diferentes, pero ambos fundamentales.<\/p>\n<p>Incluso cuando conocemos a una persona por primera vez, usamos atenci\u00f3n r\u00e1pida y emocional. Inmediatamente formamos una impresi\u00f3n, a menudo vinculada a la apariencia o una expresi\u00f3n de la cara. Es una evaluaci\u00f3n inmediata, que puede cambiar con el tiempo gracias a una atenci\u00f3n m\u00e1s profunda, sostenida y racional. Esto es lo que sucede, por ejemplo, en &#8220;Orgullo y prejuicio&#8221; de Jane Austen, donde las impresiones iniciales entre Darcy y Elizabeth Bennet se transforman solo despu\u00e9s de haber conocido mejor al otro.<\/p>\n<p>El cerebro, por lo tanto, no siempre funciona de la misma manera. Se activan diferentes \u00e1reas de acuerdo con el tipo de atenci\u00f3n requerida. La corteza prefrontal ventromedial est\u00e1 involucrada en decisiones emocionales, mientras que la dorsolateral se activa en los procesos m\u00e1s l\u00f3gicos. Tambi\u00e9n por esta raz\u00f3n, no tiene sentido hablar de una sola atenci\u00f3n que se deteriore.<\/p>\n<h2>La motivaci\u00f3n hace la diferencia<\/h2>\n<p>Si la atenci\u00f3n promedio se detiene a los ocho segundos, \u00bfc\u00f3mo es posible que millones de personas escuchen podcasts de una hora o lean novelas durante horas enteras? La respuesta est\u00e1 en la motivaci\u00f3n. Cuando estamos realmente interesados \u200b\u200ben un tema, logramos mantener la concentraci\u00f3n mucho m\u00e1s tiempo. Y esto se aplica a todos, no solo para aquellos que tienen una excelente memoria o una disciplina de hierro.<\/p>\n<p>Un ejemplo concreto proviene del mundo de la escuela. Muchos padres se preguntan por qu\u00e9 sus hijos no pueden concentrarse en la tarea, pero luego pasan horas jugando la computadora. Aqu\u00ed tambi\u00e9n, la clave est\u00e1 en la participaci\u00f3n emocional. Cuando una actividad se divierte, apasiona o estimula un desaf\u00edo, la mente se enfoca naturalmente. No es una cuesti\u00f3n de fuerza de voluntad, sino de activar las \u00e1reas cerebrales correctas.<\/p>\n<p>Incluso en el aprendizaje formal, la forma en que se transmite un contenido puede marcar la diferencia. La investigaci\u00f3n realizada en estudiantes de medicina ha demostrado que la informaci\u00f3n presentada entre el minuto 15 y el 30 de una lecci\u00f3n son las que se recuerdan mejor. Por el contrario, el material expuesto en los primeros minutos a menudo se olvida. Esto sugiere que no es solo la duraci\u00f3n para contar, sino tambi\u00e9n c\u00f3mo se estructura el contenido.<\/p>\n<p>Otra figura interesante se refiere a la posici\u00f3n de los estudiantes en el aula. Aquellos que se sientan al frente tienden a recordar m\u00e1s que aquellos que est\u00e1n en las \u00faltimas filas. Pero m\u00e1s que una ventaja visual, esta diferencia podr\u00eda reflejar el grado de motivaci\u00f3n inicial.<\/p>\n<p>Seg\u00fan el investigador Neil Bradbury, la combinaci\u00f3n de la pasi\u00f3n del maestro, la calidad del contenido y la capacidad de estimular la curiosidad y la emoci\u00f3n es esencial para mantener la atenci\u00f3n. No es suficiente explicar bien, tambi\u00e9n debe saber qu\u00e9 puede interesar realmente a quienes escuchan, palabras alternativas, im\u00e1genes, historias y descansos que permiten que la mente reelabore.<\/p>\n<p>Si queremos mejorar nuestra atenci\u00f3n, debemos comenzar a considerarnos una parte activa del proceso. Nuestro cerebro es pl\u00e1stico: se adapta al medio ambiente, pero tambi\u00e9n puede ser entrenado. Elegir contenido que nos apasione, reduciendo las distracciones, el cambio de ritmo entre las actividades, son estrategias simples pero efectivas.<\/p>\n<p>No es una cuesti\u00f3n de recuperar un presunto pasado ideal en el que fuimos m\u00e1s cuidadosos. M\u00e1s bien, se trata de comprender qu\u00e9 nos involucra hoy, en el contexto en el que vivimos, y aprendemos a proteger y estimular nuestra atenci\u00f3n conscientemente.<\/p><\/p>\n","protected":false},"excerpt":{"rendered":"<p>Le pasa a todos. Est\u00e1s leyendo un art\u00edculo, pero despu\u00e9s de algunas l\u00edneas, la mente deambula en otro lugar. Empiezas a pensar en otra cosa,<\/p>\n","protected":false},"author":1,"featured_media":5348,"comment_status":"closed","ping_status":"","sticky":false,"template":"","format":"standard","meta":{"footnotes":""},"categories":[762],"tags":[1831,6000,233,34,1103,165,2817,4384,2818,628],"class_list":["post-5347","post","type-post","status-publish","format-standard","has-post-thumbnail","hentry","category-salud","tag-atencion","tag-cayo","tag-culpa","tag-las","tag-nuestra","tag-pero","tag-redes","tag-segundos","tag-sociales","tag-solo","generate-columns","tablet-grid-50","mobile-grid-100","grid-parent","grid-50"],"yoast_head":"<!-- This site is optimized with the Yoast SEO plugin v23.4 - https:\/\/yoast.com\/wordpress\/plugins\/seo\/ -->\n<title>Nuestra atenci\u00f3n cay\u00f3 a solo 8 segundos (pero no es solo culpa de las redes sociales) - Consejos - Santa Catarina<\/title>\n<meta name=\"robots\" content=\"index, follow, max-snippet:-1, max-image-preview:large, max-video-preview:-1\" \/>\n<link rel=\"canonical\" href=\"https:\/\/stacatarina.mx\/consejos\/nuestra-atencion-cayo-a-solo-8-segundos-pero-no-es-solo-culpa-de-las-redes-sociales\/\" \/>\n<meta property=\"og:locale\" content=\"es_MX\" \/>\n<meta property=\"og:type\" content=\"article\" \/>\n<meta property=\"og:title\" content=\"Nuestra atenci\u00f3n cay\u00f3 a solo 8 segundos (pero no es solo culpa de las redes sociales) - Consejos - Santa Catarina\" \/>\n<meta property=\"og:description\" content=\"Le pasa a todos. Est\u00e1s leyendo un art\u00edculo, pero despu\u00e9s de algunas l\u00edneas, la mente deambula en otro lugar. Empiezas a pensar en otra cosa,\" \/>\n<meta property=\"og:url\" content=\"https:\/\/stacatarina.mx\/consejos\/nuestra-atencion-cayo-a-solo-8-segundos-pero-no-es-solo-culpa-de-las-redes-sociales\/\" \/>\n<meta property=\"og:site_name\" content=\"Santa Catarina\" \/>\n<meta property=\"article:publisher\" content=\"https:\/\/www.facebook.com\/stacatarinagob\/\" \/>\n<meta property=\"article:published_time\" content=\"2025-09-14T06:24:37+00:00\" \/>\n<meta property=\"article:modified_time\" content=\"2025-09-14T06:24:39+00:00\" \/>\n<meta property=\"og:image\" content=\"https:\/\/stacatarina.mx\/consejos\/wp-content\/uploads\/2025\/09\/1757831078_Nuestra-atencion-cayo-a-solo-8-segundos-pero-no-es.jpg\" \/>\n\t<meta property=\"og:image:width\" content=\"1500\" \/>\n\t<meta property=\"og:image:height\" content=\"1000\" \/>\n\t<meta property=\"og:image:type\" content=\"image\/jpeg\" \/>\n<meta name=\"author\" content=\"Pedro Mart\u00ednez\" \/>\n<meta name=\"twitter:card\" content=\"summary_large_image\" \/>\n<meta name=\"twitter:creator\" content=\"@stacatarinagob\" \/>\n<meta name=\"twitter:site\" content=\"@stacatarinagob\" \/>\n<meta name=\"twitter:label1\" content=\"Escrito por\" \/>\n\t<meta name=\"twitter:data1\" content=\"Pedro Mart\u00ednez\" \/>\n\t<meta name=\"twitter:label2\" content=\"Tiempo de lectura\" \/>\n\t<meta name=\"twitter:data2\" content=\"5 minutos\" \/>\n<script type=\"application\/ld+json\" class=\"yoast-schema-graph\">{\"@context\":\"https:\/\/schema.org\",\"@graph\":[{\"@type\":\"Article\",\"@id\":\"https:\/\/stacatarina.mx\/consejos\/nuestra-atencion-cayo-a-solo-8-segundos-pero-no-es-solo-culpa-de-las-redes-sociales\/#article\",\"isPartOf\":{\"@id\":\"https:\/\/stacatarina.mx\/consejos\/nuestra-atencion-cayo-a-solo-8-segundos-pero-no-es-solo-culpa-de-las-redes-sociales\/\"},\"author\":{\"name\":\"Pedro Mart\u00ednez\",\"@id\":\"https:\/\/stacatarina.mx\/consejos\/#\/schema\/person\/0be60adffa8e4c4d0828fdf021450e8a\"},\"headline\":\"Nuestra atenci\u00f3n cay\u00f3 a solo 8 segundos (pero no es solo culpa de las redes sociales)\",\"datePublished\":\"2025-09-14T06:24:37+00:00\",\"dateModified\":\"2025-09-14T06:24:39+00:00\",\"mainEntityOfPage\":{\"@id\":\"https:\/\/stacatarina.mx\/consejos\/nuestra-atencion-cayo-a-solo-8-segundos-pero-no-es-solo-culpa-de-las-redes-sociales\/\"},\"wordCount\":1074,\"publisher\":{\"@id\":\"https:\/\/stacatarina.mx\/consejos\/#organization\"},\"image\":{\"@id\":\"https:\/\/stacatarina.mx\/consejos\/nuestra-atencion-cayo-a-solo-8-segundos-pero-no-es-solo-culpa-de-las-redes-sociales\/#primaryimage\"},\"thumbnailUrl\":\"https:\/\/stacatarina.mx\/consejos\/wp-content\/uploads\/2025\/09\/1757831078_Nuestra-atencion-cayo-a-solo-8-segundos-pero-no-es.jpg\",\"keywords\":[\"atenci\u00f3n\",\"cay\u00f3\",\"culpa\",\"Las\",\"nuestra\",\"pero\",\"redes\",\"segundos\",\"sociales\",\"solo\"],\"articleSection\":[\"Salud\"],\"inLanguage\":\"es\"},{\"@type\":\"WebPage\",\"@id\":\"https:\/\/stacatarina.mx\/consejos\/nuestra-atencion-cayo-a-solo-8-segundos-pero-no-es-solo-culpa-de-las-redes-sociales\/\",\"url\":\"https:\/\/stacatarina.mx\/consejos\/nuestra-atencion-cayo-a-solo-8-segundos-pero-no-es-solo-culpa-de-las-redes-sociales\/\",\"name\":\"Nuestra atenci\u00f3n cay\u00f3 a solo 8 segundos (pero no es solo culpa de las redes sociales) - Consejos - Santa Catarina\",\"isPartOf\":{\"@id\":\"https:\/\/stacatarina.mx\/consejos\/#website\"},\"primaryImageOfPage\":{\"@id\":\"https:\/\/stacatarina.mx\/consejos\/nuestra-atencion-cayo-a-solo-8-segundos-pero-no-es-solo-culpa-de-las-redes-sociales\/#primaryimage\"},\"image\":{\"@id\":\"https:\/\/stacatarina.mx\/consejos\/nuestra-atencion-cayo-a-solo-8-segundos-pero-no-es-solo-culpa-de-las-redes-sociales\/#primaryimage\"},\"thumbnailUrl\":\"https:\/\/stacatarina.mx\/consejos\/wp-content\/uploads\/2025\/09\/1757831078_Nuestra-atencion-cayo-a-solo-8-segundos-pero-no-es.jpg\",\"datePublished\":\"2025-09-14T06:24:37+00:00\",\"dateModified\":\"2025-09-14T06:24:39+00:00\",\"breadcrumb\":{\"@id\":\"https:\/\/stacatarina.mx\/consejos\/nuestra-atencion-cayo-a-solo-8-segundos-pero-no-es-solo-culpa-de-las-redes-sociales\/#breadcrumb\"},\"inLanguage\":\"es\",\"potentialAction\":[{\"@type\":\"ReadAction\",\"target\":[\"https:\/\/stacatarina.mx\/consejos\/nuestra-atencion-cayo-a-solo-8-segundos-pero-no-es-solo-culpa-de-las-redes-sociales\/\"]}]},{\"@type\":\"ImageObject\",\"inLanguage\":\"es\",\"@id\":\"https:\/\/stacatarina.mx\/consejos\/nuestra-atencion-cayo-a-solo-8-segundos-pero-no-es-solo-culpa-de-las-redes-sociales\/#primaryimage\",\"url\":\"https:\/\/stacatarina.mx\/consejos\/wp-content\/uploads\/2025\/09\/1757831078_Nuestra-atencion-cayo-a-solo-8-segundos-pero-no-es.jpg\",\"contentUrl\":\"https:\/\/stacatarina.mx\/consejos\/wp-content\/uploads\/2025\/09\/1757831078_Nuestra-atencion-cayo-a-solo-8-segundos-pero-no-es.jpg\",\"width\":1500,\"height\":1000,\"caption\":\"concentrazione\"},{\"@type\":\"BreadcrumbList\",\"@id\":\"https:\/\/stacatarina.mx\/consejos\/nuestra-atencion-cayo-a-solo-8-segundos-pero-no-es-solo-culpa-de-las-redes-sociales\/#breadcrumb\",\"itemListElement\":[{\"@type\":\"ListItem\",\"position\":1,\"name\":\"Inicio\",\"item\":\"https:\/\/stacatarina.mx\/consejos\/\"},{\"@type\":\"ListItem\",\"position\":2,\"name\":\"Nuestra atenci\u00f3n cay\u00f3 a solo 8 segundos (pero no es solo culpa de las redes sociales)\"}]},{\"@type\":\"WebSite\",\"@id\":\"https:\/\/stacatarina.mx\/consejos\/#website\",\"url\":\"https:\/\/stacatarina.mx\/consejos\/\",\"name\":\"Santa Catarina\",\"description\":\"\",\"publisher\":{\"@id\":\"https:\/\/stacatarina.mx\/consejos\/#organization\"},\"potentialAction\":[{\"@type\":\"SearchAction\",\"target\":{\"@type\":\"EntryPoint\",\"urlTemplate\":\"https:\/\/stacatarina.mx\/consejos\/?s={search_term_string}\"},\"query-input\":{\"@type\":\"PropertyValueSpecification\",\"valueRequired\":true,\"valueName\":\"search_term_string\"}}],\"inLanguage\":\"es\"},{\"@type\":\"Organization\",\"@id\":\"https:\/\/stacatarina.mx\/consejos\/#organization\",\"name\":\"Santa Catarina\",\"url\":\"https:\/\/stacatarina.mx\/consejos\/\",\"logo\":{\"@type\":\"ImageObject\",\"inLanguage\":\"es\",\"@id\":\"https:\/\/stacatarina.mx\/consejos\/#\/schema\/logo\/image\/\",\"url\":\"https:\/\/stacatarina.mx\/consejos\/wp-content\/uploads\/2024\/09\/cropped-favicon-1-1.png\",\"contentUrl\":\"https:\/\/stacatarina.mx\/consejos\/wp-content\/uploads\/2024\/09\/cropped-favicon-1-1.png\",\"width\":512,\"height\":512,\"caption\":\"Santa Catarina\"},\"image\":{\"@id\":\"https:\/\/stacatarina.mx\/consejos\/#\/schema\/logo\/image\/\"},\"sameAs\":[\"https:\/\/www.facebook.com\/stacatarinagob\/\",\"https:\/\/x.com\/stacatarinagob\",\"https:\/\/www.instagram.com\/stacatarinagob\/\",\"https:\/\/www.youtube.com\/channel\/UCK-6cQJL_904665N1_nLTWw\"]},{\"@type\":\"Person\",\"@id\":\"https:\/\/stacatarina.mx\/consejos\/#\/schema\/person\/0be60adffa8e4c4d0828fdf021450e8a\",\"name\":\"Pedro Mart\u00ednez\",\"image\":{\"@type\":\"ImageObject\",\"inLanguage\":\"es\",\"@id\":\"https:\/\/stacatarina.mx\/consejos\/#\/schema\/person\/image\/\",\"url\":\"https:\/\/stacatarina.mx\/consejos\/wp-content\/uploads\/2024\/09\/stacatarina.jpg\",\"contentUrl\":\"https:\/\/stacatarina.mx\/consejos\/wp-content\/uploads\/2024\/09\/stacatarina.jpg\",\"caption\":\"Pedro Mart\u00ednez\"},\"description\":\"Hola, soy Pedro Mart\u00ednez, redactor jefe del sitio oficial del ayuntamiento de Santa Catarina, en M\u00e9xico. Con m\u00e1s de diez a\u00f1os de experiencia en el periodismo local, tengo una pasi\u00f3n por la investigaci\u00f3n y la difusi\u00f3n de informaci\u00f3n que valoriza nuestra hermosa comunidad. Mi compromiso es hacer de Santa Catarina una referencia en materia de transparencia y comunicaci\u00f3n municipal.\",\"sameAs\":[\"https:\/\/stacatarina.mx\/\"]}]}<\/script>\n<!-- \/ Yoast SEO plugin. -->","yoast_head_json":{"title":"Nuestra atenci\u00f3n cay\u00f3 a solo 8 segundos (pero no es solo culpa de las redes sociales) - Consejos - Santa Catarina","robots":{"index":"index","follow":"follow","max-snippet":"max-snippet:-1","max-image-preview":"max-image-preview:large","max-video-preview":"max-video-preview:-1"},"canonical":"https:\/\/stacatarina.mx\/consejos\/nuestra-atencion-cayo-a-solo-8-segundos-pero-no-es-solo-culpa-de-las-redes-sociales\/","og_locale":"es_MX","og_type":"article","og_title":"Nuestra atenci\u00f3n cay\u00f3 a solo 8 segundos (pero no es solo culpa de las redes sociales) - Consejos - Santa Catarina","og_description":"Le pasa a todos. Est\u00e1s leyendo un art\u00edculo, pero despu\u00e9s de algunas l\u00edneas, la mente deambula en otro lugar. Empiezas a pensar en otra cosa,","og_url":"https:\/\/stacatarina.mx\/consejos\/nuestra-atencion-cayo-a-solo-8-segundos-pero-no-es-solo-culpa-de-las-redes-sociales\/","og_site_name":"Santa Catarina","article_publisher":"https:\/\/www.facebook.com\/stacatarinagob\/","article_published_time":"2025-09-14T06:24:37+00:00","article_modified_time":"2025-09-14T06:24:39+00:00","og_image":[{"width":1500,"height":1000,"url":"https:\/\/stacatarina.mx\/consejos\/wp-content\/uploads\/2025\/09\/1757831078_Nuestra-atencion-cayo-a-solo-8-segundos-pero-no-es.jpg","type":"image\/jpeg"}],"author":"Pedro Mart\u00ednez","twitter_card":"summary_large_image","twitter_creator":"@stacatarinagob","twitter_site":"@stacatarinagob","twitter_misc":{"Escrito por":"Pedro Mart\u00ednez","Tiempo de lectura":"5 minutos"},"schema":{"@context":"https:\/\/schema.org","@graph":[{"@type":"Article","@id":"https:\/\/stacatarina.mx\/consejos\/nuestra-atencion-cayo-a-solo-8-segundos-pero-no-es-solo-culpa-de-las-redes-sociales\/#article","isPartOf":{"@id":"https:\/\/stacatarina.mx\/consejos\/nuestra-atencion-cayo-a-solo-8-segundos-pero-no-es-solo-culpa-de-las-redes-sociales\/"},"author":{"name":"Pedro Mart\u00ednez","@id":"https:\/\/stacatarina.mx\/consejos\/#\/schema\/person\/0be60adffa8e4c4d0828fdf021450e8a"},"headline":"Nuestra atenci\u00f3n cay\u00f3 a solo 8 segundos (pero no es solo culpa de las redes sociales)","datePublished":"2025-09-14T06:24:37+00:00","dateModified":"2025-09-14T06:24:39+00:00","mainEntityOfPage":{"@id":"https:\/\/stacatarina.mx\/consejos\/nuestra-atencion-cayo-a-solo-8-segundos-pero-no-es-solo-culpa-de-las-redes-sociales\/"},"wordCount":1074,"publisher":{"@id":"https:\/\/stacatarina.mx\/consejos\/#organization"},"image":{"@id":"https:\/\/stacatarina.mx\/consejos\/nuestra-atencion-cayo-a-solo-8-segundos-pero-no-es-solo-culpa-de-las-redes-sociales\/#primaryimage"},"thumbnailUrl":"https:\/\/stacatarina.mx\/consejos\/wp-content\/uploads\/2025\/09\/1757831078_Nuestra-atencion-cayo-a-solo-8-segundos-pero-no-es.jpg","keywords":["atenci\u00f3n","cay\u00f3","culpa","Las","nuestra","pero","redes","segundos","sociales","solo"],"articleSection":["Salud"],"inLanguage":"es"},{"@type":"WebPage","@id":"https:\/\/stacatarina.mx\/consejos\/nuestra-atencion-cayo-a-solo-8-segundos-pero-no-es-solo-culpa-de-las-redes-sociales\/","url":"https:\/\/stacatarina.mx\/consejos\/nuestra-atencion-cayo-a-solo-8-segundos-pero-no-es-solo-culpa-de-las-redes-sociales\/","name":"Nuestra atenci\u00f3n cay\u00f3 a solo 8 segundos (pero no es solo culpa de las redes sociales) - Consejos - Santa Catarina","isPartOf":{"@id":"https:\/\/stacatarina.mx\/consejos\/#website"},"primaryImageOfPage":{"@id":"https:\/\/stacatarina.mx\/consejos\/nuestra-atencion-cayo-a-solo-8-segundos-pero-no-es-solo-culpa-de-las-redes-sociales\/#primaryimage"},"image":{"@id":"https:\/\/stacatarina.mx\/consejos\/nuestra-atencion-cayo-a-solo-8-segundos-pero-no-es-solo-culpa-de-las-redes-sociales\/#primaryimage"},"thumbnailUrl":"https:\/\/stacatarina.mx\/consejos\/wp-content\/uploads\/2025\/09\/1757831078_Nuestra-atencion-cayo-a-solo-8-segundos-pero-no-es.jpg","datePublished":"2025-09-14T06:24:37+00:00","dateModified":"2025-09-14T06:24:39+00:00","breadcrumb":{"@id":"https:\/\/stacatarina.mx\/consejos\/nuestra-atencion-cayo-a-solo-8-segundos-pero-no-es-solo-culpa-de-las-redes-sociales\/#breadcrumb"},"inLanguage":"es","potentialAction":[{"@type":"ReadAction","target":["https:\/\/stacatarina.mx\/consejos\/nuestra-atencion-cayo-a-solo-8-segundos-pero-no-es-solo-culpa-de-las-redes-sociales\/"]}]},{"@type":"ImageObject","inLanguage":"es","@id":"https:\/\/stacatarina.mx\/consejos\/nuestra-atencion-cayo-a-solo-8-segundos-pero-no-es-solo-culpa-de-las-redes-sociales\/#primaryimage","url":"https:\/\/stacatarina.mx\/consejos\/wp-content\/uploads\/2025\/09\/1757831078_Nuestra-atencion-cayo-a-solo-8-segundos-pero-no-es.jpg","contentUrl":"https:\/\/stacatarina.mx\/consejos\/wp-content\/uploads\/2025\/09\/1757831078_Nuestra-atencion-cayo-a-solo-8-segundos-pero-no-es.jpg","width":1500,"height":1000,"caption":"concentrazione"},{"@type":"BreadcrumbList","@id":"https:\/\/stacatarina.mx\/consejos\/nuestra-atencion-cayo-a-solo-8-segundos-pero-no-es-solo-culpa-de-las-redes-sociales\/#breadcrumb","itemListElement":[{"@type":"ListItem","position":1,"name":"Inicio","item":"https:\/\/stacatarina.mx\/consejos\/"},{"@type":"ListItem","position":2,"name":"Nuestra atenci\u00f3n cay\u00f3 a solo 8 segundos (pero no es solo culpa de las redes sociales)"}]},{"@type":"WebSite","@id":"https:\/\/stacatarina.mx\/consejos\/#website","url":"https:\/\/stacatarina.mx\/consejos\/","name":"Santa Catarina","description":"","publisher":{"@id":"https:\/\/stacatarina.mx\/consejos\/#organization"},"potentialAction":[{"@type":"SearchAction","target":{"@type":"EntryPoint","urlTemplate":"https:\/\/stacatarina.mx\/consejos\/?s={search_term_string}"},"query-input":{"@type":"PropertyValueSpecification","valueRequired":true,"valueName":"search_term_string"}}],"inLanguage":"es"},{"@type":"Organization","@id":"https:\/\/stacatarina.mx\/consejos\/#organization","name":"Santa Catarina","url":"https:\/\/stacatarina.mx\/consejos\/","logo":{"@type":"ImageObject","inLanguage":"es","@id":"https:\/\/stacatarina.mx\/consejos\/#\/schema\/logo\/image\/","url":"https:\/\/stacatarina.mx\/consejos\/wp-content\/uploads\/2024\/09\/cropped-favicon-1-1.png","contentUrl":"https:\/\/stacatarina.mx\/consejos\/wp-content\/uploads\/2024\/09\/cropped-favicon-1-1.png","width":512,"height":512,"caption":"Santa Catarina"},"image":{"@id":"https:\/\/stacatarina.mx\/consejos\/#\/schema\/logo\/image\/"},"sameAs":["https:\/\/www.facebook.com\/stacatarinagob\/","https:\/\/x.com\/stacatarinagob","https:\/\/www.instagram.com\/stacatarinagob\/","https:\/\/www.youtube.com\/channel\/UCK-6cQJL_904665N1_nLTWw"]},{"@type":"Person","@id":"https:\/\/stacatarina.mx\/consejos\/#\/schema\/person\/0be60adffa8e4c4d0828fdf021450e8a","name":"Pedro Mart\u00ednez","image":{"@type":"ImageObject","inLanguage":"es","@id":"https:\/\/stacatarina.mx\/consejos\/#\/schema\/person\/image\/","url":"https:\/\/stacatarina.mx\/consejos\/wp-content\/uploads\/2024\/09\/stacatarina.jpg","contentUrl":"https:\/\/stacatarina.mx\/consejos\/wp-content\/uploads\/2024\/09\/stacatarina.jpg","caption":"Pedro Mart\u00ednez"},"description":"Hola, soy Pedro Mart\u00ednez, redactor jefe del sitio oficial del ayuntamiento de Santa Catarina, en M\u00e9xico. Con m\u00e1s de diez a\u00f1os de experiencia en el periodismo local, tengo una pasi\u00f3n por la investigaci\u00f3n y la difusi\u00f3n de informaci\u00f3n que valoriza nuestra hermosa comunidad. Mi compromiso es hacer de Santa Catarina una referencia en materia de transparencia y comunicaci\u00f3n municipal.","sameAs":["https:\/\/stacatarina.mx\/"]}]}},"_links":{"self":[{"href":"https:\/\/stacatarina.mx\/consejos\/wp-json\/wp\/v2\/posts\/5347"}],"collection":[{"href":"https:\/\/stacatarina.mx\/consejos\/wp-json\/wp\/v2\/posts"}],"about":[{"href":"https:\/\/stacatarina.mx\/consejos\/wp-json\/wp\/v2\/types\/post"}],"author":[{"embeddable":true,"href":"https:\/\/stacatarina.mx\/consejos\/wp-json\/wp\/v2\/users\/1"}],"replies":[{"embeddable":true,"href":"https:\/\/stacatarina.mx\/consejos\/wp-json\/wp\/v2\/comments?post=5347"}],"version-history":[{"count":1,"href":"https:\/\/stacatarina.mx\/consejos\/wp-json\/wp\/v2\/posts\/5347\/revisions"}],"predecessor-version":[{"id":5349,"href":"https:\/\/stacatarina.mx\/consejos\/wp-json\/wp\/v2\/posts\/5347\/revisions\/5349"}],"wp:featuredmedia":[{"embeddable":true,"href":"https:\/\/stacatarina.mx\/consejos\/wp-json\/wp\/v2\/media\/5348"}],"wp:attachment":[{"href":"https:\/\/stacatarina.mx\/consejos\/wp-json\/wp\/v2\/media?parent=5347"}],"wp:term":[{"taxonomy":"category","embeddable":true,"href":"https:\/\/stacatarina.mx\/consejos\/wp-json\/wp\/v2\/categories?post=5347"},{"taxonomy":"post_tag","embeddable":true,"href":"https:\/\/stacatarina.mx\/consejos\/wp-json\/wp\/v2\/tags?post=5347"}],"curies":[{"name":"wp","href":"https:\/\/api.w.org\/{rel}","templated":true}]}}