{"id":5350,"date":"2025-09-14T01:25:36","date_gmt":"2025-09-14T07:25:36","guid":{"rendered":"https:\/\/stacatarina.mx\/consejos\/las-senales-de-que-su-cuerpo-le-envia-a-fines-del-verano-y-que-ignoramos-puntualmente\/"},"modified":"2025-09-14T01:25:38","modified_gmt":"2025-09-14T07:25:38","slug":"las-senales-de-que-su-cuerpo-le-envia-a-fines-del-verano-y-que-ignoramos-puntualmente","status":"publish","type":"post","link":"https:\/\/stacatarina.mx\/consejos\/las-senales-de-que-su-cuerpo-le-envia-a-fines-del-verano-y-que-ignoramos-puntualmente\/","title":{"rendered":"Las se\u00f1ales de que su cuerpo le env\u00eda a fines del verano (y que ignoramos puntualmente)"},"content":{"rendered":"<p>Septiembre ha llegado y la situaci\u00f3n responde m\u00e1s o menos a lo siguiente: el despertador suena al mismo tiempo, pero levantarse de la cama parece un esfuerzo tit\u00e1nico. Durante el d\u00eda que lo arrastra con un cansancio de que el caf\u00e9 ya no puede conducir, el cabello permanece en el cepillo m\u00e1s de lo habitual, por la noche se derrumb\u00f3 en el sof\u00e1 a las nueve, pero cuando se acuesta.<\/p>\n<p>Si se describe, le parece familiar saber que no es la excepci\u00f3n. Millones de personas viven esta misma experiencia cada a\u00f1o, justo cuando el verano deja espacio para el oto\u00f1o. Tu cuerpo est\u00e1 tratando de decirte algo. \u00bfPero qu\u00e9 exactamente?<\/p>\n<h2>El cansancio que proviene de la nada<\/h2>\n<\/p>\n<p>La sensaci\u00f3n de cansancio debido al cambio de temporada tiene un gerente preciso: estamos hablando de la luz solar. Los d\u00edas se acortan, el sol antes y su cuerpo tiene que lidiar con un nuevo equilibrio hormonal. Los altos niveles de melatonina causan una disminuci\u00f3n de los niveles de serotonina, con la consiguiente apariencia de los siguientes s\u00edntomas: apat\u00eda, somnolencia y debilidad. Tu cuerpo produce m\u00e1s melatonina cuando hay menos luz, y esto explica por qu\u00e9 te sientes tan cansado incluso si has dormido ocho horas. Pero hay m\u00e1s: despu\u00e9s de meses de exposici\u00f3n al sol, el cloro de las piscinas y la sal del mar, su cuerpo ha consumido muchas energ\u00edas para protegerse y ahora presenta la cuenta.<\/p>\n<h2>P\u00e9rdida de cabello<\/h2>\n<p><img loading=\"lazy\" decoding=\"async\" class=\"alignnone size-full wp-image-1256100\" src=\"https:\/\/stacatarina.mx\/consejos\/wp-content\/uploads\/2025\/09\/1757834736_59_Las-senales-de-que-su-cuerpo-le-envia-a-fines.jpg\" alt=\"p\u00e9rdida de cabello\" width=\"1500\" height=\"1000\"><\/p>\n<p>Abra el escape de la ducha y lo encuentre obstruido, el cepillo est\u00e1 lleno de cabello. En la almohada por la ma\u00f1ana encuentras a otros. Seg\u00fan estudios recientes, las personas experimentan una p\u00e9rdida de cabello m\u00e1s significativa en el oto\u00f1o: el cabello ha sufrido un estr\u00e9s oxidativo real durante el verano, entre el sol, la sal y el cloro, todos los elementos que los han hecho m\u00e1s fr\u00e1giles y ahora pagan las consecuencias.<\/p>\n<h2>Dormir que no llega (o se vuelve malo)<\/h2>\n<p><img loading=\"lazy\" decoding=\"async\" class=\"alignnone size-full wp-image-1256104\" src=\"https:\/\/stacatarina.mx\/consejos\/wp-content\/uploads\/2025\/09\/1757834736_292_Las-senales-de-que-su-cuerpo-le-envia-a-fines.jpg\" alt=\"insomnio\" width=\"1500\" height=\"1000\"><\/p>\n<p>Te duermes frente a la televisi\u00f3n a las nueve de la noche, pero cuando te vas a la cama est\u00e1s completamente despierto. Te das la vuelta y te pones en la cama, te despiertas varias veces durante la noche y por la ma\u00f1ana est\u00e1s m\u00e1s cansado que cuando te fuiste a dormir.<br \/>\nLos cambios en la temperatura y la luz pueden interferir con la calidad del sue\u00f1o, causando dificultades en el sue\u00f1o, el insomnio y los despertares nocturnos, m\u00e1s o menos frecuentes. Su ritmo circadiano est\u00e1 tratando de adaptarse a la nueva relaci\u00f3n entre la luz y la oscuridad, y este proceso lleva tiempo.<\/p>\n<h2>El apetito que cambia<\/h2>\n<p><img decoding=\"async\" loading=\"lazy\" class=\"alignnone size-full wp-image-1256106\" src=\"https:\/\/stacatarina.mx\/consejos\/wp-content\/uploads\/2025\/09\/1757834736_642_Las-senales-de-que-su-cuerpo-le-envia-a-fines.jpg\" alt=\"Cambios de apetito\" width=\"1500\" height=\"1000\"><\/p>\n<p>De repente quieres carbohidratos. Pasta, pan, postres. Su cuerpo busca energ\u00eda inmediata para compensar el cansancio. Nuestro cuerpo podr\u00eda reaccionar ante la tristeza y la fatiga f\u00edsica pidiendo m\u00e1s alimentos, en particular los carbohidratos, generalmente asociados con alimentos satisfactorios para el est\u00f3mago y el estado de \u00e1nimo. Algunos pierden por completo el apetito, otros comen compulsivamente y ambas reacciones son normales, porque el cuerpo est\u00e1 tratando de encontrar el equilibrio correcto.<\/p>\n<h2>El estado de \u00e1nimo que hace las monta\u00f1as rusas<\/h2>\n<p><img decoding=\"async\" loading=\"lazy\" class=\"alignnone size-full wp-image-1256108\" src=\"https:\/\/stacatarina.mx\/consejos\/wp-content\/uploads\/2025\/09\/1757834736_948_Las-senales-de-que-su-cuerpo-le-envia-a-fines.jpg\" alt=\"maldito\" width=\"1500\" height=\"1000\"><\/p>\n<p>Desde un estado mental tranquilo pasa a un irritable, gru\u00f1\u00f3n, sin motivaciones reales. Lo m\u00e1s m\u00ednimo te molesta y la melancol\u00eda se hace cargo, tal vez mirando las fotos de las vacaciones. La disminuci\u00f3n en las horas de luz y exposici\u00f3n al sol juega un papel importante en todo esto: de hecho, conduce a una disminuci\u00f3n en los niveles de serotonina, la hormona que influye en el estado de \u00e1nimo, el apetito y el sue\u00f1o. No es depresi\u00f3n, es solo el cerebro que se est\u00e1 adaptando a los nuevos niveles de luz y los consiguientes cambios hormonales.<\/p>\n<h2>La concentraci\u00f3n todav\u00eda est\u00e1 de vacaciones<\/h2>\n<p><img decoding=\"async\" loading=\"lazy\" class=\"alignnone size-full wp-image-1256109\" src=\"https:\/\/stacatarina.mx\/consejos\/wp-content\/uploads\/2025\/09\/1757834736_66_Las-senales-de-que-su-cuerpo-le-envia-a-fines.jpg\" alt=\"Falta de concentraci\u00f3n\" width=\"1500\" height=\"1000\"><\/p>\n<p>En el trabajo, tiene dificultades para concentrarse, lea el mismo correo electr\u00f3nico varias veces, terminando olvidando algunas citas. La mente deambula continuamente: los s\u00edntomas t\u00edpicos del cambio de temporada pueden durar unos d\u00edas o durar incluso durante un per\u00edodo relativamente largo. \u00bfPor qu\u00e9 sucede todo esto? Su cerebro est\u00e1 usando energ\u00eda para adaptarse a los cambios estacionales, por lo que es normal que otras funciones se vean afectadas temporalmente.<\/p>\n<h2>Que se puede hacer<\/h2>\n<p>En primer lugar, reconozca estas se\u00f1ales por lo que son: mensajes de su cuerpo, no s\u00edntomas de enfermedad. Entonces, act\u00faa de manera inteligente.<\/p>\n<h2>Cuando preocuparse<\/h2>\n<p>Si los s\u00edntomas que se acaba de describir deber\u00edan durar m\u00e1s de un mes, interfire seriamente con su vida diaria y estuvo acompa\u00f1ado de una p\u00e9rdida de peso importante y otros s\u00edntomas inusuales, tendr\u00e1 que consultar a su m\u00e9dico. Otro cualquier s\u00edntoma a tener en cuenta, junto con Astenia, son la baja presi\u00f3n, el mal apetito y la confusi\u00f3n mental.<\/p>\n<p>El cambio de temporada es un desaf\u00edo para el cuerpo, que puede superarse, solo tienes que darle tiempo y apoyarlo de la manera correcta. Escuche sus se\u00f1ales en lugar de ignorarlas, porque su cuerpo sabe lo que est\u00e1 haciendo, as\u00ed que conf\u00ede en \u00e9l y act\u00fae en consecuencia.<\/p><\/p>\n","protected":false},"excerpt":{"rendered":"<p>Septiembre ha llegado y la situaci\u00f3n responde m\u00e1s o menos a lo siguiente: el despertador suena al mismo tiempo, pero levantarse de la cama parece<\/p>\n","protected":false},"author":1,"featured_media":5351,"comment_status":"closed","ping_status":"","sticky":false,"template":"","format":"standard","meta":{"footnotes":""},"categories":[762],"tags":[405,23,6001,5862,6002,34,6003,149,686],"class_list":["post-5350","post","type-post","status-publish","format-standard","has-post-thumbnail","hentry","category-salud","tag-cuerpo","tag-del","tag-envia","tag-fines","tag-ignoramos","tag-las","tag-puntualmente","tag-senales","tag-verano","generate-columns","tablet-grid-50","mobile-grid-100","grid-parent","grid-50"],"yoast_head":"<!-- This site is optimized with the Yoast SEO plugin v23.4 - https:\/\/yoast.com\/wordpress\/plugins\/seo\/ -->\n<title>Las se\u00f1ales de que su cuerpo le env\u00eda a fines del verano (y que ignoramos puntualmente) - Consejos - Santa Catarina<\/title>\n<meta name=\"robots\" content=\"index, follow, max-snippet:-1, max-image-preview:large, max-video-preview:-1\" \/>\n<link rel=\"canonical\" href=\"https:\/\/stacatarina.mx\/consejos\/las-senales-de-que-su-cuerpo-le-envia-a-fines-del-verano-y-que-ignoramos-puntualmente\/\" \/>\n<meta property=\"og:locale\" content=\"es_MX\" \/>\n<meta property=\"og:type\" content=\"article\" \/>\n<meta property=\"og:title\" content=\"Las se\u00f1ales de que su cuerpo le env\u00eda a fines del verano (y que ignoramos puntualmente) - Consejos - Santa Catarina\" \/>\n<meta property=\"og:description\" content=\"Septiembre ha llegado y la situaci\u00f3n responde m\u00e1s o menos a lo siguiente: el despertador suena al mismo tiempo, pero levantarse de la cama parece\" \/>\n<meta property=\"og:url\" content=\"https:\/\/stacatarina.mx\/consejos\/las-senales-de-que-su-cuerpo-le-envia-a-fines-del-verano-y-que-ignoramos-puntualmente\/\" \/>\n<meta property=\"og:site_name\" content=\"Santa Catarina\" \/>\n<meta property=\"article:publisher\" content=\"https:\/\/www.facebook.com\/stacatarinagob\/\" \/>\n<meta property=\"article:published_time\" content=\"2025-09-14T07:25:36+00:00\" \/>\n<meta property=\"article:modified_time\" content=\"2025-09-14T07:25:38+00:00\" \/>\n<meta property=\"og:image\" content=\"https:\/\/stacatarina.mx\/consejos\/wp-content\/uploads\/2025\/09\/1757834737_Las-senales-de-que-su-cuerpo-le-envia-a-fines.jpg\" \/>\n\t<meta property=\"og:image:width\" content=\"1500\" \/>\n\t<meta property=\"og:image:height\" content=\"1000\" \/>\n\t<meta property=\"og:image:type\" content=\"image\/jpeg\" \/>\n<meta name=\"author\" content=\"Pedro Mart\u00ednez\" \/>\n<meta name=\"twitter:card\" content=\"summary_large_image\" \/>\n<meta name=\"twitter:creator\" content=\"@stacatarinagob\" \/>\n<meta name=\"twitter:site\" content=\"@stacatarinagob\" \/>\n<meta name=\"twitter:label1\" content=\"Escrito por\" \/>\n\t<meta name=\"twitter:data1\" content=\"Pedro Mart\u00ednez\" \/>\n\t<meta name=\"twitter:label2\" content=\"Tiempo de lectura\" \/>\n\t<meta name=\"twitter:data2\" content=\"4 minutos\" \/>\n<script type=\"application\/ld+json\" class=\"yoast-schema-graph\">{\"@context\":\"https:\/\/schema.org\",\"@graph\":[{\"@type\":\"Article\",\"@id\":\"https:\/\/stacatarina.mx\/consejos\/las-senales-de-que-su-cuerpo-le-envia-a-fines-del-verano-y-que-ignoramos-puntualmente\/#article\",\"isPartOf\":{\"@id\":\"https:\/\/stacatarina.mx\/consejos\/las-senales-de-que-su-cuerpo-le-envia-a-fines-del-verano-y-que-ignoramos-puntualmente\/\"},\"author\":{\"name\":\"Pedro Mart\u00ednez\",\"@id\":\"https:\/\/stacatarina.mx\/consejos\/#\/schema\/person\/0be60adffa8e4c4d0828fdf021450e8a\"},\"headline\":\"Las se\u00f1ales de que su cuerpo le env\u00eda a fines del verano (y que ignoramos puntualmente)\",\"datePublished\":\"2025-09-14T07:25:36+00:00\",\"dateModified\":\"2025-09-14T07:25:38+00:00\",\"mainEntityOfPage\":{\"@id\":\"https:\/\/stacatarina.mx\/consejos\/las-senales-de-que-su-cuerpo-le-envia-a-fines-del-verano-y-que-ignoramos-puntualmente\/\"},\"wordCount\":911,\"publisher\":{\"@id\":\"https:\/\/stacatarina.mx\/consejos\/#organization\"},\"image\":{\"@id\":\"https:\/\/stacatarina.mx\/consejos\/las-senales-de-que-su-cuerpo-le-envia-a-fines-del-verano-y-que-ignoramos-puntualmente\/#primaryimage\"},\"thumbnailUrl\":\"https:\/\/stacatarina.mx\/consejos\/wp-content\/uploads\/2025\/09\/1757834737_Las-senales-de-que-su-cuerpo-le-envia-a-fines.jpg\",\"keywords\":[\"cuerpo\",\"del\",\"env\u00eda\",\"fines\",\"ignoramos\",\"Las\",\"puntualmente\",\"se\u00f1ales\",\"verano\"],\"articleSection\":[\"Salud\"],\"inLanguage\":\"es\"},{\"@type\":\"WebPage\",\"@id\":\"https:\/\/stacatarina.mx\/consejos\/las-senales-de-que-su-cuerpo-le-envia-a-fines-del-verano-y-que-ignoramos-puntualmente\/\",\"url\":\"https:\/\/stacatarina.mx\/consejos\/las-senales-de-que-su-cuerpo-le-envia-a-fines-del-verano-y-que-ignoramos-puntualmente\/\",\"name\":\"Las se\u00f1ales de que su cuerpo le env\u00eda a fines del verano (y que ignoramos puntualmente) - Consejos - Santa Catarina\",\"isPartOf\":{\"@id\":\"https:\/\/stacatarina.mx\/consejos\/#website\"},\"primaryImageOfPage\":{\"@id\":\"https:\/\/stacatarina.mx\/consejos\/las-senales-de-que-su-cuerpo-le-envia-a-fines-del-verano-y-que-ignoramos-puntualmente\/#primaryimage\"},\"image\":{\"@id\":\"https:\/\/stacatarina.mx\/consejos\/las-senales-de-que-su-cuerpo-le-envia-a-fines-del-verano-y-que-ignoramos-puntualmente\/#primaryimage\"},\"thumbnailUrl\":\"https:\/\/stacatarina.mx\/consejos\/wp-content\/uploads\/2025\/09\/1757834737_Las-senales-de-que-su-cuerpo-le-envia-a-fines.jpg\",\"datePublished\":\"2025-09-14T07:25:36+00:00\",\"dateModified\":\"2025-09-14T07:25:38+00:00\",\"breadcrumb\":{\"@id\":\"https:\/\/stacatarina.mx\/consejos\/las-senales-de-que-su-cuerpo-le-envia-a-fines-del-verano-y-que-ignoramos-puntualmente\/#breadcrumb\"},\"inLanguage\":\"es\",\"potentialAction\":[{\"@type\":\"ReadAction\",\"target\":[\"https:\/\/stacatarina.mx\/consejos\/las-senales-de-que-su-cuerpo-le-envia-a-fines-del-verano-y-que-ignoramos-puntualmente\/\"]}]},{\"@type\":\"ImageObject\",\"inLanguage\":\"es\",\"@id\":\"https:\/\/stacatarina.mx\/consejos\/las-senales-de-que-su-cuerpo-le-envia-a-fines-del-verano-y-que-ignoramos-puntualmente\/#primaryimage\",\"url\":\"https:\/\/stacatarina.mx\/consejos\/wp-content\/uploads\/2025\/09\/1757834737_Las-senales-de-que-su-cuerpo-le-envia-a-fines.jpg\",\"contentUrl\":\"https:\/\/stacatarina.mx\/consejos\/wp-content\/uploads\/2025\/09\/1757834737_Las-senales-de-que-su-cuerpo-le-envia-a-fines.jpg\",\"width\":1500,\"height\":1000,\"caption\":\"segnali cambio stagione\"},{\"@type\":\"BreadcrumbList\",\"@id\":\"https:\/\/stacatarina.mx\/consejos\/las-senales-de-que-su-cuerpo-le-envia-a-fines-del-verano-y-que-ignoramos-puntualmente\/#breadcrumb\",\"itemListElement\":[{\"@type\":\"ListItem\",\"position\":1,\"name\":\"Inicio\",\"item\":\"https:\/\/stacatarina.mx\/consejos\/\"},{\"@type\":\"ListItem\",\"position\":2,\"name\":\"Las se\u00f1ales de que su cuerpo le env\u00eda a fines del verano (y que ignoramos puntualmente)\"}]},{\"@type\":\"WebSite\",\"@id\":\"https:\/\/stacatarina.mx\/consejos\/#website\",\"url\":\"https:\/\/stacatarina.mx\/consejos\/\",\"name\":\"Santa Catarina\",\"description\":\"\",\"publisher\":{\"@id\":\"https:\/\/stacatarina.mx\/consejos\/#organization\"},\"potentialAction\":[{\"@type\":\"SearchAction\",\"target\":{\"@type\":\"EntryPoint\",\"urlTemplate\":\"https:\/\/stacatarina.mx\/consejos\/?s={search_term_string}\"},\"query-input\":{\"@type\":\"PropertyValueSpecification\",\"valueRequired\":true,\"valueName\":\"search_term_string\"}}],\"inLanguage\":\"es\"},{\"@type\":\"Organization\",\"@id\":\"https:\/\/stacatarina.mx\/consejos\/#organization\",\"name\":\"Santa Catarina\",\"url\":\"https:\/\/stacatarina.mx\/consejos\/\",\"logo\":{\"@type\":\"ImageObject\",\"inLanguage\":\"es\",\"@id\":\"https:\/\/stacatarina.mx\/consejos\/#\/schema\/logo\/image\/\",\"url\":\"https:\/\/stacatarina.mx\/consejos\/wp-content\/uploads\/2024\/09\/cropped-favicon-1-1.png\",\"contentUrl\":\"https:\/\/stacatarina.mx\/consejos\/wp-content\/uploads\/2024\/09\/cropped-favicon-1-1.png\",\"width\":512,\"height\":512,\"caption\":\"Santa Catarina\"},\"image\":{\"@id\":\"https:\/\/stacatarina.mx\/consejos\/#\/schema\/logo\/image\/\"},\"sameAs\":[\"https:\/\/www.facebook.com\/stacatarinagob\/\",\"https:\/\/x.com\/stacatarinagob\",\"https:\/\/www.instagram.com\/stacatarinagob\/\",\"https:\/\/www.youtube.com\/channel\/UCK-6cQJL_904665N1_nLTWw\"]},{\"@type\":\"Person\",\"@id\":\"https:\/\/stacatarina.mx\/consejos\/#\/schema\/person\/0be60adffa8e4c4d0828fdf021450e8a\",\"name\":\"Pedro Mart\u00ednez\",\"image\":{\"@type\":\"ImageObject\",\"inLanguage\":\"es\",\"@id\":\"https:\/\/stacatarina.mx\/consejos\/#\/schema\/person\/image\/\",\"url\":\"https:\/\/stacatarina.mx\/consejos\/wp-content\/uploads\/2024\/09\/stacatarina.jpg\",\"contentUrl\":\"https:\/\/stacatarina.mx\/consejos\/wp-content\/uploads\/2024\/09\/stacatarina.jpg\",\"caption\":\"Pedro Mart\u00ednez\"},\"description\":\"Hola, soy Pedro Mart\u00ednez, redactor jefe del sitio oficial del ayuntamiento de Santa Catarina, en M\u00e9xico. Con m\u00e1s de diez a\u00f1os de experiencia en el periodismo local, tengo una pasi\u00f3n por la investigaci\u00f3n y la difusi\u00f3n de informaci\u00f3n que valoriza nuestra hermosa comunidad. Mi compromiso es hacer de Santa Catarina una referencia en materia de transparencia y comunicaci\u00f3n municipal.\",\"sameAs\":[\"https:\/\/stacatarina.mx\/\"]}]}<\/script>\n<!-- \/ Yoast SEO plugin. -->","yoast_head_json":{"title":"Las se\u00f1ales de que su cuerpo le env\u00eda a fines del verano (y que ignoramos puntualmente) - Consejos - Santa Catarina","robots":{"index":"index","follow":"follow","max-snippet":"max-snippet:-1","max-image-preview":"max-image-preview:large","max-video-preview":"max-video-preview:-1"},"canonical":"https:\/\/stacatarina.mx\/consejos\/las-senales-de-que-su-cuerpo-le-envia-a-fines-del-verano-y-que-ignoramos-puntualmente\/","og_locale":"es_MX","og_type":"article","og_title":"Las se\u00f1ales de que su cuerpo le env\u00eda a fines del verano (y que ignoramos puntualmente) - Consejos - Santa Catarina","og_description":"Septiembre ha llegado y la situaci\u00f3n responde m\u00e1s o menos a lo siguiente: el despertador suena al mismo tiempo, pero levantarse de la cama parece","og_url":"https:\/\/stacatarina.mx\/consejos\/las-senales-de-que-su-cuerpo-le-envia-a-fines-del-verano-y-que-ignoramos-puntualmente\/","og_site_name":"Santa Catarina","article_publisher":"https:\/\/www.facebook.com\/stacatarinagob\/","article_published_time":"2025-09-14T07:25:36+00:00","article_modified_time":"2025-09-14T07:25:38+00:00","og_image":[{"width":1500,"height":1000,"url":"https:\/\/stacatarina.mx\/consejos\/wp-content\/uploads\/2025\/09\/1757834737_Las-senales-de-que-su-cuerpo-le-envia-a-fines.jpg","type":"image\/jpeg"}],"author":"Pedro Mart\u00ednez","twitter_card":"summary_large_image","twitter_creator":"@stacatarinagob","twitter_site":"@stacatarinagob","twitter_misc":{"Escrito por":"Pedro Mart\u00ednez","Tiempo de lectura":"4 minutos"},"schema":{"@context":"https:\/\/schema.org","@graph":[{"@type":"Article","@id":"https:\/\/stacatarina.mx\/consejos\/las-senales-de-que-su-cuerpo-le-envia-a-fines-del-verano-y-que-ignoramos-puntualmente\/#article","isPartOf":{"@id":"https:\/\/stacatarina.mx\/consejos\/las-senales-de-que-su-cuerpo-le-envia-a-fines-del-verano-y-que-ignoramos-puntualmente\/"},"author":{"name":"Pedro Mart\u00ednez","@id":"https:\/\/stacatarina.mx\/consejos\/#\/schema\/person\/0be60adffa8e4c4d0828fdf021450e8a"},"headline":"Las se\u00f1ales de que su cuerpo le env\u00eda a fines del verano (y que ignoramos puntualmente)","datePublished":"2025-09-14T07:25:36+00:00","dateModified":"2025-09-14T07:25:38+00:00","mainEntityOfPage":{"@id":"https:\/\/stacatarina.mx\/consejos\/las-senales-de-que-su-cuerpo-le-envia-a-fines-del-verano-y-que-ignoramos-puntualmente\/"},"wordCount":911,"publisher":{"@id":"https:\/\/stacatarina.mx\/consejos\/#organization"},"image":{"@id":"https:\/\/stacatarina.mx\/consejos\/las-senales-de-que-su-cuerpo-le-envia-a-fines-del-verano-y-que-ignoramos-puntualmente\/#primaryimage"},"thumbnailUrl":"https:\/\/stacatarina.mx\/consejos\/wp-content\/uploads\/2025\/09\/1757834737_Las-senales-de-que-su-cuerpo-le-envia-a-fines.jpg","keywords":["cuerpo","del","env\u00eda","fines","ignoramos","Las","puntualmente","se\u00f1ales","verano"],"articleSection":["Salud"],"inLanguage":"es"},{"@type":"WebPage","@id":"https:\/\/stacatarina.mx\/consejos\/las-senales-de-que-su-cuerpo-le-envia-a-fines-del-verano-y-que-ignoramos-puntualmente\/","url":"https:\/\/stacatarina.mx\/consejos\/las-senales-de-que-su-cuerpo-le-envia-a-fines-del-verano-y-que-ignoramos-puntualmente\/","name":"Las se\u00f1ales de que su cuerpo le env\u00eda a fines del verano (y que ignoramos puntualmente) - Consejos - Santa Catarina","isPartOf":{"@id":"https:\/\/stacatarina.mx\/consejos\/#website"},"primaryImageOfPage":{"@id":"https:\/\/stacatarina.mx\/consejos\/las-senales-de-que-su-cuerpo-le-envia-a-fines-del-verano-y-que-ignoramos-puntualmente\/#primaryimage"},"image":{"@id":"https:\/\/stacatarina.mx\/consejos\/las-senales-de-que-su-cuerpo-le-envia-a-fines-del-verano-y-que-ignoramos-puntualmente\/#primaryimage"},"thumbnailUrl":"https:\/\/stacatarina.mx\/consejos\/wp-content\/uploads\/2025\/09\/1757834737_Las-senales-de-que-su-cuerpo-le-envia-a-fines.jpg","datePublished":"2025-09-14T07:25:36+00:00","dateModified":"2025-09-14T07:25:38+00:00","breadcrumb":{"@id":"https:\/\/stacatarina.mx\/consejos\/las-senales-de-que-su-cuerpo-le-envia-a-fines-del-verano-y-que-ignoramos-puntualmente\/#breadcrumb"},"inLanguage":"es","potentialAction":[{"@type":"ReadAction","target":["https:\/\/stacatarina.mx\/consejos\/las-senales-de-que-su-cuerpo-le-envia-a-fines-del-verano-y-que-ignoramos-puntualmente\/"]}]},{"@type":"ImageObject","inLanguage":"es","@id":"https:\/\/stacatarina.mx\/consejos\/las-senales-de-que-su-cuerpo-le-envia-a-fines-del-verano-y-que-ignoramos-puntualmente\/#primaryimage","url":"https:\/\/stacatarina.mx\/consejos\/wp-content\/uploads\/2025\/09\/1757834737_Las-senales-de-que-su-cuerpo-le-envia-a-fines.jpg","contentUrl":"https:\/\/stacatarina.mx\/consejos\/wp-content\/uploads\/2025\/09\/1757834737_Las-senales-de-que-su-cuerpo-le-envia-a-fines.jpg","width":1500,"height":1000,"caption":"segnali cambio stagione"},{"@type":"BreadcrumbList","@id":"https:\/\/stacatarina.mx\/consejos\/las-senales-de-que-su-cuerpo-le-envia-a-fines-del-verano-y-que-ignoramos-puntualmente\/#breadcrumb","itemListElement":[{"@type":"ListItem","position":1,"name":"Inicio","item":"https:\/\/stacatarina.mx\/consejos\/"},{"@type":"ListItem","position":2,"name":"Las se\u00f1ales de que su cuerpo le env\u00eda a fines del verano (y que ignoramos puntualmente)"}]},{"@type":"WebSite","@id":"https:\/\/stacatarina.mx\/consejos\/#website","url":"https:\/\/stacatarina.mx\/consejos\/","name":"Santa Catarina","description":"","publisher":{"@id":"https:\/\/stacatarina.mx\/consejos\/#organization"},"potentialAction":[{"@type":"SearchAction","target":{"@type":"EntryPoint","urlTemplate":"https:\/\/stacatarina.mx\/consejos\/?s={search_term_string}"},"query-input":{"@type":"PropertyValueSpecification","valueRequired":true,"valueName":"search_term_string"}}],"inLanguage":"es"},{"@type":"Organization","@id":"https:\/\/stacatarina.mx\/consejos\/#organization","name":"Santa Catarina","url":"https:\/\/stacatarina.mx\/consejos\/","logo":{"@type":"ImageObject","inLanguage":"es","@id":"https:\/\/stacatarina.mx\/consejos\/#\/schema\/logo\/image\/","url":"https:\/\/stacatarina.mx\/consejos\/wp-content\/uploads\/2024\/09\/cropped-favicon-1-1.png","contentUrl":"https:\/\/stacatarina.mx\/consejos\/wp-content\/uploads\/2024\/09\/cropped-favicon-1-1.png","width":512,"height":512,"caption":"Santa Catarina"},"image":{"@id":"https:\/\/stacatarina.mx\/consejos\/#\/schema\/logo\/image\/"},"sameAs":["https:\/\/www.facebook.com\/stacatarinagob\/","https:\/\/x.com\/stacatarinagob","https:\/\/www.instagram.com\/stacatarinagob\/","https:\/\/www.youtube.com\/channel\/UCK-6cQJL_904665N1_nLTWw"]},{"@type":"Person","@id":"https:\/\/stacatarina.mx\/consejos\/#\/schema\/person\/0be60adffa8e4c4d0828fdf021450e8a","name":"Pedro Mart\u00ednez","image":{"@type":"ImageObject","inLanguage":"es","@id":"https:\/\/stacatarina.mx\/consejos\/#\/schema\/person\/image\/","url":"https:\/\/stacatarina.mx\/consejos\/wp-content\/uploads\/2024\/09\/stacatarina.jpg","contentUrl":"https:\/\/stacatarina.mx\/consejos\/wp-content\/uploads\/2024\/09\/stacatarina.jpg","caption":"Pedro Mart\u00ednez"},"description":"Hola, soy Pedro Mart\u00ednez, redactor jefe del sitio oficial del ayuntamiento de Santa Catarina, en M\u00e9xico. Con m\u00e1s de diez a\u00f1os de experiencia en el periodismo local, tengo una pasi\u00f3n por la investigaci\u00f3n y la difusi\u00f3n de informaci\u00f3n que valoriza nuestra hermosa comunidad. Mi compromiso es hacer de Santa Catarina una referencia en materia de transparencia y comunicaci\u00f3n municipal.","sameAs":["https:\/\/stacatarina.mx\/"]}]}},"_links":{"self":[{"href":"https:\/\/stacatarina.mx\/consejos\/wp-json\/wp\/v2\/posts\/5350"}],"collection":[{"href":"https:\/\/stacatarina.mx\/consejos\/wp-json\/wp\/v2\/posts"}],"about":[{"href":"https:\/\/stacatarina.mx\/consejos\/wp-json\/wp\/v2\/types\/post"}],"author":[{"embeddable":true,"href":"https:\/\/stacatarina.mx\/consejos\/wp-json\/wp\/v2\/users\/1"}],"replies":[{"embeddable":true,"href":"https:\/\/stacatarina.mx\/consejos\/wp-json\/wp\/v2\/comments?post=5350"}],"version-history":[{"count":1,"href":"https:\/\/stacatarina.mx\/consejos\/wp-json\/wp\/v2\/posts\/5350\/revisions"}],"predecessor-version":[{"id":5352,"href":"https:\/\/stacatarina.mx\/consejos\/wp-json\/wp\/v2\/posts\/5350\/revisions\/5352"}],"wp:featuredmedia":[{"embeddable":true,"href":"https:\/\/stacatarina.mx\/consejos\/wp-json\/wp\/v2\/media\/5351"}],"wp:attachment":[{"href":"https:\/\/stacatarina.mx\/consejos\/wp-json\/wp\/v2\/media?parent=5350"}],"wp:term":[{"taxonomy":"category","embeddable":true,"href":"https:\/\/stacatarina.mx\/consejos\/wp-json\/wp\/v2\/categories?post=5350"},{"taxonomy":"post_tag","embeddable":true,"href":"https:\/\/stacatarina.mx\/consejos\/wp-json\/wp\/v2\/tags?post=5350"}],"curies":[{"name":"wp","href":"https:\/\/api.w.org\/{rel}","templated":true}]}}