{"id":5353,"date":"2025-09-14T06:36:00","date_gmt":"2025-09-14T12:36:00","guid":{"rendered":"https:\/\/stacatarina.mx\/consejos\/harina-de-garbanzos-el-error-que-comete-casi-a-todos-cuando-la-usan-en-las-recetas-comenzando-desde-farinata\/"},"modified":"2025-09-14T06:36:06","modified_gmt":"2025-09-14T12:36:06","slug":"harina-de-garbanzos-el-error-que-comete-casi-a-todos-cuando-la-usan-en-las-recetas-comenzando-desde-farinata","status":"publish","type":"post","link":"https:\/\/stacatarina.mx\/consejos\/harina-de-garbanzos-el-error-que-comete-casi-a-todos-cuando-la-usan-en-las-recetas-comenzando-desde-farinata\/","title":{"rendered":"Harina de garbanzos: el error que comete (casi) a todos cuando la usan en las recetas, comenzando desde Farinata"},"content":{"rendered":"<p>Las tortillas veganas, el panel de siciliano, la farinata liguriana, el panqueque de prote\u00ednas: la harina de garbanzos es uno de esos descubrimientos que pueden revolucionar el enfoque de la cocina, un producto vers\u00e1til, barato y sin gluten, para parecer una especie de ingrediente perfecto, listo para ser asertado en muchas situaciones.<\/p>\n<\/p>\n<p>Sin embargo, las sorprendentes peculiaridades de la harina de garbanzos esconden un pasaje que muchos saltan al pie, con resultados desastrosos. \u00bfQuieres saber en qu\u00e9 consiste este error circular rojo? Use la harina de garbanzos como si fuera la harina normal: viertala en el taz\u00f3n, agregue agua, mezcle y Go es un gran error, lo que transformar\u00e1 una potencial harina liguria de los aplausos en una jarra voladora amarillenta que el perro no querr\u00e1 probar.<\/p>\n<p>Esto se debe a que la harina de garbanzos debe estar empapada durante al menos 12 horas. Parece un detalle de abuelas quisquillosas, \u00bfverdad? En realidad, es pura ciencia, y ahora explico por qu\u00e9 saltar este paso significa arruinar tanto el sabor como los beneficios nutricionales de sus recetas.<\/p>\n<h2>Porque necesitas empaparse<\/h2>\n<p>El remojo no es una p\u00e9rdida de tiempo, es un proceso de transformaci\u00f3n. Al mezclar la harina de garbanzos con agua y dejarla descansar, comienza una reacci\u00f3n bioqu\u00edmica fundamental, en la que las prote\u00ednas hidratan, los almidones se ablandan y, lo que es m\u00e1s importante, se activan enzimas espec\u00edficas que neutralizan las sustancias antinutrientes.<\/p>\n<p>\u00bfLa diferencia con los garbanzos secos? Con las legumbres enteras, el remojo se sirve principalmente para rehidratarlas, con harina, por otro lado, el proceso es m\u00e1s complejo: cada grano debe absorber agua de manera uniforme para crear una masa homog\u00e9nea. Necesitamos al menos 12 horas, mejor si dedica 24. El agua debe ser abundante (relaci\u00f3n 1: 3) y la temperatura ambiente.<\/p>\n<h2>\u00bfQu\u00e9 pasa si saltas as\u00ed?<\/h2>\n<p>Preparar una harina sin remojar es como construir una casa sin base. En primer lugar, el \u00e1cido f\u00edtico en la harina bloquea la absorci\u00f3n de hierro, zinc y calcio. Pr\u00e1cticamente comidas de garbanzos pero su cuerpo no absorbe los minerales preciosos que contienen.<\/p>\n<p>Luego est\u00e1n las lectinas y los taninos, compuestos que causan hinchaz\u00f3n abdominal y ralentizan la digesti\u00f3n. Es por eso que despu\u00e9s de una tortilla de Ecet en mal, te sientes pesado como rocas. El sabor? Amarto y met\u00e1lico, mientras que la consistencia parecer\u00e1 giva, con bultos imposibles de eliminar. Y tendr\u00e1s que cocinar todo por m\u00e1s tiempo, con resultados decepcionantes de todos modos.<\/p>\n<h2>La explicaci\u00f3n cient\u00edfica<\/h2>\n<p>Cuando la harina permanece empapada, se activa el Fitasi, una enzima que degrada el \u00e1cido f\u00edtico. Los estudios hablan claramente,<\/p>\n<p>El remojo es uno de los m\u00e9todos de transformaci\u00f3n dom\u00e9sticos m\u00e1s utilizados para mejorar la calidad nutricional y aumentar la digestibilidad de las prote\u00ednas. Durante el remojo, se produce el ensanchamiento del \u00e1cido f\u00edtico, un factor antinutricaci\u00f3n que dificulta la digesti\u00f3n de carbohidratos y prote\u00ednas y reduce la biodisponibilidad de minerales y vitaminas. Los estudios informan que el remojo tambi\u00e9n reduce la actividad de los inhibidores de la tripsina (TIA), que limitan la digesti\u00f3n de prote\u00ednas. En algunos casos, la reducci\u00f3n en la actividad de la TIA se cuantific\u00f3 hasta 16.15%.<\/p>\n<p>Por lo tanto, el remojo de los garbanzos no es solo una pr\u00e1ctica tecnol\u00f3gica \u00fatil para reducir los tiempos de cocci\u00f3n, sino un tratamiento funcional real: disminuye los factores antinutriales y aumenta el valor nutricional general de las legumbres.<\/p>\n<h2>C\u00f3mo hacerlo en la pr\u00e1ctica<\/h2>\n<p>Mezcle la harina con agua fr\u00eda con un batidor, luego cubra y d\u00e9jelos descansar de 12 a 24 horas a temperatura ambiente. Despu\u00e9s de 6 horas, cambie el agua: eliminar\u00e1 a\u00fan m\u00e1s antinutriente. \u00bfLa espuma que se forma en la superficie? Ret\u00edralo con una cuchara. La harina industrial tambi\u00e9n se beneficia de lo hablado, al contrario de lo que se piensa. De hecho, a menudo lo necesita porque los procesos industriales no eliminan por completo las sustancias problem\u00e1ticas. Despu\u00e9s de remojar, cocine normalmente: la combinaci\u00f3n de remojo garantiza los m\u00e1ximos beneficios.<\/p>\n<h2>El secreto est\u00e1 esperando<\/h2>\n<p><img loading=\"lazy\" decoding=\"async\" class=\"alignnone size-full wp-image-1256796\" src=\"https:\/\/stacatarina.mx\/consejos\/wp-content\/uploads\/2025\/09\/1757853360_679_Harina-de-garbanzos-el-error-que-comete-casi-a-todos.jpg\" alt=\"harina de garbanzos \" width=\"1500\" height=\"1000\"><\/p>\n<p>El mayor error con la harina de garbanzos es tratarla como una harina normal, \u00a1porque no lo es! Necesita tiempo para expresar su potencial. Los beneficios? Platos m\u00e1s digeribles, sabor m\u00e1s dulce y m\u00e1s redondo, consistencia perfecta, valor nutricional m\u00e1ximo. Con la harina de garbanzos, la ciencia es clara: el secreto no est\u00e1 en la receta, sino esperando.<\/p><\/p>\n","protected":false},"excerpt":{"rendered":"<p>Las tortillas veganas, el panel de siciliano, la farinata liguriana, el panqueque de prote\u00ednas: la harina de garbanzos es uno de esos descubrimientos que pueden<\/p>\n","protected":false},"author":1,"featured_media":5354,"comment_status":"closed","ping_status":"","sticky":false,"template":"","format":"standard","meta":{"footnotes":""},"categories":[762],"tags":[647,6004,5288,568,59,744,6005,4594,1547,34,908,690,3556],"class_list":["post-5353","post","type-post","status-publish","format-standard","has-post-thumbnail","hentry","category-salud","tag-casi","tag-comenzando","tag-comete","tag-cuando","tag-desde","tag-error","tag-farinata","tag-garbanzos","tag-harina","tag-las","tag-recetas","tag-todos","tag-usan","generate-columns","tablet-grid-50","mobile-grid-100","grid-parent","grid-50"],"yoast_head":"<!-- This site is optimized with the Yoast SEO plugin v23.4 - https:\/\/yoast.com\/wordpress\/plugins\/seo\/ -->\n<title>Harina de garbanzos: el error que comete (casi) a todos cuando la usan en las recetas, comenzando desde Farinata - Consejos - Santa Catarina<\/title>\n<meta name=\"robots\" content=\"index, follow, max-snippet:-1, max-image-preview:large, max-video-preview:-1\" \/>\n<link rel=\"canonical\" href=\"https:\/\/stacatarina.mx\/consejos\/harina-de-garbanzos-el-error-que-comete-casi-a-todos-cuando-la-usan-en-las-recetas-comenzando-desde-farinata\/\" \/>\n<meta property=\"og:locale\" content=\"es_MX\" \/>\n<meta property=\"og:type\" content=\"article\" \/>\n<meta property=\"og:title\" content=\"Harina de garbanzos: el error que comete (casi) a todos cuando la usan en las recetas, comenzando desde Farinata - Consejos - Santa Catarina\" \/>\n<meta property=\"og:description\" content=\"Las tortillas veganas, el panel de siciliano, la farinata liguriana, el panqueque de prote\u00ednas: la harina de garbanzos es uno de esos descubrimientos que pueden\" \/>\n<meta property=\"og:url\" content=\"https:\/\/stacatarina.mx\/consejos\/harina-de-garbanzos-el-error-que-comete-casi-a-todos-cuando-la-usan-en-las-recetas-comenzando-desde-farinata\/\" \/>\n<meta property=\"og:site_name\" content=\"Santa Catarina\" \/>\n<meta property=\"article:publisher\" content=\"https:\/\/www.facebook.com\/stacatarinagob\/\" \/>\n<meta property=\"article:published_time\" content=\"2025-09-14T12:36:00+00:00\" \/>\n<meta property=\"article:modified_time\" content=\"2025-09-14T12:36:06+00:00\" \/>\n<meta property=\"og:image\" content=\"https:\/\/stacatarina.mx\/consejos\/wp-content\/uploads\/2025\/09\/1757853364_Harina-de-garbanzos-el-error-que-comete-casi-a-todos.jpg\" \/>\n\t<meta property=\"og:image:width\" content=\"1500\" \/>\n\t<meta property=\"og:image:height\" content=\"1000\" \/>\n\t<meta property=\"og:image:type\" content=\"image\/jpeg\" \/>\n<meta name=\"author\" content=\"Pedro Mart\u00ednez\" \/>\n<meta name=\"twitter:card\" content=\"summary_large_image\" \/>\n<meta name=\"twitter:creator\" content=\"@stacatarinagob\" \/>\n<meta name=\"twitter:site\" content=\"@stacatarinagob\" \/>\n<meta name=\"twitter:label1\" content=\"Escrito por\" \/>\n\t<meta name=\"twitter:data1\" content=\"Pedro Mart\u00ednez\" \/>\n\t<meta name=\"twitter:label2\" content=\"Tiempo de lectura\" \/>\n\t<meta name=\"twitter:data2\" content=\"4 minutos\" \/>\n<script type=\"application\/ld+json\" class=\"yoast-schema-graph\">{\"@context\":\"https:\/\/schema.org\",\"@graph\":[{\"@type\":\"Article\",\"@id\":\"https:\/\/stacatarina.mx\/consejos\/harina-de-garbanzos-el-error-que-comete-casi-a-todos-cuando-la-usan-en-las-recetas-comenzando-desde-farinata\/#article\",\"isPartOf\":{\"@id\":\"https:\/\/stacatarina.mx\/consejos\/harina-de-garbanzos-el-error-que-comete-casi-a-todos-cuando-la-usan-en-las-recetas-comenzando-desde-farinata\/\"},\"author\":{\"name\":\"Pedro Mart\u00ednez\",\"@id\":\"https:\/\/stacatarina.mx\/consejos\/#\/schema\/person\/0be60adffa8e4c4d0828fdf021450e8a\"},\"headline\":\"Harina de garbanzos: el error que comete (casi) a todos cuando la usan en las recetas, comenzando desde Farinata\",\"datePublished\":\"2025-09-14T12:36:00+00:00\",\"dateModified\":\"2025-09-14T12:36:06+00:00\",\"mainEntityOfPage\":{\"@id\":\"https:\/\/stacatarina.mx\/consejos\/harina-de-garbanzos-el-error-que-comete-casi-a-todos-cuando-la-usan-en-las-recetas-comenzando-desde-farinata\/\"},\"wordCount\":785,\"publisher\":{\"@id\":\"https:\/\/stacatarina.mx\/consejos\/#organization\"},\"image\":{\"@id\":\"https:\/\/stacatarina.mx\/consejos\/harina-de-garbanzos-el-error-que-comete-casi-a-todos-cuando-la-usan-en-las-recetas-comenzando-desde-farinata\/#primaryimage\"},\"thumbnailUrl\":\"https:\/\/stacatarina.mx\/consejos\/wp-content\/uploads\/2025\/09\/1757853364_Harina-de-garbanzos-el-error-que-comete-casi-a-todos.jpg\",\"keywords\":[\"casi\",\"comenzando\",\"comete\",\"cuando\",\"desde\",\"error\",\"Farinata\",\"garbanzos\",\"Harina\",\"Las\",\"recetas\",\"todos\",\"usan\"],\"articleSection\":[\"Salud\"],\"inLanguage\":\"es\"},{\"@type\":\"WebPage\",\"@id\":\"https:\/\/stacatarina.mx\/consejos\/harina-de-garbanzos-el-error-que-comete-casi-a-todos-cuando-la-usan-en-las-recetas-comenzando-desde-farinata\/\",\"url\":\"https:\/\/stacatarina.mx\/consejos\/harina-de-garbanzos-el-error-que-comete-casi-a-todos-cuando-la-usan-en-las-recetas-comenzando-desde-farinata\/\",\"name\":\"Harina de garbanzos: el error que comete (casi) a todos cuando la usan en las recetas, comenzando desde Farinata - Consejos - Santa Catarina\",\"isPartOf\":{\"@id\":\"https:\/\/stacatarina.mx\/consejos\/#website\"},\"primaryImageOfPage\":{\"@id\":\"https:\/\/stacatarina.mx\/consejos\/harina-de-garbanzos-el-error-que-comete-casi-a-todos-cuando-la-usan-en-las-recetas-comenzando-desde-farinata\/#primaryimage\"},\"image\":{\"@id\":\"https:\/\/stacatarina.mx\/consejos\/harina-de-garbanzos-el-error-que-comete-casi-a-todos-cuando-la-usan-en-las-recetas-comenzando-desde-farinata\/#primaryimage\"},\"thumbnailUrl\":\"https:\/\/stacatarina.mx\/consejos\/wp-content\/uploads\/2025\/09\/1757853364_Harina-de-garbanzos-el-error-que-comete-casi-a-todos.jpg\",\"datePublished\":\"2025-09-14T12:36:00+00:00\",\"dateModified\":\"2025-09-14T12:36:06+00:00\",\"breadcrumb\":{\"@id\":\"https:\/\/stacatarina.mx\/consejos\/harina-de-garbanzos-el-error-que-comete-casi-a-todos-cuando-la-usan-en-las-recetas-comenzando-desde-farinata\/#breadcrumb\"},\"inLanguage\":\"es\",\"potentialAction\":[{\"@type\":\"ReadAction\",\"target\":[\"https:\/\/stacatarina.mx\/consejos\/harina-de-garbanzos-el-error-que-comete-casi-a-todos-cuando-la-usan-en-las-recetas-comenzando-desde-farinata\/\"]}]},{\"@type\":\"ImageObject\",\"inLanguage\":\"es\",\"@id\":\"https:\/\/stacatarina.mx\/consejos\/harina-de-garbanzos-el-error-que-comete-casi-a-todos-cuando-la-usan-en-las-recetas-comenzando-desde-farinata\/#primaryimage\",\"url\":\"https:\/\/stacatarina.mx\/consejos\/wp-content\/uploads\/2025\/09\/1757853364_Harina-de-garbanzos-el-error-que-comete-casi-a-todos.jpg\",\"contentUrl\":\"https:\/\/stacatarina.mx\/consejos\/wp-content\/uploads\/2025\/09\/1757853364_Harina-de-garbanzos-el-error-que-comete-casi-a-todos.jpg\",\"width\":1500,\"height\":1000,\"caption\":\"farina di ceci\"},{\"@type\":\"BreadcrumbList\",\"@id\":\"https:\/\/stacatarina.mx\/consejos\/harina-de-garbanzos-el-error-que-comete-casi-a-todos-cuando-la-usan-en-las-recetas-comenzando-desde-farinata\/#breadcrumb\",\"itemListElement\":[{\"@type\":\"ListItem\",\"position\":1,\"name\":\"Inicio\",\"item\":\"https:\/\/stacatarina.mx\/consejos\/\"},{\"@type\":\"ListItem\",\"position\":2,\"name\":\"Harina de garbanzos: el error que comete (casi) a todos cuando la usan en las recetas, comenzando desde Farinata\"}]},{\"@type\":\"WebSite\",\"@id\":\"https:\/\/stacatarina.mx\/consejos\/#website\",\"url\":\"https:\/\/stacatarina.mx\/consejos\/\",\"name\":\"Santa Catarina\",\"description\":\"\",\"publisher\":{\"@id\":\"https:\/\/stacatarina.mx\/consejos\/#organization\"},\"potentialAction\":[{\"@type\":\"SearchAction\",\"target\":{\"@type\":\"EntryPoint\",\"urlTemplate\":\"https:\/\/stacatarina.mx\/consejos\/?s={search_term_string}\"},\"query-input\":{\"@type\":\"PropertyValueSpecification\",\"valueRequired\":true,\"valueName\":\"search_term_string\"}}],\"inLanguage\":\"es\"},{\"@type\":\"Organization\",\"@id\":\"https:\/\/stacatarina.mx\/consejos\/#organization\",\"name\":\"Santa Catarina\",\"url\":\"https:\/\/stacatarina.mx\/consejos\/\",\"logo\":{\"@type\":\"ImageObject\",\"inLanguage\":\"es\",\"@id\":\"https:\/\/stacatarina.mx\/consejos\/#\/schema\/logo\/image\/\",\"url\":\"https:\/\/stacatarina.mx\/consejos\/wp-content\/uploads\/2024\/09\/cropped-favicon-1-1.png\",\"contentUrl\":\"https:\/\/stacatarina.mx\/consejos\/wp-content\/uploads\/2024\/09\/cropped-favicon-1-1.png\",\"width\":512,\"height\":512,\"caption\":\"Santa Catarina\"},\"image\":{\"@id\":\"https:\/\/stacatarina.mx\/consejos\/#\/schema\/logo\/image\/\"},\"sameAs\":[\"https:\/\/www.facebook.com\/stacatarinagob\/\",\"https:\/\/x.com\/stacatarinagob\",\"https:\/\/www.instagram.com\/stacatarinagob\/\",\"https:\/\/www.youtube.com\/channel\/UCK-6cQJL_904665N1_nLTWw\"]},{\"@type\":\"Person\",\"@id\":\"https:\/\/stacatarina.mx\/consejos\/#\/schema\/person\/0be60adffa8e4c4d0828fdf021450e8a\",\"name\":\"Pedro Mart\u00ednez\",\"image\":{\"@type\":\"ImageObject\",\"inLanguage\":\"es\",\"@id\":\"https:\/\/stacatarina.mx\/consejos\/#\/schema\/person\/image\/\",\"url\":\"https:\/\/stacatarina.mx\/consejos\/wp-content\/uploads\/2024\/09\/stacatarina.jpg\",\"contentUrl\":\"https:\/\/stacatarina.mx\/consejos\/wp-content\/uploads\/2024\/09\/stacatarina.jpg\",\"caption\":\"Pedro Mart\u00ednez\"},\"description\":\"Hola, soy Pedro Mart\u00ednez, redactor jefe del sitio oficial del ayuntamiento de Santa Catarina, en M\u00e9xico. Con m\u00e1s de diez a\u00f1os de experiencia en el periodismo local, tengo una pasi\u00f3n por la investigaci\u00f3n y la difusi\u00f3n de informaci\u00f3n que valoriza nuestra hermosa comunidad. Mi compromiso es hacer de Santa Catarina una referencia en materia de transparencia y comunicaci\u00f3n municipal.\",\"sameAs\":[\"https:\/\/stacatarina.mx\/\"]}]}<\/script>\n<!-- \/ Yoast SEO plugin. -->","yoast_head_json":{"title":"Harina de garbanzos: el error que comete (casi) a todos cuando la usan en las recetas, comenzando desde Farinata - Consejos - Santa Catarina","robots":{"index":"index","follow":"follow","max-snippet":"max-snippet:-1","max-image-preview":"max-image-preview:large","max-video-preview":"max-video-preview:-1"},"canonical":"https:\/\/stacatarina.mx\/consejos\/harina-de-garbanzos-el-error-que-comete-casi-a-todos-cuando-la-usan-en-las-recetas-comenzando-desde-farinata\/","og_locale":"es_MX","og_type":"article","og_title":"Harina de garbanzos: el error que comete (casi) a todos cuando la usan en las recetas, comenzando desde Farinata - Consejos - Santa Catarina","og_description":"Las tortillas veganas, el panel de siciliano, la farinata liguriana, el panqueque de prote\u00ednas: la harina de garbanzos es uno de esos descubrimientos que pueden","og_url":"https:\/\/stacatarina.mx\/consejos\/harina-de-garbanzos-el-error-que-comete-casi-a-todos-cuando-la-usan-en-las-recetas-comenzando-desde-farinata\/","og_site_name":"Santa Catarina","article_publisher":"https:\/\/www.facebook.com\/stacatarinagob\/","article_published_time":"2025-09-14T12:36:00+00:00","article_modified_time":"2025-09-14T12:36:06+00:00","og_image":[{"width":1500,"height":1000,"url":"https:\/\/stacatarina.mx\/consejos\/wp-content\/uploads\/2025\/09\/1757853364_Harina-de-garbanzos-el-error-que-comete-casi-a-todos.jpg","type":"image\/jpeg"}],"author":"Pedro Mart\u00ednez","twitter_card":"summary_large_image","twitter_creator":"@stacatarinagob","twitter_site":"@stacatarinagob","twitter_misc":{"Escrito por":"Pedro Mart\u00ednez","Tiempo de lectura":"4 minutos"},"schema":{"@context":"https:\/\/schema.org","@graph":[{"@type":"Article","@id":"https:\/\/stacatarina.mx\/consejos\/harina-de-garbanzos-el-error-que-comete-casi-a-todos-cuando-la-usan-en-las-recetas-comenzando-desde-farinata\/#article","isPartOf":{"@id":"https:\/\/stacatarina.mx\/consejos\/harina-de-garbanzos-el-error-que-comete-casi-a-todos-cuando-la-usan-en-las-recetas-comenzando-desde-farinata\/"},"author":{"name":"Pedro Mart\u00ednez","@id":"https:\/\/stacatarina.mx\/consejos\/#\/schema\/person\/0be60adffa8e4c4d0828fdf021450e8a"},"headline":"Harina de garbanzos: el error que comete (casi) a todos cuando la usan en las recetas, comenzando desde Farinata","datePublished":"2025-09-14T12:36:00+00:00","dateModified":"2025-09-14T12:36:06+00:00","mainEntityOfPage":{"@id":"https:\/\/stacatarina.mx\/consejos\/harina-de-garbanzos-el-error-que-comete-casi-a-todos-cuando-la-usan-en-las-recetas-comenzando-desde-farinata\/"},"wordCount":785,"publisher":{"@id":"https:\/\/stacatarina.mx\/consejos\/#organization"},"image":{"@id":"https:\/\/stacatarina.mx\/consejos\/harina-de-garbanzos-el-error-que-comete-casi-a-todos-cuando-la-usan-en-las-recetas-comenzando-desde-farinata\/#primaryimage"},"thumbnailUrl":"https:\/\/stacatarina.mx\/consejos\/wp-content\/uploads\/2025\/09\/1757853364_Harina-de-garbanzos-el-error-que-comete-casi-a-todos.jpg","keywords":["casi","comenzando","comete","cuando","desde","error","Farinata","garbanzos","Harina","Las","recetas","todos","usan"],"articleSection":["Salud"],"inLanguage":"es"},{"@type":"WebPage","@id":"https:\/\/stacatarina.mx\/consejos\/harina-de-garbanzos-el-error-que-comete-casi-a-todos-cuando-la-usan-en-las-recetas-comenzando-desde-farinata\/","url":"https:\/\/stacatarina.mx\/consejos\/harina-de-garbanzos-el-error-que-comete-casi-a-todos-cuando-la-usan-en-las-recetas-comenzando-desde-farinata\/","name":"Harina de garbanzos: el error que comete (casi) a todos cuando la usan en las recetas, comenzando desde Farinata - Consejos - Santa Catarina","isPartOf":{"@id":"https:\/\/stacatarina.mx\/consejos\/#website"},"primaryImageOfPage":{"@id":"https:\/\/stacatarina.mx\/consejos\/harina-de-garbanzos-el-error-que-comete-casi-a-todos-cuando-la-usan-en-las-recetas-comenzando-desde-farinata\/#primaryimage"},"image":{"@id":"https:\/\/stacatarina.mx\/consejos\/harina-de-garbanzos-el-error-que-comete-casi-a-todos-cuando-la-usan-en-las-recetas-comenzando-desde-farinata\/#primaryimage"},"thumbnailUrl":"https:\/\/stacatarina.mx\/consejos\/wp-content\/uploads\/2025\/09\/1757853364_Harina-de-garbanzos-el-error-que-comete-casi-a-todos.jpg","datePublished":"2025-09-14T12:36:00+00:00","dateModified":"2025-09-14T12:36:06+00:00","breadcrumb":{"@id":"https:\/\/stacatarina.mx\/consejos\/harina-de-garbanzos-el-error-que-comete-casi-a-todos-cuando-la-usan-en-las-recetas-comenzando-desde-farinata\/#breadcrumb"},"inLanguage":"es","potentialAction":[{"@type":"ReadAction","target":["https:\/\/stacatarina.mx\/consejos\/harina-de-garbanzos-el-error-que-comete-casi-a-todos-cuando-la-usan-en-las-recetas-comenzando-desde-farinata\/"]}]},{"@type":"ImageObject","inLanguage":"es","@id":"https:\/\/stacatarina.mx\/consejos\/harina-de-garbanzos-el-error-que-comete-casi-a-todos-cuando-la-usan-en-las-recetas-comenzando-desde-farinata\/#primaryimage","url":"https:\/\/stacatarina.mx\/consejos\/wp-content\/uploads\/2025\/09\/1757853364_Harina-de-garbanzos-el-error-que-comete-casi-a-todos.jpg","contentUrl":"https:\/\/stacatarina.mx\/consejos\/wp-content\/uploads\/2025\/09\/1757853364_Harina-de-garbanzos-el-error-que-comete-casi-a-todos.jpg","width":1500,"height":1000,"caption":"farina di ceci"},{"@type":"BreadcrumbList","@id":"https:\/\/stacatarina.mx\/consejos\/harina-de-garbanzos-el-error-que-comete-casi-a-todos-cuando-la-usan-en-las-recetas-comenzando-desde-farinata\/#breadcrumb","itemListElement":[{"@type":"ListItem","position":1,"name":"Inicio","item":"https:\/\/stacatarina.mx\/consejos\/"},{"@type":"ListItem","position":2,"name":"Harina de garbanzos: el error que comete (casi) a todos cuando la usan en las recetas, comenzando desde Farinata"}]},{"@type":"WebSite","@id":"https:\/\/stacatarina.mx\/consejos\/#website","url":"https:\/\/stacatarina.mx\/consejos\/","name":"Santa Catarina","description":"","publisher":{"@id":"https:\/\/stacatarina.mx\/consejos\/#organization"},"potentialAction":[{"@type":"SearchAction","target":{"@type":"EntryPoint","urlTemplate":"https:\/\/stacatarina.mx\/consejos\/?s={search_term_string}"},"query-input":{"@type":"PropertyValueSpecification","valueRequired":true,"valueName":"search_term_string"}}],"inLanguage":"es"},{"@type":"Organization","@id":"https:\/\/stacatarina.mx\/consejos\/#organization","name":"Santa Catarina","url":"https:\/\/stacatarina.mx\/consejos\/","logo":{"@type":"ImageObject","inLanguage":"es","@id":"https:\/\/stacatarina.mx\/consejos\/#\/schema\/logo\/image\/","url":"https:\/\/stacatarina.mx\/consejos\/wp-content\/uploads\/2024\/09\/cropped-favicon-1-1.png","contentUrl":"https:\/\/stacatarina.mx\/consejos\/wp-content\/uploads\/2024\/09\/cropped-favicon-1-1.png","width":512,"height":512,"caption":"Santa Catarina"},"image":{"@id":"https:\/\/stacatarina.mx\/consejos\/#\/schema\/logo\/image\/"},"sameAs":["https:\/\/www.facebook.com\/stacatarinagob\/","https:\/\/x.com\/stacatarinagob","https:\/\/www.instagram.com\/stacatarinagob\/","https:\/\/www.youtube.com\/channel\/UCK-6cQJL_904665N1_nLTWw"]},{"@type":"Person","@id":"https:\/\/stacatarina.mx\/consejos\/#\/schema\/person\/0be60adffa8e4c4d0828fdf021450e8a","name":"Pedro Mart\u00ednez","image":{"@type":"ImageObject","inLanguage":"es","@id":"https:\/\/stacatarina.mx\/consejos\/#\/schema\/person\/image\/","url":"https:\/\/stacatarina.mx\/consejos\/wp-content\/uploads\/2024\/09\/stacatarina.jpg","contentUrl":"https:\/\/stacatarina.mx\/consejos\/wp-content\/uploads\/2024\/09\/stacatarina.jpg","caption":"Pedro Mart\u00ednez"},"description":"Hola, soy Pedro Mart\u00ednez, redactor jefe del sitio oficial del ayuntamiento de Santa Catarina, en M\u00e9xico. Con m\u00e1s de diez a\u00f1os de experiencia en el periodismo local, tengo una pasi\u00f3n por la investigaci\u00f3n y la difusi\u00f3n de informaci\u00f3n que valoriza nuestra hermosa comunidad. Mi compromiso es hacer de Santa Catarina una referencia en materia de transparencia y comunicaci\u00f3n municipal.","sameAs":["https:\/\/stacatarina.mx\/"]}]}},"_links":{"self":[{"href":"https:\/\/stacatarina.mx\/consejos\/wp-json\/wp\/v2\/posts\/5353"}],"collection":[{"href":"https:\/\/stacatarina.mx\/consejos\/wp-json\/wp\/v2\/posts"}],"about":[{"href":"https:\/\/stacatarina.mx\/consejos\/wp-json\/wp\/v2\/types\/post"}],"author":[{"embeddable":true,"href":"https:\/\/stacatarina.mx\/consejos\/wp-json\/wp\/v2\/users\/1"}],"replies":[{"embeddable":true,"href":"https:\/\/stacatarina.mx\/consejos\/wp-json\/wp\/v2\/comments?post=5353"}],"version-history":[{"count":1,"href":"https:\/\/stacatarina.mx\/consejos\/wp-json\/wp\/v2\/posts\/5353\/revisions"}],"predecessor-version":[{"id":5355,"href":"https:\/\/stacatarina.mx\/consejos\/wp-json\/wp\/v2\/posts\/5353\/revisions\/5355"}],"wp:featuredmedia":[{"embeddable":true,"href":"https:\/\/stacatarina.mx\/consejos\/wp-json\/wp\/v2\/media\/5354"}],"wp:attachment":[{"href":"https:\/\/stacatarina.mx\/consejos\/wp-json\/wp\/v2\/media?parent=5353"}],"wp:term":[{"taxonomy":"category","embeddable":true,"href":"https:\/\/stacatarina.mx\/consejos\/wp-json\/wp\/v2\/categories?post=5353"},{"taxonomy":"post_tag","embeddable":true,"href":"https:\/\/stacatarina.mx\/consejos\/wp-json\/wp\/v2\/tags?post=5353"}],"curies":[{"name":"wp","href":"https:\/\/api.w.org\/{rel}","templated":true}]}}