{"id":5359,"date":"2025-09-14T08:38:10","date_gmt":"2025-09-14T14:38:10","guid":{"rendered":"https:\/\/stacatarina.mx\/consejos\/todos-los-errores-que-cometas-con-fruta-seca-lo-que-nunca-te-dicen\/"},"modified":"2025-09-14T08:38:12","modified_gmt":"2025-09-14T14:38:12","slug":"todos-los-errores-que-cometas-con-fruta-seca-lo-que-nunca-te-dicen","status":"publish","type":"post","link":"https:\/\/stacatarina.mx\/consejos\/todos-los-errores-que-cometas-con-fruta-seca-lo-que-nunca-te-dicen\/","title":{"rendered":"Todos los errores que cometas con fruta seca: lo que nunca te dicen"},"content":{"rendered":"<p><\/p>\n<p class=\"p1\">La fruta seca se ha convertido en un s\u00edmbolo de nutrici\u00f3n saludable. Las almendras, nueces, pistachos y avellanas ahora son omnipresentes en dietas, celebradas por su carga de buenas grasas, prote\u00ednas, fibras y minerales. Un alimento antiguo que ahora est\u00e1 etiquetado como &#8220;superalimento&#8221;. Pero detr\u00e1s de esta etiqueta dorada hay una serie de errores que, sin saberlo, muchos cometen todos los d\u00edas.<\/p>\n<h2 class=\"p4\"><b>Las cantidades no son infinitas<\/b><\/h2>\n<p class=\"p1\">El primer paso falso se refiere a las porciones. Hay quienes consumen tazones enteros de fruta seca convencidas de que, al estar sanos, no tienen contraindicaciones. En realidad, cien gramos de nueces superan las 600 calor\u00edas: una carga de energ\u00eda que, si adem\u00e1s del resto del d\u00eda, conduce a un excedente no negligible. Las grasas de fracaso son buenas, por supuesto, pero no son un pase para el exceso.<\/p>\n<h2 class=\"p4\"><b>Atenci\u00f3n a las versiones industriales<\/b><\/h2>\n<p class=\"p1\">Otro gran enga\u00f1o proviene de los paquetes de supermercados. Muchos compran frutas secas tostadas en aceite, salado, esmaltado o incluso frito, pensar es el mismo alimento que las versiones naturales. En realidad, estos son bocadillos enmascarados: la adici\u00f3n de sal, az\u00facares y grasa industrial borra la mayor\u00eda de los beneficios. Si realmente quieres hablar de salud, la \u00fanica opci\u00f3n sensata sigue siendo fruta seca natural.<\/p>\n<h2 class=\"p4\"><b>El problema de la conservaci\u00f3n<\/b><\/h2>\n<p class=\"p1\">Con demasiada frecuencia olvidamos que las grasas contenidas en nueces y almendras son muy delicadas. Un paquete dejado abierto durante meses, expuesto al aire, se vuelve presa de la oxidaci\u00f3n y aumenta. Comer fruta seca r\u00e1ncida significa tomar oxidado, da\u00f1ino y sin valor nutricional original. Almacenar bien significa usar contenedores herm\u00e9ticos y respetar la fecha l\u00edmite, no mantenerlo en la despensa al infinito.<\/p>\n<h2 class=\"p4\"><b>La moda de los hablados<\/b><\/h2>\n<p class=\"p1\">En los \u00faltimos a\u00f1os, la pr\u00e1ctica del pantal\u00f3n se ha extendido, con la promesa de eliminar el anti -liggling y hacer que la fruta sea seca &#8220;m\u00e1s activa&#8221;. Es un mito parcial. Fitati, de hecho, no es un veneno: en dosis moderadas incluso tienen efectos beneficiosos. El remojo puede tener sentido en algunos casos, pero transformarlo en una obligaci\u00f3n es un error. Adem\u00e1s, si se hace mal, corre el riesgo de promover el desarrollo bacteriano y alterar el sabor.<\/p>\n<h2 class=\"p4\"><b>\u00bfCrudo o tostado?<\/b><\/h2>\n<p class=\"p1\">Otro malentendido es la demonizaci\u00f3n de la fruta seca cruda o, por otro lado, la adoraci\u00f3n del tostado. La realidad se encuentra en el medio. El tostado industrial y de altas temperaturas puede reducir algunas vitaminas y crear compuestos no deseados, pero un tostado ligero puede mejorar la digestibilidad y hacer que ciertos antioxidantes est\u00e9n disponibles. No hay &#8220;siempre s\u00ed&#8221; o un &#8220;siempre no&#8221;: cuenta el m\u00e9todo y la calidad del inicio.<\/p>\n<h2 class=\"p4\"><b>No es ning\u00fan refrigerio<\/b><\/h2>\n<p class=\"p1\">Muchos consumen fruta seca como un bocadillo simple, sin tener en cuenta el presupuesto general de calor\u00edas. Un golpe de nueces no equivale a una manzana. Es un alimento concentrado que, si se agrega a una comida o un d\u00eda ya rico, puede marcar la diferencia en el peso y el metabolismo. No es un relleno: es una pieza para integrarse con la conciencia.<\/p>\n<h2 class=\"p4\"><b>Diferencias individuales<\/b><\/h2>\n<p class=\"p1\">Un error a menudo ignorado es pensar que la fruta seca es universal. No todos lo toleran. Las alergias pueden ser graves y, en algunos casos, fatales. Hay personas que sufren trastornos digestivos y no pueden administrar las fibras o los aceites de contenido. En aquellos con problemas metab\u00f3licos o patolog\u00edas espec\u00edficas, un exceso puede volverse riesgoso. Generalizar es la forma m\u00e1s r\u00e1pida de lastimarse.<\/p>\n<h2 class=\"p4\"><b>Un alimento para respetar<\/b><\/h2>\n<p class=\"p1\">La fruta seca sigue siendo un aliado precioso, pero no debe tratarse como un fetiche saludable. No es un talism\u00e1n, ni una p\u00edldora milagrosa. Es un alimento rico y complejo, que requiere atenci\u00f3n a la elecci\u00f3n, la conservaci\u00f3n e integraci\u00f3n en la dieta. Si se usa con conciencia, ofrece enormes beneficios. Si se maneja a la ligera, corre el riesgo de convertirse en un boomerang.<\/p>\n<\/p>\n<p class=\"p1\">Leer tambi\u00e9n:<\/p>\n","protected":false},"excerpt":{"rendered":"<p>La fruta seca se ha convertido en un s\u00edmbolo de nutrici\u00f3n saludable. Las almendras, nueces, pistachos y avellanas ahora son omnipresentes en dietas, celebradas por<\/p>\n","protected":false},"author":1,"featured_media":5360,"comment_status":"closed","ping_status":"","sticky":false,"template":"","format":"standard","meta":{"footnotes":""},"categories":[762],"tags":[6007,42,320,160,1283,62,162,4726,690],"class_list":["post-5359","post","type-post","status-publish","format-standard","has-post-thumbnail","hentry","category-salud","tag-cometas","tag-con","tag-dicen","tag-errores","tag-fruta","tag-los","tag-nunca","tag-seca","tag-todos","generate-columns","tablet-grid-50","mobile-grid-100","grid-parent","grid-50"],"yoast_head":"<!-- This site is optimized with the Yoast SEO plugin v23.4 - https:\/\/yoast.com\/wordpress\/plugins\/seo\/ -->\n<title>Todos los errores que cometas con fruta seca: lo que nunca te dicen - Consejos - Santa Catarina<\/title>\n<meta name=\"robots\" content=\"index, follow, max-snippet:-1, max-image-preview:large, max-video-preview:-1\" \/>\n<link rel=\"canonical\" href=\"https:\/\/stacatarina.mx\/consejos\/todos-los-errores-que-cometas-con-fruta-seca-lo-que-nunca-te-dicen\/\" \/>\n<meta property=\"og:locale\" content=\"es_MX\" \/>\n<meta property=\"og:type\" content=\"article\" \/>\n<meta property=\"og:title\" content=\"Todos los errores que cometas con fruta seca: lo que nunca te dicen - Consejos - Santa Catarina\" \/>\n<meta property=\"og:description\" content=\"La fruta seca se ha convertido en un s\u00edmbolo de nutrici\u00f3n saludable. Las almendras, nueces, pistachos y avellanas ahora son omnipresentes en dietas, celebradas por\" \/>\n<meta property=\"og:url\" content=\"https:\/\/stacatarina.mx\/consejos\/todos-los-errores-que-cometas-con-fruta-seca-lo-que-nunca-te-dicen\/\" \/>\n<meta property=\"og:site_name\" content=\"Santa Catarina\" \/>\n<meta property=\"article:publisher\" content=\"https:\/\/www.facebook.com\/stacatarinagob\/\" \/>\n<meta property=\"article:published_time\" content=\"2025-09-14T14:38:10+00:00\" \/>\n<meta property=\"article:modified_time\" content=\"2025-09-14T14:38:12+00:00\" \/>\n<meta property=\"og:image\" content=\"https:\/\/stacatarina.mx\/consejos\/wp-content\/uploads\/2025\/08\/1755339672_733_Cinco-alimentos-para-evitar-bajo-el-sol-de-verano-el.jpg\" \/>\n\t<meta property=\"og:image:width\" content=\"1500\" \/>\n\t<meta property=\"og:image:height\" content=\"1000\" \/>\n\t<meta property=\"og:image:type\" content=\"image\/jpeg\" \/>\n<meta name=\"author\" content=\"Pedro Mart\u00ednez\" \/>\n<meta name=\"twitter:card\" content=\"summary_large_image\" \/>\n<meta name=\"twitter:creator\" content=\"@stacatarinagob\" \/>\n<meta name=\"twitter:site\" content=\"@stacatarinagob\" \/>\n<meta name=\"twitter:label1\" content=\"Escrito por\" \/>\n\t<meta name=\"twitter:data1\" content=\"Pedro Mart\u00ednez\" \/>\n\t<meta name=\"twitter:label2\" content=\"Tiempo de lectura\" \/>\n\t<meta name=\"twitter:data2\" content=\"3 minutos\" \/>\n<script type=\"application\/ld+json\" class=\"yoast-schema-graph\">{\"@context\":\"https:\/\/schema.org\",\"@graph\":[{\"@type\":\"Article\",\"@id\":\"https:\/\/stacatarina.mx\/consejos\/todos-los-errores-que-cometas-con-fruta-seca-lo-que-nunca-te-dicen\/#article\",\"isPartOf\":{\"@id\":\"https:\/\/stacatarina.mx\/consejos\/todos-los-errores-que-cometas-con-fruta-seca-lo-que-nunca-te-dicen\/\"},\"author\":{\"name\":\"Pedro Mart\u00ednez\",\"@id\":\"https:\/\/stacatarina.mx\/consejos\/#\/schema\/person\/0be60adffa8e4c4d0828fdf021450e8a\"},\"headline\":\"Todos los errores que cometas con fruta seca: lo que nunca te dicen\",\"datePublished\":\"2025-09-14T14:38:10+00:00\",\"dateModified\":\"2025-09-14T14:38:12+00:00\",\"mainEntityOfPage\":{\"@id\":\"https:\/\/stacatarina.mx\/consejos\/todos-los-errores-que-cometas-con-fruta-seca-lo-que-nunca-te-dicen\/\"},\"wordCount\":697,\"publisher\":{\"@id\":\"https:\/\/stacatarina.mx\/consejos\/#organization\"},\"image\":{\"@id\":\"https:\/\/stacatarina.mx\/consejos\/todos-los-errores-que-cometas-con-fruta-seca-lo-que-nunca-te-dicen\/#primaryimage\"},\"thumbnailUrl\":\"https:\/\/stacatarina.mx\/consejos\/wp-content\/uploads\/2025\/08\/1755339672_733_Cinco-alimentos-para-evitar-bajo-el-sol-de-verano-el.jpg\",\"keywords\":[\"cometas\",\"con\",\"dicen\",\"errores\",\"fruta\",\"los\",\"nunca\",\"seca\",\"todos\"],\"articleSection\":[\"Salud\"],\"inLanguage\":\"es\"},{\"@type\":\"WebPage\",\"@id\":\"https:\/\/stacatarina.mx\/consejos\/todos-los-errores-que-cometas-con-fruta-seca-lo-que-nunca-te-dicen\/\",\"url\":\"https:\/\/stacatarina.mx\/consejos\/todos-los-errores-que-cometas-con-fruta-seca-lo-que-nunca-te-dicen\/\",\"name\":\"Todos los errores que cometas con fruta seca: lo que nunca te dicen - Consejos - Santa Catarina\",\"isPartOf\":{\"@id\":\"https:\/\/stacatarina.mx\/consejos\/#website\"},\"primaryImageOfPage\":{\"@id\":\"https:\/\/stacatarina.mx\/consejos\/todos-los-errores-que-cometas-con-fruta-seca-lo-que-nunca-te-dicen\/#primaryimage\"},\"image\":{\"@id\":\"https:\/\/stacatarina.mx\/consejos\/todos-los-errores-que-cometas-con-fruta-seca-lo-que-nunca-te-dicen\/#primaryimage\"},\"thumbnailUrl\":\"https:\/\/stacatarina.mx\/consejos\/wp-content\/uploads\/2025\/08\/1755339672_733_Cinco-alimentos-para-evitar-bajo-el-sol-de-verano-el.jpg\",\"datePublished\":\"2025-09-14T14:38:10+00:00\",\"dateModified\":\"2025-09-14T14:38:12+00:00\",\"breadcrumb\":{\"@id\":\"https:\/\/stacatarina.mx\/consejos\/todos-los-errores-que-cometas-con-fruta-seca-lo-que-nunca-te-dicen\/#breadcrumb\"},\"inLanguage\":\"es\",\"potentialAction\":[{\"@type\":\"ReadAction\",\"target\":[\"https:\/\/stacatarina.mx\/consejos\/todos-los-errores-que-cometas-con-fruta-seca-lo-que-nunca-te-dicen\/\"]}]},{\"@type\":\"ImageObject\",\"inLanguage\":\"es\",\"@id\":\"https:\/\/stacatarina.mx\/consejos\/todos-los-errores-que-cometas-con-fruta-seca-lo-que-nunca-te-dicen\/#primaryimage\",\"url\":\"https:\/\/stacatarina.mx\/consejos\/wp-content\/uploads\/2025\/08\/1755339672_733_Cinco-alimentos-para-evitar-bajo-el-sol-de-verano-el.jpg\",\"contentUrl\":\"https:\/\/stacatarina.mx\/consejos\/wp-content\/uploads\/2025\/08\/1755339672_733_Cinco-alimentos-para-evitar-bajo-el-sol-de-verano-el.jpg\",\"width\":1500,\"height\":1000,\"caption\":\"frutta secca\"},{\"@type\":\"BreadcrumbList\",\"@id\":\"https:\/\/stacatarina.mx\/consejos\/todos-los-errores-que-cometas-con-fruta-seca-lo-que-nunca-te-dicen\/#breadcrumb\",\"itemListElement\":[{\"@type\":\"ListItem\",\"position\":1,\"name\":\"Inicio\",\"item\":\"https:\/\/stacatarina.mx\/consejos\/\"},{\"@type\":\"ListItem\",\"position\":2,\"name\":\"Todos los errores que cometas con fruta seca: lo que nunca te dicen\"}]},{\"@type\":\"WebSite\",\"@id\":\"https:\/\/stacatarina.mx\/consejos\/#website\",\"url\":\"https:\/\/stacatarina.mx\/consejos\/\",\"name\":\"Santa Catarina\",\"description\":\"\",\"publisher\":{\"@id\":\"https:\/\/stacatarina.mx\/consejos\/#organization\"},\"potentialAction\":[{\"@type\":\"SearchAction\",\"target\":{\"@type\":\"EntryPoint\",\"urlTemplate\":\"https:\/\/stacatarina.mx\/consejos\/?s={search_term_string}\"},\"query-input\":{\"@type\":\"PropertyValueSpecification\",\"valueRequired\":true,\"valueName\":\"search_term_string\"}}],\"inLanguage\":\"es\"},{\"@type\":\"Organization\",\"@id\":\"https:\/\/stacatarina.mx\/consejos\/#organization\",\"name\":\"Santa Catarina\",\"url\":\"https:\/\/stacatarina.mx\/consejos\/\",\"logo\":{\"@type\":\"ImageObject\",\"inLanguage\":\"es\",\"@id\":\"https:\/\/stacatarina.mx\/consejos\/#\/schema\/logo\/image\/\",\"url\":\"https:\/\/stacatarina.mx\/consejos\/wp-content\/uploads\/2024\/09\/cropped-favicon-1-1.png\",\"contentUrl\":\"https:\/\/stacatarina.mx\/consejos\/wp-content\/uploads\/2024\/09\/cropped-favicon-1-1.png\",\"width\":512,\"height\":512,\"caption\":\"Santa Catarina\"},\"image\":{\"@id\":\"https:\/\/stacatarina.mx\/consejos\/#\/schema\/logo\/image\/\"},\"sameAs\":[\"https:\/\/www.facebook.com\/stacatarinagob\/\",\"https:\/\/x.com\/stacatarinagob\",\"https:\/\/www.instagram.com\/stacatarinagob\/\",\"https:\/\/www.youtube.com\/channel\/UCK-6cQJL_904665N1_nLTWw\"]},{\"@type\":\"Person\",\"@id\":\"https:\/\/stacatarina.mx\/consejos\/#\/schema\/person\/0be60adffa8e4c4d0828fdf021450e8a\",\"name\":\"Pedro Mart\u00ednez\",\"image\":{\"@type\":\"ImageObject\",\"inLanguage\":\"es\",\"@id\":\"https:\/\/stacatarina.mx\/consejos\/#\/schema\/person\/image\/\",\"url\":\"https:\/\/stacatarina.mx\/consejos\/wp-content\/uploads\/2024\/09\/stacatarina.jpg\",\"contentUrl\":\"https:\/\/stacatarina.mx\/consejos\/wp-content\/uploads\/2024\/09\/stacatarina.jpg\",\"caption\":\"Pedro Mart\u00ednez\"},\"description\":\"Hola, soy Pedro Mart\u00ednez, redactor jefe del sitio oficial del ayuntamiento de Santa Catarina, en M\u00e9xico. Con m\u00e1s de diez a\u00f1os de experiencia en el periodismo local, tengo una pasi\u00f3n por la investigaci\u00f3n y la difusi\u00f3n de informaci\u00f3n que valoriza nuestra hermosa comunidad. Mi compromiso es hacer de Santa Catarina una referencia en materia de transparencia y comunicaci\u00f3n municipal.\",\"sameAs\":[\"https:\/\/stacatarina.mx\/\"]}]}<\/script>\n<!-- \/ Yoast SEO plugin. -->","yoast_head_json":{"title":"Todos los errores que cometas con fruta seca: lo que nunca te dicen - Consejos - Santa Catarina","robots":{"index":"index","follow":"follow","max-snippet":"max-snippet:-1","max-image-preview":"max-image-preview:large","max-video-preview":"max-video-preview:-1"},"canonical":"https:\/\/stacatarina.mx\/consejos\/todos-los-errores-que-cometas-con-fruta-seca-lo-que-nunca-te-dicen\/","og_locale":"es_MX","og_type":"article","og_title":"Todos los errores que cometas con fruta seca: lo que nunca te dicen - Consejos - Santa Catarina","og_description":"La fruta seca se ha convertido en un s\u00edmbolo de nutrici\u00f3n saludable. Las almendras, nueces, pistachos y avellanas ahora son omnipresentes en dietas, celebradas por","og_url":"https:\/\/stacatarina.mx\/consejos\/todos-los-errores-que-cometas-con-fruta-seca-lo-que-nunca-te-dicen\/","og_site_name":"Santa Catarina","article_publisher":"https:\/\/www.facebook.com\/stacatarinagob\/","article_published_time":"2025-09-14T14:38:10+00:00","article_modified_time":"2025-09-14T14:38:12+00:00","og_image":[{"width":1500,"height":1000,"url":"https:\/\/stacatarina.mx\/consejos\/wp-content\/uploads\/2025\/08\/1755339672_733_Cinco-alimentos-para-evitar-bajo-el-sol-de-verano-el.jpg","type":"image\/jpeg"}],"author":"Pedro Mart\u00ednez","twitter_card":"summary_large_image","twitter_creator":"@stacatarinagob","twitter_site":"@stacatarinagob","twitter_misc":{"Escrito por":"Pedro Mart\u00ednez","Tiempo de lectura":"3 minutos"},"schema":{"@context":"https:\/\/schema.org","@graph":[{"@type":"Article","@id":"https:\/\/stacatarina.mx\/consejos\/todos-los-errores-que-cometas-con-fruta-seca-lo-que-nunca-te-dicen\/#article","isPartOf":{"@id":"https:\/\/stacatarina.mx\/consejos\/todos-los-errores-que-cometas-con-fruta-seca-lo-que-nunca-te-dicen\/"},"author":{"name":"Pedro Mart\u00ednez","@id":"https:\/\/stacatarina.mx\/consejos\/#\/schema\/person\/0be60adffa8e4c4d0828fdf021450e8a"},"headline":"Todos los errores que cometas con fruta seca: lo que nunca te dicen","datePublished":"2025-09-14T14:38:10+00:00","dateModified":"2025-09-14T14:38:12+00:00","mainEntityOfPage":{"@id":"https:\/\/stacatarina.mx\/consejos\/todos-los-errores-que-cometas-con-fruta-seca-lo-que-nunca-te-dicen\/"},"wordCount":697,"publisher":{"@id":"https:\/\/stacatarina.mx\/consejos\/#organization"},"image":{"@id":"https:\/\/stacatarina.mx\/consejos\/todos-los-errores-que-cometas-con-fruta-seca-lo-que-nunca-te-dicen\/#primaryimage"},"thumbnailUrl":"https:\/\/stacatarina.mx\/consejos\/wp-content\/uploads\/2025\/08\/1755339672_733_Cinco-alimentos-para-evitar-bajo-el-sol-de-verano-el.jpg","keywords":["cometas","con","dicen","errores","fruta","los","nunca","seca","todos"],"articleSection":["Salud"],"inLanguage":"es"},{"@type":"WebPage","@id":"https:\/\/stacatarina.mx\/consejos\/todos-los-errores-que-cometas-con-fruta-seca-lo-que-nunca-te-dicen\/","url":"https:\/\/stacatarina.mx\/consejos\/todos-los-errores-que-cometas-con-fruta-seca-lo-que-nunca-te-dicen\/","name":"Todos los errores que cometas con fruta seca: lo que nunca te dicen - Consejos - Santa Catarina","isPartOf":{"@id":"https:\/\/stacatarina.mx\/consejos\/#website"},"primaryImageOfPage":{"@id":"https:\/\/stacatarina.mx\/consejos\/todos-los-errores-que-cometas-con-fruta-seca-lo-que-nunca-te-dicen\/#primaryimage"},"image":{"@id":"https:\/\/stacatarina.mx\/consejos\/todos-los-errores-que-cometas-con-fruta-seca-lo-que-nunca-te-dicen\/#primaryimage"},"thumbnailUrl":"https:\/\/stacatarina.mx\/consejos\/wp-content\/uploads\/2025\/08\/1755339672_733_Cinco-alimentos-para-evitar-bajo-el-sol-de-verano-el.jpg","datePublished":"2025-09-14T14:38:10+00:00","dateModified":"2025-09-14T14:38:12+00:00","breadcrumb":{"@id":"https:\/\/stacatarina.mx\/consejos\/todos-los-errores-que-cometas-con-fruta-seca-lo-que-nunca-te-dicen\/#breadcrumb"},"inLanguage":"es","potentialAction":[{"@type":"ReadAction","target":["https:\/\/stacatarina.mx\/consejos\/todos-los-errores-que-cometas-con-fruta-seca-lo-que-nunca-te-dicen\/"]}]},{"@type":"ImageObject","inLanguage":"es","@id":"https:\/\/stacatarina.mx\/consejos\/todos-los-errores-que-cometas-con-fruta-seca-lo-que-nunca-te-dicen\/#primaryimage","url":"https:\/\/stacatarina.mx\/consejos\/wp-content\/uploads\/2025\/08\/1755339672_733_Cinco-alimentos-para-evitar-bajo-el-sol-de-verano-el.jpg","contentUrl":"https:\/\/stacatarina.mx\/consejos\/wp-content\/uploads\/2025\/08\/1755339672_733_Cinco-alimentos-para-evitar-bajo-el-sol-de-verano-el.jpg","width":1500,"height":1000,"caption":"frutta secca"},{"@type":"BreadcrumbList","@id":"https:\/\/stacatarina.mx\/consejos\/todos-los-errores-que-cometas-con-fruta-seca-lo-que-nunca-te-dicen\/#breadcrumb","itemListElement":[{"@type":"ListItem","position":1,"name":"Inicio","item":"https:\/\/stacatarina.mx\/consejos\/"},{"@type":"ListItem","position":2,"name":"Todos los errores que cometas con fruta seca: lo que nunca te dicen"}]},{"@type":"WebSite","@id":"https:\/\/stacatarina.mx\/consejos\/#website","url":"https:\/\/stacatarina.mx\/consejos\/","name":"Santa Catarina","description":"","publisher":{"@id":"https:\/\/stacatarina.mx\/consejos\/#organization"},"potentialAction":[{"@type":"SearchAction","target":{"@type":"EntryPoint","urlTemplate":"https:\/\/stacatarina.mx\/consejos\/?s={search_term_string}"},"query-input":{"@type":"PropertyValueSpecification","valueRequired":true,"valueName":"search_term_string"}}],"inLanguage":"es"},{"@type":"Organization","@id":"https:\/\/stacatarina.mx\/consejos\/#organization","name":"Santa Catarina","url":"https:\/\/stacatarina.mx\/consejos\/","logo":{"@type":"ImageObject","inLanguage":"es","@id":"https:\/\/stacatarina.mx\/consejos\/#\/schema\/logo\/image\/","url":"https:\/\/stacatarina.mx\/consejos\/wp-content\/uploads\/2024\/09\/cropped-favicon-1-1.png","contentUrl":"https:\/\/stacatarina.mx\/consejos\/wp-content\/uploads\/2024\/09\/cropped-favicon-1-1.png","width":512,"height":512,"caption":"Santa Catarina"},"image":{"@id":"https:\/\/stacatarina.mx\/consejos\/#\/schema\/logo\/image\/"},"sameAs":["https:\/\/www.facebook.com\/stacatarinagob\/","https:\/\/x.com\/stacatarinagob","https:\/\/www.instagram.com\/stacatarinagob\/","https:\/\/www.youtube.com\/channel\/UCK-6cQJL_904665N1_nLTWw"]},{"@type":"Person","@id":"https:\/\/stacatarina.mx\/consejos\/#\/schema\/person\/0be60adffa8e4c4d0828fdf021450e8a","name":"Pedro Mart\u00ednez","image":{"@type":"ImageObject","inLanguage":"es","@id":"https:\/\/stacatarina.mx\/consejos\/#\/schema\/person\/image\/","url":"https:\/\/stacatarina.mx\/consejos\/wp-content\/uploads\/2024\/09\/stacatarina.jpg","contentUrl":"https:\/\/stacatarina.mx\/consejos\/wp-content\/uploads\/2024\/09\/stacatarina.jpg","caption":"Pedro Mart\u00ednez"},"description":"Hola, soy Pedro Mart\u00ednez, redactor jefe del sitio oficial del ayuntamiento de Santa Catarina, en M\u00e9xico. Con m\u00e1s de diez a\u00f1os de experiencia en el periodismo local, tengo una pasi\u00f3n por la investigaci\u00f3n y la difusi\u00f3n de informaci\u00f3n que valoriza nuestra hermosa comunidad. Mi compromiso es hacer de Santa Catarina una referencia en materia de transparencia y comunicaci\u00f3n municipal.","sameAs":["https:\/\/stacatarina.mx\/"]}]}},"_links":{"self":[{"href":"https:\/\/stacatarina.mx\/consejos\/wp-json\/wp\/v2\/posts\/5359"}],"collection":[{"href":"https:\/\/stacatarina.mx\/consejos\/wp-json\/wp\/v2\/posts"}],"about":[{"href":"https:\/\/stacatarina.mx\/consejos\/wp-json\/wp\/v2\/types\/post"}],"author":[{"embeddable":true,"href":"https:\/\/stacatarina.mx\/consejos\/wp-json\/wp\/v2\/users\/1"}],"replies":[{"embeddable":true,"href":"https:\/\/stacatarina.mx\/consejos\/wp-json\/wp\/v2\/comments?post=5359"}],"version-history":[{"count":1,"href":"https:\/\/stacatarina.mx\/consejos\/wp-json\/wp\/v2\/posts\/5359\/revisions"}],"predecessor-version":[{"id":5361,"href":"https:\/\/stacatarina.mx\/consejos\/wp-json\/wp\/v2\/posts\/5359\/revisions\/5361"}],"wp:featuredmedia":[{"embeddable":true,"href":"https:\/\/stacatarina.mx\/consejos\/wp-json\/wp\/v2\/media\/5360"}],"wp:attachment":[{"href":"https:\/\/stacatarina.mx\/consejos\/wp-json\/wp\/v2\/media?parent=5359"}],"wp:term":[{"taxonomy":"category","embeddable":true,"href":"https:\/\/stacatarina.mx\/consejos\/wp-json\/wp\/v2\/categories?post=5359"},{"taxonomy":"post_tag","embeddable":true,"href":"https:\/\/stacatarina.mx\/consejos\/wp-json\/wp\/v2\/tags?post=5359"}],"curies":[{"name":"wp","href":"https:\/\/api.w.org\/{rel}","templated":true}]}}