{"id":5362,"date":"2025-09-14T12:41:48","date_gmt":"2025-09-14T18:41:48","guid":{"rendered":"https:\/\/stacatarina.mx\/consejos\/respiracion-profunda-el-estudio-que-demuestra-su-efecto-psicodelico-y-dicha-en-el-cerebro\/"},"modified":"2025-09-14T12:41:50","modified_gmt":"2025-09-14T18:41:50","slug":"respiracion-profunda-el-estudio-que-demuestra-su-efecto-psicodelico-y-dicha-en-el-cerebro","status":"publish","type":"post","link":"https:\/\/stacatarina.mx\/consejos\/respiracion-profunda-el-estudio-que-demuestra-su-efecto-psicodelico-y-dicha-en-el-cerebro\/","title":{"rendered":"Respiraci\u00f3n profunda: el estudio que demuestra su efecto psicod\u00e9lico y &#8220;dicha&#8221; en el cerebro"},"content":{"rendered":"<p><\/p>\n<p>Respira de cierta manera, durante un momento preciso y con la intensidad correcta, puede alterar la actividad del cerebro de manera profunda, tanto que es generar un estado mental similar al causado por los psicod\u00e9licos. Esta no es una teor\u00eda alternativa, sino el resultado de la investigaci\u00f3n cient\u00edfica realizada por la escuela de medicina Brighton y Sussex en el Reino Unido, que monitore\u00f3 las respuestas fisiol\u00f3gicas y neurol\u00f3gicas de aquellos que practican t\u00e9cnicas de respiraci\u00f3n profundas y aceleradas, conocidas como <em>Aliento<\/em>.<\/p>\n<p>Seg\u00fan el estudio, estas pr\u00e1cticas pueden cambiar el flujo sangu\u00edneo cerebral, influyendo en las \u00e1reas relacionadas con las emociones, la memoria y la percepci\u00f3n corporal. Los participantes describieron sensaciones de intenso bien bien, reducci\u00f3n de la ansiedad y un sentido de &#8220;unidad&#8221; que la ciencia reconoce cada vez m\u00e1s en los contextos terap\u00e9uticos.<\/p>\n<h2> Los resultados del estudio<\/h2>\n<p>El equipo dirigido por la investigadora Amy Amla Kartar involucr\u00f3 a 42 participantes, algunos remotamente, otros en el laboratorio y otros a\u00fan sometidos a im\u00e1genes de resonancia magn\u00e9tica funcional. Las sesiones duraron entre 20 y 30 minutos e incluyeron el uso de m\u00fasica que variaba desde tonos relajantes hasta canciones m\u00e1s atractivas. La respiraci\u00f3n fue r\u00e1pida, controlada y contin\u00faa.<\/p>\n<p>Durante las sesiones, se observ\u00f3 una ca\u00edda significativa en el flujo sangu\u00edneo a algunas \u00e1reas cerebrales involucradas en la percepci\u00f3n del cuerpo, en particular el op\u00e9rculo izquierdo y la \u00ednsula trasera. Al mismo tiempo, el flujo a \u00e1reas como la am\u00edgdala derecha y el hipocampo delantero, responsable de la elaboraci\u00f3n de emociones y recuerdos, aument\u00f3.<\/p>\n<p>Estos cambios cerebrales son similares a los observados en personas que toman psilocibina, seg\u00fan estudios anteriores. Los participantes tambi\u00e9n mostraron una disminuci\u00f3n en la variabilidad de la frecuencia card\u00edaca, un par\u00e1metro vinculado a la activaci\u00f3n del sistema nervioso simp\u00e1tico. En la pr\u00e1ctica, el cuerpo entr\u00f3 en un estado de activaci\u00f3n controlada, pero sin molestias f\u00edsicas.<\/p>\n<p>Las sensaciones descritas fueron a una profunda relajaci\u00f3n a una percepci\u00f3n de unidad y fusi\u00f3n, similar a lo que Sigmund Freud llam\u00f3 &#8220;ilimitaci\u00f3n oce\u00e1nica&#8221;, una forma de conciencia alterada pero positiva.<\/p>\n<h2>La respiraci\u00f3n podr\u00eda convertirse en apoyo natural<\/h2>\n<p>El Dr. Alessandro Colossanti, quien coordin\u00f3 la parte neurocient\u00edfica del estudio, subraya que el trabajo de respiraci\u00f3n es una herramienta natural de neuromodulaci\u00f3n o una pr\u00e1ctica capaz de influir en la actividad del sistema nervioso de una manera no invasiva.<\/p>\n<p>A lo largo del estudio, y muchos participantes informaron una sensaci\u00f3n de alivio y bien emotivo. Este tipo de respiraci\u00f3n, si se realiza de manera guiada y segura, podr\u00eda representar una opci\u00f3n \u00fatil para aquellos que sufren ansiedad, estr\u00e9s cr\u00f3nico o dificultad para manejar las emociones, alternativamente o apoyar caminos terap\u00e9uticos m\u00e1s estructurados.<\/p>\n<p>Cabe se\u00f1alar que la m\u00fasica por s\u00ed sola no puede producir los mismos efectos: es la uni\u00f3n entre la respiraci\u00f3n acelerada y los sonidos evocadores lo que genera los cambios observados. Los autores recomiendan m\u00e1s estudios con grupos m\u00e1s grandes y controlados, para comprender mejor tanto los mecanismos involucrados como el papel de la m\u00fasica en la modulaci\u00f3n de las emociones.<\/p><\/p>\n","protected":false},"excerpt":{"rendered":"<p>Respira de cierta manera, durante un momento preciso y con la intensidad correcta, puede alterar la actividad del cerebro de manera profunda, tanto que es<\/p>\n","protected":false},"author":1,"featured_media":5363,"comment_status":"closed","ping_status":"","sticky":false,"template":"","format":"standard","meta":{"footnotes":""},"categories":[762],"tags":[915,1594,6010,824,219,6009,4039,6008],"class_list":["post-5362","post","type-post","status-publish","format-standard","has-post-thumbnail","hentry","category-salud","tag-cerebro","tag-demuestra","tag-dicha","tag-efecto","tag-estudio","tag-profunda","tag-psicodelico","tag-respiracion","generate-columns","tablet-grid-50","mobile-grid-100","grid-parent","grid-50"],"yoast_head":"<!-- This site is optimized with the Yoast SEO plugin v23.4 - https:\/\/yoast.com\/wordpress\/plugins\/seo\/ -->\n<title>Respiraci\u00f3n profunda: el estudio que demuestra su efecto psicod\u00e9lico y &quot;dicha&quot; en el cerebro - Consejos - Santa Catarina<\/title>\n<meta name=\"robots\" content=\"index, follow, max-snippet:-1, max-image-preview:large, max-video-preview:-1\" \/>\n<link rel=\"canonical\" href=\"https:\/\/stacatarina.mx\/consejos\/respiracion-profunda-el-estudio-que-demuestra-su-efecto-psicodelico-y-dicha-en-el-cerebro\/\" \/>\n<meta property=\"og:locale\" content=\"es_MX\" \/>\n<meta property=\"og:type\" content=\"article\" \/>\n<meta property=\"og:title\" content=\"Respiraci\u00f3n profunda: el estudio que demuestra su efecto psicod\u00e9lico y &quot;dicha&quot; en el cerebro - Consejos - Santa Catarina\" \/>\n<meta property=\"og:description\" content=\"Respira de cierta manera, durante un momento preciso y con la intensidad correcta, puede alterar la actividad del cerebro de manera profunda, tanto que es\" \/>\n<meta property=\"og:url\" content=\"https:\/\/stacatarina.mx\/consejos\/respiracion-profunda-el-estudio-que-demuestra-su-efecto-psicodelico-y-dicha-en-el-cerebro\/\" \/>\n<meta property=\"og:site_name\" content=\"Santa Catarina\" \/>\n<meta property=\"article:publisher\" content=\"https:\/\/www.facebook.com\/stacatarinagob\/\" \/>\n<meta property=\"article:published_time\" content=\"2025-09-14T18:41:48+00:00\" \/>\n<meta property=\"article:modified_time\" content=\"2025-09-14T18:41:50+00:00\" \/>\n<meta property=\"og:image\" content=\"https:\/\/stacatarina.mx\/consejos\/wp-content\/uploads\/2025\/09\/1757875308_Respiracion-profunda-el-estudio-que-demuestra-su-efecto-psicodelico-y.jpg\" \/>\n\t<meta property=\"og:image:width\" content=\"1500\" \/>\n\t<meta property=\"og:image:height\" content=\"1000\" \/>\n\t<meta property=\"og:image:type\" content=\"image\/jpeg\" \/>\n<meta name=\"author\" content=\"Pedro Mart\u00ednez\" \/>\n<meta name=\"twitter:card\" content=\"summary_large_image\" \/>\n<meta name=\"twitter:creator\" content=\"@stacatarinagob\" \/>\n<meta name=\"twitter:site\" content=\"@stacatarinagob\" \/>\n<meta name=\"twitter:label1\" content=\"Escrito por\" \/>\n\t<meta name=\"twitter:data1\" content=\"Pedro Mart\u00ednez\" \/>\n\t<meta name=\"twitter:label2\" content=\"Tiempo de lectura\" \/>\n\t<meta name=\"twitter:data2\" content=\"3 minutos\" \/>\n<script type=\"application\/ld+json\" class=\"yoast-schema-graph\">{\"@context\":\"https:\/\/schema.org\",\"@graph\":[{\"@type\":\"Article\",\"@id\":\"https:\/\/stacatarina.mx\/consejos\/respiracion-profunda-el-estudio-que-demuestra-su-efecto-psicodelico-y-dicha-en-el-cerebro\/#article\",\"isPartOf\":{\"@id\":\"https:\/\/stacatarina.mx\/consejos\/respiracion-profunda-el-estudio-que-demuestra-su-efecto-psicodelico-y-dicha-en-el-cerebro\/\"},\"author\":{\"name\":\"Pedro Mart\u00ednez\",\"@id\":\"https:\/\/stacatarina.mx\/consejos\/#\/schema\/person\/0be60adffa8e4c4d0828fdf021450e8a\"},\"headline\":\"Respiraci\u00f3n profunda: el estudio que demuestra su efecto psicod\u00e9lico y &#8220;dicha&#8221; en el cerebro\",\"datePublished\":\"2025-09-14T18:41:48+00:00\",\"dateModified\":\"2025-09-14T18:41:50+00:00\",\"mainEntityOfPage\":{\"@id\":\"https:\/\/stacatarina.mx\/consejos\/respiracion-profunda-el-estudio-que-demuestra-su-efecto-psicodelico-y-dicha-en-el-cerebro\/\"},\"wordCount\":578,\"publisher\":{\"@id\":\"https:\/\/stacatarina.mx\/consejos\/#organization\"},\"image\":{\"@id\":\"https:\/\/stacatarina.mx\/consejos\/respiracion-profunda-el-estudio-que-demuestra-su-efecto-psicodelico-y-dicha-en-el-cerebro\/#primaryimage\"},\"thumbnailUrl\":\"https:\/\/stacatarina.mx\/consejos\/wp-content\/uploads\/2025\/09\/1757875308_Respiracion-profunda-el-estudio-que-demuestra-su-efecto-psicodelico-y.jpg\",\"keywords\":[\"cerebro\",\"demuestra\",\"dicha\",\"efecto\",\"estudio\",\"profunda\",\"psicod\u00e9lico\",\"Respiraci\u00f3n\"],\"articleSection\":[\"Salud\"],\"inLanguage\":\"es\"},{\"@type\":\"WebPage\",\"@id\":\"https:\/\/stacatarina.mx\/consejos\/respiracion-profunda-el-estudio-que-demuestra-su-efecto-psicodelico-y-dicha-en-el-cerebro\/\",\"url\":\"https:\/\/stacatarina.mx\/consejos\/respiracion-profunda-el-estudio-que-demuestra-su-efecto-psicodelico-y-dicha-en-el-cerebro\/\",\"name\":\"Respiraci\u00f3n profunda: el estudio que demuestra su efecto psicod\u00e9lico y \\\"dicha\\\" en el cerebro - Consejos - Santa Catarina\",\"isPartOf\":{\"@id\":\"https:\/\/stacatarina.mx\/consejos\/#website\"},\"primaryImageOfPage\":{\"@id\":\"https:\/\/stacatarina.mx\/consejos\/respiracion-profunda-el-estudio-que-demuestra-su-efecto-psicodelico-y-dicha-en-el-cerebro\/#primaryimage\"},\"image\":{\"@id\":\"https:\/\/stacatarina.mx\/consejos\/respiracion-profunda-el-estudio-que-demuestra-su-efecto-psicodelico-y-dicha-en-el-cerebro\/#primaryimage\"},\"thumbnailUrl\":\"https:\/\/stacatarina.mx\/consejos\/wp-content\/uploads\/2025\/09\/1757875308_Respiracion-profunda-el-estudio-que-demuestra-su-efecto-psicodelico-y.jpg\",\"datePublished\":\"2025-09-14T18:41:48+00:00\",\"dateModified\":\"2025-09-14T18:41:50+00:00\",\"breadcrumb\":{\"@id\":\"https:\/\/stacatarina.mx\/consejos\/respiracion-profunda-el-estudio-que-demuestra-su-efecto-psicodelico-y-dicha-en-el-cerebro\/#breadcrumb\"},\"inLanguage\":\"es\",\"potentialAction\":[{\"@type\":\"ReadAction\",\"target\":[\"https:\/\/stacatarina.mx\/consejos\/respiracion-profunda-el-estudio-que-demuestra-su-efecto-psicodelico-y-dicha-en-el-cerebro\/\"]}]},{\"@type\":\"ImageObject\",\"inLanguage\":\"es\",\"@id\":\"https:\/\/stacatarina.mx\/consejos\/respiracion-profunda-el-estudio-que-demuestra-su-efecto-psicodelico-y-dicha-en-el-cerebro\/#primaryimage\",\"url\":\"https:\/\/stacatarina.mx\/consejos\/wp-content\/uploads\/2025\/09\/1757875308_Respiracion-profunda-el-estudio-que-demuestra-su-efecto-psicodelico-y.jpg\",\"contentUrl\":\"https:\/\/stacatarina.mx\/consejos\/wp-content\/uploads\/2025\/09\/1757875308_Respiracion-profunda-el-estudio-que-demuestra-su-efecto-psicodelico-y.jpg\",\"width\":1500,\"height\":1000,\"caption\":\"respirazione profonda\"},{\"@type\":\"BreadcrumbList\",\"@id\":\"https:\/\/stacatarina.mx\/consejos\/respiracion-profunda-el-estudio-que-demuestra-su-efecto-psicodelico-y-dicha-en-el-cerebro\/#breadcrumb\",\"itemListElement\":[{\"@type\":\"ListItem\",\"position\":1,\"name\":\"Inicio\",\"item\":\"https:\/\/stacatarina.mx\/consejos\/\"},{\"@type\":\"ListItem\",\"position\":2,\"name\":\"Respiraci\u00f3n profunda: el estudio que demuestra su efecto psicod\u00e9lico y &#8220;dicha&#8221; en el cerebro\"}]},{\"@type\":\"WebSite\",\"@id\":\"https:\/\/stacatarina.mx\/consejos\/#website\",\"url\":\"https:\/\/stacatarina.mx\/consejos\/\",\"name\":\"Santa Catarina\",\"description\":\"\",\"publisher\":{\"@id\":\"https:\/\/stacatarina.mx\/consejos\/#organization\"},\"potentialAction\":[{\"@type\":\"SearchAction\",\"target\":{\"@type\":\"EntryPoint\",\"urlTemplate\":\"https:\/\/stacatarina.mx\/consejos\/?s={search_term_string}\"},\"query-input\":{\"@type\":\"PropertyValueSpecification\",\"valueRequired\":true,\"valueName\":\"search_term_string\"}}],\"inLanguage\":\"es\"},{\"@type\":\"Organization\",\"@id\":\"https:\/\/stacatarina.mx\/consejos\/#organization\",\"name\":\"Santa Catarina\",\"url\":\"https:\/\/stacatarina.mx\/consejos\/\",\"logo\":{\"@type\":\"ImageObject\",\"inLanguage\":\"es\",\"@id\":\"https:\/\/stacatarina.mx\/consejos\/#\/schema\/logo\/image\/\",\"url\":\"https:\/\/stacatarina.mx\/consejos\/wp-content\/uploads\/2024\/09\/cropped-favicon-1-1.png\",\"contentUrl\":\"https:\/\/stacatarina.mx\/consejos\/wp-content\/uploads\/2024\/09\/cropped-favicon-1-1.png\",\"width\":512,\"height\":512,\"caption\":\"Santa Catarina\"},\"image\":{\"@id\":\"https:\/\/stacatarina.mx\/consejos\/#\/schema\/logo\/image\/\"},\"sameAs\":[\"https:\/\/www.facebook.com\/stacatarinagob\/\",\"https:\/\/x.com\/stacatarinagob\",\"https:\/\/www.instagram.com\/stacatarinagob\/\",\"https:\/\/www.youtube.com\/channel\/UCK-6cQJL_904665N1_nLTWw\"]},{\"@type\":\"Person\",\"@id\":\"https:\/\/stacatarina.mx\/consejos\/#\/schema\/person\/0be60adffa8e4c4d0828fdf021450e8a\",\"name\":\"Pedro Mart\u00ednez\",\"image\":{\"@type\":\"ImageObject\",\"inLanguage\":\"es\",\"@id\":\"https:\/\/stacatarina.mx\/consejos\/#\/schema\/person\/image\/\",\"url\":\"https:\/\/stacatarina.mx\/consejos\/wp-content\/uploads\/2024\/09\/stacatarina.jpg\",\"contentUrl\":\"https:\/\/stacatarina.mx\/consejos\/wp-content\/uploads\/2024\/09\/stacatarina.jpg\",\"caption\":\"Pedro Mart\u00ednez\"},\"description\":\"Hola, soy Pedro Mart\u00ednez, redactor jefe del sitio oficial del ayuntamiento de Santa Catarina, en M\u00e9xico. Con m\u00e1s de diez a\u00f1os de experiencia en el periodismo local, tengo una pasi\u00f3n por la investigaci\u00f3n y la difusi\u00f3n de informaci\u00f3n que valoriza nuestra hermosa comunidad. Mi compromiso es hacer de Santa Catarina una referencia en materia de transparencia y comunicaci\u00f3n municipal.\",\"sameAs\":[\"https:\/\/stacatarina.mx\/\"]}]}<\/script>\n<!-- \/ Yoast SEO plugin. -->","yoast_head_json":{"title":"Respiraci\u00f3n profunda: el estudio que demuestra su efecto psicod\u00e9lico y \"dicha\" en el cerebro - Consejos - Santa Catarina","robots":{"index":"index","follow":"follow","max-snippet":"max-snippet:-1","max-image-preview":"max-image-preview:large","max-video-preview":"max-video-preview:-1"},"canonical":"https:\/\/stacatarina.mx\/consejos\/respiracion-profunda-el-estudio-que-demuestra-su-efecto-psicodelico-y-dicha-en-el-cerebro\/","og_locale":"es_MX","og_type":"article","og_title":"Respiraci\u00f3n profunda: el estudio que demuestra su efecto psicod\u00e9lico y \"dicha\" en el cerebro - Consejos - Santa Catarina","og_description":"Respira de cierta manera, durante un momento preciso y con la intensidad correcta, puede alterar la actividad del cerebro de manera profunda, tanto que es","og_url":"https:\/\/stacatarina.mx\/consejos\/respiracion-profunda-el-estudio-que-demuestra-su-efecto-psicodelico-y-dicha-en-el-cerebro\/","og_site_name":"Santa Catarina","article_publisher":"https:\/\/www.facebook.com\/stacatarinagob\/","article_published_time":"2025-09-14T18:41:48+00:00","article_modified_time":"2025-09-14T18:41:50+00:00","og_image":[{"width":1500,"height":1000,"url":"https:\/\/stacatarina.mx\/consejos\/wp-content\/uploads\/2025\/09\/1757875308_Respiracion-profunda-el-estudio-que-demuestra-su-efecto-psicodelico-y.jpg","type":"image\/jpeg"}],"author":"Pedro Mart\u00ednez","twitter_card":"summary_large_image","twitter_creator":"@stacatarinagob","twitter_site":"@stacatarinagob","twitter_misc":{"Escrito por":"Pedro Mart\u00ednez","Tiempo de lectura":"3 minutos"},"schema":{"@context":"https:\/\/schema.org","@graph":[{"@type":"Article","@id":"https:\/\/stacatarina.mx\/consejos\/respiracion-profunda-el-estudio-que-demuestra-su-efecto-psicodelico-y-dicha-en-el-cerebro\/#article","isPartOf":{"@id":"https:\/\/stacatarina.mx\/consejos\/respiracion-profunda-el-estudio-que-demuestra-su-efecto-psicodelico-y-dicha-en-el-cerebro\/"},"author":{"name":"Pedro Mart\u00ednez","@id":"https:\/\/stacatarina.mx\/consejos\/#\/schema\/person\/0be60adffa8e4c4d0828fdf021450e8a"},"headline":"Respiraci\u00f3n profunda: el estudio que demuestra su efecto psicod\u00e9lico y &#8220;dicha&#8221; en el cerebro","datePublished":"2025-09-14T18:41:48+00:00","dateModified":"2025-09-14T18:41:50+00:00","mainEntityOfPage":{"@id":"https:\/\/stacatarina.mx\/consejos\/respiracion-profunda-el-estudio-que-demuestra-su-efecto-psicodelico-y-dicha-en-el-cerebro\/"},"wordCount":578,"publisher":{"@id":"https:\/\/stacatarina.mx\/consejos\/#organization"},"image":{"@id":"https:\/\/stacatarina.mx\/consejos\/respiracion-profunda-el-estudio-que-demuestra-su-efecto-psicodelico-y-dicha-en-el-cerebro\/#primaryimage"},"thumbnailUrl":"https:\/\/stacatarina.mx\/consejos\/wp-content\/uploads\/2025\/09\/1757875308_Respiracion-profunda-el-estudio-que-demuestra-su-efecto-psicodelico-y.jpg","keywords":["cerebro","demuestra","dicha","efecto","estudio","profunda","psicod\u00e9lico","Respiraci\u00f3n"],"articleSection":["Salud"],"inLanguage":"es"},{"@type":"WebPage","@id":"https:\/\/stacatarina.mx\/consejos\/respiracion-profunda-el-estudio-que-demuestra-su-efecto-psicodelico-y-dicha-en-el-cerebro\/","url":"https:\/\/stacatarina.mx\/consejos\/respiracion-profunda-el-estudio-que-demuestra-su-efecto-psicodelico-y-dicha-en-el-cerebro\/","name":"Respiraci\u00f3n profunda: el estudio que demuestra su efecto psicod\u00e9lico y \"dicha\" en el cerebro - Consejos - Santa Catarina","isPartOf":{"@id":"https:\/\/stacatarina.mx\/consejos\/#website"},"primaryImageOfPage":{"@id":"https:\/\/stacatarina.mx\/consejos\/respiracion-profunda-el-estudio-que-demuestra-su-efecto-psicodelico-y-dicha-en-el-cerebro\/#primaryimage"},"image":{"@id":"https:\/\/stacatarina.mx\/consejos\/respiracion-profunda-el-estudio-que-demuestra-su-efecto-psicodelico-y-dicha-en-el-cerebro\/#primaryimage"},"thumbnailUrl":"https:\/\/stacatarina.mx\/consejos\/wp-content\/uploads\/2025\/09\/1757875308_Respiracion-profunda-el-estudio-que-demuestra-su-efecto-psicodelico-y.jpg","datePublished":"2025-09-14T18:41:48+00:00","dateModified":"2025-09-14T18:41:50+00:00","breadcrumb":{"@id":"https:\/\/stacatarina.mx\/consejos\/respiracion-profunda-el-estudio-que-demuestra-su-efecto-psicodelico-y-dicha-en-el-cerebro\/#breadcrumb"},"inLanguage":"es","potentialAction":[{"@type":"ReadAction","target":["https:\/\/stacatarina.mx\/consejos\/respiracion-profunda-el-estudio-que-demuestra-su-efecto-psicodelico-y-dicha-en-el-cerebro\/"]}]},{"@type":"ImageObject","inLanguage":"es","@id":"https:\/\/stacatarina.mx\/consejos\/respiracion-profunda-el-estudio-que-demuestra-su-efecto-psicodelico-y-dicha-en-el-cerebro\/#primaryimage","url":"https:\/\/stacatarina.mx\/consejos\/wp-content\/uploads\/2025\/09\/1757875308_Respiracion-profunda-el-estudio-que-demuestra-su-efecto-psicodelico-y.jpg","contentUrl":"https:\/\/stacatarina.mx\/consejos\/wp-content\/uploads\/2025\/09\/1757875308_Respiracion-profunda-el-estudio-que-demuestra-su-efecto-psicodelico-y.jpg","width":1500,"height":1000,"caption":"respirazione profonda"},{"@type":"BreadcrumbList","@id":"https:\/\/stacatarina.mx\/consejos\/respiracion-profunda-el-estudio-que-demuestra-su-efecto-psicodelico-y-dicha-en-el-cerebro\/#breadcrumb","itemListElement":[{"@type":"ListItem","position":1,"name":"Inicio","item":"https:\/\/stacatarina.mx\/consejos\/"},{"@type":"ListItem","position":2,"name":"Respiraci\u00f3n profunda: el estudio que demuestra su efecto psicod\u00e9lico y &#8220;dicha&#8221; en el cerebro"}]},{"@type":"WebSite","@id":"https:\/\/stacatarina.mx\/consejos\/#website","url":"https:\/\/stacatarina.mx\/consejos\/","name":"Santa Catarina","description":"","publisher":{"@id":"https:\/\/stacatarina.mx\/consejos\/#organization"},"potentialAction":[{"@type":"SearchAction","target":{"@type":"EntryPoint","urlTemplate":"https:\/\/stacatarina.mx\/consejos\/?s={search_term_string}"},"query-input":{"@type":"PropertyValueSpecification","valueRequired":true,"valueName":"search_term_string"}}],"inLanguage":"es"},{"@type":"Organization","@id":"https:\/\/stacatarina.mx\/consejos\/#organization","name":"Santa Catarina","url":"https:\/\/stacatarina.mx\/consejos\/","logo":{"@type":"ImageObject","inLanguage":"es","@id":"https:\/\/stacatarina.mx\/consejos\/#\/schema\/logo\/image\/","url":"https:\/\/stacatarina.mx\/consejos\/wp-content\/uploads\/2024\/09\/cropped-favicon-1-1.png","contentUrl":"https:\/\/stacatarina.mx\/consejos\/wp-content\/uploads\/2024\/09\/cropped-favicon-1-1.png","width":512,"height":512,"caption":"Santa Catarina"},"image":{"@id":"https:\/\/stacatarina.mx\/consejos\/#\/schema\/logo\/image\/"},"sameAs":["https:\/\/www.facebook.com\/stacatarinagob\/","https:\/\/x.com\/stacatarinagob","https:\/\/www.instagram.com\/stacatarinagob\/","https:\/\/www.youtube.com\/channel\/UCK-6cQJL_904665N1_nLTWw"]},{"@type":"Person","@id":"https:\/\/stacatarina.mx\/consejos\/#\/schema\/person\/0be60adffa8e4c4d0828fdf021450e8a","name":"Pedro Mart\u00ednez","image":{"@type":"ImageObject","inLanguage":"es","@id":"https:\/\/stacatarina.mx\/consejos\/#\/schema\/person\/image\/","url":"https:\/\/stacatarina.mx\/consejos\/wp-content\/uploads\/2024\/09\/stacatarina.jpg","contentUrl":"https:\/\/stacatarina.mx\/consejos\/wp-content\/uploads\/2024\/09\/stacatarina.jpg","caption":"Pedro Mart\u00ednez"},"description":"Hola, soy Pedro Mart\u00ednez, redactor jefe del sitio oficial del ayuntamiento de Santa Catarina, en M\u00e9xico. Con m\u00e1s de diez a\u00f1os de experiencia en el periodismo local, tengo una pasi\u00f3n por la investigaci\u00f3n y la difusi\u00f3n de informaci\u00f3n que valoriza nuestra hermosa comunidad. Mi compromiso es hacer de Santa Catarina una referencia en materia de transparencia y comunicaci\u00f3n municipal.","sameAs":["https:\/\/stacatarina.mx\/"]}]}},"_links":{"self":[{"href":"https:\/\/stacatarina.mx\/consejos\/wp-json\/wp\/v2\/posts\/5362"}],"collection":[{"href":"https:\/\/stacatarina.mx\/consejos\/wp-json\/wp\/v2\/posts"}],"about":[{"href":"https:\/\/stacatarina.mx\/consejos\/wp-json\/wp\/v2\/types\/post"}],"author":[{"embeddable":true,"href":"https:\/\/stacatarina.mx\/consejos\/wp-json\/wp\/v2\/users\/1"}],"replies":[{"embeddable":true,"href":"https:\/\/stacatarina.mx\/consejos\/wp-json\/wp\/v2\/comments?post=5362"}],"version-history":[{"count":1,"href":"https:\/\/stacatarina.mx\/consejos\/wp-json\/wp\/v2\/posts\/5362\/revisions"}],"predecessor-version":[{"id":5364,"href":"https:\/\/stacatarina.mx\/consejos\/wp-json\/wp\/v2\/posts\/5362\/revisions\/5364"}],"wp:featuredmedia":[{"embeddable":true,"href":"https:\/\/stacatarina.mx\/consejos\/wp-json\/wp\/v2\/media\/5363"}],"wp:attachment":[{"href":"https:\/\/stacatarina.mx\/consejos\/wp-json\/wp\/v2\/media?parent=5362"}],"wp:term":[{"taxonomy":"category","embeddable":true,"href":"https:\/\/stacatarina.mx\/consejos\/wp-json\/wp\/v2\/categories?post=5362"},{"taxonomy":"post_tag","embeddable":true,"href":"https:\/\/stacatarina.mx\/consejos\/wp-json\/wp\/v2\/tags?post=5362"}],"curies":[{"name":"wp","href":"https:\/\/api.w.org\/{rel}","templated":true}]}}