{"id":5368,"date":"2025-09-15T04:01:40","date_gmt":"2025-09-15T10:01:40","guid":{"rendered":"https:\/\/stacatarina.mx\/consejos\/en-los-campeonatos-mundiales-de-atletismo-tim-van-de-velde-regresa-para-apoyar-al-oponente-y-nos-recuerda-que-el-deporte-va-mas-alla-de-la-victoria\/"},"modified":"2025-09-15T04:01:42","modified_gmt":"2025-09-15T10:01:42","slug":"en-los-campeonatos-mundiales-de-atletismo-tim-van-de-velde-regresa-para-apoyar-al-oponente-y-nos-recuerda-que-el-deporte-va-mas-alla-de-la-victoria","status":"publish","type":"post","link":"https:\/\/stacatarina.mx\/consejos\/en-los-campeonatos-mundiales-de-atletismo-tim-van-de-velde-regresa-para-apoyar-al-oponente-y-nos-recuerda-que-el-deporte-va-mas-alla-de-la-victoria\/","title":{"rendered":"En los campeonatos mundiales de atletismo, Tim van de Velde regresa para apoyar al oponente (y nos recuerda que el deporte va m\u00e1s all\u00e1 de la victoria)"},"content":{"rendered":"<p>En la Copa Mundial de Atletismo 2025 en Tokio, Tim van de Velde ha demostrado que en el deporte el tama\u00f1o no se mide solo con medallas o tiempos. Durante la bater\u00eda de 3000 setos, el belga sufri\u00f3 una ca\u00edda que comprometi\u00f3 por completo su carrera. A pocos metros de la l\u00ednea de meta, con la participaci\u00f3n comprometida, Van de Velde tom\u00f3 una decisi\u00f3n que muchos habr\u00edan tomado: hacer lo correcto.<\/p>\n<p>Detr\u00e1s del belga, el colombiano Carlos San Martin luch\u00f3 para completar la carrera, tambi\u00e9n marcada por una ca\u00edda y un esfuerzo f\u00edsico. Entonces Van de Velde se volvi\u00f3 y sin dudarlo volvi\u00f3 para ofrecerle apoyo. Juntos, el brazo del brazo, los dos atletas cruzaron la \u00faltima l\u00ednea de meta unida pero unida, excitantes aplausos del p\u00fablico del estadio y la admiraci\u00f3n en las redes sociales.<\/p>\n<div class=\"responsive-container\">\n<blockquote class=\"twitter-tweet\" data-width=\"500\" data-dnt=\"true\">\n<p lang=\"en\" dir=\"ltr\">Toque de clase de Tim Van de Velde de B\u00e9lgica. <img decoding=\"async\" src=\"https:\/\/stacatarina.mx\/consejos\/wp-content\/uploads\/2025\/09\/1757930500_101_En-los-campeonatos-mundiales-de-atletismo-Tim-van-de-Velde.png\" alt=\"\ud83c\udde7\ud83c\uddea\" class=\"wp-smiley\" style=\"height: 1em;max-height: 1em\"><a rel=\"nofollow noopener\" href=\"https:\/\/twitter.com\/hashtag\/WorldAthleticsChamps?src=hash&amp;ref_src=twsrc%5Etfw\" data-wpel-link=\"external\" target=\"_blank\">#WorldathleticsChamps<\/a> <a rel=\"nofollow noopener\" href=\"https:\/\/twitter.com\/hashtag\/EuropeanAthletics?src=hash&amp;ref_src=twsrc%5Etfw\" data-wpel-link=\"external\" target=\"_blank\">#Europeaathletics<\/a> <a rel=\"nofollow noopener\" href=\"https:\/\/t.co\/FQM6HWHbOG\" data-wpel-link=\"external\" target=\"_blank\">pic.twitter.com\/fqm6hwhbog<\/a><\/p>\n<p>&#8211; Atletismo europeo (@eurathletics) <a rel=\"nofollow noopener\" href=\"https:\/\/twitter.com\/EuroAthletics\/status\/1966803821981532593?ref_src=twsrc%5Etfw\" data-wpel-link=\"external\" target=\"_blank\">13 de septiembre de 2025<\/a><\/p>\n<\/blockquote>\n<\/div>\n<h2>Un gesto &#8220;natural&#8221;<\/h2>\n<p>Van de Velde, de 25 a\u00f1os, explic\u00f3 c\u00f3mo era un gesto natural. La ca\u00edda a\u00fan le impedir\u00eda calificar y cuando vio a otra persona en dificultad, decidi\u00f3 volver para ayudarlo. Pero, quer\u00eda reiterar, era solo un buen gesto y nada m\u00e1s. Sin embargo, un gesto tan poderoso ha demostrado a todo el mundo el verdadero significado del deporte, capaz de unir m\u00e1s que la victoria misma.<\/p>\n<p>Al final, Van de Velde y San Martin concluyeron en la d\u00e9cima posici\u00f3n, solo separado de un centavo, pero de la contrarreloj no importa cu\u00e1ndo hay valores como solidaridad, juego limpio y respeto. Nos recordaron a todos nosotros y a aquellos que pasan por alto el mundo del deporte por primera vez que cada competencia tambi\u00e9n puede ser una oportunidad para el crecimiento personal y moral.<\/p>\n<h2>Un mensaje universal: este es el verdadero deporte<\/h2>\n<p>El gesto de Van de Velde sigue siendo una de las im\u00e1genes m\u00e1s importantes de la Copa Mundial de Tokio. Acompa\u00f1ar a un colega en dificultad, incluso a costa de renunciar al resultado personal, representa la esencia del deporte m\u00e1s pura: esa capacidad de ver m\u00e1s all\u00e1 del \u00e9xito y elegir lo que es correcto.<\/p>\n<p>En esta carrera, entre ca\u00eddas y fatiga, surgi\u00f3 el significado m\u00e1s aut\u00e9ntico de la Atl\u00e9tica: no ganar, no participar, sino compartir, apoyar y caminar junto, incluso en los momentos m\u00e1s dif\u00edciles. Van de Velde y San Martin nos recuerdan que el deporte puede ser poes\u00eda: correr no siempre significa llegar primero, sino elegir tender a entregar a quienes lo necesitan.<\/p>\n<div class=\"responsive-container\">\n<blockquote class=\"twitter-tweet\" data-width=\"500\" data-dnt=\"true\">\n<p lang=\"pt\" dir=\"ltr\">N\u00e3o S\u00e3o Medalhas, Maso Imagen Images que Ficar\u00e3o para a Hist\u00f3ria do Camperatato do Mundo de atletismo em t\u00f3quio <img decoding=\"async\" src=\"https:\/\/stacatarina.mx\/consejos\/wp-content\/uploads\/2025\/09\/1757930500_229_En-los-campeonatos-mundiales-de-atletismo-Tim-van-de-Velde.png\" alt=\"\ud83d\uddfc\" class=\"wp-smiley\" style=\"height: 1em;max-height: 1em\"> <\/p>\n<p>Carlos Sanmartin A Ser Ajudado Por van Velde Nos 3000m Obst\u00e1culos.<a rel=\"nofollow noopener\" href=\"https:\/\/twitter.com\/hashtag\/WCHTokyo25?src=hash&amp;ref_src=twsrc%5Etfw\" data-wpel-link=\"external\" target=\"_blank\">#WCHTOKYO25<\/a> <a rel=\"nofollow noopener\" href=\"https:\/\/t.co\/6GpPBADoim\" data-wpel-link=\"external\" target=\"_blank\">pic.twitter.com\/6gppbadoim<\/a><\/p>\n<p>&#8211; 3 Gera\u00e7ang (@GERACOESSUSP) <a rel=\"nofollow noopener\" href=\"https:\/\/twitter.com\/GeracoesSusp\/status\/1967190302852325506?ref_src=twsrc%5Etfw\" data-wpel-link=\"external\" target=\"_blank\">14 de septiembre de 2025<\/a><\/p>\n<\/blockquote>\n<\/div>\n<\/p>\n<p><script async src=\"https:\/\/platform.twitter.com\/widgets.js\" charset=\"utf-8\"><\/script><\/p>\n","protected":false},"excerpt":{"rendered":"<p>En la Copa Mundial de Atletismo 2025 en Tokio, Tim van de Velde ha demostrado que en el deporte el tama\u00f1o no se mide solo<\/p>\n","protected":false},"author":1,"featured_media":5369,"comment_status":"closed","ping_status":"","sticky":false,"template":"","format":"standard","meta":{"footnotes":""},"categories":[762],"tags":[1936,6015,4196,6011,2134,62,137,6012,297,6016,29,3080,2723,6013,1477,6014,1987],"class_list":["post-5368","post","type-post","status-publish","format-standard","has-post-thumbnail","hentry","category-salud","tag-alla","tag-apoyar","tag-atletismo","tag-campeonatos","tag-deporte","tag-los","tag-mas","tag-mundiales","tag-nos","tag-oponente","tag-para","tag-recuerda","tag-regresa","tag-tim","tag-van","tag-velde","tag-victoria","generate-columns","tablet-grid-50","mobile-grid-100","grid-parent","grid-50"],"yoast_head":"<!-- This site is optimized with the Yoast SEO plugin v23.4 - https:\/\/yoast.com\/wordpress\/plugins\/seo\/ -->\n<title>En los campeonatos mundiales de atletismo, Tim van de Velde regresa para apoyar al oponente (y nos recuerda que el deporte va m\u00e1s all\u00e1 de la victoria) - Consejos - Santa Catarina<\/title>\n<meta name=\"robots\" content=\"index, follow, max-snippet:-1, max-image-preview:large, max-video-preview:-1\" \/>\n<link rel=\"canonical\" href=\"https:\/\/stacatarina.mx\/consejos\/en-los-campeonatos-mundiales-de-atletismo-tim-van-de-velde-regresa-para-apoyar-al-oponente-y-nos-recuerda-que-el-deporte-va-mas-alla-de-la-victoria\/\" \/>\n<meta property=\"og:locale\" content=\"es_MX\" \/>\n<meta property=\"og:type\" content=\"article\" \/>\n<meta property=\"og:title\" content=\"En los campeonatos mundiales de atletismo, Tim van de Velde regresa para apoyar al oponente (y nos recuerda que el deporte va m\u00e1s all\u00e1 de la victoria) - Consejos - Santa Catarina\" \/>\n<meta property=\"og:description\" content=\"En la Copa Mundial de Atletismo 2025 en Tokio, Tim van de Velde ha demostrado que en el deporte el tama\u00f1o no se mide solo\" \/>\n<meta property=\"og:url\" content=\"https:\/\/stacatarina.mx\/consejos\/en-los-campeonatos-mundiales-de-atletismo-tim-van-de-velde-regresa-para-apoyar-al-oponente-y-nos-recuerda-que-el-deporte-va-mas-alla-de-la-victoria\/\" \/>\n<meta property=\"og:site_name\" content=\"Santa Catarina\" \/>\n<meta property=\"article:publisher\" content=\"https:\/\/www.facebook.com\/stacatarinagob\/\" \/>\n<meta property=\"article:published_time\" content=\"2025-09-15T10:01:40+00:00\" \/>\n<meta property=\"article:modified_time\" content=\"2025-09-15T10:01:42+00:00\" \/>\n<meta property=\"og:image\" content=\"https:\/\/stacatarina.mx\/consejos\/wp-content\/uploads\/2025\/09\/En-los-campeonatos-mundiales-de-atletismo-Tim-van-de-Velde.jpg\" \/>\n\t<meta property=\"og:image:width\" content=\"1500\" \/>\n\t<meta property=\"og:image:height\" content=\"1000\" \/>\n\t<meta property=\"og:image:type\" content=\"image\/jpeg\" \/>\n<meta name=\"author\" content=\"Pedro Mart\u00ednez\" \/>\n<meta name=\"twitter:card\" content=\"summary_large_image\" \/>\n<meta name=\"twitter:creator\" content=\"@stacatarinagob\" \/>\n<meta name=\"twitter:site\" content=\"@stacatarinagob\" \/>\n<meta name=\"twitter:label1\" content=\"Escrito por\" \/>\n\t<meta name=\"twitter:data1\" content=\"Pedro Mart\u00ednez\" \/>\n\t<meta name=\"twitter:label2\" content=\"Tiempo de lectura\" \/>\n\t<meta name=\"twitter:data2\" content=\"3 minutos\" \/>\n<script type=\"application\/ld+json\" class=\"yoast-schema-graph\">{\"@context\":\"https:\/\/schema.org\",\"@graph\":[{\"@type\":\"Article\",\"@id\":\"https:\/\/stacatarina.mx\/consejos\/en-los-campeonatos-mundiales-de-atletismo-tim-van-de-velde-regresa-para-apoyar-al-oponente-y-nos-recuerda-que-el-deporte-va-mas-alla-de-la-victoria\/#article\",\"isPartOf\":{\"@id\":\"https:\/\/stacatarina.mx\/consejos\/en-los-campeonatos-mundiales-de-atletismo-tim-van-de-velde-regresa-para-apoyar-al-oponente-y-nos-recuerda-que-el-deporte-va-mas-alla-de-la-victoria\/\"},\"author\":{\"name\":\"Pedro Mart\u00ednez\",\"@id\":\"https:\/\/stacatarina.mx\/consejos\/#\/schema\/person\/0be60adffa8e4c4d0828fdf021450e8a\"},\"headline\":\"En los campeonatos mundiales de atletismo, Tim van de Velde regresa para apoyar al oponente (y nos recuerda que el deporte va m\u00e1s all\u00e1 de la victoria)\",\"datePublished\":\"2025-09-15T10:01:40+00:00\",\"dateModified\":\"2025-09-15T10:01:42+00:00\",\"mainEntityOfPage\":{\"@id\":\"https:\/\/stacatarina.mx\/consejos\/en-los-campeonatos-mundiales-de-atletismo-tim-van-de-velde-regresa-para-apoyar-al-oponente-y-nos-recuerda-que-el-deporte-va-mas-alla-de-la-victoria\/\"},\"wordCount\":530,\"publisher\":{\"@id\":\"https:\/\/stacatarina.mx\/consejos\/#organization\"},\"image\":{\"@id\":\"https:\/\/stacatarina.mx\/consejos\/en-los-campeonatos-mundiales-de-atletismo-tim-van-de-velde-regresa-para-apoyar-al-oponente-y-nos-recuerda-que-el-deporte-va-mas-alla-de-la-victoria\/#primaryimage\"},\"thumbnailUrl\":\"https:\/\/stacatarina.mx\/consejos\/wp-content\/uploads\/2025\/09\/En-los-campeonatos-mundiales-de-atletismo-Tim-van-de-Velde.jpg\",\"keywords\":[\"all\u00e1\",\"apoyar\",\"atletismo\",\"campeonatos\",\"deporte\",\"los\",\"m\u00e1s\",\"mundiales\",\"nos\",\"oponente\",\"para\",\"recuerda\",\"regresa\",\"Tim\",\"van\",\"Velde\",\"victoria\"],\"articleSection\":[\"Salud\"],\"inLanguage\":\"es\"},{\"@type\":\"WebPage\",\"@id\":\"https:\/\/stacatarina.mx\/consejos\/en-los-campeonatos-mundiales-de-atletismo-tim-van-de-velde-regresa-para-apoyar-al-oponente-y-nos-recuerda-que-el-deporte-va-mas-alla-de-la-victoria\/\",\"url\":\"https:\/\/stacatarina.mx\/consejos\/en-los-campeonatos-mundiales-de-atletismo-tim-van-de-velde-regresa-para-apoyar-al-oponente-y-nos-recuerda-que-el-deporte-va-mas-alla-de-la-victoria\/\",\"name\":\"En los campeonatos mundiales de atletismo, Tim van de Velde regresa para apoyar al oponente (y nos recuerda que el deporte va m\u00e1s all\u00e1 de la victoria) - Consejos - Santa Catarina\",\"isPartOf\":{\"@id\":\"https:\/\/stacatarina.mx\/consejos\/#website\"},\"primaryImageOfPage\":{\"@id\":\"https:\/\/stacatarina.mx\/consejos\/en-los-campeonatos-mundiales-de-atletismo-tim-van-de-velde-regresa-para-apoyar-al-oponente-y-nos-recuerda-que-el-deporte-va-mas-alla-de-la-victoria\/#primaryimage\"},\"image\":{\"@id\":\"https:\/\/stacatarina.mx\/consejos\/en-los-campeonatos-mundiales-de-atletismo-tim-van-de-velde-regresa-para-apoyar-al-oponente-y-nos-recuerda-que-el-deporte-va-mas-alla-de-la-victoria\/#primaryimage\"},\"thumbnailUrl\":\"https:\/\/stacatarina.mx\/consejos\/wp-content\/uploads\/2025\/09\/En-los-campeonatos-mundiales-de-atletismo-Tim-van-de-Velde.jpg\",\"datePublished\":\"2025-09-15T10:01:40+00:00\",\"dateModified\":\"2025-09-15T10:01:42+00:00\",\"breadcrumb\":{\"@id\":\"https:\/\/stacatarina.mx\/consejos\/en-los-campeonatos-mundiales-de-atletismo-tim-van-de-velde-regresa-para-apoyar-al-oponente-y-nos-recuerda-que-el-deporte-va-mas-alla-de-la-victoria\/#breadcrumb\"},\"inLanguage\":\"es\",\"potentialAction\":[{\"@type\":\"ReadAction\",\"target\":[\"https:\/\/stacatarina.mx\/consejos\/en-los-campeonatos-mundiales-de-atletismo-tim-van-de-velde-regresa-para-apoyar-al-oponente-y-nos-recuerda-que-el-deporte-va-mas-alla-de-la-victoria\/\"]}]},{\"@type\":\"ImageObject\",\"inLanguage\":\"es\",\"@id\":\"https:\/\/stacatarina.mx\/consejos\/en-los-campeonatos-mundiales-de-atletismo-tim-van-de-velde-regresa-para-apoyar-al-oponente-y-nos-recuerda-que-el-deporte-va-mas-alla-de-la-victoria\/#primaryimage\",\"url\":\"https:\/\/stacatarina.mx\/consejos\/wp-content\/uploads\/2025\/09\/En-los-campeonatos-mundiales-de-atletismo-Tim-van-de-Velde.jpg\",\"contentUrl\":\"https:\/\/stacatarina.mx\/consejos\/wp-content\/uploads\/2025\/09\/En-los-campeonatos-mundiales-de-atletismo-Tim-van-de-Velde.jpg\",\"width\":1500,\"height\":1000,\"caption\":\"Van de Velde\"},{\"@type\":\"BreadcrumbList\",\"@id\":\"https:\/\/stacatarina.mx\/consejos\/en-los-campeonatos-mundiales-de-atletismo-tim-van-de-velde-regresa-para-apoyar-al-oponente-y-nos-recuerda-que-el-deporte-va-mas-alla-de-la-victoria\/#breadcrumb\",\"itemListElement\":[{\"@type\":\"ListItem\",\"position\":1,\"name\":\"Inicio\",\"item\":\"https:\/\/stacatarina.mx\/consejos\/\"},{\"@type\":\"ListItem\",\"position\":2,\"name\":\"En los campeonatos mundiales de atletismo, Tim van de Velde regresa para apoyar al oponente (y nos recuerda que el deporte va m\u00e1s all\u00e1 de la victoria)\"}]},{\"@type\":\"WebSite\",\"@id\":\"https:\/\/stacatarina.mx\/consejos\/#website\",\"url\":\"https:\/\/stacatarina.mx\/consejos\/\",\"name\":\"Santa Catarina\",\"description\":\"\",\"publisher\":{\"@id\":\"https:\/\/stacatarina.mx\/consejos\/#organization\"},\"potentialAction\":[{\"@type\":\"SearchAction\",\"target\":{\"@type\":\"EntryPoint\",\"urlTemplate\":\"https:\/\/stacatarina.mx\/consejos\/?s={search_term_string}\"},\"query-input\":{\"@type\":\"PropertyValueSpecification\",\"valueRequired\":true,\"valueName\":\"search_term_string\"}}],\"inLanguage\":\"es\"},{\"@type\":\"Organization\",\"@id\":\"https:\/\/stacatarina.mx\/consejos\/#organization\",\"name\":\"Santa Catarina\",\"url\":\"https:\/\/stacatarina.mx\/consejos\/\",\"logo\":{\"@type\":\"ImageObject\",\"inLanguage\":\"es\",\"@id\":\"https:\/\/stacatarina.mx\/consejos\/#\/schema\/logo\/image\/\",\"url\":\"https:\/\/stacatarina.mx\/consejos\/wp-content\/uploads\/2024\/09\/cropped-favicon-1-1.png\",\"contentUrl\":\"https:\/\/stacatarina.mx\/consejos\/wp-content\/uploads\/2024\/09\/cropped-favicon-1-1.png\",\"width\":512,\"height\":512,\"caption\":\"Santa Catarina\"},\"image\":{\"@id\":\"https:\/\/stacatarina.mx\/consejos\/#\/schema\/logo\/image\/\"},\"sameAs\":[\"https:\/\/www.facebook.com\/stacatarinagob\/\",\"https:\/\/x.com\/stacatarinagob\",\"https:\/\/www.instagram.com\/stacatarinagob\/\",\"https:\/\/www.youtube.com\/channel\/UCK-6cQJL_904665N1_nLTWw\"]},{\"@type\":\"Person\",\"@id\":\"https:\/\/stacatarina.mx\/consejos\/#\/schema\/person\/0be60adffa8e4c4d0828fdf021450e8a\",\"name\":\"Pedro Mart\u00ednez\",\"image\":{\"@type\":\"ImageObject\",\"inLanguage\":\"es\",\"@id\":\"https:\/\/stacatarina.mx\/consejos\/#\/schema\/person\/image\/\",\"url\":\"https:\/\/stacatarina.mx\/consejos\/wp-content\/uploads\/2024\/09\/stacatarina.jpg\",\"contentUrl\":\"https:\/\/stacatarina.mx\/consejos\/wp-content\/uploads\/2024\/09\/stacatarina.jpg\",\"caption\":\"Pedro Mart\u00ednez\"},\"description\":\"Hola, soy Pedro Mart\u00ednez, redactor jefe del sitio oficial del ayuntamiento de Santa Catarina, en M\u00e9xico. Con m\u00e1s de diez a\u00f1os de experiencia en el periodismo local, tengo una pasi\u00f3n por la investigaci\u00f3n y la difusi\u00f3n de informaci\u00f3n que valoriza nuestra hermosa comunidad. Mi compromiso es hacer de Santa Catarina una referencia en materia de transparencia y comunicaci\u00f3n municipal.\",\"sameAs\":[\"https:\/\/stacatarina.mx\/\"]}]}<\/script>\n<!-- \/ Yoast SEO plugin. -->","yoast_head_json":{"title":"En los campeonatos mundiales de atletismo, Tim van de Velde regresa para apoyar al oponente (y nos recuerda que el deporte va m\u00e1s all\u00e1 de la victoria) - Consejos - Santa Catarina","robots":{"index":"index","follow":"follow","max-snippet":"max-snippet:-1","max-image-preview":"max-image-preview:large","max-video-preview":"max-video-preview:-1"},"canonical":"https:\/\/stacatarina.mx\/consejos\/en-los-campeonatos-mundiales-de-atletismo-tim-van-de-velde-regresa-para-apoyar-al-oponente-y-nos-recuerda-que-el-deporte-va-mas-alla-de-la-victoria\/","og_locale":"es_MX","og_type":"article","og_title":"En los campeonatos mundiales de atletismo, Tim van de Velde regresa para apoyar al oponente (y nos recuerda que el deporte va m\u00e1s all\u00e1 de la victoria) - Consejos - Santa Catarina","og_description":"En la Copa Mundial de Atletismo 2025 en Tokio, Tim van de Velde ha demostrado que en el deporte el tama\u00f1o no se mide solo","og_url":"https:\/\/stacatarina.mx\/consejos\/en-los-campeonatos-mundiales-de-atletismo-tim-van-de-velde-regresa-para-apoyar-al-oponente-y-nos-recuerda-que-el-deporte-va-mas-alla-de-la-victoria\/","og_site_name":"Santa Catarina","article_publisher":"https:\/\/www.facebook.com\/stacatarinagob\/","article_published_time":"2025-09-15T10:01:40+00:00","article_modified_time":"2025-09-15T10:01:42+00:00","og_image":[{"width":1500,"height":1000,"url":"https:\/\/stacatarina.mx\/consejos\/wp-content\/uploads\/2025\/09\/En-los-campeonatos-mundiales-de-atletismo-Tim-van-de-Velde.jpg","type":"image\/jpeg"}],"author":"Pedro Mart\u00ednez","twitter_card":"summary_large_image","twitter_creator":"@stacatarinagob","twitter_site":"@stacatarinagob","twitter_misc":{"Escrito por":"Pedro Mart\u00ednez","Tiempo de lectura":"3 minutos"},"schema":{"@context":"https:\/\/schema.org","@graph":[{"@type":"Article","@id":"https:\/\/stacatarina.mx\/consejos\/en-los-campeonatos-mundiales-de-atletismo-tim-van-de-velde-regresa-para-apoyar-al-oponente-y-nos-recuerda-que-el-deporte-va-mas-alla-de-la-victoria\/#article","isPartOf":{"@id":"https:\/\/stacatarina.mx\/consejos\/en-los-campeonatos-mundiales-de-atletismo-tim-van-de-velde-regresa-para-apoyar-al-oponente-y-nos-recuerda-que-el-deporte-va-mas-alla-de-la-victoria\/"},"author":{"name":"Pedro Mart\u00ednez","@id":"https:\/\/stacatarina.mx\/consejos\/#\/schema\/person\/0be60adffa8e4c4d0828fdf021450e8a"},"headline":"En los campeonatos mundiales de atletismo, Tim van de Velde regresa para apoyar al oponente (y nos recuerda que el deporte va m\u00e1s all\u00e1 de la victoria)","datePublished":"2025-09-15T10:01:40+00:00","dateModified":"2025-09-15T10:01:42+00:00","mainEntityOfPage":{"@id":"https:\/\/stacatarina.mx\/consejos\/en-los-campeonatos-mundiales-de-atletismo-tim-van-de-velde-regresa-para-apoyar-al-oponente-y-nos-recuerda-que-el-deporte-va-mas-alla-de-la-victoria\/"},"wordCount":530,"publisher":{"@id":"https:\/\/stacatarina.mx\/consejos\/#organization"},"image":{"@id":"https:\/\/stacatarina.mx\/consejos\/en-los-campeonatos-mundiales-de-atletismo-tim-van-de-velde-regresa-para-apoyar-al-oponente-y-nos-recuerda-que-el-deporte-va-mas-alla-de-la-victoria\/#primaryimage"},"thumbnailUrl":"https:\/\/stacatarina.mx\/consejos\/wp-content\/uploads\/2025\/09\/En-los-campeonatos-mundiales-de-atletismo-Tim-van-de-Velde.jpg","keywords":["all\u00e1","apoyar","atletismo","campeonatos","deporte","los","m\u00e1s","mundiales","nos","oponente","para","recuerda","regresa","Tim","van","Velde","victoria"],"articleSection":["Salud"],"inLanguage":"es"},{"@type":"WebPage","@id":"https:\/\/stacatarina.mx\/consejos\/en-los-campeonatos-mundiales-de-atletismo-tim-van-de-velde-regresa-para-apoyar-al-oponente-y-nos-recuerda-que-el-deporte-va-mas-alla-de-la-victoria\/","url":"https:\/\/stacatarina.mx\/consejos\/en-los-campeonatos-mundiales-de-atletismo-tim-van-de-velde-regresa-para-apoyar-al-oponente-y-nos-recuerda-que-el-deporte-va-mas-alla-de-la-victoria\/","name":"En los campeonatos mundiales de atletismo, Tim van de Velde regresa para apoyar al oponente (y nos recuerda que el deporte va m\u00e1s all\u00e1 de la victoria) - Consejos - Santa Catarina","isPartOf":{"@id":"https:\/\/stacatarina.mx\/consejos\/#website"},"primaryImageOfPage":{"@id":"https:\/\/stacatarina.mx\/consejos\/en-los-campeonatos-mundiales-de-atletismo-tim-van-de-velde-regresa-para-apoyar-al-oponente-y-nos-recuerda-que-el-deporte-va-mas-alla-de-la-victoria\/#primaryimage"},"image":{"@id":"https:\/\/stacatarina.mx\/consejos\/en-los-campeonatos-mundiales-de-atletismo-tim-van-de-velde-regresa-para-apoyar-al-oponente-y-nos-recuerda-que-el-deporte-va-mas-alla-de-la-victoria\/#primaryimage"},"thumbnailUrl":"https:\/\/stacatarina.mx\/consejos\/wp-content\/uploads\/2025\/09\/En-los-campeonatos-mundiales-de-atletismo-Tim-van-de-Velde.jpg","datePublished":"2025-09-15T10:01:40+00:00","dateModified":"2025-09-15T10:01:42+00:00","breadcrumb":{"@id":"https:\/\/stacatarina.mx\/consejos\/en-los-campeonatos-mundiales-de-atletismo-tim-van-de-velde-regresa-para-apoyar-al-oponente-y-nos-recuerda-que-el-deporte-va-mas-alla-de-la-victoria\/#breadcrumb"},"inLanguage":"es","potentialAction":[{"@type":"ReadAction","target":["https:\/\/stacatarina.mx\/consejos\/en-los-campeonatos-mundiales-de-atletismo-tim-van-de-velde-regresa-para-apoyar-al-oponente-y-nos-recuerda-que-el-deporte-va-mas-alla-de-la-victoria\/"]}]},{"@type":"ImageObject","inLanguage":"es","@id":"https:\/\/stacatarina.mx\/consejos\/en-los-campeonatos-mundiales-de-atletismo-tim-van-de-velde-regresa-para-apoyar-al-oponente-y-nos-recuerda-que-el-deporte-va-mas-alla-de-la-victoria\/#primaryimage","url":"https:\/\/stacatarina.mx\/consejos\/wp-content\/uploads\/2025\/09\/En-los-campeonatos-mundiales-de-atletismo-Tim-van-de-Velde.jpg","contentUrl":"https:\/\/stacatarina.mx\/consejos\/wp-content\/uploads\/2025\/09\/En-los-campeonatos-mundiales-de-atletismo-Tim-van-de-Velde.jpg","width":1500,"height":1000,"caption":"Van de Velde"},{"@type":"BreadcrumbList","@id":"https:\/\/stacatarina.mx\/consejos\/en-los-campeonatos-mundiales-de-atletismo-tim-van-de-velde-regresa-para-apoyar-al-oponente-y-nos-recuerda-que-el-deporte-va-mas-alla-de-la-victoria\/#breadcrumb","itemListElement":[{"@type":"ListItem","position":1,"name":"Inicio","item":"https:\/\/stacatarina.mx\/consejos\/"},{"@type":"ListItem","position":2,"name":"En los campeonatos mundiales de atletismo, Tim van de Velde regresa para apoyar al oponente (y nos recuerda que el deporte va m\u00e1s all\u00e1 de la victoria)"}]},{"@type":"WebSite","@id":"https:\/\/stacatarina.mx\/consejos\/#website","url":"https:\/\/stacatarina.mx\/consejos\/","name":"Santa Catarina","description":"","publisher":{"@id":"https:\/\/stacatarina.mx\/consejos\/#organization"},"potentialAction":[{"@type":"SearchAction","target":{"@type":"EntryPoint","urlTemplate":"https:\/\/stacatarina.mx\/consejos\/?s={search_term_string}"},"query-input":{"@type":"PropertyValueSpecification","valueRequired":true,"valueName":"search_term_string"}}],"inLanguage":"es"},{"@type":"Organization","@id":"https:\/\/stacatarina.mx\/consejos\/#organization","name":"Santa Catarina","url":"https:\/\/stacatarina.mx\/consejos\/","logo":{"@type":"ImageObject","inLanguage":"es","@id":"https:\/\/stacatarina.mx\/consejos\/#\/schema\/logo\/image\/","url":"https:\/\/stacatarina.mx\/consejos\/wp-content\/uploads\/2024\/09\/cropped-favicon-1-1.png","contentUrl":"https:\/\/stacatarina.mx\/consejos\/wp-content\/uploads\/2024\/09\/cropped-favicon-1-1.png","width":512,"height":512,"caption":"Santa Catarina"},"image":{"@id":"https:\/\/stacatarina.mx\/consejos\/#\/schema\/logo\/image\/"},"sameAs":["https:\/\/www.facebook.com\/stacatarinagob\/","https:\/\/x.com\/stacatarinagob","https:\/\/www.instagram.com\/stacatarinagob\/","https:\/\/www.youtube.com\/channel\/UCK-6cQJL_904665N1_nLTWw"]},{"@type":"Person","@id":"https:\/\/stacatarina.mx\/consejos\/#\/schema\/person\/0be60adffa8e4c4d0828fdf021450e8a","name":"Pedro Mart\u00ednez","image":{"@type":"ImageObject","inLanguage":"es","@id":"https:\/\/stacatarina.mx\/consejos\/#\/schema\/person\/image\/","url":"https:\/\/stacatarina.mx\/consejos\/wp-content\/uploads\/2024\/09\/stacatarina.jpg","contentUrl":"https:\/\/stacatarina.mx\/consejos\/wp-content\/uploads\/2024\/09\/stacatarina.jpg","caption":"Pedro Mart\u00ednez"},"description":"Hola, soy Pedro Mart\u00ednez, redactor jefe del sitio oficial del ayuntamiento de Santa Catarina, en M\u00e9xico. Con m\u00e1s de diez a\u00f1os de experiencia en el periodismo local, tengo una pasi\u00f3n por la investigaci\u00f3n y la difusi\u00f3n de informaci\u00f3n que valoriza nuestra hermosa comunidad. Mi compromiso es hacer de Santa Catarina una referencia en materia de transparencia y comunicaci\u00f3n municipal.","sameAs":["https:\/\/stacatarina.mx\/"]}]}},"_links":{"self":[{"href":"https:\/\/stacatarina.mx\/consejos\/wp-json\/wp\/v2\/posts\/5368"}],"collection":[{"href":"https:\/\/stacatarina.mx\/consejos\/wp-json\/wp\/v2\/posts"}],"about":[{"href":"https:\/\/stacatarina.mx\/consejos\/wp-json\/wp\/v2\/types\/post"}],"author":[{"embeddable":true,"href":"https:\/\/stacatarina.mx\/consejos\/wp-json\/wp\/v2\/users\/1"}],"replies":[{"embeddable":true,"href":"https:\/\/stacatarina.mx\/consejos\/wp-json\/wp\/v2\/comments?post=5368"}],"version-history":[{"count":1,"href":"https:\/\/stacatarina.mx\/consejos\/wp-json\/wp\/v2\/posts\/5368\/revisions"}],"predecessor-version":[{"id":5370,"href":"https:\/\/stacatarina.mx\/consejos\/wp-json\/wp\/v2\/posts\/5368\/revisions\/5370"}],"wp:featuredmedia":[{"embeddable":true,"href":"https:\/\/stacatarina.mx\/consejos\/wp-json\/wp\/v2\/media\/5369"}],"wp:attachment":[{"href":"https:\/\/stacatarina.mx\/consejos\/wp-json\/wp\/v2\/media?parent=5368"}],"wp:term":[{"taxonomy":"category","embeddable":true,"href":"https:\/\/stacatarina.mx\/consejos\/wp-json\/wp\/v2\/categories?post=5368"},{"taxonomy":"post_tag","embeddable":true,"href":"https:\/\/stacatarina.mx\/consejos\/wp-json\/wp\/v2\/tags?post=5368"}],"curies":[{"name":"wp","href":"https:\/\/api.w.org\/{rel}","templated":true}]}}