{"id":5371,"date":"2025-09-15T06:06:22","date_gmt":"2025-09-15T12:06:22","guid":{"rendered":"https:\/\/stacatarina.mx\/consejos\/que-es-esta-historia-del-hongo-asesino-que-ha-afectado-a-mas-de-4000-personas-en-europa-y-preocupa-a-los-hospitales-italianos\/"},"modified":"2025-09-15T06:06:26","modified_gmt":"2025-09-15T12:06:26","slug":"que-es-esta-historia-del-hongo-asesino-que-ha-afectado-a-mas-de-4000-personas-en-europa-y-preocupa-a-los-hospitales-italianos","status":"publish","type":"post","link":"https:\/\/stacatarina.mx\/consejos\/que-es-esta-historia-del-hongo-asesino-que-ha-afectado-a-mas-de-4000-personas-en-europa-y-preocupa-a-los-hospitales-italianos\/","title":{"rendered":"\u00bfQu\u00e9 es esta historia del hongo asesino que ha afectado a m\u00e1s de 4000 personas en Europa (y preocupa a los hospitales italianos)"},"content":{"rendered":"<p>En los \u00faltimos a\u00f1os, algunos hospitales europeos han registrado casos de infecci\u00f3n de un hongo resistente a las drogas, a menudo definidos por los medios como el &#8220;hongo asesino&#8221;. Pero, \u00bfqu\u00e9 sabemos realmente sobre este microorganismo y qu\u00e9 tan peligroso es?<\/p>\n<p>El muy temido hongo es Candidazyma auris (ex candida auris), capaz de causar infecciones graves, especialmente en pacientes ya fr\u00e1giles. Seg\u00fan el nuevo informe del Centro Europeo para la Prevenci\u00f3n y el Control de las Enfermedades (Centro Europeo para la Prevenci\u00f3n y Control de Enfermedades &#8211; ECDC), entre 2013 y 2023 m\u00e1s de 4.000 casos se han informado en los pa\u00edses de la Uni\u00f3n Europea y el espacio econ\u00f3mico europeo, con un salto a 1,346 casos solo en 2023. E Italia se encuentra entre los pa\u00edses m\u00e1s afectados por el problema.<\/p>\n<h2>\u00bfQu\u00e9 es Candidazyma auris?<\/h2>\n<p>Candidazyma auris es un microorganismo que puede colonizar la piel y causar infecciones invasivas. Identificado por primera vez en 2009 en Jap\u00f3n, el hongo se ha extendido r\u00e1pidamente en diferentes pa\u00edses, convirti\u00e9ndose en un problema cada vez m\u00e1s grave para los hospitales europeos. Es particularmente dif\u00edcil de controlar porque puede persistir durante mucho tiempo en superficies, instrumentos y equipos m\u00e9dicos, y resiste muchos medicamentos antimic\u00f3ticos.<\/p>\n<p>El contagio se lleva a cabo principalmente en hospitales e instalaciones de salud. Candidazyma auris puede colonizar la piel de los pacientes durante meses y sobrevivir en superficies y dispositivos m\u00e9dicos. El contagio directo o el contacto con superficies contaminadas son los principales veh\u00edculos de transmisi\u00f3n. Fuera de los entornos de salud, la difusi\u00f3n es muy rara.<\/p>\n<p>Seg\u00fan el ECDC, la velocidad con la que el hongo puede propagarse en los hospitales requiere un diagn\u00f3stico temprano e intervenciones coordinadas para prevenir epidemias locales y regionales.<\/p>\n<h2>S\u00edntomas y diagn\u00f3sticos<\/h2>\n<p>Las infecciones por candidazima auris a menudo pasan desapercibidas. Pueden manifestarse con fiebre, escalofr\u00edos o s\u00edntomas gen\u00e9ricos, o causar problemas m\u00e1s graves como otitis, infecciones de heridas, sangre o \u00f3rganos abdominales. El diagn\u00f3stico requiere pruebas de laboratorio especializadas, porque el hongo puede confundirse con otras especies de Candida.<\/p>\n<div id=\"attachment_1257353\" style=\"width: 813px\" class=\"wp-caption aligncenter\"><\/div>\n<h2>Porque plantea preocupaci\u00f3n<\/h2>\n<p>El hongo es resistente a muchos antif\u00fangicos, incluidos azoli, amporicina B y equinocandina, lo que hace que el tratamiento sea m\u00e1s complejo y, a veces, requiere terapias combinadas. Su capacidad para persistir en las superficies hospitalarias facilita la difusi\u00f3n entre los pacientes, en particular los que ya est\u00e1n fr\u00e1giles. Sin embargo, con medidas de prevenci\u00f3n adecuadas, higiene rigurosa y control coordinado de infecciones, es posible limitar su transmisi\u00f3n.<\/p>\n<p>El informe del ECDC 2025 resalta algunas brechas en los sistemas de vigilancia: solo 17 de los 36 pa\u00edses participantes tienen un sistema de monitoreo nacional y solo 15 tienen pautas espec\u00edficas para la prevenci\u00f3n y el control de las infecciones. Esto significa que el alcance real del problema podr\u00eda subestimarse.<\/p>\n<h2>La situaci\u00f3n en Italia<\/h2>\n<p>Como ya hemos dicho, entre 2013 y 2023, se han reportado m\u00e1s de 4.000 casos de candidazima auris (ex candida auris) en los pa\u00edses de la Uni\u00f3n Europea y el Spazio econ\u00f3mico europeo, con un pico de 1.346 casos en solo 2023 a estos se agregan otros 62 casos italianos para los cuales no fue posible indicar el a\u00f1o de aparici\u00f3n.<\/p>\n<div id=\"attachment_1257349\" style=\"width: 836px\" class=\"wp-caption aligncenter\"><img loading=\"lazy\" decoding=\"async\" aria-describedby=\"caption-attachment-1257349\" class=\"wp-image-1257349 size-full\" src=\"https:\/\/stacatarina.mx\/consejos\/wp-content\/uploads\/2025\/09\/1757937982_52_\u00bfQue-es-esta-historia-del-hongo-asesino-que-ha-afectado.jpg\" alt=\"Caso Montego Killer Europe\" width=\"826\" height=\"747\"><\/div>\n<p>El primer caso italiano se detect\u00f3 en julio de 2019 en un hospital en Liguria, seguido de otros casos espor\u00e1dicos y una difusi\u00f3n posterior en otras regiones, incluida Emilia-Romagna. El hongo se ha extendido tan r\u00e1pidamente en los hospitales italianos, pasando de episodios aislados a una presencia m\u00e1s generalizada.<\/p>\n<p>Est\u00e1 claro que la situaci\u00f3n requiere la m\u00e1xima atenci\u00f3n y una estrecha colaboraci\u00f3n entre m\u00e9dicos, hospitales y autoridades de salud de toda Europa. Solo a trav\u00e9s de cheques rigurosos y diagn\u00f3sticos oportunos ser\u00e1 posible contener la propagaci\u00f3n de este hongo resistente.<\/p><\/p>\n","protected":false},"excerpt":{"rendered":"<p>En los \u00faltimos a\u00f1os, algunos hospitales europeos han registrado casos de infecci\u00f3n de un hongo resistente a las drogas, a menudo definidos por los medios<\/p>\n","protected":false},"author":1,"featured_media":5372,"comment_status":"closed","ping_status":"","sticky":false,"template":"","format":"standard","meta":{"footnotes":""},"categories":[762],"tags":[6017,2473,23,110,1015,456,1814,870,1729,62,137,124,1372,247],"class_list":["post-5371","post","type-post","status-publish","format-standard","has-post-thumbnail","hentry","category-salud","tag-afectado","tag-asesino","tag-del","tag-esta","tag-europa","tag-historia","tag-hongo","tag-hospitales","tag-italianos","tag-los","tag-mas","tag-personas","tag-preocupa","tag-que","generate-columns","tablet-grid-50","mobile-grid-100","grid-parent","grid-50"],"yoast_head":"<!-- This site is optimized with the Yoast SEO plugin v23.4 - https:\/\/yoast.com\/wordpress\/plugins\/seo\/ -->\n<title>\u00bfQu\u00e9 es esta historia del hongo asesino que ha afectado a m\u00e1s de 4000 personas en Europa (y preocupa a los hospitales italianos) - Consejos - Santa Catarina<\/title>\n<meta name=\"robots\" content=\"index, follow, max-snippet:-1, max-image-preview:large, max-video-preview:-1\" \/>\n<link rel=\"canonical\" href=\"https:\/\/stacatarina.mx\/consejos\/que-es-esta-historia-del-hongo-asesino-que-ha-afectado-a-mas-de-4000-personas-en-europa-y-preocupa-a-los-hospitales-italianos\/\" \/>\n<meta property=\"og:locale\" content=\"es_MX\" \/>\n<meta property=\"og:type\" content=\"article\" \/>\n<meta property=\"og:title\" content=\"\u00bfQu\u00e9 es esta historia del hongo asesino que ha afectado a m\u00e1s de 4000 personas en Europa (y preocupa a los hospitales italianos) - Consejos - Santa Catarina\" \/>\n<meta property=\"og:description\" content=\"En los \u00faltimos a\u00f1os, algunos hospitales europeos han registrado casos de infecci\u00f3n de un hongo resistente a las drogas, a menudo definidos por los medios\" \/>\n<meta property=\"og:url\" content=\"https:\/\/stacatarina.mx\/consejos\/que-es-esta-historia-del-hongo-asesino-que-ha-afectado-a-mas-de-4000-personas-en-europa-y-preocupa-a-los-hospitales-italianos\/\" \/>\n<meta property=\"og:site_name\" content=\"Santa Catarina\" \/>\n<meta property=\"article:publisher\" content=\"https:\/\/www.facebook.com\/stacatarinagob\/\" \/>\n<meta property=\"article:published_time\" content=\"2025-09-15T12:06:22+00:00\" \/>\n<meta property=\"article:modified_time\" content=\"2025-09-15T12:06:26+00:00\" \/>\n<meta property=\"og:image\" content=\"https:\/\/stacatarina.mx\/consejos\/wp-content\/uploads\/2025\/09\/1757937983_\u00bfQue-es-esta-historia-del-hongo-asesino-que-ha-afectado.jpg\" \/>\n\t<meta property=\"og:image:width\" content=\"1500\" \/>\n\t<meta property=\"og:image:height\" content=\"1000\" \/>\n\t<meta property=\"og:image:type\" content=\"image\/jpeg\" \/>\n<meta name=\"author\" content=\"Pedro Mart\u00ednez\" \/>\n<meta name=\"twitter:card\" content=\"summary_large_image\" \/>\n<meta name=\"twitter:creator\" content=\"@stacatarinagob\" \/>\n<meta name=\"twitter:site\" content=\"@stacatarinagob\" \/>\n<meta name=\"twitter:label1\" content=\"Escrito por\" \/>\n\t<meta name=\"twitter:data1\" content=\"Pedro Mart\u00ednez\" \/>\n\t<meta name=\"twitter:label2\" content=\"Tiempo de lectura\" \/>\n\t<meta name=\"twitter:data2\" content=\"3 minutos\" \/>\n<script type=\"application\/ld+json\" class=\"yoast-schema-graph\">{\"@context\":\"https:\/\/schema.org\",\"@graph\":[{\"@type\":\"Article\",\"@id\":\"https:\/\/stacatarina.mx\/consejos\/que-es-esta-historia-del-hongo-asesino-que-ha-afectado-a-mas-de-4000-personas-en-europa-y-preocupa-a-los-hospitales-italianos\/#article\",\"isPartOf\":{\"@id\":\"https:\/\/stacatarina.mx\/consejos\/que-es-esta-historia-del-hongo-asesino-que-ha-afectado-a-mas-de-4000-personas-en-europa-y-preocupa-a-los-hospitales-italianos\/\"},\"author\":{\"name\":\"Pedro Mart\u00ednez\",\"@id\":\"https:\/\/stacatarina.mx\/consejos\/#\/schema\/person\/0be60adffa8e4c4d0828fdf021450e8a\"},\"headline\":\"\u00bfQu\u00e9 es esta historia del hongo asesino que ha afectado a m\u00e1s de 4000 personas en Europa (y preocupa a los hospitales italianos)\",\"datePublished\":\"2025-09-15T12:06:22+00:00\",\"dateModified\":\"2025-09-15T12:06:26+00:00\",\"mainEntityOfPage\":{\"@id\":\"https:\/\/stacatarina.mx\/consejos\/que-es-esta-historia-del-hongo-asesino-que-ha-afectado-a-mas-de-4000-personas-en-europa-y-preocupa-a-los-hospitales-italianos\/\"},\"wordCount\":684,\"publisher\":{\"@id\":\"https:\/\/stacatarina.mx\/consejos\/#organization\"},\"image\":{\"@id\":\"https:\/\/stacatarina.mx\/consejos\/que-es-esta-historia-del-hongo-asesino-que-ha-afectado-a-mas-de-4000-personas-en-europa-y-preocupa-a-los-hospitales-italianos\/#primaryimage\"},\"thumbnailUrl\":\"https:\/\/stacatarina.mx\/consejos\/wp-content\/uploads\/2025\/09\/1757937983_\u00bfQue-es-esta-historia-del-hongo-asesino-que-ha-afectado.jpg\",\"keywords\":[\"afectado\",\"asesino\",\"del\",\"esta\",\"Europa\",\"historia\",\"hongo\",\"hospitales\",\"italianos\",\"los\",\"m\u00e1s\",\"personas\",\"preocupa\",\"qu\u00e9\"],\"articleSection\":[\"Salud\"],\"inLanguage\":\"es\"},{\"@type\":\"WebPage\",\"@id\":\"https:\/\/stacatarina.mx\/consejos\/que-es-esta-historia-del-hongo-asesino-que-ha-afectado-a-mas-de-4000-personas-en-europa-y-preocupa-a-los-hospitales-italianos\/\",\"url\":\"https:\/\/stacatarina.mx\/consejos\/que-es-esta-historia-del-hongo-asesino-que-ha-afectado-a-mas-de-4000-personas-en-europa-y-preocupa-a-los-hospitales-italianos\/\",\"name\":\"\u00bfQu\u00e9 es esta historia del hongo asesino que ha afectado a m\u00e1s de 4000 personas en Europa (y preocupa a los hospitales italianos) - Consejos - Santa Catarina\",\"isPartOf\":{\"@id\":\"https:\/\/stacatarina.mx\/consejos\/#website\"},\"primaryImageOfPage\":{\"@id\":\"https:\/\/stacatarina.mx\/consejos\/que-es-esta-historia-del-hongo-asesino-que-ha-afectado-a-mas-de-4000-personas-en-europa-y-preocupa-a-los-hospitales-italianos\/#primaryimage\"},\"image\":{\"@id\":\"https:\/\/stacatarina.mx\/consejos\/que-es-esta-historia-del-hongo-asesino-que-ha-afectado-a-mas-de-4000-personas-en-europa-y-preocupa-a-los-hospitales-italianos\/#primaryimage\"},\"thumbnailUrl\":\"https:\/\/stacatarina.mx\/consejos\/wp-content\/uploads\/2025\/09\/1757937983_\u00bfQue-es-esta-historia-del-hongo-asesino-que-ha-afectado.jpg\",\"datePublished\":\"2025-09-15T12:06:22+00:00\",\"dateModified\":\"2025-09-15T12:06:26+00:00\",\"breadcrumb\":{\"@id\":\"https:\/\/stacatarina.mx\/consejos\/que-es-esta-historia-del-hongo-asesino-que-ha-afectado-a-mas-de-4000-personas-en-europa-y-preocupa-a-los-hospitales-italianos\/#breadcrumb\"},\"inLanguage\":\"es\",\"potentialAction\":[{\"@type\":\"ReadAction\",\"target\":[\"https:\/\/stacatarina.mx\/consejos\/que-es-esta-historia-del-hongo-asesino-que-ha-afectado-a-mas-de-4000-personas-en-europa-y-preocupa-a-los-hospitales-italianos\/\"]}]},{\"@type\":\"ImageObject\",\"inLanguage\":\"es\",\"@id\":\"https:\/\/stacatarina.mx\/consejos\/que-es-esta-historia-del-hongo-asesino-que-ha-afectado-a-mas-de-4000-personas-en-europa-y-preocupa-a-los-hospitales-italianos\/#primaryimage\",\"url\":\"https:\/\/stacatarina.mx\/consejos\/wp-content\/uploads\/2025\/09\/1757937983_\u00bfQue-es-esta-historia-del-hongo-asesino-que-ha-afectado.jpg\",\"contentUrl\":\"https:\/\/stacatarina.mx\/consejos\/wp-content\/uploads\/2025\/09\/1757937983_\u00bfQue-es-esta-historia-del-hongo-asesino-que-ha-afectado.jpg\",\"width\":1500,\"height\":1000,\"caption\":\"fungo killer ospedali\"},{\"@type\":\"BreadcrumbList\",\"@id\":\"https:\/\/stacatarina.mx\/consejos\/que-es-esta-historia-del-hongo-asesino-que-ha-afectado-a-mas-de-4000-personas-en-europa-y-preocupa-a-los-hospitales-italianos\/#breadcrumb\",\"itemListElement\":[{\"@type\":\"ListItem\",\"position\":1,\"name\":\"Inicio\",\"item\":\"https:\/\/stacatarina.mx\/consejos\/\"},{\"@type\":\"ListItem\",\"position\":2,\"name\":\"\u00bfQu\u00e9 es esta historia del hongo asesino que ha afectado a m\u00e1s de 4000 personas en Europa (y preocupa a los hospitales italianos)\"}]},{\"@type\":\"WebSite\",\"@id\":\"https:\/\/stacatarina.mx\/consejos\/#website\",\"url\":\"https:\/\/stacatarina.mx\/consejos\/\",\"name\":\"Santa Catarina\",\"description\":\"\",\"publisher\":{\"@id\":\"https:\/\/stacatarina.mx\/consejos\/#organization\"},\"potentialAction\":[{\"@type\":\"SearchAction\",\"target\":{\"@type\":\"EntryPoint\",\"urlTemplate\":\"https:\/\/stacatarina.mx\/consejos\/?s={search_term_string}\"},\"query-input\":{\"@type\":\"PropertyValueSpecification\",\"valueRequired\":true,\"valueName\":\"search_term_string\"}}],\"inLanguage\":\"es\"},{\"@type\":\"Organization\",\"@id\":\"https:\/\/stacatarina.mx\/consejos\/#organization\",\"name\":\"Santa Catarina\",\"url\":\"https:\/\/stacatarina.mx\/consejos\/\",\"logo\":{\"@type\":\"ImageObject\",\"inLanguage\":\"es\",\"@id\":\"https:\/\/stacatarina.mx\/consejos\/#\/schema\/logo\/image\/\",\"url\":\"https:\/\/stacatarina.mx\/consejos\/wp-content\/uploads\/2024\/09\/cropped-favicon-1-1.png\",\"contentUrl\":\"https:\/\/stacatarina.mx\/consejos\/wp-content\/uploads\/2024\/09\/cropped-favicon-1-1.png\",\"width\":512,\"height\":512,\"caption\":\"Santa Catarina\"},\"image\":{\"@id\":\"https:\/\/stacatarina.mx\/consejos\/#\/schema\/logo\/image\/\"},\"sameAs\":[\"https:\/\/www.facebook.com\/stacatarinagob\/\",\"https:\/\/x.com\/stacatarinagob\",\"https:\/\/www.instagram.com\/stacatarinagob\/\",\"https:\/\/www.youtube.com\/channel\/UCK-6cQJL_904665N1_nLTWw\"]},{\"@type\":\"Person\",\"@id\":\"https:\/\/stacatarina.mx\/consejos\/#\/schema\/person\/0be60adffa8e4c4d0828fdf021450e8a\",\"name\":\"Pedro Mart\u00ednez\",\"image\":{\"@type\":\"ImageObject\",\"inLanguage\":\"es\",\"@id\":\"https:\/\/stacatarina.mx\/consejos\/#\/schema\/person\/image\/\",\"url\":\"https:\/\/stacatarina.mx\/consejos\/wp-content\/uploads\/2024\/09\/stacatarina.jpg\",\"contentUrl\":\"https:\/\/stacatarina.mx\/consejos\/wp-content\/uploads\/2024\/09\/stacatarina.jpg\",\"caption\":\"Pedro Mart\u00ednez\"},\"description\":\"Hola, soy Pedro Mart\u00ednez, redactor jefe del sitio oficial del ayuntamiento de Santa Catarina, en M\u00e9xico. Con m\u00e1s de diez a\u00f1os de experiencia en el periodismo local, tengo una pasi\u00f3n por la investigaci\u00f3n y la difusi\u00f3n de informaci\u00f3n que valoriza nuestra hermosa comunidad. Mi compromiso es hacer de Santa Catarina una referencia en materia de transparencia y comunicaci\u00f3n municipal.\",\"sameAs\":[\"https:\/\/stacatarina.mx\/\"]}]}<\/script>\n<!-- \/ Yoast SEO plugin. -->","yoast_head_json":{"title":"\u00bfQu\u00e9 es esta historia del hongo asesino que ha afectado a m\u00e1s de 4000 personas en Europa (y preocupa a los hospitales italianos) - Consejos - Santa Catarina","robots":{"index":"index","follow":"follow","max-snippet":"max-snippet:-1","max-image-preview":"max-image-preview:large","max-video-preview":"max-video-preview:-1"},"canonical":"https:\/\/stacatarina.mx\/consejos\/que-es-esta-historia-del-hongo-asesino-que-ha-afectado-a-mas-de-4000-personas-en-europa-y-preocupa-a-los-hospitales-italianos\/","og_locale":"es_MX","og_type":"article","og_title":"\u00bfQu\u00e9 es esta historia del hongo asesino que ha afectado a m\u00e1s de 4000 personas en Europa (y preocupa a los hospitales italianos) - Consejos - Santa Catarina","og_description":"En los \u00faltimos a\u00f1os, algunos hospitales europeos han registrado casos de infecci\u00f3n de un hongo resistente a las drogas, a menudo definidos por los medios","og_url":"https:\/\/stacatarina.mx\/consejos\/que-es-esta-historia-del-hongo-asesino-que-ha-afectado-a-mas-de-4000-personas-en-europa-y-preocupa-a-los-hospitales-italianos\/","og_site_name":"Santa Catarina","article_publisher":"https:\/\/www.facebook.com\/stacatarinagob\/","article_published_time":"2025-09-15T12:06:22+00:00","article_modified_time":"2025-09-15T12:06:26+00:00","og_image":[{"width":1500,"height":1000,"url":"https:\/\/stacatarina.mx\/consejos\/wp-content\/uploads\/2025\/09\/1757937983_\u00bfQue-es-esta-historia-del-hongo-asesino-que-ha-afectado.jpg","type":"image\/jpeg"}],"author":"Pedro Mart\u00ednez","twitter_card":"summary_large_image","twitter_creator":"@stacatarinagob","twitter_site":"@stacatarinagob","twitter_misc":{"Escrito por":"Pedro Mart\u00ednez","Tiempo de lectura":"3 minutos"},"schema":{"@context":"https:\/\/schema.org","@graph":[{"@type":"Article","@id":"https:\/\/stacatarina.mx\/consejos\/que-es-esta-historia-del-hongo-asesino-que-ha-afectado-a-mas-de-4000-personas-en-europa-y-preocupa-a-los-hospitales-italianos\/#article","isPartOf":{"@id":"https:\/\/stacatarina.mx\/consejos\/que-es-esta-historia-del-hongo-asesino-que-ha-afectado-a-mas-de-4000-personas-en-europa-y-preocupa-a-los-hospitales-italianos\/"},"author":{"name":"Pedro Mart\u00ednez","@id":"https:\/\/stacatarina.mx\/consejos\/#\/schema\/person\/0be60adffa8e4c4d0828fdf021450e8a"},"headline":"\u00bfQu\u00e9 es esta historia del hongo asesino que ha afectado a m\u00e1s de 4000 personas en Europa (y preocupa a los hospitales italianos)","datePublished":"2025-09-15T12:06:22+00:00","dateModified":"2025-09-15T12:06:26+00:00","mainEntityOfPage":{"@id":"https:\/\/stacatarina.mx\/consejos\/que-es-esta-historia-del-hongo-asesino-que-ha-afectado-a-mas-de-4000-personas-en-europa-y-preocupa-a-los-hospitales-italianos\/"},"wordCount":684,"publisher":{"@id":"https:\/\/stacatarina.mx\/consejos\/#organization"},"image":{"@id":"https:\/\/stacatarina.mx\/consejos\/que-es-esta-historia-del-hongo-asesino-que-ha-afectado-a-mas-de-4000-personas-en-europa-y-preocupa-a-los-hospitales-italianos\/#primaryimage"},"thumbnailUrl":"https:\/\/stacatarina.mx\/consejos\/wp-content\/uploads\/2025\/09\/1757937983_\u00bfQue-es-esta-historia-del-hongo-asesino-que-ha-afectado.jpg","keywords":["afectado","asesino","del","esta","Europa","historia","hongo","hospitales","italianos","los","m\u00e1s","personas","preocupa","qu\u00e9"],"articleSection":["Salud"],"inLanguage":"es"},{"@type":"WebPage","@id":"https:\/\/stacatarina.mx\/consejos\/que-es-esta-historia-del-hongo-asesino-que-ha-afectado-a-mas-de-4000-personas-en-europa-y-preocupa-a-los-hospitales-italianos\/","url":"https:\/\/stacatarina.mx\/consejos\/que-es-esta-historia-del-hongo-asesino-que-ha-afectado-a-mas-de-4000-personas-en-europa-y-preocupa-a-los-hospitales-italianos\/","name":"\u00bfQu\u00e9 es esta historia del hongo asesino que ha afectado a m\u00e1s de 4000 personas en Europa (y preocupa a los hospitales italianos) - Consejos - Santa Catarina","isPartOf":{"@id":"https:\/\/stacatarina.mx\/consejos\/#website"},"primaryImageOfPage":{"@id":"https:\/\/stacatarina.mx\/consejos\/que-es-esta-historia-del-hongo-asesino-que-ha-afectado-a-mas-de-4000-personas-en-europa-y-preocupa-a-los-hospitales-italianos\/#primaryimage"},"image":{"@id":"https:\/\/stacatarina.mx\/consejos\/que-es-esta-historia-del-hongo-asesino-que-ha-afectado-a-mas-de-4000-personas-en-europa-y-preocupa-a-los-hospitales-italianos\/#primaryimage"},"thumbnailUrl":"https:\/\/stacatarina.mx\/consejos\/wp-content\/uploads\/2025\/09\/1757937983_\u00bfQue-es-esta-historia-del-hongo-asesino-que-ha-afectado.jpg","datePublished":"2025-09-15T12:06:22+00:00","dateModified":"2025-09-15T12:06:26+00:00","breadcrumb":{"@id":"https:\/\/stacatarina.mx\/consejos\/que-es-esta-historia-del-hongo-asesino-que-ha-afectado-a-mas-de-4000-personas-en-europa-y-preocupa-a-los-hospitales-italianos\/#breadcrumb"},"inLanguage":"es","potentialAction":[{"@type":"ReadAction","target":["https:\/\/stacatarina.mx\/consejos\/que-es-esta-historia-del-hongo-asesino-que-ha-afectado-a-mas-de-4000-personas-en-europa-y-preocupa-a-los-hospitales-italianos\/"]}]},{"@type":"ImageObject","inLanguage":"es","@id":"https:\/\/stacatarina.mx\/consejos\/que-es-esta-historia-del-hongo-asesino-que-ha-afectado-a-mas-de-4000-personas-en-europa-y-preocupa-a-los-hospitales-italianos\/#primaryimage","url":"https:\/\/stacatarina.mx\/consejos\/wp-content\/uploads\/2025\/09\/1757937983_\u00bfQue-es-esta-historia-del-hongo-asesino-que-ha-afectado.jpg","contentUrl":"https:\/\/stacatarina.mx\/consejos\/wp-content\/uploads\/2025\/09\/1757937983_\u00bfQue-es-esta-historia-del-hongo-asesino-que-ha-afectado.jpg","width":1500,"height":1000,"caption":"fungo killer ospedali"},{"@type":"BreadcrumbList","@id":"https:\/\/stacatarina.mx\/consejos\/que-es-esta-historia-del-hongo-asesino-que-ha-afectado-a-mas-de-4000-personas-en-europa-y-preocupa-a-los-hospitales-italianos\/#breadcrumb","itemListElement":[{"@type":"ListItem","position":1,"name":"Inicio","item":"https:\/\/stacatarina.mx\/consejos\/"},{"@type":"ListItem","position":2,"name":"\u00bfQu\u00e9 es esta historia del hongo asesino que ha afectado a m\u00e1s de 4000 personas en Europa (y preocupa a los hospitales italianos)"}]},{"@type":"WebSite","@id":"https:\/\/stacatarina.mx\/consejos\/#website","url":"https:\/\/stacatarina.mx\/consejos\/","name":"Santa Catarina","description":"","publisher":{"@id":"https:\/\/stacatarina.mx\/consejos\/#organization"},"potentialAction":[{"@type":"SearchAction","target":{"@type":"EntryPoint","urlTemplate":"https:\/\/stacatarina.mx\/consejos\/?s={search_term_string}"},"query-input":{"@type":"PropertyValueSpecification","valueRequired":true,"valueName":"search_term_string"}}],"inLanguage":"es"},{"@type":"Organization","@id":"https:\/\/stacatarina.mx\/consejos\/#organization","name":"Santa Catarina","url":"https:\/\/stacatarina.mx\/consejos\/","logo":{"@type":"ImageObject","inLanguage":"es","@id":"https:\/\/stacatarina.mx\/consejos\/#\/schema\/logo\/image\/","url":"https:\/\/stacatarina.mx\/consejos\/wp-content\/uploads\/2024\/09\/cropped-favicon-1-1.png","contentUrl":"https:\/\/stacatarina.mx\/consejos\/wp-content\/uploads\/2024\/09\/cropped-favicon-1-1.png","width":512,"height":512,"caption":"Santa Catarina"},"image":{"@id":"https:\/\/stacatarina.mx\/consejos\/#\/schema\/logo\/image\/"},"sameAs":["https:\/\/www.facebook.com\/stacatarinagob\/","https:\/\/x.com\/stacatarinagob","https:\/\/www.instagram.com\/stacatarinagob\/","https:\/\/www.youtube.com\/channel\/UCK-6cQJL_904665N1_nLTWw"]},{"@type":"Person","@id":"https:\/\/stacatarina.mx\/consejos\/#\/schema\/person\/0be60adffa8e4c4d0828fdf021450e8a","name":"Pedro Mart\u00ednez","image":{"@type":"ImageObject","inLanguage":"es","@id":"https:\/\/stacatarina.mx\/consejos\/#\/schema\/person\/image\/","url":"https:\/\/stacatarina.mx\/consejos\/wp-content\/uploads\/2024\/09\/stacatarina.jpg","contentUrl":"https:\/\/stacatarina.mx\/consejos\/wp-content\/uploads\/2024\/09\/stacatarina.jpg","caption":"Pedro Mart\u00ednez"},"description":"Hola, soy Pedro Mart\u00ednez, redactor jefe del sitio oficial del ayuntamiento de Santa Catarina, en M\u00e9xico. Con m\u00e1s de diez a\u00f1os de experiencia en el periodismo local, tengo una pasi\u00f3n por la investigaci\u00f3n y la difusi\u00f3n de informaci\u00f3n que valoriza nuestra hermosa comunidad. Mi compromiso es hacer de Santa Catarina una referencia en materia de transparencia y comunicaci\u00f3n municipal.","sameAs":["https:\/\/stacatarina.mx\/"]}]}},"_links":{"self":[{"href":"https:\/\/stacatarina.mx\/consejos\/wp-json\/wp\/v2\/posts\/5371"}],"collection":[{"href":"https:\/\/stacatarina.mx\/consejos\/wp-json\/wp\/v2\/posts"}],"about":[{"href":"https:\/\/stacatarina.mx\/consejos\/wp-json\/wp\/v2\/types\/post"}],"author":[{"embeddable":true,"href":"https:\/\/stacatarina.mx\/consejos\/wp-json\/wp\/v2\/users\/1"}],"replies":[{"embeddable":true,"href":"https:\/\/stacatarina.mx\/consejos\/wp-json\/wp\/v2\/comments?post=5371"}],"version-history":[{"count":1,"href":"https:\/\/stacatarina.mx\/consejos\/wp-json\/wp\/v2\/posts\/5371\/revisions"}],"predecessor-version":[{"id":5373,"href":"https:\/\/stacatarina.mx\/consejos\/wp-json\/wp\/v2\/posts\/5371\/revisions\/5373"}],"wp:featuredmedia":[{"embeddable":true,"href":"https:\/\/stacatarina.mx\/consejos\/wp-json\/wp\/v2\/media\/5372"}],"wp:attachment":[{"href":"https:\/\/stacatarina.mx\/consejos\/wp-json\/wp\/v2\/media?parent=5371"}],"wp:term":[{"taxonomy":"category","embeddable":true,"href":"https:\/\/stacatarina.mx\/consejos\/wp-json\/wp\/v2\/categories?post=5371"},{"taxonomy":"post_tag","embeddable":true,"href":"https:\/\/stacatarina.mx\/consejos\/wp-json\/wp\/v2\/tags?post=5371"}],"curies":[{"name":"wp","href":"https:\/\/api.w.org\/{rel}","templated":true}]}}