{"id":5473,"date":"2025-09-23T02:04:35","date_gmt":"2025-09-23T08:04:35","guid":{"rendered":"https:\/\/stacatarina.mx\/consejos\/ansiedad-de-otono-por-eso-podria-sufrir-esta-temporada-y-6-consejos-para-superarlo\/"},"modified":"2025-09-23T02:04:38","modified_gmt":"2025-09-23T08:04:38","slug":"ansiedad-de-otono-por-eso-podria-sufrir-esta-temporada-y-6-consejos-para-superarlo","status":"publish","type":"post","link":"https:\/\/stacatarina.mx\/consejos\/ansiedad-de-otono-por-eso-podria-sufrir-esta-temporada-y-6-consejos-para-superarlo\/","title":{"rendered":"Ansiedad de oto\u00f1o: por eso podr\u00eda sufrir esta temporada y 6 consejos para superarlo"},"content":{"rendered":"<p><\/p>\n<p>No es raro que muchos experimenten la temporada de oto\u00f1o como un per\u00edodo muy exigente tanto en un nivel f\u00edsico como sobre todo psicol\u00f3gico. De hecho, es un per\u00edodo en el que te sientes muy a menudo fatigado, exhausto y del estado de \u00e1nimo del bailar\u00edn.<\/p>\n<p>Los expertos han llamado a este fen\u00f3meno como una ansiedad de oto\u00f1o, es decir, un aumento anual en la ansiedad y el mal humor que algunas personas comienzan a experimentar durante los meses de oto\u00f1o. Las causas se encuentran principalmente al comienzo de un nuevo a\u00f1o escolar, en el estr\u00e9s inminente de las vacaciones de Navidad o en el posible arrepentimiento de no haber logrado los objetivos deseados durante el verano.<\/p>\n<p>Adem\u00e1s, a diferencia de otros tipos de ansiedad, en este caso a menudo no hay un desencadenante externo evidente y tiende a recurrir puntualmente cada a\u00f1o. Muchos no saben qu\u00e9 tan com\u00fan es este fen\u00f3meno y, a menudo, tienden a no reconocerlo, pero entre sus s\u00edntomas encontramos:<\/p>\n<p>Sin embargo, una de las principales causas es la reducci\u00f3n de la luz solar, que conduce a la ca\u00edda de los niveles de serotonina, una hormona importante capaz de influir en el estado de \u00e1nimo, el apetito y la calidad del sue\u00f1o. Al mismo tiempo, tambi\u00e9n hay un aumento en la melatonina, una hormona que tiende a hacerte sentir m\u00e1s somnoliento y deprimido.<\/p>\n<p>Adem\u00e1s, otro efecto de la exposici\u00f3n con menos luz solar es la falta de vitamina D, cuya falta tambi\u00e9n se ha conectado a la depresi\u00f3n (tambi\u00e9n le\u00edda: vitamina D, los efectos beneficiosos que acaban de descubrir para aliviar los s\u00edntomas de la depresi\u00f3n). Finalmente, otros factores incluyen cambios de comportamiento, porque con el empeoramiento del tiempo, pasamos menos tiempo al aire libre y hacemos menos ejercicio.<\/p>\n<p>Independientemente de lo que pueda causar sentimientos ansiosos durante la temporada de oto\u00f1o, veamos juntos las 6 cosas que pueden ayudar a proporcionar alivio:<\/p>\n<h2>Aumenta la exposici\u00f3n a la luz solar<\/h2>\n<p>Una de las primeras cosas que hacer es aumentar la exposici\u00f3n a la luz solar, tal vez comenzando a pasar m\u00e1s tiempo al aire libre para aprovechar al m\u00e1ximo la luz solar.<\/p>\n<h2>Entrenado todos los d\u00edas<\/h2>\n<p>Una vez que el caluroso clima de verano se ha calmado, el oto\u00f1o es un buen momento para disfrutar de la vida al aire libre, luego usarla al m\u00e1ximo dando largos paseos o viajes en bicicleta. Alternativamente, comienza un nuevo deporte o se inscribe en el gimnasio. El ejercicio, de hecho, es fundamental en toda la l\u00ednea para los trastornos de salud mental.<\/p>\n<h2>Cambia tu dieta<\/h2>\n<p>El oto\u00f1o es un momento perfecto para pensar en lo que come, prepare sus sopas de temporada favoritas y sus comidas calientes que no han podido comer durante el verano. (Lea tambi\u00e9n: \u00bfCansado de oto\u00f1o? 6 alimentos para llevar a la mesa con m\u00e1s frecuencia en estos d\u00edas para encontrar energ\u00eda)<\/p>\n<h2>Algo nuevo comienza<\/h2>\n<p>Dado que el oto\u00f1o es un per\u00edodo de nuevos comienzos, un nuevo t\u00e9rmino y una nueva temporada, es un buen momento para reorganizar, ordenar la casa, el jard\u00edn y su vida en general. Tambi\u00e9n podr\u00eda considerar un nuevo aspecto, un pasatiempo o una actividad para ser experimentado.<\/p>\n<h2>Cambia tu perspectiva<\/h2>\n<p>En lugar de asociar el oto\u00f1o con experiencias negativas, es bueno tratar de mirarlo de manera diferente. Por ejemplo, en lugar de pensar en el fr\u00edo y en el hecho de tener que permanecer cerrado en casa, trate de pensar en hacer que la &#8220;interior&#8221; sea acogedora, tal vez cambiando el ambiente de su hogar con una manta c\u00f3moda y c\u00e1lida.<\/p>\n<h2>Busque ayuda profesional<\/h2>\n<p>Finalmente, si comienza a sentirse ansioso y deprimido, act\u00fae de inmediato para mejorar su estado de \u00e1nimo y considere que se comunique con la ayuda de un profesional. En este sentido, se ha demostrado que la terapia cognitiva-conductual (TCC) trata efectivamente la ansiedad y el trastorno emocional estacional.<\/p>\n","protected":false},"excerpt":{"rendered":"<p>No es raro que muchos experimenten la temporada de oto\u00f1o como un per\u00edodo muy exigente tanto en un nivel f\u00edsico como sobre todo psicol\u00f3gico. De<\/p>\n","protected":false},"author":1,"featured_media":5474,"comment_status":"closed","ping_status":"","sticky":false,"template":"","format":"standard","meta":{"footnotes":""},"categories":[762],"tags":[1054,426,1797,110,88,29,125,112,1122,3370,248],"class_list":["post-5473","post","type-post","status-publish","format-standard","has-post-thumbnail","hentry","category-salud","tag-ansiedad","tag-consejos","tag-eso","tag-esta","tag-otono","tag-para","tag-podria","tag-por","tag-sufrir","tag-superarlo","tag-temporada","generate-columns","tablet-grid-50","mobile-grid-100","grid-parent","grid-50"],"yoast_head":"<!-- This site is optimized with the Yoast SEO plugin v23.4 - https:\/\/yoast.com\/wordpress\/plugins\/seo\/ -->\n<title>Ansiedad de oto\u00f1o: por eso podr\u00eda sufrir esta temporada y 6 consejos para superarlo - Consejos - Santa Catarina<\/title>\n<meta name=\"robots\" content=\"index, follow, max-snippet:-1, max-image-preview:large, max-video-preview:-1\" \/>\n<link rel=\"canonical\" href=\"https:\/\/stacatarina.mx\/consejos\/ansiedad-de-otono-por-eso-podria-sufrir-esta-temporada-y-6-consejos-para-superarlo\/\" \/>\n<meta property=\"og:locale\" content=\"es_MX\" \/>\n<meta property=\"og:type\" content=\"article\" \/>\n<meta property=\"og:title\" content=\"Ansiedad de oto\u00f1o: por eso podr\u00eda sufrir esta temporada y 6 consejos para superarlo - Consejos - Santa Catarina\" \/>\n<meta property=\"og:description\" content=\"No es raro que muchos experimenten la temporada de oto\u00f1o como un per\u00edodo muy exigente tanto en un nivel f\u00edsico como sobre todo psicol\u00f3gico. De\" \/>\n<meta property=\"og:url\" content=\"https:\/\/stacatarina.mx\/consejos\/ansiedad-de-otono-por-eso-podria-sufrir-esta-temporada-y-6-consejos-para-superarlo\/\" \/>\n<meta property=\"og:site_name\" content=\"Santa Catarina\" \/>\n<meta property=\"article:publisher\" content=\"https:\/\/www.facebook.com\/stacatarinagob\/\" \/>\n<meta property=\"article:published_time\" content=\"2025-09-23T08:04:35+00:00\" \/>\n<meta property=\"article:modified_time\" content=\"2025-09-23T08:04:38+00:00\" \/>\n<meta property=\"og:image\" content=\"https:\/\/stacatarina.mx\/consejos\/wp-content\/uploads\/2025\/09\/1758614676_Ansiedad-de-otono-por-eso-podria-sufrir-esta-temporada-y.jpg\" \/>\n\t<meta property=\"og:image:width\" content=\"1500\" \/>\n\t<meta property=\"og:image:height\" content=\"1000\" \/>\n\t<meta property=\"og:image:type\" content=\"image\/jpeg\" \/>\n<meta name=\"author\" content=\"Pedro Mart\u00ednez\" \/>\n<meta name=\"twitter:card\" content=\"summary_large_image\" \/>\n<meta name=\"twitter:creator\" content=\"@stacatarinagob\" \/>\n<meta name=\"twitter:site\" content=\"@stacatarinagob\" \/>\n<meta name=\"twitter:label1\" content=\"Escrito por\" \/>\n\t<meta name=\"twitter:data1\" content=\"Pedro Mart\u00ednez\" \/>\n\t<meta name=\"twitter:label2\" content=\"Tiempo de lectura\" \/>\n\t<meta name=\"twitter:data2\" content=\"3 minutos\" \/>\n<script type=\"application\/ld+json\" class=\"yoast-schema-graph\">{\"@context\":\"https:\/\/schema.org\",\"@graph\":[{\"@type\":\"Article\",\"@id\":\"https:\/\/stacatarina.mx\/consejos\/ansiedad-de-otono-por-eso-podria-sufrir-esta-temporada-y-6-consejos-para-superarlo\/#article\",\"isPartOf\":{\"@id\":\"https:\/\/stacatarina.mx\/consejos\/ansiedad-de-otono-por-eso-podria-sufrir-esta-temporada-y-6-consejos-para-superarlo\/\"},\"author\":{\"name\":\"Pedro Mart\u00ednez\",\"@id\":\"https:\/\/stacatarina.mx\/consejos\/#\/schema\/person\/0be60adffa8e4c4d0828fdf021450e8a\"},\"headline\":\"Ansiedad de oto\u00f1o: por eso podr\u00eda sufrir esta temporada y 6 consejos para superarlo\",\"datePublished\":\"2025-09-23T08:04:35+00:00\",\"dateModified\":\"2025-09-23T08:04:38+00:00\",\"mainEntityOfPage\":{\"@id\":\"https:\/\/stacatarina.mx\/consejos\/ansiedad-de-otono-por-eso-podria-sufrir-esta-temporada-y-6-consejos-para-superarlo\/\"},\"wordCount\":710,\"publisher\":{\"@id\":\"https:\/\/stacatarina.mx\/consejos\/#organization\"},\"image\":{\"@id\":\"https:\/\/stacatarina.mx\/consejos\/ansiedad-de-otono-por-eso-podria-sufrir-esta-temporada-y-6-consejos-para-superarlo\/#primaryimage\"},\"thumbnailUrl\":\"https:\/\/stacatarina.mx\/consejos\/wp-content\/uploads\/2025\/09\/1758614676_Ansiedad-de-otono-por-eso-podria-sufrir-esta-temporada-y.jpg\",\"keywords\":[\"ansiedad\",\"Consejos\",\"eso\",\"esta\",\"oto\u00f1o\",\"para\",\"podr\u00eda\",\"por\",\"sufrir\",\"superarlo\",\"temporada\"],\"articleSection\":[\"Salud\"],\"inLanguage\":\"es\"},{\"@type\":\"WebPage\",\"@id\":\"https:\/\/stacatarina.mx\/consejos\/ansiedad-de-otono-por-eso-podria-sufrir-esta-temporada-y-6-consejos-para-superarlo\/\",\"url\":\"https:\/\/stacatarina.mx\/consejos\/ansiedad-de-otono-por-eso-podria-sufrir-esta-temporada-y-6-consejos-para-superarlo\/\",\"name\":\"Ansiedad de oto\u00f1o: por eso podr\u00eda sufrir esta temporada y 6 consejos para superarlo - Consejos - Santa Catarina\",\"isPartOf\":{\"@id\":\"https:\/\/stacatarina.mx\/consejos\/#website\"},\"primaryImageOfPage\":{\"@id\":\"https:\/\/stacatarina.mx\/consejos\/ansiedad-de-otono-por-eso-podria-sufrir-esta-temporada-y-6-consejos-para-superarlo\/#primaryimage\"},\"image\":{\"@id\":\"https:\/\/stacatarina.mx\/consejos\/ansiedad-de-otono-por-eso-podria-sufrir-esta-temporada-y-6-consejos-para-superarlo\/#primaryimage\"},\"thumbnailUrl\":\"https:\/\/stacatarina.mx\/consejos\/wp-content\/uploads\/2025\/09\/1758614676_Ansiedad-de-otono-por-eso-podria-sufrir-esta-temporada-y.jpg\",\"datePublished\":\"2025-09-23T08:04:35+00:00\",\"dateModified\":\"2025-09-23T08:04:38+00:00\",\"breadcrumb\":{\"@id\":\"https:\/\/stacatarina.mx\/consejos\/ansiedad-de-otono-por-eso-podria-sufrir-esta-temporada-y-6-consejos-para-superarlo\/#breadcrumb\"},\"inLanguage\":\"es\",\"potentialAction\":[{\"@type\":\"ReadAction\",\"target\":[\"https:\/\/stacatarina.mx\/consejos\/ansiedad-de-otono-por-eso-podria-sufrir-esta-temporada-y-6-consejos-para-superarlo\/\"]}]},{\"@type\":\"ImageObject\",\"inLanguage\":\"es\",\"@id\":\"https:\/\/stacatarina.mx\/consejos\/ansiedad-de-otono-por-eso-podria-sufrir-esta-temporada-y-6-consejos-para-superarlo\/#primaryimage\",\"url\":\"https:\/\/stacatarina.mx\/consejos\/wp-content\/uploads\/2025\/09\/1758614676_Ansiedad-de-otono-por-eso-podria-sufrir-esta-temporada-y.jpg\",\"contentUrl\":\"https:\/\/stacatarina.mx\/consejos\/wp-content\/uploads\/2025\/09\/1758614676_Ansiedad-de-otono-por-eso-podria-sufrir-esta-temporada-y.jpg\",\"width\":1500,\"height\":1000,\"caption\":\"ansia autunno\"},{\"@type\":\"BreadcrumbList\",\"@id\":\"https:\/\/stacatarina.mx\/consejos\/ansiedad-de-otono-por-eso-podria-sufrir-esta-temporada-y-6-consejos-para-superarlo\/#breadcrumb\",\"itemListElement\":[{\"@type\":\"ListItem\",\"position\":1,\"name\":\"Inicio\",\"item\":\"https:\/\/stacatarina.mx\/consejos\/\"},{\"@type\":\"ListItem\",\"position\":2,\"name\":\"Ansiedad de oto\u00f1o: por eso podr\u00eda sufrir esta temporada y 6 consejos para superarlo\"}]},{\"@type\":\"WebSite\",\"@id\":\"https:\/\/stacatarina.mx\/consejos\/#website\",\"url\":\"https:\/\/stacatarina.mx\/consejos\/\",\"name\":\"Santa Catarina\",\"description\":\"\",\"publisher\":{\"@id\":\"https:\/\/stacatarina.mx\/consejos\/#organization\"},\"potentialAction\":[{\"@type\":\"SearchAction\",\"target\":{\"@type\":\"EntryPoint\",\"urlTemplate\":\"https:\/\/stacatarina.mx\/consejos\/?s={search_term_string}\"},\"query-input\":{\"@type\":\"PropertyValueSpecification\",\"valueRequired\":true,\"valueName\":\"search_term_string\"}}],\"inLanguage\":\"es\"},{\"@type\":\"Organization\",\"@id\":\"https:\/\/stacatarina.mx\/consejos\/#organization\",\"name\":\"Santa Catarina\",\"url\":\"https:\/\/stacatarina.mx\/consejos\/\",\"logo\":{\"@type\":\"ImageObject\",\"inLanguage\":\"es\",\"@id\":\"https:\/\/stacatarina.mx\/consejos\/#\/schema\/logo\/image\/\",\"url\":\"https:\/\/stacatarina.mx\/consejos\/wp-content\/uploads\/2024\/09\/cropped-favicon-1-1.png\",\"contentUrl\":\"https:\/\/stacatarina.mx\/consejos\/wp-content\/uploads\/2024\/09\/cropped-favicon-1-1.png\",\"width\":512,\"height\":512,\"caption\":\"Santa Catarina\"},\"image\":{\"@id\":\"https:\/\/stacatarina.mx\/consejos\/#\/schema\/logo\/image\/\"},\"sameAs\":[\"https:\/\/www.facebook.com\/stacatarinagob\/\",\"https:\/\/x.com\/stacatarinagob\",\"https:\/\/www.instagram.com\/stacatarinagob\/\",\"https:\/\/www.youtube.com\/channel\/UCK-6cQJL_904665N1_nLTWw\"]},{\"@type\":\"Person\",\"@id\":\"https:\/\/stacatarina.mx\/consejos\/#\/schema\/person\/0be60adffa8e4c4d0828fdf021450e8a\",\"name\":\"Pedro Mart\u00ednez\",\"image\":{\"@type\":\"ImageObject\",\"inLanguage\":\"es\",\"@id\":\"https:\/\/stacatarina.mx\/consejos\/#\/schema\/person\/image\/\",\"url\":\"https:\/\/stacatarina.mx\/consejos\/wp-content\/uploads\/2024\/09\/stacatarina.jpg\",\"contentUrl\":\"https:\/\/stacatarina.mx\/consejos\/wp-content\/uploads\/2024\/09\/stacatarina.jpg\",\"caption\":\"Pedro Mart\u00ednez\"},\"description\":\"Hola, soy Pedro Mart\u00ednez, redactor jefe del sitio oficial del ayuntamiento de Santa Catarina, en M\u00e9xico. Con m\u00e1s de diez a\u00f1os de experiencia en el periodismo local, tengo una pasi\u00f3n por la investigaci\u00f3n y la difusi\u00f3n de informaci\u00f3n que valoriza nuestra hermosa comunidad. Mi compromiso es hacer de Santa Catarina una referencia en materia de transparencia y comunicaci\u00f3n municipal.\",\"sameAs\":[\"https:\/\/stacatarina.mx\/\"]}]}<\/script>\n<!-- \/ Yoast SEO plugin. -->","yoast_head_json":{"title":"Ansiedad de oto\u00f1o: por eso podr\u00eda sufrir esta temporada y 6 consejos para superarlo - Consejos - Santa Catarina","robots":{"index":"index","follow":"follow","max-snippet":"max-snippet:-1","max-image-preview":"max-image-preview:large","max-video-preview":"max-video-preview:-1"},"canonical":"https:\/\/stacatarina.mx\/consejos\/ansiedad-de-otono-por-eso-podria-sufrir-esta-temporada-y-6-consejos-para-superarlo\/","og_locale":"es_MX","og_type":"article","og_title":"Ansiedad de oto\u00f1o: por eso podr\u00eda sufrir esta temporada y 6 consejos para superarlo - Consejos - Santa Catarina","og_description":"No es raro que muchos experimenten la temporada de oto\u00f1o como un per\u00edodo muy exigente tanto en un nivel f\u00edsico como sobre todo psicol\u00f3gico. De","og_url":"https:\/\/stacatarina.mx\/consejos\/ansiedad-de-otono-por-eso-podria-sufrir-esta-temporada-y-6-consejos-para-superarlo\/","og_site_name":"Santa Catarina","article_publisher":"https:\/\/www.facebook.com\/stacatarinagob\/","article_published_time":"2025-09-23T08:04:35+00:00","article_modified_time":"2025-09-23T08:04:38+00:00","og_image":[{"width":1500,"height":1000,"url":"https:\/\/stacatarina.mx\/consejos\/wp-content\/uploads\/2025\/09\/1758614676_Ansiedad-de-otono-por-eso-podria-sufrir-esta-temporada-y.jpg","type":"image\/jpeg"}],"author":"Pedro Mart\u00ednez","twitter_card":"summary_large_image","twitter_creator":"@stacatarinagob","twitter_site":"@stacatarinagob","twitter_misc":{"Escrito por":"Pedro Mart\u00ednez","Tiempo de lectura":"3 minutos"},"schema":{"@context":"https:\/\/schema.org","@graph":[{"@type":"Article","@id":"https:\/\/stacatarina.mx\/consejos\/ansiedad-de-otono-por-eso-podria-sufrir-esta-temporada-y-6-consejos-para-superarlo\/#article","isPartOf":{"@id":"https:\/\/stacatarina.mx\/consejos\/ansiedad-de-otono-por-eso-podria-sufrir-esta-temporada-y-6-consejos-para-superarlo\/"},"author":{"name":"Pedro Mart\u00ednez","@id":"https:\/\/stacatarina.mx\/consejos\/#\/schema\/person\/0be60adffa8e4c4d0828fdf021450e8a"},"headline":"Ansiedad de oto\u00f1o: por eso podr\u00eda sufrir esta temporada y 6 consejos para superarlo","datePublished":"2025-09-23T08:04:35+00:00","dateModified":"2025-09-23T08:04:38+00:00","mainEntityOfPage":{"@id":"https:\/\/stacatarina.mx\/consejos\/ansiedad-de-otono-por-eso-podria-sufrir-esta-temporada-y-6-consejos-para-superarlo\/"},"wordCount":710,"publisher":{"@id":"https:\/\/stacatarina.mx\/consejos\/#organization"},"image":{"@id":"https:\/\/stacatarina.mx\/consejos\/ansiedad-de-otono-por-eso-podria-sufrir-esta-temporada-y-6-consejos-para-superarlo\/#primaryimage"},"thumbnailUrl":"https:\/\/stacatarina.mx\/consejos\/wp-content\/uploads\/2025\/09\/1758614676_Ansiedad-de-otono-por-eso-podria-sufrir-esta-temporada-y.jpg","keywords":["ansiedad","Consejos","eso","esta","oto\u00f1o","para","podr\u00eda","por","sufrir","superarlo","temporada"],"articleSection":["Salud"],"inLanguage":"es"},{"@type":"WebPage","@id":"https:\/\/stacatarina.mx\/consejos\/ansiedad-de-otono-por-eso-podria-sufrir-esta-temporada-y-6-consejos-para-superarlo\/","url":"https:\/\/stacatarina.mx\/consejos\/ansiedad-de-otono-por-eso-podria-sufrir-esta-temporada-y-6-consejos-para-superarlo\/","name":"Ansiedad de oto\u00f1o: por eso podr\u00eda sufrir esta temporada y 6 consejos para superarlo - Consejos - Santa Catarina","isPartOf":{"@id":"https:\/\/stacatarina.mx\/consejos\/#website"},"primaryImageOfPage":{"@id":"https:\/\/stacatarina.mx\/consejos\/ansiedad-de-otono-por-eso-podria-sufrir-esta-temporada-y-6-consejos-para-superarlo\/#primaryimage"},"image":{"@id":"https:\/\/stacatarina.mx\/consejos\/ansiedad-de-otono-por-eso-podria-sufrir-esta-temporada-y-6-consejos-para-superarlo\/#primaryimage"},"thumbnailUrl":"https:\/\/stacatarina.mx\/consejos\/wp-content\/uploads\/2025\/09\/1758614676_Ansiedad-de-otono-por-eso-podria-sufrir-esta-temporada-y.jpg","datePublished":"2025-09-23T08:04:35+00:00","dateModified":"2025-09-23T08:04:38+00:00","breadcrumb":{"@id":"https:\/\/stacatarina.mx\/consejos\/ansiedad-de-otono-por-eso-podria-sufrir-esta-temporada-y-6-consejos-para-superarlo\/#breadcrumb"},"inLanguage":"es","potentialAction":[{"@type":"ReadAction","target":["https:\/\/stacatarina.mx\/consejos\/ansiedad-de-otono-por-eso-podria-sufrir-esta-temporada-y-6-consejos-para-superarlo\/"]}]},{"@type":"ImageObject","inLanguage":"es","@id":"https:\/\/stacatarina.mx\/consejos\/ansiedad-de-otono-por-eso-podria-sufrir-esta-temporada-y-6-consejos-para-superarlo\/#primaryimage","url":"https:\/\/stacatarina.mx\/consejos\/wp-content\/uploads\/2025\/09\/1758614676_Ansiedad-de-otono-por-eso-podria-sufrir-esta-temporada-y.jpg","contentUrl":"https:\/\/stacatarina.mx\/consejos\/wp-content\/uploads\/2025\/09\/1758614676_Ansiedad-de-otono-por-eso-podria-sufrir-esta-temporada-y.jpg","width":1500,"height":1000,"caption":"ansia autunno"},{"@type":"BreadcrumbList","@id":"https:\/\/stacatarina.mx\/consejos\/ansiedad-de-otono-por-eso-podria-sufrir-esta-temporada-y-6-consejos-para-superarlo\/#breadcrumb","itemListElement":[{"@type":"ListItem","position":1,"name":"Inicio","item":"https:\/\/stacatarina.mx\/consejos\/"},{"@type":"ListItem","position":2,"name":"Ansiedad de oto\u00f1o: por eso podr\u00eda sufrir esta temporada y 6 consejos para superarlo"}]},{"@type":"WebSite","@id":"https:\/\/stacatarina.mx\/consejos\/#website","url":"https:\/\/stacatarina.mx\/consejos\/","name":"Santa Catarina","description":"","publisher":{"@id":"https:\/\/stacatarina.mx\/consejos\/#organization"},"potentialAction":[{"@type":"SearchAction","target":{"@type":"EntryPoint","urlTemplate":"https:\/\/stacatarina.mx\/consejos\/?s={search_term_string}"},"query-input":{"@type":"PropertyValueSpecification","valueRequired":true,"valueName":"search_term_string"}}],"inLanguage":"es"},{"@type":"Organization","@id":"https:\/\/stacatarina.mx\/consejos\/#organization","name":"Santa Catarina","url":"https:\/\/stacatarina.mx\/consejos\/","logo":{"@type":"ImageObject","inLanguage":"es","@id":"https:\/\/stacatarina.mx\/consejos\/#\/schema\/logo\/image\/","url":"https:\/\/stacatarina.mx\/consejos\/wp-content\/uploads\/2024\/09\/cropped-favicon-1-1.png","contentUrl":"https:\/\/stacatarina.mx\/consejos\/wp-content\/uploads\/2024\/09\/cropped-favicon-1-1.png","width":512,"height":512,"caption":"Santa Catarina"},"image":{"@id":"https:\/\/stacatarina.mx\/consejos\/#\/schema\/logo\/image\/"},"sameAs":["https:\/\/www.facebook.com\/stacatarinagob\/","https:\/\/x.com\/stacatarinagob","https:\/\/www.instagram.com\/stacatarinagob\/","https:\/\/www.youtube.com\/channel\/UCK-6cQJL_904665N1_nLTWw"]},{"@type":"Person","@id":"https:\/\/stacatarina.mx\/consejos\/#\/schema\/person\/0be60adffa8e4c4d0828fdf021450e8a","name":"Pedro Mart\u00ednez","image":{"@type":"ImageObject","inLanguage":"es","@id":"https:\/\/stacatarina.mx\/consejos\/#\/schema\/person\/image\/","url":"https:\/\/stacatarina.mx\/consejos\/wp-content\/uploads\/2024\/09\/stacatarina.jpg","contentUrl":"https:\/\/stacatarina.mx\/consejos\/wp-content\/uploads\/2024\/09\/stacatarina.jpg","caption":"Pedro Mart\u00ednez"},"description":"Hola, soy Pedro Mart\u00ednez, redactor jefe del sitio oficial del ayuntamiento de Santa Catarina, en M\u00e9xico. Con m\u00e1s de diez a\u00f1os de experiencia en el periodismo local, tengo una pasi\u00f3n por la investigaci\u00f3n y la difusi\u00f3n de informaci\u00f3n que valoriza nuestra hermosa comunidad. Mi compromiso es hacer de Santa Catarina una referencia en materia de transparencia y comunicaci\u00f3n municipal.","sameAs":["https:\/\/stacatarina.mx\/"]}]}},"_links":{"self":[{"href":"https:\/\/stacatarina.mx\/consejos\/wp-json\/wp\/v2\/posts\/5473"}],"collection":[{"href":"https:\/\/stacatarina.mx\/consejos\/wp-json\/wp\/v2\/posts"}],"about":[{"href":"https:\/\/stacatarina.mx\/consejos\/wp-json\/wp\/v2\/types\/post"}],"author":[{"embeddable":true,"href":"https:\/\/stacatarina.mx\/consejos\/wp-json\/wp\/v2\/users\/1"}],"replies":[{"embeddable":true,"href":"https:\/\/stacatarina.mx\/consejos\/wp-json\/wp\/v2\/comments?post=5473"}],"version-history":[{"count":1,"href":"https:\/\/stacatarina.mx\/consejos\/wp-json\/wp\/v2\/posts\/5473\/revisions"}],"predecessor-version":[{"id":5475,"href":"https:\/\/stacatarina.mx\/consejos\/wp-json\/wp\/v2\/posts\/5473\/revisions\/5475"}],"wp:featuredmedia":[{"embeddable":true,"href":"https:\/\/stacatarina.mx\/consejos\/wp-json\/wp\/v2\/media\/5474"}],"wp:attachment":[{"href":"https:\/\/stacatarina.mx\/consejos\/wp-json\/wp\/v2\/media?parent=5473"}],"wp:term":[{"taxonomy":"category","embeddable":true,"href":"https:\/\/stacatarina.mx\/consejos\/wp-json\/wp\/v2\/categories?post=5473"},{"taxonomy":"post_tag","embeddable":true,"href":"https:\/\/stacatarina.mx\/consejos\/wp-json\/wp\/v2\/tags?post=5473"}],"curies":[{"name":"wp","href":"https:\/\/api.w.org\/{rel}","templated":true}]}}