{"id":5482,"date":"2025-09-24T03:35:16","date_gmt":"2025-09-24T09:35:16","guid":{"rendered":"https:\/\/stacatarina.mx\/consejos\/lo-que-realmente-le-sucede-al-cerebro-cuando-usamos-edulcorantes-artificiales-todos-los-dias\/"},"modified":"2025-09-24T03:35:18","modified_gmt":"2025-09-24T09:35:18","slug":"lo-que-realmente-le-sucede-al-cerebro-cuando-usamos-edulcorantes-artificiales-todos-los-dias","status":"publish","type":"post","link":"https:\/\/stacatarina.mx\/consejos\/lo-que-realmente-le-sucede-al-cerebro-cuando-usamos-edulcorantes-artificiales-todos-los-dias\/","title":{"rendered":"Lo que realmente le sucede al cerebro cuando usamos edulcorantes artificiales todos los d\u00edas"},"content":{"rendered":"<p><\/p>\n<p>Los usamos pensando en tomar una decisi\u00f3n m\u00e1s saludable. Endulzan el caf\u00e9, est\u00e1n en todas partes con bebidas ligeras y aquellos que tienen diabetes los sienten durante a\u00f1os. Pero los edulcorantes artificiales, como el aspartamo, la sacarina, la acesulfame-k y el erythritolo-may no son tan inofensivos.<\/p>\n<p>Un gran estudio realizado en Brasil en casi 13,000 adultos observ\u00f3 una conexi\u00f3n entre el uso habitual de edulcorantes artificiales y un deterioro cognitivo m\u00e1s r\u00e1pido.<\/p>\n<p>Los participantes, todos los funcionarios p\u00fablicos siguieron durante ocho a\u00f1os, se dividieron en tres grupos basados \u200b\u200ben la cantidad de edulcorantes consumidos. En el grupo que hizo el mayor uso, una cantidad similar a una lata por d\u00eda de bebida ligera, la disminuci\u00f3n de las funciones mentales fue m\u00e1s r\u00e1pida que el 62% en comparaci\u00f3n con aquellos que consumieron muy pocos.<\/p>\n<p>Esta disminuci\u00f3n, explican los investigadores, es equivalente a 1.6 a\u00f1os de m\u00e1s envejecimiento cerebral durante ocho a\u00f1os. Y el efecto se observ\u00f3 en casi todos los edulcorantes analizados, excepto uno: la tagatosa, un edulcorante natural no extendido.<\/p>\n<h2>Memoria m\u00e1s d\u00e9bil y dificultad para encontrar palabras, especialmente entre los m\u00e1s j\u00f3venes<\/h2>\n<p>Aquellos que piensan que los problemas cognitivos son una pregunta vinculada a la edad avanzada, pueden tener que cambiar. Seg\u00fan el estudio, publicado en la revista <em>Neurolog\u00eda<\/em>Los efectos negativos de los dulces se ven solo entre personas menores de 60 a\u00f1os.<\/p>\n<p>Y entre los que tienen diabetes, la categor\u00eda que usa con mayor frecuencia edulcorantes, la disminuci\u00f3n es a\u00fan m\u00e1s marcada. Una verdadera contradicci\u00f3n: aquellos que intentan protegerse del az\u00facar por razones de salud podr\u00edan, sin saberlo, da\u00f1ar su cerebro.<\/p>\n<p>Las funciones afectadas sobre todo se refieren a la memoria verbal (recuerde las palabras o la informaci\u00f3n que acaban de escuchar) y la fluidez verbal (encuentre r\u00e1pidamente las palabras correctas). En t\u00e9rminos concretos: m\u00e1s &#8220;vac\u00edo de memoria&#8221;, m\u00e1s momentos en los que &#8220;tenemos la palabra en la punta del idioma&#8221;, m\u00e1s dificultad para expresarse claramente.<\/p>\n<p>Estas son signos que todos podemos reconocer, pero que, si se vuelven frecuentes, pueden comprometer nuestra vida diaria.<\/p>\n<p>Aclaremos de inmediato: que los edulcorantes causan deterioro cognitivo. El estudio muestra una correlaci\u00f3n, no una causa directa. Adem\u00e1s, se basa en cuestionarios de alimentos compilados por los participantes, y sabemos lo dif\u00edcil que puede ser recordar todo lo que comemos.<\/p>\n<p>No todos los edulcorantes en el mercado fueron analizados: Stevia y sucralosa, por ejemplo, permanecieron fuera. Y las asociaciones del sector, como la Asociaci\u00f3n Brit\u00e1nica de Bendires y la Asociaci\u00f3n Internacional de Sulteros, han recordado r\u00e1pidamente que las autoridades de salud (como la FDA y la EFSA) consideran el uso de edulcorantes para estar seguros dentro de los l\u00edmites diarios establecidos.<\/p>\n<p>Pero mientras tanto, la OMS tambi\u00e9n ha tomado una posici\u00f3n, sin recomendar el uso de edulcorantes para controlar el peso a largo plazo. Una se\u00f1al de que la pregunta est\u00e1 lejos de ser cerrada.<\/p>\n<h2>Pero, \u00bfqu\u00e9 sucede en nuestro cuerpo cuando tomamos estos edulcorantes?<\/h2>\n<p>Los investigadores plantean la hip\u00f3tesis de dos mecanismos principales. El primero se refiere al microbioma intestinal: los edulcorantes podr\u00edan alterar el equilibrio de las bacterias buenas, creando inflamaciones que tambi\u00e9n afectan el cerebro.<\/p>\n<p>El segundo tiene que ver con la confusi\u00f3n entre el sabor y el contenido cal\u00f3rico. El cerebro espera energ\u00eda cuando percibe el sabor dulce, pero con los edulcorantes esta energ\u00eda no llega. Con el tiempo, esto podr\u00eda alterar la forma en que el cuerpo regula el hambre, el metabolismo e incluso las funciones cognitivas.<\/p>\n<h2>\u00bfY ahora?<\/h2>\n<p>Por ahora no estamos hablando de prohibir los edulcorantes. Pero aquellos que los usan todos los d\u00edas, aunque solo sea en caf\u00e9 o t\u00e9, pueden querer revisar sus h\u00e1bitos.<\/p>\n<p>Su propio m\u00e9dico, el principal autor del estudio, sugiere preferir alternativas naturales como miel, jarabe de arce, az\u00facar de coco o pur\u00e9 de manzana, siempre con moderaci\u00f3n.<\/p>\n<p>Su equipo ya est\u00e1 trabajando en una nueva investigaci\u00f3n, con t\u00e9cnicas de neuroimagen para observar si el consumo habitual de edulcorantes deja signos visibles en el cerebro.<\/p>\n<p>Mientras tanto, podr\u00eda valer la pena reflexionar: si el objetivo es cuidar la salud, tal vez incluso nuestro cerebro merece la misma atenci\u00f3n que reservamos para la escala.<\/p><\/p>\n","protected":false},"excerpt":{"rendered":"<p>Los usamos pensando en tomar una decisi\u00f3n m\u00e1s saludable. Endulzan el caf\u00e9, est\u00e1n en todas partes con bebidas ligeras y aquellos que tienen diabetes los<\/p>\n","protected":false},"author":1,"featured_media":5483,"comment_status":"closed","ping_status":"","sticky":false,"template":"","format":"standard","meta":{"footnotes":""},"categories":[762],"tags":[1684,915,568,3907,6093,62,53,3102,690,6085],"class_list":["post-5482","post","type-post","status-publish","format-standard","has-post-thumbnail","hentry","category-salud","tag-artificiales","tag-cerebro","tag-cuando","tag-dias","tag-edulcorantes","tag-los","tag-realmente","tag-sucede","tag-todos","tag-usamos","generate-columns","tablet-grid-50","mobile-grid-100","grid-parent","grid-50"],"yoast_head":"<!-- This site is optimized with the Yoast SEO plugin v23.4 - https:\/\/yoast.com\/wordpress\/plugins\/seo\/ -->\n<title>Lo que realmente le sucede al cerebro cuando usamos edulcorantes artificiales todos los d\u00edas - Consejos - Santa Catarina<\/title>\n<meta name=\"robots\" content=\"index, follow, max-snippet:-1, max-image-preview:large, max-video-preview:-1\" \/>\n<link rel=\"canonical\" href=\"https:\/\/stacatarina.mx\/consejos\/lo-que-realmente-le-sucede-al-cerebro-cuando-usamos-edulcorantes-artificiales-todos-los-dias\/\" \/>\n<meta property=\"og:locale\" content=\"es_MX\" \/>\n<meta property=\"og:type\" content=\"article\" \/>\n<meta property=\"og:title\" content=\"Lo que realmente le sucede al cerebro cuando usamos edulcorantes artificiales todos los d\u00edas - Consejos - Santa Catarina\" \/>\n<meta property=\"og:description\" content=\"Los usamos pensando en tomar una decisi\u00f3n m\u00e1s saludable. Endulzan el caf\u00e9, est\u00e1n en todas partes con bebidas ligeras y aquellos que tienen diabetes los\" \/>\n<meta property=\"og:url\" content=\"https:\/\/stacatarina.mx\/consejos\/lo-que-realmente-le-sucede-al-cerebro-cuando-usamos-edulcorantes-artificiales-todos-los-dias\/\" \/>\n<meta property=\"og:site_name\" content=\"Santa Catarina\" \/>\n<meta property=\"article:publisher\" content=\"https:\/\/www.facebook.com\/stacatarinagob\/\" \/>\n<meta property=\"article:published_time\" content=\"2025-09-24T09:35:16+00:00\" \/>\n<meta property=\"article:modified_time\" content=\"2025-09-24T09:35:18+00:00\" \/>\n<meta property=\"og:image\" content=\"https:\/\/stacatarina.mx\/consejos\/wp-content\/uploads\/2025\/09\/1758706517_Lo-que-realmente-le-sucede-al-cerebro-cuando-usamos-edulcorantes.jpg\" \/>\n\t<meta property=\"og:image:width\" content=\"1500\" \/>\n\t<meta property=\"og:image:height\" content=\"1000\" \/>\n\t<meta property=\"og:image:type\" content=\"image\/jpeg\" \/>\n<meta name=\"author\" content=\"Pedro Mart\u00ednez\" \/>\n<meta name=\"twitter:card\" content=\"summary_large_image\" \/>\n<meta name=\"twitter:creator\" content=\"@stacatarinagob\" \/>\n<meta name=\"twitter:site\" content=\"@stacatarinagob\" \/>\n<meta name=\"twitter:label1\" content=\"Escrito por\" \/>\n\t<meta name=\"twitter:data1\" content=\"Pedro Mart\u00ednez\" \/>\n\t<meta name=\"twitter:label2\" content=\"Tiempo de lectura\" \/>\n\t<meta name=\"twitter:data2\" content=\"4 minutos\" \/>\n<script type=\"application\/ld+json\" class=\"yoast-schema-graph\">{\"@context\":\"https:\/\/schema.org\",\"@graph\":[{\"@type\":\"Article\",\"@id\":\"https:\/\/stacatarina.mx\/consejos\/lo-que-realmente-le-sucede-al-cerebro-cuando-usamos-edulcorantes-artificiales-todos-los-dias\/#article\",\"isPartOf\":{\"@id\":\"https:\/\/stacatarina.mx\/consejos\/lo-que-realmente-le-sucede-al-cerebro-cuando-usamos-edulcorantes-artificiales-todos-los-dias\/\"},\"author\":{\"name\":\"Pedro Mart\u00ednez\",\"@id\":\"https:\/\/stacatarina.mx\/consejos\/#\/schema\/person\/0be60adffa8e4c4d0828fdf021450e8a\"},\"headline\":\"Lo que realmente le sucede al cerebro cuando usamos edulcorantes artificiales todos los d\u00edas\",\"datePublished\":\"2025-09-24T09:35:16+00:00\",\"dateModified\":\"2025-09-24T09:35:18+00:00\",\"mainEntityOfPage\":{\"@id\":\"https:\/\/stacatarina.mx\/consejos\/lo-que-realmente-le-sucede-al-cerebro-cuando-usamos-edulcorantes-artificiales-todos-los-dias\/\"},\"wordCount\":761,\"publisher\":{\"@id\":\"https:\/\/stacatarina.mx\/consejos\/#organization\"},\"image\":{\"@id\":\"https:\/\/stacatarina.mx\/consejos\/lo-que-realmente-le-sucede-al-cerebro-cuando-usamos-edulcorantes-artificiales-todos-los-dias\/#primaryimage\"},\"thumbnailUrl\":\"https:\/\/stacatarina.mx\/consejos\/wp-content\/uploads\/2025\/09\/1758706517_Lo-que-realmente-le-sucede-al-cerebro-cuando-usamos-edulcorantes.jpg\",\"keywords\":[\"artificiales\",\"cerebro\",\"cuando\",\"d\u00edas\",\"edulcorantes\",\"los\",\"realmente\",\"sucede\",\"todos\",\"usamos\"],\"articleSection\":[\"Salud\"],\"inLanguage\":\"es\"},{\"@type\":\"WebPage\",\"@id\":\"https:\/\/stacatarina.mx\/consejos\/lo-que-realmente-le-sucede-al-cerebro-cuando-usamos-edulcorantes-artificiales-todos-los-dias\/\",\"url\":\"https:\/\/stacatarina.mx\/consejos\/lo-que-realmente-le-sucede-al-cerebro-cuando-usamos-edulcorantes-artificiales-todos-los-dias\/\",\"name\":\"Lo que realmente le sucede al cerebro cuando usamos edulcorantes artificiales todos los d\u00edas - Consejos - Santa Catarina\",\"isPartOf\":{\"@id\":\"https:\/\/stacatarina.mx\/consejos\/#website\"},\"primaryImageOfPage\":{\"@id\":\"https:\/\/stacatarina.mx\/consejos\/lo-que-realmente-le-sucede-al-cerebro-cuando-usamos-edulcorantes-artificiales-todos-los-dias\/#primaryimage\"},\"image\":{\"@id\":\"https:\/\/stacatarina.mx\/consejos\/lo-que-realmente-le-sucede-al-cerebro-cuando-usamos-edulcorantes-artificiales-todos-los-dias\/#primaryimage\"},\"thumbnailUrl\":\"https:\/\/stacatarina.mx\/consejos\/wp-content\/uploads\/2025\/09\/1758706517_Lo-que-realmente-le-sucede-al-cerebro-cuando-usamos-edulcorantes.jpg\",\"datePublished\":\"2025-09-24T09:35:16+00:00\",\"dateModified\":\"2025-09-24T09:35:18+00:00\",\"breadcrumb\":{\"@id\":\"https:\/\/stacatarina.mx\/consejos\/lo-que-realmente-le-sucede-al-cerebro-cuando-usamos-edulcorantes-artificiales-todos-los-dias\/#breadcrumb\"},\"inLanguage\":\"es\",\"potentialAction\":[{\"@type\":\"ReadAction\",\"target\":[\"https:\/\/stacatarina.mx\/consejos\/lo-que-realmente-le-sucede-al-cerebro-cuando-usamos-edulcorantes-artificiales-todos-los-dias\/\"]}]},{\"@type\":\"ImageObject\",\"inLanguage\":\"es\",\"@id\":\"https:\/\/stacatarina.mx\/consejos\/lo-que-realmente-le-sucede-al-cerebro-cuando-usamos-edulcorantes-artificiales-todos-los-dias\/#primaryimage\",\"url\":\"https:\/\/stacatarina.mx\/consejos\/wp-content\/uploads\/2025\/09\/1758706517_Lo-que-realmente-le-sucede-al-cerebro-cuando-usamos-edulcorantes.jpg\",\"contentUrl\":\"https:\/\/stacatarina.mx\/consejos\/wp-content\/uploads\/2025\/09\/1758706517_Lo-que-realmente-le-sucede-al-cerebro-cuando-usamos-edulcorantes.jpg\",\"width\":1500,\"height\":1000,\"caption\":\"dolcificanti\"},{\"@type\":\"BreadcrumbList\",\"@id\":\"https:\/\/stacatarina.mx\/consejos\/lo-que-realmente-le-sucede-al-cerebro-cuando-usamos-edulcorantes-artificiales-todos-los-dias\/#breadcrumb\",\"itemListElement\":[{\"@type\":\"ListItem\",\"position\":1,\"name\":\"Inicio\",\"item\":\"https:\/\/stacatarina.mx\/consejos\/\"},{\"@type\":\"ListItem\",\"position\":2,\"name\":\"Lo que realmente le sucede al cerebro cuando usamos edulcorantes artificiales todos los d\u00edas\"}]},{\"@type\":\"WebSite\",\"@id\":\"https:\/\/stacatarina.mx\/consejos\/#website\",\"url\":\"https:\/\/stacatarina.mx\/consejos\/\",\"name\":\"Santa Catarina\",\"description\":\"\",\"publisher\":{\"@id\":\"https:\/\/stacatarina.mx\/consejos\/#organization\"},\"potentialAction\":[{\"@type\":\"SearchAction\",\"target\":{\"@type\":\"EntryPoint\",\"urlTemplate\":\"https:\/\/stacatarina.mx\/consejos\/?s={search_term_string}\"},\"query-input\":{\"@type\":\"PropertyValueSpecification\",\"valueRequired\":true,\"valueName\":\"search_term_string\"}}],\"inLanguage\":\"es\"},{\"@type\":\"Organization\",\"@id\":\"https:\/\/stacatarina.mx\/consejos\/#organization\",\"name\":\"Santa Catarina\",\"url\":\"https:\/\/stacatarina.mx\/consejos\/\",\"logo\":{\"@type\":\"ImageObject\",\"inLanguage\":\"es\",\"@id\":\"https:\/\/stacatarina.mx\/consejos\/#\/schema\/logo\/image\/\",\"url\":\"https:\/\/stacatarina.mx\/consejos\/wp-content\/uploads\/2024\/09\/cropped-favicon-1-1.png\",\"contentUrl\":\"https:\/\/stacatarina.mx\/consejos\/wp-content\/uploads\/2024\/09\/cropped-favicon-1-1.png\",\"width\":512,\"height\":512,\"caption\":\"Santa Catarina\"},\"image\":{\"@id\":\"https:\/\/stacatarina.mx\/consejos\/#\/schema\/logo\/image\/\"},\"sameAs\":[\"https:\/\/www.facebook.com\/stacatarinagob\/\",\"https:\/\/x.com\/stacatarinagob\",\"https:\/\/www.instagram.com\/stacatarinagob\/\",\"https:\/\/www.youtube.com\/channel\/UCK-6cQJL_904665N1_nLTWw\"]},{\"@type\":\"Person\",\"@id\":\"https:\/\/stacatarina.mx\/consejos\/#\/schema\/person\/0be60adffa8e4c4d0828fdf021450e8a\",\"name\":\"Pedro Mart\u00ednez\",\"image\":{\"@type\":\"ImageObject\",\"inLanguage\":\"es\",\"@id\":\"https:\/\/stacatarina.mx\/consejos\/#\/schema\/person\/image\/\",\"url\":\"https:\/\/stacatarina.mx\/consejos\/wp-content\/uploads\/2024\/09\/stacatarina.jpg\",\"contentUrl\":\"https:\/\/stacatarina.mx\/consejos\/wp-content\/uploads\/2024\/09\/stacatarina.jpg\",\"caption\":\"Pedro Mart\u00ednez\"},\"description\":\"Hola, soy Pedro Mart\u00ednez, redactor jefe del sitio oficial del ayuntamiento de Santa Catarina, en M\u00e9xico. Con m\u00e1s de diez a\u00f1os de experiencia en el periodismo local, tengo una pasi\u00f3n por la investigaci\u00f3n y la difusi\u00f3n de informaci\u00f3n que valoriza nuestra hermosa comunidad. Mi compromiso es hacer de Santa Catarina una referencia en materia de transparencia y comunicaci\u00f3n municipal.\",\"sameAs\":[\"https:\/\/stacatarina.mx\/\"]}]}<\/script>\n<!-- \/ Yoast SEO plugin. -->","yoast_head_json":{"title":"Lo que realmente le sucede al cerebro cuando usamos edulcorantes artificiales todos los d\u00edas - Consejos - Santa Catarina","robots":{"index":"index","follow":"follow","max-snippet":"max-snippet:-1","max-image-preview":"max-image-preview:large","max-video-preview":"max-video-preview:-1"},"canonical":"https:\/\/stacatarina.mx\/consejos\/lo-que-realmente-le-sucede-al-cerebro-cuando-usamos-edulcorantes-artificiales-todos-los-dias\/","og_locale":"es_MX","og_type":"article","og_title":"Lo que realmente le sucede al cerebro cuando usamos edulcorantes artificiales todos los d\u00edas - Consejos - Santa Catarina","og_description":"Los usamos pensando en tomar una decisi\u00f3n m\u00e1s saludable. Endulzan el caf\u00e9, est\u00e1n en todas partes con bebidas ligeras y aquellos que tienen diabetes los","og_url":"https:\/\/stacatarina.mx\/consejos\/lo-que-realmente-le-sucede-al-cerebro-cuando-usamos-edulcorantes-artificiales-todos-los-dias\/","og_site_name":"Santa Catarina","article_publisher":"https:\/\/www.facebook.com\/stacatarinagob\/","article_published_time":"2025-09-24T09:35:16+00:00","article_modified_time":"2025-09-24T09:35:18+00:00","og_image":[{"width":1500,"height":1000,"url":"https:\/\/stacatarina.mx\/consejos\/wp-content\/uploads\/2025\/09\/1758706517_Lo-que-realmente-le-sucede-al-cerebro-cuando-usamos-edulcorantes.jpg","type":"image\/jpeg"}],"author":"Pedro Mart\u00ednez","twitter_card":"summary_large_image","twitter_creator":"@stacatarinagob","twitter_site":"@stacatarinagob","twitter_misc":{"Escrito por":"Pedro Mart\u00ednez","Tiempo de lectura":"4 minutos"},"schema":{"@context":"https:\/\/schema.org","@graph":[{"@type":"Article","@id":"https:\/\/stacatarina.mx\/consejos\/lo-que-realmente-le-sucede-al-cerebro-cuando-usamos-edulcorantes-artificiales-todos-los-dias\/#article","isPartOf":{"@id":"https:\/\/stacatarina.mx\/consejos\/lo-que-realmente-le-sucede-al-cerebro-cuando-usamos-edulcorantes-artificiales-todos-los-dias\/"},"author":{"name":"Pedro Mart\u00ednez","@id":"https:\/\/stacatarina.mx\/consejos\/#\/schema\/person\/0be60adffa8e4c4d0828fdf021450e8a"},"headline":"Lo que realmente le sucede al cerebro cuando usamos edulcorantes artificiales todos los d\u00edas","datePublished":"2025-09-24T09:35:16+00:00","dateModified":"2025-09-24T09:35:18+00:00","mainEntityOfPage":{"@id":"https:\/\/stacatarina.mx\/consejos\/lo-que-realmente-le-sucede-al-cerebro-cuando-usamos-edulcorantes-artificiales-todos-los-dias\/"},"wordCount":761,"publisher":{"@id":"https:\/\/stacatarina.mx\/consejos\/#organization"},"image":{"@id":"https:\/\/stacatarina.mx\/consejos\/lo-que-realmente-le-sucede-al-cerebro-cuando-usamos-edulcorantes-artificiales-todos-los-dias\/#primaryimage"},"thumbnailUrl":"https:\/\/stacatarina.mx\/consejos\/wp-content\/uploads\/2025\/09\/1758706517_Lo-que-realmente-le-sucede-al-cerebro-cuando-usamos-edulcorantes.jpg","keywords":["artificiales","cerebro","cuando","d\u00edas","edulcorantes","los","realmente","sucede","todos","usamos"],"articleSection":["Salud"],"inLanguage":"es"},{"@type":"WebPage","@id":"https:\/\/stacatarina.mx\/consejos\/lo-que-realmente-le-sucede-al-cerebro-cuando-usamos-edulcorantes-artificiales-todos-los-dias\/","url":"https:\/\/stacatarina.mx\/consejos\/lo-que-realmente-le-sucede-al-cerebro-cuando-usamos-edulcorantes-artificiales-todos-los-dias\/","name":"Lo que realmente le sucede al cerebro cuando usamos edulcorantes artificiales todos los d\u00edas - Consejos - Santa Catarina","isPartOf":{"@id":"https:\/\/stacatarina.mx\/consejos\/#website"},"primaryImageOfPage":{"@id":"https:\/\/stacatarina.mx\/consejos\/lo-que-realmente-le-sucede-al-cerebro-cuando-usamos-edulcorantes-artificiales-todos-los-dias\/#primaryimage"},"image":{"@id":"https:\/\/stacatarina.mx\/consejos\/lo-que-realmente-le-sucede-al-cerebro-cuando-usamos-edulcorantes-artificiales-todos-los-dias\/#primaryimage"},"thumbnailUrl":"https:\/\/stacatarina.mx\/consejos\/wp-content\/uploads\/2025\/09\/1758706517_Lo-que-realmente-le-sucede-al-cerebro-cuando-usamos-edulcorantes.jpg","datePublished":"2025-09-24T09:35:16+00:00","dateModified":"2025-09-24T09:35:18+00:00","breadcrumb":{"@id":"https:\/\/stacatarina.mx\/consejos\/lo-que-realmente-le-sucede-al-cerebro-cuando-usamos-edulcorantes-artificiales-todos-los-dias\/#breadcrumb"},"inLanguage":"es","potentialAction":[{"@type":"ReadAction","target":["https:\/\/stacatarina.mx\/consejos\/lo-que-realmente-le-sucede-al-cerebro-cuando-usamos-edulcorantes-artificiales-todos-los-dias\/"]}]},{"@type":"ImageObject","inLanguage":"es","@id":"https:\/\/stacatarina.mx\/consejos\/lo-que-realmente-le-sucede-al-cerebro-cuando-usamos-edulcorantes-artificiales-todos-los-dias\/#primaryimage","url":"https:\/\/stacatarina.mx\/consejos\/wp-content\/uploads\/2025\/09\/1758706517_Lo-que-realmente-le-sucede-al-cerebro-cuando-usamos-edulcorantes.jpg","contentUrl":"https:\/\/stacatarina.mx\/consejos\/wp-content\/uploads\/2025\/09\/1758706517_Lo-que-realmente-le-sucede-al-cerebro-cuando-usamos-edulcorantes.jpg","width":1500,"height":1000,"caption":"dolcificanti"},{"@type":"BreadcrumbList","@id":"https:\/\/stacatarina.mx\/consejos\/lo-que-realmente-le-sucede-al-cerebro-cuando-usamos-edulcorantes-artificiales-todos-los-dias\/#breadcrumb","itemListElement":[{"@type":"ListItem","position":1,"name":"Inicio","item":"https:\/\/stacatarina.mx\/consejos\/"},{"@type":"ListItem","position":2,"name":"Lo que realmente le sucede al cerebro cuando usamos edulcorantes artificiales todos los d\u00edas"}]},{"@type":"WebSite","@id":"https:\/\/stacatarina.mx\/consejos\/#website","url":"https:\/\/stacatarina.mx\/consejos\/","name":"Santa Catarina","description":"","publisher":{"@id":"https:\/\/stacatarina.mx\/consejos\/#organization"},"potentialAction":[{"@type":"SearchAction","target":{"@type":"EntryPoint","urlTemplate":"https:\/\/stacatarina.mx\/consejos\/?s={search_term_string}"},"query-input":{"@type":"PropertyValueSpecification","valueRequired":true,"valueName":"search_term_string"}}],"inLanguage":"es"},{"@type":"Organization","@id":"https:\/\/stacatarina.mx\/consejos\/#organization","name":"Santa Catarina","url":"https:\/\/stacatarina.mx\/consejos\/","logo":{"@type":"ImageObject","inLanguage":"es","@id":"https:\/\/stacatarina.mx\/consejos\/#\/schema\/logo\/image\/","url":"https:\/\/stacatarina.mx\/consejos\/wp-content\/uploads\/2024\/09\/cropped-favicon-1-1.png","contentUrl":"https:\/\/stacatarina.mx\/consejos\/wp-content\/uploads\/2024\/09\/cropped-favicon-1-1.png","width":512,"height":512,"caption":"Santa Catarina"},"image":{"@id":"https:\/\/stacatarina.mx\/consejos\/#\/schema\/logo\/image\/"},"sameAs":["https:\/\/www.facebook.com\/stacatarinagob\/","https:\/\/x.com\/stacatarinagob","https:\/\/www.instagram.com\/stacatarinagob\/","https:\/\/www.youtube.com\/channel\/UCK-6cQJL_904665N1_nLTWw"]},{"@type":"Person","@id":"https:\/\/stacatarina.mx\/consejos\/#\/schema\/person\/0be60adffa8e4c4d0828fdf021450e8a","name":"Pedro Mart\u00ednez","image":{"@type":"ImageObject","inLanguage":"es","@id":"https:\/\/stacatarina.mx\/consejos\/#\/schema\/person\/image\/","url":"https:\/\/stacatarina.mx\/consejos\/wp-content\/uploads\/2024\/09\/stacatarina.jpg","contentUrl":"https:\/\/stacatarina.mx\/consejos\/wp-content\/uploads\/2024\/09\/stacatarina.jpg","caption":"Pedro Mart\u00ednez"},"description":"Hola, soy Pedro Mart\u00ednez, redactor jefe del sitio oficial del ayuntamiento de Santa Catarina, en M\u00e9xico. Con m\u00e1s de diez a\u00f1os de experiencia en el periodismo local, tengo una pasi\u00f3n por la investigaci\u00f3n y la difusi\u00f3n de informaci\u00f3n que valoriza nuestra hermosa comunidad. Mi compromiso es hacer de Santa Catarina una referencia en materia de transparencia y comunicaci\u00f3n municipal.","sameAs":["https:\/\/stacatarina.mx\/"]}]}},"_links":{"self":[{"href":"https:\/\/stacatarina.mx\/consejos\/wp-json\/wp\/v2\/posts\/5482"}],"collection":[{"href":"https:\/\/stacatarina.mx\/consejos\/wp-json\/wp\/v2\/posts"}],"about":[{"href":"https:\/\/stacatarina.mx\/consejos\/wp-json\/wp\/v2\/types\/post"}],"author":[{"embeddable":true,"href":"https:\/\/stacatarina.mx\/consejos\/wp-json\/wp\/v2\/users\/1"}],"replies":[{"embeddable":true,"href":"https:\/\/stacatarina.mx\/consejos\/wp-json\/wp\/v2\/comments?post=5482"}],"version-history":[{"count":1,"href":"https:\/\/stacatarina.mx\/consejos\/wp-json\/wp\/v2\/posts\/5482\/revisions"}],"predecessor-version":[{"id":5484,"href":"https:\/\/stacatarina.mx\/consejos\/wp-json\/wp\/v2\/posts\/5482\/revisions\/5484"}],"wp:featuredmedia":[{"embeddable":true,"href":"https:\/\/stacatarina.mx\/consejos\/wp-json\/wp\/v2\/media\/5483"}],"wp:attachment":[{"href":"https:\/\/stacatarina.mx\/consejos\/wp-json\/wp\/v2\/media?parent=5482"}],"wp:term":[{"taxonomy":"category","embeddable":true,"href":"https:\/\/stacatarina.mx\/consejos\/wp-json\/wp\/v2\/categories?post=5482"},{"taxonomy":"post_tag","embeddable":true,"href":"https:\/\/stacatarina.mx\/consejos\/wp-json\/wp\/v2\/tags?post=5482"}],"curies":[{"name":"wp","href":"https:\/\/api.w.org\/{rel}","templated":true}]}}