{"id":5488,"date":"2025-09-24T10:51:59","date_gmt":"2025-09-24T16:51:59","guid":{"rendered":"https:\/\/stacatarina.mx\/consejos\/oda-en-el-sirgia-la-fruta-siciliana-olvidada-que-huele-a-la-infancia-y-que-no-encontrara-en-el-supermercado\/"},"modified":"2025-09-24T10:52:02","modified_gmt":"2025-09-24T16:52:02","slug":"oda-en-el-sirgia-la-fruta-siciliana-olvidada-que-huele-a-la-infancia-y-que-no-encontrara-en-el-supermercado","status":"publish","type":"post","link":"https:\/\/stacatarina.mx\/consejos\/oda-en-el-sirgia-la-fruta-siciliana-olvidada-que-huele-a-la-infancia-y-que-no-encontrara-en-el-supermercado\/","title":{"rendered":"Oda en el Sirgia, la fruta siciliana olvidada que huele a la infancia (y que no encontrar\u00e1 en el supermercado)"},"content":{"rendered":"<p>Hay frutas que no necesitan modas, etiquetas biol\u00f3gicas o campa\u00f1as publicitarias: la memoria y el paladar son suficientes para consagrarlos. La bandera es definitivamente una de ellas. Y no, no lo encontrar\u00e1 en el supermercado o en sus frutas y verduras de confianza. Es una fruta deliciosa pero ignorada por la agroindustria, que se puede disfrutar principalmente en el este de Sicilia y en algunas \u00e1reas de Calabria (aqu\u00ed se llama &#8220;Merendella&#8221;) desde finales de julio hasta principios de septiembre. Si el nombre del nombre ya lo intriga, tome un par de minutos para averiguar m\u00e1s que esta joya.<\/p>\n<h2>Los or\u00edgenes de la legendaria sirgia<\/h2>\n<p>La bandera no es m\u00e1s que una antigua variedad de durazno neto: es peque\u00f1a y redondeada, con la c\u00e1scara delgada que pasa de verde claro al rosado y libera un perfume intoxicante. Su pulpa es firme, blanca y jugosa.<\/p>\n<div id=\"attachment_808802\" style=\"width: 1210px\" class=\"wp-caption alignnone\"><\/div>\n<p>Para introducir el cultivo del flagie, junto con muchos otros que ahora consideramos &#8220;nuestro&#8221;, fueron los \u00e1rabes que asignaron a Sicilia desde 965. Estos \u00e1rboles encontraron un terreno f\u00e9rtil y un clima suave en particular en el valle de Niceto (en el Mesina) y crearon sombras en los jardines de vegetales y jardines familiares. El mismo t\u00e9rmino serrgia derivar\u00eda del \u00e1rabe &#8220;al-birchiga&#8221;, luego se transform\u00f3 en las &#8220;albergas&#8221; francesas durante la dominaci\u00f3n angevin.<\/p>\n<h2>Un sabor que no se olvida<\/h2>\n<p>Cualquiera que haya probado una bandera puede confirmarlo: es una explosi\u00f3n de frescura, con ese equilibrio correcto entre dulce y \u00e1cido lo que la hace inimitable. No es empalagoso, no es an\u00f3nimo como ciertos duraznos de banco que encontramos en el supermercado hoy.<\/p>\n<p>Sirgia no es solo una fruta, es un recuerdo colectivo. Es el refrigerio improvisado en el campo o la casa de los abuelos. El buque insignia huele a espontaneidad, simplicidad, una sicilia que exist\u00eda ante el pl\u00e1stico y las etiquetas con un c\u00f3digo de barras.<\/p>\n<h2>Una fruta que corre el riesgo de desaparecer<\/h2>\n<p>Hoy la bandera casi no se encuentra en ninguna parte. El cultivo de esta fruta se limita a algunas \u00e1reas de Sicilia y Calabria, principalmente a las provincias de Messina, Catania y Reggio Calabria. Y no todos los que viven en estas \u00e1reas del Sur lo han probado. Si ahora le preguntas a los j\u00f3venes de las nuevas generaciones si aman esta fruta, \u00bfresponder\u00e1n &#8220;y que es la bandera? No tengo idea&#8221;.<\/p>\n<p>Lo intent\u00e9 varias veces y la respuesta me ha dejado con amargura en la boca. Y, por supuesto, los anim\u00e9 a probarlo. Y es el consejo que tambi\u00e9n te doy: si vienes al sur en el verano, no te vayas sin haber probado una bandera. Peque\u00f1a advertencia: uno tira del otro &#8230;<\/p>\n","protected":false},"excerpt":{"rendered":"<p>Hay frutas que no necesitan modas, etiquetas biol\u00f3gicas o campa\u00f1as publicitarias: la memoria y el paladar son suficientes para consagrarlos. La bandera es definitivamente una<\/p>\n","protected":false},"author":1,"featured_media":5489,"comment_status":"closed","ping_status":"","sticky":false,"template":"","format":"standard","meta":{"footnotes":""},"categories":[762],"tags":[6105,1283,6103,6104,5322,3525,5489,6102,2269],"class_list":["post-5488","post","type-post","status-publish","format-standard","has-post-thumbnail","hentry","category-salud","tag-encontrara","tag-fruta","tag-huele","tag-infancia","tag-oda","tag-olvidada","tag-siciliana","tag-sirgia","tag-supermercado","generate-columns","tablet-grid-50","mobile-grid-100","grid-parent","grid-50"],"yoast_head":"<!-- This site is optimized with the Yoast SEO plugin v23.4 - https:\/\/yoast.com\/wordpress\/plugins\/seo\/ -->\n<title>Oda en el Sirgia, la fruta siciliana olvidada que huele a la infancia (y que no encontrar\u00e1 en el supermercado) - Consejos - Santa Catarina<\/title>\n<meta name=\"robots\" content=\"index, follow, max-snippet:-1, max-image-preview:large, max-video-preview:-1\" \/>\n<link rel=\"canonical\" href=\"https:\/\/stacatarina.mx\/consejos\/oda-en-el-sirgia-la-fruta-siciliana-olvidada-que-huele-a-la-infancia-y-que-no-encontrara-en-el-supermercado\/\" \/>\n<meta property=\"og:locale\" content=\"es_MX\" \/>\n<meta property=\"og:type\" content=\"article\" \/>\n<meta property=\"og:title\" content=\"Oda en el Sirgia, la fruta siciliana olvidada que huele a la infancia (y que no encontrar\u00e1 en el supermercado) - Consejos - Santa Catarina\" \/>\n<meta property=\"og:description\" content=\"Hay frutas que no necesitan modas, etiquetas biol\u00f3gicas o campa\u00f1as publicitarias: la memoria y el paladar son suficientes para consagrarlos. La bandera es definitivamente una\" \/>\n<meta property=\"og:url\" content=\"https:\/\/stacatarina.mx\/consejos\/oda-en-el-sirgia-la-fruta-siciliana-olvidada-que-huele-a-la-infancia-y-que-no-encontrara-en-el-supermercado\/\" \/>\n<meta property=\"og:site_name\" content=\"Santa Catarina\" \/>\n<meta property=\"article:publisher\" content=\"https:\/\/www.facebook.com\/stacatarinagob\/\" \/>\n<meta property=\"article:published_time\" content=\"2025-09-24T16:51:59+00:00\" \/>\n<meta property=\"article:modified_time\" content=\"2025-09-24T16:52:02+00:00\" \/>\n<meta property=\"og:image\" content=\"https:\/\/stacatarina.mx\/consejos\/wp-content\/uploads\/2025\/09\/1758732720_Oda-en-el-Sirgia-la-fruta-siciliana-olvidada-que-huele.jpg\" \/>\n\t<meta property=\"og:image:width\" content=\"1500\" \/>\n\t<meta property=\"og:image:height\" content=\"1000\" \/>\n\t<meta property=\"og:image:type\" content=\"image\/jpeg\" \/>\n<meta name=\"author\" content=\"Pedro Mart\u00ednez\" \/>\n<meta name=\"twitter:card\" content=\"summary_large_image\" \/>\n<meta name=\"twitter:creator\" content=\"@stacatarinagob\" \/>\n<meta name=\"twitter:site\" content=\"@stacatarinagob\" \/>\n<meta name=\"twitter:label1\" content=\"Escrito por\" \/>\n\t<meta name=\"twitter:data1\" content=\"Pedro Mart\u00ednez\" \/>\n\t<meta name=\"twitter:label2\" content=\"Tiempo de lectura\" \/>\n\t<meta name=\"twitter:data2\" content=\"2 minutos\" \/>\n<script type=\"application\/ld+json\" class=\"yoast-schema-graph\">{\"@context\":\"https:\/\/schema.org\",\"@graph\":[{\"@type\":\"Article\",\"@id\":\"https:\/\/stacatarina.mx\/consejos\/oda-en-el-sirgia-la-fruta-siciliana-olvidada-que-huele-a-la-infancia-y-que-no-encontrara-en-el-supermercado\/#article\",\"isPartOf\":{\"@id\":\"https:\/\/stacatarina.mx\/consejos\/oda-en-el-sirgia-la-fruta-siciliana-olvidada-que-huele-a-la-infancia-y-que-no-encontrara-en-el-supermercado\/\"},\"author\":{\"name\":\"Pedro Mart\u00ednez\",\"@id\":\"https:\/\/stacatarina.mx\/consejos\/#\/schema\/person\/0be60adffa8e4c4d0828fdf021450e8a\"},\"headline\":\"Oda en el Sirgia, la fruta siciliana olvidada que huele a la infancia (y que no encontrar\u00e1 en el supermercado)\",\"datePublished\":\"2025-09-24T16:51:59+00:00\",\"dateModified\":\"2025-09-24T16:52:02+00:00\",\"mainEntityOfPage\":{\"@id\":\"https:\/\/stacatarina.mx\/consejos\/oda-en-el-sirgia-la-fruta-siciliana-olvidada-que-huele-a-la-infancia-y-que-no-encontrara-en-el-supermercado\/\"},\"wordCount\":481,\"publisher\":{\"@id\":\"https:\/\/stacatarina.mx\/consejos\/#organization\"},\"image\":{\"@id\":\"https:\/\/stacatarina.mx\/consejos\/oda-en-el-sirgia-la-fruta-siciliana-olvidada-que-huele-a-la-infancia-y-que-no-encontrara-en-el-supermercado\/#primaryimage\"},\"thumbnailUrl\":\"https:\/\/stacatarina.mx\/consejos\/wp-content\/uploads\/2025\/09\/1758732720_Oda-en-el-Sirgia-la-fruta-siciliana-olvidada-que-huele.jpg\",\"keywords\":[\"encontrar\u00e1\",\"fruta\",\"huele\",\"infancia\",\"Oda\",\"olvidada\",\"siciliana\",\"Sirgia\",\"supermercado\"],\"articleSection\":[\"Salud\"],\"inLanguage\":\"es\"},{\"@type\":\"WebPage\",\"@id\":\"https:\/\/stacatarina.mx\/consejos\/oda-en-el-sirgia-la-fruta-siciliana-olvidada-que-huele-a-la-infancia-y-que-no-encontrara-en-el-supermercado\/\",\"url\":\"https:\/\/stacatarina.mx\/consejos\/oda-en-el-sirgia-la-fruta-siciliana-olvidada-que-huele-a-la-infancia-y-que-no-encontrara-en-el-supermercado\/\",\"name\":\"Oda en el Sirgia, la fruta siciliana olvidada que huele a la infancia (y que no encontrar\u00e1 en el supermercado) - Consejos - Santa Catarina\",\"isPartOf\":{\"@id\":\"https:\/\/stacatarina.mx\/consejos\/#website\"},\"primaryImageOfPage\":{\"@id\":\"https:\/\/stacatarina.mx\/consejos\/oda-en-el-sirgia-la-fruta-siciliana-olvidada-que-huele-a-la-infancia-y-que-no-encontrara-en-el-supermercado\/#primaryimage\"},\"image\":{\"@id\":\"https:\/\/stacatarina.mx\/consejos\/oda-en-el-sirgia-la-fruta-siciliana-olvidada-que-huele-a-la-infancia-y-que-no-encontrara-en-el-supermercado\/#primaryimage\"},\"thumbnailUrl\":\"https:\/\/stacatarina.mx\/consejos\/wp-content\/uploads\/2025\/09\/1758732720_Oda-en-el-Sirgia-la-fruta-siciliana-olvidada-que-huele.jpg\",\"datePublished\":\"2025-09-24T16:51:59+00:00\",\"dateModified\":\"2025-09-24T16:52:02+00:00\",\"breadcrumb\":{\"@id\":\"https:\/\/stacatarina.mx\/consejos\/oda-en-el-sirgia-la-fruta-siciliana-olvidada-que-huele-a-la-infancia-y-que-no-encontrara-en-el-supermercado\/#breadcrumb\"},\"inLanguage\":\"es\",\"potentialAction\":[{\"@type\":\"ReadAction\",\"target\":[\"https:\/\/stacatarina.mx\/consejos\/oda-en-el-sirgia-la-fruta-siciliana-olvidada-que-huele-a-la-infancia-y-que-no-encontrara-en-el-supermercado\/\"]}]},{\"@type\":\"ImageObject\",\"inLanguage\":\"es\",\"@id\":\"https:\/\/stacatarina.mx\/consejos\/oda-en-el-sirgia-la-fruta-siciliana-olvidada-que-huele-a-la-infancia-y-que-no-encontrara-en-el-supermercado\/#primaryimage\",\"url\":\"https:\/\/stacatarina.mx\/consejos\/wp-content\/uploads\/2025\/09\/1758732720_Oda-en-el-Sirgia-la-fruta-siciliana-olvidada-que-huele.jpg\",\"contentUrl\":\"https:\/\/stacatarina.mx\/consejos\/wp-content\/uploads\/2025\/09\/1758732720_Oda-en-el-Sirgia-la-fruta-siciliana-olvidada-que-huele.jpg\",\"width\":1500,\"height\":1000,\"caption\":\"sbergia\"},{\"@type\":\"BreadcrumbList\",\"@id\":\"https:\/\/stacatarina.mx\/consejos\/oda-en-el-sirgia-la-fruta-siciliana-olvidada-que-huele-a-la-infancia-y-que-no-encontrara-en-el-supermercado\/#breadcrumb\",\"itemListElement\":[{\"@type\":\"ListItem\",\"position\":1,\"name\":\"Inicio\",\"item\":\"https:\/\/stacatarina.mx\/consejos\/\"},{\"@type\":\"ListItem\",\"position\":2,\"name\":\"Oda en el Sirgia, la fruta siciliana olvidada que huele a la infancia (y que no encontrar\u00e1 en el supermercado)\"}]},{\"@type\":\"WebSite\",\"@id\":\"https:\/\/stacatarina.mx\/consejos\/#website\",\"url\":\"https:\/\/stacatarina.mx\/consejos\/\",\"name\":\"Santa Catarina\",\"description\":\"\",\"publisher\":{\"@id\":\"https:\/\/stacatarina.mx\/consejos\/#organization\"},\"potentialAction\":[{\"@type\":\"SearchAction\",\"target\":{\"@type\":\"EntryPoint\",\"urlTemplate\":\"https:\/\/stacatarina.mx\/consejos\/?s={search_term_string}\"},\"query-input\":{\"@type\":\"PropertyValueSpecification\",\"valueRequired\":true,\"valueName\":\"search_term_string\"}}],\"inLanguage\":\"es\"},{\"@type\":\"Organization\",\"@id\":\"https:\/\/stacatarina.mx\/consejos\/#organization\",\"name\":\"Santa Catarina\",\"url\":\"https:\/\/stacatarina.mx\/consejos\/\",\"logo\":{\"@type\":\"ImageObject\",\"inLanguage\":\"es\",\"@id\":\"https:\/\/stacatarina.mx\/consejos\/#\/schema\/logo\/image\/\",\"url\":\"https:\/\/stacatarina.mx\/consejos\/wp-content\/uploads\/2024\/09\/cropped-favicon-1-1.png\",\"contentUrl\":\"https:\/\/stacatarina.mx\/consejos\/wp-content\/uploads\/2024\/09\/cropped-favicon-1-1.png\",\"width\":512,\"height\":512,\"caption\":\"Santa Catarina\"},\"image\":{\"@id\":\"https:\/\/stacatarina.mx\/consejos\/#\/schema\/logo\/image\/\"},\"sameAs\":[\"https:\/\/www.facebook.com\/stacatarinagob\/\",\"https:\/\/x.com\/stacatarinagob\",\"https:\/\/www.instagram.com\/stacatarinagob\/\",\"https:\/\/www.youtube.com\/channel\/UCK-6cQJL_904665N1_nLTWw\"]},{\"@type\":\"Person\",\"@id\":\"https:\/\/stacatarina.mx\/consejos\/#\/schema\/person\/0be60adffa8e4c4d0828fdf021450e8a\",\"name\":\"Pedro Mart\u00ednez\",\"image\":{\"@type\":\"ImageObject\",\"inLanguage\":\"es\",\"@id\":\"https:\/\/stacatarina.mx\/consejos\/#\/schema\/person\/image\/\",\"url\":\"https:\/\/stacatarina.mx\/consejos\/wp-content\/uploads\/2024\/09\/stacatarina.jpg\",\"contentUrl\":\"https:\/\/stacatarina.mx\/consejos\/wp-content\/uploads\/2024\/09\/stacatarina.jpg\",\"caption\":\"Pedro Mart\u00ednez\"},\"description\":\"Hola, soy Pedro Mart\u00ednez, redactor jefe del sitio oficial del ayuntamiento de Santa Catarina, en M\u00e9xico. Con m\u00e1s de diez a\u00f1os de experiencia en el periodismo local, tengo una pasi\u00f3n por la investigaci\u00f3n y la difusi\u00f3n de informaci\u00f3n que valoriza nuestra hermosa comunidad. Mi compromiso es hacer de Santa Catarina una referencia en materia de transparencia y comunicaci\u00f3n municipal.\",\"sameAs\":[\"https:\/\/stacatarina.mx\/\"]}]}<\/script>\n<!-- \/ Yoast SEO plugin. -->","yoast_head_json":{"title":"Oda en el Sirgia, la fruta siciliana olvidada que huele a la infancia (y que no encontrar\u00e1 en el supermercado) - Consejos - Santa Catarina","robots":{"index":"index","follow":"follow","max-snippet":"max-snippet:-1","max-image-preview":"max-image-preview:large","max-video-preview":"max-video-preview:-1"},"canonical":"https:\/\/stacatarina.mx\/consejos\/oda-en-el-sirgia-la-fruta-siciliana-olvidada-que-huele-a-la-infancia-y-que-no-encontrara-en-el-supermercado\/","og_locale":"es_MX","og_type":"article","og_title":"Oda en el Sirgia, la fruta siciliana olvidada que huele a la infancia (y que no encontrar\u00e1 en el supermercado) - Consejos - Santa Catarina","og_description":"Hay frutas que no necesitan modas, etiquetas biol\u00f3gicas o campa\u00f1as publicitarias: la memoria y el paladar son suficientes para consagrarlos. La bandera es definitivamente una","og_url":"https:\/\/stacatarina.mx\/consejos\/oda-en-el-sirgia-la-fruta-siciliana-olvidada-que-huele-a-la-infancia-y-que-no-encontrara-en-el-supermercado\/","og_site_name":"Santa Catarina","article_publisher":"https:\/\/www.facebook.com\/stacatarinagob\/","article_published_time":"2025-09-24T16:51:59+00:00","article_modified_time":"2025-09-24T16:52:02+00:00","og_image":[{"width":1500,"height":1000,"url":"https:\/\/stacatarina.mx\/consejos\/wp-content\/uploads\/2025\/09\/1758732720_Oda-en-el-Sirgia-la-fruta-siciliana-olvidada-que-huele.jpg","type":"image\/jpeg"}],"author":"Pedro Mart\u00ednez","twitter_card":"summary_large_image","twitter_creator":"@stacatarinagob","twitter_site":"@stacatarinagob","twitter_misc":{"Escrito por":"Pedro Mart\u00ednez","Tiempo de lectura":"2 minutos"},"schema":{"@context":"https:\/\/schema.org","@graph":[{"@type":"Article","@id":"https:\/\/stacatarina.mx\/consejos\/oda-en-el-sirgia-la-fruta-siciliana-olvidada-que-huele-a-la-infancia-y-que-no-encontrara-en-el-supermercado\/#article","isPartOf":{"@id":"https:\/\/stacatarina.mx\/consejos\/oda-en-el-sirgia-la-fruta-siciliana-olvidada-que-huele-a-la-infancia-y-que-no-encontrara-en-el-supermercado\/"},"author":{"name":"Pedro Mart\u00ednez","@id":"https:\/\/stacatarina.mx\/consejos\/#\/schema\/person\/0be60adffa8e4c4d0828fdf021450e8a"},"headline":"Oda en el Sirgia, la fruta siciliana olvidada que huele a la infancia (y que no encontrar\u00e1 en el supermercado)","datePublished":"2025-09-24T16:51:59+00:00","dateModified":"2025-09-24T16:52:02+00:00","mainEntityOfPage":{"@id":"https:\/\/stacatarina.mx\/consejos\/oda-en-el-sirgia-la-fruta-siciliana-olvidada-que-huele-a-la-infancia-y-que-no-encontrara-en-el-supermercado\/"},"wordCount":481,"publisher":{"@id":"https:\/\/stacatarina.mx\/consejos\/#organization"},"image":{"@id":"https:\/\/stacatarina.mx\/consejos\/oda-en-el-sirgia-la-fruta-siciliana-olvidada-que-huele-a-la-infancia-y-que-no-encontrara-en-el-supermercado\/#primaryimage"},"thumbnailUrl":"https:\/\/stacatarina.mx\/consejos\/wp-content\/uploads\/2025\/09\/1758732720_Oda-en-el-Sirgia-la-fruta-siciliana-olvidada-que-huele.jpg","keywords":["encontrar\u00e1","fruta","huele","infancia","Oda","olvidada","siciliana","Sirgia","supermercado"],"articleSection":["Salud"],"inLanguage":"es"},{"@type":"WebPage","@id":"https:\/\/stacatarina.mx\/consejos\/oda-en-el-sirgia-la-fruta-siciliana-olvidada-que-huele-a-la-infancia-y-que-no-encontrara-en-el-supermercado\/","url":"https:\/\/stacatarina.mx\/consejos\/oda-en-el-sirgia-la-fruta-siciliana-olvidada-que-huele-a-la-infancia-y-que-no-encontrara-en-el-supermercado\/","name":"Oda en el Sirgia, la fruta siciliana olvidada que huele a la infancia (y que no encontrar\u00e1 en el supermercado) - Consejos - Santa Catarina","isPartOf":{"@id":"https:\/\/stacatarina.mx\/consejos\/#website"},"primaryImageOfPage":{"@id":"https:\/\/stacatarina.mx\/consejos\/oda-en-el-sirgia-la-fruta-siciliana-olvidada-que-huele-a-la-infancia-y-que-no-encontrara-en-el-supermercado\/#primaryimage"},"image":{"@id":"https:\/\/stacatarina.mx\/consejos\/oda-en-el-sirgia-la-fruta-siciliana-olvidada-que-huele-a-la-infancia-y-que-no-encontrara-en-el-supermercado\/#primaryimage"},"thumbnailUrl":"https:\/\/stacatarina.mx\/consejos\/wp-content\/uploads\/2025\/09\/1758732720_Oda-en-el-Sirgia-la-fruta-siciliana-olvidada-que-huele.jpg","datePublished":"2025-09-24T16:51:59+00:00","dateModified":"2025-09-24T16:52:02+00:00","breadcrumb":{"@id":"https:\/\/stacatarina.mx\/consejos\/oda-en-el-sirgia-la-fruta-siciliana-olvidada-que-huele-a-la-infancia-y-que-no-encontrara-en-el-supermercado\/#breadcrumb"},"inLanguage":"es","potentialAction":[{"@type":"ReadAction","target":["https:\/\/stacatarina.mx\/consejos\/oda-en-el-sirgia-la-fruta-siciliana-olvidada-que-huele-a-la-infancia-y-que-no-encontrara-en-el-supermercado\/"]}]},{"@type":"ImageObject","inLanguage":"es","@id":"https:\/\/stacatarina.mx\/consejos\/oda-en-el-sirgia-la-fruta-siciliana-olvidada-que-huele-a-la-infancia-y-que-no-encontrara-en-el-supermercado\/#primaryimage","url":"https:\/\/stacatarina.mx\/consejos\/wp-content\/uploads\/2025\/09\/1758732720_Oda-en-el-Sirgia-la-fruta-siciliana-olvidada-que-huele.jpg","contentUrl":"https:\/\/stacatarina.mx\/consejos\/wp-content\/uploads\/2025\/09\/1758732720_Oda-en-el-Sirgia-la-fruta-siciliana-olvidada-que-huele.jpg","width":1500,"height":1000,"caption":"sbergia"},{"@type":"BreadcrumbList","@id":"https:\/\/stacatarina.mx\/consejos\/oda-en-el-sirgia-la-fruta-siciliana-olvidada-que-huele-a-la-infancia-y-que-no-encontrara-en-el-supermercado\/#breadcrumb","itemListElement":[{"@type":"ListItem","position":1,"name":"Inicio","item":"https:\/\/stacatarina.mx\/consejos\/"},{"@type":"ListItem","position":2,"name":"Oda en el Sirgia, la fruta siciliana olvidada que huele a la infancia (y que no encontrar\u00e1 en el supermercado)"}]},{"@type":"WebSite","@id":"https:\/\/stacatarina.mx\/consejos\/#website","url":"https:\/\/stacatarina.mx\/consejos\/","name":"Santa Catarina","description":"","publisher":{"@id":"https:\/\/stacatarina.mx\/consejos\/#organization"},"potentialAction":[{"@type":"SearchAction","target":{"@type":"EntryPoint","urlTemplate":"https:\/\/stacatarina.mx\/consejos\/?s={search_term_string}"},"query-input":{"@type":"PropertyValueSpecification","valueRequired":true,"valueName":"search_term_string"}}],"inLanguage":"es"},{"@type":"Organization","@id":"https:\/\/stacatarina.mx\/consejos\/#organization","name":"Santa Catarina","url":"https:\/\/stacatarina.mx\/consejos\/","logo":{"@type":"ImageObject","inLanguage":"es","@id":"https:\/\/stacatarina.mx\/consejos\/#\/schema\/logo\/image\/","url":"https:\/\/stacatarina.mx\/consejos\/wp-content\/uploads\/2024\/09\/cropped-favicon-1-1.png","contentUrl":"https:\/\/stacatarina.mx\/consejos\/wp-content\/uploads\/2024\/09\/cropped-favicon-1-1.png","width":512,"height":512,"caption":"Santa Catarina"},"image":{"@id":"https:\/\/stacatarina.mx\/consejos\/#\/schema\/logo\/image\/"},"sameAs":["https:\/\/www.facebook.com\/stacatarinagob\/","https:\/\/x.com\/stacatarinagob","https:\/\/www.instagram.com\/stacatarinagob\/","https:\/\/www.youtube.com\/channel\/UCK-6cQJL_904665N1_nLTWw"]},{"@type":"Person","@id":"https:\/\/stacatarina.mx\/consejos\/#\/schema\/person\/0be60adffa8e4c4d0828fdf021450e8a","name":"Pedro Mart\u00ednez","image":{"@type":"ImageObject","inLanguage":"es","@id":"https:\/\/stacatarina.mx\/consejos\/#\/schema\/person\/image\/","url":"https:\/\/stacatarina.mx\/consejos\/wp-content\/uploads\/2024\/09\/stacatarina.jpg","contentUrl":"https:\/\/stacatarina.mx\/consejos\/wp-content\/uploads\/2024\/09\/stacatarina.jpg","caption":"Pedro Mart\u00ednez"},"description":"Hola, soy Pedro Mart\u00ednez, redactor jefe del sitio oficial del ayuntamiento de Santa Catarina, en M\u00e9xico. Con m\u00e1s de diez a\u00f1os de experiencia en el periodismo local, tengo una pasi\u00f3n por la investigaci\u00f3n y la difusi\u00f3n de informaci\u00f3n que valoriza nuestra hermosa comunidad. Mi compromiso es hacer de Santa Catarina una referencia en materia de transparencia y comunicaci\u00f3n municipal.","sameAs":["https:\/\/stacatarina.mx\/"]}]}},"_links":{"self":[{"href":"https:\/\/stacatarina.mx\/consejos\/wp-json\/wp\/v2\/posts\/5488"}],"collection":[{"href":"https:\/\/stacatarina.mx\/consejos\/wp-json\/wp\/v2\/posts"}],"about":[{"href":"https:\/\/stacatarina.mx\/consejos\/wp-json\/wp\/v2\/types\/post"}],"author":[{"embeddable":true,"href":"https:\/\/stacatarina.mx\/consejos\/wp-json\/wp\/v2\/users\/1"}],"replies":[{"embeddable":true,"href":"https:\/\/stacatarina.mx\/consejos\/wp-json\/wp\/v2\/comments?post=5488"}],"version-history":[{"count":1,"href":"https:\/\/stacatarina.mx\/consejos\/wp-json\/wp\/v2\/posts\/5488\/revisions"}],"predecessor-version":[{"id":5490,"href":"https:\/\/stacatarina.mx\/consejos\/wp-json\/wp\/v2\/posts\/5488\/revisions\/5490"}],"wp:featuredmedia":[{"embeddable":true,"href":"https:\/\/stacatarina.mx\/consejos\/wp-json\/wp\/v2\/media\/5489"}],"wp:attachment":[{"href":"https:\/\/stacatarina.mx\/consejos\/wp-json\/wp\/v2\/media?parent=5488"}],"wp:term":[{"taxonomy":"category","embeddable":true,"href":"https:\/\/stacatarina.mx\/consejos\/wp-json\/wp\/v2\/categories?post=5488"},{"taxonomy":"post_tag","embeddable":true,"href":"https:\/\/stacatarina.mx\/consejos\/wp-json\/wp\/v2\/tags?post=5488"}],"curies":[{"name":"wp","href":"https:\/\/api.w.org\/{rel}","templated":true}]}}