{"id":5532,"date":"2025-09-28T00:40:24","date_gmt":"2025-09-28T06:40:24","guid":{"rendered":"https:\/\/stacatarina.mx\/consejos\/cancer-de-colon-el-medico-comparte-los-5-sintomas-para-no-ignorar-lo-que-podria-salvarle-la-vida\/"},"modified":"2025-09-28T00:40:29","modified_gmt":"2025-09-28T06:40:29","slug":"cancer-de-colon-el-medico-comparte-los-5-sintomas-para-no-ignorar-lo-que-podria-salvarle-la-vida","status":"publish","type":"post","link":"https:\/\/stacatarina.mx\/consejos\/cancer-de-colon-el-medico-comparte-los-5-sintomas-para-no-ignorar-lo-que-podria-salvarle-la-vida\/","title":{"rendered":"C\u00e1ncer de colon: el m\u00e9dico comparte los 5 s\u00edntomas para no ignorar, lo que podr\u00eda salvarle la vida"},"content":{"rendered":"<p><\/p>\n<p>Color Tumor es una de las formas oncol\u00f3gicas m\u00e1s populares en Italia: seg\u00fan el informe <em>El n\u00famero de c\u00e1ncer 2022<\/em> Aiom y Autum, alrededor de 48,000 casos nuevos se diagnostican cada a\u00f1o, con una mortalidad estimada de aproximadamente 24,000 personas. En general, es del segundo tumor m\u00e1s frecuente en nuestro pa\u00eds, despu\u00e9s del de la mama.<\/p>\n<p>\u00bfDatos a\u00fan m\u00e1s preocupantes? Est\u00e1 golpeando a m\u00e1s y m\u00e1s personas menores de 50 a\u00f1os. Es por eso que la prevenci\u00f3n y el reconocimiento temprano de los s\u00edntomas se convierten en herramientas fundamentales.<\/p>\n<p>Para ello, el Dr. Karan Rajan, un m\u00e9dico muy seguido en las redes sociales, que ha liberado a videos en los que explica cu\u00e1les son los 5 s\u00edntomas principales del c\u00e1ncer de colon.<\/p>\n<h2>C\u00e1ncer de colon: los 5 s\u00edntomas m\u00e1s comunes que no deben ignorarse<\/h2>\n<p>En el video que se ha vuelto viral, el m\u00e9dico subraya c\u00f3mo algunos s\u00edntomas aparentemente triviales, que a menudo se atribuyen a una mala nutrici\u00f3n o estr\u00e9s, pueden ser signos de alarma que no deben subestimarse. Aqu\u00ed est\u00e1n los cinco m\u00e1s importantes.<\/p>\n<ol>\n<li>  Dolor abdominal persistente<\/li>\n<\/ol>\n<p>Un dolor estomacal continuo, localizado o generalizado que no pasa con los remedios de banco habituales y dura m\u00e1s de dos semanas, puede indicar algo que merece atenci\u00f3n. No es necesario entrar en p\u00e1nico, pero hablar con el m\u00e9dico siempre es una buena elecci\u00f3n.<\/p>\n<ol start=\"2\">\n<li>  P\u00e9rdida de peso sin raz\u00f3n<\/li>\n<\/ol>\n<p>Si est\u00e1 perdiendo peso sin haber cambiado su dieta o estilo de vida, podr\u00eda ser una se\u00f1al de que el cuerpo se enfrenta a un cambio importante. En el caso de un tumor, de hecho, el metabolismo puede alterar y causar una p\u00e9rdida de peso involuntaria.<\/p>\n<ol start=\"3\">\n<li>  Cansancio excesivo e injustificado<\/li>\n<\/ol>\n<p>Un esfuerzo cr\u00f3nico, que ni siquiera pasa con descanso, puede derivar de una deficiencia de hierro causada por p\u00e9rdidas internas de sangre. Esto puede conducir a la anemia y, por lo tanto, a un sentimiento de debilidad constante.<\/p>\n<ol start=\"4\">\n<li>  Presencia de sangre en las heces<\/li>\n<\/ol>\n<p>La sangre roja brillante o oscura en las heces es un s\u00edntoma que nunca debe ignorarse. En muchos casos pensamos inmediatamente en las hemorroides, pero. Es importante hacer investigaciones para excluir patolog\u00edas m\u00e1s serias.<\/p>\n<ol start=\"5\">\n<li>  Cambios en los h\u00e1bitos intestinales<\/li>\n<\/ol>\n<p>Un cambio repentino en la forma en que va al ba\u00f1o, diarrea frecuente, estre\u00f1imiento obstinado, heces muy delgadas o sensaci\u00f3n de no vaciar completamente el intestino, puede indicar la presencia de una obstrucci\u00f3n o masa que interfiere con el funcionamiento normal del colon.<\/p>\n<h2>Prevenci\u00f3n, detecci\u00f3n y estilo de vida<\/h2>\n<p>En Italia, el an\u00e1lisis de sangre oculta en las heces se ofrece de forma gratuita del Servicio Nacional de Salud a hombres y mujeres entre 50 y 74 a\u00f1os, cada dos a\u00f1os. Es una forma efectiva de detecci\u00f3n que le permite identificar cualquier anomal\u00eda antes de que aparezcan los s\u00edntomas.<\/p>\n<p>\u00bfPero qu\u00e9 hacer si tienes menos de 50 a\u00f1os? Seg\u00fan los expertos, es esencial prestar atenci\u00f3n a las se\u00f1ales de su cuerpo. Si uno o m\u00e1s de los s\u00edntomas descritos persisten durante m\u00e1s de unas pocas semanas, es correcto hablar de ello con su m\u00e9dico. No es alarmismo: es conciencia.<\/p>\n<p>Adem\u00e1s de monitorear los s\u00edntomas, incluso un estilo de vida saludable puede reducir significativamente el riesgo. Las recomendaciones incluyen:<\/p>\n<p>Conocer y reconocer las se\u00f1ales es el primer paso para cuidar su salud. El c\u00e1ncer de colon, si se identifica en una etapa temprana, es una alta probabilidad de curaci\u00f3n.<\/p><\/p>\n","protected":false},"excerpt":{"rendered":"<p>Color Tumor es una de las formas oncol\u00f3gicas m\u00e1s populares en Italia: seg\u00fan el informe El n\u00famero de c\u00e1ncer 2022 Aiom y Autum, alrededor de<\/p>\n","protected":false},"author":1,"featured_media":5533,"comment_status":"closed","ping_status":"","sticky":false,"template":"","format":"standard","meta":{"footnotes":""},"categories":[762],"tags":[917,6152,6153,6154,62,971,29,125,3443,1531,243],"class_list":["post-5532","post","type-post","status-publish","format-standard","has-post-thumbnail","hentry","category-salud","tag-cancer","tag-colon","tag-comparte","tag-ignorar","tag-los","tag-medico","tag-para","tag-podria","tag-salvarle","tag-sintomas","tag-vida","generate-columns","tablet-grid-50","mobile-grid-100","grid-parent","grid-50"],"yoast_head":"<!-- This site is optimized with the Yoast SEO plugin v23.4 - https:\/\/yoast.com\/wordpress\/plugins\/seo\/ -->\n<title>C\u00e1ncer de colon: el m\u00e9dico comparte los 5 s\u00edntomas para no ignorar, lo que podr\u00eda salvarle la vida - Consejos - Santa Catarina<\/title>\n<meta name=\"robots\" content=\"index, follow, max-snippet:-1, max-image-preview:large, max-video-preview:-1\" \/>\n<link rel=\"canonical\" href=\"https:\/\/stacatarina.mx\/consejos\/cancer-de-colon-el-medico-comparte-los-5-sintomas-para-no-ignorar-lo-que-podria-salvarle-la-vida\/\" \/>\n<meta property=\"og:locale\" content=\"es_MX\" \/>\n<meta property=\"og:type\" content=\"article\" \/>\n<meta property=\"og:title\" content=\"C\u00e1ncer de colon: el m\u00e9dico comparte los 5 s\u00edntomas para no ignorar, lo que podr\u00eda salvarle la vida - Consejos - Santa Catarina\" \/>\n<meta property=\"og:description\" content=\"Color Tumor es una de las formas oncol\u00f3gicas m\u00e1s populares en Italia: seg\u00fan el informe El n\u00famero de c\u00e1ncer 2022 Aiom y Autum, alrededor de\" \/>\n<meta property=\"og:url\" content=\"https:\/\/stacatarina.mx\/consejos\/cancer-de-colon-el-medico-comparte-los-5-sintomas-para-no-ignorar-lo-que-podria-salvarle-la-vida\/\" \/>\n<meta property=\"og:site_name\" content=\"Santa Catarina\" \/>\n<meta property=\"article:publisher\" content=\"https:\/\/www.facebook.com\/stacatarinagob\/\" \/>\n<meta property=\"article:published_time\" content=\"2025-09-28T06:40:24+00:00\" \/>\n<meta property=\"article:modified_time\" content=\"2025-09-28T06:40:29+00:00\" \/>\n<meta property=\"og:image\" content=\"https:\/\/stacatarina.mx\/consejos\/wp-content\/uploads\/2025\/09\/1759041627_Cancer-de-colon-el-medico-comparte-los-5-sintomas-para.jpg\" \/>\n\t<meta property=\"og:image:width\" content=\"1500\" \/>\n\t<meta property=\"og:image:height\" content=\"1000\" \/>\n\t<meta property=\"og:image:type\" content=\"image\/jpeg\" \/>\n<meta name=\"author\" content=\"Pedro Mart\u00ednez\" \/>\n<meta name=\"twitter:card\" content=\"summary_large_image\" \/>\n<meta name=\"twitter:creator\" content=\"@stacatarinagob\" \/>\n<meta name=\"twitter:site\" content=\"@stacatarinagob\" \/>\n<meta name=\"twitter:label1\" content=\"Escrito por\" \/>\n\t<meta name=\"twitter:data1\" content=\"Pedro Mart\u00ednez\" \/>\n\t<meta name=\"twitter:label2\" content=\"Tiempo de lectura\" \/>\n\t<meta name=\"twitter:data2\" content=\"3 minutos\" \/>\n<script type=\"application\/ld+json\" class=\"yoast-schema-graph\">{\"@context\":\"https:\/\/schema.org\",\"@graph\":[{\"@type\":\"Article\",\"@id\":\"https:\/\/stacatarina.mx\/consejos\/cancer-de-colon-el-medico-comparte-los-5-sintomas-para-no-ignorar-lo-que-podria-salvarle-la-vida\/#article\",\"isPartOf\":{\"@id\":\"https:\/\/stacatarina.mx\/consejos\/cancer-de-colon-el-medico-comparte-los-5-sintomas-para-no-ignorar-lo-que-podria-salvarle-la-vida\/\"},\"author\":{\"name\":\"Pedro Mart\u00ednez\",\"@id\":\"https:\/\/stacatarina.mx\/consejos\/#\/schema\/person\/0be60adffa8e4c4d0828fdf021450e8a\"},\"headline\":\"C\u00e1ncer de colon: el m\u00e9dico comparte los 5 s\u00edntomas para no ignorar, lo que podr\u00eda salvarle la vida\",\"datePublished\":\"2025-09-28T06:40:24+00:00\",\"dateModified\":\"2025-09-28T06:40:29+00:00\",\"mainEntityOfPage\":{\"@id\":\"https:\/\/stacatarina.mx\/consejos\/cancer-de-colon-el-medico-comparte-los-5-sintomas-para-no-ignorar-lo-que-podria-salvarle-la-vida\/\"},\"wordCount\":642,\"publisher\":{\"@id\":\"https:\/\/stacatarina.mx\/consejos\/#organization\"},\"image\":{\"@id\":\"https:\/\/stacatarina.mx\/consejos\/cancer-de-colon-el-medico-comparte-los-5-sintomas-para-no-ignorar-lo-que-podria-salvarle-la-vida\/#primaryimage\"},\"thumbnailUrl\":\"https:\/\/stacatarina.mx\/consejos\/wp-content\/uploads\/2025\/09\/1759041627_Cancer-de-colon-el-medico-comparte-los-5-sintomas-para.jpg\",\"keywords\":[\"C\u00e1ncer\",\"colon\",\"comparte\",\"ignorar\",\"los\",\"m\u00e9dico\",\"para\",\"podr\u00eda\",\"salvarle\",\"s\u00edntomas\",\"vida\"],\"articleSection\":[\"Salud\"],\"inLanguage\":\"es\"},{\"@type\":\"WebPage\",\"@id\":\"https:\/\/stacatarina.mx\/consejos\/cancer-de-colon-el-medico-comparte-los-5-sintomas-para-no-ignorar-lo-que-podria-salvarle-la-vida\/\",\"url\":\"https:\/\/stacatarina.mx\/consejos\/cancer-de-colon-el-medico-comparte-los-5-sintomas-para-no-ignorar-lo-que-podria-salvarle-la-vida\/\",\"name\":\"C\u00e1ncer de colon: el m\u00e9dico comparte los 5 s\u00edntomas para no ignorar, lo que podr\u00eda salvarle la vida - Consejos - Santa Catarina\",\"isPartOf\":{\"@id\":\"https:\/\/stacatarina.mx\/consejos\/#website\"},\"primaryImageOfPage\":{\"@id\":\"https:\/\/stacatarina.mx\/consejos\/cancer-de-colon-el-medico-comparte-los-5-sintomas-para-no-ignorar-lo-que-podria-salvarle-la-vida\/#primaryimage\"},\"image\":{\"@id\":\"https:\/\/stacatarina.mx\/consejos\/cancer-de-colon-el-medico-comparte-los-5-sintomas-para-no-ignorar-lo-que-podria-salvarle-la-vida\/#primaryimage\"},\"thumbnailUrl\":\"https:\/\/stacatarina.mx\/consejos\/wp-content\/uploads\/2025\/09\/1759041627_Cancer-de-colon-el-medico-comparte-los-5-sintomas-para.jpg\",\"datePublished\":\"2025-09-28T06:40:24+00:00\",\"dateModified\":\"2025-09-28T06:40:29+00:00\",\"breadcrumb\":{\"@id\":\"https:\/\/stacatarina.mx\/consejos\/cancer-de-colon-el-medico-comparte-los-5-sintomas-para-no-ignorar-lo-que-podria-salvarle-la-vida\/#breadcrumb\"},\"inLanguage\":\"es\",\"potentialAction\":[{\"@type\":\"ReadAction\",\"target\":[\"https:\/\/stacatarina.mx\/consejos\/cancer-de-colon-el-medico-comparte-los-5-sintomas-para-no-ignorar-lo-que-podria-salvarle-la-vida\/\"]}]},{\"@type\":\"ImageObject\",\"inLanguage\":\"es\",\"@id\":\"https:\/\/stacatarina.mx\/consejos\/cancer-de-colon-el-medico-comparte-los-5-sintomas-para-no-ignorar-lo-que-podria-salvarle-la-vida\/#primaryimage\",\"url\":\"https:\/\/stacatarina.mx\/consejos\/wp-content\/uploads\/2025\/09\/1759041627_Cancer-de-colon-el-medico-comparte-los-5-sintomas-para.jpg\",\"contentUrl\":\"https:\/\/stacatarina.mx\/consejos\/wp-content\/uploads\/2025\/09\/1759041627_Cancer-de-colon-el-medico-comparte-los-5-sintomas-para.jpg\",\"width\":1500,\"height\":1000,\"caption\":\"sintomi tumore al colon\"},{\"@type\":\"BreadcrumbList\",\"@id\":\"https:\/\/stacatarina.mx\/consejos\/cancer-de-colon-el-medico-comparte-los-5-sintomas-para-no-ignorar-lo-que-podria-salvarle-la-vida\/#breadcrumb\",\"itemListElement\":[{\"@type\":\"ListItem\",\"position\":1,\"name\":\"Inicio\",\"item\":\"https:\/\/stacatarina.mx\/consejos\/\"},{\"@type\":\"ListItem\",\"position\":2,\"name\":\"C\u00e1ncer de colon: el m\u00e9dico comparte los 5 s\u00edntomas para no ignorar, lo que podr\u00eda salvarle la vida\"}]},{\"@type\":\"WebSite\",\"@id\":\"https:\/\/stacatarina.mx\/consejos\/#website\",\"url\":\"https:\/\/stacatarina.mx\/consejos\/\",\"name\":\"Santa Catarina\",\"description\":\"\",\"publisher\":{\"@id\":\"https:\/\/stacatarina.mx\/consejos\/#organization\"},\"potentialAction\":[{\"@type\":\"SearchAction\",\"target\":{\"@type\":\"EntryPoint\",\"urlTemplate\":\"https:\/\/stacatarina.mx\/consejos\/?s={search_term_string}\"},\"query-input\":{\"@type\":\"PropertyValueSpecification\",\"valueRequired\":true,\"valueName\":\"search_term_string\"}}],\"inLanguage\":\"es\"},{\"@type\":\"Organization\",\"@id\":\"https:\/\/stacatarina.mx\/consejos\/#organization\",\"name\":\"Santa Catarina\",\"url\":\"https:\/\/stacatarina.mx\/consejos\/\",\"logo\":{\"@type\":\"ImageObject\",\"inLanguage\":\"es\",\"@id\":\"https:\/\/stacatarina.mx\/consejos\/#\/schema\/logo\/image\/\",\"url\":\"https:\/\/stacatarina.mx\/consejos\/wp-content\/uploads\/2024\/09\/cropped-favicon-1-1.png\",\"contentUrl\":\"https:\/\/stacatarina.mx\/consejos\/wp-content\/uploads\/2024\/09\/cropped-favicon-1-1.png\",\"width\":512,\"height\":512,\"caption\":\"Santa Catarina\"},\"image\":{\"@id\":\"https:\/\/stacatarina.mx\/consejos\/#\/schema\/logo\/image\/\"},\"sameAs\":[\"https:\/\/www.facebook.com\/stacatarinagob\/\",\"https:\/\/x.com\/stacatarinagob\",\"https:\/\/www.instagram.com\/stacatarinagob\/\",\"https:\/\/www.youtube.com\/channel\/UCK-6cQJL_904665N1_nLTWw\"]},{\"@type\":\"Person\",\"@id\":\"https:\/\/stacatarina.mx\/consejos\/#\/schema\/person\/0be60adffa8e4c4d0828fdf021450e8a\",\"name\":\"Pedro Mart\u00ednez\",\"image\":{\"@type\":\"ImageObject\",\"inLanguage\":\"es\",\"@id\":\"https:\/\/stacatarina.mx\/consejos\/#\/schema\/person\/image\/\",\"url\":\"https:\/\/stacatarina.mx\/consejos\/wp-content\/uploads\/2024\/09\/stacatarina.jpg\",\"contentUrl\":\"https:\/\/stacatarina.mx\/consejos\/wp-content\/uploads\/2024\/09\/stacatarina.jpg\",\"caption\":\"Pedro Mart\u00ednez\"},\"description\":\"Hola, soy Pedro Mart\u00ednez, redactor jefe del sitio oficial del ayuntamiento de Santa Catarina, en M\u00e9xico. Con m\u00e1s de diez a\u00f1os de experiencia en el periodismo local, tengo una pasi\u00f3n por la investigaci\u00f3n y la difusi\u00f3n de informaci\u00f3n que valoriza nuestra hermosa comunidad. Mi compromiso es hacer de Santa Catarina una referencia en materia de transparencia y comunicaci\u00f3n municipal.\",\"sameAs\":[\"https:\/\/stacatarina.mx\/\"]}]}<\/script>\n<!-- \/ Yoast SEO plugin. -->","yoast_head_json":{"title":"C\u00e1ncer de colon: el m\u00e9dico comparte los 5 s\u00edntomas para no ignorar, lo que podr\u00eda salvarle la vida - Consejos - Santa Catarina","robots":{"index":"index","follow":"follow","max-snippet":"max-snippet:-1","max-image-preview":"max-image-preview:large","max-video-preview":"max-video-preview:-1"},"canonical":"https:\/\/stacatarina.mx\/consejos\/cancer-de-colon-el-medico-comparte-los-5-sintomas-para-no-ignorar-lo-que-podria-salvarle-la-vida\/","og_locale":"es_MX","og_type":"article","og_title":"C\u00e1ncer de colon: el m\u00e9dico comparte los 5 s\u00edntomas para no ignorar, lo que podr\u00eda salvarle la vida - Consejos - Santa Catarina","og_description":"Color Tumor es una de las formas oncol\u00f3gicas m\u00e1s populares en Italia: seg\u00fan el informe El n\u00famero de c\u00e1ncer 2022 Aiom y Autum, alrededor de","og_url":"https:\/\/stacatarina.mx\/consejos\/cancer-de-colon-el-medico-comparte-los-5-sintomas-para-no-ignorar-lo-que-podria-salvarle-la-vida\/","og_site_name":"Santa Catarina","article_publisher":"https:\/\/www.facebook.com\/stacatarinagob\/","article_published_time":"2025-09-28T06:40:24+00:00","article_modified_time":"2025-09-28T06:40:29+00:00","og_image":[{"width":1500,"height":1000,"url":"https:\/\/stacatarina.mx\/consejos\/wp-content\/uploads\/2025\/09\/1759041627_Cancer-de-colon-el-medico-comparte-los-5-sintomas-para.jpg","type":"image\/jpeg"}],"author":"Pedro Mart\u00ednez","twitter_card":"summary_large_image","twitter_creator":"@stacatarinagob","twitter_site":"@stacatarinagob","twitter_misc":{"Escrito por":"Pedro Mart\u00ednez","Tiempo de lectura":"3 minutos"},"schema":{"@context":"https:\/\/schema.org","@graph":[{"@type":"Article","@id":"https:\/\/stacatarina.mx\/consejos\/cancer-de-colon-el-medico-comparte-los-5-sintomas-para-no-ignorar-lo-que-podria-salvarle-la-vida\/#article","isPartOf":{"@id":"https:\/\/stacatarina.mx\/consejos\/cancer-de-colon-el-medico-comparte-los-5-sintomas-para-no-ignorar-lo-que-podria-salvarle-la-vida\/"},"author":{"name":"Pedro Mart\u00ednez","@id":"https:\/\/stacatarina.mx\/consejos\/#\/schema\/person\/0be60adffa8e4c4d0828fdf021450e8a"},"headline":"C\u00e1ncer de colon: el m\u00e9dico comparte los 5 s\u00edntomas para no ignorar, lo que podr\u00eda salvarle la vida","datePublished":"2025-09-28T06:40:24+00:00","dateModified":"2025-09-28T06:40:29+00:00","mainEntityOfPage":{"@id":"https:\/\/stacatarina.mx\/consejos\/cancer-de-colon-el-medico-comparte-los-5-sintomas-para-no-ignorar-lo-que-podria-salvarle-la-vida\/"},"wordCount":642,"publisher":{"@id":"https:\/\/stacatarina.mx\/consejos\/#organization"},"image":{"@id":"https:\/\/stacatarina.mx\/consejos\/cancer-de-colon-el-medico-comparte-los-5-sintomas-para-no-ignorar-lo-que-podria-salvarle-la-vida\/#primaryimage"},"thumbnailUrl":"https:\/\/stacatarina.mx\/consejos\/wp-content\/uploads\/2025\/09\/1759041627_Cancer-de-colon-el-medico-comparte-los-5-sintomas-para.jpg","keywords":["C\u00e1ncer","colon","comparte","ignorar","los","m\u00e9dico","para","podr\u00eda","salvarle","s\u00edntomas","vida"],"articleSection":["Salud"],"inLanguage":"es"},{"@type":"WebPage","@id":"https:\/\/stacatarina.mx\/consejos\/cancer-de-colon-el-medico-comparte-los-5-sintomas-para-no-ignorar-lo-que-podria-salvarle-la-vida\/","url":"https:\/\/stacatarina.mx\/consejos\/cancer-de-colon-el-medico-comparte-los-5-sintomas-para-no-ignorar-lo-que-podria-salvarle-la-vida\/","name":"C\u00e1ncer de colon: el m\u00e9dico comparte los 5 s\u00edntomas para no ignorar, lo que podr\u00eda salvarle la vida - Consejos - Santa Catarina","isPartOf":{"@id":"https:\/\/stacatarina.mx\/consejos\/#website"},"primaryImageOfPage":{"@id":"https:\/\/stacatarina.mx\/consejos\/cancer-de-colon-el-medico-comparte-los-5-sintomas-para-no-ignorar-lo-que-podria-salvarle-la-vida\/#primaryimage"},"image":{"@id":"https:\/\/stacatarina.mx\/consejos\/cancer-de-colon-el-medico-comparte-los-5-sintomas-para-no-ignorar-lo-que-podria-salvarle-la-vida\/#primaryimage"},"thumbnailUrl":"https:\/\/stacatarina.mx\/consejos\/wp-content\/uploads\/2025\/09\/1759041627_Cancer-de-colon-el-medico-comparte-los-5-sintomas-para.jpg","datePublished":"2025-09-28T06:40:24+00:00","dateModified":"2025-09-28T06:40:29+00:00","breadcrumb":{"@id":"https:\/\/stacatarina.mx\/consejos\/cancer-de-colon-el-medico-comparte-los-5-sintomas-para-no-ignorar-lo-que-podria-salvarle-la-vida\/#breadcrumb"},"inLanguage":"es","potentialAction":[{"@type":"ReadAction","target":["https:\/\/stacatarina.mx\/consejos\/cancer-de-colon-el-medico-comparte-los-5-sintomas-para-no-ignorar-lo-que-podria-salvarle-la-vida\/"]}]},{"@type":"ImageObject","inLanguage":"es","@id":"https:\/\/stacatarina.mx\/consejos\/cancer-de-colon-el-medico-comparte-los-5-sintomas-para-no-ignorar-lo-que-podria-salvarle-la-vida\/#primaryimage","url":"https:\/\/stacatarina.mx\/consejos\/wp-content\/uploads\/2025\/09\/1759041627_Cancer-de-colon-el-medico-comparte-los-5-sintomas-para.jpg","contentUrl":"https:\/\/stacatarina.mx\/consejos\/wp-content\/uploads\/2025\/09\/1759041627_Cancer-de-colon-el-medico-comparte-los-5-sintomas-para.jpg","width":1500,"height":1000,"caption":"sintomi tumore al colon"},{"@type":"BreadcrumbList","@id":"https:\/\/stacatarina.mx\/consejos\/cancer-de-colon-el-medico-comparte-los-5-sintomas-para-no-ignorar-lo-que-podria-salvarle-la-vida\/#breadcrumb","itemListElement":[{"@type":"ListItem","position":1,"name":"Inicio","item":"https:\/\/stacatarina.mx\/consejos\/"},{"@type":"ListItem","position":2,"name":"C\u00e1ncer de colon: el m\u00e9dico comparte los 5 s\u00edntomas para no ignorar, lo que podr\u00eda salvarle la vida"}]},{"@type":"WebSite","@id":"https:\/\/stacatarina.mx\/consejos\/#website","url":"https:\/\/stacatarina.mx\/consejos\/","name":"Santa Catarina","description":"","publisher":{"@id":"https:\/\/stacatarina.mx\/consejos\/#organization"},"potentialAction":[{"@type":"SearchAction","target":{"@type":"EntryPoint","urlTemplate":"https:\/\/stacatarina.mx\/consejos\/?s={search_term_string}"},"query-input":{"@type":"PropertyValueSpecification","valueRequired":true,"valueName":"search_term_string"}}],"inLanguage":"es"},{"@type":"Organization","@id":"https:\/\/stacatarina.mx\/consejos\/#organization","name":"Santa Catarina","url":"https:\/\/stacatarina.mx\/consejos\/","logo":{"@type":"ImageObject","inLanguage":"es","@id":"https:\/\/stacatarina.mx\/consejos\/#\/schema\/logo\/image\/","url":"https:\/\/stacatarina.mx\/consejos\/wp-content\/uploads\/2024\/09\/cropped-favicon-1-1.png","contentUrl":"https:\/\/stacatarina.mx\/consejos\/wp-content\/uploads\/2024\/09\/cropped-favicon-1-1.png","width":512,"height":512,"caption":"Santa Catarina"},"image":{"@id":"https:\/\/stacatarina.mx\/consejos\/#\/schema\/logo\/image\/"},"sameAs":["https:\/\/www.facebook.com\/stacatarinagob\/","https:\/\/x.com\/stacatarinagob","https:\/\/www.instagram.com\/stacatarinagob\/","https:\/\/www.youtube.com\/channel\/UCK-6cQJL_904665N1_nLTWw"]},{"@type":"Person","@id":"https:\/\/stacatarina.mx\/consejos\/#\/schema\/person\/0be60adffa8e4c4d0828fdf021450e8a","name":"Pedro Mart\u00ednez","image":{"@type":"ImageObject","inLanguage":"es","@id":"https:\/\/stacatarina.mx\/consejos\/#\/schema\/person\/image\/","url":"https:\/\/stacatarina.mx\/consejos\/wp-content\/uploads\/2024\/09\/stacatarina.jpg","contentUrl":"https:\/\/stacatarina.mx\/consejos\/wp-content\/uploads\/2024\/09\/stacatarina.jpg","caption":"Pedro Mart\u00ednez"},"description":"Hola, soy Pedro Mart\u00ednez, redactor jefe del sitio oficial del ayuntamiento de Santa Catarina, en M\u00e9xico. Con m\u00e1s de diez a\u00f1os de experiencia en el periodismo local, tengo una pasi\u00f3n por la investigaci\u00f3n y la difusi\u00f3n de informaci\u00f3n que valoriza nuestra hermosa comunidad. Mi compromiso es hacer de Santa Catarina una referencia en materia de transparencia y comunicaci\u00f3n municipal.","sameAs":["https:\/\/stacatarina.mx\/"]}]}},"_links":{"self":[{"href":"https:\/\/stacatarina.mx\/consejos\/wp-json\/wp\/v2\/posts\/5532"}],"collection":[{"href":"https:\/\/stacatarina.mx\/consejos\/wp-json\/wp\/v2\/posts"}],"about":[{"href":"https:\/\/stacatarina.mx\/consejos\/wp-json\/wp\/v2\/types\/post"}],"author":[{"embeddable":true,"href":"https:\/\/stacatarina.mx\/consejos\/wp-json\/wp\/v2\/users\/1"}],"replies":[{"embeddable":true,"href":"https:\/\/stacatarina.mx\/consejos\/wp-json\/wp\/v2\/comments?post=5532"}],"version-history":[{"count":1,"href":"https:\/\/stacatarina.mx\/consejos\/wp-json\/wp\/v2\/posts\/5532\/revisions"}],"predecessor-version":[{"id":5534,"href":"https:\/\/stacatarina.mx\/consejos\/wp-json\/wp\/v2\/posts\/5532\/revisions\/5534"}],"wp:featuredmedia":[{"embeddable":true,"href":"https:\/\/stacatarina.mx\/consejos\/wp-json\/wp\/v2\/media\/5533"}],"wp:attachment":[{"href":"https:\/\/stacatarina.mx\/consejos\/wp-json\/wp\/v2\/media?parent=5532"}],"wp:term":[{"taxonomy":"category","embeddable":true,"href":"https:\/\/stacatarina.mx\/consejos\/wp-json\/wp\/v2\/categories?post=5532"},{"taxonomy":"post_tag","embeddable":true,"href":"https:\/\/stacatarina.mx\/consejos\/wp-json\/wp\/v2\/tags?post=5532"}],"curies":[{"name":"wp","href":"https:\/\/api.w.org\/{rel}","templated":true}]}}