{"id":5535,"date":"2025-09-28T03:48:19","date_gmt":"2025-09-28T09:48:19","guid":{"rendered":"https:\/\/stacatarina.mx\/consejos\/alergia-a-los-gatos-y-el-polen-los-cientificos-han-encontrado-una-manera-de-apagarlos-con-luz-uv\/"},"modified":"2025-09-28T03:48:21","modified_gmt":"2025-09-28T09:48:21","slug":"alergia-a-los-gatos-y-el-polen-los-cientificos-han-encontrado-una-manera-de-apagarlos-con-luz-uv","status":"publish","type":"post","link":"https:\/\/stacatarina.mx\/consejos\/alergia-a-los-gatos-y-el-polen-los-cientificos-han-encontrado-una-manera-de-apagarlos-con-luz-uv\/","title":{"rendered":"Alergia a los gatos y el polen? Los cient\u00edficos han encontrado una manera de apagarlos con luz UV"},"content":{"rendered":"<p><\/p>\n<p>Todos los d\u00edas, millones de personas coexisten con los estornudos, los ojos con picaz\u00f3n, el asma y la congesti\u00f3n respiratoria. Y a menudo la causa no est\u00e1 bajo nuestros ojos, sino suspendida en el aire: prote\u00ednas microsc\u00f3picas liberadas por polen, moho, \u00e1caros del polvo o mascotas.<\/p>\n<p>Ahora, una investigaci\u00f3n de la Universidad de Colorado en Boulder abre una posibilidad concreta: usar una luz UV segura para &#8220;desactivar&#8221; estos al\u00e9rgenos. No los mata, porque no est\u00e1n vivos. Pero los deforma, cambiando su forma molecular, de modo que el sistema inmunitario.<\/p>\n<p>En el laboratorio, los cient\u00edficos llenaron una c\u00e1mara aislada con al\u00e9rgenos generalizados: Fel D 1 (el al\u00e9rgeno principal del gato), prote\u00edna del polen de abedul y fleolo, esporas de moho y otras. Luego los expusieron a una luz ultravioleta particular llamada UV222, menos agresiva que la UV germicida cl\u00e1sica y considerada segura para los ojos y la piel.<\/p>\n<p>El resultado? En menos de 30 minutos, los niveles de al\u00e9rgeno disminuyeron hasta un 61%. No porque desaparecieran, sino porque nuestro cuerpo ya no los reconoce como un peligro.<\/p>\n<h2>La diferencia entre vivir con s\u00edntomas cr\u00f3nicos y respirar bien<\/h2>\n<p>Aquellos que sufren de alergias saben cu\u00e1nto pueden influir en la vida diaria: sue\u00f1o perturbado, fatiga, dolor de cabeza, dificultad para concentrarse. Sin mencionar a aquellos que tienen asma, una enfermedad cr\u00f3nica que tambi\u00e9n puede volverse peligrosa.<\/p>\n<p>Actualmente, las soluciones requieren un compromiso constante: limpieza frecuente, l\u00e1minas lavadas a altas temperaturas, filtros HEPA, renuncia a las mascotas. Pero a menudo son dif\u00edciles de mantener medidas.<\/p>\n<p>En un estudio anterior, por ejemplo, solo 31 de 219 participantes lograron seguir un protocolo de limpieza durante 8 meses para reducir los al\u00e9rgenos de los gatos.<\/p>\n<p>Sin embargo, con la luz UV222, unos minutos de exposici\u00f3n ser\u00edan suficientes para obtener un efecto de concreto. Seg\u00fan los investigadores, podr\u00eda usarse en entornos cerrados como casas, escuelas, hospitales o incluso bodegas polvorientas, mejorando la calidad del aire sin intervenciones invasivas.<\/p>\n<p>\u00bfY los riesgos? Los cient\u00edficos subrayan que la intensidad de la luz utilizada est\u00e1 muy por debajo de los l\u00edmites de seguridad establecidos por las autoridades de la salud. Sin embargo, queda por entender lo que sucede a largo plazo, y si la tecnolog\u00eda ser\u00e1 realmente efectiva fuera del laboratorio.<\/p>\n<h2>Una soluci\u00f3n posible, no milagrosa, sino concreta<\/h2>\n<p>El mensaje es claro: esta no es una atenci\u00f3n milagrosa y no reemplaza los tratamientos m\u00e9dicos. Pero es una idea concreta, realista y ya probada que podr\u00eda aligerar la vida diaria de quienes luchan contra las alergias estacionales y respiratorias.<\/p>\n<p>En un mundo donde el aire que respiramos est\u00e1 cada vez m\u00e1s contaminado y rico en part\u00edculas irritantes, cada innovaci\u00f3n que nos ayuda a reducir la carga en nuestro sistema inmune es preciosa.<\/p>\n<p>Por supuesto, todav\u00eda hay muchas preguntas abiertas: \u00bfqu\u00e9 sucede con las prote\u00ednas &#8220;deformadas&#8221;? \u00bfPermanecen en el aire? \u00bfSe degradan? \u00bfY cu\u00e1nto tiempo durar\u00e1n los efectos?<\/p>\n<p>Pero este descubrimiento marca un primer paso: usar la luz para no ver mejor, sino respirar mejor.<\/p><\/p>\n","protected":false},"excerpt":{"rendered":"<p>Todos los d\u00edas, millones de personas coexisten con los estornudos, los ojos con picaz\u00f3n, el asma y la congesti\u00f3n respiratoria. Y a menudo la causa<\/p>\n","protected":false},"author":1,"featured_media":5536,"comment_status":"closed","ping_status":"","sticky":false,"template":"","format":"standard","meta":{"footnotes":""},"categories":[762],"tags":[4648,6156,2237,42,471,4021,288,62,1821,3313,6155,37],"class_list":["post-5535","post","type-post","status-publish","format-standard","has-post-thumbnail","hentry","category-salud","tag-alergia","tag-apagarlos","tag-cientificos","tag-con","tag-encontrado","tag-gatos","tag-han","tag-los","tag-luz","tag-manera","tag-polen","tag-una","generate-columns","tablet-grid-50","mobile-grid-100","grid-parent","grid-50"],"yoast_head":"<!-- This site is optimized with the Yoast SEO plugin v23.4 - https:\/\/yoast.com\/wordpress\/plugins\/seo\/ -->\n<title>Alergia a los gatos y el polen? Los cient\u00edficos han encontrado una manera de apagarlos con luz UV - Consejos - Santa Catarina<\/title>\n<meta name=\"robots\" content=\"index, follow, max-snippet:-1, max-image-preview:large, max-video-preview:-1\" \/>\n<link rel=\"canonical\" href=\"https:\/\/stacatarina.mx\/consejos\/alergia-a-los-gatos-y-el-polen-los-cientificos-han-encontrado-una-manera-de-apagarlos-con-luz-uv\/\" \/>\n<meta property=\"og:locale\" content=\"es_MX\" \/>\n<meta property=\"og:type\" content=\"article\" \/>\n<meta property=\"og:title\" content=\"Alergia a los gatos y el polen? Los cient\u00edficos han encontrado una manera de apagarlos con luz UV - Consejos - Santa Catarina\" \/>\n<meta property=\"og:description\" content=\"Todos los d\u00edas, millones de personas coexisten con los estornudos, los ojos con picaz\u00f3n, el asma y la congesti\u00f3n respiratoria. Y a menudo la causa\" \/>\n<meta property=\"og:url\" content=\"https:\/\/stacatarina.mx\/consejos\/alergia-a-los-gatos-y-el-polen-los-cientificos-han-encontrado-una-manera-de-apagarlos-con-luz-uv\/\" \/>\n<meta property=\"og:site_name\" content=\"Santa Catarina\" \/>\n<meta property=\"article:publisher\" content=\"https:\/\/www.facebook.com\/stacatarinagob\/\" \/>\n<meta property=\"article:published_time\" content=\"2025-09-28T09:48:19+00:00\" \/>\n<meta property=\"article:modified_time\" content=\"2025-09-28T09:48:21+00:00\" \/>\n<meta property=\"og:image\" content=\"https:\/\/stacatarina.mx\/consejos\/wp-content\/uploads\/2025\/09\/1759052900_Alergia-a-los-gatos-y-el-polen-Los-cientificos-han.jpg\" \/>\n\t<meta property=\"og:image:width\" content=\"1500\" \/>\n\t<meta property=\"og:image:height\" content=\"1000\" \/>\n\t<meta property=\"og:image:type\" content=\"image\/jpeg\" \/>\n<meta name=\"author\" content=\"Pedro Mart\u00ednez\" \/>\n<meta name=\"twitter:card\" content=\"summary_large_image\" \/>\n<meta name=\"twitter:creator\" content=\"@stacatarinagob\" \/>\n<meta name=\"twitter:site\" content=\"@stacatarinagob\" \/>\n<meta name=\"twitter:label1\" content=\"Escrito por\" \/>\n\t<meta name=\"twitter:data1\" content=\"Pedro Mart\u00ednez\" \/>\n\t<meta name=\"twitter:label2\" content=\"Tiempo de lectura\" \/>\n\t<meta name=\"twitter:data2\" content=\"3 minutos\" \/>\n<script type=\"application\/ld+json\" class=\"yoast-schema-graph\">{\"@context\":\"https:\/\/schema.org\",\"@graph\":[{\"@type\":\"Article\",\"@id\":\"https:\/\/stacatarina.mx\/consejos\/alergia-a-los-gatos-y-el-polen-los-cientificos-han-encontrado-una-manera-de-apagarlos-con-luz-uv\/#article\",\"isPartOf\":{\"@id\":\"https:\/\/stacatarina.mx\/consejos\/alergia-a-los-gatos-y-el-polen-los-cientificos-han-encontrado-una-manera-de-apagarlos-con-luz-uv\/\"},\"author\":{\"name\":\"Pedro Mart\u00ednez\",\"@id\":\"https:\/\/stacatarina.mx\/consejos\/#\/schema\/person\/0be60adffa8e4c4d0828fdf021450e8a\"},\"headline\":\"Alergia a los gatos y el polen? Los cient\u00edficos han encontrado una manera de apagarlos con luz UV\",\"datePublished\":\"2025-09-28T09:48:19+00:00\",\"dateModified\":\"2025-09-28T09:48:21+00:00\",\"mainEntityOfPage\":{\"@id\":\"https:\/\/stacatarina.mx\/consejos\/alergia-a-los-gatos-y-el-polen-los-cientificos-han-encontrado-una-manera-de-apagarlos-con-luz-uv\/\"},\"wordCount\":547,\"publisher\":{\"@id\":\"https:\/\/stacatarina.mx\/consejos\/#organization\"},\"image\":{\"@id\":\"https:\/\/stacatarina.mx\/consejos\/alergia-a-los-gatos-y-el-polen-los-cientificos-han-encontrado-una-manera-de-apagarlos-con-luz-uv\/#primaryimage\"},\"thumbnailUrl\":\"https:\/\/stacatarina.mx\/consejos\/wp-content\/uploads\/2025\/09\/1759052900_Alergia-a-los-gatos-y-el-polen-Los-cientificos-han.jpg\",\"keywords\":[\"Alergia\",\"apagarlos\",\"cient\u00edficos\",\"con\",\"encontrado\",\"gatos\",\"han\",\"los\",\"luz\",\"manera\",\"polen\",\"una\"],\"articleSection\":[\"Salud\"],\"inLanguage\":\"es\"},{\"@type\":\"WebPage\",\"@id\":\"https:\/\/stacatarina.mx\/consejos\/alergia-a-los-gatos-y-el-polen-los-cientificos-han-encontrado-una-manera-de-apagarlos-con-luz-uv\/\",\"url\":\"https:\/\/stacatarina.mx\/consejos\/alergia-a-los-gatos-y-el-polen-los-cientificos-han-encontrado-una-manera-de-apagarlos-con-luz-uv\/\",\"name\":\"Alergia a los gatos y el polen? Los cient\u00edficos han encontrado una manera de apagarlos con luz UV - Consejos - Santa Catarina\",\"isPartOf\":{\"@id\":\"https:\/\/stacatarina.mx\/consejos\/#website\"},\"primaryImageOfPage\":{\"@id\":\"https:\/\/stacatarina.mx\/consejos\/alergia-a-los-gatos-y-el-polen-los-cientificos-han-encontrado-una-manera-de-apagarlos-con-luz-uv\/#primaryimage\"},\"image\":{\"@id\":\"https:\/\/stacatarina.mx\/consejos\/alergia-a-los-gatos-y-el-polen-los-cientificos-han-encontrado-una-manera-de-apagarlos-con-luz-uv\/#primaryimage\"},\"thumbnailUrl\":\"https:\/\/stacatarina.mx\/consejos\/wp-content\/uploads\/2025\/09\/1759052900_Alergia-a-los-gatos-y-el-polen-Los-cientificos-han.jpg\",\"datePublished\":\"2025-09-28T09:48:19+00:00\",\"dateModified\":\"2025-09-28T09:48:21+00:00\",\"breadcrumb\":{\"@id\":\"https:\/\/stacatarina.mx\/consejos\/alergia-a-los-gatos-y-el-polen-los-cientificos-han-encontrado-una-manera-de-apagarlos-con-luz-uv\/#breadcrumb\"},\"inLanguage\":\"es\",\"potentialAction\":[{\"@type\":\"ReadAction\",\"target\":[\"https:\/\/stacatarina.mx\/consejos\/alergia-a-los-gatos-y-el-polen-los-cientificos-han-encontrado-una-manera-de-apagarlos-con-luz-uv\/\"]}]},{\"@type\":\"ImageObject\",\"inLanguage\":\"es\",\"@id\":\"https:\/\/stacatarina.mx\/consejos\/alergia-a-los-gatos-y-el-polen-los-cientificos-han-encontrado-una-manera-de-apagarlos-con-luz-uv\/#primaryimage\",\"url\":\"https:\/\/stacatarina.mx\/consejos\/wp-content\/uploads\/2025\/09\/1759052900_Alergia-a-los-gatos-y-el-polen-Los-cientificos-han.jpg\",\"contentUrl\":\"https:\/\/stacatarina.mx\/consejos\/wp-content\/uploads\/2025\/09\/1759052900_Alergia-a-los-gatos-y-el-polen-Los-cientificos-han.jpg\",\"width\":1500,\"height\":1000,\"caption\":\"luce UV contro allergie\"},{\"@type\":\"BreadcrumbList\",\"@id\":\"https:\/\/stacatarina.mx\/consejos\/alergia-a-los-gatos-y-el-polen-los-cientificos-han-encontrado-una-manera-de-apagarlos-con-luz-uv\/#breadcrumb\",\"itemListElement\":[{\"@type\":\"ListItem\",\"position\":1,\"name\":\"Inicio\",\"item\":\"https:\/\/stacatarina.mx\/consejos\/\"},{\"@type\":\"ListItem\",\"position\":2,\"name\":\"Alergia a los gatos y el polen? Los cient\u00edficos han encontrado una manera de apagarlos con luz UV\"}]},{\"@type\":\"WebSite\",\"@id\":\"https:\/\/stacatarina.mx\/consejos\/#website\",\"url\":\"https:\/\/stacatarina.mx\/consejos\/\",\"name\":\"Santa Catarina\",\"description\":\"\",\"publisher\":{\"@id\":\"https:\/\/stacatarina.mx\/consejos\/#organization\"},\"potentialAction\":[{\"@type\":\"SearchAction\",\"target\":{\"@type\":\"EntryPoint\",\"urlTemplate\":\"https:\/\/stacatarina.mx\/consejos\/?s={search_term_string}\"},\"query-input\":{\"@type\":\"PropertyValueSpecification\",\"valueRequired\":true,\"valueName\":\"search_term_string\"}}],\"inLanguage\":\"es\"},{\"@type\":\"Organization\",\"@id\":\"https:\/\/stacatarina.mx\/consejos\/#organization\",\"name\":\"Santa Catarina\",\"url\":\"https:\/\/stacatarina.mx\/consejos\/\",\"logo\":{\"@type\":\"ImageObject\",\"inLanguage\":\"es\",\"@id\":\"https:\/\/stacatarina.mx\/consejos\/#\/schema\/logo\/image\/\",\"url\":\"https:\/\/stacatarina.mx\/consejos\/wp-content\/uploads\/2024\/09\/cropped-favicon-1-1.png\",\"contentUrl\":\"https:\/\/stacatarina.mx\/consejos\/wp-content\/uploads\/2024\/09\/cropped-favicon-1-1.png\",\"width\":512,\"height\":512,\"caption\":\"Santa Catarina\"},\"image\":{\"@id\":\"https:\/\/stacatarina.mx\/consejos\/#\/schema\/logo\/image\/\"},\"sameAs\":[\"https:\/\/www.facebook.com\/stacatarinagob\/\",\"https:\/\/x.com\/stacatarinagob\",\"https:\/\/www.instagram.com\/stacatarinagob\/\",\"https:\/\/www.youtube.com\/channel\/UCK-6cQJL_904665N1_nLTWw\"]},{\"@type\":\"Person\",\"@id\":\"https:\/\/stacatarina.mx\/consejos\/#\/schema\/person\/0be60adffa8e4c4d0828fdf021450e8a\",\"name\":\"Pedro Mart\u00ednez\",\"image\":{\"@type\":\"ImageObject\",\"inLanguage\":\"es\",\"@id\":\"https:\/\/stacatarina.mx\/consejos\/#\/schema\/person\/image\/\",\"url\":\"https:\/\/stacatarina.mx\/consejos\/wp-content\/uploads\/2024\/09\/stacatarina.jpg\",\"contentUrl\":\"https:\/\/stacatarina.mx\/consejos\/wp-content\/uploads\/2024\/09\/stacatarina.jpg\",\"caption\":\"Pedro Mart\u00ednez\"},\"description\":\"Hola, soy Pedro Mart\u00ednez, redactor jefe del sitio oficial del ayuntamiento de Santa Catarina, en M\u00e9xico. Con m\u00e1s de diez a\u00f1os de experiencia en el periodismo local, tengo una pasi\u00f3n por la investigaci\u00f3n y la difusi\u00f3n de informaci\u00f3n que valoriza nuestra hermosa comunidad. Mi compromiso es hacer de Santa Catarina una referencia en materia de transparencia y comunicaci\u00f3n municipal.\",\"sameAs\":[\"https:\/\/stacatarina.mx\/\"]}]}<\/script>\n<!-- \/ Yoast SEO plugin. -->","yoast_head_json":{"title":"Alergia a los gatos y el polen? Los cient\u00edficos han encontrado una manera de apagarlos con luz UV - Consejos - Santa Catarina","robots":{"index":"index","follow":"follow","max-snippet":"max-snippet:-1","max-image-preview":"max-image-preview:large","max-video-preview":"max-video-preview:-1"},"canonical":"https:\/\/stacatarina.mx\/consejos\/alergia-a-los-gatos-y-el-polen-los-cientificos-han-encontrado-una-manera-de-apagarlos-con-luz-uv\/","og_locale":"es_MX","og_type":"article","og_title":"Alergia a los gatos y el polen? Los cient\u00edficos han encontrado una manera de apagarlos con luz UV - Consejos - Santa Catarina","og_description":"Todos los d\u00edas, millones de personas coexisten con los estornudos, los ojos con picaz\u00f3n, el asma y la congesti\u00f3n respiratoria. Y a menudo la causa","og_url":"https:\/\/stacatarina.mx\/consejos\/alergia-a-los-gatos-y-el-polen-los-cientificos-han-encontrado-una-manera-de-apagarlos-con-luz-uv\/","og_site_name":"Santa Catarina","article_publisher":"https:\/\/www.facebook.com\/stacatarinagob\/","article_published_time":"2025-09-28T09:48:19+00:00","article_modified_time":"2025-09-28T09:48:21+00:00","og_image":[{"width":1500,"height":1000,"url":"https:\/\/stacatarina.mx\/consejos\/wp-content\/uploads\/2025\/09\/1759052900_Alergia-a-los-gatos-y-el-polen-Los-cientificos-han.jpg","type":"image\/jpeg"}],"author":"Pedro Mart\u00ednez","twitter_card":"summary_large_image","twitter_creator":"@stacatarinagob","twitter_site":"@stacatarinagob","twitter_misc":{"Escrito por":"Pedro Mart\u00ednez","Tiempo de lectura":"3 minutos"},"schema":{"@context":"https:\/\/schema.org","@graph":[{"@type":"Article","@id":"https:\/\/stacatarina.mx\/consejos\/alergia-a-los-gatos-y-el-polen-los-cientificos-han-encontrado-una-manera-de-apagarlos-con-luz-uv\/#article","isPartOf":{"@id":"https:\/\/stacatarina.mx\/consejos\/alergia-a-los-gatos-y-el-polen-los-cientificos-han-encontrado-una-manera-de-apagarlos-con-luz-uv\/"},"author":{"name":"Pedro Mart\u00ednez","@id":"https:\/\/stacatarina.mx\/consejos\/#\/schema\/person\/0be60adffa8e4c4d0828fdf021450e8a"},"headline":"Alergia a los gatos y el polen? Los cient\u00edficos han encontrado una manera de apagarlos con luz UV","datePublished":"2025-09-28T09:48:19+00:00","dateModified":"2025-09-28T09:48:21+00:00","mainEntityOfPage":{"@id":"https:\/\/stacatarina.mx\/consejos\/alergia-a-los-gatos-y-el-polen-los-cientificos-han-encontrado-una-manera-de-apagarlos-con-luz-uv\/"},"wordCount":547,"publisher":{"@id":"https:\/\/stacatarina.mx\/consejos\/#organization"},"image":{"@id":"https:\/\/stacatarina.mx\/consejos\/alergia-a-los-gatos-y-el-polen-los-cientificos-han-encontrado-una-manera-de-apagarlos-con-luz-uv\/#primaryimage"},"thumbnailUrl":"https:\/\/stacatarina.mx\/consejos\/wp-content\/uploads\/2025\/09\/1759052900_Alergia-a-los-gatos-y-el-polen-Los-cientificos-han.jpg","keywords":["Alergia","apagarlos","cient\u00edficos","con","encontrado","gatos","han","los","luz","manera","polen","una"],"articleSection":["Salud"],"inLanguage":"es"},{"@type":"WebPage","@id":"https:\/\/stacatarina.mx\/consejos\/alergia-a-los-gatos-y-el-polen-los-cientificos-han-encontrado-una-manera-de-apagarlos-con-luz-uv\/","url":"https:\/\/stacatarina.mx\/consejos\/alergia-a-los-gatos-y-el-polen-los-cientificos-han-encontrado-una-manera-de-apagarlos-con-luz-uv\/","name":"Alergia a los gatos y el polen? Los cient\u00edficos han encontrado una manera de apagarlos con luz UV - Consejos - Santa Catarina","isPartOf":{"@id":"https:\/\/stacatarina.mx\/consejos\/#website"},"primaryImageOfPage":{"@id":"https:\/\/stacatarina.mx\/consejos\/alergia-a-los-gatos-y-el-polen-los-cientificos-han-encontrado-una-manera-de-apagarlos-con-luz-uv\/#primaryimage"},"image":{"@id":"https:\/\/stacatarina.mx\/consejos\/alergia-a-los-gatos-y-el-polen-los-cientificos-han-encontrado-una-manera-de-apagarlos-con-luz-uv\/#primaryimage"},"thumbnailUrl":"https:\/\/stacatarina.mx\/consejos\/wp-content\/uploads\/2025\/09\/1759052900_Alergia-a-los-gatos-y-el-polen-Los-cientificos-han.jpg","datePublished":"2025-09-28T09:48:19+00:00","dateModified":"2025-09-28T09:48:21+00:00","breadcrumb":{"@id":"https:\/\/stacatarina.mx\/consejos\/alergia-a-los-gatos-y-el-polen-los-cientificos-han-encontrado-una-manera-de-apagarlos-con-luz-uv\/#breadcrumb"},"inLanguage":"es","potentialAction":[{"@type":"ReadAction","target":["https:\/\/stacatarina.mx\/consejos\/alergia-a-los-gatos-y-el-polen-los-cientificos-han-encontrado-una-manera-de-apagarlos-con-luz-uv\/"]}]},{"@type":"ImageObject","inLanguage":"es","@id":"https:\/\/stacatarina.mx\/consejos\/alergia-a-los-gatos-y-el-polen-los-cientificos-han-encontrado-una-manera-de-apagarlos-con-luz-uv\/#primaryimage","url":"https:\/\/stacatarina.mx\/consejos\/wp-content\/uploads\/2025\/09\/1759052900_Alergia-a-los-gatos-y-el-polen-Los-cientificos-han.jpg","contentUrl":"https:\/\/stacatarina.mx\/consejos\/wp-content\/uploads\/2025\/09\/1759052900_Alergia-a-los-gatos-y-el-polen-Los-cientificos-han.jpg","width":1500,"height":1000,"caption":"luce UV contro allergie"},{"@type":"BreadcrumbList","@id":"https:\/\/stacatarina.mx\/consejos\/alergia-a-los-gatos-y-el-polen-los-cientificos-han-encontrado-una-manera-de-apagarlos-con-luz-uv\/#breadcrumb","itemListElement":[{"@type":"ListItem","position":1,"name":"Inicio","item":"https:\/\/stacatarina.mx\/consejos\/"},{"@type":"ListItem","position":2,"name":"Alergia a los gatos y el polen? Los cient\u00edficos han encontrado una manera de apagarlos con luz UV"}]},{"@type":"WebSite","@id":"https:\/\/stacatarina.mx\/consejos\/#website","url":"https:\/\/stacatarina.mx\/consejos\/","name":"Santa Catarina","description":"","publisher":{"@id":"https:\/\/stacatarina.mx\/consejos\/#organization"},"potentialAction":[{"@type":"SearchAction","target":{"@type":"EntryPoint","urlTemplate":"https:\/\/stacatarina.mx\/consejos\/?s={search_term_string}"},"query-input":{"@type":"PropertyValueSpecification","valueRequired":true,"valueName":"search_term_string"}}],"inLanguage":"es"},{"@type":"Organization","@id":"https:\/\/stacatarina.mx\/consejos\/#organization","name":"Santa Catarina","url":"https:\/\/stacatarina.mx\/consejos\/","logo":{"@type":"ImageObject","inLanguage":"es","@id":"https:\/\/stacatarina.mx\/consejos\/#\/schema\/logo\/image\/","url":"https:\/\/stacatarina.mx\/consejos\/wp-content\/uploads\/2024\/09\/cropped-favicon-1-1.png","contentUrl":"https:\/\/stacatarina.mx\/consejos\/wp-content\/uploads\/2024\/09\/cropped-favicon-1-1.png","width":512,"height":512,"caption":"Santa Catarina"},"image":{"@id":"https:\/\/stacatarina.mx\/consejos\/#\/schema\/logo\/image\/"},"sameAs":["https:\/\/www.facebook.com\/stacatarinagob\/","https:\/\/x.com\/stacatarinagob","https:\/\/www.instagram.com\/stacatarinagob\/","https:\/\/www.youtube.com\/channel\/UCK-6cQJL_904665N1_nLTWw"]},{"@type":"Person","@id":"https:\/\/stacatarina.mx\/consejos\/#\/schema\/person\/0be60adffa8e4c4d0828fdf021450e8a","name":"Pedro Mart\u00ednez","image":{"@type":"ImageObject","inLanguage":"es","@id":"https:\/\/stacatarina.mx\/consejos\/#\/schema\/person\/image\/","url":"https:\/\/stacatarina.mx\/consejos\/wp-content\/uploads\/2024\/09\/stacatarina.jpg","contentUrl":"https:\/\/stacatarina.mx\/consejos\/wp-content\/uploads\/2024\/09\/stacatarina.jpg","caption":"Pedro Mart\u00ednez"},"description":"Hola, soy Pedro Mart\u00ednez, redactor jefe del sitio oficial del ayuntamiento de Santa Catarina, en M\u00e9xico. Con m\u00e1s de diez a\u00f1os de experiencia en el periodismo local, tengo una pasi\u00f3n por la investigaci\u00f3n y la difusi\u00f3n de informaci\u00f3n que valoriza nuestra hermosa comunidad. Mi compromiso es hacer de Santa Catarina una referencia en materia de transparencia y comunicaci\u00f3n municipal.","sameAs":["https:\/\/stacatarina.mx\/"]}]}},"_links":{"self":[{"href":"https:\/\/stacatarina.mx\/consejos\/wp-json\/wp\/v2\/posts\/5535"}],"collection":[{"href":"https:\/\/stacatarina.mx\/consejos\/wp-json\/wp\/v2\/posts"}],"about":[{"href":"https:\/\/stacatarina.mx\/consejos\/wp-json\/wp\/v2\/types\/post"}],"author":[{"embeddable":true,"href":"https:\/\/stacatarina.mx\/consejos\/wp-json\/wp\/v2\/users\/1"}],"replies":[{"embeddable":true,"href":"https:\/\/stacatarina.mx\/consejos\/wp-json\/wp\/v2\/comments?post=5535"}],"version-history":[{"count":1,"href":"https:\/\/stacatarina.mx\/consejos\/wp-json\/wp\/v2\/posts\/5535\/revisions"}],"predecessor-version":[{"id":5537,"href":"https:\/\/stacatarina.mx\/consejos\/wp-json\/wp\/v2\/posts\/5535\/revisions\/5537"}],"wp:featuredmedia":[{"embeddable":true,"href":"https:\/\/stacatarina.mx\/consejos\/wp-json\/wp\/v2\/media\/5536"}],"wp:attachment":[{"href":"https:\/\/stacatarina.mx\/consejos\/wp-json\/wp\/v2\/media?parent=5535"}],"wp:term":[{"taxonomy":"category","embeddable":true,"href":"https:\/\/stacatarina.mx\/consejos\/wp-json\/wp\/v2\/categories?post=5535"},{"taxonomy":"post_tag","embeddable":true,"href":"https:\/\/stacatarina.mx\/consejos\/wp-json\/wp\/v2\/tags?post=5535"}],"curies":[{"name":"wp","href":"https:\/\/api.w.org\/{rel}","templated":true}]}}