{"id":5644,"date":"2025-10-05T04:31:42","date_gmt":"2025-10-05T10:31:42","guid":{"rendered":"https:\/\/stacatarina.mx\/consejos\/la-mente-te-miente-este-color-no-existe-pero-lo-vemos-en-todas-partes\/"},"modified":"2025-10-05T04:31:45","modified_gmt":"2025-10-05T10:31:45","slug":"la-mente-te-miente-este-color-no-existe-pero-lo-vemos-en-todas-partes","status":"publish","type":"post","link":"https:\/\/stacatarina.mx\/consejos\/la-mente-te-miente-este-color-no-existe-pero-lo-vemos-en-todas-partes\/","title":{"rendered":"La mente te miente: este color no existe, pero lo vemos en todas partes"},"content":{"rendered":"<p><\/p>\n<p>\u00bfCu\u00e1ntas veces te has preguntado si el mundo que ves es realmente c\u00f3mo parece? Si el azul que percibes es lo mismo que ve a otra persona? No es una pregunta trivial: seg\u00fan la ciencia, el cerebro no nos muestra la realidad tal como es, sino una de su interpretaci\u00f3n \u00fatil para la supervivencia.<\/p>\n<p>Es por eso que algunos colores que parecen reales en realidad no existen, al menos no en la forma en que pensamos. \u00bfEl caso m\u00e1s llamativo? El rosa. Un color que encontramos todos los d\u00edas, en la naturaleza, en la moda, en gr\u00e1ficos digitales, pero eso. En otras palabras: el rosa no es un color real, sino una ilusi\u00f3n creada por nuestra mente.<\/p>\n<p>La rosa no aparece en el espectro visible: es un &#8220;vac\u00edo&#8221; que el cerebro se llena entre rojo y azul<\/p>\n<p>Si pasamos un paquete de luz blanca a trav\u00e9s de un prisma, la luz desaparece en sus colores fundamentales: rojo, naranja, amarillo, verde, azul, \u00edndigo y violeta. Es el espectro cl\u00e1sico del arco iris. Pero entre estos colores, ni la magenta. \u00bfPor qu\u00e9?<\/p>\n<p>Porque Rose no existe como una longitud de onda. No hay frecuencia de luz que corresponda al rosa. Seg\u00fan Physique Dominik John, el cerebro crea a Rose cuando percibe la luz roja y azul, pero sin una cantidad significativa de luz verde. Ese espacio &#8220;vac\u00edo&#8221; entre el rojo y el azul es lleno por el cerebro con un color inventado: aqu\u00ed es donde nace la rosa.<\/p>\n<p>En t\u00e9rminos cient\u00edficos, el rosa es un promedio perceptivo, no un datos f\u00edsicos.<\/p>\n<h2>Percepci\u00f3n y realidad<\/h2>\n<p>Este descubrimiento nos lleva a distinguir dos conceptos fundamentales: sentimiento y percepci\u00f3n.<\/p>\n<p>Como explic\u00f3 el psic\u00f3logo Pang ,. Y a menudo esta interpretaci\u00f3n es m\u00e1s &#8220;pr\u00e1ctica&#8221; que precisa.<\/p>\n<p>Un ejemplo? La ilusi\u00f3n \u00f3ptica del tablero de ajedrez con un cilindro que proyecta sombra: dos cajas id\u00e9nticas aparecen de un color diferente solo debido al contexto. Es un error \u00fatil: el cerebro nos muestra relaciones entre objetos, no de puntos de color individuales.<\/p>\n<h2>Nuestra visi\u00f3n del mundo es limitada<\/h2>\n<p>Nuestros ojos pueden ver solo una peque\u00f1a porci\u00f3n del espectro electromagn\u00e9tico. Pero hay muchas otras formas de &#8220;luz&#8221; que no percibimos:<\/p>\n<p>Esto significa que cada especie animal vive en una realidad perceptiva diferente. Y el nuestro, hasta donde parece completo, es solo una peque\u00f1a porci\u00f3n del mundo real.<\/p>\n<p>A pesar de estos l\u00edmites, el ser humano ha aprendido a crear nuevos colores. No es casualidad que la NASA haya catalogado recientemente 102 nuevos tonos nunca antes vistos.<\/p>\n<h2>Si Rose vive solo en el cerebro, \u00bfes menos real?<\/h2>\n<p>El hecho de que el rosa no exista en el mundo f\u00edsico. En filosof\u00eda hablamos de Quatia, o los aspectos subjetivos de la experiencia. El fil\u00f3sofo Thomas Nagel se pregunt\u00f3: &#8220;\u00bfQu\u00e9 intentas ser un bate?&#8221;. Solo el murci\u00e9lago puede saber, porque solo \u00e9l vive esa experiencia perceptiva espec\u00edfica.<\/p>\n<p>Del mismo modo, el rosa es real en nuestra conciencia, incluso si no tiene una longitud de onda. Esto nos lleva a reflexionar sobre dos tipos de realidad:<\/p>\n<p>Ambos son ciertos, pero de diferentes maneras. Y el rosa nos ayuda a comprender cu\u00e1n creativa y limitada es nuestra mente al mismo tiempo.<\/p>\n<h2>A medida que el cerebro construye los colores: desde la retina hasta la corteza visual<\/h2>\n<p>Seg\u00fan un estudio publicado en <em>El neurocient\u00edfico<\/em>La percepci\u00f3n del color naci\u00f3 de un proceso de estadio m\u00faltiple, que comienza en la retina y alcanza las \u00e1reas cerebrales m\u00e1s profundas.<\/p>\n<ol>\n<li>Los conos de la retina absorben la luz y responden a tres colores b\u00e1sicos (rojo, verde, azul).<\/li>\n<li>Las neuronas oponentes comparan se\u00f1ales para crear contrastes crom\u00e1ticos.<\/li>\n<li>En la corteza visual primaria (V1), las neuronas llamadas <em>Doble oponente<\/em> Genere el contraste local.<\/li>\n<li>Las c\u00e9lulas &#8220;Glob&#8221; en la corteza temporal elaboran la sombra (tono).<\/li>\n<li>Finalmente, el \u00e1rea TE integra esta informaci\u00f3n en comportamiento y emociones.<\/li>\n<\/ol>\n<p>El color, por lo tanto, pero una construcci\u00f3n compleja que implica percepci\u00f3n, memoria y reacciones emocionales.<\/p><\/p>\n","protected":false},"excerpt":{"rendered":"<p>\u00bfCu\u00e1ntas veces te has preguntado si el mundo que ves es realmente c\u00f3mo parece? Si el azul que percibes es lo mismo que ve a<\/p>\n","protected":false},"author":1,"featured_media":5645,"comment_status":"closed","ping_status":"","sticky":false,"template":"","format":"standard","meta":{"footnotes":""},"categories":[762],"tags":[1959,339,1687,3122,6229,1471,165,996,6230],"class_list":["post-5644","post","type-post","status-publish","format-standard","has-post-thumbnail","hentry","category-salud","tag-color","tag-este","tag-existe","tag-mente","tag-miente","tag-partes","tag-pero","tag-todas","tag-vemos","generate-columns","tablet-grid-50","mobile-grid-100","grid-parent","grid-50"],"yoast_head":"<!-- This site is optimized with the Yoast SEO plugin v23.4 - https:\/\/yoast.com\/wordpress\/plugins\/seo\/ -->\n<title>La mente te miente: este color no existe, pero lo vemos en todas partes - Consejos - Santa Catarina<\/title>\n<meta name=\"robots\" content=\"index, follow, max-snippet:-1, max-image-preview:large, max-video-preview:-1\" \/>\n<link rel=\"canonical\" href=\"https:\/\/stacatarina.mx\/consejos\/la-mente-te-miente-este-color-no-existe-pero-lo-vemos-en-todas-partes\/\" \/>\n<meta property=\"og:locale\" content=\"es_MX\" \/>\n<meta property=\"og:type\" content=\"article\" \/>\n<meta property=\"og:title\" content=\"La mente te miente: este color no existe, pero lo vemos en todas partes - Consejos - Santa Catarina\" \/>\n<meta property=\"og:description\" content=\"\u00bfCu\u00e1ntas veces te has preguntado si el mundo que ves es realmente c\u00f3mo parece? Si el azul que percibes es lo mismo que ve a\" \/>\n<meta property=\"og:url\" content=\"https:\/\/stacatarina.mx\/consejos\/la-mente-te-miente-este-color-no-existe-pero-lo-vemos-en-todas-partes\/\" \/>\n<meta property=\"og:site_name\" content=\"Santa Catarina\" \/>\n<meta property=\"article:publisher\" content=\"https:\/\/www.facebook.com\/stacatarinagob\/\" \/>\n<meta property=\"article:published_time\" content=\"2025-10-05T10:31:42+00:00\" \/>\n<meta property=\"article:modified_time\" content=\"2025-10-05T10:31:45+00:00\" \/>\n<meta property=\"og:image\" content=\"https:\/\/stacatarina.mx\/consejos\/wp-content\/uploads\/2025\/10\/1759660303_La-mente-te-miente-este-color-no-existe-pero-lo.jpg\" \/>\n\t<meta property=\"og:image:width\" content=\"1500\" \/>\n\t<meta property=\"og:image:height\" content=\"1000\" \/>\n\t<meta property=\"og:image:type\" content=\"image\/jpeg\" \/>\n<meta name=\"author\" content=\"Pedro Mart\u00ednez\" \/>\n<meta name=\"twitter:card\" content=\"summary_large_image\" \/>\n<meta name=\"twitter:creator\" content=\"@stacatarinagob\" \/>\n<meta name=\"twitter:site\" content=\"@stacatarinagob\" \/>\n<meta name=\"twitter:label1\" content=\"Escrito por\" \/>\n\t<meta name=\"twitter:data1\" content=\"Pedro Mart\u00ednez\" \/>\n\t<meta name=\"twitter:label2\" content=\"Tiempo de lectura\" \/>\n\t<meta name=\"twitter:data2\" content=\"3 minutos\" \/>\n<script type=\"application\/ld+json\" class=\"yoast-schema-graph\">{\"@context\":\"https:\/\/schema.org\",\"@graph\":[{\"@type\":\"Article\",\"@id\":\"https:\/\/stacatarina.mx\/consejos\/la-mente-te-miente-este-color-no-existe-pero-lo-vemos-en-todas-partes\/#article\",\"isPartOf\":{\"@id\":\"https:\/\/stacatarina.mx\/consejos\/la-mente-te-miente-este-color-no-existe-pero-lo-vemos-en-todas-partes\/\"},\"author\":{\"name\":\"Pedro Mart\u00ednez\",\"@id\":\"https:\/\/stacatarina.mx\/consejos\/#\/schema\/person\/0be60adffa8e4c4d0828fdf021450e8a\"},\"headline\":\"La mente te miente: este color no existe, pero lo vemos en todas partes\",\"datePublished\":\"2025-10-05T10:31:42+00:00\",\"dateModified\":\"2025-10-05T10:31:45+00:00\",\"mainEntityOfPage\":{\"@id\":\"https:\/\/stacatarina.mx\/consejos\/la-mente-te-miente-este-color-no-existe-pero-lo-vemos-en-todas-partes\/\"},\"wordCount\":711,\"publisher\":{\"@id\":\"https:\/\/stacatarina.mx\/consejos\/#organization\"},\"image\":{\"@id\":\"https:\/\/stacatarina.mx\/consejos\/la-mente-te-miente-este-color-no-existe-pero-lo-vemos-en-todas-partes\/#primaryimage\"},\"thumbnailUrl\":\"https:\/\/stacatarina.mx\/consejos\/wp-content\/uploads\/2025\/10\/1759660303_La-mente-te-miente-este-color-no-existe-pero-lo.jpg\",\"keywords\":[\"color\",\"este\",\"existe\",\"mente\",\"miente\",\"partes\",\"pero\",\"todas\",\"vemos\"],\"articleSection\":[\"Salud\"],\"inLanguage\":\"es\"},{\"@type\":\"WebPage\",\"@id\":\"https:\/\/stacatarina.mx\/consejos\/la-mente-te-miente-este-color-no-existe-pero-lo-vemos-en-todas-partes\/\",\"url\":\"https:\/\/stacatarina.mx\/consejos\/la-mente-te-miente-este-color-no-existe-pero-lo-vemos-en-todas-partes\/\",\"name\":\"La mente te miente: este color no existe, pero lo vemos en todas partes - Consejos - Santa Catarina\",\"isPartOf\":{\"@id\":\"https:\/\/stacatarina.mx\/consejos\/#website\"},\"primaryImageOfPage\":{\"@id\":\"https:\/\/stacatarina.mx\/consejos\/la-mente-te-miente-este-color-no-existe-pero-lo-vemos-en-todas-partes\/#primaryimage\"},\"image\":{\"@id\":\"https:\/\/stacatarina.mx\/consejos\/la-mente-te-miente-este-color-no-existe-pero-lo-vemos-en-todas-partes\/#primaryimage\"},\"thumbnailUrl\":\"https:\/\/stacatarina.mx\/consejos\/wp-content\/uploads\/2025\/10\/1759660303_La-mente-te-miente-este-color-no-existe-pero-lo.jpg\",\"datePublished\":\"2025-10-05T10:31:42+00:00\",\"dateModified\":\"2025-10-05T10:31:45+00:00\",\"breadcrumb\":{\"@id\":\"https:\/\/stacatarina.mx\/consejos\/la-mente-te-miente-este-color-no-existe-pero-lo-vemos-en-todas-partes\/#breadcrumb\"},\"inLanguage\":\"es\",\"potentialAction\":[{\"@type\":\"ReadAction\",\"target\":[\"https:\/\/stacatarina.mx\/consejos\/la-mente-te-miente-este-color-no-existe-pero-lo-vemos-en-todas-partes\/\"]}]},{\"@type\":\"ImageObject\",\"inLanguage\":\"es\",\"@id\":\"https:\/\/stacatarina.mx\/consejos\/la-mente-te-miente-este-color-no-existe-pero-lo-vemos-en-todas-partes\/#primaryimage\",\"url\":\"https:\/\/stacatarina.mx\/consejos\/wp-content\/uploads\/2025\/10\/1759660303_La-mente-te-miente-este-color-no-existe-pero-lo.jpg\",\"contentUrl\":\"https:\/\/stacatarina.mx\/consejos\/wp-content\/uploads\/2025\/10\/1759660303_La-mente-te-miente-este-color-no-existe-pero-lo.jpg\",\"width\":1500,\"height\":1000,\"caption\":\"colore rosa\"},{\"@type\":\"BreadcrumbList\",\"@id\":\"https:\/\/stacatarina.mx\/consejos\/la-mente-te-miente-este-color-no-existe-pero-lo-vemos-en-todas-partes\/#breadcrumb\",\"itemListElement\":[{\"@type\":\"ListItem\",\"position\":1,\"name\":\"Inicio\",\"item\":\"https:\/\/stacatarina.mx\/consejos\/\"},{\"@type\":\"ListItem\",\"position\":2,\"name\":\"La mente te miente: este color no existe, pero lo vemos en todas partes\"}]},{\"@type\":\"WebSite\",\"@id\":\"https:\/\/stacatarina.mx\/consejos\/#website\",\"url\":\"https:\/\/stacatarina.mx\/consejos\/\",\"name\":\"Santa Catarina\",\"description\":\"\",\"publisher\":{\"@id\":\"https:\/\/stacatarina.mx\/consejos\/#organization\"},\"potentialAction\":[{\"@type\":\"SearchAction\",\"target\":{\"@type\":\"EntryPoint\",\"urlTemplate\":\"https:\/\/stacatarina.mx\/consejos\/?s={search_term_string}\"},\"query-input\":{\"@type\":\"PropertyValueSpecification\",\"valueRequired\":true,\"valueName\":\"search_term_string\"}}],\"inLanguage\":\"es\"},{\"@type\":\"Organization\",\"@id\":\"https:\/\/stacatarina.mx\/consejos\/#organization\",\"name\":\"Santa Catarina\",\"url\":\"https:\/\/stacatarina.mx\/consejos\/\",\"logo\":{\"@type\":\"ImageObject\",\"inLanguage\":\"es\",\"@id\":\"https:\/\/stacatarina.mx\/consejos\/#\/schema\/logo\/image\/\",\"url\":\"https:\/\/stacatarina.mx\/consejos\/wp-content\/uploads\/2024\/09\/cropped-favicon-1-1.png\",\"contentUrl\":\"https:\/\/stacatarina.mx\/consejos\/wp-content\/uploads\/2024\/09\/cropped-favicon-1-1.png\",\"width\":512,\"height\":512,\"caption\":\"Santa Catarina\"},\"image\":{\"@id\":\"https:\/\/stacatarina.mx\/consejos\/#\/schema\/logo\/image\/\"},\"sameAs\":[\"https:\/\/www.facebook.com\/stacatarinagob\/\",\"https:\/\/x.com\/stacatarinagob\",\"https:\/\/www.instagram.com\/stacatarinagob\/\",\"https:\/\/www.youtube.com\/channel\/UCK-6cQJL_904665N1_nLTWw\"]},{\"@type\":\"Person\",\"@id\":\"https:\/\/stacatarina.mx\/consejos\/#\/schema\/person\/0be60adffa8e4c4d0828fdf021450e8a\",\"name\":\"Pedro Mart\u00ednez\",\"image\":{\"@type\":\"ImageObject\",\"inLanguage\":\"es\",\"@id\":\"https:\/\/stacatarina.mx\/consejos\/#\/schema\/person\/image\/\",\"url\":\"https:\/\/stacatarina.mx\/consejos\/wp-content\/uploads\/2024\/09\/stacatarina.jpg\",\"contentUrl\":\"https:\/\/stacatarina.mx\/consejos\/wp-content\/uploads\/2024\/09\/stacatarina.jpg\",\"caption\":\"Pedro Mart\u00ednez\"},\"description\":\"Hola, soy Pedro Mart\u00ednez, redactor jefe del sitio oficial del ayuntamiento de Santa Catarina, en M\u00e9xico. Con m\u00e1s de diez a\u00f1os de experiencia en el periodismo local, tengo una pasi\u00f3n por la investigaci\u00f3n y la difusi\u00f3n de informaci\u00f3n que valoriza nuestra hermosa comunidad. Mi compromiso es hacer de Santa Catarina una referencia en materia de transparencia y comunicaci\u00f3n municipal.\",\"sameAs\":[\"https:\/\/stacatarina.mx\/\"]}]}<\/script>\n<!-- \/ Yoast SEO plugin. -->","yoast_head_json":{"title":"La mente te miente: este color no existe, pero lo vemos en todas partes - Consejos - Santa Catarina","robots":{"index":"index","follow":"follow","max-snippet":"max-snippet:-1","max-image-preview":"max-image-preview:large","max-video-preview":"max-video-preview:-1"},"canonical":"https:\/\/stacatarina.mx\/consejos\/la-mente-te-miente-este-color-no-existe-pero-lo-vemos-en-todas-partes\/","og_locale":"es_MX","og_type":"article","og_title":"La mente te miente: este color no existe, pero lo vemos en todas partes - Consejos - Santa Catarina","og_description":"\u00bfCu\u00e1ntas veces te has preguntado si el mundo que ves es realmente c\u00f3mo parece? Si el azul que percibes es lo mismo que ve a","og_url":"https:\/\/stacatarina.mx\/consejos\/la-mente-te-miente-este-color-no-existe-pero-lo-vemos-en-todas-partes\/","og_site_name":"Santa Catarina","article_publisher":"https:\/\/www.facebook.com\/stacatarinagob\/","article_published_time":"2025-10-05T10:31:42+00:00","article_modified_time":"2025-10-05T10:31:45+00:00","og_image":[{"width":1500,"height":1000,"url":"https:\/\/stacatarina.mx\/consejos\/wp-content\/uploads\/2025\/10\/1759660303_La-mente-te-miente-este-color-no-existe-pero-lo.jpg","type":"image\/jpeg"}],"author":"Pedro Mart\u00ednez","twitter_card":"summary_large_image","twitter_creator":"@stacatarinagob","twitter_site":"@stacatarinagob","twitter_misc":{"Escrito por":"Pedro Mart\u00ednez","Tiempo de lectura":"3 minutos"},"schema":{"@context":"https:\/\/schema.org","@graph":[{"@type":"Article","@id":"https:\/\/stacatarina.mx\/consejos\/la-mente-te-miente-este-color-no-existe-pero-lo-vemos-en-todas-partes\/#article","isPartOf":{"@id":"https:\/\/stacatarina.mx\/consejos\/la-mente-te-miente-este-color-no-existe-pero-lo-vemos-en-todas-partes\/"},"author":{"name":"Pedro Mart\u00ednez","@id":"https:\/\/stacatarina.mx\/consejos\/#\/schema\/person\/0be60adffa8e4c4d0828fdf021450e8a"},"headline":"La mente te miente: este color no existe, pero lo vemos en todas partes","datePublished":"2025-10-05T10:31:42+00:00","dateModified":"2025-10-05T10:31:45+00:00","mainEntityOfPage":{"@id":"https:\/\/stacatarina.mx\/consejos\/la-mente-te-miente-este-color-no-existe-pero-lo-vemos-en-todas-partes\/"},"wordCount":711,"publisher":{"@id":"https:\/\/stacatarina.mx\/consejos\/#organization"},"image":{"@id":"https:\/\/stacatarina.mx\/consejos\/la-mente-te-miente-este-color-no-existe-pero-lo-vemos-en-todas-partes\/#primaryimage"},"thumbnailUrl":"https:\/\/stacatarina.mx\/consejos\/wp-content\/uploads\/2025\/10\/1759660303_La-mente-te-miente-este-color-no-existe-pero-lo.jpg","keywords":["color","este","existe","mente","miente","partes","pero","todas","vemos"],"articleSection":["Salud"],"inLanguage":"es"},{"@type":"WebPage","@id":"https:\/\/stacatarina.mx\/consejos\/la-mente-te-miente-este-color-no-existe-pero-lo-vemos-en-todas-partes\/","url":"https:\/\/stacatarina.mx\/consejos\/la-mente-te-miente-este-color-no-existe-pero-lo-vemos-en-todas-partes\/","name":"La mente te miente: este color no existe, pero lo vemos en todas partes - Consejos - Santa Catarina","isPartOf":{"@id":"https:\/\/stacatarina.mx\/consejos\/#website"},"primaryImageOfPage":{"@id":"https:\/\/stacatarina.mx\/consejos\/la-mente-te-miente-este-color-no-existe-pero-lo-vemos-en-todas-partes\/#primaryimage"},"image":{"@id":"https:\/\/stacatarina.mx\/consejos\/la-mente-te-miente-este-color-no-existe-pero-lo-vemos-en-todas-partes\/#primaryimage"},"thumbnailUrl":"https:\/\/stacatarina.mx\/consejos\/wp-content\/uploads\/2025\/10\/1759660303_La-mente-te-miente-este-color-no-existe-pero-lo.jpg","datePublished":"2025-10-05T10:31:42+00:00","dateModified":"2025-10-05T10:31:45+00:00","breadcrumb":{"@id":"https:\/\/stacatarina.mx\/consejos\/la-mente-te-miente-este-color-no-existe-pero-lo-vemos-en-todas-partes\/#breadcrumb"},"inLanguage":"es","potentialAction":[{"@type":"ReadAction","target":["https:\/\/stacatarina.mx\/consejos\/la-mente-te-miente-este-color-no-existe-pero-lo-vemos-en-todas-partes\/"]}]},{"@type":"ImageObject","inLanguage":"es","@id":"https:\/\/stacatarina.mx\/consejos\/la-mente-te-miente-este-color-no-existe-pero-lo-vemos-en-todas-partes\/#primaryimage","url":"https:\/\/stacatarina.mx\/consejos\/wp-content\/uploads\/2025\/10\/1759660303_La-mente-te-miente-este-color-no-existe-pero-lo.jpg","contentUrl":"https:\/\/stacatarina.mx\/consejos\/wp-content\/uploads\/2025\/10\/1759660303_La-mente-te-miente-este-color-no-existe-pero-lo.jpg","width":1500,"height":1000,"caption":"colore rosa"},{"@type":"BreadcrumbList","@id":"https:\/\/stacatarina.mx\/consejos\/la-mente-te-miente-este-color-no-existe-pero-lo-vemos-en-todas-partes\/#breadcrumb","itemListElement":[{"@type":"ListItem","position":1,"name":"Inicio","item":"https:\/\/stacatarina.mx\/consejos\/"},{"@type":"ListItem","position":2,"name":"La mente te miente: este color no existe, pero lo vemos en todas partes"}]},{"@type":"WebSite","@id":"https:\/\/stacatarina.mx\/consejos\/#website","url":"https:\/\/stacatarina.mx\/consejos\/","name":"Santa Catarina","description":"","publisher":{"@id":"https:\/\/stacatarina.mx\/consejos\/#organization"},"potentialAction":[{"@type":"SearchAction","target":{"@type":"EntryPoint","urlTemplate":"https:\/\/stacatarina.mx\/consejos\/?s={search_term_string}"},"query-input":{"@type":"PropertyValueSpecification","valueRequired":true,"valueName":"search_term_string"}}],"inLanguage":"es"},{"@type":"Organization","@id":"https:\/\/stacatarina.mx\/consejos\/#organization","name":"Santa Catarina","url":"https:\/\/stacatarina.mx\/consejos\/","logo":{"@type":"ImageObject","inLanguage":"es","@id":"https:\/\/stacatarina.mx\/consejos\/#\/schema\/logo\/image\/","url":"https:\/\/stacatarina.mx\/consejos\/wp-content\/uploads\/2024\/09\/cropped-favicon-1-1.png","contentUrl":"https:\/\/stacatarina.mx\/consejos\/wp-content\/uploads\/2024\/09\/cropped-favicon-1-1.png","width":512,"height":512,"caption":"Santa Catarina"},"image":{"@id":"https:\/\/stacatarina.mx\/consejos\/#\/schema\/logo\/image\/"},"sameAs":["https:\/\/www.facebook.com\/stacatarinagob\/","https:\/\/x.com\/stacatarinagob","https:\/\/www.instagram.com\/stacatarinagob\/","https:\/\/www.youtube.com\/channel\/UCK-6cQJL_904665N1_nLTWw"]},{"@type":"Person","@id":"https:\/\/stacatarina.mx\/consejos\/#\/schema\/person\/0be60adffa8e4c4d0828fdf021450e8a","name":"Pedro Mart\u00ednez","image":{"@type":"ImageObject","inLanguage":"es","@id":"https:\/\/stacatarina.mx\/consejos\/#\/schema\/person\/image\/","url":"https:\/\/stacatarina.mx\/consejos\/wp-content\/uploads\/2024\/09\/stacatarina.jpg","contentUrl":"https:\/\/stacatarina.mx\/consejos\/wp-content\/uploads\/2024\/09\/stacatarina.jpg","caption":"Pedro Mart\u00ednez"},"description":"Hola, soy Pedro Mart\u00ednez, redactor jefe del sitio oficial del ayuntamiento de Santa Catarina, en M\u00e9xico. Con m\u00e1s de diez a\u00f1os de experiencia en el periodismo local, tengo una pasi\u00f3n por la investigaci\u00f3n y la difusi\u00f3n de informaci\u00f3n que valoriza nuestra hermosa comunidad. Mi compromiso es hacer de Santa Catarina una referencia en materia de transparencia y comunicaci\u00f3n municipal.","sameAs":["https:\/\/stacatarina.mx\/"]}]}},"_links":{"self":[{"href":"https:\/\/stacatarina.mx\/consejos\/wp-json\/wp\/v2\/posts\/5644"}],"collection":[{"href":"https:\/\/stacatarina.mx\/consejos\/wp-json\/wp\/v2\/posts"}],"about":[{"href":"https:\/\/stacatarina.mx\/consejos\/wp-json\/wp\/v2\/types\/post"}],"author":[{"embeddable":true,"href":"https:\/\/stacatarina.mx\/consejos\/wp-json\/wp\/v2\/users\/1"}],"replies":[{"embeddable":true,"href":"https:\/\/stacatarina.mx\/consejos\/wp-json\/wp\/v2\/comments?post=5644"}],"version-history":[{"count":1,"href":"https:\/\/stacatarina.mx\/consejos\/wp-json\/wp\/v2\/posts\/5644\/revisions"}],"predecessor-version":[{"id":5646,"href":"https:\/\/stacatarina.mx\/consejos\/wp-json\/wp\/v2\/posts\/5644\/revisions\/5646"}],"wp:featuredmedia":[{"embeddable":true,"href":"https:\/\/stacatarina.mx\/consejos\/wp-json\/wp\/v2\/media\/5645"}],"wp:attachment":[{"href":"https:\/\/stacatarina.mx\/consejos\/wp-json\/wp\/v2\/media?parent=5644"}],"wp:term":[{"taxonomy":"category","embeddable":true,"href":"https:\/\/stacatarina.mx\/consejos\/wp-json\/wp\/v2\/categories?post=5644"},{"taxonomy":"post_tag","embeddable":true,"href":"https:\/\/stacatarina.mx\/consejos\/wp-json\/wp\/v2\/tags?post=5644"}],"curies":[{"name":"wp","href":"https:\/\/api.w.org\/{rel}","templated":true}]}}