{"id":6369,"date":"2025-11-15T12:20:38","date_gmt":"2025-11-15T18:20:38","guid":{"rendered":"https:\/\/stacatarina.mx\/consejos\/chalote-no-solo-un-salteado-como-guardarlo-en-invierno-para-tenerlo-disponible-todo-el-ano\/"},"modified":"2025-11-15T12:20:40","modified_gmt":"2025-11-15T18:20:40","slug":"chalote-no-solo-un-salteado-como-guardarlo-en-invierno-para-tenerlo-disponible-todo-el-ano","status":"publish","type":"post","link":"https:\/\/stacatarina.mx\/consejos\/chalote-no-solo-un-salteado-como-guardarlo-en-invierno-para-tenerlo-disponible-todo-el-ano\/","title":{"rendered":"Chalote: \u00a1no s\u00f3lo un salteado! C\u00f3mo guardarlo en invierno para tenerlo disponible todo el a\u00f1o"},"content":{"rendered":"<p>En muchas cocinas italianas, las chalotas aparecen casi exclusivamente al saltear, cuando en realidad este bulbo c\u00f3nico merece mucha m\u00e1s atenci\u00f3n. Su sabor es m\u00e1s arom\u00e1tico que el de la cebolla, sin dejar de ser delicado, mientras que su intensidad es menor que la del ajo, caracter\u00edsticas que lo convierten en el ingrediente ideal para preparaciones que requieren equilibrio y finura. Las chalotas se pueden utilizar para preparar ensaladas, rag\u00faes refinados y para acompa\u00f1ar platos a base de pescado.<\/p>\n<p>La familia bot\u00e1nica a la que pertenece, la de <em>lili\u00e1ceas<\/em>es lo mismo que el ajo, la cebolla y el cebollino. Las primeras zonas de cultivo se localizaron en Oriente Medio, probablemente en la regi\u00f3n de la antigua ciudad de Ashkelon, de donde deriva el nombre cient\u00edfico Allium ascalonicum. Lleg\u00f3 a Europa entre los siglos XII y XIII, tra\u00eddo por los cruzados que regresaban de Tierra Santa.<\/p>\n<h2>Las variedades cultivadas en Italia.<\/h2>\n<p>En nuestro pa\u00eds existen diferentes variedades de chalota, cada una con caracter\u00edsticas distintivas. El Scalogno di Romagna IGP, por ejemplo, que tiene hojas largas y delgadas, un bulbo en forma de matraz bastante retorcido, vainas doradas, pulpa con matices rosa-lila y un sabor especiado. La zona de producci\u00f3n se extiende entre las provincias de Ravenna, Bolonia y Forl\u00ec.<\/p>\n<p>Jersey Dutch tiene bulbos cortos con piel rosada, pulpa veteada y un sabor ligeramente picante. Es una variedad precoz, menos vigorosa pero apreciada por su delicadeza. La chalota com\u00fan o gris tiene bulbos muy alargados, cubierta violeta y sabor picante y arom\u00e1tico: es una variedad r\u00fastica, de maduraci\u00f3n tard\u00eda y f\u00e1cil de mantener fresca durante el invierno.<\/p>\n<h2>Propiedades y beneficios nutricionales<\/h2>\n<p>Desde el punto de vista nutricional, las chalotas aportan aproximadamente 72 calor\u00edas por cada 100 gramos, con un alto porcentaje de agua, una baja cantidad de grasas y una preciosa concentraci\u00f3n de fibra. Contiene vitaminas A, C y del grupo B, adem\u00e1s de minerales esenciales como potasio, f\u00f3sforo, calcio y magnesio.<\/p>\n<p>C\u00f3mo no mencionar la alicina, una sustancia que se produce al triturar las chalotas y que puede reducir los niveles de colesterol malo en la sangre, con efectos beneficiosos en la prevenci\u00f3n de la aterosclerosis y las enfermedades card\u00edacas. Los compuestos antioxidantes presentes, entre ellos la quercetina y el kaempferol, contribuyen a la acci\u00f3n protectora del organismo.<\/p>\n<p>El selenio ayuda a reforzar el sistema inmunol\u00f3gico y tiene propiedades antiinflamatorias, mientras que el potasio es esencial para el funcionamiento muscular adecuado y para mantener el equilibrio de l\u00edquidos. Para aprovechar al m\u00e1ximo estas propiedades es preferible consumirlo crudo, ya que la cocci\u00f3n dispersa parte de las vitaminas.<\/p>\n<h2>Cosechar en el momento adecuado<\/h2>\n<\/p>\n<p>La recolecci\u00f3n generalmente se realiza a principios de verano, cuando las hojas comienzan a ponerse amarillas: los bulbos deben arrancarse del suelo con la ayuda de un tenedor o una pala. El periodo var\u00eda seg\u00fan el uso previsto: la cosecha de junio proporciona un producto para consumir fresco, mientras que la cosecha de mediados de julio proporciona un producto que puede utilizarse para su conservaci\u00f3n y transformaci\u00f3n.<\/p>\n<p>Los bulbos con hojas se conservan por mucho m\u00e1s tiempo, un detalle que a menudo se pasa por alto y que puede marcar la diferencia en los meses de invierno. Despu\u00e9s del desarraigo, los bulbos deben secarse al sol y luego dejarse en lugares c\u00e1lidos y ventilados durante 10 a 15 d\u00edas antes de su almacenamiento definitivo.<\/p>\n<h2>M\u00e9todos de conservaci\u00f3n del invierno.<\/h2>\n<p>La conservaci\u00f3n es un aspecto muy importante para conservar la chalota durante los meses fr\u00edos, ya que, si se conserva en espacios frescos, secos y bien ventilados, puede durar hasta seis meses sin perder sus caracter\u00edsticas. La temperatura ideal est\u00e1 entre 3 y 15 grados, con preferencia por la zona m\u00e1s baja del rango.<\/p>\n<p>El ambiente debe ser seco, fresco y oscuro, por lo que s\u00f3tanos, cobertizos y habitaciones bien ventiladas son los lugares perfectos para almacenarlo. La humedad relativa debe permanecer por debajo del 70% para evitar moho y podredumbre, y se debe evitar absolutamente la luz, porque podr\u00eda favorecer el crecimiento de los brotes y acelerar el deterioro. El bulbo con un peque\u00f1o tallo se puede conservar en manojos, o en trenzas colgantes, como se hace con el ajo (t\u00e9cnica tradicional que garantiza una excelente circulaci\u00f3n de aire alrededor de los bulbos).<\/p>\n<p>Evite por completo tanto el almacenamiento en el frigor\u00edfico (un ambiente excesivamente h\u00famedo que puede comprometer la calidad del producto) como el almacenamiento en envases impermeables (los envases sellados crean condensaci\u00f3n, un ambiente ideal para el desarrollo de bacterias).<\/p>\n<h2>Consejos pr\u00e1cticos para la despensa<\/h2>\n<p>La disposici\u00f3n f\u00edsica de los chalotes merece cierta atenci\u00f3n. Las cajas de madera y las cestas de mimbre funcionar\u00e1n muy bien, porque permiten una buena circulaci\u00f3n del aire, y recuerda colocar una sola capa, evitando superposiciones que podr\u00edan crear puntos de presi\u00f3n y favorecer el deterioro.<\/p>\n<p>Verifique peri\u00f3dicamente el estado de las bombillas para identificar cualquier problema. Una bombilla que comienza a deteriorarse debe retirarse inmediatamente para evitar que el problema se propague a otras personas. \u00bfSe\u00f1ales a buscar? Reblandecimiento excesivo, as\u00ed como aparici\u00f3n de moho y demasiados brotes.<\/p><\/p>\n","protected":false},"excerpt":{"rendered":"<p>En muchas cocinas italianas, las chalotas aparecen casi exclusivamente al saltear, cuando en realidad este bulbo c\u00f3nico merece mucha m\u00e1s atenci\u00f3n. Su sabor es m\u00e1s<\/p>\n","protected":false},"author":1,"featured_media":6370,"comment_status":"closed","ping_status":"","sticky":false,"template":"","format":"standard","meta":{"footnotes":""},"categories":[762],"tags":[421,6760,15,1348,6762,2338,29,6761,628,6763,586],"class_list":["post-6369","post","type-post","status-publish","format-standard","has-post-thumbnail","hentry","category-salud","tag-ano","tag-chalote","tag-como","tag-disponible","tag-guardarlo","tag-invierno","tag-para","tag-salteado","tag-solo","tag-tenerlo","tag-todo","generate-columns","tablet-grid-50","mobile-grid-100","grid-parent","grid-50"],"yoast_head":"<!-- This site is optimized with the Yoast SEO plugin v23.4 - https:\/\/yoast.com\/wordpress\/plugins\/seo\/ -->\n<title>Chalote: \u00a1no s\u00f3lo un salteado! C\u00f3mo guardarlo en invierno para tenerlo disponible todo el a\u00f1o - Consejos - Santa Catarina<\/title>\n<meta name=\"robots\" content=\"index, follow, max-snippet:-1, max-image-preview:large, max-video-preview:-1\" \/>\n<link rel=\"canonical\" href=\"https:\/\/stacatarina.mx\/consejos\/chalote-no-solo-un-salteado-como-guardarlo-en-invierno-para-tenerlo-disponible-todo-el-ano\/\" \/>\n<meta property=\"og:locale\" content=\"es_MX\" \/>\n<meta property=\"og:type\" content=\"article\" \/>\n<meta property=\"og:title\" content=\"Chalote: \u00a1no s\u00f3lo un salteado! C\u00f3mo guardarlo en invierno para tenerlo disponible todo el a\u00f1o - Consejos - Santa Catarina\" \/>\n<meta property=\"og:description\" content=\"En muchas cocinas italianas, las chalotas aparecen casi exclusivamente al saltear, cuando en realidad este bulbo c\u00f3nico merece mucha m\u00e1s atenci\u00f3n. Su sabor es m\u00e1s\" \/>\n<meta property=\"og:url\" content=\"https:\/\/stacatarina.mx\/consejos\/chalote-no-solo-un-salteado-como-guardarlo-en-invierno-para-tenerlo-disponible-todo-el-ano\/\" \/>\n<meta property=\"og:site_name\" content=\"Santa Catarina\" \/>\n<meta property=\"article:publisher\" content=\"https:\/\/www.facebook.com\/stacatarinagob\/\" \/>\n<meta property=\"article:published_time\" content=\"2025-11-15T18:20:38+00:00\" \/>\n<meta property=\"article:modified_time\" content=\"2025-11-15T18:20:40+00:00\" \/>\n<meta property=\"og:image\" content=\"https:\/\/stacatarina.mx\/consejos\/wp-content\/uploads\/2025\/11\/1763230839_Chalote-\u00a1no-solo-un-salteado-Como-guardarlo-en-invierno-para.jpg\" \/>\n\t<meta property=\"og:image:width\" content=\"1500\" \/>\n\t<meta property=\"og:image:height\" content=\"1000\" \/>\n\t<meta property=\"og:image:type\" content=\"image\/jpeg\" \/>\n<meta name=\"author\" content=\"Pedro Mart\u00ednez\" \/>\n<meta name=\"twitter:card\" content=\"summary_large_image\" \/>\n<meta name=\"twitter:creator\" content=\"@stacatarinagob\" \/>\n<meta name=\"twitter:site\" content=\"@stacatarinagob\" \/>\n<meta name=\"twitter:label1\" content=\"Escrito por\" \/>\n\t<meta name=\"twitter:data1\" content=\"Pedro Mart\u00ednez\" \/>\n\t<meta name=\"twitter:label2\" content=\"Tiempo de lectura\" \/>\n\t<meta name=\"twitter:data2\" content=\"4 minutos\" \/>\n<script type=\"application\/ld+json\" class=\"yoast-schema-graph\">{\"@context\":\"https:\/\/schema.org\",\"@graph\":[{\"@type\":\"Article\",\"@id\":\"https:\/\/stacatarina.mx\/consejos\/chalote-no-solo-un-salteado-como-guardarlo-en-invierno-para-tenerlo-disponible-todo-el-ano\/#article\",\"isPartOf\":{\"@id\":\"https:\/\/stacatarina.mx\/consejos\/chalote-no-solo-un-salteado-como-guardarlo-en-invierno-para-tenerlo-disponible-todo-el-ano\/\"},\"author\":{\"name\":\"Pedro Mart\u00ednez\",\"@id\":\"https:\/\/stacatarina.mx\/consejos\/#\/schema\/person\/0be60adffa8e4c4d0828fdf021450e8a\"},\"headline\":\"Chalote: \u00a1no s\u00f3lo un salteado! C\u00f3mo guardarlo en invierno para tenerlo disponible todo el a\u00f1o\",\"datePublished\":\"2025-11-15T18:20:38+00:00\",\"dateModified\":\"2025-11-15T18:20:40+00:00\",\"mainEntityOfPage\":{\"@id\":\"https:\/\/stacatarina.mx\/consejos\/chalote-no-solo-un-salteado-como-guardarlo-en-invierno-para-tenerlo-disponible-todo-el-ano\/\"},\"wordCount\":916,\"publisher\":{\"@id\":\"https:\/\/stacatarina.mx\/consejos\/#organization\"},\"image\":{\"@id\":\"https:\/\/stacatarina.mx\/consejos\/chalote-no-solo-un-salteado-como-guardarlo-en-invierno-para-tenerlo-disponible-todo-el-ano\/#primaryimage\"},\"thumbnailUrl\":\"https:\/\/stacatarina.mx\/consejos\/wp-content\/uploads\/2025\/11\/1763230839_Chalote-\u00a1no-solo-un-salteado-Como-guardarlo-en-invierno-para.jpg\",\"keywords\":[\"a\u00f1o\",\"Chalote\",\"c\u00f3mo\",\"disponible\",\"guardarlo\",\"invierno\",\"para\",\"salteado\",\"solo\",\"tenerlo\",\"todo\"],\"articleSection\":[\"Salud\"],\"inLanguage\":\"es\"},{\"@type\":\"WebPage\",\"@id\":\"https:\/\/stacatarina.mx\/consejos\/chalote-no-solo-un-salteado-como-guardarlo-en-invierno-para-tenerlo-disponible-todo-el-ano\/\",\"url\":\"https:\/\/stacatarina.mx\/consejos\/chalote-no-solo-un-salteado-como-guardarlo-en-invierno-para-tenerlo-disponible-todo-el-ano\/\",\"name\":\"Chalote: \u00a1no s\u00f3lo un salteado! C\u00f3mo guardarlo en invierno para tenerlo disponible todo el a\u00f1o - Consejos - Santa Catarina\",\"isPartOf\":{\"@id\":\"https:\/\/stacatarina.mx\/consejos\/#website\"},\"primaryImageOfPage\":{\"@id\":\"https:\/\/stacatarina.mx\/consejos\/chalote-no-solo-un-salteado-como-guardarlo-en-invierno-para-tenerlo-disponible-todo-el-ano\/#primaryimage\"},\"image\":{\"@id\":\"https:\/\/stacatarina.mx\/consejos\/chalote-no-solo-un-salteado-como-guardarlo-en-invierno-para-tenerlo-disponible-todo-el-ano\/#primaryimage\"},\"thumbnailUrl\":\"https:\/\/stacatarina.mx\/consejos\/wp-content\/uploads\/2025\/11\/1763230839_Chalote-\u00a1no-solo-un-salteado-Como-guardarlo-en-invierno-para.jpg\",\"datePublished\":\"2025-11-15T18:20:38+00:00\",\"dateModified\":\"2025-11-15T18:20:40+00:00\",\"breadcrumb\":{\"@id\":\"https:\/\/stacatarina.mx\/consejos\/chalote-no-solo-un-salteado-como-guardarlo-en-invierno-para-tenerlo-disponible-todo-el-ano\/#breadcrumb\"},\"inLanguage\":\"es\",\"potentialAction\":[{\"@type\":\"ReadAction\",\"target\":[\"https:\/\/stacatarina.mx\/consejos\/chalote-no-solo-un-salteado-como-guardarlo-en-invierno-para-tenerlo-disponible-todo-el-ano\/\"]}]},{\"@type\":\"ImageObject\",\"inLanguage\":\"es\",\"@id\":\"https:\/\/stacatarina.mx\/consejos\/chalote-no-solo-un-salteado-como-guardarlo-en-invierno-para-tenerlo-disponible-todo-el-ano\/#primaryimage\",\"url\":\"https:\/\/stacatarina.mx\/consejos\/wp-content\/uploads\/2025\/11\/1763230839_Chalote-\u00a1no-solo-un-salteado-Como-guardarlo-en-invierno-para.jpg\",\"contentUrl\":\"https:\/\/stacatarina.mx\/consejos\/wp-content\/uploads\/2025\/11\/1763230839_Chalote-\u00a1no-solo-un-salteado-Como-guardarlo-en-invierno-para.jpg\",\"width\":1500,\"height\":1000,\"caption\":\"scalogno\"},{\"@type\":\"BreadcrumbList\",\"@id\":\"https:\/\/stacatarina.mx\/consejos\/chalote-no-solo-un-salteado-como-guardarlo-en-invierno-para-tenerlo-disponible-todo-el-ano\/#breadcrumb\",\"itemListElement\":[{\"@type\":\"ListItem\",\"position\":1,\"name\":\"Inicio\",\"item\":\"https:\/\/stacatarina.mx\/consejos\/\"},{\"@type\":\"ListItem\",\"position\":2,\"name\":\"Chalote: \u00a1no s\u00f3lo un salteado! C\u00f3mo guardarlo en invierno para tenerlo disponible todo el a\u00f1o\"}]},{\"@type\":\"WebSite\",\"@id\":\"https:\/\/stacatarina.mx\/consejos\/#website\",\"url\":\"https:\/\/stacatarina.mx\/consejos\/\",\"name\":\"Santa Catarina\",\"description\":\"\",\"publisher\":{\"@id\":\"https:\/\/stacatarina.mx\/consejos\/#organization\"},\"potentialAction\":[{\"@type\":\"SearchAction\",\"target\":{\"@type\":\"EntryPoint\",\"urlTemplate\":\"https:\/\/stacatarina.mx\/consejos\/?s={search_term_string}\"},\"query-input\":{\"@type\":\"PropertyValueSpecification\",\"valueRequired\":true,\"valueName\":\"search_term_string\"}}],\"inLanguage\":\"es\"},{\"@type\":\"Organization\",\"@id\":\"https:\/\/stacatarina.mx\/consejos\/#organization\",\"name\":\"Santa Catarina\",\"url\":\"https:\/\/stacatarina.mx\/consejos\/\",\"logo\":{\"@type\":\"ImageObject\",\"inLanguage\":\"es\",\"@id\":\"https:\/\/stacatarina.mx\/consejos\/#\/schema\/logo\/image\/\",\"url\":\"https:\/\/stacatarina.mx\/consejos\/wp-content\/uploads\/2024\/09\/cropped-favicon-1-1.png\",\"contentUrl\":\"https:\/\/stacatarina.mx\/consejos\/wp-content\/uploads\/2024\/09\/cropped-favicon-1-1.png\",\"width\":512,\"height\":512,\"caption\":\"Santa Catarina\"},\"image\":{\"@id\":\"https:\/\/stacatarina.mx\/consejos\/#\/schema\/logo\/image\/\"},\"sameAs\":[\"https:\/\/www.facebook.com\/stacatarinagob\/\",\"https:\/\/x.com\/stacatarinagob\",\"https:\/\/www.instagram.com\/stacatarinagob\/\",\"https:\/\/www.youtube.com\/channel\/UCK-6cQJL_904665N1_nLTWw\"]},{\"@type\":\"Person\",\"@id\":\"https:\/\/stacatarina.mx\/consejos\/#\/schema\/person\/0be60adffa8e4c4d0828fdf021450e8a\",\"name\":\"Pedro Mart\u00ednez\",\"image\":{\"@type\":\"ImageObject\",\"inLanguage\":\"es\",\"@id\":\"https:\/\/stacatarina.mx\/consejos\/#\/schema\/person\/image\/\",\"url\":\"https:\/\/stacatarina.mx\/consejos\/wp-content\/uploads\/2024\/09\/stacatarina.jpg\",\"contentUrl\":\"https:\/\/stacatarina.mx\/consejos\/wp-content\/uploads\/2024\/09\/stacatarina.jpg\",\"caption\":\"Pedro Mart\u00ednez\"},\"description\":\"Hola, soy Pedro Mart\u00ednez, redactor jefe del sitio oficial del ayuntamiento de Santa Catarina, en M\u00e9xico. Con m\u00e1s de diez a\u00f1os de experiencia en el periodismo local, tengo una pasi\u00f3n por la investigaci\u00f3n y la difusi\u00f3n de informaci\u00f3n que valoriza nuestra hermosa comunidad. Mi compromiso es hacer de Santa Catarina una referencia en materia de transparencia y comunicaci\u00f3n municipal.\",\"sameAs\":[\"https:\/\/stacatarina.mx\/\"]}]}<\/script>\n<!-- \/ Yoast SEO plugin. -->","yoast_head_json":{"title":"Chalote: \u00a1no s\u00f3lo un salteado! C\u00f3mo guardarlo en invierno para tenerlo disponible todo el a\u00f1o - Consejos - Santa Catarina","robots":{"index":"index","follow":"follow","max-snippet":"max-snippet:-1","max-image-preview":"max-image-preview:large","max-video-preview":"max-video-preview:-1"},"canonical":"https:\/\/stacatarina.mx\/consejos\/chalote-no-solo-un-salteado-como-guardarlo-en-invierno-para-tenerlo-disponible-todo-el-ano\/","og_locale":"es_MX","og_type":"article","og_title":"Chalote: \u00a1no s\u00f3lo un salteado! C\u00f3mo guardarlo en invierno para tenerlo disponible todo el a\u00f1o - Consejos - Santa Catarina","og_description":"En muchas cocinas italianas, las chalotas aparecen casi exclusivamente al saltear, cuando en realidad este bulbo c\u00f3nico merece mucha m\u00e1s atenci\u00f3n. Su sabor es m\u00e1s","og_url":"https:\/\/stacatarina.mx\/consejos\/chalote-no-solo-un-salteado-como-guardarlo-en-invierno-para-tenerlo-disponible-todo-el-ano\/","og_site_name":"Santa Catarina","article_publisher":"https:\/\/www.facebook.com\/stacatarinagob\/","article_published_time":"2025-11-15T18:20:38+00:00","article_modified_time":"2025-11-15T18:20:40+00:00","og_image":[{"width":1500,"height":1000,"url":"https:\/\/stacatarina.mx\/consejos\/wp-content\/uploads\/2025\/11\/1763230839_Chalote-\u00a1no-solo-un-salteado-Como-guardarlo-en-invierno-para.jpg","type":"image\/jpeg"}],"author":"Pedro Mart\u00ednez","twitter_card":"summary_large_image","twitter_creator":"@stacatarinagob","twitter_site":"@stacatarinagob","twitter_misc":{"Escrito por":"Pedro Mart\u00ednez","Tiempo de lectura":"4 minutos"},"schema":{"@context":"https:\/\/schema.org","@graph":[{"@type":"Article","@id":"https:\/\/stacatarina.mx\/consejos\/chalote-no-solo-un-salteado-como-guardarlo-en-invierno-para-tenerlo-disponible-todo-el-ano\/#article","isPartOf":{"@id":"https:\/\/stacatarina.mx\/consejos\/chalote-no-solo-un-salteado-como-guardarlo-en-invierno-para-tenerlo-disponible-todo-el-ano\/"},"author":{"name":"Pedro Mart\u00ednez","@id":"https:\/\/stacatarina.mx\/consejos\/#\/schema\/person\/0be60adffa8e4c4d0828fdf021450e8a"},"headline":"Chalote: \u00a1no s\u00f3lo un salteado! C\u00f3mo guardarlo en invierno para tenerlo disponible todo el a\u00f1o","datePublished":"2025-11-15T18:20:38+00:00","dateModified":"2025-11-15T18:20:40+00:00","mainEntityOfPage":{"@id":"https:\/\/stacatarina.mx\/consejos\/chalote-no-solo-un-salteado-como-guardarlo-en-invierno-para-tenerlo-disponible-todo-el-ano\/"},"wordCount":916,"publisher":{"@id":"https:\/\/stacatarina.mx\/consejos\/#organization"},"image":{"@id":"https:\/\/stacatarina.mx\/consejos\/chalote-no-solo-un-salteado-como-guardarlo-en-invierno-para-tenerlo-disponible-todo-el-ano\/#primaryimage"},"thumbnailUrl":"https:\/\/stacatarina.mx\/consejos\/wp-content\/uploads\/2025\/11\/1763230839_Chalote-\u00a1no-solo-un-salteado-Como-guardarlo-en-invierno-para.jpg","keywords":["a\u00f1o","Chalote","c\u00f3mo","disponible","guardarlo","invierno","para","salteado","solo","tenerlo","todo"],"articleSection":["Salud"],"inLanguage":"es"},{"@type":"WebPage","@id":"https:\/\/stacatarina.mx\/consejos\/chalote-no-solo-un-salteado-como-guardarlo-en-invierno-para-tenerlo-disponible-todo-el-ano\/","url":"https:\/\/stacatarina.mx\/consejos\/chalote-no-solo-un-salteado-como-guardarlo-en-invierno-para-tenerlo-disponible-todo-el-ano\/","name":"Chalote: \u00a1no s\u00f3lo un salteado! C\u00f3mo guardarlo en invierno para tenerlo disponible todo el a\u00f1o - Consejos - Santa Catarina","isPartOf":{"@id":"https:\/\/stacatarina.mx\/consejos\/#website"},"primaryImageOfPage":{"@id":"https:\/\/stacatarina.mx\/consejos\/chalote-no-solo-un-salteado-como-guardarlo-en-invierno-para-tenerlo-disponible-todo-el-ano\/#primaryimage"},"image":{"@id":"https:\/\/stacatarina.mx\/consejos\/chalote-no-solo-un-salteado-como-guardarlo-en-invierno-para-tenerlo-disponible-todo-el-ano\/#primaryimage"},"thumbnailUrl":"https:\/\/stacatarina.mx\/consejos\/wp-content\/uploads\/2025\/11\/1763230839_Chalote-\u00a1no-solo-un-salteado-Como-guardarlo-en-invierno-para.jpg","datePublished":"2025-11-15T18:20:38+00:00","dateModified":"2025-11-15T18:20:40+00:00","breadcrumb":{"@id":"https:\/\/stacatarina.mx\/consejos\/chalote-no-solo-un-salteado-como-guardarlo-en-invierno-para-tenerlo-disponible-todo-el-ano\/#breadcrumb"},"inLanguage":"es","potentialAction":[{"@type":"ReadAction","target":["https:\/\/stacatarina.mx\/consejos\/chalote-no-solo-un-salteado-como-guardarlo-en-invierno-para-tenerlo-disponible-todo-el-ano\/"]}]},{"@type":"ImageObject","inLanguage":"es","@id":"https:\/\/stacatarina.mx\/consejos\/chalote-no-solo-un-salteado-como-guardarlo-en-invierno-para-tenerlo-disponible-todo-el-ano\/#primaryimage","url":"https:\/\/stacatarina.mx\/consejos\/wp-content\/uploads\/2025\/11\/1763230839_Chalote-\u00a1no-solo-un-salteado-Como-guardarlo-en-invierno-para.jpg","contentUrl":"https:\/\/stacatarina.mx\/consejos\/wp-content\/uploads\/2025\/11\/1763230839_Chalote-\u00a1no-solo-un-salteado-Como-guardarlo-en-invierno-para.jpg","width":1500,"height":1000,"caption":"scalogno"},{"@type":"BreadcrumbList","@id":"https:\/\/stacatarina.mx\/consejos\/chalote-no-solo-un-salteado-como-guardarlo-en-invierno-para-tenerlo-disponible-todo-el-ano\/#breadcrumb","itemListElement":[{"@type":"ListItem","position":1,"name":"Inicio","item":"https:\/\/stacatarina.mx\/consejos\/"},{"@type":"ListItem","position":2,"name":"Chalote: \u00a1no s\u00f3lo un salteado! C\u00f3mo guardarlo en invierno para tenerlo disponible todo el a\u00f1o"}]},{"@type":"WebSite","@id":"https:\/\/stacatarina.mx\/consejos\/#website","url":"https:\/\/stacatarina.mx\/consejos\/","name":"Santa Catarina","description":"","publisher":{"@id":"https:\/\/stacatarina.mx\/consejos\/#organization"},"potentialAction":[{"@type":"SearchAction","target":{"@type":"EntryPoint","urlTemplate":"https:\/\/stacatarina.mx\/consejos\/?s={search_term_string}"},"query-input":{"@type":"PropertyValueSpecification","valueRequired":true,"valueName":"search_term_string"}}],"inLanguage":"es"},{"@type":"Organization","@id":"https:\/\/stacatarina.mx\/consejos\/#organization","name":"Santa Catarina","url":"https:\/\/stacatarina.mx\/consejos\/","logo":{"@type":"ImageObject","inLanguage":"es","@id":"https:\/\/stacatarina.mx\/consejos\/#\/schema\/logo\/image\/","url":"https:\/\/stacatarina.mx\/consejos\/wp-content\/uploads\/2024\/09\/cropped-favicon-1-1.png","contentUrl":"https:\/\/stacatarina.mx\/consejos\/wp-content\/uploads\/2024\/09\/cropped-favicon-1-1.png","width":512,"height":512,"caption":"Santa Catarina"},"image":{"@id":"https:\/\/stacatarina.mx\/consejos\/#\/schema\/logo\/image\/"},"sameAs":["https:\/\/www.facebook.com\/stacatarinagob\/","https:\/\/x.com\/stacatarinagob","https:\/\/www.instagram.com\/stacatarinagob\/","https:\/\/www.youtube.com\/channel\/UCK-6cQJL_904665N1_nLTWw"]},{"@type":"Person","@id":"https:\/\/stacatarina.mx\/consejos\/#\/schema\/person\/0be60adffa8e4c4d0828fdf021450e8a","name":"Pedro Mart\u00ednez","image":{"@type":"ImageObject","inLanguage":"es","@id":"https:\/\/stacatarina.mx\/consejos\/#\/schema\/person\/image\/","url":"https:\/\/stacatarina.mx\/consejos\/wp-content\/uploads\/2024\/09\/stacatarina.jpg","contentUrl":"https:\/\/stacatarina.mx\/consejos\/wp-content\/uploads\/2024\/09\/stacatarina.jpg","caption":"Pedro Mart\u00ednez"},"description":"Hola, soy Pedro Mart\u00ednez, redactor jefe del sitio oficial del ayuntamiento de Santa Catarina, en M\u00e9xico. Con m\u00e1s de diez a\u00f1os de experiencia en el periodismo local, tengo una pasi\u00f3n por la investigaci\u00f3n y la difusi\u00f3n de informaci\u00f3n que valoriza nuestra hermosa comunidad. Mi compromiso es hacer de Santa Catarina una referencia en materia de transparencia y comunicaci\u00f3n municipal.","sameAs":["https:\/\/stacatarina.mx\/"]}]}},"_links":{"self":[{"href":"https:\/\/stacatarina.mx\/consejos\/wp-json\/wp\/v2\/posts\/6369"}],"collection":[{"href":"https:\/\/stacatarina.mx\/consejos\/wp-json\/wp\/v2\/posts"}],"about":[{"href":"https:\/\/stacatarina.mx\/consejos\/wp-json\/wp\/v2\/types\/post"}],"author":[{"embeddable":true,"href":"https:\/\/stacatarina.mx\/consejos\/wp-json\/wp\/v2\/users\/1"}],"replies":[{"embeddable":true,"href":"https:\/\/stacatarina.mx\/consejos\/wp-json\/wp\/v2\/comments?post=6369"}],"version-history":[{"count":1,"href":"https:\/\/stacatarina.mx\/consejos\/wp-json\/wp\/v2\/posts\/6369\/revisions"}],"predecessor-version":[{"id":6371,"href":"https:\/\/stacatarina.mx\/consejos\/wp-json\/wp\/v2\/posts\/6369\/revisions\/6371"}],"wp:featuredmedia":[{"embeddable":true,"href":"https:\/\/stacatarina.mx\/consejos\/wp-json\/wp\/v2\/media\/6370"}],"wp:attachment":[{"href":"https:\/\/stacatarina.mx\/consejos\/wp-json\/wp\/v2\/media?parent=6369"}],"wp:term":[{"taxonomy":"category","embeddable":true,"href":"https:\/\/stacatarina.mx\/consejos\/wp-json\/wp\/v2\/categories?post=6369"},{"taxonomy":"post_tag","embeddable":true,"href":"https:\/\/stacatarina.mx\/consejos\/wp-json\/wp\/v2\/tags?post=6369"}],"curies":[{"name":"wp","href":"https:\/\/api.w.org\/{rel}","templated":true}]}}