{"id":6381,"date":"2025-11-16T03:35:40","date_gmt":"2025-11-16T09:35:40","guid":{"rendered":"https:\/\/stacatarina.mx\/consejos\/la-canela-es-maravillosa-mejora-el-cerebro-y-combate-las-infecciones-pero-no-te-excedas-que-pasa-si-usas-demasiada\/"},"modified":"2025-11-16T03:35:43","modified_gmt":"2025-11-16T09:35:43","slug":"la-canela-es-maravillosa-mejora-el-cerebro-y-combate-las-infecciones-pero-no-te-excedas-que-pasa-si-usas-demasiada","status":"publish","type":"post","link":"https:\/\/stacatarina.mx\/consejos\/la-canela-es-maravillosa-mejora-el-cerebro-y-combate-las-infecciones-pero-no-te-excedas-que-pasa-si-usas-demasiada\/","title":{"rendered":"La canela es maravillosa, mejora el cerebro y combate las infecciones, pero no te excedas: \u00bfqu\u00e9 pasa si usas demasiada?"},"content":{"rendered":"<p><\/p>\n<p>Hay una especia que, m\u00e1s que ninguna otra, puede evocar galletas reci\u00e9n horneadas, humeantes infusiones y tardes de noviembre. Es canela, un aroma c\u00e1lido que, adem\u00e1s de hacer que los dulces sean irresistibles, tambi\u00e9n es bueno para el cerebro.<\/p>\n<p>Varios estudios cient\u00edficos han demostrado que la canela puede mejorar la memoria, la concentraci\u00f3n y las funciones cognitivas, gracias a sus propiedades antioxidantes, antiinflamatorias y antiamiloides, capaces de proteger las c\u00e9lulas nerviosas y reducir el riesgo de deterioro cognitivo. En otras palabras: no s\u00f3lo un alimento reconfortante, sino tambi\u00e9n un peque\u00f1o aliado para la mente.<\/p>\n<h2>Al igual que la canela, ayuda a combatir las bacterias y las infecciones por hongos.<\/h2>\n<p>Adem\u00e1s de estimular el cerebro, la canela act\u00faa como un antibacteriano natural. Las investigaciones han destacado su eficacia para bloquear el crecimiento de bacterias como E. coli y Candida, a menudo responsables de infecciones urinarias o f\u00fangicas. El m\u00e9rito es del cinamaldeh\u00eddo, el compuesto activo que le da a la especia su aroma caracter\u00edstico y sus poderosas propiedades antimicrobianas. En el laboratorio, la canela incluso ha potenciado la eficacia de algunos antibi\u00f3ticos tradicionales.<\/p>\n<p>Adem\u00e1s, contiene hierro, calcio, fibra y manganeso, nutrientes que completan su perfil saludable. Una cucharadita en bebidas calientes o postres puede ser un peque\u00f1o gesto de bienestar diario.<\/p>\n<h2>Demasiada canela puede ser mala para ti<\/h2>\n<p>Sin embargo, antes de transformar tu cocina en un horno de canela, es necesario hacer una aclaraci\u00f3n importante. La especia contiene cumarina, una sustancia natural que, en dosis elevadas, puede resultar t\u00f3xica para el h\u00edgado. Las variedades m\u00e1s comunes en los supermercados (casia o canela china) tienen niveles m\u00e1s altos de cumarina, mientras que la canela de Ceil\u00e1n, tambi\u00e9n llamada \u201ccanela verdadera\u201d, contiene cantidades mucho m\u00e1s bajas.<\/p>\n<p>Por eso, si lo usas a diario, elige siempre el de Ceil\u00e1n: cuesta m\u00e1s, pero es m\u00e1s seguro. La Administraci\u00f3n Estadounidense de Medicamentos y Alimentos (FDA), de hecho, ha prohibido el uso de cumarina como aditivo alimentario, aunque permite su presencia en trazas naturales en la canela.<\/p>\n<h2>Otros efectos secundarios que no deben subestimarse<\/h2>\n<p>El uso excesivo de canela puede provocar otros efectos secundarios adem\u00e1s del da\u00f1o hep\u00e1tico. En particular, un consumo elevado puede reducir demasiado los niveles de az\u00facar en sangre, especialmente en quienes ya toman medicamentos hipoglucemiantes.<\/p>\n<p>En algunas personas tambi\u00e9n puede provocar trastornos gastrointestinales, como n\u00e1useas o acidez de est\u00f3mago, y favorecer la aparici\u00f3n de aftas o irritaci\u00f3n bucal, debido a la alta concentraci\u00f3n de aceites esenciales irritantes. Para evitarlo, es suficiente y, en caso de molestias, dejar de tomarlo inmediatamente.<\/p>\n<p>Algunos estudios han se\u00f1alado que la canela puede ayudar a regular los niveles de az\u00facar en sangre y mejorar la sensibilidad a la insulina, al tiempo que reduce el colesterol y los triglic\u00e9ridos. Por lo tanto, para quienes padecen diabetes tipo 2, puede ser una especia \u00fatil para integrar, con prudencia, en la dieta diaria, de forma natural, sin sustituir las terapias prescritas por el m\u00e9dico.<\/p>\n<h2>\u00dasalo inteligentemente<\/h2>\n<p>Una pizca de crema de avena, una pizca de capuchino o un toque de galletas caseras: no hace falta mucho para beneficiarse de la canela, siempre que se evite el abuso. Como ocurre con todo, el equilibrio es la aut\u00e9ntica clave del bienestar, incluso cuando se trata de especias. Si quieres un consejo, elige canela org\u00e1nica y certificada, procedente de cadenas de suministro sostenibles: es buena para tu salud y tambi\u00e9n para el planeta.<\/p><\/p>\n","protected":false},"excerpt":{"rendered":"<p>Hay una especia que, m\u00e1s que ninguna otra, puede evocar galletas reci\u00e9n horneadas, humeantes infusiones y tardes de noviembre. Es canela, un aroma c\u00e1lido que,<\/p>\n","protected":false},"author":1,"featured_media":6382,"comment_status":"closed","ping_status":"","sticky":false,"template":"","format":"standard","meta":{"footnotes":""},"categories":[762],"tags":[2353,915,6771,2852,6772,3501,34,3878,1763,1789,165,247,2012],"class_list":["post-6381","post","type-post","status-publish","format-standard","has-post-thumbnail","hentry","category-salud","tag-canela","tag-cerebro","tag-combate","tag-demasiada","tag-excedas","tag-infecciones","tag-las","tag-maravillosa","tag-mejora","tag-pasa","tag-pero","tag-que","tag-usas","generate-columns","tablet-grid-50","mobile-grid-100","grid-parent","grid-50"],"yoast_head":"<!-- This site is optimized with the Yoast SEO plugin v23.4 - https:\/\/yoast.com\/wordpress\/plugins\/seo\/ -->\n<title>La canela es maravillosa, mejora el cerebro y combate las infecciones, pero no te excedas: \u00bfqu\u00e9 pasa si usas demasiada? - Consejos - Santa Catarina<\/title>\n<meta name=\"robots\" content=\"index, follow, max-snippet:-1, max-image-preview:large, max-video-preview:-1\" \/>\n<link rel=\"canonical\" href=\"https:\/\/stacatarina.mx\/consejos\/la-canela-es-maravillosa-mejora-el-cerebro-y-combate-las-infecciones-pero-no-te-excedas-que-pasa-si-usas-demasiada\/\" \/>\n<meta property=\"og:locale\" content=\"es_MX\" \/>\n<meta property=\"og:type\" content=\"article\" \/>\n<meta property=\"og:title\" content=\"La canela es maravillosa, mejora el cerebro y combate las infecciones, pero no te excedas: \u00bfqu\u00e9 pasa si usas demasiada? - Consejos - Santa Catarina\" \/>\n<meta property=\"og:description\" content=\"Hay una especia que, m\u00e1s que ninguna otra, puede evocar galletas reci\u00e9n horneadas, humeantes infusiones y tardes de noviembre. Es canela, un aroma c\u00e1lido que,\" \/>\n<meta property=\"og:url\" content=\"https:\/\/stacatarina.mx\/consejos\/la-canela-es-maravillosa-mejora-el-cerebro-y-combate-las-infecciones-pero-no-te-excedas-que-pasa-si-usas-demasiada\/\" \/>\n<meta property=\"og:site_name\" content=\"Santa Catarina\" \/>\n<meta property=\"article:publisher\" content=\"https:\/\/www.facebook.com\/stacatarinagob\/\" \/>\n<meta property=\"article:published_time\" content=\"2025-11-16T09:35:40+00:00\" \/>\n<meta property=\"article:modified_time\" content=\"2025-11-16T09:35:43+00:00\" \/>\n<meta property=\"og:image\" content=\"https:\/\/stacatarina.mx\/consejos\/wp-content\/uploads\/2025\/11\/1763285741_La-canela-es-maravillosa-mejora-el-cerebro-y-combate-las.jpg\" \/>\n\t<meta property=\"og:image:width\" content=\"1500\" \/>\n\t<meta property=\"og:image:height\" content=\"1000\" \/>\n\t<meta property=\"og:image:type\" content=\"image\/jpeg\" \/>\n<meta name=\"author\" content=\"Pedro Mart\u00ednez\" \/>\n<meta name=\"twitter:card\" content=\"summary_large_image\" \/>\n<meta name=\"twitter:creator\" content=\"@stacatarinagob\" \/>\n<meta name=\"twitter:site\" content=\"@stacatarinagob\" \/>\n<meta name=\"twitter:label1\" content=\"Escrito por\" \/>\n\t<meta name=\"twitter:data1\" content=\"Pedro Mart\u00ednez\" \/>\n\t<meta name=\"twitter:label2\" content=\"Tiempo de lectura\" \/>\n\t<meta name=\"twitter:data2\" content=\"3 minutos\" \/>\n<script type=\"application\/ld+json\" class=\"yoast-schema-graph\">{\"@context\":\"https:\/\/schema.org\",\"@graph\":[{\"@type\":\"Article\",\"@id\":\"https:\/\/stacatarina.mx\/consejos\/la-canela-es-maravillosa-mejora-el-cerebro-y-combate-las-infecciones-pero-no-te-excedas-que-pasa-si-usas-demasiada\/#article\",\"isPartOf\":{\"@id\":\"https:\/\/stacatarina.mx\/consejos\/la-canela-es-maravillosa-mejora-el-cerebro-y-combate-las-infecciones-pero-no-te-excedas-que-pasa-si-usas-demasiada\/\"},\"author\":{\"name\":\"Pedro Mart\u00ednez\",\"@id\":\"https:\/\/stacatarina.mx\/consejos\/#\/schema\/person\/0be60adffa8e4c4d0828fdf021450e8a\"},\"headline\":\"La canela es maravillosa, mejora el cerebro y combate las infecciones, pero no te excedas: \u00bfqu\u00e9 pasa si usas demasiada?\",\"datePublished\":\"2025-11-16T09:35:40+00:00\",\"dateModified\":\"2025-11-16T09:35:43+00:00\",\"mainEntityOfPage\":{\"@id\":\"https:\/\/stacatarina.mx\/consejos\/la-canela-es-maravillosa-mejora-el-cerebro-y-combate-las-infecciones-pero-no-te-excedas-que-pasa-si-usas-demasiada\/\"},\"wordCount\":628,\"publisher\":{\"@id\":\"https:\/\/stacatarina.mx\/consejos\/#organization\"},\"image\":{\"@id\":\"https:\/\/stacatarina.mx\/consejos\/la-canela-es-maravillosa-mejora-el-cerebro-y-combate-las-infecciones-pero-no-te-excedas-que-pasa-si-usas-demasiada\/#primaryimage\"},\"thumbnailUrl\":\"https:\/\/stacatarina.mx\/consejos\/wp-content\/uploads\/2025\/11\/1763285741_La-canela-es-maravillosa-mejora-el-cerebro-y-combate-las.jpg\",\"keywords\":[\"Canela\",\"cerebro\",\"combate\",\"demasiada\",\"excedas\",\"infecciones\",\"Las\",\"Maravillosa\",\"mejora\",\"pasa\",\"pero\",\"qu\u00e9\",\"usas\"],\"articleSection\":[\"Salud\"],\"inLanguage\":\"es\"},{\"@type\":\"WebPage\",\"@id\":\"https:\/\/stacatarina.mx\/consejos\/la-canela-es-maravillosa-mejora-el-cerebro-y-combate-las-infecciones-pero-no-te-excedas-que-pasa-si-usas-demasiada\/\",\"url\":\"https:\/\/stacatarina.mx\/consejos\/la-canela-es-maravillosa-mejora-el-cerebro-y-combate-las-infecciones-pero-no-te-excedas-que-pasa-si-usas-demasiada\/\",\"name\":\"La canela es maravillosa, mejora el cerebro y combate las infecciones, pero no te excedas: \u00bfqu\u00e9 pasa si usas demasiada? - Consejos - Santa Catarina\",\"isPartOf\":{\"@id\":\"https:\/\/stacatarina.mx\/consejos\/#website\"},\"primaryImageOfPage\":{\"@id\":\"https:\/\/stacatarina.mx\/consejos\/la-canela-es-maravillosa-mejora-el-cerebro-y-combate-las-infecciones-pero-no-te-excedas-que-pasa-si-usas-demasiada\/#primaryimage\"},\"image\":{\"@id\":\"https:\/\/stacatarina.mx\/consejos\/la-canela-es-maravillosa-mejora-el-cerebro-y-combate-las-infecciones-pero-no-te-excedas-que-pasa-si-usas-demasiada\/#primaryimage\"},\"thumbnailUrl\":\"https:\/\/stacatarina.mx\/consejos\/wp-content\/uploads\/2025\/11\/1763285741_La-canela-es-maravillosa-mejora-el-cerebro-y-combate-las.jpg\",\"datePublished\":\"2025-11-16T09:35:40+00:00\",\"dateModified\":\"2025-11-16T09:35:43+00:00\",\"breadcrumb\":{\"@id\":\"https:\/\/stacatarina.mx\/consejos\/la-canela-es-maravillosa-mejora-el-cerebro-y-combate-las-infecciones-pero-no-te-excedas-que-pasa-si-usas-demasiada\/#breadcrumb\"},\"inLanguage\":\"es\",\"potentialAction\":[{\"@type\":\"ReadAction\",\"target\":[\"https:\/\/stacatarina.mx\/consejos\/la-canela-es-maravillosa-mejora-el-cerebro-y-combate-las-infecciones-pero-no-te-excedas-que-pasa-si-usas-demasiada\/\"]}]},{\"@type\":\"ImageObject\",\"inLanguage\":\"es\",\"@id\":\"https:\/\/stacatarina.mx\/consejos\/la-canela-es-maravillosa-mejora-el-cerebro-y-combate-las-infecciones-pero-no-te-excedas-que-pasa-si-usas-demasiada\/#primaryimage\",\"url\":\"https:\/\/stacatarina.mx\/consejos\/wp-content\/uploads\/2025\/11\/1763285741_La-canela-es-maravillosa-mejora-el-cerebro-y-combate-las.jpg\",\"contentUrl\":\"https:\/\/stacatarina.mx\/consejos\/wp-content\/uploads\/2025\/11\/1763285741_La-canela-es-maravillosa-mejora-el-cerebro-y-combate-las.jpg\",\"width\":1500,\"height\":1000,\"caption\":\"cannella\"},{\"@type\":\"BreadcrumbList\",\"@id\":\"https:\/\/stacatarina.mx\/consejos\/la-canela-es-maravillosa-mejora-el-cerebro-y-combate-las-infecciones-pero-no-te-excedas-que-pasa-si-usas-demasiada\/#breadcrumb\",\"itemListElement\":[{\"@type\":\"ListItem\",\"position\":1,\"name\":\"Inicio\",\"item\":\"https:\/\/stacatarina.mx\/consejos\/\"},{\"@type\":\"ListItem\",\"position\":2,\"name\":\"La canela es maravillosa, mejora el cerebro y combate las infecciones, pero no te excedas: \u00bfqu\u00e9 pasa si usas demasiada?\"}]},{\"@type\":\"WebSite\",\"@id\":\"https:\/\/stacatarina.mx\/consejos\/#website\",\"url\":\"https:\/\/stacatarina.mx\/consejos\/\",\"name\":\"Santa Catarina\",\"description\":\"\",\"publisher\":{\"@id\":\"https:\/\/stacatarina.mx\/consejos\/#organization\"},\"potentialAction\":[{\"@type\":\"SearchAction\",\"target\":{\"@type\":\"EntryPoint\",\"urlTemplate\":\"https:\/\/stacatarina.mx\/consejos\/?s={search_term_string}\"},\"query-input\":{\"@type\":\"PropertyValueSpecification\",\"valueRequired\":true,\"valueName\":\"search_term_string\"}}],\"inLanguage\":\"es\"},{\"@type\":\"Organization\",\"@id\":\"https:\/\/stacatarina.mx\/consejos\/#organization\",\"name\":\"Santa Catarina\",\"url\":\"https:\/\/stacatarina.mx\/consejos\/\",\"logo\":{\"@type\":\"ImageObject\",\"inLanguage\":\"es\",\"@id\":\"https:\/\/stacatarina.mx\/consejos\/#\/schema\/logo\/image\/\",\"url\":\"https:\/\/stacatarina.mx\/consejos\/wp-content\/uploads\/2024\/09\/cropped-favicon-1-1.png\",\"contentUrl\":\"https:\/\/stacatarina.mx\/consejos\/wp-content\/uploads\/2024\/09\/cropped-favicon-1-1.png\",\"width\":512,\"height\":512,\"caption\":\"Santa Catarina\"},\"image\":{\"@id\":\"https:\/\/stacatarina.mx\/consejos\/#\/schema\/logo\/image\/\"},\"sameAs\":[\"https:\/\/www.facebook.com\/stacatarinagob\/\",\"https:\/\/x.com\/stacatarinagob\",\"https:\/\/www.instagram.com\/stacatarinagob\/\",\"https:\/\/www.youtube.com\/channel\/UCK-6cQJL_904665N1_nLTWw\"]},{\"@type\":\"Person\",\"@id\":\"https:\/\/stacatarina.mx\/consejos\/#\/schema\/person\/0be60adffa8e4c4d0828fdf021450e8a\",\"name\":\"Pedro Mart\u00ednez\",\"image\":{\"@type\":\"ImageObject\",\"inLanguage\":\"es\",\"@id\":\"https:\/\/stacatarina.mx\/consejos\/#\/schema\/person\/image\/\",\"url\":\"https:\/\/stacatarina.mx\/consejos\/wp-content\/uploads\/2024\/09\/stacatarina.jpg\",\"contentUrl\":\"https:\/\/stacatarina.mx\/consejos\/wp-content\/uploads\/2024\/09\/stacatarina.jpg\",\"caption\":\"Pedro Mart\u00ednez\"},\"description\":\"Hola, soy Pedro Mart\u00ednez, redactor jefe del sitio oficial del ayuntamiento de Santa Catarina, en M\u00e9xico. Con m\u00e1s de diez a\u00f1os de experiencia en el periodismo local, tengo una pasi\u00f3n por la investigaci\u00f3n y la difusi\u00f3n de informaci\u00f3n que valoriza nuestra hermosa comunidad. Mi compromiso es hacer de Santa Catarina una referencia en materia de transparencia y comunicaci\u00f3n municipal.\",\"sameAs\":[\"https:\/\/stacatarina.mx\/\"]}]}<\/script>\n<!-- \/ Yoast SEO plugin. -->","yoast_head_json":{"title":"La canela es maravillosa, mejora el cerebro y combate las infecciones, pero no te excedas: \u00bfqu\u00e9 pasa si usas demasiada? - Consejos - Santa Catarina","robots":{"index":"index","follow":"follow","max-snippet":"max-snippet:-1","max-image-preview":"max-image-preview:large","max-video-preview":"max-video-preview:-1"},"canonical":"https:\/\/stacatarina.mx\/consejos\/la-canela-es-maravillosa-mejora-el-cerebro-y-combate-las-infecciones-pero-no-te-excedas-que-pasa-si-usas-demasiada\/","og_locale":"es_MX","og_type":"article","og_title":"La canela es maravillosa, mejora el cerebro y combate las infecciones, pero no te excedas: \u00bfqu\u00e9 pasa si usas demasiada? - Consejos - Santa Catarina","og_description":"Hay una especia que, m\u00e1s que ninguna otra, puede evocar galletas reci\u00e9n horneadas, humeantes infusiones y tardes de noviembre. Es canela, un aroma c\u00e1lido que,","og_url":"https:\/\/stacatarina.mx\/consejos\/la-canela-es-maravillosa-mejora-el-cerebro-y-combate-las-infecciones-pero-no-te-excedas-que-pasa-si-usas-demasiada\/","og_site_name":"Santa Catarina","article_publisher":"https:\/\/www.facebook.com\/stacatarinagob\/","article_published_time":"2025-11-16T09:35:40+00:00","article_modified_time":"2025-11-16T09:35:43+00:00","og_image":[{"width":1500,"height":1000,"url":"https:\/\/stacatarina.mx\/consejos\/wp-content\/uploads\/2025\/11\/1763285741_La-canela-es-maravillosa-mejora-el-cerebro-y-combate-las.jpg","type":"image\/jpeg"}],"author":"Pedro Mart\u00ednez","twitter_card":"summary_large_image","twitter_creator":"@stacatarinagob","twitter_site":"@stacatarinagob","twitter_misc":{"Escrito por":"Pedro Mart\u00ednez","Tiempo de lectura":"3 minutos"},"schema":{"@context":"https:\/\/schema.org","@graph":[{"@type":"Article","@id":"https:\/\/stacatarina.mx\/consejos\/la-canela-es-maravillosa-mejora-el-cerebro-y-combate-las-infecciones-pero-no-te-excedas-que-pasa-si-usas-demasiada\/#article","isPartOf":{"@id":"https:\/\/stacatarina.mx\/consejos\/la-canela-es-maravillosa-mejora-el-cerebro-y-combate-las-infecciones-pero-no-te-excedas-que-pasa-si-usas-demasiada\/"},"author":{"name":"Pedro Mart\u00ednez","@id":"https:\/\/stacatarina.mx\/consejos\/#\/schema\/person\/0be60adffa8e4c4d0828fdf021450e8a"},"headline":"La canela es maravillosa, mejora el cerebro y combate las infecciones, pero no te excedas: \u00bfqu\u00e9 pasa si usas demasiada?","datePublished":"2025-11-16T09:35:40+00:00","dateModified":"2025-11-16T09:35:43+00:00","mainEntityOfPage":{"@id":"https:\/\/stacatarina.mx\/consejos\/la-canela-es-maravillosa-mejora-el-cerebro-y-combate-las-infecciones-pero-no-te-excedas-que-pasa-si-usas-demasiada\/"},"wordCount":628,"publisher":{"@id":"https:\/\/stacatarina.mx\/consejos\/#organization"},"image":{"@id":"https:\/\/stacatarina.mx\/consejos\/la-canela-es-maravillosa-mejora-el-cerebro-y-combate-las-infecciones-pero-no-te-excedas-que-pasa-si-usas-demasiada\/#primaryimage"},"thumbnailUrl":"https:\/\/stacatarina.mx\/consejos\/wp-content\/uploads\/2025\/11\/1763285741_La-canela-es-maravillosa-mejora-el-cerebro-y-combate-las.jpg","keywords":["Canela","cerebro","combate","demasiada","excedas","infecciones","Las","Maravillosa","mejora","pasa","pero","qu\u00e9","usas"],"articleSection":["Salud"],"inLanguage":"es"},{"@type":"WebPage","@id":"https:\/\/stacatarina.mx\/consejos\/la-canela-es-maravillosa-mejora-el-cerebro-y-combate-las-infecciones-pero-no-te-excedas-que-pasa-si-usas-demasiada\/","url":"https:\/\/stacatarina.mx\/consejos\/la-canela-es-maravillosa-mejora-el-cerebro-y-combate-las-infecciones-pero-no-te-excedas-que-pasa-si-usas-demasiada\/","name":"La canela es maravillosa, mejora el cerebro y combate las infecciones, pero no te excedas: \u00bfqu\u00e9 pasa si usas demasiada? - Consejos - Santa Catarina","isPartOf":{"@id":"https:\/\/stacatarina.mx\/consejos\/#website"},"primaryImageOfPage":{"@id":"https:\/\/stacatarina.mx\/consejos\/la-canela-es-maravillosa-mejora-el-cerebro-y-combate-las-infecciones-pero-no-te-excedas-que-pasa-si-usas-demasiada\/#primaryimage"},"image":{"@id":"https:\/\/stacatarina.mx\/consejos\/la-canela-es-maravillosa-mejora-el-cerebro-y-combate-las-infecciones-pero-no-te-excedas-que-pasa-si-usas-demasiada\/#primaryimage"},"thumbnailUrl":"https:\/\/stacatarina.mx\/consejos\/wp-content\/uploads\/2025\/11\/1763285741_La-canela-es-maravillosa-mejora-el-cerebro-y-combate-las.jpg","datePublished":"2025-11-16T09:35:40+00:00","dateModified":"2025-11-16T09:35:43+00:00","breadcrumb":{"@id":"https:\/\/stacatarina.mx\/consejos\/la-canela-es-maravillosa-mejora-el-cerebro-y-combate-las-infecciones-pero-no-te-excedas-que-pasa-si-usas-demasiada\/#breadcrumb"},"inLanguage":"es","potentialAction":[{"@type":"ReadAction","target":["https:\/\/stacatarina.mx\/consejos\/la-canela-es-maravillosa-mejora-el-cerebro-y-combate-las-infecciones-pero-no-te-excedas-que-pasa-si-usas-demasiada\/"]}]},{"@type":"ImageObject","inLanguage":"es","@id":"https:\/\/stacatarina.mx\/consejos\/la-canela-es-maravillosa-mejora-el-cerebro-y-combate-las-infecciones-pero-no-te-excedas-que-pasa-si-usas-demasiada\/#primaryimage","url":"https:\/\/stacatarina.mx\/consejos\/wp-content\/uploads\/2025\/11\/1763285741_La-canela-es-maravillosa-mejora-el-cerebro-y-combate-las.jpg","contentUrl":"https:\/\/stacatarina.mx\/consejos\/wp-content\/uploads\/2025\/11\/1763285741_La-canela-es-maravillosa-mejora-el-cerebro-y-combate-las.jpg","width":1500,"height":1000,"caption":"cannella"},{"@type":"BreadcrumbList","@id":"https:\/\/stacatarina.mx\/consejos\/la-canela-es-maravillosa-mejora-el-cerebro-y-combate-las-infecciones-pero-no-te-excedas-que-pasa-si-usas-demasiada\/#breadcrumb","itemListElement":[{"@type":"ListItem","position":1,"name":"Inicio","item":"https:\/\/stacatarina.mx\/consejos\/"},{"@type":"ListItem","position":2,"name":"La canela es maravillosa, mejora el cerebro y combate las infecciones, pero no te excedas: \u00bfqu\u00e9 pasa si usas demasiada?"}]},{"@type":"WebSite","@id":"https:\/\/stacatarina.mx\/consejos\/#website","url":"https:\/\/stacatarina.mx\/consejos\/","name":"Santa Catarina","description":"","publisher":{"@id":"https:\/\/stacatarina.mx\/consejos\/#organization"},"potentialAction":[{"@type":"SearchAction","target":{"@type":"EntryPoint","urlTemplate":"https:\/\/stacatarina.mx\/consejos\/?s={search_term_string}"},"query-input":{"@type":"PropertyValueSpecification","valueRequired":true,"valueName":"search_term_string"}}],"inLanguage":"es"},{"@type":"Organization","@id":"https:\/\/stacatarina.mx\/consejos\/#organization","name":"Santa Catarina","url":"https:\/\/stacatarina.mx\/consejos\/","logo":{"@type":"ImageObject","inLanguage":"es","@id":"https:\/\/stacatarina.mx\/consejos\/#\/schema\/logo\/image\/","url":"https:\/\/stacatarina.mx\/consejos\/wp-content\/uploads\/2024\/09\/cropped-favicon-1-1.png","contentUrl":"https:\/\/stacatarina.mx\/consejos\/wp-content\/uploads\/2024\/09\/cropped-favicon-1-1.png","width":512,"height":512,"caption":"Santa Catarina"},"image":{"@id":"https:\/\/stacatarina.mx\/consejos\/#\/schema\/logo\/image\/"},"sameAs":["https:\/\/www.facebook.com\/stacatarinagob\/","https:\/\/x.com\/stacatarinagob","https:\/\/www.instagram.com\/stacatarinagob\/","https:\/\/www.youtube.com\/channel\/UCK-6cQJL_904665N1_nLTWw"]},{"@type":"Person","@id":"https:\/\/stacatarina.mx\/consejos\/#\/schema\/person\/0be60adffa8e4c4d0828fdf021450e8a","name":"Pedro Mart\u00ednez","image":{"@type":"ImageObject","inLanguage":"es","@id":"https:\/\/stacatarina.mx\/consejos\/#\/schema\/person\/image\/","url":"https:\/\/stacatarina.mx\/consejos\/wp-content\/uploads\/2024\/09\/stacatarina.jpg","contentUrl":"https:\/\/stacatarina.mx\/consejos\/wp-content\/uploads\/2024\/09\/stacatarina.jpg","caption":"Pedro Mart\u00ednez"},"description":"Hola, soy Pedro Mart\u00ednez, redactor jefe del sitio oficial del ayuntamiento de Santa Catarina, en M\u00e9xico. Con m\u00e1s de diez a\u00f1os de experiencia en el periodismo local, tengo una pasi\u00f3n por la investigaci\u00f3n y la difusi\u00f3n de informaci\u00f3n que valoriza nuestra hermosa comunidad. Mi compromiso es hacer de Santa Catarina una referencia en materia de transparencia y comunicaci\u00f3n municipal.","sameAs":["https:\/\/stacatarina.mx\/"]}]}},"_links":{"self":[{"href":"https:\/\/stacatarina.mx\/consejos\/wp-json\/wp\/v2\/posts\/6381"}],"collection":[{"href":"https:\/\/stacatarina.mx\/consejos\/wp-json\/wp\/v2\/posts"}],"about":[{"href":"https:\/\/stacatarina.mx\/consejos\/wp-json\/wp\/v2\/types\/post"}],"author":[{"embeddable":true,"href":"https:\/\/stacatarina.mx\/consejos\/wp-json\/wp\/v2\/users\/1"}],"replies":[{"embeddable":true,"href":"https:\/\/stacatarina.mx\/consejos\/wp-json\/wp\/v2\/comments?post=6381"}],"version-history":[{"count":1,"href":"https:\/\/stacatarina.mx\/consejos\/wp-json\/wp\/v2\/posts\/6381\/revisions"}],"predecessor-version":[{"id":6383,"href":"https:\/\/stacatarina.mx\/consejos\/wp-json\/wp\/v2\/posts\/6381\/revisions\/6383"}],"wp:featuredmedia":[{"embeddable":true,"href":"https:\/\/stacatarina.mx\/consejos\/wp-json\/wp\/v2\/media\/6382"}],"wp:attachment":[{"href":"https:\/\/stacatarina.mx\/consejos\/wp-json\/wp\/v2\/media?parent=6381"}],"wp:term":[{"taxonomy":"category","embeddable":true,"href":"https:\/\/stacatarina.mx\/consejos\/wp-json\/wp\/v2\/categories?post=6381"},{"taxonomy":"post_tag","embeddable":true,"href":"https:\/\/stacatarina.mx\/consejos\/wp-json\/wp\/v2\/tags?post=6381"}],"curies":[{"name":"wp","href":"https:\/\/api.w.org\/{rel}","templated":true}]}}