{"id":6384,"date":"2025-11-16T13:44:24","date_gmt":"2025-11-16T19:44:24","guid":{"rendered":"https:\/\/stacatarina.mx\/consejos\/la-temperatura-secreta-cuantos-grados-necesitas-para-configurar-el-termostato-para-dormir-profundamente\/"},"modified":"2025-11-16T13:44:26","modified_gmt":"2025-11-16T19:44:26","slug":"la-temperatura-secreta-cuantos-grados-necesitas-para-configurar-el-termostato-para-dormir-profundamente","status":"publish","type":"post","link":"https:\/\/stacatarina.mx\/consejos\/la-temperatura-secreta-cuantos-grados-necesitas-para-configurar-el-termostato-para-dormir-profundamente\/","title":{"rendered":"La temperatura secreta: cu\u00e1ntos grados necesitas para configurar el termostato para dormir profundamente"},"content":{"rendered":"<p><\/p>\n<p>Cuando nos acostamos por la noche rara vez pensamos en la temperatura de la habitaci\u00f3n como un factor determinante para la calidad del descanso, cuando es todo lo contrario: la ciencia del sue\u00f1o ha identificado un rango t\u00e9rmico preciso que favorece un sue\u00f1o r\u00e1pido y un sue\u00f1o profundo y reparador. Descubramos juntos cu\u00e1l es la temperatura ideal y por qu\u00e9 realmente marca la diferencia.<\/p>\n<h2>El termostato perfecto: entre 19 y 21 grados<\/h2>\n<p>Las investigaciones cient\u00edficas coinciden en un hecho bastante preciso: la temperatura \u00f3ptima para dormir est\u00e1 entre 19 y 21 grados cent\u00edgrados. Un estudio monitore\u00f3 el sue\u00f1o de los adultos mayores en sus hogares durante per\u00edodos prolongados y encontr\u00f3 que el descanso era m\u00e1s eficiente cuando la temperatura nocturna se manten\u00eda entre 20 y 25 grados, con una ca\u00edda cl\u00ednicamente relevante en la eficiencia del sue\u00f1o cuando la temperatura aumentaba de 25 a 30 grados.<\/p>\n<h2>Porque el cuerpo necesita fr\u00edo (no excesivo) para dormir<\/h2>\n<p>La explicaci\u00f3n est\u00e1 en los mecanismos fisiol\u00f3gicos que regulan el sue\u00f1o. Nuestro cuerpo sigue un ritmo circadiano que implica una bajada de la temperatura corporal interna en las horas de la tarde, una se\u00f1al biol\u00f3gica que prepara al cuerpo para el descanso y, cuando la temperatura externa es demasiado alta, este proceso natural se ve obstaculizado. Una investigaci\u00f3n publicada en Frontiers in Neuroscience ha demostrado que la termorregulaci\u00f3n y el sue\u00f1o est\u00e1n estrechamente interconectados, dado que enfriar el cuerpo facilita la entrada en las fases del sue\u00f1o profundo, las verdaderamente regenerativas.<\/p>\n<p>Durante la noche, nuestra temperatura interna desciende aproximadamente uno o dos grados en comparaci\u00f3n con los valores diurnos. Un ambiente fresco facilita este proceso, mientras que una habitaci\u00f3n demasiado calurosa obliga al cuerpo a trabajar para disipar el calor, interfiriendo con la continuidad del sue\u00f1o y reduciendo el tiempo pasado en las fases REM y de sue\u00f1o profundo. Los estudios demuestran que a temperaturas \u00f3ptimas, entre 19 y 21 grados, instintivamente intentamos crear microclimas cut\u00e1neos entre 31 y 35 grados a trav\u00e9s de mantas, y cualquier desviaci\u00f3n de este equilibrio afecta negativamente a la calidad del descanso.<\/p>\n<h2>Los efectos del calor excesivo en el descanso<\/h2>\n<p>Dormir en ambientes demasiado calurosos (pero tambi\u00e9n demasiado fr\u00edos, como veremos en el siguiente p\u00e1rrafo) tiene consecuencias concretas sobre la calidad del sue\u00f1o. Las temperaturas superiores a los 26 grados pueden provocar despertares frecuentes, sudores nocturnos y sensaci\u00f3n de malestar al despertar. Las investigaciones han puesto de relieve c\u00f3mo las temperaturas altas, en torno a los 32 grados, aumentan significativamente el ritmo de despertar y el tiempo total de permanencia despierto durante la noche, reducen la duraci\u00f3n de la fase REM y suprimen el descenso natural de la temperatura corporal.<\/p>\n<p>Quienes duermen en habitaciones demasiado calurosas tienden a despertarse varias veces durante la noche, incluso sin darse cuenta, fragmentando el ciclo del sue\u00f1o y comprometiendo el descanso. Por la ma\u00f1ana te despiertas cansado, con la sensaci\u00f3n de no haber descansado realmente, incluso despu\u00e9s de ocho horas en cama.<\/p>\n<h2>C\u00f3mo encontrar tu equilibrio t\u00e9rmico<\/h2>\n<p>Evidentemente, lo dicho hasta ahora no es una regla que se aplique a todos, porque la temperatura ideal puede variar ligeramente de persona a persona. Factores individuales como la edad, el metabolismo, el peso corporal e incluso el tipo de pijama y de ropa de cama influyen en la percepci\u00f3n t\u00e9rmica. Un estudio japon\u00e9s publicado en el Nagoya Journal of Medicine Science encontr\u00f3 que la percepci\u00f3n subjetiva de fr\u00edo en el dormitorio empeora significativamente la calidad del sue\u00f1o, lo que sugiere que la comodidad personal sigue siendo un elemento importante.<\/p>\n<p>Un buen enfoque es comenzar desde 19-20 grados y ajustar uno o dos grados seg\u00fan sus sensaciones. El criterio fundamental es conciliar el sue\u00f1o sin sentir fr\u00edo ni calor, con el rostro fresco y el cuerpo confortable bajo las s\u00e1banas.<\/p>\n<h2>Estrategias para gestionar la temperatura nocturna<\/h2>\n<p>Ajustar correctamente el termostato es el primer paso, pero no el \u00fanico. Durante los meses fr\u00edos, lo mejor es bajar la calefacci\u00f3n una hora antes de acostarse, para que el dormitorio vaya alcanzando poco a poco la temperatura \u00f3ptima. En verano, el uso inteligente del aire acondicionado o de un ventilador puede marcar la diferencia, siempre y cuando el flujo de aire no incida directamente sobre el cuerpo.<\/p>\n<p>La elecci\u00f3n de la ropa de cama merece atenci\u00f3n: los materiales naturales como el lino y el algod\u00f3n favorecen la transpiraci\u00f3n y ayudan al cuerpo a mantener una temperatura agradable. Los pijamas tambi\u00e9n cuentan: es mejor optar por tejidos ligeros y transpirables, evitando las fibras sint\u00e9ticas que retienen el calor y la humedad.<\/p>\n<p>La temperatura del dormitorio no es un detalle despreciable, sino un elemento central de la higiene del sue\u00f1o. Poner el termostato entre 19 y 21 grados, adapt\u00e1ndose a tus necesidades personales, representa una opci\u00f3n sencilla pero eficaz para mejorar la calidad del descanso y despertarte verdaderamente descansado.<\/p><\/p>\n","protected":false},"excerpt":{"rendered":"<p>Cuando nos acostamos por la noche rara vez pensamos en la temperatura de la habitaci\u00f3n como un factor determinante para la calidad del descanso, cuando<\/p>\n","protected":false},"author":1,"featured_media":6385,"comment_status":"closed","ping_status":"","sticky":false,"template":"","format":"standard","meta":{"footnotes":""},"categories":[762],"tags":[6774,5,1207,6773,1751,29,6776,1041,2412,6775],"class_list":["post-6384","post","type-post","status-publish","format-standard","has-post-thumbnail","hentry","category-salud","tag-configurar","tag-cuantos","tag-dormir","tag-grados","tag-necesitas","tag-para","tag-profundamente","tag-secreta","tag-temperatura","tag-termostato","generate-columns","tablet-grid-50","mobile-grid-100","grid-parent","grid-50"],"yoast_head":"<!-- This site is optimized with the Yoast SEO plugin v23.4 - https:\/\/yoast.com\/wordpress\/plugins\/seo\/ -->\n<title>La temperatura secreta: cu\u00e1ntos grados necesitas para configurar el termostato para dormir profundamente - Consejos - Santa Catarina<\/title>\n<meta name=\"robots\" content=\"index, follow, max-snippet:-1, max-image-preview:large, max-video-preview:-1\" \/>\n<link rel=\"canonical\" href=\"https:\/\/stacatarina.mx\/consejos\/la-temperatura-secreta-cuantos-grados-necesitas-para-configurar-el-termostato-para-dormir-profundamente\/\" \/>\n<meta property=\"og:locale\" content=\"es_MX\" \/>\n<meta property=\"og:type\" content=\"article\" \/>\n<meta property=\"og:title\" content=\"La temperatura secreta: cu\u00e1ntos grados necesitas para configurar el termostato para dormir profundamente - Consejos - Santa Catarina\" \/>\n<meta property=\"og:description\" content=\"Cuando nos acostamos por la noche rara vez pensamos en la temperatura de la habitaci\u00f3n como un factor determinante para la calidad del descanso, cuando\" \/>\n<meta property=\"og:url\" content=\"https:\/\/stacatarina.mx\/consejos\/la-temperatura-secreta-cuantos-grados-necesitas-para-configurar-el-termostato-para-dormir-profundamente\/\" \/>\n<meta property=\"og:site_name\" content=\"Santa Catarina\" \/>\n<meta property=\"article:publisher\" content=\"https:\/\/www.facebook.com\/stacatarinagob\/\" \/>\n<meta property=\"article:published_time\" content=\"2025-11-16T19:44:24+00:00\" \/>\n<meta property=\"article:modified_time\" content=\"2025-11-16T19:44:26+00:00\" \/>\n<meta property=\"og:image\" content=\"https:\/\/stacatarina.mx\/consejos\/wp-content\/uploads\/2025\/11\/1763322264_La-temperatura-secreta-cuantos-grados-necesitas-para-configurar-el-termostato.jpg\" \/>\n\t<meta property=\"og:image:width\" content=\"1500\" \/>\n\t<meta property=\"og:image:height\" content=\"1000\" \/>\n\t<meta property=\"og:image:type\" content=\"image\/jpeg\" \/>\n<meta name=\"author\" content=\"Pedro Mart\u00ednez\" \/>\n<meta name=\"twitter:card\" content=\"summary_large_image\" \/>\n<meta name=\"twitter:creator\" content=\"@stacatarinagob\" \/>\n<meta name=\"twitter:site\" content=\"@stacatarinagob\" \/>\n<meta name=\"twitter:label1\" content=\"Escrito por\" \/>\n\t<meta name=\"twitter:data1\" content=\"Pedro Mart\u00ednez\" \/>\n\t<meta name=\"twitter:label2\" content=\"Tiempo de lectura\" \/>\n\t<meta name=\"twitter:data2\" content=\"4 minutos\" \/>\n<script type=\"application\/ld+json\" class=\"yoast-schema-graph\">{\"@context\":\"https:\/\/schema.org\",\"@graph\":[{\"@type\":\"Article\",\"@id\":\"https:\/\/stacatarina.mx\/consejos\/la-temperatura-secreta-cuantos-grados-necesitas-para-configurar-el-termostato-para-dormir-profundamente\/#article\",\"isPartOf\":{\"@id\":\"https:\/\/stacatarina.mx\/consejos\/la-temperatura-secreta-cuantos-grados-necesitas-para-configurar-el-termostato-para-dormir-profundamente\/\"},\"author\":{\"name\":\"Pedro Mart\u00ednez\",\"@id\":\"https:\/\/stacatarina.mx\/consejos\/#\/schema\/person\/0be60adffa8e4c4d0828fdf021450e8a\"},\"headline\":\"La temperatura secreta: cu\u00e1ntos grados necesitas para configurar el termostato para dormir profundamente\",\"datePublished\":\"2025-11-16T19:44:24+00:00\",\"dateModified\":\"2025-11-16T19:44:26+00:00\",\"mainEntityOfPage\":{\"@id\":\"https:\/\/stacatarina.mx\/consejos\/la-temperatura-secreta-cuantos-grados-necesitas-para-configurar-el-termostato-para-dormir-profundamente\/\"},\"wordCount\":864,\"publisher\":{\"@id\":\"https:\/\/stacatarina.mx\/consejos\/#organization\"},\"image\":{\"@id\":\"https:\/\/stacatarina.mx\/consejos\/la-temperatura-secreta-cuantos-grados-necesitas-para-configurar-el-termostato-para-dormir-profundamente\/#primaryimage\"},\"thumbnailUrl\":\"https:\/\/stacatarina.mx\/consejos\/wp-content\/uploads\/2025\/11\/1763322264_La-temperatura-secreta-cuantos-grados-necesitas-para-configurar-el-termostato.jpg\",\"keywords\":[\"configurar\",\"Cu\u00e1ntos\",\"dormir\",\"grados\",\"necesitas\",\"para\",\"profundamente\",\"secreta\",\"temperatura\",\"termostato\"],\"articleSection\":[\"Salud\"],\"inLanguage\":\"es\"},{\"@type\":\"WebPage\",\"@id\":\"https:\/\/stacatarina.mx\/consejos\/la-temperatura-secreta-cuantos-grados-necesitas-para-configurar-el-termostato-para-dormir-profundamente\/\",\"url\":\"https:\/\/stacatarina.mx\/consejos\/la-temperatura-secreta-cuantos-grados-necesitas-para-configurar-el-termostato-para-dormir-profundamente\/\",\"name\":\"La temperatura secreta: cu\u00e1ntos grados necesitas para configurar el termostato para dormir profundamente - Consejos - Santa Catarina\",\"isPartOf\":{\"@id\":\"https:\/\/stacatarina.mx\/consejos\/#website\"},\"primaryImageOfPage\":{\"@id\":\"https:\/\/stacatarina.mx\/consejos\/la-temperatura-secreta-cuantos-grados-necesitas-para-configurar-el-termostato-para-dormir-profundamente\/#primaryimage\"},\"image\":{\"@id\":\"https:\/\/stacatarina.mx\/consejos\/la-temperatura-secreta-cuantos-grados-necesitas-para-configurar-el-termostato-para-dormir-profundamente\/#primaryimage\"},\"thumbnailUrl\":\"https:\/\/stacatarina.mx\/consejos\/wp-content\/uploads\/2025\/11\/1763322264_La-temperatura-secreta-cuantos-grados-necesitas-para-configurar-el-termostato.jpg\",\"datePublished\":\"2025-11-16T19:44:24+00:00\",\"dateModified\":\"2025-11-16T19:44:26+00:00\",\"breadcrumb\":{\"@id\":\"https:\/\/stacatarina.mx\/consejos\/la-temperatura-secreta-cuantos-grados-necesitas-para-configurar-el-termostato-para-dormir-profundamente\/#breadcrumb\"},\"inLanguage\":\"es\",\"potentialAction\":[{\"@type\":\"ReadAction\",\"target\":[\"https:\/\/stacatarina.mx\/consejos\/la-temperatura-secreta-cuantos-grados-necesitas-para-configurar-el-termostato-para-dormir-profundamente\/\"]}]},{\"@type\":\"ImageObject\",\"inLanguage\":\"es\",\"@id\":\"https:\/\/stacatarina.mx\/consejos\/la-temperatura-secreta-cuantos-grados-necesitas-para-configurar-el-termostato-para-dormir-profundamente\/#primaryimage\",\"url\":\"https:\/\/stacatarina.mx\/consejos\/wp-content\/uploads\/2025\/11\/1763322264_La-temperatura-secreta-cuantos-grados-necesitas-para-configurar-el-termostato.jpg\",\"contentUrl\":\"https:\/\/stacatarina.mx\/consejos\/wp-content\/uploads\/2025\/11\/1763322264_La-temperatura-secreta-cuantos-grados-necesitas-para-configurar-el-termostato.jpg\",\"width\":1500,\"height\":1000,\"caption\":\"temperatura ideale per dormire\"},{\"@type\":\"BreadcrumbList\",\"@id\":\"https:\/\/stacatarina.mx\/consejos\/la-temperatura-secreta-cuantos-grados-necesitas-para-configurar-el-termostato-para-dormir-profundamente\/#breadcrumb\",\"itemListElement\":[{\"@type\":\"ListItem\",\"position\":1,\"name\":\"Inicio\",\"item\":\"https:\/\/stacatarina.mx\/consejos\/\"},{\"@type\":\"ListItem\",\"position\":2,\"name\":\"La temperatura secreta: cu\u00e1ntos grados necesitas para configurar el termostato para dormir profundamente\"}]},{\"@type\":\"WebSite\",\"@id\":\"https:\/\/stacatarina.mx\/consejos\/#website\",\"url\":\"https:\/\/stacatarina.mx\/consejos\/\",\"name\":\"Santa Catarina\",\"description\":\"\",\"publisher\":{\"@id\":\"https:\/\/stacatarina.mx\/consejos\/#organization\"},\"potentialAction\":[{\"@type\":\"SearchAction\",\"target\":{\"@type\":\"EntryPoint\",\"urlTemplate\":\"https:\/\/stacatarina.mx\/consejos\/?s={search_term_string}\"},\"query-input\":{\"@type\":\"PropertyValueSpecification\",\"valueRequired\":true,\"valueName\":\"search_term_string\"}}],\"inLanguage\":\"es\"},{\"@type\":\"Organization\",\"@id\":\"https:\/\/stacatarina.mx\/consejos\/#organization\",\"name\":\"Santa Catarina\",\"url\":\"https:\/\/stacatarina.mx\/consejos\/\",\"logo\":{\"@type\":\"ImageObject\",\"inLanguage\":\"es\",\"@id\":\"https:\/\/stacatarina.mx\/consejos\/#\/schema\/logo\/image\/\",\"url\":\"https:\/\/stacatarina.mx\/consejos\/wp-content\/uploads\/2024\/09\/cropped-favicon-1-1.png\",\"contentUrl\":\"https:\/\/stacatarina.mx\/consejos\/wp-content\/uploads\/2024\/09\/cropped-favicon-1-1.png\",\"width\":512,\"height\":512,\"caption\":\"Santa Catarina\"},\"image\":{\"@id\":\"https:\/\/stacatarina.mx\/consejos\/#\/schema\/logo\/image\/\"},\"sameAs\":[\"https:\/\/www.facebook.com\/stacatarinagob\/\",\"https:\/\/x.com\/stacatarinagob\",\"https:\/\/www.instagram.com\/stacatarinagob\/\",\"https:\/\/www.youtube.com\/channel\/UCK-6cQJL_904665N1_nLTWw\"]},{\"@type\":\"Person\",\"@id\":\"https:\/\/stacatarina.mx\/consejos\/#\/schema\/person\/0be60adffa8e4c4d0828fdf021450e8a\",\"name\":\"Pedro Mart\u00ednez\",\"image\":{\"@type\":\"ImageObject\",\"inLanguage\":\"es\",\"@id\":\"https:\/\/stacatarina.mx\/consejos\/#\/schema\/person\/image\/\",\"url\":\"https:\/\/stacatarina.mx\/consejos\/wp-content\/uploads\/2024\/09\/stacatarina.jpg\",\"contentUrl\":\"https:\/\/stacatarina.mx\/consejos\/wp-content\/uploads\/2024\/09\/stacatarina.jpg\",\"caption\":\"Pedro Mart\u00ednez\"},\"description\":\"Hola, soy Pedro Mart\u00ednez, redactor jefe del sitio oficial del ayuntamiento de Santa Catarina, en M\u00e9xico. Con m\u00e1s de diez a\u00f1os de experiencia en el periodismo local, tengo una pasi\u00f3n por la investigaci\u00f3n y la difusi\u00f3n de informaci\u00f3n que valoriza nuestra hermosa comunidad. Mi compromiso es hacer de Santa Catarina una referencia en materia de transparencia y comunicaci\u00f3n municipal.\",\"sameAs\":[\"https:\/\/stacatarina.mx\/\"]}]}<\/script>\n<!-- \/ Yoast SEO plugin. -->","yoast_head_json":{"title":"La temperatura secreta: cu\u00e1ntos grados necesitas para configurar el termostato para dormir profundamente - Consejos - Santa Catarina","robots":{"index":"index","follow":"follow","max-snippet":"max-snippet:-1","max-image-preview":"max-image-preview:large","max-video-preview":"max-video-preview:-1"},"canonical":"https:\/\/stacatarina.mx\/consejos\/la-temperatura-secreta-cuantos-grados-necesitas-para-configurar-el-termostato-para-dormir-profundamente\/","og_locale":"es_MX","og_type":"article","og_title":"La temperatura secreta: cu\u00e1ntos grados necesitas para configurar el termostato para dormir profundamente - Consejos - Santa Catarina","og_description":"Cuando nos acostamos por la noche rara vez pensamos en la temperatura de la habitaci\u00f3n como un factor determinante para la calidad del descanso, cuando","og_url":"https:\/\/stacatarina.mx\/consejos\/la-temperatura-secreta-cuantos-grados-necesitas-para-configurar-el-termostato-para-dormir-profundamente\/","og_site_name":"Santa Catarina","article_publisher":"https:\/\/www.facebook.com\/stacatarinagob\/","article_published_time":"2025-11-16T19:44:24+00:00","article_modified_time":"2025-11-16T19:44:26+00:00","og_image":[{"width":1500,"height":1000,"url":"https:\/\/stacatarina.mx\/consejos\/wp-content\/uploads\/2025\/11\/1763322264_La-temperatura-secreta-cuantos-grados-necesitas-para-configurar-el-termostato.jpg","type":"image\/jpeg"}],"author":"Pedro Mart\u00ednez","twitter_card":"summary_large_image","twitter_creator":"@stacatarinagob","twitter_site":"@stacatarinagob","twitter_misc":{"Escrito por":"Pedro Mart\u00ednez","Tiempo de lectura":"4 minutos"},"schema":{"@context":"https:\/\/schema.org","@graph":[{"@type":"Article","@id":"https:\/\/stacatarina.mx\/consejos\/la-temperatura-secreta-cuantos-grados-necesitas-para-configurar-el-termostato-para-dormir-profundamente\/#article","isPartOf":{"@id":"https:\/\/stacatarina.mx\/consejos\/la-temperatura-secreta-cuantos-grados-necesitas-para-configurar-el-termostato-para-dormir-profundamente\/"},"author":{"name":"Pedro Mart\u00ednez","@id":"https:\/\/stacatarina.mx\/consejos\/#\/schema\/person\/0be60adffa8e4c4d0828fdf021450e8a"},"headline":"La temperatura secreta: cu\u00e1ntos grados necesitas para configurar el termostato para dormir profundamente","datePublished":"2025-11-16T19:44:24+00:00","dateModified":"2025-11-16T19:44:26+00:00","mainEntityOfPage":{"@id":"https:\/\/stacatarina.mx\/consejos\/la-temperatura-secreta-cuantos-grados-necesitas-para-configurar-el-termostato-para-dormir-profundamente\/"},"wordCount":864,"publisher":{"@id":"https:\/\/stacatarina.mx\/consejos\/#organization"},"image":{"@id":"https:\/\/stacatarina.mx\/consejos\/la-temperatura-secreta-cuantos-grados-necesitas-para-configurar-el-termostato-para-dormir-profundamente\/#primaryimage"},"thumbnailUrl":"https:\/\/stacatarina.mx\/consejos\/wp-content\/uploads\/2025\/11\/1763322264_La-temperatura-secreta-cuantos-grados-necesitas-para-configurar-el-termostato.jpg","keywords":["configurar","Cu\u00e1ntos","dormir","grados","necesitas","para","profundamente","secreta","temperatura","termostato"],"articleSection":["Salud"],"inLanguage":"es"},{"@type":"WebPage","@id":"https:\/\/stacatarina.mx\/consejos\/la-temperatura-secreta-cuantos-grados-necesitas-para-configurar-el-termostato-para-dormir-profundamente\/","url":"https:\/\/stacatarina.mx\/consejos\/la-temperatura-secreta-cuantos-grados-necesitas-para-configurar-el-termostato-para-dormir-profundamente\/","name":"La temperatura secreta: cu\u00e1ntos grados necesitas para configurar el termostato para dormir profundamente - Consejos - Santa Catarina","isPartOf":{"@id":"https:\/\/stacatarina.mx\/consejos\/#website"},"primaryImageOfPage":{"@id":"https:\/\/stacatarina.mx\/consejos\/la-temperatura-secreta-cuantos-grados-necesitas-para-configurar-el-termostato-para-dormir-profundamente\/#primaryimage"},"image":{"@id":"https:\/\/stacatarina.mx\/consejos\/la-temperatura-secreta-cuantos-grados-necesitas-para-configurar-el-termostato-para-dormir-profundamente\/#primaryimage"},"thumbnailUrl":"https:\/\/stacatarina.mx\/consejos\/wp-content\/uploads\/2025\/11\/1763322264_La-temperatura-secreta-cuantos-grados-necesitas-para-configurar-el-termostato.jpg","datePublished":"2025-11-16T19:44:24+00:00","dateModified":"2025-11-16T19:44:26+00:00","breadcrumb":{"@id":"https:\/\/stacatarina.mx\/consejos\/la-temperatura-secreta-cuantos-grados-necesitas-para-configurar-el-termostato-para-dormir-profundamente\/#breadcrumb"},"inLanguage":"es","potentialAction":[{"@type":"ReadAction","target":["https:\/\/stacatarina.mx\/consejos\/la-temperatura-secreta-cuantos-grados-necesitas-para-configurar-el-termostato-para-dormir-profundamente\/"]}]},{"@type":"ImageObject","inLanguage":"es","@id":"https:\/\/stacatarina.mx\/consejos\/la-temperatura-secreta-cuantos-grados-necesitas-para-configurar-el-termostato-para-dormir-profundamente\/#primaryimage","url":"https:\/\/stacatarina.mx\/consejos\/wp-content\/uploads\/2025\/11\/1763322264_La-temperatura-secreta-cuantos-grados-necesitas-para-configurar-el-termostato.jpg","contentUrl":"https:\/\/stacatarina.mx\/consejos\/wp-content\/uploads\/2025\/11\/1763322264_La-temperatura-secreta-cuantos-grados-necesitas-para-configurar-el-termostato.jpg","width":1500,"height":1000,"caption":"temperatura ideale per dormire"},{"@type":"BreadcrumbList","@id":"https:\/\/stacatarina.mx\/consejos\/la-temperatura-secreta-cuantos-grados-necesitas-para-configurar-el-termostato-para-dormir-profundamente\/#breadcrumb","itemListElement":[{"@type":"ListItem","position":1,"name":"Inicio","item":"https:\/\/stacatarina.mx\/consejos\/"},{"@type":"ListItem","position":2,"name":"La temperatura secreta: cu\u00e1ntos grados necesitas para configurar el termostato para dormir profundamente"}]},{"@type":"WebSite","@id":"https:\/\/stacatarina.mx\/consejos\/#website","url":"https:\/\/stacatarina.mx\/consejos\/","name":"Santa Catarina","description":"","publisher":{"@id":"https:\/\/stacatarina.mx\/consejos\/#organization"},"potentialAction":[{"@type":"SearchAction","target":{"@type":"EntryPoint","urlTemplate":"https:\/\/stacatarina.mx\/consejos\/?s={search_term_string}"},"query-input":{"@type":"PropertyValueSpecification","valueRequired":true,"valueName":"search_term_string"}}],"inLanguage":"es"},{"@type":"Organization","@id":"https:\/\/stacatarina.mx\/consejos\/#organization","name":"Santa Catarina","url":"https:\/\/stacatarina.mx\/consejos\/","logo":{"@type":"ImageObject","inLanguage":"es","@id":"https:\/\/stacatarina.mx\/consejos\/#\/schema\/logo\/image\/","url":"https:\/\/stacatarina.mx\/consejos\/wp-content\/uploads\/2024\/09\/cropped-favicon-1-1.png","contentUrl":"https:\/\/stacatarina.mx\/consejos\/wp-content\/uploads\/2024\/09\/cropped-favicon-1-1.png","width":512,"height":512,"caption":"Santa Catarina"},"image":{"@id":"https:\/\/stacatarina.mx\/consejos\/#\/schema\/logo\/image\/"},"sameAs":["https:\/\/www.facebook.com\/stacatarinagob\/","https:\/\/x.com\/stacatarinagob","https:\/\/www.instagram.com\/stacatarinagob\/","https:\/\/www.youtube.com\/channel\/UCK-6cQJL_904665N1_nLTWw"]},{"@type":"Person","@id":"https:\/\/stacatarina.mx\/consejos\/#\/schema\/person\/0be60adffa8e4c4d0828fdf021450e8a","name":"Pedro Mart\u00ednez","image":{"@type":"ImageObject","inLanguage":"es","@id":"https:\/\/stacatarina.mx\/consejos\/#\/schema\/person\/image\/","url":"https:\/\/stacatarina.mx\/consejos\/wp-content\/uploads\/2024\/09\/stacatarina.jpg","contentUrl":"https:\/\/stacatarina.mx\/consejos\/wp-content\/uploads\/2024\/09\/stacatarina.jpg","caption":"Pedro Mart\u00ednez"},"description":"Hola, soy Pedro Mart\u00ednez, redactor jefe del sitio oficial del ayuntamiento de Santa Catarina, en M\u00e9xico. Con m\u00e1s de diez a\u00f1os de experiencia en el periodismo local, tengo una pasi\u00f3n por la investigaci\u00f3n y la difusi\u00f3n de informaci\u00f3n que valoriza nuestra hermosa comunidad. Mi compromiso es hacer de Santa Catarina una referencia en materia de transparencia y comunicaci\u00f3n municipal.","sameAs":["https:\/\/stacatarina.mx\/"]}]}},"_links":{"self":[{"href":"https:\/\/stacatarina.mx\/consejos\/wp-json\/wp\/v2\/posts\/6384"}],"collection":[{"href":"https:\/\/stacatarina.mx\/consejos\/wp-json\/wp\/v2\/posts"}],"about":[{"href":"https:\/\/stacatarina.mx\/consejos\/wp-json\/wp\/v2\/types\/post"}],"author":[{"embeddable":true,"href":"https:\/\/stacatarina.mx\/consejos\/wp-json\/wp\/v2\/users\/1"}],"replies":[{"embeddable":true,"href":"https:\/\/stacatarina.mx\/consejos\/wp-json\/wp\/v2\/comments?post=6384"}],"version-history":[{"count":1,"href":"https:\/\/stacatarina.mx\/consejos\/wp-json\/wp\/v2\/posts\/6384\/revisions"}],"predecessor-version":[{"id":6386,"href":"https:\/\/stacatarina.mx\/consejos\/wp-json\/wp\/v2\/posts\/6384\/revisions\/6386"}],"wp:featuredmedia":[{"embeddable":true,"href":"https:\/\/stacatarina.mx\/consejos\/wp-json\/wp\/v2\/media\/6385"}],"wp:attachment":[{"href":"https:\/\/stacatarina.mx\/consejos\/wp-json\/wp\/v2\/media?parent=6384"}],"wp:term":[{"taxonomy":"category","embeddable":true,"href":"https:\/\/stacatarina.mx\/consejos\/wp-json\/wp\/v2\/categories?post=6384"},{"taxonomy":"post_tag","embeddable":true,"href":"https:\/\/stacatarina.mx\/consejos\/wp-json\/wp\/v2\/tags?post=6384"}],"curies":[{"name":"wp","href":"https:\/\/api.w.org\/{rel}","templated":true}]}}