{"id":6712,"date":"2025-12-12T19:52:28","date_gmt":"2025-12-13T01:52:28","guid":{"rendered":"https:\/\/stacatarina.mx\/consejos\/los-pfas-y-los-pesticidas-en-los-alimentos-los-cientificos-revelan-el-coste-oculto-pesan-mas-de-22-billones-de-dolares-al-ano-en-la-asistencia-sanitaria\/"},"modified":"2025-12-12T19:52:30","modified_gmt":"2025-12-13T01:52:30","slug":"los-pfas-y-los-pesticidas-en-los-alimentos-los-cientificos-revelan-el-coste-oculto-pesan-mas-de-22-billones-de-dolares-al-ano-en-la-asistencia-sanitaria","status":"publish","type":"post","link":"https:\/\/stacatarina.mx\/consejos\/los-pfas-y-los-pesticidas-en-los-alimentos-los-cientificos-revelan-el-coste-oculto-pesan-mas-de-22-billones-de-dolares-al-ano-en-la-asistencia-sanitaria\/","title":{"rendered":"Los PFAS y los pesticidas en los alimentos, los cient\u00edficos revelan el coste oculto: pesan m\u00e1s de 2,2 billones de d\u00f3lares al a\u00f1o en la asistencia sanitaria"},"content":{"rendered":"<p><\/p>\n<p>El nuevo informe internacional sobre las sustancias qu\u00edmicas utilizadas en la cadena de suministro de alimentos habla con claridad y lo hace con una firmeza que deja poco lugar a dudas. Durante d\u00e9cadas hemos construido todo un sistema de producci\u00f3n con la promesa de hacer que los alimentos sean m\u00e1s seguros, m\u00e1s duraderos y m\u00e1s &#8220;convenientes&#8221;. Sin embargo, esos compuestos muy sint\u00e9ticos que han engrasado las ruedas de la agricultura y la industria alimentaria est\u00e1n presentando una factura astron\u00f3mica: hasta 2,2 billones de d\u00f3lares al a\u00f1o en costos de atenci\u00f3n m\u00e9dica, una cifra que casi iguala las ganancias de las cien mayores empresas cotizadas del mundo.<\/p>\n<p>En el documento, firmado por decenas de cient\u00edficos de instituciones como el Instituto de Salud Preventiva, el Centro de Salud Ambiental, ChemSec y universidades estadounidenses y brit\u00e1nicas -desde Sussex hasta Duke- emerge una inquietante fotograf\u00eda. Los PFA, los pesticidas, los ftalatos y los bisfenoles, compuestos omnipresentes en nuestros alimentos y en los objetos que los rodean, est\u00e1n impactando la salud p\u00fablica con una carga que ning\u00fan presupuesto nacional puede ignorar. Tumores, trastornos del neurodesarrollo, infertilidad, obesidad y desequilibrios endocrinos son s\u00f3lo algunos de los cap\u00edtulos m\u00e1s dolorosos de la lista. Y eso no es todo: incluso los ecosistemas, ya minados por d\u00e9cadas de explotaci\u00f3n, est\u00e1n pagando el precio de la exposici\u00f3n masiva a estas sustancias.<\/p>\n<h2>La larga sombra de los \u201cqu\u00edmicos eternos\u201d<\/h2>\n<p>En el informe surge un tema que no puede subestimarse: cuando se trata de PFAS y pesticidas, no nos enfrentamos a un riesgo colateral banal, sino a un legado t\u00f3xico que afectar\u00e1 la salud humana y la estabilidad ecol\u00f3gica durante generaciones. El impacto sobre los ecosistemas, aunque dif\u00edcil de cuantificar, se estima en 640 mil millones de d\u00f3lares adicionales si se consideran s\u00f3lo las p\u00e9rdidas agr\u00edcolas y la adaptaci\u00f3n de las normas de seguridad para el agua contaminada.<\/p>\n<p>La perspectiva demogr\u00e1fica no es menos alarmante: seg\u00fan los autores, si los niveles actuales de exposici\u00f3n a disruptores endocrinos, como los ftalatos y los bisfenoles, se mantienen sin cambios, entre 2025 y 2100 podr\u00edamos registrar entre 200 y 700 millones de nacimientos menos. No por una elecci\u00f3n consciente, sino por un lento y silencioso sabotaje biol\u00f3gico que comienza en nuestros platos.<\/p>\n<p>Philip Landrigan, pediatra y profesor de salud p\u00fablica global en el Boston College, califica el informe como una &#8220;llamada de atenci\u00f3n&#8221;. Su mensaje es claro:<\/p>\n<blockquote>\n<p>El mundo necesita despertar. La contaminaci\u00f3n qu\u00edmica es un problema tan grave como el cambio clim\u00e1tico.<\/p>\n<\/blockquote>\n<p>Seg\u00fan Landrigan, los avances realizados en la lucha contra las enfermedades infecciosas se han visto anulados por el aumento de las enfermedades no transmisibles, impulsadas por la exposici\u00f3n diaria a sustancias sint\u00e9ticas que afectan especialmente a los m\u00e1s peque\u00f1os.<\/p>\n<p>No es s\u00f3lo la salud la que se ve afectada. Desde la Segunda Guerra Mundial, la producci\u00f3n qu\u00edmica mundial se ha multiplicado por m\u00e1s de 200, y actualmente hay m\u00e1s de 350.000 compuestos sint\u00e9ticos en el mercado. Y, como se\u00f1alan los cient\u00edficos del Centro de Resiliencia de Estocolmo, hemos superado un &#8220;umbral planetario&#8221;: un l\u00edmite m\u00e1s all\u00e1 del cual los equilibrios naturales ya no garantizan la estabilidad que ha hecho posible nuestra civilizaci\u00f3n durante los \u00faltimos diez mil a\u00f1os.<\/p>\n<p>El problema se ve agravado por una pr\u00e1ctica industrial que parece de otro siglo: a diferencia de los medicamentos, las sustancias qu\u00edmicas se comercializan sin controles s\u00f3lidos de seguridad, casi en un gigantesco &#8220;experimento&#8221; planetario realizado sin consenso. Y las secuelas a menudo se convierten en una factura que la sociedad debe pagar con retraso, cuando el da\u00f1o ahora es cr\u00f3nico y generalizado.<\/p>\n<p>En este contexto, las PFA y los pesticidas representan la punta del iceberg. Los primeros remojan papel de horno, bandejas, bolsas de palomitas de ma\u00edz, recipientes de comida; estos \u00faltimos son el motor de la agricultura intensiva, que roc\u00eda miles de litros de sustancias sobre los campos para mantener altos los rendimientos. Finalmente, los ftalatos y bisfenoles viven en los pl\u00e1sticos que continuamente tocan todo lo que comemos, desde guantes desechables hasta envases.<\/p>\n<p>Todos estos compuestos tienen un hilo conductor que los une: interfieren con las hormonas, alteran el desarrollo del cerebro, aumentan el riesgo de tumores, modifican el metabolismo, allanan el camino a una epidemia de obesidad, diabetes y enfermedades cardiovasculares. Un c\u00f3ctel silencioso que acompa\u00f1a al ser humano desde que nace.<\/p>\n<p>Landrigan confiesa que teme sobre todo el da\u00f1o al cerebro de los ni\u00f1os, da\u00f1o que les quita creatividad, inteligencia y posibilidades de futuro. Y luego los disruptores endocrinos, capaces de infiltrarse en todas las etapas de la vida, alterando la funcionalidad del h\u00edgado, haciendo que el colesterol se dispare y erosionando lentamente el equilibrio metab\u00f3lico hasta provocar accidentes cerebrovasculares y enfermedades card\u00edacas.<\/p>\n<p>Cuando se le pregunta si los cuatro grupos analizados ser\u00edan suficientes para describir el problema, Landrigan responde brutalmente:<\/p>\n<blockquote>\n<p>Son s\u00f3lo la punta del iceberg. Hay miles de sustancias de las que no sabemos nada. Y seguiremos exponi\u00e9ndonos hasta que uno cause un da\u00f1o tan evidente que no pueda ignorarse.<\/p>\n<\/blockquote>\n<p>Un futuro que, al parecer, ya no podemos darnos el lujo de observar distra\u00eddamente.<\/p><\/p>\n","protected":false},"excerpt":{"rendered":"<p>El nuevo informe internacional sobre las sustancias qu\u00edmicas utilizadas en la cadena de suministro de alimentos habla con claridad y lo hace con una firmeza<\/p>\n","protected":false},"author":1,"featured_media":6713,"comment_status":"closed","ping_status":"","sticky":false,"template":"","format":"standard","meta":{"footnotes":""},"categories":[762],"tags":[797,421,2252,7005,2237,2167,1953,62,137,5324,7004,2087,1522,3115,6945],"class_list":["post-6712","post","type-post","status-publish","format-standard","has-post-thumbnail","hentry","category-salud","tag-alimentos","tag-ano","tag-asistencia","tag-billones","tag-cientificos","tag-coste","tag-dolares","tag-los","tag-mas","tag-oculto","tag-pesan","tag-pesticidas","tag-pfas","tag-revelan","tag-sanitaria","generate-columns","tablet-grid-50","mobile-grid-100","grid-parent","grid-50"],"yoast_head":"<!-- This site is optimized with the Yoast SEO plugin v23.4 - https:\/\/yoast.com\/wordpress\/plugins\/seo\/ -->\n<title>Los PFAS y los pesticidas en los alimentos, los cient\u00edficos revelan el coste oculto: pesan m\u00e1s de 2,2 billones de d\u00f3lares al a\u00f1o en la asistencia sanitaria - Consejos - Santa Catarina<\/title>\n<meta name=\"robots\" content=\"index, follow, max-snippet:-1, max-image-preview:large, max-video-preview:-1\" \/>\n<link rel=\"canonical\" href=\"https:\/\/stacatarina.mx\/consejos\/los-pfas-y-los-pesticidas-en-los-alimentos-los-cientificos-revelan-el-coste-oculto-pesan-mas-de-22-billones-de-dolares-al-ano-en-la-asistencia-sanitaria\/\" \/>\n<meta property=\"og:locale\" content=\"es_MX\" \/>\n<meta property=\"og:type\" content=\"article\" \/>\n<meta property=\"og:title\" content=\"Los PFAS y los pesticidas en los alimentos, los cient\u00edficos revelan el coste oculto: pesan m\u00e1s de 2,2 billones de d\u00f3lares al a\u00f1o en la asistencia sanitaria - Consejos - Santa Catarina\" \/>\n<meta property=\"og:description\" content=\"El nuevo informe internacional sobre las sustancias qu\u00edmicas utilizadas en la cadena de suministro de alimentos habla con claridad y lo hace con una firmeza\" \/>\n<meta property=\"og:url\" content=\"https:\/\/stacatarina.mx\/consejos\/los-pfas-y-los-pesticidas-en-los-alimentos-los-cientificos-revelan-el-coste-oculto-pesan-mas-de-22-billones-de-dolares-al-ano-en-la-asistencia-sanitaria\/\" \/>\n<meta property=\"og:site_name\" content=\"Santa Catarina\" \/>\n<meta property=\"article:publisher\" content=\"https:\/\/www.facebook.com\/stacatarinagob\/\" \/>\n<meta property=\"article:published_time\" content=\"2025-12-13T01:52:28+00:00\" \/>\n<meta property=\"article:modified_time\" content=\"2025-12-13T01:52:30+00:00\" \/>\n<meta property=\"og:image\" content=\"https:\/\/stacatarina.mx\/consejos\/wp-content\/uploads\/2025\/12\/1765590749_Los-PFAS-y-los-pesticidas-en-los-alimentos-los-cientificos.jpg\" \/>\n\t<meta property=\"og:image:width\" content=\"1500\" \/>\n\t<meta property=\"og:image:height\" content=\"1000\" \/>\n\t<meta property=\"og:image:type\" content=\"image\/jpeg\" \/>\n<meta name=\"author\" content=\"Pedro Mart\u00ednez\" \/>\n<meta name=\"twitter:card\" content=\"summary_large_image\" \/>\n<meta name=\"twitter:creator\" content=\"@stacatarinagob\" \/>\n<meta name=\"twitter:site\" content=\"@stacatarinagob\" \/>\n<meta name=\"twitter:label1\" content=\"Escrito por\" \/>\n\t<meta name=\"twitter:data1\" content=\"Pedro Mart\u00ednez\" \/>\n\t<meta name=\"twitter:label2\" content=\"Tiempo de lectura\" \/>\n\t<meta name=\"twitter:data2\" content=\"5 minutos\" \/>\n<script type=\"application\/ld+json\" class=\"yoast-schema-graph\">{\"@context\":\"https:\/\/schema.org\",\"@graph\":[{\"@type\":\"Article\",\"@id\":\"https:\/\/stacatarina.mx\/consejos\/los-pfas-y-los-pesticidas-en-los-alimentos-los-cientificos-revelan-el-coste-oculto-pesan-mas-de-22-billones-de-dolares-al-ano-en-la-asistencia-sanitaria\/#article\",\"isPartOf\":{\"@id\":\"https:\/\/stacatarina.mx\/consejos\/los-pfas-y-los-pesticidas-en-los-alimentos-los-cientificos-revelan-el-coste-oculto-pesan-mas-de-22-billones-de-dolares-al-ano-en-la-asistencia-sanitaria\/\"},\"author\":{\"name\":\"Pedro Mart\u00ednez\",\"@id\":\"https:\/\/stacatarina.mx\/consejos\/#\/schema\/person\/0be60adffa8e4c4d0828fdf021450e8a\"},\"headline\":\"Los PFAS y los pesticidas en los alimentos, los cient\u00edficos revelan el coste oculto: pesan m\u00e1s de 2,2 billones de d\u00f3lares al a\u00f1o en la asistencia sanitaria\",\"datePublished\":\"2025-12-13T01:52:28+00:00\",\"dateModified\":\"2025-12-13T01:52:30+00:00\",\"mainEntityOfPage\":{\"@id\":\"https:\/\/stacatarina.mx\/consejos\/los-pfas-y-los-pesticidas-en-los-alimentos-los-cientificos-revelan-el-coste-oculto-pesan-mas-de-22-billones-de-dolares-al-ano-en-la-asistencia-sanitaria\/\"},\"wordCount\":943,\"publisher\":{\"@id\":\"https:\/\/stacatarina.mx\/consejos\/#organization\"},\"image\":{\"@id\":\"https:\/\/stacatarina.mx\/consejos\/los-pfas-y-los-pesticidas-en-los-alimentos-los-cientificos-revelan-el-coste-oculto-pesan-mas-de-22-billones-de-dolares-al-ano-en-la-asistencia-sanitaria\/#primaryimage\"},\"thumbnailUrl\":\"https:\/\/stacatarina.mx\/consejos\/wp-content\/uploads\/2025\/12\/1765590749_Los-PFAS-y-los-pesticidas-en-los-alimentos-los-cientificos.jpg\",\"keywords\":[\"alimentos\",\"a\u00f1o\",\"asistencia\",\"billones\",\"cient\u00edficos\",\"coste\",\"d\u00f3lares\",\"los\",\"m\u00e1s\",\"oculto\",\"pesan\",\"pesticidas\",\"Pfas\",\"revelan\",\"sanitaria\"],\"articleSection\":[\"Salud\"],\"inLanguage\":\"es\"},{\"@type\":\"WebPage\",\"@id\":\"https:\/\/stacatarina.mx\/consejos\/los-pfas-y-los-pesticidas-en-los-alimentos-los-cientificos-revelan-el-coste-oculto-pesan-mas-de-22-billones-de-dolares-al-ano-en-la-asistencia-sanitaria\/\",\"url\":\"https:\/\/stacatarina.mx\/consejos\/los-pfas-y-los-pesticidas-en-los-alimentos-los-cientificos-revelan-el-coste-oculto-pesan-mas-de-22-billones-de-dolares-al-ano-en-la-asistencia-sanitaria\/\",\"name\":\"Los PFAS y los pesticidas en los alimentos, los cient\u00edficos revelan el coste oculto: pesan m\u00e1s de 2,2 billones de d\u00f3lares al a\u00f1o en la asistencia sanitaria - Consejos - Santa Catarina\",\"isPartOf\":{\"@id\":\"https:\/\/stacatarina.mx\/consejos\/#website\"},\"primaryImageOfPage\":{\"@id\":\"https:\/\/stacatarina.mx\/consejos\/los-pfas-y-los-pesticidas-en-los-alimentos-los-cientificos-revelan-el-coste-oculto-pesan-mas-de-22-billones-de-dolares-al-ano-en-la-asistencia-sanitaria\/#primaryimage\"},\"image\":{\"@id\":\"https:\/\/stacatarina.mx\/consejos\/los-pfas-y-los-pesticidas-en-los-alimentos-los-cientificos-revelan-el-coste-oculto-pesan-mas-de-22-billones-de-dolares-al-ano-en-la-asistencia-sanitaria\/#primaryimage\"},\"thumbnailUrl\":\"https:\/\/stacatarina.mx\/consejos\/wp-content\/uploads\/2025\/12\/1765590749_Los-PFAS-y-los-pesticidas-en-los-alimentos-los-cientificos.jpg\",\"datePublished\":\"2025-12-13T01:52:28+00:00\",\"dateModified\":\"2025-12-13T01:52:30+00:00\",\"breadcrumb\":{\"@id\":\"https:\/\/stacatarina.mx\/consejos\/los-pfas-y-los-pesticidas-en-los-alimentos-los-cientificos-revelan-el-coste-oculto-pesan-mas-de-22-billones-de-dolares-al-ano-en-la-asistencia-sanitaria\/#breadcrumb\"},\"inLanguage\":\"es\",\"potentialAction\":[{\"@type\":\"ReadAction\",\"target\":[\"https:\/\/stacatarina.mx\/consejos\/los-pfas-y-los-pesticidas-en-los-alimentos-los-cientificos-revelan-el-coste-oculto-pesan-mas-de-22-billones-de-dolares-al-ano-en-la-asistencia-sanitaria\/\"]}]},{\"@type\":\"ImageObject\",\"inLanguage\":\"es\",\"@id\":\"https:\/\/stacatarina.mx\/consejos\/los-pfas-y-los-pesticidas-en-los-alimentos-los-cientificos-revelan-el-coste-oculto-pesan-mas-de-22-billones-de-dolares-al-ano-en-la-asistencia-sanitaria\/#primaryimage\",\"url\":\"https:\/\/stacatarina.mx\/consejos\/wp-content\/uploads\/2025\/12\/1765590749_Los-PFAS-y-los-pesticidas-en-los-alimentos-los-cientificos.jpg\",\"contentUrl\":\"https:\/\/stacatarina.mx\/consejos\/wp-content\/uploads\/2025\/12\/1765590749_Los-PFAS-y-los-pesticidas-en-los-alimentos-los-cientificos.jpg\",\"width\":1500,\"height\":1000,\"caption\":\"pfas\"},{\"@type\":\"BreadcrumbList\",\"@id\":\"https:\/\/stacatarina.mx\/consejos\/los-pfas-y-los-pesticidas-en-los-alimentos-los-cientificos-revelan-el-coste-oculto-pesan-mas-de-22-billones-de-dolares-al-ano-en-la-asistencia-sanitaria\/#breadcrumb\",\"itemListElement\":[{\"@type\":\"ListItem\",\"position\":1,\"name\":\"Inicio\",\"item\":\"https:\/\/stacatarina.mx\/consejos\/\"},{\"@type\":\"ListItem\",\"position\":2,\"name\":\"Los PFAS y los pesticidas en los alimentos, los cient\u00edficos revelan el coste oculto: pesan m\u00e1s de 2,2 billones de d\u00f3lares al a\u00f1o en la asistencia sanitaria\"}]},{\"@type\":\"WebSite\",\"@id\":\"https:\/\/stacatarina.mx\/consejos\/#website\",\"url\":\"https:\/\/stacatarina.mx\/consejos\/\",\"name\":\"Santa Catarina\",\"description\":\"\",\"publisher\":{\"@id\":\"https:\/\/stacatarina.mx\/consejos\/#organization\"},\"potentialAction\":[{\"@type\":\"SearchAction\",\"target\":{\"@type\":\"EntryPoint\",\"urlTemplate\":\"https:\/\/stacatarina.mx\/consejos\/?s={search_term_string}\"},\"query-input\":{\"@type\":\"PropertyValueSpecification\",\"valueRequired\":true,\"valueName\":\"search_term_string\"}}],\"inLanguage\":\"es\"},{\"@type\":\"Organization\",\"@id\":\"https:\/\/stacatarina.mx\/consejos\/#organization\",\"name\":\"Santa Catarina\",\"url\":\"https:\/\/stacatarina.mx\/consejos\/\",\"logo\":{\"@type\":\"ImageObject\",\"inLanguage\":\"es\",\"@id\":\"https:\/\/stacatarina.mx\/consejos\/#\/schema\/logo\/image\/\",\"url\":\"https:\/\/stacatarina.mx\/consejos\/wp-content\/uploads\/2024\/09\/cropped-favicon-1-1.png\",\"contentUrl\":\"https:\/\/stacatarina.mx\/consejos\/wp-content\/uploads\/2024\/09\/cropped-favicon-1-1.png\",\"width\":512,\"height\":512,\"caption\":\"Santa Catarina\"},\"image\":{\"@id\":\"https:\/\/stacatarina.mx\/consejos\/#\/schema\/logo\/image\/\"},\"sameAs\":[\"https:\/\/www.facebook.com\/stacatarinagob\/\",\"https:\/\/x.com\/stacatarinagob\",\"https:\/\/www.instagram.com\/stacatarinagob\/\",\"https:\/\/www.youtube.com\/channel\/UCK-6cQJL_904665N1_nLTWw\"]},{\"@type\":\"Person\",\"@id\":\"https:\/\/stacatarina.mx\/consejos\/#\/schema\/person\/0be60adffa8e4c4d0828fdf021450e8a\",\"name\":\"Pedro Mart\u00ednez\",\"image\":{\"@type\":\"ImageObject\",\"inLanguage\":\"es\",\"@id\":\"https:\/\/stacatarina.mx\/consejos\/#\/schema\/person\/image\/\",\"url\":\"https:\/\/stacatarina.mx\/consejos\/wp-content\/uploads\/2024\/09\/stacatarina.jpg\",\"contentUrl\":\"https:\/\/stacatarina.mx\/consejos\/wp-content\/uploads\/2024\/09\/stacatarina.jpg\",\"caption\":\"Pedro Mart\u00ednez\"},\"description\":\"Hola, soy Pedro Mart\u00ednez, redactor jefe del sitio oficial del ayuntamiento de Santa Catarina, en M\u00e9xico. Con m\u00e1s de diez a\u00f1os de experiencia en el periodismo local, tengo una pasi\u00f3n por la investigaci\u00f3n y la difusi\u00f3n de informaci\u00f3n que valoriza nuestra hermosa comunidad. Mi compromiso es hacer de Santa Catarina una referencia en materia de transparencia y comunicaci\u00f3n municipal.\",\"sameAs\":[\"https:\/\/stacatarina.mx\/\"]}]}<\/script>\n<!-- \/ Yoast SEO plugin. -->","yoast_head_json":{"title":"Los PFAS y los pesticidas en los alimentos, los cient\u00edficos revelan el coste oculto: pesan m\u00e1s de 2,2 billones de d\u00f3lares al a\u00f1o en la asistencia sanitaria - Consejos - Santa Catarina","robots":{"index":"index","follow":"follow","max-snippet":"max-snippet:-1","max-image-preview":"max-image-preview:large","max-video-preview":"max-video-preview:-1"},"canonical":"https:\/\/stacatarina.mx\/consejos\/los-pfas-y-los-pesticidas-en-los-alimentos-los-cientificos-revelan-el-coste-oculto-pesan-mas-de-22-billones-de-dolares-al-ano-en-la-asistencia-sanitaria\/","og_locale":"es_MX","og_type":"article","og_title":"Los PFAS y los pesticidas en los alimentos, los cient\u00edficos revelan el coste oculto: pesan m\u00e1s de 2,2 billones de d\u00f3lares al a\u00f1o en la asistencia sanitaria - Consejos - Santa Catarina","og_description":"El nuevo informe internacional sobre las sustancias qu\u00edmicas utilizadas en la cadena de suministro de alimentos habla con claridad y lo hace con una firmeza","og_url":"https:\/\/stacatarina.mx\/consejos\/los-pfas-y-los-pesticidas-en-los-alimentos-los-cientificos-revelan-el-coste-oculto-pesan-mas-de-22-billones-de-dolares-al-ano-en-la-asistencia-sanitaria\/","og_site_name":"Santa Catarina","article_publisher":"https:\/\/www.facebook.com\/stacatarinagob\/","article_published_time":"2025-12-13T01:52:28+00:00","article_modified_time":"2025-12-13T01:52:30+00:00","og_image":[{"width":1500,"height":1000,"url":"https:\/\/stacatarina.mx\/consejos\/wp-content\/uploads\/2025\/12\/1765590749_Los-PFAS-y-los-pesticidas-en-los-alimentos-los-cientificos.jpg","type":"image\/jpeg"}],"author":"Pedro Mart\u00ednez","twitter_card":"summary_large_image","twitter_creator":"@stacatarinagob","twitter_site":"@stacatarinagob","twitter_misc":{"Escrito por":"Pedro Mart\u00ednez","Tiempo de lectura":"5 minutos"},"schema":{"@context":"https:\/\/schema.org","@graph":[{"@type":"Article","@id":"https:\/\/stacatarina.mx\/consejos\/los-pfas-y-los-pesticidas-en-los-alimentos-los-cientificos-revelan-el-coste-oculto-pesan-mas-de-22-billones-de-dolares-al-ano-en-la-asistencia-sanitaria\/#article","isPartOf":{"@id":"https:\/\/stacatarina.mx\/consejos\/los-pfas-y-los-pesticidas-en-los-alimentos-los-cientificos-revelan-el-coste-oculto-pesan-mas-de-22-billones-de-dolares-al-ano-en-la-asistencia-sanitaria\/"},"author":{"name":"Pedro Mart\u00ednez","@id":"https:\/\/stacatarina.mx\/consejos\/#\/schema\/person\/0be60adffa8e4c4d0828fdf021450e8a"},"headline":"Los PFAS y los pesticidas en los alimentos, los cient\u00edficos revelan el coste oculto: pesan m\u00e1s de 2,2 billones de d\u00f3lares al a\u00f1o en la asistencia sanitaria","datePublished":"2025-12-13T01:52:28+00:00","dateModified":"2025-12-13T01:52:30+00:00","mainEntityOfPage":{"@id":"https:\/\/stacatarina.mx\/consejos\/los-pfas-y-los-pesticidas-en-los-alimentos-los-cientificos-revelan-el-coste-oculto-pesan-mas-de-22-billones-de-dolares-al-ano-en-la-asistencia-sanitaria\/"},"wordCount":943,"publisher":{"@id":"https:\/\/stacatarina.mx\/consejos\/#organization"},"image":{"@id":"https:\/\/stacatarina.mx\/consejos\/los-pfas-y-los-pesticidas-en-los-alimentos-los-cientificos-revelan-el-coste-oculto-pesan-mas-de-22-billones-de-dolares-al-ano-en-la-asistencia-sanitaria\/#primaryimage"},"thumbnailUrl":"https:\/\/stacatarina.mx\/consejos\/wp-content\/uploads\/2025\/12\/1765590749_Los-PFAS-y-los-pesticidas-en-los-alimentos-los-cientificos.jpg","keywords":["alimentos","a\u00f1o","asistencia","billones","cient\u00edficos","coste","d\u00f3lares","los","m\u00e1s","oculto","pesan","pesticidas","Pfas","revelan","sanitaria"],"articleSection":["Salud"],"inLanguage":"es"},{"@type":"WebPage","@id":"https:\/\/stacatarina.mx\/consejos\/los-pfas-y-los-pesticidas-en-los-alimentos-los-cientificos-revelan-el-coste-oculto-pesan-mas-de-22-billones-de-dolares-al-ano-en-la-asistencia-sanitaria\/","url":"https:\/\/stacatarina.mx\/consejos\/los-pfas-y-los-pesticidas-en-los-alimentos-los-cientificos-revelan-el-coste-oculto-pesan-mas-de-22-billones-de-dolares-al-ano-en-la-asistencia-sanitaria\/","name":"Los PFAS y los pesticidas en los alimentos, los cient\u00edficos revelan el coste oculto: pesan m\u00e1s de 2,2 billones de d\u00f3lares al a\u00f1o en la asistencia sanitaria - Consejos - Santa Catarina","isPartOf":{"@id":"https:\/\/stacatarina.mx\/consejos\/#website"},"primaryImageOfPage":{"@id":"https:\/\/stacatarina.mx\/consejos\/los-pfas-y-los-pesticidas-en-los-alimentos-los-cientificos-revelan-el-coste-oculto-pesan-mas-de-22-billones-de-dolares-al-ano-en-la-asistencia-sanitaria\/#primaryimage"},"image":{"@id":"https:\/\/stacatarina.mx\/consejos\/los-pfas-y-los-pesticidas-en-los-alimentos-los-cientificos-revelan-el-coste-oculto-pesan-mas-de-22-billones-de-dolares-al-ano-en-la-asistencia-sanitaria\/#primaryimage"},"thumbnailUrl":"https:\/\/stacatarina.mx\/consejos\/wp-content\/uploads\/2025\/12\/1765590749_Los-PFAS-y-los-pesticidas-en-los-alimentos-los-cientificos.jpg","datePublished":"2025-12-13T01:52:28+00:00","dateModified":"2025-12-13T01:52:30+00:00","breadcrumb":{"@id":"https:\/\/stacatarina.mx\/consejos\/los-pfas-y-los-pesticidas-en-los-alimentos-los-cientificos-revelan-el-coste-oculto-pesan-mas-de-22-billones-de-dolares-al-ano-en-la-asistencia-sanitaria\/#breadcrumb"},"inLanguage":"es","potentialAction":[{"@type":"ReadAction","target":["https:\/\/stacatarina.mx\/consejos\/los-pfas-y-los-pesticidas-en-los-alimentos-los-cientificos-revelan-el-coste-oculto-pesan-mas-de-22-billones-de-dolares-al-ano-en-la-asistencia-sanitaria\/"]}]},{"@type":"ImageObject","inLanguage":"es","@id":"https:\/\/stacatarina.mx\/consejos\/los-pfas-y-los-pesticidas-en-los-alimentos-los-cientificos-revelan-el-coste-oculto-pesan-mas-de-22-billones-de-dolares-al-ano-en-la-asistencia-sanitaria\/#primaryimage","url":"https:\/\/stacatarina.mx\/consejos\/wp-content\/uploads\/2025\/12\/1765590749_Los-PFAS-y-los-pesticidas-en-los-alimentos-los-cientificos.jpg","contentUrl":"https:\/\/stacatarina.mx\/consejos\/wp-content\/uploads\/2025\/12\/1765590749_Los-PFAS-y-los-pesticidas-en-los-alimentos-los-cientificos.jpg","width":1500,"height":1000,"caption":"pfas"},{"@type":"BreadcrumbList","@id":"https:\/\/stacatarina.mx\/consejos\/los-pfas-y-los-pesticidas-en-los-alimentos-los-cientificos-revelan-el-coste-oculto-pesan-mas-de-22-billones-de-dolares-al-ano-en-la-asistencia-sanitaria\/#breadcrumb","itemListElement":[{"@type":"ListItem","position":1,"name":"Inicio","item":"https:\/\/stacatarina.mx\/consejos\/"},{"@type":"ListItem","position":2,"name":"Los PFAS y los pesticidas en los alimentos, los cient\u00edficos revelan el coste oculto: pesan m\u00e1s de 2,2 billones de d\u00f3lares al a\u00f1o en la asistencia sanitaria"}]},{"@type":"WebSite","@id":"https:\/\/stacatarina.mx\/consejos\/#website","url":"https:\/\/stacatarina.mx\/consejos\/","name":"Santa Catarina","description":"","publisher":{"@id":"https:\/\/stacatarina.mx\/consejos\/#organization"},"potentialAction":[{"@type":"SearchAction","target":{"@type":"EntryPoint","urlTemplate":"https:\/\/stacatarina.mx\/consejos\/?s={search_term_string}"},"query-input":{"@type":"PropertyValueSpecification","valueRequired":true,"valueName":"search_term_string"}}],"inLanguage":"es"},{"@type":"Organization","@id":"https:\/\/stacatarina.mx\/consejos\/#organization","name":"Santa Catarina","url":"https:\/\/stacatarina.mx\/consejos\/","logo":{"@type":"ImageObject","inLanguage":"es","@id":"https:\/\/stacatarina.mx\/consejos\/#\/schema\/logo\/image\/","url":"https:\/\/stacatarina.mx\/consejos\/wp-content\/uploads\/2024\/09\/cropped-favicon-1-1.png","contentUrl":"https:\/\/stacatarina.mx\/consejos\/wp-content\/uploads\/2024\/09\/cropped-favicon-1-1.png","width":512,"height":512,"caption":"Santa Catarina"},"image":{"@id":"https:\/\/stacatarina.mx\/consejos\/#\/schema\/logo\/image\/"},"sameAs":["https:\/\/www.facebook.com\/stacatarinagob\/","https:\/\/x.com\/stacatarinagob","https:\/\/www.instagram.com\/stacatarinagob\/","https:\/\/www.youtube.com\/channel\/UCK-6cQJL_904665N1_nLTWw"]},{"@type":"Person","@id":"https:\/\/stacatarina.mx\/consejos\/#\/schema\/person\/0be60adffa8e4c4d0828fdf021450e8a","name":"Pedro Mart\u00ednez","image":{"@type":"ImageObject","inLanguage":"es","@id":"https:\/\/stacatarina.mx\/consejos\/#\/schema\/person\/image\/","url":"https:\/\/stacatarina.mx\/consejos\/wp-content\/uploads\/2024\/09\/stacatarina.jpg","contentUrl":"https:\/\/stacatarina.mx\/consejos\/wp-content\/uploads\/2024\/09\/stacatarina.jpg","caption":"Pedro Mart\u00ednez"},"description":"Hola, soy Pedro Mart\u00ednez, redactor jefe del sitio oficial del ayuntamiento de Santa Catarina, en M\u00e9xico. Con m\u00e1s de diez a\u00f1os de experiencia en el periodismo local, tengo una pasi\u00f3n por la investigaci\u00f3n y la difusi\u00f3n de informaci\u00f3n que valoriza nuestra hermosa comunidad. Mi compromiso es hacer de Santa Catarina una referencia en materia de transparencia y comunicaci\u00f3n municipal.","sameAs":["https:\/\/stacatarina.mx\/"]}]}},"_links":{"self":[{"href":"https:\/\/stacatarina.mx\/consejos\/wp-json\/wp\/v2\/posts\/6712"}],"collection":[{"href":"https:\/\/stacatarina.mx\/consejos\/wp-json\/wp\/v2\/posts"}],"about":[{"href":"https:\/\/stacatarina.mx\/consejos\/wp-json\/wp\/v2\/types\/post"}],"author":[{"embeddable":true,"href":"https:\/\/stacatarina.mx\/consejos\/wp-json\/wp\/v2\/users\/1"}],"replies":[{"embeddable":true,"href":"https:\/\/stacatarina.mx\/consejos\/wp-json\/wp\/v2\/comments?post=6712"}],"version-history":[{"count":1,"href":"https:\/\/stacatarina.mx\/consejos\/wp-json\/wp\/v2\/posts\/6712\/revisions"}],"predecessor-version":[{"id":6714,"href":"https:\/\/stacatarina.mx\/consejos\/wp-json\/wp\/v2\/posts\/6712\/revisions\/6714"}],"wp:featuredmedia":[{"embeddable":true,"href":"https:\/\/stacatarina.mx\/consejos\/wp-json\/wp\/v2\/media\/6713"}],"wp:attachment":[{"href":"https:\/\/stacatarina.mx\/consejos\/wp-json\/wp\/v2\/media?parent=6712"}],"wp:term":[{"taxonomy":"category","embeddable":true,"href":"https:\/\/stacatarina.mx\/consejos\/wp-json\/wp\/v2\/categories?post=6712"},{"taxonomy":"post_tag","embeddable":true,"href":"https:\/\/stacatarina.mx\/consejos\/wp-json\/wp\/v2\/tags?post=6712"}],"curies":[{"name":"wp","href":"https:\/\/api.w.org\/{rel}","templated":true}]}}