{"id":6715,"date":"2025-12-13T00:52:57","date_gmt":"2025-12-13T06:52:57","guid":{"rendered":"https:\/\/stacatarina.mx\/consejos\/un-estudio-revela-por-que-no-es-buena-idea-hacer-un-batido-de-platano-y-frutos-rojos\/"},"modified":"2025-12-13T00:52:59","modified_gmt":"2025-12-13T06:52:59","slug":"un-estudio-revela-por-que-no-es-buena-idea-hacer-un-batido-de-platano-y-frutos-rojos","status":"publish","type":"post","link":"https:\/\/stacatarina.mx\/consejos\/un-estudio-revela-por-que-no-es-buena-idea-hacer-un-batido-de-platano-y-frutos-rojos\/","title":{"rendered":"Un estudio revela por qu\u00e9 no es buena idea hacer un batido de pl\u00e1tano y frutos rojos"},"content":{"rendered":"<p><\/p>\n<p>Hay quien lo bebe todas las ma\u00f1anas convencido de que est\u00e1 haciendo la mejor elecci\u00f3n posible: pl\u00e1tano, frutos del bosque, quiz\u00e1 un poco de leche vegetal y listo. Un gesto autom\u00e1tico, tranquilizador, casi saludable por definici\u00f3n. Pero no. Un estudio cient\u00edfico reciente sugiere que esta popular combinaci\u00f3n podr\u00eda reducir dr\u00e1sticamente los beneficios nutricionales que creemos que estamos obteniendo.<\/p>\n<p>Esto no es una demonizaci\u00f3n del pl\u00e1tano, ni un ataque a los batidos caseros. Es una cuesti\u00f3n de qu\u00edmica alimentaria, esa que rara vez termina en las conversaciones cotidianas, pero que afecta lo que nuestro cuerpo realmente absorbe m\u00e1s de lo que imaginamos.<\/p>\n<h2>\u00bfQu\u00e9 pasa cuando mezclamos pl\u00e1tano y frutos rojos?<\/h2>\n<p>Los investigadores han centrado su atenci\u00f3n en lo que se llama <em>matriz alimentaria<\/em>es decir, la forma en la que los ingredientes interact\u00faan entre s\u00ed una vez cortados, triturados o licuados. La idea de que \u201ccuantos m\u00e1s ingredientes saludables combine, mejor\u201d no siempre funciona.<\/p>\n<p>El quid de la cuesti\u00f3n son los flavanoles, compuestos bioactivos presentes en abundancia en las bayas, el cacao, las manzanas y el t\u00e9. Se han estudiado durante a\u00f1os por su papel en la protecci\u00f3n del coraz\u00f3n y del cerebro, hasta el punto de que las pautas nutricionales sugieren tomar cantidades precisas todos los d\u00edas.<\/p>\n<p>El problema surge cuando estos flavanoles entran en contacto con una enzima llamada polifenol oxidasa, muy presente en el pl\u00e1tano. Es la misma enzima responsable del ennegrecimiento de la fruta al cortarla. En la licuadora, sin embargo, este proceso se acelera: las c\u00e9lulas del pl\u00e1tano se descomponen, la enzima se libera y comienza a oxidar los flavanoles, con una r\u00e1pida y significativa p\u00e9rdida de estos compuestos beneficiosos, en cuesti\u00f3n de minutos.<\/p>\n<h2>el estudio<\/h2>\n<p>Para comprender cu\u00e1n significativo fue el efecto, un grupo de investigadores estadounidenses y brit\u00e1nicos involucr\u00f3 a ocho hombres sanos y los someti\u00f3 a tres pruebas diferentes en d\u00edas separados. En un caso tomaron flavanoles en forma de c\u00e1psulas. En otro bebieron un batido solo de frutos rojos. En el \u00faltimo, un batido con pl\u00e1tano, siempre con la misma cantidad de flavanoles a\u00f1adidos.<\/p>\n<p>Los resultados fueron muy claros. Con la c\u00e1psula y con el batido de frutos rojos, los niveles de flavanoles en sangre eran pr\u00e1cticamente comparables. Sin embargo, cuando el pl\u00e1tano entr\u00f3 en juego, el pico de flavanoles absorbidos cay\u00f3 en m\u00e1s del 80%.<\/p>\n<p>Por tanto, no se trata de una diferencia marginal. Es un cambio claro, que se produce inmediatamente despu\u00e9s de preparar el batido. Los propios investigadores admitieron estar sorprendidos por la velocidad del fen\u00f3meno y subrayaron que la combinaci\u00f3n de alimentos y la forma en que los preparamos importan tanto como la elecci\u00f3n de los ingredientes.<\/p>\n<h2>Pl\u00e1tanos \u00bfs\u00ed o no?<\/h2>\n<p>Llegados a este punto conviene aclarar: el pl\u00e1tano sigue siendo un alimento saludable. Es una buena fuente de potasio, fibra y energ\u00eda, es econ\u00f3mica y pr\u00e1ctica. El estudio no dice que sea malo, pero eso.<\/p>\n<p>Si el objetivo es un batido a base de frutos rojos o cacao, es mejor evitar el pl\u00e1tano y centrarse en alternativas que no interfieran con estos compuestos, como el yogur, el aguacate o el mango. Sin embargo, si quieres un batido de pl\u00e1tano, no hay problema: puedes beberlo f\u00e1cilmente, quiz\u00e1s con leche o mantequilla de man\u00ed, sin esperar una ingesta significativa de flavanoles.<\/p>\n<p>El mensaje que surge es simple y, al mismo tiempo, un poco inc\u00f3modo: . Un peque\u00f1o cambio de h\u00e1bitos puede marcar una gran diferencia, especialmente cuando creemos que estamos tomando la mejor decisi\u00f3n posible cada d\u00eda.<\/p><\/p>\n","protected":false},"excerpt":{"rendered":"<p>Hay quien lo bebe todas las ma\u00f1anas convencido de que est\u00e1 haciendo la mejor elecci\u00f3n posible: pl\u00e1tano, frutos del bosque, quiz\u00e1 un poco de leche<\/p>\n","protected":false},"author":1,"featured_media":6716,"comment_status":"closed","ping_status":"","sticky":false,"template":"","format":"standard","meta":{"footnotes":""},"categories":[762],"tags":[2185,4071,219,2825,83,5552,6684,112,247,627,7006],"class_list":["post-6715","post","type-post","status-publish","format-standard","has-post-thumbnail","hentry","category-salud","tag-batido","tag-buena","tag-estudio","tag-frutos","tag-hacer","tag-idea","tag-platano","tag-por","tag-que","tag-revela","tag-rojos","generate-columns","tablet-grid-50","mobile-grid-100","grid-parent","grid-50"],"yoast_head":"<!-- This site is optimized with the Yoast SEO plugin v23.4 - https:\/\/yoast.com\/wordpress\/plugins\/seo\/ -->\n<title>Un estudio revela por qu\u00e9 no es buena idea hacer un batido de pl\u00e1tano y frutos rojos - Consejos - Santa Catarina<\/title>\n<meta name=\"robots\" content=\"index, follow, max-snippet:-1, max-image-preview:large, max-video-preview:-1\" \/>\n<link rel=\"canonical\" href=\"https:\/\/stacatarina.mx\/consejos\/un-estudio-revela-por-que-no-es-buena-idea-hacer-un-batido-de-platano-y-frutos-rojos\/\" \/>\n<meta property=\"og:locale\" content=\"es_MX\" \/>\n<meta property=\"og:type\" content=\"article\" \/>\n<meta property=\"og:title\" content=\"Un estudio revela por qu\u00e9 no es buena idea hacer un batido de pl\u00e1tano y frutos rojos - Consejos - Santa Catarina\" \/>\n<meta property=\"og:description\" content=\"Hay quien lo bebe todas las ma\u00f1anas convencido de que est\u00e1 haciendo la mejor elecci\u00f3n posible: pl\u00e1tano, frutos del bosque, quiz\u00e1 un poco de leche\" \/>\n<meta property=\"og:url\" content=\"https:\/\/stacatarina.mx\/consejos\/un-estudio-revela-por-que-no-es-buena-idea-hacer-un-batido-de-platano-y-frutos-rojos\/\" \/>\n<meta property=\"og:site_name\" content=\"Santa Catarina\" \/>\n<meta property=\"article:publisher\" content=\"https:\/\/www.facebook.com\/stacatarinagob\/\" \/>\n<meta property=\"article:published_time\" content=\"2025-12-13T06:52:57+00:00\" \/>\n<meta property=\"article:modified_time\" content=\"2025-12-13T06:52:59+00:00\" \/>\n<meta property=\"og:image\" content=\"https:\/\/stacatarina.mx\/consejos\/wp-content\/uploads\/2025\/12\/1765608778_Un-estudio-revela-por-que-no-es-buena-idea-hacer.jpg\" \/>\n\t<meta property=\"og:image:width\" content=\"1500\" \/>\n\t<meta property=\"og:image:height\" content=\"1000\" \/>\n\t<meta property=\"og:image:type\" content=\"image\/jpeg\" \/>\n<meta name=\"author\" content=\"Pedro Mart\u00ednez\" \/>\n<meta name=\"twitter:card\" content=\"summary_large_image\" \/>\n<meta name=\"twitter:creator\" content=\"@stacatarinagob\" \/>\n<meta name=\"twitter:site\" content=\"@stacatarinagob\" \/>\n<meta name=\"twitter:label1\" content=\"Escrito por\" \/>\n\t<meta name=\"twitter:data1\" content=\"Pedro Mart\u00ednez\" \/>\n\t<meta name=\"twitter:label2\" content=\"Tiempo de lectura\" \/>\n\t<meta name=\"twitter:data2\" content=\"3 minutos\" \/>\n<script type=\"application\/ld+json\" class=\"yoast-schema-graph\">{\"@context\":\"https:\/\/schema.org\",\"@graph\":[{\"@type\":\"Article\",\"@id\":\"https:\/\/stacatarina.mx\/consejos\/un-estudio-revela-por-que-no-es-buena-idea-hacer-un-batido-de-platano-y-frutos-rojos\/#article\",\"isPartOf\":{\"@id\":\"https:\/\/stacatarina.mx\/consejos\/un-estudio-revela-por-que-no-es-buena-idea-hacer-un-batido-de-platano-y-frutos-rojos\/\"},\"author\":{\"name\":\"Pedro Mart\u00ednez\",\"@id\":\"https:\/\/stacatarina.mx\/consejos\/#\/schema\/person\/0be60adffa8e4c4d0828fdf021450e8a\"},\"headline\":\"Un estudio revela por qu\u00e9 no es buena idea hacer un batido de pl\u00e1tano y frutos rojos\",\"datePublished\":\"2025-12-13T06:52:57+00:00\",\"dateModified\":\"2025-12-13T06:52:59+00:00\",\"mainEntityOfPage\":{\"@id\":\"https:\/\/stacatarina.mx\/consejos\/un-estudio-revela-por-que-no-es-buena-idea-hacer-un-batido-de-platano-y-frutos-rojos\/\"},\"wordCount\":650,\"publisher\":{\"@id\":\"https:\/\/stacatarina.mx\/consejos\/#organization\"},\"image\":{\"@id\":\"https:\/\/stacatarina.mx\/consejos\/un-estudio-revela-por-que-no-es-buena-idea-hacer-un-batido-de-platano-y-frutos-rojos\/#primaryimage\"},\"thumbnailUrl\":\"https:\/\/stacatarina.mx\/consejos\/wp-content\/uploads\/2025\/12\/1765608778_Un-estudio-revela-por-que-no-es-buena-idea-hacer.jpg\",\"keywords\":[\"batido\",\"buena\",\"estudio\",\"frutos\",\"hacer\",\"idea\",\"pl\u00e1tano\",\"por\",\"qu\u00e9\",\"revela\",\"rojos\"],\"articleSection\":[\"Salud\"],\"inLanguage\":\"es\"},{\"@type\":\"WebPage\",\"@id\":\"https:\/\/stacatarina.mx\/consejos\/un-estudio-revela-por-que-no-es-buena-idea-hacer-un-batido-de-platano-y-frutos-rojos\/\",\"url\":\"https:\/\/stacatarina.mx\/consejos\/un-estudio-revela-por-que-no-es-buena-idea-hacer-un-batido-de-platano-y-frutos-rojos\/\",\"name\":\"Un estudio revela por qu\u00e9 no es buena idea hacer un batido de pl\u00e1tano y frutos rojos - Consejos - Santa Catarina\",\"isPartOf\":{\"@id\":\"https:\/\/stacatarina.mx\/consejos\/#website\"},\"primaryImageOfPage\":{\"@id\":\"https:\/\/stacatarina.mx\/consejos\/un-estudio-revela-por-que-no-es-buena-idea-hacer-un-batido-de-platano-y-frutos-rojos\/#primaryimage\"},\"image\":{\"@id\":\"https:\/\/stacatarina.mx\/consejos\/un-estudio-revela-por-que-no-es-buena-idea-hacer-un-batido-de-platano-y-frutos-rojos\/#primaryimage\"},\"thumbnailUrl\":\"https:\/\/stacatarina.mx\/consejos\/wp-content\/uploads\/2025\/12\/1765608778_Un-estudio-revela-por-que-no-es-buena-idea-hacer.jpg\",\"datePublished\":\"2025-12-13T06:52:57+00:00\",\"dateModified\":\"2025-12-13T06:52:59+00:00\",\"breadcrumb\":{\"@id\":\"https:\/\/stacatarina.mx\/consejos\/un-estudio-revela-por-que-no-es-buena-idea-hacer-un-batido-de-platano-y-frutos-rojos\/#breadcrumb\"},\"inLanguage\":\"es\",\"potentialAction\":[{\"@type\":\"ReadAction\",\"target\":[\"https:\/\/stacatarina.mx\/consejos\/un-estudio-revela-por-que-no-es-buena-idea-hacer-un-batido-de-platano-y-frutos-rojos\/\"]}]},{\"@type\":\"ImageObject\",\"inLanguage\":\"es\",\"@id\":\"https:\/\/stacatarina.mx\/consejos\/un-estudio-revela-por-que-no-es-buena-idea-hacer-un-batido-de-platano-y-frutos-rojos\/#primaryimage\",\"url\":\"https:\/\/stacatarina.mx\/consejos\/wp-content\/uploads\/2025\/12\/1765608778_Un-estudio-revela-por-que-no-es-buena-idea-hacer.jpg\",\"contentUrl\":\"https:\/\/stacatarina.mx\/consejos\/wp-content\/uploads\/2025\/12\/1765608778_Un-estudio-revela-por-que-no-es-buena-idea-hacer.jpg\",\"width\":1500,\"height\":1000,\"caption\":\"frullato banana e frutti di bosco\"},{\"@type\":\"BreadcrumbList\",\"@id\":\"https:\/\/stacatarina.mx\/consejos\/un-estudio-revela-por-que-no-es-buena-idea-hacer-un-batido-de-platano-y-frutos-rojos\/#breadcrumb\",\"itemListElement\":[{\"@type\":\"ListItem\",\"position\":1,\"name\":\"Inicio\",\"item\":\"https:\/\/stacatarina.mx\/consejos\/\"},{\"@type\":\"ListItem\",\"position\":2,\"name\":\"Un estudio revela por qu\u00e9 no es buena idea hacer un batido de pl\u00e1tano y frutos rojos\"}]},{\"@type\":\"WebSite\",\"@id\":\"https:\/\/stacatarina.mx\/consejos\/#website\",\"url\":\"https:\/\/stacatarina.mx\/consejos\/\",\"name\":\"Santa Catarina\",\"description\":\"\",\"publisher\":{\"@id\":\"https:\/\/stacatarina.mx\/consejos\/#organization\"},\"potentialAction\":[{\"@type\":\"SearchAction\",\"target\":{\"@type\":\"EntryPoint\",\"urlTemplate\":\"https:\/\/stacatarina.mx\/consejos\/?s={search_term_string}\"},\"query-input\":{\"@type\":\"PropertyValueSpecification\",\"valueRequired\":true,\"valueName\":\"search_term_string\"}}],\"inLanguage\":\"es\"},{\"@type\":\"Organization\",\"@id\":\"https:\/\/stacatarina.mx\/consejos\/#organization\",\"name\":\"Santa Catarina\",\"url\":\"https:\/\/stacatarina.mx\/consejos\/\",\"logo\":{\"@type\":\"ImageObject\",\"inLanguage\":\"es\",\"@id\":\"https:\/\/stacatarina.mx\/consejos\/#\/schema\/logo\/image\/\",\"url\":\"https:\/\/stacatarina.mx\/consejos\/wp-content\/uploads\/2024\/09\/cropped-favicon-1-1.png\",\"contentUrl\":\"https:\/\/stacatarina.mx\/consejos\/wp-content\/uploads\/2024\/09\/cropped-favicon-1-1.png\",\"width\":512,\"height\":512,\"caption\":\"Santa Catarina\"},\"image\":{\"@id\":\"https:\/\/stacatarina.mx\/consejos\/#\/schema\/logo\/image\/\"},\"sameAs\":[\"https:\/\/www.facebook.com\/stacatarinagob\/\",\"https:\/\/x.com\/stacatarinagob\",\"https:\/\/www.instagram.com\/stacatarinagob\/\",\"https:\/\/www.youtube.com\/channel\/UCK-6cQJL_904665N1_nLTWw\"]},{\"@type\":\"Person\",\"@id\":\"https:\/\/stacatarina.mx\/consejos\/#\/schema\/person\/0be60adffa8e4c4d0828fdf021450e8a\",\"name\":\"Pedro Mart\u00ednez\",\"image\":{\"@type\":\"ImageObject\",\"inLanguage\":\"es\",\"@id\":\"https:\/\/stacatarina.mx\/consejos\/#\/schema\/person\/image\/\",\"url\":\"https:\/\/stacatarina.mx\/consejos\/wp-content\/uploads\/2024\/09\/stacatarina.jpg\",\"contentUrl\":\"https:\/\/stacatarina.mx\/consejos\/wp-content\/uploads\/2024\/09\/stacatarina.jpg\",\"caption\":\"Pedro Mart\u00ednez\"},\"description\":\"Hola, soy Pedro Mart\u00ednez, redactor jefe del sitio oficial del ayuntamiento de Santa Catarina, en M\u00e9xico. Con m\u00e1s de diez a\u00f1os de experiencia en el periodismo local, tengo una pasi\u00f3n por la investigaci\u00f3n y la difusi\u00f3n de informaci\u00f3n que valoriza nuestra hermosa comunidad. Mi compromiso es hacer de Santa Catarina una referencia en materia de transparencia y comunicaci\u00f3n municipal.\",\"sameAs\":[\"https:\/\/stacatarina.mx\/\"]}]}<\/script>\n<!-- \/ Yoast SEO plugin. -->","yoast_head_json":{"title":"Un estudio revela por qu\u00e9 no es buena idea hacer un batido de pl\u00e1tano y frutos rojos - Consejos - Santa Catarina","robots":{"index":"index","follow":"follow","max-snippet":"max-snippet:-1","max-image-preview":"max-image-preview:large","max-video-preview":"max-video-preview:-1"},"canonical":"https:\/\/stacatarina.mx\/consejos\/un-estudio-revela-por-que-no-es-buena-idea-hacer-un-batido-de-platano-y-frutos-rojos\/","og_locale":"es_MX","og_type":"article","og_title":"Un estudio revela por qu\u00e9 no es buena idea hacer un batido de pl\u00e1tano y frutos rojos - Consejos - Santa Catarina","og_description":"Hay quien lo bebe todas las ma\u00f1anas convencido de que est\u00e1 haciendo la mejor elecci\u00f3n posible: pl\u00e1tano, frutos del bosque, quiz\u00e1 un poco de leche","og_url":"https:\/\/stacatarina.mx\/consejos\/un-estudio-revela-por-que-no-es-buena-idea-hacer-un-batido-de-platano-y-frutos-rojos\/","og_site_name":"Santa Catarina","article_publisher":"https:\/\/www.facebook.com\/stacatarinagob\/","article_published_time":"2025-12-13T06:52:57+00:00","article_modified_time":"2025-12-13T06:52:59+00:00","og_image":[{"width":1500,"height":1000,"url":"https:\/\/stacatarina.mx\/consejos\/wp-content\/uploads\/2025\/12\/1765608778_Un-estudio-revela-por-que-no-es-buena-idea-hacer.jpg","type":"image\/jpeg"}],"author":"Pedro Mart\u00ednez","twitter_card":"summary_large_image","twitter_creator":"@stacatarinagob","twitter_site":"@stacatarinagob","twitter_misc":{"Escrito por":"Pedro Mart\u00ednez","Tiempo de lectura":"3 minutos"},"schema":{"@context":"https:\/\/schema.org","@graph":[{"@type":"Article","@id":"https:\/\/stacatarina.mx\/consejos\/un-estudio-revela-por-que-no-es-buena-idea-hacer-un-batido-de-platano-y-frutos-rojos\/#article","isPartOf":{"@id":"https:\/\/stacatarina.mx\/consejos\/un-estudio-revela-por-que-no-es-buena-idea-hacer-un-batido-de-platano-y-frutos-rojos\/"},"author":{"name":"Pedro Mart\u00ednez","@id":"https:\/\/stacatarina.mx\/consejos\/#\/schema\/person\/0be60adffa8e4c4d0828fdf021450e8a"},"headline":"Un estudio revela por qu\u00e9 no es buena idea hacer un batido de pl\u00e1tano y frutos rojos","datePublished":"2025-12-13T06:52:57+00:00","dateModified":"2025-12-13T06:52:59+00:00","mainEntityOfPage":{"@id":"https:\/\/stacatarina.mx\/consejos\/un-estudio-revela-por-que-no-es-buena-idea-hacer-un-batido-de-platano-y-frutos-rojos\/"},"wordCount":650,"publisher":{"@id":"https:\/\/stacatarina.mx\/consejos\/#organization"},"image":{"@id":"https:\/\/stacatarina.mx\/consejos\/un-estudio-revela-por-que-no-es-buena-idea-hacer-un-batido-de-platano-y-frutos-rojos\/#primaryimage"},"thumbnailUrl":"https:\/\/stacatarina.mx\/consejos\/wp-content\/uploads\/2025\/12\/1765608778_Un-estudio-revela-por-que-no-es-buena-idea-hacer.jpg","keywords":["batido","buena","estudio","frutos","hacer","idea","pl\u00e1tano","por","qu\u00e9","revela","rojos"],"articleSection":["Salud"],"inLanguage":"es"},{"@type":"WebPage","@id":"https:\/\/stacatarina.mx\/consejos\/un-estudio-revela-por-que-no-es-buena-idea-hacer-un-batido-de-platano-y-frutos-rojos\/","url":"https:\/\/stacatarina.mx\/consejos\/un-estudio-revela-por-que-no-es-buena-idea-hacer-un-batido-de-platano-y-frutos-rojos\/","name":"Un estudio revela por qu\u00e9 no es buena idea hacer un batido de pl\u00e1tano y frutos rojos - Consejos - Santa Catarina","isPartOf":{"@id":"https:\/\/stacatarina.mx\/consejos\/#website"},"primaryImageOfPage":{"@id":"https:\/\/stacatarina.mx\/consejos\/un-estudio-revela-por-que-no-es-buena-idea-hacer-un-batido-de-platano-y-frutos-rojos\/#primaryimage"},"image":{"@id":"https:\/\/stacatarina.mx\/consejos\/un-estudio-revela-por-que-no-es-buena-idea-hacer-un-batido-de-platano-y-frutos-rojos\/#primaryimage"},"thumbnailUrl":"https:\/\/stacatarina.mx\/consejos\/wp-content\/uploads\/2025\/12\/1765608778_Un-estudio-revela-por-que-no-es-buena-idea-hacer.jpg","datePublished":"2025-12-13T06:52:57+00:00","dateModified":"2025-12-13T06:52:59+00:00","breadcrumb":{"@id":"https:\/\/stacatarina.mx\/consejos\/un-estudio-revela-por-que-no-es-buena-idea-hacer-un-batido-de-platano-y-frutos-rojos\/#breadcrumb"},"inLanguage":"es","potentialAction":[{"@type":"ReadAction","target":["https:\/\/stacatarina.mx\/consejos\/un-estudio-revela-por-que-no-es-buena-idea-hacer-un-batido-de-platano-y-frutos-rojos\/"]}]},{"@type":"ImageObject","inLanguage":"es","@id":"https:\/\/stacatarina.mx\/consejos\/un-estudio-revela-por-que-no-es-buena-idea-hacer-un-batido-de-platano-y-frutos-rojos\/#primaryimage","url":"https:\/\/stacatarina.mx\/consejos\/wp-content\/uploads\/2025\/12\/1765608778_Un-estudio-revela-por-que-no-es-buena-idea-hacer.jpg","contentUrl":"https:\/\/stacatarina.mx\/consejos\/wp-content\/uploads\/2025\/12\/1765608778_Un-estudio-revela-por-que-no-es-buena-idea-hacer.jpg","width":1500,"height":1000,"caption":"frullato banana e frutti di bosco"},{"@type":"BreadcrumbList","@id":"https:\/\/stacatarina.mx\/consejos\/un-estudio-revela-por-que-no-es-buena-idea-hacer-un-batido-de-platano-y-frutos-rojos\/#breadcrumb","itemListElement":[{"@type":"ListItem","position":1,"name":"Inicio","item":"https:\/\/stacatarina.mx\/consejos\/"},{"@type":"ListItem","position":2,"name":"Un estudio revela por qu\u00e9 no es buena idea hacer un batido de pl\u00e1tano y frutos rojos"}]},{"@type":"WebSite","@id":"https:\/\/stacatarina.mx\/consejos\/#website","url":"https:\/\/stacatarina.mx\/consejos\/","name":"Santa Catarina","description":"","publisher":{"@id":"https:\/\/stacatarina.mx\/consejos\/#organization"},"potentialAction":[{"@type":"SearchAction","target":{"@type":"EntryPoint","urlTemplate":"https:\/\/stacatarina.mx\/consejos\/?s={search_term_string}"},"query-input":{"@type":"PropertyValueSpecification","valueRequired":true,"valueName":"search_term_string"}}],"inLanguage":"es"},{"@type":"Organization","@id":"https:\/\/stacatarina.mx\/consejos\/#organization","name":"Santa Catarina","url":"https:\/\/stacatarina.mx\/consejos\/","logo":{"@type":"ImageObject","inLanguage":"es","@id":"https:\/\/stacatarina.mx\/consejos\/#\/schema\/logo\/image\/","url":"https:\/\/stacatarina.mx\/consejos\/wp-content\/uploads\/2024\/09\/cropped-favicon-1-1.png","contentUrl":"https:\/\/stacatarina.mx\/consejos\/wp-content\/uploads\/2024\/09\/cropped-favicon-1-1.png","width":512,"height":512,"caption":"Santa Catarina"},"image":{"@id":"https:\/\/stacatarina.mx\/consejos\/#\/schema\/logo\/image\/"},"sameAs":["https:\/\/www.facebook.com\/stacatarinagob\/","https:\/\/x.com\/stacatarinagob","https:\/\/www.instagram.com\/stacatarinagob\/","https:\/\/www.youtube.com\/channel\/UCK-6cQJL_904665N1_nLTWw"]},{"@type":"Person","@id":"https:\/\/stacatarina.mx\/consejos\/#\/schema\/person\/0be60adffa8e4c4d0828fdf021450e8a","name":"Pedro Mart\u00ednez","image":{"@type":"ImageObject","inLanguage":"es","@id":"https:\/\/stacatarina.mx\/consejos\/#\/schema\/person\/image\/","url":"https:\/\/stacatarina.mx\/consejos\/wp-content\/uploads\/2024\/09\/stacatarina.jpg","contentUrl":"https:\/\/stacatarina.mx\/consejos\/wp-content\/uploads\/2024\/09\/stacatarina.jpg","caption":"Pedro Mart\u00ednez"},"description":"Hola, soy Pedro Mart\u00ednez, redactor jefe del sitio oficial del ayuntamiento de Santa Catarina, en M\u00e9xico. Con m\u00e1s de diez a\u00f1os de experiencia en el periodismo local, tengo una pasi\u00f3n por la investigaci\u00f3n y la difusi\u00f3n de informaci\u00f3n que valoriza nuestra hermosa comunidad. Mi compromiso es hacer de Santa Catarina una referencia en materia de transparencia y comunicaci\u00f3n municipal.","sameAs":["https:\/\/stacatarina.mx\/"]}]}},"_links":{"self":[{"href":"https:\/\/stacatarina.mx\/consejos\/wp-json\/wp\/v2\/posts\/6715"}],"collection":[{"href":"https:\/\/stacatarina.mx\/consejos\/wp-json\/wp\/v2\/posts"}],"about":[{"href":"https:\/\/stacatarina.mx\/consejos\/wp-json\/wp\/v2\/types\/post"}],"author":[{"embeddable":true,"href":"https:\/\/stacatarina.mx\/consejos\/wp-json\/wp\/v2\/users\/1"}],"replies":[{"embeddable":true,"href":"https:\/\/stacatarina.mx\/consejos\/wp-json\/wp\/v2\/comments?post=6715"}],"version-history":[{"count":1,"href":"https:\/\/stacatarina.mx\/consejos\/wp-json\/wp\/v2\/posts\/6715\/revisions"}],"predecessor-version":[{"id":6717,"href":"https:\/\/stacatarina.mx\/consejos\/wp-json\/wp\/v2\/posts\/6715\/revisions\/6717"}],"wp:featuredmedia":[{"embeddable":true,"href":"https:\/\/stacatarina.mx\/consejos\/wp-json\/wp\/v2\/media\/6716"}],"wp:attachment":[{"href":"https:\/\/stacatarina.mx\/consejos\/wp-json\/wp\/v2\/media?parent=6715"}],"wp:term":[{"taxonomy":"category","embeddable":true,"href":"https:\/\/stacatarina.mx\/consejos\/wp-json\/wp\/v2\/categories?post=6715"},{"taxonomy":"post_tag","embeddable":true,"href":"https:\/\/stacatarina.mx\/consejos\/wp-json\/wp\/v2\/tags?post=6715"}],"curies":[{"name":"wp","href":"https:\/\/api.w.org\/{rel}","templated":true}]}}