{"id":739,"date":"2024-10-16T01:25:40","date_gmt":"2024-10-16T07:25:40","guid":{"rendered":"https:\/\/stacatarina.mx\/consejos\/el-tsunami-del-tamano-de-un-rascacielos-que-vibro-por-todo-el-planeta-y-nadie-lo-vio\/"},"modified":"2024-10-16T01:25:41","modified_gmt":"2024-10-16T07:25:41","slug":"el-tsunami-del-tamano-de-un-rascacielos-que-vibro-por-todo-el-planeta-y-nadie-lo-vio","status":"publish","type":"post","link":"https:\/\/stacatarina.mx\/consejos\/el-tsunami-del-tamano-de-un-rascacielos-que-vibro-por-todo-el-planeta-y-nadie-lo-vio\/","title":{"rendered":"El tsunami del tama\u00f1o de un rascacielos que vibr\u00f3 por todo el planeta y nadie lo vio"},"content":{"rendered":"<div class=\"entry-content\">\n<p>Los cient\u00edficos s\u00edsmicos detectaron una se\u00f1al inusual en las estaciones de monitoreo utilizadas para detectar actividad s\u00edsmica durante septiembre de 2023. La vimos en sensores en todas partes, desde el \u00c1rtico hasta la Ant\u00e1rtida.<\/p>\n<p>Est\u00e1bamos desconcertados: la se\u00f1al no se parec\u00eda a ninguna registrada anteriormente. En lugar del estruendo rico en frecuencia t\u00edpico de los terremotos, se trataba de un zumbido mon\u00f3tono que conten\u00eda s\u00f3lo una \u00fanica frecuencia de vibraci\u00f3n. A\u00fan m\u00e1s desconcertante fue que la se\u00f1al continu\u00f3 durante nueve d\u00edas.<\/p>\n<figure class=\"wp-block-image\"><\/figure>\n<p>Inicialmente clasificado como \u201cOSU\u201d (un objeto s\u00edsmico no identificado), la fuente de la se\u00f1al finalmente se remonta a un deslizamiento de tierra masivo en el remoto fiordo Dickson de Groenlandia. Un asombroso volumen de roca y hielo, suficiente para llenar 10.000 piscinas ol\u00edmpicas, se hundi\u00f3 en el fiordo, provocando un megatsunami de 200 metros de altura y un fen\u00f3meno conocido como seiche: una ola en el fiordo helado que continuaba chapotean de un lado a otro, unas 10.000 veces en nueve d\u00edas.<\/p>\n<p>Para poner el tsunami en contexto, esa ola de 200 metros ten\u00eda el doble de altura que la torre que alberga el Big Ben en Londres y muchas veces m\u00e1s alta que cualquier cosa registrada despu\u00e9s de los masivos terremotos submarinos en Indonesia en 2004 (el tsunami del Boxing Day) o Jap\u00f3n en 2011. (el tsunami que azot\u00f3 la central nuclear de Fukushima). Fue quiz\u00e1s la ola m\u00e1s alta en la Tierra desde 1980.<\/p>\n<p>Nuestro descubrimiento, ahora publicado en la revista Science, se bas\u00f3 en la colaboraci\u00f3n con otros 66 cient\u00edficos de 40 instituciones en 15 pa\u00edses. Al igual que la investigaci\u00f3n de un accidente a\u00e9reo, resolver este misterio requiri\u00f3 reunir muchas pruebas diversas, desde un tesoro escondido de datos s\u00edsmicos hasta im\u00e1genes satelitales, monitores del nivel del agua en los fiordos y simulaciones detalladas de c\u00f3mo evolucion\u00f3 la ola del tsunami.<\/p>\n<figure class=\"wp-block-image\"><img decoding=\"async\" src=\"https:\/\/stacatarina.mx\/consejos\/wp-content\/uploads\/2024\/10\/El-tsunami-del-tamano-de-un-rascacielos-que-vibro-por.0&#038;q=45&#038;auto=format&#038;w=754&#038;fit=clip.gif\" alt=\"Gif que muestra deslizamiento de tierra antes y despu\u00e9s\"><\/figure>\n<p>Todo esto puso de relieve una catastr\u00f3fica cadena de acontecimientos en cascada, desde d\u00e9cadas hasta segundos antes del colapso. El deslizamiento de tierra descendi\u00f3 por un glaciar muy empinado en un estrecho barranco antes de hundirse en un fiordo estrecho y confinado. Al final, fueron d\u00e9cadas de calentamiento global las que hicieron que el glaciar se adelgazara varias decenas de metros, lo que significa que la monta\u00f1a que se elevaba sobre \u00e9l ya no pod\u00eda sostenerse.<\/p>\n<h2 class=\"wp-block-heading\">Aguas inexploradas<\/h2>\n<p>Pero m\u00e1s all\u00e1 de la rareza de esta maravilla cient\u00edfica, este evento subraya una verdad m\u00e1s profunda e inquietante: el cambio clim\u00e1tico est\u00e1 remodelando nuestro planeta y nuestros m\u00e9todos cient\u00edficos de maneras que apenas estamos comenzando a comprender.<\/p>\n<p>Es un claro recordatorio de que navegamos por aguas desconocidas. Hace apenas un a\u00f1o, la idea de que un seiche pudiera persistir durante nueve d\u00edas habr\u00eda sido descartada por absurda. De manera similar, hace un siglo, la idea de que el calentamiento podr\u00eda desestabilizar las laderas del \u00c1rtico, provocando deslizamientos de tierra masivos y tsunamis casi todos los a\u00f1os, habr\u00eda sido considerada descabellada. Sin embargo, estos acontecimientos antes impensables se est\u00e1n convirtiendo ahora en nuestra nueva realidad. https:\/\/www.youtube.com\/embed\/5et66s74OGs?wmode=transparent&#038;start=0 Lo que &#8220;una vez fue impensable&#8221; se propaga por todo el mundo. (V\u00eddeo: Stephen Hicks; Kristian Svennevig; Thomas Lecocq; Alexis Marbeouf)<\/p>\n<p>A medida que nos adentramos en esta nueva era, podemos esperar presenciar m\u00e1s fen\u00f3menos que desaf\u00edan nuestra comprensi\u00f3n anterior, simplemente porque nuestra experiencia no abarca las condiciones extremas que estamos encontrando ahora. Encontramos una ola de nueve d\u00edas que antes nadie pod\u00eda imaginar que pudiera existir.<\/p>\n<p>Tradicionalmente, los debates sobre el cambio clim\u00e1tico se han centrado en que miremos hacia arriba y hacia afuera, a la atm\u00f3sfera y a los oc\u00e9anos, con patrones clim\u00e1ticos cambiantes y aumento del nivel del mar. Pero el fiordo Dickson nos obliga a mirar hacia abajo, a la corteza misma bajo nuestros pies.<\/p>\n<p>Quiz\u00e1s por primera vez, el cambio clim\u00e1tico ha desencadenado un evento s\u00edsmico con implicaciones globales. El deslizamiento de tierra en Groenlandia envi\u00f3 vibraciones a trav\u00e9s de la Tierra, sacudiendo el planeta y generando ondas s\u00edsmicas que viajaron por todo el mundo, una hora despu\u00e9s del evento. Ning\u00fan pedazo de suelo bajo nuestros pies fue inmune a estas vibraciones, abriendo metaf\u00f3ricamente fisuras en nuestra comprensi\u00f3n de estos eventos.<\/p>\n<h2 class=\"wp-block-heading\">Esto volver\u00e1 a pasar<\/h2>\n<p>Aunque ya se han registrado tsunamis y deslizamientos de tierra antes, el de septiembre de 2023 fue el primero que se vio en el este de Groenlandia, un \u00e1rea que parec\u00eda inmune a estos eventos catastr\u00f3ficos inducidos por el cambio clim\u00e1tico.<\/p>\n<p>Este ciertamente no ser\u00e1 el \u00faltimo megatsunami de este tipo. A medida que el permafrost de las laderas empinadas contin\u00faa calent\u00e1ndose y los glaciares contin\u00faan adelgazando, podemos esperar que estos eventos ocurran con mayor frecuencia y en una escala a\u00fan mayor en las regiones polares y monta\u00f1osas del mundo. Las laderas inestables identificadas recientemente en el oeste de Groenlandia y en Alaska son claros ejemplos de desastres inminentes.<\/p>\n<figure class=\"wp-block-image\"><img decoding=\"async\" src=\"https:\/\/stacatarina.mx\/consejos\/wp-content\/uploads\/2024\/10\/El-tsunami-del-tamano-de-un-rascacielos-que-vibro-por.0&#038;q=45&#038;auto=format&#038;w=754&#038;fit=clip.jpeg\" alt=\"Foto comentada de un gran fiordo.\"><\/figure>\n<p>A medida que nos enfrentamos a estos acontecimientos extremos e inesperados, resulta cada vez m\u00e1s claro que nuestros m\u00e9todos y herramientas cient\u00edficos existentes pueden necesitar estar completamente equipados para hacerles frente. No ten\u00edamos un flujo de trabajo est\u00e1ndar para analizar el evento de Groenlandia de 2023. Tambi\u00e9n debemos adoptar una nueva mentalidad porque nuestra comprensi\u00f3n actual est\u00e1 determinada por un clima ahora casi extinto y anteriormente estable.<\/p>\n<p>A medida que continuamos alterando el clima de nuestro planeta, debemos estar preparados para fen\u00f3menos inesperados que desaf\u00eden nuestra comprensi\u00f3n actual y exijan nuevas formas de pensar. El suelo debajo de nosotros tiembla, tanto en sentido literal como figurado. Si bien la comunidad cient\u00edfica debe adaptarse y allanar el camino para tomar decisiones informadas, corresponde a quienes toman las decisiones actuar. https:\/\/www.youtube.com\/embed\/60T9TKuuujs?wmode=transparent&#038;start=0 Los autores analizan sus hallazgos con m\u00e1s profundidad.<\/p>\n<hr class=\"wp-block-separator has-alpha-channel-opacity\">\n<p>Stephen Hicks, investigador en sismolog\u00eda computacional, <em>UCL<\/em> y Kristian Svennevig, investigador principal, Departamento de Cartograf\u00eda y Recursos Minerales, <em>Servicio geol\u00f3gico de Dinamarca y Groenlandia<\/em><\/p>\n<\/p><\/div>\n","protected":false},"excerpt":{"rendered":"<p>Los cient\u00edficos s\u00edsmicos detectaron una se\u00f1al inusual en las estaciones de monitoreo utilizadas para detectar actividad s\u00edsmica durante septiembre de 2023. La vimos en sensores<\/p>\n","protected":false},"author":1,"featured_media":740,"comment_status":"closed","ping_status":"","sticky":false,"template":"","format":"standard","meta":{"footnotes":""},"categories":[68],"tags":[23,182,864,112,862,861,586,860,863,865],"class_list":["post-739","post","type-post","status-publish","format-standard","has-post-thumbnail","hentry","category-fauna-y-flora","tag-del","tag-nadie","tag-planeta","tag-por","tag-rascacielos","tag-tamano","tag-todo","tag-tsunami","tag-vibro","tag-vio","generate-columns","tablet-grid-50","mobile-grid-100","grid-parent","grid-50"],"yoast_head":"<!-- This site is optimized with the Yoast SEO plugin v23.4 - https:\/\/yoast.com\/wordpress\/plugins\/seo\/ -->\n<title>El tsunami del tama\u00f1o de un rascacielos que vibr\u00f3 por todo el planeta y nadie lo vio - Consejos - Santa Catarina<\/title>\n<meta name=\"robots\" content=\"index, follow, max-snippet:-1, max-image-preview:large, max-video-preview:-1\" \/>\n<link rel=\"canonical\" href=\"https:\/\/stacatarina.mx\/consejos\/el-tsunami-del-tamano-de-un-rascacielos-que-vibro-por-todo-el-planeta-y-nadie-lo-vio\/\" \/>\n<meta property=\"og:locale\" content=\"es_MX\" \/>\n<meta property=\"og:type\" content=\"article\" \/>\n<meta property=\"og:title\" content=\"El tsunami del tama\u00f1o de un rascacielos que vibr\u00f3 por todo el planeta y nadie lo vio - Consejos - Santa Catarina\" \/>\n<meta property=\"og:description\" content=\"Los cient\u00edficos s\u00edsmicos detectaron una se\u00f1al inusual en las estaciones de monitoreo utilizadas para detectar actividad s\u00edsmica durante septiembre de 2023. La vimos en sensores\" \/>\n<meta property=\"og:url\" content=\"https:\/\/stacatarina.mx\/consejos\/el-tsunami-del-tamano-de-un-rascacielos-que-vibro-por-todo-el-planeta-y-nadie-lo-vio\/\" \/>\n<meta property=\"og:site_name\" content=\"Santa Catarina\" \/>\n<meta property=\"article:publisher\" content=\"https:\/\/www.facebook.com\/stacatarinagob\/\" \/>\n<meta property=\"article:published_time\" content=\"2024-10-16T07:25:40+00:00\" \/>\n<meta property=\"article:modified_time\" content=\"2024-10-16T07:25:41+00:00\" \/>\n<meta property=\"og:image\" content=\"https:\/\/stacatarina.mx\/consejos\/wp-content\/uploads\/2024\/10\/El-tsunami-del-tamano-de-un-rascacielos-que-vibro-por.-Just-a-few-weeks-later-a-large-chunk-of-the-mountain-would-slide-into.jpeg\" \/>\n\t<meta property=\"og:image:width\" content=\"752\" \/>\n\t<meta property=\"og:image:height\" content=\"480\" \/>\n\t<meta property=\"og:image:type\" content=\"image\/jpeg\" \/>\n<meta name=\"author\" content=\"Pedro Mart\u00ednez\" \/>\n<meta name=\"twitter:card\" content=\"summary_large_image\" \/>\n<meta name=\"twitter:creator\" content=\"@stacatarinagob\" \/>\n<meta name=\"twitter:site\" content=\"@stacatarinagob\" \/>\n<meta name=\"twitter:label1\" content=\"Escrito por\" \/>\n\t<meta name=\"twitter:data1\" content=\"Pedro Mart\u00ednez\" \/>\n\t<meta name=\"twitter:label2\" content=\"Tiempo de lectura\" \/>\n\t<meta name=\"twitter:data2\" content=\"5 minutos\" \/>\n<script type=\"application\/ld+json\" class=\"yoast-schema-graph\">{\"@context\":\"https:\/\/schema.org\",\"@graph\":[{\"@type\":\"Article\",\"@id\":\"https:\/\/stacatarina.mx\/consejos\/el-tsunami-del-tamano-de-un-rascacielos-que-vibro-por-todo-el-planeta-y-nadie-lo-vio\/#article\",\"isPartOf\":{\"@id\":\"https:\/\/stacatarina.mx\/consejos\/el-tsunami-del-tamano-de-un-rascacielos-que-vibro-por-todo-el-planeta-y-nadie-lo-vio\/\"},\"author\":{\"name\":\"Pedro Mart\u00ednez\",\"@id\":\"https:\/\/stacatarina.mx\/consejos\/#\/schema\/person\/0be60adffa8e4c4d0828fdf021450e8a\"},\"headline\":\"El tsunami del tama\u00f1o de un rascacielos que vibr\u00f3 por todo el planeta y nadie lo vio\",\"datePublished\":\"2024-10-16T07:25:40+00:00\",\"dateModified\":\"2024-10-16T07:25:41+00:00\",\"mainEntityOfPage\":{\"@id\":\"https:\/\/stacatarina.mx\/consejos\/el-tsunami-del-tamano-de-un-rascacielos-que-vibro-por-todo-el-planeta-y-nadie-lo-vio\/\"},\"wordCount\":1080,\"publisher\":{\"@id\":\"https:\/\/stacatarina.mx\/consejos\/#organization\"},\"image\":{\"@id\":\"https:\/\/stacatarina.mx\/consejos\/el-tsunami-del-tamano-de-un-rascacielos-que-vibro-por-todo-el-planeta-y-nadie-lo-vio\/#primaryimage\"},\"thumbnailUrl\":\"https:\/\/stacatarina.mx\/consejos\/wp-content\/uploads\/2024\/10\/El-tsunami-del-tamano-de-un-rascacielos-que-vibro-por.-Just-a-few-weeks-later-a-large-chunk-of-the-mountain-would-slide-into.jpeg\",\"keywords\":[\"del\",\"nadie\",\"planeta\",\"por\",\"rascacielos\",\"tama\u00f1o\",\"todo\",\"tsunami\",\"vibr\u00f3\",\"vio\"],\"articleSection\":[\"Fauna y Flora\"],\"inLanguage\":\"es\"},{\"@type\":\"WebPage\",\"@id\":\"https:\/\/stacatarina.mx\/consejos\/el-tsunami-del-tamano-de-un-rascacielos-que-vibro-por-todo-el-planeta-y-nadie-lo-vio\/\",\"url\":\"https:\/\/stacatarina.mx\/consejos\/el-tsunami-del-tamano-de-un-rascacielos-que-vibro-por-todo-el-planeta-y-nadie-lo-vio\/\",\"name\":\"El tsunami del tama\u00f1o de un rascacielos que vibr\u00f3 por todo el planeta y nadie lo vio - Consejos - Santa Catarina\",\"isPartOf\":{\"@id\":\"https:\/\/stacatarina.mx\/consejos\/#website\"},\"primaryImageOfPage\":{\"@id\":\"https:\/\/stacatarina.mx\/consejos\/el-tsunami-del-tamano-de-un-rascacielos-que-vibro-por-todo-el-planeta-y-nadie-lo-vio\/#primaryimage\"},\"image\":{\"@id\":\"https:\/\/stacatarina.mx\/consejos\/el-tsunami-del-tamano-de-un-rascacielos-que-vibro-por-todo-el-planeta-y-nadie-lo-vio\/#primaryimage\"},\"thumbnailUrl\":\"https:\/\/stacatarina.mx\/consejos\/wp-content\/uploads\/2024\/10\/El-tsunami-del-tamano-de-un-rascacielos-que-vibro-por.-Just-a-few-weeks-later-a-large-chunk-of-the-mountain-would-slide-into.jpeg\",\"datePublished\":\"2024-10-16T07:25:40+00:00\",\"dateModified\":\"2024-10-16T07:25:41+00:00\",\"breadcrumb\":{\"@id\":\"https:\/\/stacatarina.mx\/consejos\/el-tsunami-del-tamano-de-un-rascacielos-que-vibro-por-todo-el-planeta-y-nadie-lo-vio\/#breadcrumb\"},\"inLanguage\":\"es\",\"potentialAction\":[{\"@type\":\"ReadAction\",\"target\":[\"https:\/\/stacatarina.mx\/consejos\/el-tsunami-del-tamano-de-un-rascacielos-que-vibro-por-todo-el-planeta-y-nadie-lo-vio\/\"]}]},{\"@type\":\"ImageObject\",\"inLanguage\":\"es\",\"@id\":\"https:\/\/stacatarina.mx\/consejos\/el-tsunami-del-tamano-de-un-rascacielos-que-vibro-por-todo-el-planeta-y-nadie-lo-vio\/#primaryimage\",\"url\":\"https:\/\/stacatarina.mx\/consejos\/wp-content\/uploads\/2024\/10\/El-tsunami-del-tamano-de-un-rascacielos-que-vibro-por.-Just-a-few-weeks-later-a-large-chunk-of-the-mountain-would-slide-into.jpeg\",\"contentUrl\":\"https:\/\/stacatarina.mx\/consejos\/wp-content\/uploads\/2024\/10\/El-tsunami-del-tamano-de-un-rascacielos-que-vibro-por.-Just-a-few-weeks-later-a-large-chunk-of-the-mountain-would-slide-into.jpeg\",\"width\":752,\"height\":480,\"caption\":\"Dickson Fjord in August 2023. Just a few weeks later, a large chunk of the mountain would slide into the ocean. Wieter Boone \/ Flanders Marine Institute\"},{\"@type\":\"BreadcrumbList\",\"@id\":\"https:\/\/stacatarina.mx\/consejos\/el-tsunami-del-tamano-de-un-rascacielos-que-vibro-por-todo-el-planeta-y-nadie-lo-vio\/#breadcrumb\",\"itemListElement\":[{\"@type\":\"ListItem\",\"position\":1,\"name\":\"Inicio\",\"item\":\"https:\/\/stacatarina.mx\/consejos\/\"},{\"@type\":\"ListItem\",\"position\":2,\"name\":\"El tsunami del tama\u00f1o de un rascacielos que vibr\u00f3 por todo el planeta y nadie lo vio\"}]},{\"@type\":\"WebSite\",\"@id\":\"https:\/\/stacatarina.mx\/consejos\/#website\",\"url\":\"https:\/\/stacatarina.mx\/consejos\/\",\"name\":\"Santa Catarina\",\"description\":\"\",\"publisher\":{\"@id\":\"https:\/\/stacatarina.mx\/consejos\/#organization\"},\"potentialAction\":[{\"@type\":\"SearchAction\",\"target\":{\"@type\":\"EntryPoint\",\"urlTemplate\":\"https:\/\/stacatarina.mx\/consejos\/?s={search_term_string}\"},\"query-input\":{\"@type\":\"PropertyValueSpecification\",\"valueRequired\":true,\"valueName\":\"search_term_string\"}}],\"inLanguage\":\"es\"},{\"@type\":\"Organization\",\"@id\":\"https:\/\/stacatarina.mx\/consejos\/#organization\",\"name\":\"Santa Catarina\",\"url\":\"https:\/\/stacatarina.mx\/consejos\/\",\"logo\":{\"@type\":\"ImageObject\",\"inLanguage\":\"es\",\"@id\":\"https:\/\/stacatarina.mx\/consejos\/#\/schema\/logo\/image\/\",\"url\":\"https:\/\/stacatarina.mx\/consejos\/wp-content\/uploads\/2024\/09\/cropped-favicon-1-1.png\",\"contentUrl\":\"https:\/\/stacatarina.mx\/consejos\/wp-content\/uploads\/2024\/09\/cropped-favicon-1-1.png\",\"width\":512,\"height\":512,\"caption\":\"Santa Catarina\"},\"image\":{\"@id\":\"https:\/\/stacatarina.mx\/consejos\/#\/schema\/logo\/image\/\"},\"sameAs\":[\"https:\/\/www.facebook.com\/stacatarinagob\/\",\"https:\/\/x.com\/stacatarinagob\",\"https:\/\/www.instagram.com\/stacatarinagob\/\",\"https:\/\/www.youtube.com\/channel\/UCK-6cQJL_904665N1_nLTWw\"]},{\"@type\":\"Person\",\"@id\":\"https:\/\/stacatarina.mx\/consejos\/#\/schema\/person\/0be60adffa8e4c4d0828fdf021450e8a\",\"name\":\"Pedro Mart\u00ednez\",\"image\":{\"@type\":\"ImageObject\",\"inLanguage\":\"es\",\"@id\":\"https:\/\/stacatarina.mx\/consejos\/#\/schema\/person\/image\/\",\"url\":\"https:\/\/stacatarina.mx\/consejos\/wp-content\/uploads\/2024\/09\/stacatarina.jpg\",\"contentUrl\":\"https:\/\/stacatarina.mx\/consejos\/wp-content\/uploads\/2024\/09\/stacatarina.jpg\",\"caption\":\"Pedro Mart\u00ednez\"},\"description\":\"Hola, soy Pedro Mart\u00ednez, redactor jefe del sitio oficial del ayuntamiento de Santa Catarina, en M\u00e9xico. Con m\u00e1s de diez a\u00f1os de experiencia en el periodismo local, tengo una pasi\u00f3n por la investigaci\u00f3n y la difusi\u00f3n de informaci\u00f3n que valoriza nuestra hermosa comunidad. Mi compromiso es hacer de Santa Catarina una referencia en materia de transparencia y comunicaci\u00f3n municipal.\",\"sameAs\":[\"https:\/\/stacatarina.mx\/\"]}]}<\/script>\n<!-- \/ Yoast SEO plugin. -->","yoast_head_json":{"title":"El tsunami del tama\u00f1o de un rascacielos que vibr\u00f3 por todo el planeta y nadie lo vio - Consejos - Santa Catarina","robots":{"index":"index","follow":"follow","max-snippet":"max-snippet:-1","max-image-preview":"max-image-preview:large","max-video-preview":"max-video-preview:-1"},"canonical":"https:\/\/stacatarina.mx\/consejos\/el-tsunami-del-tamano-de-un-rascacielos-que-vibro-por-todo-el-planeta-y-nadie-lo-vio\/","og_locale":"es_MX","og_type":"article","og_title":"El tsunami del tama\u00f1o de un rascacielos que vibr\u00f3 por todo el planeta y nadie lo vio - Consejos - Santa Catarina","og_description":"Los cient\u00edficos s\u00edsmicos detectaron una se\u00f1al inusual en las estaciones de monitoreo utilizadas para detectar actividad s\u00edsmica durante septiembre de 2023. La vimos en sensores","og_url":"https:\/\/stacatarina.mx\/consejos\/el-tsunami-del-tamano-de-un-rascacielos-que-vibro-por-todo-el-planeta-y-nadie-lo-vio\/","og_site_name":"Santa Catarina","article_publisher":"https:\/\/www.facebook.com\/stacatarinagob\/","article_published_time":"2024-10-16T07:25:40+00:00","article_modified_time":"2024-10-16T07:25:41+00:00","og_image":[{"width":752,"height":480,"url":"https:\/\/stacatarina.mx\/consejos\/wp-content\/uploads\/2024\/10\/El-tsunami-del-tamano-de-un-rascacielos-que-vibro-por.-Just-a-few-weeks-later-a-large-chunk-of-the-mountain-would-slide-into.jpeg","type":"image\/jpeg"}],"author":"Pedro Mart\u00ednez","twitter_card":"summary_large_image","twitter_creator":"@stacatarinagob","twitter_site":"@stacatarinagob","twitter_misc":{"Escrito por":"Pedro Mart\u00ednez","Tiempo de lectura":"5 minutos"},"schema":{"@context":"https:\/\/schema.org","@graph":[{"@type":"Article","@id":"https:\/\/stacatarina.mx\/consejos\/el-tsunami-del-tamano-de-un-rascacielos-que-vibro-por-todo-el-planeta-y-nadie-lo-vio\/#article","isPartOf":{"@id":"https:\/\/stacatarina.mx\/consejos\/el-tsunami-del-tamano-de-un-rascacielos-que-vibro-por-todo-el-planeta-y-nadie-lo-vio\/"},"author":{"name":"Pedro Mart\u00ednez","@id":"https:\/\/stacatarina.mx\/consejos\/#\/schema\/person\/0be60adffa8e4c4d0828fdf021450e8a"},"headline":"El tsunami del tama\u00f1o de un rascacielos que vibr\u00f3 por todo el planeta y nadie lo vio","datePublished":"2024-10-16T07:25:40+00:00","dateModified":"2024-10-16T07:25:41+00:00","mainEntityOfPage":{"@id":"https:\/\/stacatarina.mx\/consejos\/el-tsunami-del-tamano-de-un-rascacielos-que-vibro-por-todo-el-planeta-y-nadie-lo-vio\/"},"wordCount":1080,"publisher":{"@id":"https:\/\/stacatarina.mx\/consejos\/#organization"},"image":{"@id":"https:\/\/stacatarina.mx\/consejos\/el-tsunami-del-tamano-de-un-rascacielos-que-vibro-por-todo-el-planeta-y-nadie-lo-vio\/#primaryimage"},"thumbnailUrl":"https:\/\/stacatarina.mx\/consejos\/wp-content\/uploads\/2024\/10\/El-tsunami-del-tamano-de-un-rascacielos-que-vibro-por.-Just-a-few-weeks-later-a-large-chunk-of-the-mountain-would-slide-into.jpeg","keywords":["del","nadie","planeta","por","rascacielos","tama\u00f1o","todo","tsunami","vibr\u00f3","vio"],"articleSection":["Fauna y Flora"],"inLanguage":"es"},{"@type":"WebPage","@id":"https:\/\/stacatarina.mx\/consejos\/el-tsunami-del-tamano-de-un-rascacielos-que-vibro-por-todo-el-planeta-y-nadie-lo-vio\/","url":"https:\/\/stacatarina.mx\/consejos\/el-tsunami-del-tamano-de-un-rascacielos-que-vibro-por-todo-el-planeta-y-nadie-lo-vio\/","name":"El tsunami del tama\u00f1o de un rascacielos que vibr\u00f3 por todo el planeta y nadie lo vio - Consejos - Santa Catarina","isPartOf":{"@id":"https:\/\/stacatarina.mx\/consejos\/#website"},"primaryImageOfPage":{"@id":"https:\/\/stacatarina.mx\/consejos\/el-tsunami-del-tamano-de-un-rascacielos-que-vibro-por-todo-el-planeta-y-nadie-lo-vio\/#primaryimage"},"image":{"@id":"https:\/\/stacatarina.mx\/consejos\/el-tsunami-del-tamano-de-un-rascacielos-que-vibro-por-todo-el-planeta-y-nadie-lo-vio\/#primaryimage"},"thumbnailUrl":"https:\/\/stacatarina.mx\/consejos\/wp-content\/uploads\/2024\/10\/El-tsunami-del-tamano-de-un-rascacielos-que-vibro-por.-Just-a-few-weeks-later-a-large-chunk-of-the-mountain-would-slide-into.jpeg","datePublished":"2024-10-16T07:25:40+00:00","dateModified":"2024-10-16T07:25:41+00:00","breadcrumb":{"@id":"https:\/\/stacatarina.mx\/consejos\/el-tsunami-del-tamano-de-un-rascacielos-que-vibro-por-todo-el-planeta-y-nadie-lo-vio\/#breadcrumb"},"inLanguage":"es","potentialAction":[{"@type":"ReadAction","target":["https:\/\/stacatarina.mx\/consejos\/el-tsunami-del-tamano-de-un-rascacielos-que-vibro-por-todo-el-planeta-y-nadie-lo-vio\/"]}]},{"@type":"ImageObject","inLanguage":"es","@id":"https:\/\/stacatarina.mx\/consejos\/el-tsunami-del-tamano-de-un-rascacielos-que-vibro-por-todo-el-planeta-y-nadie-lo-vio\/#primaryimage","url":"https:\/\/stacatarina.mx\/consejos\/wp-content\/uploads\/2024\/10\/El-tsunami-del-tamano-de-un-rascacielos-que-vibro-por.-Just-a-few-weeks-later-a-large-chunk-of-the-mountain-would-slide-into.jpeg","contentUrl":"https:\/\/stacatarina.mx\/consejos\/wp-content\/uploads\/2024\/10\/El-tsunami-del-tamano-de-un-rascacielos-que-vibro-por.-Just-a-few-weeks-later-a-large-chunk-of-the-mountain-would-slide-into.jpeg","width":752,"height":480,"caption":"Dickson Fjord in August 2023. Just a few weeks later, a large chunk of the mountain would slide into the ocean. Wieter Boone \/ Flanders Marine Institute"},{"@type":"BreadcrumbList","@id":"https:\/\/stacatarina.mx\/consejos\/el-tsunami-del-tamano-de-un-rascacielos-que-vibro-por-todo-el-planeta-y-nadie-lo-vio\/#breadcrumb","itemListElement":[{"@type":"ListItem","position":1,"name":"Inicio","item":"https:\/\/stacatarina.mx\/consejos\/"},{"@type":"ListItem","position":2,"name":"El tsunami del tama\u00f1o de un rascacielos que vibr\u00f3 por todo el planeta y nadie lo vio"}]},{"@type":"WebSite","@id":"https:\/\/stacatarina.mx\/consejos\/#website","url":"https:\/\/stacatarina.mx\/consejos\/","name":"Santa Catarina","description":"","publisher":{"@id":"https:\/\/stacatarina.mx\/consejos\/#organization"},"potentialAction":[{"@type":"SearchAction","target":{"@type":"EntryPoint","urlTemplate":"https:\/\/stacatarina.mx\/consejos\/?s={search_term_string}"},"query-input":{"@type":"PropertyValueSpecification","valueRequired":true,"valueName":"search_term_string"}}],"inLanguage":"es"},{"@type":"Organization","@id":"https:\/\/stacatarina.mx\/consejos\/#organization","name":"Santa Catarina","url":"https:\/\/stacatarina.mx\/consejos\/","logo":{"@type":"ImageObject","inLanguage":"es","@id":"https:\/\/stacatarina.mx\/consejos\/#\/schema\/logo\/image\/","url":"https:\/\/stacatarina.mx\/consejos\/wp-content\/uploads\/2024\/09\/cropped-favicon-1-1.png","contentUrl":"https:\/\/stacatarina.mx\/consejos\/wp-content\/uploads\/2024\/09\/cropped-favicon-1-1.png","width":512,"height":512,"caption":"Santa Catarina"},"image":{"@id":"https:\/\/stacatarina.mx\/consejos\/#\/schema\/logo\/image\/"},"sameAs":["https:\/\/www.facebook.com\/stacatarinagob\/","https:\/\/x.com\/stacatarinagob","https:\/\/www.instagram.com\/stacatarinagob\/","https:\/\/www.youtube.com\/channel\/UCK-6cQJL_904665N1_nLTWw"]},{"@type":"Person","@id":"https:\/\/stacatarina.mx\/consejos\/#\/schema\/person\/0be60adffa8e4c4d0828fdf021450e8a","name":"Pedro Mart\u00ednez","image":{"@type":"ImageObject","inLanguage":"es","@id":"https:\/\/stacatarina.mx\/consejos\/#\/schema\/person\/image\/","url":"https:\/\/stacatarina.mx\/consejos\/wp-content\/uploads\/2024\/09\/stacatarina.jpg","contentUrl":"https:\/\/stacatarina.mx\/consejos\/wp-content\/uploads\/2024\/09\/stacatarina.jpg","caption":"Pedro Mart\u00ednez"},"description":"Hola, soy Pedro Mart\u00ednez, redactor jefe del sitio oficial del ayuntamiento de Santa Catarina, en M\u00e9xico. Con m\u00e1s de diez a\u00f1os de experiencia en el periodismo local, tengo una pasi\u00f3n por la investigaci\u00f3n y la difusi\u00f3n de informaci\u00f3n que valoriza nuestra hermosa comunidad. Mi compromiso es hacer de Santa Catarina una referencia en materia de transparencia y comunicaci\u00f3n municipal.","sameAs":["https:\/\/stacatarina.mx\/"]}]}},"_links":{"self":[{"href":"https:\/\/stacatarina.mx\/consejos\/wp-json\/wp\/v2\/posts\/739"}],"collection":[{"href":"https:\/\/stacatarina.mx\/consejos\/wp-json\/wp\/v2\/posts"}],"about":[{"href":"https:\/\/stacatarina.mx\/consejos\/wp-json\/wp\/v2\/types\/post"}],"author":[{"embeddable":true,"href":"https:\/\/stacatarina.mx\/consejos\/wp-json\/wp\/v2\/users\/1"}],"replies":[{"embeddable":true,"href":"https:\/\/stacatarina.mx\/consejos\/wp-json\/wp\/v2\/comments?post=739"}],"version-history":[{"count":1,"href":"https:\/\/stacatarina.mx\/consejos\/wp-json\/wp\/v2\/posts\/739\/revisions"}],"predecessor-version":[{"id":741,"href":"https:\/\/stacatarina.mx\/consejos\/wp-json\/wp\/v2\/posts\/739\/revisions\/741"}],"wp:featuredmedia":[{"embeddable":true,"href":"https:\/\/stacatarina.mx\/consejos\/wp-json\/wp\/v2\/media\/740"}],"wp:attachment":[{"href":"https:\/\/stacatarina.mx\/consejos\/wp-json\/wp\/v2\/media?parent=739"}],"wp:term":[{"taxonomy":"category","embeddable":true,"href":"https:\/\/stacatarina.mx\/consejos\/wp-json\/wp\/v2\/categories?post=739"},{"taxonomy":"post_tag","embeddable":true,"href":"https:\/\/stacatarina.mx\/consejos\/wp-json\/wp\/v2\/tags?post=739"}],"curies":[{"name":"wp","href":"https:\/\/api.w.org\/{rel}","templated":true}]}}