{"id":777,"date":"2024-10-17T04:28:18","date_gmt":"2024-10-17T10:28:18","guid":{"rendered":"https:\/\/stacatarina.mx\/consejos\/este-equipo-organiza-el-1er-minuto-sin-silencio-para-concienciar-a-los-aficionados-sobre-el-riesgo-de-suicidio\/"},"modified":"2024-10-17T04:28:19","modified_gmt":"2024-10-17T10:28:19","slug":"este-equipo-organiza-el-1er-minuto-sin-silencio-para-concienciar-a-los-aficionados-sobre-el-riesgo-de-suicidio","status":"publish","type":"post","link":"https:\/\/stacatarina.mx\/consejos\/este-equipo-organiza-el-1er-minuto-sin-silencio-para-concienciar-a-los-aficionados-sobre-el-riesgo-de-suicidio\/","title":{"rendered":"Este equipo organiza el 1er minuto &#8220;sin silencio&#8221; para concienciar a los aficionados sobre el riesgo de suicidio"},"content":{"rendered":"<p class=\"single-abstract\">\n<p>\t\t\t\t\t\t\t\t\t\t\t\t\t\t\t\t\tEl Norwich City FC quiere crear conciencia sobre la salud mental y la prevenci\u00f3n del suicidio con un &#8216;Minuto de Habla&#8217; silencioso, animando a los aficionados a hablar entre ellos.\t\t\t\t\t\t\t\t\t\t\t\t\t\t\t<\/p>\n<div class=\"daily-video\" style=\"display: none;\"><\/div>\n<div class=\"wrapper-player\" style=\"display: none; margin-bottom: 15px;\">\n<div id=\"daily-player\" style=\"position: relative; max-width: 100%;\" class=\"video-content\"><\/div>\n<\/p><\/div>\n<div class=\"image-wrapper featured-image no-lazy\" id=\"featured-image\"><\/div>\n<p>El <strong>FC Norwich<\/strong> decidi\u00f3 romper con la tradici\u00f3n en un intento de <strong>sensibilizar al p\u00fablico sobre la salud mental y la prevenci\u00f3n del suicidio<\/strong>. Para el partido de este fin de semana contra el Hull City, el club present\u00f3 una iniciativa innovadora denominada \u201c<strong>Minuto de intercambios<\/strong>\u201d.<\/p>\n<p>En lugar de guardar el habitual minuto de silencio, se invit\u00f3 a los aficionados presentes en el estadio de Carrow Road a <strong>participar activamente en conversaciones sobre salud mental<\/strong> con las personas que los rodean. Esta iniciativa fue organizada en colaboraci\u00f3n con Samaritans, una asociaci\u00f3n brit\u00e1nica que ofrece apoyo a personas con dificultades emocionales.<\/p>\n<p>El objetivo principal era <strong>resaltar la importancia de la comunicaci\u00f3n y la conexi\u00f3n entre las personas<\/strong>recordando que, en Reino Unido, una persona se quita la vida cada 90 minutos. A trav\u00e9s de esta acci\u00f3n, Norwich City FC quiso demostrar que una simple conversaci\u00f3n <strong>puede hacer una diferencia<\/strong> en la vida de alguien.<\/p>\n<aside style=\"margin: 8px auto; text-align: center; display: block; clear: both;\">\n<div id=\"gpt-passback\">\n<\/div>\n<\/aside>\n<h2>En 2023 el club lanz\u00f3 la campa\u00f1a \u201cNo est\u00e1s solo\u201d<\/h2>\n<p>M\u00e1s de 25.000 espectadores asistieron al \u201c<strong>Minuto sin silenciar<\/strong>\u201d dentro del estadio, donde aparecieron mensajes en las pantallas gigantes que <strong>alentaron el di\u00e1logo<\/strong>como &#8220;\u00bfC\u00f3mo estuvo tu semana?&#8221;. Esta invitaci\u00f3n tuvo el efecto de romper el silencio t\u00edpico de los momentos conmemorativos, promoviendo en cambio <strong>un ambiente de apertura y de compartir<\/strong>.<\/p>\n<p>voluntarios samaritanos <strong>estuvieron presentes en las gradas<\/strong> ofrecer asistencia a cualquiera que sintiera que la necesitaba, subrayando la importancia de tener alguien con quien hablar. \u201cMinute Unsilenced\u201d es parte del compromiso m\u00e1s amplio del Norwich City FC de crear conciencia sobre la salud mental.<\/p>\n<p>Esta iniciativa, de hecho, forma parte de las actividades organizadas por el club para <strong>celebra el D\u00eda Mundial de la Salud Mental<\/strong>celebrado el 10 de octubre. Con gestos como este, Norwich City espera ayudar a normalizar los debates sobre salud mental dentro del mundo del f\u00fatbol, \u200b\u200bun espacio a menudo caracterizado por tab\u00faes en torno a temas emocionales y personales.<\/p>\n<p>Esta no es la primera vez que Norwich City FC se suma a esta causa. En 2023 el club hab\u00eda puesto en marcha el <strong>Campa\u00f1a \u201cNo est\u00e1s solo\u201d<\/strong>que hab\u00eda llegado a millones de personas en todo el mundo, difundiendo un mensaje de esperanza y aliento.<\/p>\n<p>Con el \u00e9xito de estas iniciativas, el club brit\u00e1nico sigue demostrando su compromiso de hacer del f\u00fatbol uno <strong>herramienta de concientizaci\u00f3n social<\/strong>demostrando que un peque\u00f1o gesto, como una conversaci\u00f3n, es suficiente para tener un gran impacto. Proyectos que tambi\u00e9n deber\u00edamos copiar, dado que la plaga de la soledad y el suicidio es algo globalmente extendido y que hay que combatir ofreciendo ayuda y comprensi\u00f3n.<\/p><\/p>\n","protected":false},"excerpt":{"rendered":"<p>El Norwich City FC quiere crear conciencia sobre la salud mental y la prevenci\u00f3n del suicidio con un &#8216;Minuto de Habla&#8217; silencioso, animando a los<\/p>\n","protected":false},"author":1,"featured_media":778,"comment_status":"closed","ping_status":"","sticky":false,"template":"","format":"standard","meta":{"footnotes":""},"categories":[762],"tags":[934,938,937,932,339,62,935,933,29,939,936,441,279,940],"class_list":["post-777","post","type-post","status-publish","format-standard","has-post-thumbnail","hentry","category-salud","tag-1er","tag-aficionados","tag-concienciar","tag-equipo","tag-este","tag-los","tag-minuto","tag-organiza","tag-para","tag-riesgo","tag-silencio","tag-sin","tag-sobre","tag-suicidio","generate-columns","tablet-grid-50","mobile-grid-100","grid-parent","grid-50"],"yoast_head":"<!-- This site is optimized with the Yoast SEO plugin v23.4 - https:\/\/yoast.com\/wordpress\/plugins\/seo\/ -->\n<title>Este equipo organiza el 1er minuto &quot;sin silencio&quot; para concienciar a los aficionados sobre el riesgo de suicidio - Consejos - Santa Catarina<\/title>\n<meta name=\"robots\" content=\"index, follow, max-snippet:-1, max-image-preview:large, max-video-preview:-1\" \/>\n<link rel=\"canonical\" href=\"https:\/\/stacatarina.mx\/consejos\/este-equipo-organiza-el-1er-minuto-sin-silencio-para-concienciar-a-los-aficionados-sobre-el-riesgo-de-suicidio\/\" \/>\n<meta property=\"og:locale\" content=\"es_MX\" \/>\n<meta property=\"og:type\" content=\"article\" \/>\n<meta property=\"og:title\" content=\"Este equipo organiza el 1er minuto &quot;sin silencio&quot; para concienciar a los aficionados sobre el riesgo de suicidio - Consejos - Santa Catarina\" \/>\n<meta property=\"og:description\" content=\"El Norwich City FC quiere crear conciencia sobre la salud mental y la prevenci\u00f3n del suicidio con un &#8216;Minuto de Habla&#8217; silencioso, animando a los\" \/>\n<meta property=\"og:url\" content=\"https:\/\/stacatarina.mx\/consejos\/este-equipo-organiza-el-1er-minuto-sin-silencio-para-concienciar-a-los-aficionados-sobre-el-riesgo-de-suicidio\/\" \/>\n<meta property=\"og:site_name\" content=\"Santa Catarina\" \/>\n<meta property=\"article:publisher\" content=\"https:\/\/www.facebook.com\/stacatarinagob\/\" \/>\n<meta property=\"article:published_time\" content=\"2024-10-17T10:28:18+00:00\" \/>\n<meta property=\"article:modified_time\" content=\"2024-10-17T10:28:19+00:00\" \/>\n<meta property=\"og:image\" content=\"https:\/\/stacatarina.mx\/consejos\/wp-content\/uploads\/2024\/10\/Este-equipo-organiza-el-1er-minuto-sin-silencio-para-concienciar.jpg\" \/>\n\t<meta property=\"og:image:width\" content=\"1500\" \/>\n\t<meta property=\"og:image:height\" content=\"1000\" \/>\n\t<meta property=\"og:image:type\" content=\"image\/jpeg\" \/>\n<meta name=\"author\" content=\"Pedro Mart\u00ednez\" \/>\n<meta name=\"twitter:card\" content=\"summary_large_image\" \/>\n<meta name=\"twitter:creator\" content=\"@stacatarinagob\" \/>\n<meta name=\"twitter:site\" content=\"@stacatarinagob\" \/>\n<meta name=\"twitter:label1\" content=\"Escrito por\" \/>\n\t<meta name=\"twitter:data1\" content=\"Pedro Mart\u00ednez\" \/>\n\t<meta name=\"twitter:label2\" content=\"Tiempo de lectura\" \/>\n\t<meta name=\"twitter:data2\" content=\"2 minutos\" \/>\n<script type=\"application\/ld+json\" class=\"yoast-schema-graph\">{\"@context\":\"https:\/\/schema.org\",\"@graph\":[{\"@type\":\"Article\",\"@id\":\"https:\/\/stacatarina.mx\/consejos\/este-equipo-organiza-el-1er-minuto-sin-silencio-para-concienciar-a-los-aficionados-sobre-el-riesgo-de-suicidio\/#article\",\"isPartOf\":{\"@id\":\"https:\/\/stacatarina.mx\/consejos\/este-equipo-organiza-el-1er-minuto-sin-silencio-para-concienciar-a-los-aficionados-sobre-el-riesgo-de-suicidio\/\"},\"author\":{\"name\":\"Pedro Mart\u00ednez\",\"@id\":\"https:\/\/stacatarina.mx\/consejos\/#\/schema\/person\/0be60adffa8e4c4d0828fdf021450e8a\"},\"headline\":\"Este equipo organiza el 1er minuto &#8220;sin silencio&#8221; para concienciar a los aficionados sobre el riesgo de suicidio\",\"datePublished\":\"2024-10-17T10:28:18+00:00\",\"dateModified\":\"2024-10-17T10:28:19+00:00\",\"mainEntityOfPage\":{\"@id\":\"https:\/\/stacatarina.mx\/consejos\/este-equipo-organiza-el-1er-minuto-sin-silencio-para-concienciar-a-los-aficionados-sobre-el-riesgo-de-suicidio\/\"},\"wordCount\":505,\"publisher\":{\"@id\":\"https:\/\/stacatarina.mx\/consejos\/#organization\"},\"image\":{\"@id\":\"https:\/\/stacatarina.mx\/consejos\/este-equipo-organiza-el-1er-minuto-sin-silencio-para-concienciar-a-los-aficionados-sobre-el-riesgo-de-suicidio\/#primaryimage\"},\"thumbnailUrl\":\"https:\/\/stacatarina.mx\/consejos\/wp-content\/uploads\/2024\/10\/Este-equipo-organiza-el-1er-minuto-sin-silencio-para-concienciar.jpg\",\"keywords\":[\"1er\",\"aficionados\",\"concienciar\",\"equipo\",\"este\",\"los\",\"minuto\",\"organiza\",\"para\",\"riesgo\",\"silencio\",\"sin\",\"sobre\",\"suicidio\"],\"articleSection\":[\"Salud\"],\"inLanguage\":\"es\"},{\"@type\":\"WebPage\",\"@id\":\"https:\/\/stacatarina.mx\/consejos\/este-equipo-organiza-el-1er-minuto-sin-silencio-para-concienciar-a-los-aficionados-sobre-el-riesgo-de-suicidio\/\",\"url\":\"https:\/\/stacatarina.mx\/consejos\/este-equipo-organiza-el-1er-minuto-sin-silencio-para-concienciar-a-los-aficionados-sobre-el-riesgo-de-suicidio\/\",\"name\":\"Este equipo organiza el 1er minuto \\\"sin silencio\\\" para concienciar a los aficionados sobre el riesgo de suicidio - Consejos - Santa Catarina\",\"isPartOf\":{\"@id\":\"https:\/\/stacatarina.mx\/consejos\/#website\"},\"primaryImageOfPage\":{\"@id\":\"https:\/\/stacatarina.mx\/consejos\/este-equipo-organiza-el-1er-minuto-sin-silencio-para-concienciar-a-los-aficionados-sobre-el-riesgo-de-suicidio\/#primaryimage\"},\"image\":{\"@id\":\"https:\/\/stacatarina.mx\/consejos\/este-equipo-organiza-el-1er-minuto-sin-silencio-para-concienciar-a-los-aficionados-sobre-el-riesgo-de-suicidio\/#primaryimage\"},\"thumbnailUrl\":\"https:\/\/stacatarina.mx\/consejos\/wp-content\/uploads\/2024\/10\/Este-equipo-organiza-el-1er-minuto-sin-silencio-para-concienciar.jpg\",\"datePublished\":\"2024-10-17T10:28:18+00:00\",\"dateModified\":\"2024-10-17T10:28:19+00:00\",\"breadcrumb\":{\"@id\":\"https:\/\/stacatarina.mx\/consejos\/este-equipo-organiza-el-1er-minuto-sin-silencio-para-concienciar-a-los-aficionados-sobre-el-riesgo-de-suicidio\/#breadcrumb\"},\"inLanguage\":\"es\",\"potentialAction\":[{\"@type\":\"ReadAction\",\"target\":[\"https:\/\/stacatarina.mx\/consejos\/este-equipo-organiza-el-1er-minuto-sin-silencio-para-concienciar-a-los-aficionados-sobre-el-riesgo-de-suicidio\/\"]}]},{\"@type\":\"ImageObject\",\"inLanguage\":\"es\",\"@id\":\"https:\/\/stacatarina.mx\/consejos\/este-equipo-organiza-el-1er-minuto-sin-silencio-para-concienciar-a-los-aficionados-sobre-el-riesgo-de-suicidio\/#primaryimage\",\"url\":\"https:\/\/stacatarina.mx\/consejos\/wp-content\/uploads\/2024\/10\/Este-equipo-organiza-el-1er-minuto-sin-silencio-para-concienciar.jpg\",\"contentUrl\":\"https:\/\/stacatarina.mx\/consejos\/wp-content\/uploads\/2024\/10\/Este-equipo-organiza-el-1er-minuto-sin-silencio-para-concienciar.jpg\",\"width\":1500,\"height\":1000,\"caption\":\"Minuto senza silenzio\"},{\"@type\":\"BreadcrumbList\",\"@id\":\"https:\/\/stacatarina.mx\/consejos\/este-equipo-organiza-el-1er-minuto-sin-silencio-para-concienciar-a-los-aficionados-sobre-el-riesgo-de-suicidio\/#breadcrumb\",\"itemListElement\":[{\"@type\":\"ListItem\",\"position\":1,\"name\":\"Inicio\",\"item\":\"https:\/\/stacatarina.mx\/consejos\/\"},{\"@type\":\"ListItem\",\"position\":2,\"name\":\"Este equipo organiza el 1er minuto &#8220;sin silencio&#8221; para concienciar a los aficionados sobre el riesgo de suicidio\"}]},{\"@type\":\"WebSite\",\"@id\":\"https:\/\/stacatarina.mx\/consejos\/#website\",\"url\":\"https:\/\/stacatarina.mx\/consejos\/\",\"name\":\"Santa Catarina\",\"description\":\"\",\"publisher\":{\"@id\":\"https:\/\/stacatarina.mx\/consejos\/#organization\"},\"potentialAction\":[{\"@type\":\"SearchAction\",\"target\":{\"@type\":\"EntryPoint\",\"urlTemplate\":\"https:\/\/stacatarina.mx\/consejos\/?s={search_term_string}\"},\"query-input\":{\"@type\":\"PropertyValueSpecification\",\"valueRequired\":true,\"valueName\":\"search_term_string\"}}],\"inLanguage\":\"es\"},{\"@type\":\"Organization\",\"@id\":\"https:\/\/stacatarina.mx\/consejos\/#organization\",\"name\":\"Santa Catarina\",\"url\":\"https:\/\/stacatarina.mx\/consejos\/\",\"logo\":{\"@type\":\"ImageObject\",\"inLanguage\":\"es\",\"@id\":\"https:\/\/stacatarina.mx\/consejos\/#\/schema\/logo\/image\/\",\"url\":\"https:\/\/stacatarina.mx\/consejos\/wp-content\/uploads\/2024\/09\/cropped-favicon-1-1.png\",\"contentUrl\":\"https:\/\/stacatarina.mx\/consejos\/wp-content\/uploads\/2024\/09\/cropped-favicon-1-1.png\",\"width\":512,\"height\":512,\"caption\":\"Santa Catarina\"},\"image\":{\"@id\":\"https:\/\/stacatarina.mx\/consejos\/#\/schema\/logo\/image\/\"},\"sameAs\":[\"https:\/\/www.facebook.com\/stacatarinagob\/\",\"https:\/\/x.com\/stacatarinagob\",\"https:\/\/www.instagram.com\/stacatarinagob\/\",\"https:\/\/www.youtube.com\/channel\/UCK-6cQJL_904665N1_nLTWw\"]},{\"@type\":\"Person\",\"@id\":\"https:\/\/stacatarina.mx\/consejos\/#\/schema\/person\/0be60adffa8e4c4d0828fdf021450e8a\",\"name\":\"Pedro Mart\u00ednez\",\"image\":{\"@type\":\"ImageObject\",\"inLanguage\":\"es\",\"@id\":\"https:\/\/stacatarina.mx\/consejos\/#\/schema\/person\/image\/\",\"url\":\"https:\/\/stacatarina.mx\/consejos\/wp-content\/uploads\/2024\/09\/stacatarina.jpg\",\"contentUrl\":\"https:\/\/stacatarina.mx\/consejos\/wp-content\/uploads\/2024\/09\/stacatarina.jpg\",\"caption\":\"Pedro Mart\u00ednez\"},\"description\":\"Hola, soy Pedro Mart\u00ednez, redactor jefe del sitio oficial del ayuntamiento de Santa Catarina, en M\u00e9xico. Con m\u00e1s de diez a\u00f1os de experiencia en el periodismo local, tengo una pasi\u00f3n por la investigaci\u00f3n y la difusi\u00f3n de informaci\u00f3n que valoriza nuestra hermosa comunidad. Mi compromiso es hacer de Santa Catarina una referencia en materia de transparencia y comunicaci\u00f3n municipal.\",\"sameAs\":[\"https:\/\/stacatarina.mx\/\"]}]}<\/script>\n<!-- \/ Yoast SEO plugin. -->","yoast_head_json":{"title":"Este equipo organiza el 1er minuto \"sin silencio\" para concienciar a los aficionados sobre el riesgo de suicidio - Consejos - Santa Catarina","robots":{"index":"index","follow":"follow","max-snippet":"max-snippet:-1","max-image-preview":"max-image-preview:large","max-video-preview":"max-video-preview:-1"},"canonical":"https:\/\/stacatarina.mx\/consejos\/este-equipo-organiza-el-1er-minuto-sin-silencio-para-concienciar-a-los-aficionados-sobre-el-riesgo-de-suicidio\/","og_locale":"es_MX","og_type":"article","og_title":"Este equipo organiza el 1er minuto \"sin silencio\" para concienciar a los aficionados sobre el riesgo de suicidio - Consejos - Santa Catarina","og_description":"El Norwich City FC quiere crear conciencia sobre la salud mental y la prevenci\u00f3n del suicidio con un &#8216;Minuto de Habla&#8217; silencioso, animando a los","og_url":"https:\/\/stacatarina.mx\/consejos\/este-equipo-organiza-el-1er-minuto-sin-silencio-para-concienciar-a-los-aficionados-sobre-el-riesgo-de-suicidio\/","og_site_name":"Santa Catarina","article_publisher":"https:\/\/www.facebook.com\/stacatarinagob\/","article_published_time":"2024-10-17T10:28:18+00:00","article_modified_time":"2024-10-17T10:28:19+00:00","og_image":[{"width":1500,"height":1000,"url":"https:\/\/stacatarina.mx\/consejos\/wp-content\/uploads\/2024\/10\/Este-equipo-organiza-el-1er-minuto-sin-silencio-para-concienciar.jpg","type":"image\/jpeg"}],"author":"Pedro Mart\u00ednez","twitter_card":"summary_large_image","twitter_creator":"@stacatarinagob","twitter_site":"@stacatarinagob","twitter_misc":{"Escrito por":"Pedro Mart\u00ednez","Tiempo de lectura":"2 minutos"},"schema":{"@context":"https:\/\/schema.org","@graph":[{"@type":"Article","@id":"https:\/\/stacatarina.mx\/consejos\/este-equipo-organiza-el-1er-minuto-sin-silencio-para-concienciar-a-los-aficionados-sobre-el-riesgo-de-suicidio\/#article","isPartOf":{"@id":"https:\/\/stacatarina.mx\/consejos\/este-equipo-organiza-el-1er-minuto-sin-silencio-para-concienciar-a-los-aficionados-sobre-el-riesgo-de-suicidio\/"},"author":{"name":"Pedro Mart\u00ednez","@id":"https:\/\/stacatarina.mx\/consejos\/#\/schema\/person\/0be60adffa8e4c4d0828fdf021450e8a"},"headline":"Este equipo organiza el 1er minuto &#8220;sin silencio&#8221; para concienciar a los aficionados sobre el riesgo de suicidio","datePublished":"2024-10-17T10:28:18+00:00","dateModified":"2024-10-17T10:28:19+00:00","mainEntityOfPage":{"@id":"https:\/\/stacatarina.mx\/consejos\/este-equipo-organiza-el-1er-minuto-sin-silencio-para-concienciar-a-los-aficionados-sobre-el-riesgo-de-suicidio\/"},"wordCount":505,"publisher":{"@id":"https:\/\/stacatarina.mx\/consejos\/#organization"},"image":{"@id":"https:\/\/stacatarina.mx\/consejos\/este-equipo-organiza-el-1er-minuto-sin-silencio-para-concienciar-a-los-aficionados-sobre-el-riesgo-de-suicidio\/#primaryimage"},"thumbnailUrl":"https:\/\/stacatarina.mx\/consejos\/wp-content\/uploads\/2024\/10\/Este-equipo-organiza-el-1er-minuto-sin-silencio-para-concienciar.jpg","keywords":["1er","aficionados","concienciar","equipo","este","los","minuto","organiza","para","riesgo","silencio","sin","sobre","suicidio"],"articleSection":["Salud"],"inLanguage":"es"},{"@type":"WebPage","@id":"https:\/\/stacatarina.mx\/consejos\/este-equipo-organiza-el-1er-minuto-sin-silencio-para-concienciar-a-los-aficionados-sobre-el-riesgo-de-suicidio\/","url":"https:\/\/stacatarina.mx\/consejos\/este-equipo-organiza-el-1er-minuto-sin-silencio-para-concienciar-a-los-aficionados-sobre-el-riesgo-de-suicidio\/","name":"Este equipo organiza el 1er minuto \"sin silencio\" para concienciar a los aficionados sobre el riesgo de suicidio - Consejos - Santa Catarina","isPartOf":{"@id":"https:\/\/stacatarina.mx\/consejos\/#website"},"primaryImageOfPage":{"@id":"https:\/\/stacatarina.mx\/consejos\/este-equipo-organiza-el-1er-minuto-sin-silencio-para-concienciar-a-los-aficionados-sobre-el-riesgo-de-suicidio\/#primaryimage"},"image":{"@id":"https:\/\/stacatarina.mx\/consejos\/este-equipo-organiza-el-1er-minuto-sin-silencio-para-concienciar-a-los-aficionados-sobre-el-riesgo-de-suicidio\/#primaryimage"},"thumbnailUrl":"https:\/\/stacatarina.mx\/consejos\/wp-content\/uploads\/2024\/10\/Este-equipo-organiza-el-1er-minuto-sin-silencio-para-concienciar.jpg","datePublished":"2024-10-17T10:28:18+00:00","dateModified":"2024-10-17T10:28:19+00:00","breadcrumb":{"@id":"https:\/\/stacatarina.mx\/consejos\/este-equipo-organiza-el-1er-minuto-sin-silencio-para-concienciar-a-los-aficionados-sobre-el-riesgo-de-suicidio\/#breadcrumb"},"inLanguage":"es","potentialAction":[{"@type":"ReadAction","target":["https:\/\/stacatarina.mx\/consejos\/este-equipo-organiza-el-1er-minuto-sin-silencio-para-concienciar-a-los-aficionados-sobre-el-riesgo-de-suicidio\/"]}]},{"@type":"ImageObject","inLanguage":"es","@id":"https:\/\/stacatarina.mx\/consejos\/este-equipo-organiza-el-1er-minuto-sin-silencio-para-concienciar-a-los-aficionados-sobre-el-riesgo-de-suicidio\/#primaryimage","url":"https:\/\/stacatarina.mx\/consejos\/wp-content\/uploads\/2024\/10\/Este-equipo-organiza-el-1er-minuto-sin-silencio-para-concienciar.jpg","contentUrl":"https:\/\/stacatarina.mx\/consejos\/wp-content\/uploads\/2024\/10\/Este-equipo-organiza-el-1er-minuto-sin-silencio-para-concienciar.jpg","width":1500,"height":1000,"caption":"Minuto senza silenzio"},{"@type":"BreadcrumbList","@id":"https:\/\/stacatarina.mx\/consejos\/este-equipo-organiza-el-1er-minuto-sin-silencio-para-concienciar-a-los-aficionados-sobre-el-riesgo-de-suicidio\/#breadcrumb","itemListElement":[{"@type":"ListItem","position":1,"name":"Inicio","item":"https:\/\/stacatarina.mx\/consejos\/"},{"@type":"ListItem","position":2,"name":"Este equipo organiza el 1er minuto &#8220;sin silencio&#8221; para concienciar a los aficionados sobre el riesgo de suicidio"}]},{"@type":"WebSite","@id":"https:\/\/stacatarina.mx\/consejos\/#website","url":"https:\/\/stacatarina.mx\/consejos\/","name":"Santa Catarina","description":"","publisher":{"@id":"https:\/\/stacatarina.mx\/consejos\/#organization"},"potentialAction":[{"@type":"SearchAction","target":{"@type":"EntryPoint","urlTemplate":"https:\/\/stacatarina.mx\/consejos\/?s={search_term_string}"},"query-input":{"@type":"PropertyValueSpecification","valueRequired":true,"valueName":"search_term_string"}}],"inLanguage":"es"},{"@type":"Organization","@id":"https:\/\/stacatarina.mx\/consejos\/#organization","name":"Santa Catarina","url":"https:\/\/stacatarina.mx\/consejos\/","logo":{"@type":"ImageObject","inLanguage":"es","@id":"https:\/\/stacatarina.mx\/consejos\/#\/schema\/logo\/image\/","url":"https:\/\/stacatarina.mx\/consejos\/wp-content\/uploads\/2024\/09\/cropped-favicon-1-1.png","contentUrl":"https:\/\/stacatarina.mx\/consejos\/wp-content\/uploads\/2024\/09\/cropped-favicon-1-1.png","width":512,"height":512,"caption":"Santa Catarina"},"image":{"@id":"https:\/\/stacatarina.mx\/consejos\/#\/schema\/logo\/image\/"},"sameAs":["https:\/\/www.facebook.com\/stacatarinagob\/","https:\/\/x.com\/stacatarinagob","https:\/\/www.instagram.com\/stacatarinagob\/","https:\/\/www.youtube.com\/channel\/UCK-6cQJL_904665N1_nLTWw"]},{"@type":"Person","@id":"https:\/\/stacatarina.mx\/consejos\/#\/schema\/person\/0be60adffa8e4c4d0828fdf021450e8a","name":"Pedro Mart\u00ednez","image":{"@type":"ImageObject","inLanguage":"es","@id":"https:\/\/stacatarina.mx\/consejos\/#\/schema\/person\/image\/","url":"https:\/\/stacatarina.mx\/consejos\/wp-content\/uploads\/2024\/09\/stacatarina.jpg","contentUrl":"https:\/\/stacatarina.mx\/consejos\/wp-content\/uploads\/2024\/09\/stacatarina.jpg","caption":"Pedro Mart\u00ednez"},"description":"Hola, soy Pedro Mart\u00ednez, redactor jefe del sitio oficial del ayuntamiento de Santa Catarina, en M\u00e9xico. Con m\u00e1s de diez a\u00f1os de experiencia en el periodismo local, tengo una pasi\u00f3n por la investigaci\u00f3n y la difusi\u00f3n de informaci\u00f3n que valoriza nuestra hermosa comunidad. Mi compromiso es hacer de Santa Catarina una referencia en materia de transparencia y comunicaci\u00f3n municipal.","sameAs":["https:\/\/stacatarina.mx\/"]}]}},"_links":{"self":[{"href":"https:\/\/stacatarina.mx\/consejos\/wp-json\/wp\/v2\/posts\/777"}],"collection":[{"href":"https:\/\/stacatarina.mx\/consejos\/wp-json\/wp\/v2\/posts"}],"about":[{"href":"https:\/\/stacatarina.mx\/consejos\/wp-json\/wp\/v2\/types\/post"}],"author":[{"embeddable":true,"href":"https:\/\/stacatarina.mx\/consejos\/wp-json\/wp\/v2\/users\/1"}],"replies":[{"embeddable":true,"href":"https:\/\/stacatarina.mx\/consejos\/wp-json\/wp\/v2\/comments?post=777"}],"version-history":[{"count":1,"href":"https:\/\/stacatarina.mx\/consejos\/wp-json\/wp\/v2\/posts\/777\/revisions"}],"predecessor-version":[{"id":779,"href":"https:\/\/stacatarina.mx\/consejos\/wp-json\/wp\/v2\/posts\/777\/revisions\/779"}],"wp:featuredmedia":[{"embeddable":true,"href":"https:\/\/stacatarina.mx\/consejos\/wp-json\/wp\/v2\/media\/778"}],"wp:attachment":[{"href":"https:\/\/stacatarina.mx\/consejos\/wp-json\/wp\/v2\/media?parent=777"}],"wp:term":[{"taxonomy":"category","embeddable":true,"href":"https:\/\/stacatarina.mx\/consejos\/wp-json\/wp\/v2\/categories?post=777"},{"taxonomy":"post_tag","embeddable":true,"href":"https:\/\/stacatarina.mx\/consejos\/wp-json\/wp\/v2\/tags?post=777"}],"curies":[{"name":"wp","href":"https:\/\/api.w.org\/{rel}","templated":true}]}}