{"id":804,"date":"2024-10-17T22:27:59","date_gmt":"2024-10-18T04:27:59","guid":{"rendered":"https:\/\/stacatarina.mx\/consejos\/marcas-de-moda-sostenible-certificadas-por-friend-of-the-earth-milan-20-24-de-septiembre\/"},"modified":"2024-10-17T22:28:00","modified_gmt":"2024-10-18T04:28:00","slug":"marcas-de-moda-sostenible-certificadas-por-friend-of-the-earth-milan-20-24-de-septiembre","status":"publish","type":"post","link":"https:\/\/stacatarina.mx\/consejos\/marcas-de-moda-sostenible-certificadas-por-friend-of-the-earth-milan-20-24-de-septiembre\/","title":{"rendered":"Marcas de moda sostenible certificadas por Friend of the Earth, Mil\u00e1n, 20 24 de septiembre"},"content":{"rendered":"<div class=\"entry-content\">\n<p>En los mismos d\u00edas de la Semana de la Moda de Mil\u00e1n Primavera\/Verano 2025, un evento especial independiente y exclusivo, en su tercera edici\u00f3n, destacar\u00e1 las marcas internacionales de moda sostenible: el Beyond the Claim Sustainable Fashion Show.<\/p>\n<p>El 20 de septiembre a las 5 p. m. en el Museo Nazionale Scienza e Tecnologia Leonardo da Vinci, este inspirador espect\u00e1culo contar\u00e1 con varias marcas certificadas por Friend of the Earth, todas comprometidas con redefinir la sostenibilidad en la moda.<\/p>\n<p>A medida que se acerca el evento, presentemos a las 13 marcas que se unen al desfile de moda en todo el mundo, cada una mostrando su enfoque \u00fanico hacia la sostenibilidad a trav\u00e9s de sus colecciones.<\/p>\n<p>Dos de las marcas presentadas en el desfile son de Suiza. Reve de Rive Couture Trajes de ba\u00f1o se especializa en crear trajes de ba\u00f1o duraderos y atemporales. Cada pieza est\u00e1 cosida a mano con materiales reciclados italianos y tiene un coletero a juego elaborado con retales de producci\u00f3n.<\/p>\n<p>La segunda marca suiza, Zoe Klose, destaca por su compromiso para abordar la crisis medioambiental de las redes de pesca fantasma, que ponen en peligro la vida marina. La marca aborda este problema transformando redes fantasma en hilo regenerado y us\u00e1ndolo para crear prendas deportivas hermosas y c\u00f3modas.<\/p>\n<p>La combinaci\u00f3n de elegancia y comodidad es el n\u00facleo de otro destacado del pr\u00f3ximo desfile de moda: la marca italiana Perer. Su uso distintivo del tejido Modal, un material semisint\u00e9tico derivado de la pulpa del \u00e1rbol de haya, aporta una suavidad y transpirabilidad \u00fanicas a sus prendas, lo que hace que las piezas de Perer sean ideales tanto para la pr\u00e1ctica de yoga como para el uso diario.<\/p>\n<p>Ciriana Haute Coat, tambi\u00e9n creada en Italia, es una marca ecol\u00f3gica reconocida por utilizar textiles org\u00e1nicos y complementos biodegradables en sus dise\u00f1os de abrigos. Sus colecciones est\u00e1n dise\u00f1adas en Italia y fabricadas \u00edntegramente en Europa con total trazabilidad, encarnando una mezcla de tradici\u00f3n y modernidad inspirada en Roma.<\/p>\n<p>Desde EE. UU., conozca a Katharine Story, un proyecto que incorpora la innovadora t\u00e9cnica del reciclaje para crear piezas atrevidas. Sus colecciones est\u00e1n inspiradas en la fusi\u00f3n de textiles vintage con dise\u00f1o moderno, y cada pieza cuenta una historia de expresi\u00f3n creativa y sostenibilidad.<\/p>\n<p>Tambi\u00e9n descubrir\u00e1 la innovadora marca sueca Transforming Textile en Beyond the Claim. Es conocido por utilizar un nuevo material llamado Sense Tex, formulado como una mezcla de hilo e hilo de 5 fibras que mejora la higiene y la durabilidad al tiempo que reduce la necesidad de lavados frecuentes, lo que lo convierte en una opci\u00f3n pr\u00e1ctica y ecol\u00f3gica.<\/p>\n<p>Cuatro marcas certificadas Amigo de la Tierra exhibir\u00e1n sus colecciones en el desfile, representando a Brasil con el apoyo de Brasil Eco Fashion, Apex Brasil y el Consulado de Brasil.<\/p>\n<p>La primera es Natural Cotton Color, una marca que apuesta por utilizar exclusivamente algod\u00f3n org\u00e1nico y de color natural en sus colecciones, reduciendo significativamente el consumo de agua. La marca tambi\u00e9n prioriza la responsabilidad social, apoyando salarios justos para los artesanos del Nordeste de Brasil. La colecci\u00f3n \u201cCalunga\u201d est\u00e1 basada en Maracatu \u2013 manifestaci\u00f3n cultural de origen africano presente en el carnaval del Nordeste brasile\u00f1o, sede de la marca.<\/p>\n<p>Val Valadares Ateli\u00ea destaca la artesan\u00eda y las pr\u00e1cticas ecol\u00f3gicas. Aparece en la \u201cc\u00e1psula Marajoara\u201d, basada en los antiguos gr\u00e1ficos de la isla de Marajo, en la regi\u00f3n amaz\u00f3nica. Producir estas piezas tambi\u00e9n brinda oportunidades de empleo para mujeres emprendedoras, apoyando la econom\u00eda local y las pr\u00e1cticas de moda sostenibles.<\/p>\n<p>Camila Machado Ateli\u00ea crea vestidos de novia y fiesta inspirados en la naturaleza. Cada pieza est\u00e1 hecha a mano utilizando t\u00e9cnicas de moulage, estampado bot\u00e1nico y te\u00f1ido natural. Tambi\u00e9n incorpora materias primas naturales \u00fanicas, como pieles de cebolla y escamas de pescado.<\/p>\n<p>Las Gringas se dedica a producir ropa a partir de materias primas naturales y biodegradables. Al utilizar tejidos sostenibles certificados, reutilizar restos de tejidos de alta calidad y priorizar fibras de fuentes renovables, la marca enfatiza la responsabilidad ambiental.<\/p>\n<p>La marca albanesa 99 Brown pone la sostenibilidad innovadora en primer plano. Pioneros en TI que utilizan materiales reciclados, ecol\u00f3gicos y biodegradables. Se compromete a combinar innovaci\u00f3n con sostenibilidad, ofreciendo productos ecol\u00f3gicos y de alto rendimiento.<\/p>\n<p>Handmade Bukura, de Kosovo, se especializa en productos hechos a mano, como bolsos y bikinis, que combinan estilo con practicidad. Conocida por sus dise\u00f1os modernos y atractivo funcional, Handmade Bukura ofrece productos \u00fanicos, ecol\u00f3gicos y vers\u00e1tiles.<\/p>\n<p>DYV\u00d3 se destaca como el primer estudio de dise\u00f1o sostenible de Kosovo. El uso de materiales ecol\u00f3gicos y la minimizaci\u00f3n de residuos garantiza que cada producto, ya sean accesorios de moda como el cintur\u00f3n Urban Factor o piezas de joyer\u00eda \u00fanicas, refleje su compromiso con la preservaci\u00f3n del medio ambiente.<\/p>\n<p>No pierda la oportunidad de inspirarse de primera mano con estas extraordinarias colecciones.<\/p>\n<p>\u00a1Marque sus calendarios para el 20 de septiembre y \u00fanase a nosotros en el desfile de modas de la tercera edici\u00f3n de Beyond the Claim!<\/p>\n<p>Reserve su lugar enviando un correo electr\u00f3nico a press@wsogroup.org<\/p>\n<\/p><\/div>\n","protected":false},"excerpt":{"rendered":"<p>En los mismos d\u00edas de la Semana de la Moda de Mil\u00e1n Primavera\/Verano 2025, un evento especial independiente y exclusivo, en su tercera edici\u00f3n, destacar\u00e1<\/p>\n","protected":false},"author":1,"featured_media":805,"comment_status":"closed","ping_status":"","sticky":false,"template":"","format":"standard","meta":{"footnotes":""},"categories":[68],"tags":[980,982,981,978,983,979,112,33,424],"class_list":["post-804","post","type-post","status-publish","format-standard","has-post-thumbnail","hentry","category-fauna-y-flora","tag-certificadas","tag-earth","tag-friend","tag-marcas","tag-milan","tag-moda","tag-por","tag-septiembre","tag-sostenible","generate-columns","tablet-grid-50","mobile-grid-100","grid-parent","grid-50"],"yoast_head":"<!-- This site is optimized with the Yoast SEO plugin v23.4 - https:\/\/yoast.com\/wordpress\/plugins\/seo\/ -->\n<title>Marcas de moda sostenible certificadas por Friend of the Earth, Mil\u00e1n, 20 24 de septiembre - Consejos - Santa Catarina<\/title>\n<meta name=\"robots\" content=\"index, follow, max-snippet:-1, max-image-preview:large, max-video-preview:-1\" \/>\n<link rel=\"canonical\" href=\"https:\/\/stacatarina.mx\/consejos\/marcas-de-moda-sostenible-certificadas-por-friend-of-the-earth-milan-20-24-de-septiembre\/\" \/>\n<meta property=\"og:locale\" content=\"es_MX\" \/>\n<meta property=\"og:type\" content=\"article\" \/>\n<meta property=\"og:title\" content=\"Marcas de moda sostenible certificadas por Friend of the Earth, Mil\u00e1n, 20 24 de septiembre - Consejos - Santa Catarina\" \/>\n<meta property=\"og:description\" content=\"En los mismos d\u00edas de la Semana de la Moda de Mil\u00e1n Primavera\/Verano 2025, un evento especial independiente y exclusivo, en su tercera edici\u00f3n, destacar\u00e1\" \/>\n<meta property=\"og:url\" content=\"https:\/\/stacatarina.mx\/consejos\/marcas-de-moda-sostenible-certificadas-por-friend-of-the-earth-milan-20-24-de-septiembre\/\" \/>\n<meta property=\"og:site_name\" content=\"Santa Catarina\" \/>\n<meta property=\"article:publisher\" content=\"https:\/\/www.facebook.com\/stacatarinagob\/\" \/>\n<meta property=\"article:published_time\" content=\"2024-10-18T04:27:59+00:00\" \/>\n<meta property=\"article:modified_time\" content=\"2024-10-18T04:28:00+00:00\" \/>\n<meta property=\"og:image\" content=\"https:\/\/stacatarina.mx\/consejos\/wp-content\/uploads\/2024\/10\/Marcas-de-moda-sostenible-certificadas-por-Friend-of-the-Earth.jpeg\" \/>\n\t<meta property=\"og:image:width\" content=\"900\" \/>\n\t<meta property=\"og:image:height\" content=\"640\" \/>\n\t<meta property=\"og:image:type\" content=\"image\/jpeg\" \/>\n<meta name=\"author\" content=\"Pedro Mart\u00ednez\" \/>\n<meta name=\"twitter:card\" content=\"summary_large_image\" \/>\n<meta name=\"twitter:creator\" content=\"@stacatarinagob\" \/>\n<meta name=\"twitter:site\" content=\"@stacatarinagob\" \/>\n<meta name=\"twitter:label1\" content=\"Escrito por\" \/>\n\t<meta name=\"twitter:data1\" content=\"Pedro Mart\u00ednez\" \/>\n\t<meta name=\"twitter:label2\" content=\"Tiempo de lectura\" \/>\n\t<meta name=\"twitter:data2\" content=\"4 minutos\" \/>\n<script type=\"application\/ld+json\" class=\"yoast-schema-graph\">{\"@context\":\"https:\/\/schema.org\",\"@graph\":[{\"@type\":\"Article\",\"@id\":\"https:\/\/stacatarina.mx\/consejos\/marcas-de-moda-sostenible-certificadas-por-friend-of-the-earth-milan-20-24-de-septiembre\/#article\",\"isPartOf\":{\"@id\":\"https:\/\/stacatarina.mx\/consejos\/marcas-de-moda-sostenible-certificadas-por-friend-of-the-earth-milan-20-24-de-septiembre\/\"},\"author\":{\"name\":\"Pedro Mart\u00ednez\",\"@id\":\"https:\/\/stacatarina.mx\/consejos\/#\/schema\/person\/0be60adffa8e4c4d0828fdf021450e8a\"},\"headline\":\"Marcas de moda sostenible certificadas por Friend of the Earth, Mil\u00e1n, 20 24 de septiembre\",\"datePublished\":\"2024-10-18T04:27:59+00:00\",\"dateModified\":\"2024-10-18T04:28:00+00:00\",\"mainEntityOfPage\":{\"@id\":\"https:\/\/stacatarina.mx\/consejos\/marcas-de-moda-sostenible-certificadas-por-friend-of-the-earth-milan-20-24-de-septiembre\/\"},\"wordCount\":906,\"publisher\":{\"@id\":\"https:\/\/stacatarina.mx\/consejos\/#organization\"},\"image\":{\"@id\":\"https:\/\/stacatarina.mx\/consejos\/marcas-de-moda-sostenible-certificadas-por-friend-of-the-earth-milan-20-24-de-septiembre\/#primaryimage\"},\"thumbnailUrl\":\"https:\/\/stacatarina.mx\/consejos\/wp-content\/uploads\/2024\/10\/Marcas-de-moda-sostenible-certificadas-por-Friend-of-the-Earth.jpeg\",\"keywords\":[\"certificadas\",\"Earth\",\"Friend\",\"Marcas\",\"Mil\u00e1n\",\"moda\",\"por\",\"septiembre\",\"sostenible\"],\"articleSection\":[\"Fauna y Flora\"],\"inLanguage\":\"es\"},{\"@type\":\"WebPage\",\"@id\":\"https:\/\/stacatarina.mx\/consejos\/marcas-de-moda-sostenible-certificadas-por-friend-of-the-earth-milan-20-24-de-septiembre\/\",\"url\":\"https:\/\/stacatarina.mx\/consejos\/marcas-de-moda-sostenible-certificadas-por-friend-of-the-earth-milan-20-24-de-septiembre\/\",\"name\":\"Marcas de moda sostenible certificadas por Friend of the Earth, Mil\u00e1n, 20 24 de septiembre - Consejos - Santa Catarina\",\"isPartOf\":{\"@id\":\"https:\/\/stacatarina.mx\/consejos\/#website\"},\"primaryImageOfPage\":{\"@id\":\"https:\/\/stacatarina.mx\/consejos\/marcas-de-moda-sostenible-certificadas-por-friend-of-the-earth-milan-20-24-de-septiembre\/#primaryimage\"},\"image\":{\"@id\":\"https:\/\/stacatarina.mx\/consejos\/marcas-de-moda-sostenible-certificadas-por-friend-of-the-earth-milan-20-24-de-septiembre\/#primaryimage\"},\"thumbnailUrl\":\"https:\/\/stacatarina.mx\/consejos\/wp-content\/uploads\/2024\/10\/Marcas-de-moda-sostenible-certificadas-por-Friend-of-the-Earth.jpeg\",\"datePublished\":\"2024-10-18T04:27:59+00:00\",\"dateModified\":\"2024-10-18T04:28:00+00:00\",\"breadcrumb\":{\"@id\":\"https:\/\/stacatarina.mx\/consejos\/marcas-de-moda-sostenible-certificadas-por-friend-of-the-earth-milan-20-24-de-septiembre\/#breadcrumb\"},\"inLanguage\":\"es\",\"potentialAction\":[{\"@type\":\"ReadAction\",\"target\":[\"https:\/\/stacatarina.mx\/consejos\/marcas-de-moda-sostenible-certificadas-por-friend-of-the-earth-milan-20-24-de-septiembre\/\"]}]},{\"@type\":\"ImageObject\",\"inLanguage\":\"es\",\"@id\":\"https:\/\/stacatarina.mx\/consejos\/marcas-de-moda-sostenible-certificadas-por-friend-of-the-earth-milan-20-24-de-septiembre\/#primaryimage\",\"url\":\"https:\/\/stacatarina.mx\/consejos\/wp-content\/uploads\/2024\/10\/Marcas-de-moda-sostenible-certificadas-por-Friend-of-the-Earth.jpeg\",\"contentUrl\":\"https:\/\/stacatarina.mx\/consejos\/wp-content\/uploads\/2024\/10\/Marcas-de-moda-sostenible-certificadas-por-Friend-of-the-Earth.jpeg\",\"width\":900,\"height\":640,\"caption\":\"Friend of the Earth certified sustainable fashion brands from all over the world hit the runway in Milan on the 20th\u00a0of September\"},{\"@type\":\"BreadcrumbList\",\"@id\":\"https:\/\/stacatarina.mx\/consejos\/marcas-de-moda-sostenible-certificadas-por-friend-of-the-earth-milan-20-24-de-septiembre\/#breadcrumb\",\"itemListElement\":[{\"@type\":\"ListItem\",\"position\":1,\"name\":\"Inicio\",\"item\":\"https:\/\/stacatarina.mx\/consejos\/\"},{\"@type\":\"ListItem\",\"position\":2,\"name\":\"Marcas de moda sostenible certificadas por Friend of the Earth, Mil\u00e1n, 20 24 de septiembre\"}]},{\"@type\":\"WebSite\",\"@id\":\"https:\/\/stacatarina.mx\/consejos\/#website\",\"url\":\"https:\/\/stacatarina.mx\/consejos\/\",\"name\":\"Santa Catarina\",\"description\":\"\",\"publisher\":{\"@id\":\"https:\/\/stacatarina.mx\/consejos\/#organization\"},\"potentialAction\":[{\"@type\":\"SearchAction\",\"target\":{\"@type\":\"EntryPoint\",\"urlTemplate\":\"https:\/\/stacatarina.mx\/consejos\/?s={search_term_string}\"},\"query-input\":{\"@type\":\"PropertyValueSpecification\",\"valueRequired\":true,\"valueName\":\"search_term_string\"}}],\"inLanguage\":\"es\"},{\"@type\":\"Organization\",\"@id\":\"https:\/\/stacatarina.mx\/consejos\/#organization\",\"name\":\"Santa Catarina\",\"url\":\"https:\/\/stacatarina.mx\/consejos\/\",\"logo\":{\"@type\":\"ImageObject\",\"inLanguage\":\"es\",\"@id\":\"https:\/\/stacatarina.mx\/consejos\/#\/schema\/logo\/image\/\",\"url\":\"https:\/\/stacatarina.mx\/consejos\/wp-content\/uploads\/2024\/09\/cropped-favicon-1-1.png\",\"contentUrl\":\"https:\/\/stacatarina.mx\/consejos\/wp-content\/uploads\/2024\/09\/cropped-favicon-1-1.png\",\"width\":512,\"height\":512,\"caption\":\"Santa Catarina\"},\"image\":{\"@id\":\"https:\/\/stacatarina.mx\/consejos\/#\/schema\/logo\/image\/\"},\"sameAs\":[\"https:\/\/www.facebook.com\/stacatarinagob\/\",\"https:\/\/x.com\/stacatarinagob\",\"https:\/\/www.instagram.com\/stacatarinagob\/\",\"https:\/\/www.youtube.com\/channel\/UCK-6cQJL_904665N1_nLTWw\"]},{\"@type\":\"Person\",\"@id\":\"https:\/\/stacatarina.mx\/consejos\/#\/schema\/person\/0be60adffa8e4c4d0828fdf021450e8a\",\"name\":\"Pedro Mart\u00ednez\",\"image\":{\"@type\":\"ImageObject\",\"inLanguage\":\"es\",\"@id\":\"https:\/\/stacatarina.mx\/consejos\/#\/schema\/person\/image\/\",\"url\":\"https:\/\/stacatarina.mx\/consejos\/wp-content\/uploads\/2024\/09\/stacatarina.jpg\",\"contentUrl\":\"https:\/\/stacatarina.mx\/consejos\/wp-content\/uploads\/2024\/09\/stacatarina.jpg\",\"caption\":\"Pedro Mart\u00ednez\"},\"description\":\"Hola, soy Pedro Mart\u00ednez, redactor jefe del sitio oficial del ayuntamiento de Santa Catarina, en M\u00e9xico. Con m\u00e1s de diez a\u00f1os de experiencia en el periodismo local, tengo una pasi\u00f3n por la investigaci\u00f3n y la difusi\u00f3n de informaci\u00f3n que valoriza nuestra hermosa comunidad. Mi compromiso es hacer de Santa Catarina una referencia en materia de transparencia y comunicaci\u00f3n municipal.\",\"sameAs\":[\"https:\/\/stacatarina.mx\/\"]}]}<\/script>\n<!-- \/ Yoast SEO plugin. -->","yoast_head_json":{"title":"Marcas de moda sostenible certificadas por Friend of the Earth, Mil\u00e1n, 20 24 de septiembre - Consejos - Santa Catarina","robots":{"index":"index","follow":"follow","max-snippet":"max-snippet:-1","max-image-preview":"max-image-preview:large","max-video-preview":"max-video-preview:-1"},"canonical":"https:\/\/stacatarina.mx\/consejos\/marcas-de-moda-sostenible-certificadas-por-friend-of-the-earth-milan-20-24-de-septiembre\/","og_locale":"es_MX","og_type":"article","og_title":"Marcas de moda sostenible certificadas por Friend of the Earth, Mil\u00e1n, 20 24 de septiembre - Consejos - Santa Catarina","og_description":"En los mismos d\u00edas de la Semana de la Moda de Mil\u00e1n Primavera\/Verano 2025, un evento especial independiente y exclusivo, en su tercera edici\u00f3n, destacar\u00e1","og_url":"https:\/\/stacatarina.mx\/consejos\/marcas-de-moda-sostenible-certificadas-por-friend-of-the-earth-milan-20-24-de-septiembre\/","og_site_name":"Santa Catarina","article_publisher":"https:\/\/www.facebook.com\/stacatarinagob\/","article_published_time":"2024-10-18T04:27:59+00:00","article_modified_time":"2024-10-18T04:28:00+00:00","og_image":[{"width":900,"height":640,"url":"https:\/\/stacatarina.mx\/consejos\/wp-content\/uploads\/2024\/10\/Marcas-de-moda-sostenible-certificadas-por-Friend-of-the-Earth.jpeg","type":"image\/jpeg"}],"author":"Pedro Mart\u00ednez","twitter_card":"summary_large_image","twitter_creator":"@stacatarinagob","twitter_site":"@stacatarinagob","twitter_misc":{"Escrito por":"Pedro Mart\u00ednez","Tiempo de lectura":"4 minutos"},"schema":{"@context":"https:\/\/schema.org","@graph":[{"@type":"Article","@id":"https:\/\/stacatarina.mx\/consejos\/marcas-de-moda-sostenible-certificadas-por-friend-of-the-earth-milan-20-24-de-septiembre\/#article","isPartOf":{"@id":"https:\/\/stacatarina.mx\/consejos\/marcas-de-moda-sostenible-certificadas-por-friend-of-the-earth-milan-20-24-de-septiembre\/"},"author":{"name":"Pedro Mart\u00ednez","@id":"https:\/\/stacatarina.mx\/consejos\/#\/schema\/person\/0be60adffa8e4c4d0828fdf021450e8a"},"headline":"Marcas de moda sostenible certificadas por Friend of the Earth, Mil\u00e1n, 20 24 de septiembre","datePublished":"2024-10-18T04:27:59+00:00","dateModified":"2024-10-18T04:28:00+00:00","mainEntityOfPage":{"@id":"https:\/\/stacatarina.mx\/consejos\/marcas-de-moda-sostenible-certificadas-por-friend-of-the-earth-milan-20-24-de-septiembre\/"},"wordCount":906,"publisher":{"@id":"https:\/\/stacatarina.mx\/consejos\/#organization"},"image":{"@id":"https:\/\/stacatarina.mx\/consejos\/marcas-de-moda-sostenible-certificadas-por-friend-of-the-earth-milan-20-24-de-septiembre\/#primaryimage"},"thumbnailUrl":"https:\/\/stacatarina.mx\/consejos\/wp-content\/uploads\/2024\/10\/Marcas-de-moda-sostenible-certificadas-por-Friend-of-the-Earth.jpeg","keywords":["certificadas","Earth","Friend","Marcas","Mil\u00e1n","moda","por","septiembre","sostenible"],"articleSection":["Fauna y Flora"],"inLanguage":"es"},{"@type":"WebPage","@id":"https:\/\/stacatarina.mx\/consejos\/marcas-de-moda-sostenible-certificadas-por-friend-of-the-earth-milan-20-24-de-septiembre\/","url":"https:\/\/stacatarina.mx\/consejos\/marcas-de-moda-sostenible-certificadas-por-friend-of-the-earth-milan-20-24-de-septiembre\/","name":"Marcas de moda sostenible certificadas por Friend of the Earth, Mil\u00e1n, 20 24 de septiembre - Consejos - Santa Catarina","isPartOf":{"@id":"https:\/\/stacatarina.mx\/consejos\/#website"},"primaryImageOfPage":{"@id":"https:\/\/stacatarina.mx\/consejos\/marcas-de-moda-sostenible-certificadas-por-friend-of-the-earth-milan-20-24-de-septiembre\/#primaryimage"},"image":{"@id":"https:\/\/stacatarina.mx\/consejos\/marcas-de-moda-sostenible-certificadas-por-friend-of-the-earth-milan-20-24-de-septiembre\/#primaryimage"},"thumbnailUrl":"https:\/\/stacatarina.mx\/consejos\/wp-content\/uploads\/2024\/10\/Marcas-de-moda-sostenible-certificadas-por-Friend-of-the-Earth.jpeg","datePublished":"2024-10-18T04:27:59+00:00","dateModified":"2024-10-18T04:28:00+00:00","breadcrumb":{"@id":"https:\/\/stacatarina.mx\/consejos\/marcas-de-moda-sostenible-certificadas-por-friend-of-the-earth-milan-20-24-de-septiembre\/#breadcrumb"},"inLanguage":"es","potentialAction":[{"@type":"ReadAction","target":["https:\/\/stacatarina.mx\/consejos\/marcas-de-moda-sostenible-certificadas-por-friend-of-the-earth-milan-20-24-de-septiembre\/"]}]},{"@type":"ImageObject","inLanguage":"es","@id":"https:\/\/stacatarina.mx\/consejos\/marcas-de-moda-sostenible-certificadas-por-friend-of-the-earth-milan-20-24-de-septiembre\/#primaryimage","url":"https:\/\/stacatarina.mx\/consejos\/wp-content\/uploads\/2024\/10\/Marcas-de-moda-sostenible-certificadas-por-Friend-of-the-Earth.jpeg","contentUrl":"https:\/\/stacatarina.mx\/consejos\/wp-content\/uploads\/2024\/10\/Marcas-de-moda-sostenible-certificadas-por-Friend-of-the-Earth.jpeg","width":900,"height":640,"caption":"Friend of the Earth certified sustainable fashion brands from all over the world hit the runway in Milan on the 20th\u00a0of September"},{"@type":"BreadcrumbList","@id":"https:\/\/stacatarina.mx\/consejos\/marcas-de-moda-sostenible-certificadas-por-friend-of-the-earth-milan-20-24-de-septiembre\/#breadcrumb","itemListElement":[{"@type":"ListItem","position":1,"name":"Inicio","item":"https:\/\/stacatarina.mx\/consejos\/"},{"@type":"ListItem","position":2,"name":"Marcas de moda sostenible certificadas por Friend of the Earth, Mil\u00e1n, 20 24 de septiembre"}]},{"@type":"WebSite","@id":"https:\/\/stacatarina.mx\/consejos\/#website","url":"https:\/\/stacatarina.mx\/consejos\/","name":"Santa Catarina","description":"","publisher":{"@id":"https:\/\/stacatarina.mx\/consejos\/#organization"},"potentialAction":[{"@type":"SearchAction","target":{"@type":"EntryPoint","urlTemplate":"https:\/\/stacatarina.mx\/consejos\/?s={search_term_string}"},"query-input":{"@type":"PropertyValueSpecification","valueRequired":true,"valueName":"search_term_string"}}],"inLanguage":"es"},{"@type":"Organization","@id":"https:\/\/stacatarina.mx\/consejos\/#organization","name":"Santa Catarina","url":"https:\/\/stacatarina.mx\/consejos\/","logo":{"@type":"ImageObject","inLanguage":"es","@id":"https:\/\/stacatarina.mx\/consejos\/#\/schema\/logo\/image\/","url":"https:\/\/stacatarina.mx\/consejos\/wp-content\/uploads\/2024\/09\/cropped-favicon-1-1.png","contentUrl":"https:\/\/stacatarina.mx\/consejos\/wp-content\/uploads\/2024\/09\/cropped-favicon-1-1.png","width":512,"height":512,"caption":"Santa Catarina"},"image":{"@id":"https:\/\/stacatarina.mx\/consejos\/#\/schema\/logo\/image\/"},"sameAs":["https:\/\/www.facebook.com\/stacatarinagob\/","https:\/\/x.com\/stacatarinagob","https:\/\/www.instagram.com\/stacatarinagob\/","https:\/\/www.youtube.com\/channel\/UCK-6cQJL_904665N1_nLTWw"]},{"@type":"Person","@id":"https:\/\/stacatarina.mx\/consejos\/#\/schema\/person\/0be60adffa8e4c4d0828fdf021450e8a","name":"Pedro Mart\u00ednez","image":{"@type":"ImageObject","inLanguage":"es","@id":"https:\/\/stacatarina.mx\/consejos\/#\/schema\/person\/image\/","url":"https:\/\/stacatarina.mx\/consejos\/wp-content\/uploads\/2024\/09\/stacatarina.jpg","contentUrl":"https:\/\/stacatarina.mx\/consejos\/wp-content\/uploads\/2024\/09\/stacatarina.jpg","caption":"Pedro Mart\u00ednez"},"description":"Hola, soy Pedro Mart\u00ednez, redactor jefe del sitio oficial del ayuntamiento de Santa Catarina, en M\u00e9xico. Con m\u00e1s de diez a\u00f1os de experiencia en el periodismo local, tengo una pasi\u00f3n por la investigaci\u00f3n y la difusi\u00f3n de informaci\u00f3n que valoriza nuestra hermosa comunidad. Mi compromiso es hacer de Santa Catarina una referencia en materia de transparencia y comunicaci\u00f3n municipal.","sameAs":["https:\/\/stacatarina.mx\/"]}]}},"_links":{"self":[{"href":"https:\/\/stacatarina.mx\/consejos\/wp-json\/wp\/v2\/posts\/804"}],"collection":[{"href":"https:\/\/stacatarina.mx\/consejos\/wp-json\/wp\/v2\/posts"}],"about":[{"href":"https:\/\/stacatarina.mx\/consejos\/wp-json\/wp\/v2\/types\/post"}],"author":[{"embeddable":true,"href":"https:\/\/stacatarina.mx\/consejos\/wp-json\/wp\/v2\/users\/1"}],"replies":[{"embeddable":true,"href":"https:\/\/stacatarina.mx\/consejos\/wp-json\/wp\/v2\/comments?post=804"}],"version-history":[{"count":1,"href":"https:\/\/stacatarina.mx\/consejos\/wp-json\/wp\/v2\/posts\/804\/revisions"}],"predecessor-version":[{"id":806,"href":"https:\/\/stacatarina.mx\/consejos\/wp-json\/wp\/v2\/posts\/804\/revisions\/806"}],"wp:featuredmedia":[{"embeddable":true,"href":"https:\/\/stacatarina.mx\/consejos\/wp-json\/wp\/v2\/media\/805"}],"wp:attachment":[{"href":"https:\/\/stacatarina.mx\/consejos\/wp-json\/wp\/v2\/media?parent=804"}],"wp:term":[{"taxonomy":"category","embeddable":true,"href":"https:\/\/stacatarina.mx\/consejos\/wp-json\/wp\/v2\/categories?post=804"},{"taxonomy":"post_tag","embeddable":true,"href":"https:\/\/stacatarina.mx\/consejos\/wp-json\/wp\/v2\/tags?post=804"}],"curies":[{"name":"wp","href":"https:\/\/api.w.org\/{rel}","templated":true}]}}