{"id":807,"date":"2024-10-18T00:27:15","date_gmt":"2024-10-18T06:27:15","guid":{"rendered":"https:\/\/stacatarina.mx\/consejos\/como-transformar-residuos-centrifugados-en-una-deliciosa-tarta-de-zanahoria-y-avellanas\/"},"modified":"2024-10-18T00:27:15","modified_gmt":"2024-10-18T06:27:15","slug":"como-transformar-residuos-centrifugados-en-una-deliciosa-tarta-de-zanahoria-y-avellanas","status":"publish","type":"post","link":"https:\/\/stacatarina.mx\/consejos\/como-transformar-residuos-centrifugados-en-una-deliciosa-tarta-de-zanahoria-y-avellanas\/","title":{"rendered":"C\u00f3mo transformar residuos centrifugados en una deliciosa tarta de zanahoria y avellanas"},"content":{"rendered":"<p class=\"single-abstract\">\n<p>\t\t\t\t\t\t\t\t\t\t\t\t\t\t\t\t\tC\u00f3mo reutilizar residuos centrifugados para preparar un suave y sabroso bizcocho de zanahoria y avellanas. \u00a1Una receta zero Waste, llena de sabor y f\u00e1cil de hacer!\t\t\t\t\t\t\t\t\t\t\t\t\t\t\t<\/p>\n<div class=\"daily-video\" style=\"display: none;\"><\/div>\n<div class=\"wrapper-player\" style=\"display: none; margin-bottom: 15px;\">\n<div id=\"daily-player\" style=\"position: relative; max-width: 100%;\" class=\"video-content\"><\/div>\n<\/p><\/div>\n<div class=\"image-wrapper featured-image no-lazy\" id=\"featured-image\"><\/div>\n<p>Un exprimidor de frutas y verduras es una idea rica y saludable para el desayuno, la merienda o el aperitivo. Pero \u00bfpor qu\u00e9 tirar la mezcla que queda en la basura? Es rico en fibra y se puede reutilizar en la cocina, \u00a1tanto para preparaciones dulces como saladas! Util\u00edzalo para enriquecer alb\u00f3ndigas, muffins, plum cakes, sorbetes, tartas r\u00fasticas y pan. Aqu\u00ed tienes una receta perfecta para reutilizar los &#8220;residuos&#8221; de tu exprimidor de zanahorias.<\/p>\n<h3>Ingredientes<\/h3>\n<p><strong><img loading=\"lazy\" decoding=\"async\" class=\"size-full wp-image-583600 aligncenter\" style=\"vertical-align: middle;\" title=\"centr\u00edfugo\" http: alt=\"b2ap3_thumbnail_centrifugato.jpg\" width=\"500\" height=\"300\" src=\"https:\/\/stacatarina.mx\/consejos\/wp-content\/uploads\/2024\/10\/Como-transformar-residuos-centrifugados-en-una-deliciosa-tarta-de-zanahoria.jpg\"><noscript><img loading=\"lazy\" decoding=\"async\" class=\"size-full wp-image-583600 aligncenter\" style=\"vertical-align: middle;\" title=\"centr\u00edfugo\" src=\"https:\/\/stacatarina.mx\/consejos\/wp-content\/uploads\/2024\/10\/Como-transformar-residuos-centrifugados-en-una-deliciosa-tarta-de-zanahoria.jpg\" alt=\"b2ap3_thumbnail_centrifugato.jpg\" width=\"500\" height=\"300\"><\/noscript><\/strong><\/p>\n<p><img loading=\"lazy\" decoding=\"async\" class=\"size-full wp-image-583601 aligncenter\" style=\"vertical-align: middle;\" title=\"pulpa de zanahoria\" http: alt=\"b2ap3_thumbnail_polpa-carote.jpg\" width=\"500\" height=\"300\" src=\"https:\/\/stacatarina.mx\/consejos\/wp-content\/uploads\/2024\/10\/1729232835_848_Como-transformar-residuos-centrifugados-en-una-deliciosa-tarta-de-zanahoria.jpg\"><\/p>\n<p><noscript><img loading=\"lazy\" decoding=\"async\" class=\"size-full wp-image-583601 aligncenter\" style=\"vertical-align: middle;\" title=\"pulpa de zanahoria\" src=\"https:\/\/stacatarina.mx\/consejos\/wp-content\/uploads\/2024\/10\/1729232835_848_Como-transformar-residuos-centrifugados-en-una-deliciosa-tarta-de-zanahoria.jpg\" alt=\"b2ap3_thumbnail_polpa-carote.jpg\" width=\"500\" height=\"300\"><\/noscript><\/p>\n<aside style=\"margin: 8px auto; text-align: center; display: block; clear: both;\">\n<div id=\"gpt-passback\">\n<\/div>\n<\/aside>\n<h3>Procedimiento<\/h3>\n<p>En un bol mezcla los polvos (harina, az\u00facar, levadura) y condimenta con canela, nuez moscada y ralladura de lim\u00f3n en las cantidades que prefieras.<\/p>\n<p>Agrega el aceite de ma\u00edz y el jugo de naranja, mezclando hasta obtener una masa suave y trabajable. Si es necesario, ajuste la cantidad de jugo.<\/p>\n<p>Pica las avellanas y a\u00f1\u00e1delas a la mezcla junto con la pulpa de zanahoria. Engrasa un molde para tarta y espolvor\u00e9alo con un poco de pan rallado, luego vierte la mezcla. Cocinar en horno precalentado a 180\u00b0 durante unos 30 minutos. Servir espolvoreado con az\u00facar glas.<\/p>\n<p>Este bizcocho, gracias a la pulpa de zanahoria, queda muy suave y es perfecto para el desayuno o como merienda saludable, y no s\u00f3lo est\u00e1 delicioso, sino que tambi\u00e9n representa una forma inteligente de reducir el desperdicio y aprovechar cada parte de la fruta y verdura. . Cada rebanada contiene los sabores genuinos de la zanahoria y las avellanas, lo que la hace perfecta para los amantes de los postres sencillos y saludables. Prueba a personalizarla a\u00f1adiendo otras especias o frutos secos: \u00a1es una receta vers\u00e1til que se adapta a tus gustos!<\/p><\/p>\n","protected":false},"excerpt":{"rendered":"<p>C\u00f3mo reutilizar residuos centrifugados para preparar un suave y sabroso bizcocho de zanahoria y avellanas. \u00a1Una receta zero Waste, llena de sabor y f\u00e1cil de<\/p>\n","protected":false},"author":1,"featured_media":808,"comment_status":"closed","ping_status":"","sticky":false,"template":"","format":"standard","meta":{"footnotes":""},"categories":[762],"tags":[987,985,15,986,756,948,984,37,973],"class_list":["post-807","post","type-post","status-publish","format-standard","has-post-thumbnail","hentry","category-salud","tag-avellanas","tag-centrifugados","tag-como","tag-deliciosa","tag-residuos","tag-tarta","tag-transformar","tag-una","tag-zanahoria","generate-columns","tablet-grid-50","mobile-grid-100","grid-parent","grid-50"],"yoast_head":"<!-- This site is optimized with the Yoast SEO plugin v23.4 - https:\/\/yoast.com\/wordpress\/plugins\/seo\/ -->\n<title>C\u00f3mo transformar residuos centrifugados en una deliciosa tarta de zanahoria y avellanas - Consejos - Santa Catarina<\/title>\n<meta name=\"robots\" content=\"index, follow, max-snippet:-1, max-image-preview:large, max-video-preview:-1\" \/>\n<link rel=\"canonical\" href=\"https:\/\/stacatarina.mx\/consejos\/como-transformar-residuos-centrifugados-en-una-deliciosa-tarta-de-zanahoria-y-avellanas\/\" \/>\n<meta property=\"og:locale\" content=\"es_MX\" \/>\n<meta property=\"og:type\" content=\"article\" \/>\n<meta property=\"og:title\" content=\"C\u00f3mo transformar residuos centrifugados en una deliciosa tarta de zanahoria y avellanas - Consejos - Santa Catarina\" \/>\n<meta property=\"og:description\" content=\"C\u00f3mo reutilizar residuos centrifugados para preparar un suave y sabroso bizcocho de zanahoria y avellanas. \u00a1Una receta zero Waste, llena de sabor y f\u00e1cil de\" \/>\n<meta property=\"og:url\" content=\"https:\/\/stacatarina.mx\/consejos\/como-transformar-residuos-centrifugados-en-una-deliciosa-tarta-de-zanahoria-y-avellanas\/\" \/>\n<meta property=\"og:site_name\" content=\"Santa Catarina\" \/>\n<meta property=\"article:publisher\" content=\"https:\/\/www.facebook.com\/stacatarinagob\/\" \/>\n<meta property=\"article:published_time\" content=\"2024-10-18T06:27:15+00:00\" \/>\n<meta property=\"og:image\" content=\"https:\/\/stacatarina.mx\/consejos\/wp-content\/uploads\/2024\/10\/1729214959_367_Como-preparar-pastel-de-zanahoria-la-receta-original-y-10.jpg\" \/>\n\t<meta property=\"og:image:width\" content=\"1500\" \/>\n\t<meta property=\"og:image:height\" content=\"1000\" \/>\n\t<meta property=\"og:image:type\" content=\"image\/jpeg\" \/>\n<meta name=\"author\" content=\"Pedro Mart\u00ednez\" \/>\n<meta name=\"twitter:card\" content=\"summary_large_image\" \/>\n<meta name=\"twitter:creator\" content=\"@stacatarinagob\" \/>\n<meta name=\"twitter:site\" content=\"@stacatarinagob\" \/>\n<meta name=\"twitter:label1\" content=\"Escrito por\" \/>\n\t<meta name=\"twitter:data1\" content=\"Pedro Mart\u00ednez\" \/>\n\t<meta name=\"twitter:label2\" content=\"Tiempo de lectura\" \/>\n\t<meta name=\"twitter:data2\" content=\"2 minutos\" \/>\n<script type=\"application\/ld+json\" class=\"yoast-schema-graph\">{\"@context\":\"https:\/\/schema.org\",\"@graph\":[{\"@type\":\"Article\",\"@id\":\"https:\/\/stacatarina.mx\/consejos\/como-transformar-residuos-centrifugados-en-una-deliciosa-tarta-de-zanahoria-y-avellanas\/#article\",\"isPartOf\":{\"@id\":\"https:\/\/stacatarina.mx\/consejos\/como-transformar-residuos-centrifugados-en-una-deliciosa-tarta-de-zanahoria-y-avellanas\/\"},\"author\":{\"name\":\"Pedro Mart\u00ednez\",\"@id\":\"https:\/\/stacatarina.mx\/consejos\/#\/schema\/person\/0be60adffa8e4c4d0828fdf021450e8a\"},\"headline\":\"C\u00f3mo transformar residuos centrifugados en una deliciosa tarta de zanahoria y avellanas\",\"datePublished\":\"2024-10-18T06:27:15+00:00\",\"dateModified\":\"2024-10-18T06:27:15+00:00\",\"mainEntityOfPage\":{\"@id\":\"https:\/\/stacatarina.mx\/consejos\/como-transformar-residuos-centrifugados-en-una-deliciosa-tarta-de-zanahoria-y-avellanas\/\"},\"wordCount\":315,\"publisher\":{\"@id\":\"https:\/\/stacatarina.mx\/consejos\/#organization\"},\"image\":{\"@id\":\"https:\/\/stacatarina.mx\/consejos\/como-transformar-residuos-centrifugados-en-una-deliciosa-tarta-de-zanahoria-y-avellanas\/#primaryimage\"},\"thumbnailUrl\":\"https:\/\/stacatarina.mx\/consejos\/wp-content\/uploads\/2024\/10\/1729214959_367_Como-preparar-pastel-de-zanahoria-la-receta-original-y-10.jpg\",\"keywords\":[\"avellanas\",\"centrifugados\",\"c\u00f3mo\",\"deliciosa\",\"residuos\",\"Tarta\",\"transformar\",\"una\",\"zanahoria\"],\"articleSection\":[\"Salud\"],\"inLanguage\":\"es\"},{\"@type\":\"WebPage\",\"@id\":\"https:\/\/stacatarina.mx\/consejos\/como-transformar-residuos-centrifugados-en-una-deliciosa-tarta-de-zanahoria-y-avellanas\/\",\"url\":\"https:\/\/stacatarina.mx\/consejos\/como-transformar-residuos-centrifugados-en-una-deliciosa-tarta-de-zanahoria-y-avellanas\/\",\"name\":\"C\u00f3mo transformar residuos centrifugados en una deliciosa tarta de zanahoria y avellanas - Consejos - Santa Catarina\",\"isPartOf\":{\"@id\":\"https:\/\/stacatarina.mx\/consejos\/#website\"},\"primaryImageOfPage\":{\"@id\":\"https:\/\/stacatarina.mx\/consejos\/como-transformar-residuos-centrifugados-en-una-deliciosa-tarta-de-zanahoria-y-avellanas\/#primaryimage\"},\"image\":{\"@id\":\"https:\/\/stacatarina.mx\/consejos\/como-transformar-residuos-centrifugados-en-una-deliciosa-tarta-de-zanahoria-y-avellanas\/#primaryimage\"},\"thumbnailUrl\":\"https:\/\/stacatarina.mx\/consejos\/wp-content\/uploads\/2024\/10\/1729214959_367_Como-preparar-pastel-de-zanahoria-la-receta-original-y-10.jpg\",\"datePublished\":\"2024-10-18T06:27:15+00:00\",\"dateModified\":\"2024-10-18T06:27:15+00:00\",\"breadcrumb\":{\"@id\":\"https:\/\/stacatarina.mx\/consejos\/como-transformar-residuos-centrifugados-en-una-deliciosa-tarta-de-zanahoria-y-avellanas\/#breadcrumb\"},\"inLanguage\":\"es\",\"potentialAction\":[{\"@type\":\"ReadAction\",\"target\":[\"https:\/\/stacatarina.mx\/consejos\/como-transformar-residuos-centrifugados-en-una-deliciosa-tarta-de-zanahoria-y-avellanas\/\"]}]},{\"@type\":\"ImageObject\",\"inLanguage\":\"es\",\"@id\":\"https:\/\/stacatarina.mx\/consejos\/como-transformar-residuos-centrifugados-en-una-deliciosa-tarta-de-zanahoria-y-avellanas\/#primaryimage\",\"url\":\"https:\/\/stacatarina.mx\/consejos\/wp-content\/uploads\/2024\/10\/1729214959_367_Como-preparar-pastel-de-zanahoria-la-receta-original-y-10.jpg\",\"contentUrl\":\"https:\/\/stacatarina.mx\/consejos\/wp-content\/uploads\/2024\/10\/1729214959_367_Como-preparar-pastel-de-zanahoria-la-receta-original-y-10.jpg\",\"width\":1500,\"height\":1000,\"caption\":\"torta di carote\"},{\"@type\":\"BreadcrumbList\",\"@id\":\"https:\/\/stacatarina.mx\/consejos\/como-transformar-residuos-centrifugados-en-una-deliciosa-tarta-de-zanahoria-y-avellanas\/#breadcrumb\",\"itemListElement\":[{\"@type\":\"ListItem\",\"position\":1,\"name\":\"Inicio\",\"item\":\"https:\/\/stacatarina.mx\/consejos\/\"},{\"@type\":\"ListItem\",\"position\":2,\"name\":\"C\u00f3mo transformar residuos centrifugados en una deliciosa tarta de zanahoria y avellanas\"}]},{\"@type\":\"WebSite\",\"@id\":\"https:\/\/stacatarina.mx\/consejos\/#website\",\"url\":\"https:\/\/stacatarina.mx\/consejos\/\",\"name\":\"Santa Catarina\",\"description\":\"\",\"publisher\":{\"@id\":\"https:\/\/stacatarina.mx\/consejos\/#organization\"},\"potentialAction\":[{\"@type\":\"SearchAction\",\"target\":{\"@type\":\"EntryPoint\",\"urlTemplate\":\"https:\/\/stacatarina.mx\/consejos\/?s={search_term_string}\"},\"query-input\":{\"@type\":\"PropertyValueSpecification\",\"valueRequired\":true,\"valueName\":\"search_term_string\"}}],\"inLanguage\":\"es\"},{\"@type\":\"Organization\",\"@id\":\"https:\/\/stacatarina.mx\/consejos\/#organization\",\"name\":\"Santa Catarina\",\"url\":\"https:\/\/stacatarina.mx\/consejos\/\",\"logo\":{\"@type\":\"ImageObject\",\"inLanguage\":\"es\",\"@id\":\"https:\/\/stacatarina.mx\/consejos\/#\/schema\/logo\/image\/\",\"url\":\"https:\/\/stacatarina.mx\/consejos\/wp-content\/uploads\/2024\/09\/cropped-favicon-1-1.png\",\"contentUrl\":\"https:\/\/stacatarina.mx\/consejos\/wp-content\/uploads\/2024\/09\/cropped-favicon-1-1.png\",\"width\":512,\"height\":512,\"caption\":\"Santa Catarina\"},\"image\":{\"@id\":\"https:\/\/stacatarina.mx\/consejos\/#\/schema\/logo\/image\/\"},\"sameAs\":[\"https:\/\/www.facebook.com\/stacatarinagob\/\",\"https:\/\/x.com\/stacatarinagob\",\"https:\/\/www.instagram.com\/stacatarinagob\/\",\"https:\/\/www.youtube.com\/channel\/UCK-6cQJL_904665N1_nLTWw\"]},{\"@type\":\"Person\",\"@id\":\"https:\/\/stacatarina.mx\/consejos\/#\/schema\/person\/0be60adffa8e4c4d0828fdf021450e8a\",\"name\":\"Pedro Mart\u00ednez\",\"image\":{\"@type\":\"ImageObject\",\"inLanguage\":\"es\",\"@id\":\"https:\/\/stacatarina.mx\/consejos\/#\/schema\/person\/image\/\",\"url\":\"https:\/\/stacatarina.mx\/consejos\/wp-content\/uploads\/2024\/09\/stacatarina.jpg\",\"contentUrl\":\"https:\/\/stacatarina.mx\/consejos\/wp-content\/uploads\/2024\/09\/stacatarina.jpg\",\"caption\":\"Pedro Mart\u00ednez\"},\"description\":\"Hola, soy Pedro Mart\u00ednez, redactor jefe del sitio oficial del ayuntamiento de Santa Catarina, en M\u00e9xico. Con m\u00e1s de diez a\u00f1os de experiencia en el periodismo local, tengo una pasi\u00f3n por la investigaci\u00f3n y la difusi\u00f3n de informaci\u00f3n que valoriza nuestra hermosa comunidad. Mi compromiso es hacer de Santa Catarina una referencia en materia de transparencia y comunicaci\u00f3n municipal.\",\"sameAs\":[\"https:\/\/stacatarina.mx\/\"]}]}<\/script>\n<!-- \/ Yoast SEO plugin. -->","yoast_head_json":{"title":"C\u00f3mo transformar residuos centrifugados en una deliciosa tarta de zanahoria y avellanas - Consejos - Santa Catarina","robots":{"index":"index","follow":"follow","max-snippet":"max-snippet:-1","max-image-preview":"max-image-preview:large","max-video-preview":"max-video-preview:-1"},"canonical":"https:\/\/stacatarina.mx\/consejos\/como-transformar-residuos-centrifugados-en-una-deliciosa-tarta-de-zanahoria-y-avellanas\/","og_locale":"es_MX","og_type":"article","og_title":"C\u00f3mo transformar residuos centrifugados en una deliciosa tarta de zanahoria y avellanas - Consejos - Santa Catarina","og_description":"C\u00f3mo reutilizar residuos centrifugados para preparar un suave y sabroso bizcocho de zanahoria y avellanas. \u00a1Una receta zero Waste, llena de sabor y f\u00e1cil de","og_url":"https:\/\/stacatarina.mx\/consejos\/como-transformar-residuos-centrifugados-en-una-deliciosa-tarta-de-zanahoria-y-avellanas\/","og_site_name":"Santa Catarina","article_publisher":"https:\/\/www.facebook.com\/stacatarinagob\/","article_published_time":"2024-10-18T06:27:15+00:00","og_image":[{"width":1500,"height":1000,"url":"https:\/\/stacatarina.mx\/consejos\/wp-content\/uploads\/2024\/10\/1729214959_367_Como-preparar-pastel-de-zanahoria-la-receta-original-y-10.jpg","type":"image\/jpeg"}],"author":"Pedro Mart\u00ednez","twitter_card":"summary_large_image","twitter_creator":"@stacatarinagob","twitter_site":"@stacatarinagob","twitter_misc":{"Escrito por":"Pedro Mart\u00ednez","Tiempo de lectura":"2 minutos"},"schema":{"@context":"https:\/\/schema.org","@graph":[{"@type":"Article","@id":"https:\/\/stacatarina.mx\/consejos\/como-transformar-residuos-centrifugados-en-una-deliciosa-tarta-de-zanahoria-y-avellanas\/#article","isPartOf":{"@id":"https:\/\/stacatarina.mx\/consejos\/como-transformar-residuos-centrifugados-en-una-deliciosa-tarta-de-zanahoria-y-avellanas\/"},"author":{"name":"Pedro Mart\u00ednez","@id":"https:\/\/stacatarina.mx\/consejos\/#\/schema\/person\/0be60adffa8e4c4d0828fdf021450e8a"},"headline":"C\u00f3mo transformar residuos centrifugados en una deliciosa tarta de zanahoria y avellanas","datePublished":"2024-10-18T06:27:15+00:00","dateModified":"2024-10-18T06:27:15+00:00","mainEntityOfPage":{"@id":"https:\/\/stacatarina.mx\/consejos\/como-transformar-residuos-centrifugados-en-una-deliciosa-tarta-de-zanahoria-y-avellanas\/"},"wordCount":315,"publisher":{"@id":"https:\/\/stacatarina.mx\/consejos\/#organization"},"image":{"@id":"https:\/\/stacatarina.mx\/consejos\/como-transformar-residuos-centrifugados-en-una-deliciosa-tarta-de-zanahoria-y-avellanas\/#primaryimage"},"thumbnailUrl":"https:\/\/stacatarina.mx\/consejos\/wp-content\/uploads\/2024\/10\/1729214959_367_Como-preparar-pastel-de-zanahoria-la-receta-original-y-10.jpg","keywords":["avellanas","centrifugados","c\u00f3mo","deliciosa","residuos","Tarta","transformar","una","zanahoria"],"articleSection":["Salud"],"inLanguage":"es"},{"@type":"WebPage","@id":"https:\/\/stacatarina.mx\/consejos\/como-transformar-residuos-centrifugados-en-una-deliciosa-tarta-de-zanahoria-y-avellanas\/","url":"https:\/\/stacatarina.mx\/consejos\/como-transformar-residuos-centrifugados-en-una-deliciosa-tarta-de-zanahoria-y-avellanas\/","name":"C\u00f3mo transformar residuos centrifugados en una deliciosa tarta de zanahoria y avellanas - Consejos - Santa Catarina","isPartOf":{"@id":"https:\/\/stacatarina.mx\/consejos\/#website"},"primaryImageOfPage":{"@id":"https:\/\/stacatarina.mx\/consejos\/como-transformar-residuos-centrifugados-en-una-deliciosa-tarta-de-zanahoria-y-avellanas\/#primaryimage"},"image":{"@id":"https:\/\/stacatarina.mx\/consejos\/como-transformar-residuos-centrifugados-en-una-deliciosa-tarta-de-zanahoria-y-avellanas\/#primaryimage"},"thumbnailUrl":"https:\/\/stacatarina.mx\/consejos\/wp-content\/uploads\/2024\/10\/1729214959_367_Como-preparar-pastel-de-zanahoria-la-receta-original-y-10.jpg","datePublished":"2024-10-18T06:27:15+00:00","dateModified":"2024-10-18T06:27:15+00:00","breadcrumb":{"@id":"https:\/\/stacatarina.mx\/consejos\/como-transformar-residuos-centrifugados-en-una-deliciosa-tarta-de-zanahoria-y-avellanas\/#breadcrumb"},"inLanguage":"es","potentialAction":[{"@type":"ReadAction","target":["https:\/\/stacatarina.mx\/consejos\/como-transformar-residuos-centrifugados-en-una-deliciosa-tarta-de-zanahoria-y-avellanas\/"]}]},{"@type":"ImageObject","inLanguage":"es","@id":"https:\/\/stacatarina.mx\/consejos\/como-transformar-residuos-centrifugados-en-una-deliciosa-tarta-de-zanahoria-y-avellanas\/#primaryimage","url":"https:\/\/stacatarina.mx\/consejos\/wp-content\/uploads\/2024\/10\/1729214959_367_Como-preparar-pastel-de-zanahoria-la-receta-original-y-10.jpg","contentUrl":"https:\/\/stacatarina.mx\/consejos\/wp-content\/uploads\/2024\/10\/1729214959_367_Como-preparar-pastel-de-zanahoria-la-receta-original-y-10.jpg","width":1500,"height":1000,"caption":"torta di carote"},{"@type":"BreadcrumbList","@id":"https:\/\/stacatarina.mx\/consejos\/como-transformar-residuos-centrifugados-en-una-deliciosa-tarta-de-zanahoria-y-avellanas\/#breadcrumb","itemListElement":[{"@type":"ListItem","position":1,"name":"Inicio","item":"https:\/\/stacatarina.mx\/consejos\/"},{"@type":"ListItem","position":2,"name":"C\u00f3mo transformar residuos centrifugados en una deliciosa tarta de zanahoria y avellanas"}]},{"@type":"WebSite","@id":"https:\/\/stacatarina.mx\/consejos\/#website","url":"https:\/\/stacatarina.mx\/consejos\/","name":"Santa Catarina","description":"","publisher":{"@id":"https:\/\/stacatarina.mx\/consejos\/#organization"},"potentialAction":[{"@type":"SearchAction","target":{"@type":"EntryPoint","urlTemplate":"https:\/\/stacatarina.mx\/consejos\/?s={search_term_string}"},"query-input":{"@type":"PropertyValueSpecification","valueRequired":true,"valueName":"search_term_string"}}],"inLanguage":"es"},{"@type":"Organization","@id":"https:\/\/stacatarina.mx\/consejos\/#organization","name":"Santa Catarina","url":"https:\/\/stacatarina.mx\/consejos\/","logo":{"@type":"ImageObject","inLanguage":"es","@id":"https:\/\/stacatarina.mx\/consejos\/#\/schema\/logo\/image\/","url":"https:\/\/stacatarina.mx\/consejos\/wp-content\/uploads\/2024\/09\/cropped-favicon-1-1.png","contentUrl":"https:\/\/stacatarina.mx\/consejos\/wp-content\/uploads\/2024\/09\/cropped-favicon-1-1.png","width":512,"height":512,"caption":"Santa Catarina"},"image":{"@id":"https:\/\/stacatarina.mx\/consejos\/#\/schema\/logo\/image\/"},"sameAs":["https:\/\/www.facebook.com\/stacatarinagob\/","https:\/\/x.com\/stacatarinagob","https:\/\/www.instagram.com\/stacatarinagob\/","https:\/\/www.youtube.com\/channel\/UCK-6cQJL_904665N1_nLTWw"]},{"@type":"Person","@id":"https:\/\/stacatarina.mx\/consejos\/#\/schema\/person\/0be60adffa8e4c4d0828fdf021450e8a","name":"Pedro Mart\u00ednez","image":{"@type":"ImageObject","inLanguage":"es","@id":"https:\/\/stacatarina.mx\/consejos\/#\/schema\/person\/image\/","url":"https:\/\/stacatarina.mx\/consejos\/wp-content\/uploads\/2024\/09\/stacatarina.jpg","contentUrl":"https:\/\/stacatarina.mx\/consejos\/wp-content\/uploads\/2024\/09\/stacatarina.jpg","caption":"Pedro Mart\u00ednez"},"description":"Hola, soy Pedro Mart\u00ednez, redactor jefe del sitio oficial del ayuntamiento de Santa Catarina, en M\u00e9xico. Con m\u00e1s de diez a\u00f1os de experiencia en el periodismo local, tengo una pasi\u00f3n por la investigaci\u00f3n y la difusi\u00f3n de informaci\u00f3n que valoriza nuestra hermosa comunidad. Mi compromiso es hacer de Santa Catarina una referencia en materia de transparencia y comunicaci\u00f3n municipal.","sameAs":["https:\/\/stacatarina.mx\/"]}]}},"_links":{"self":[{"href":"https:\/\/stacatarina.mx\/consejos\/wp-json\/wp\/v2\/posts\/807"}],"collection":[{"href":"https:\/\/stacatarina.mx\/consejos\/wp-json\/wp\/v2\/posts"}],"about":[{"href":"https:\/\/stacatarina.mx\/consejos\/wp-json\/wp\/v2\/types\/post"}],"author":[{"embeddable":true,"href":"https:\/\/stacatarina.mx\/consejos\/wp-json\/wp\/v2\/users\/1"}],"replies":[{"embeddable":true,"href":"https:\/\/stacatarina.mx\/consejos\/wp-json\/wp\/v2\/comments?post=807"}],"version-history":[{"count":1,"href":"https:\/\/stacatarina.mx\/consejos\/wp-json\/wp\/v2\/posts\/807\/revisions"}],"predecessor-version":[{"id":809,"href":"https:\/\/stacatarina.mx\/consejos\/wp-json\/wp\/v2\/posts\/807\/revisions\/809"}],"wp:featuredmedia":[{"embeddable":true,"href":"https:\/\/stacatarina.mx\/consejos\/wp-json\/wp\/v2\/media\/808"}],"wp:attachment":[{"href":"https:\/\/stacatarina.mx\/consejos\/wp-json\/wp\/v2\/media?parent=807"}],"wp:term":[{"taxonomy":"category","embeddable":true,"href":"https:\/\/stacatarina.mx\/consejos\/wp-json\/wp\/v2\/categories?post=807"},{"taxonomy":"post_tag","embeddable":true,"href":"https:\/\/stacatarina.mx\/consejos\/wp-json\/wp\/v2\/tags?post=807"}],"curies":[{"name":"wp","href":"https:\/\/api.w.org\/{rel}","templated":true}]}}