{"id":846,"date":"2024-10-19T01:25:47","date_gmt":"2024-10-19T07:25:47","guid":{"rendered":"https:\/\/stacatarina.mx\/consejos\/sufres-de-hipocondria-como-reconocer-la-ansiedad-por-enfermedad-y-cuando-se-convierte-en-un-problema\/"},"modified":"2024-10-19T01:25:48","modified_gmt":"2024-10-19T07:25:48","slug":"sufres-de-hipocondria-como-reconocer-la-ansiedad-por-enfermedad-y-cuando-se-convierte-en-un-problema","status":"publish","type":"post","link":"https:\/\/stacatarina.mx\/consejos\/sufres-de-hipocondria-como-reconocer-la-ansiedad-por-enfermedad-y-cuando-se-convierte-en-un-problema\/","title":{"rendered":"Sufres de hipocondr\u00eda: c\u00f3mo reconocer la ansiedad por enfermedad y cu\u00e1ndo se convierte en un problema"},"content":{"rendered":"<p class=\"single-abstract\">\n<p>\t\t\t\t\t\t\t\t\t\t\t\t\t\t\t\t\tHablemos de hipocondr\u00eda: c\u00f3mo reconocerla, cu\u00e1les son los desencadenantes y consejos para combatirla\t\t\t\t\t\t\t\t\t\t\t\t\t\t\t<\/p>\n<div class=\"daily-video\" style=\"display: none;\"><\/div>\n<div class=\"wrapper-player\" style=\"display: none; margin-bottom: 15px;\">\n<div id=\"daily-player\" style=\"position: relative; max-width: 100%;\" class=\"video-content\"><\/div>\n<\/p><\/div>\n<div class=\"image-wrapper featured-image no-lazy\" id=\"featured-image\"><\/div>\n<p>La preocupaci\u00f3n por la salud es un aspecto esencial en la vida de cada individuo, fundamental para mantenerse en forma y prevenir la aparici\u00f3n de enfermedades. Sin embargo, existe una delgada l\u00ednea entre una sana vigilancia y una ansiedad recurrente que se vuelve omnipresente y cr\u00f3nica hasta desembocar en una aut\u00e9ntica fobia a las enfermedades, conocida como hipocondr\u00eda, un trastorno psicol\u00f3gico caracterizado por un miedo persistente a verse afectado por patolog\u00edas graves, incluso en la ausencia de s\u00edntomas concretos o confirmaci\u00f3n m\u00e9dica.<\/p>\n<h2><span class=\"ez-toc-section\" id=\"Cose_lipocondria\"><\/span>\u00bfQu\u00e9 es la hipocondr\u00eda?<span class=\"ez-toc-section-end\"><\/span><\/h2>\n<p>La hipocondr\u00eda, oficialmente reconocida como <strong>trastorno de ansiedad por enfermedad<\/strong> (Trastorno de Ansiedad por Enfermedad \u2013 IAD), es una condici\u00f3n en la que el individuo se ve constantemente atormentado por el miedo a estar enfermo.<\/p>\n<aside style=\"margin: 8px auto; text-align: center; display: block; clear: both;\">\n<div id=\"gpt-passback\">\n<\/div>\n<\/aside>\n<p>El miedo puede ser desencadenado por cualquier m\u00ednimo dolor o cambio corporal, que se percibe como una amenaza inminente, dando lugar a conductas disfuncionales encaminadas a buscar tranquilidad. Las personas con hipocondr\u00eda pueden dedicar mucho tiempo y recursos a buscar informaci\u00f3n m\u00e9dica en l\u00ednea, consultando compulsivamente sitios y foros con la esperanza de encontrar respuestas a sus inquietudes, un comportamiento que alimenta a\u00fan m\u00e1s la ansiedad, ya que, adem\u00e1s, la gran cantidad de datos disponibles en l\u00ednea, sin consultas m\u00e9dicas v\u00e1lidas, se puede llegar a conclusiones err\u00f3neas y alarmantes.<\/p>\n<h2><span class=\"ez-toc-section\" id=\"I_comportamenti_degli_ipocondriaci\"><\/span>Los comportamientos de los hipocondr\u00edacos.<span class=\"ez-toc-section-end\"><\/span><\/h2>\n<p>Los hipocondr\u00edacos suelen someterse a frecuentes visitas al m\u00e9dico y a multitud de pruebas diagn\u00f3sticas, aunque los resultados anteriores hayan sido tranquilizadores. Este comportamiento, adem\u00e1s de ser un desperdicio de tiempo y dinero, puede poner a prueba la relaci\u00f3n con los profesionales sanitarios, que a menudo se encuentran ante solicitudes insistentes y temores infundados. Como resultado, la hipocondr\u00eda puede tener un impacto significativo en la calidad de vida de quien la padece, interfiriendo con las actividades diarias, las relaciones interpersonales y el bienestar general. El miedo constante a enfermar dificulta concentrarse en el trabajo, disfrutar de momentos de ocio y mantener relaciones afectivas pac\u00edficas.<\/p>\n<div class=\"code-block code-block-9\" style=\"margin: 8px auto; display: flex; justify-content: center; min-height: 252px;\">\n<div id=\"div-gpt-ad-MPU_Bottom_2\" style=\"min-width: 300px; min-height: 253px;\">\n<\/div>\n<div id=\"taboola-widget_non_consent_300x250-4\"><\/div>\n<\/div>\n<h2><span class=\"ez-toc-section\" id=\"Origini_e_definizione_di_ipocondria\"><\/span>Or\u00edgenes y definici\u00f3n de hipocondr\u00eda<span class=\"ez-toc-section-end\"><\/span><\/h2>\n<p>El t\u00e9rmino \u201chipocondr\u00eda\u201d deriva del griego \u201chypokhondrios\u201d, que significa \u201cdebajo de los cart\u00edlagos costales\u201d. En la antigua Grecia se cre\u00eda que esta afecci\u00f3n era provocada por una alteraci\u00f3n de los \u00f3rganos ubicados en la regi\u00f3n hipocondr\u00edaca, es decir, la parte superior del abdomen, debajo de las costillas. Esta concepci\u00f3n se basaba en la teor\u00eda de los humores, seg\u00fan la cual un desequilibrio de los fluidos corporales provocar\u00eda trastornos f\u00edsicos y mentales. Los hipocondr\u00edacos tienden a malinterpretar sensaciones corporales comunes o anomal\u00edas leves como s\u00edntomas de patolog\u00edas graves, incluso en ausencia de evidencia m\u00e9dica concreta: una distorsi\u00f3n perceptiva que desencadena un c\u00edrculo vicioso de ansiedad y miedo, atrapando a la persona en un v\u00f3rtice de pensamientos obsesivos sobre la propia salud. .<\/p>\n<h2><span class=\"ez-toc-section\" id=\"Come_riconoscere_lipocondria\"><\/span>C\u00f3mo reconocer la hipocondr\u00eda<span class=\"ez-toc-section-end\"><\/span><\/h2>\n<p>Distinguir la hipocondriasis de un problema de salud normal puede resultar complicado, ya que los s\u00edntomas de este trastorno pueden superponerse a los de otras afecciones psicol\u00f3gicas.<\/p>\n<p>Por ejemplo, el trastorno de ansiedad generalizada (TAG) comparte un problema de salud excesivo con la hipocondriasis, pero en el TAG las ansiedades tienden a ser m\u00e1s generalizadas y no limitarse a esta \u00e1rea.<\/p>\n<p>De manera similar, el trastorno obsesivo-compulsivo (TOC) puede manifestarse con rituales similares a los comportamientos compulsivos de la hipocondr\u00eda, como la revisi\u00f3n corporal repetitiva, pero en el TOC las obsesiones y compulsiones cubren una gama m\u00e1s amplia de temas.<br \/>\nLa hipocondriasis tambi\u00e9n puede confundirse con trastornos somatomorfos, como el trastorno de s\u00edntomas som\u00e1ticos, en el que predomina el malestar f\u00edsico pero no tiene una base m\u00e9dica clara. Los trastornos del estado de \u00e1nimo, como la depresi\u00f3n y el trastorno bipolar, tambi\u00e9n pueden causar problemas de salud excesivos, pero tienen s\u00edntomas distintivos, como estado de \u00e1nimo deprimido o episodios man\u00edacos. Cabe se\u00f1alar que, en algunos casos, las preocupaciones hipocondr\u00edacas pueden ser provocadas por una afecci\u00f3n m\u00e9dica real no diagnosticada.<\/p>\n<h2><span class=\"ez-toc-section\" id=\"Sintomi_principali_dellipocondria\"><\/span>Principales s\u00edntomas de la hipocondr\u00eda.<span class=\"ez-toc-section-end\"><\/span><\/h2>\n<p>Los s\u00edntomas de la hipocondriasis pueden variar, pero a menudo incluyen una variedad de manifestaciones f\u00edsicas y conductuales. Entre los s\u00edntomas f\u00edsicos m\u00e1s comunes se encuentran dolores o molestias en diversas partes del cuerpo, palpitaciones, mareos, trastornos gastrointestinales, fatiga y dificultad para concentrarse.<\/p>\n<p>Los s\u00edntomas pueden ser reales o percibidos y, a menudo, son el resultado de la ansiedad y el estr\u00e9s relacionados con la preocupaci\u00f3n por la salud. Debemos tener en cuenta que estos s\u00edntomas tambi\u00e9n pueden estar presentes en muchas otras condiciones m\u00e9dicas o psicol\u00f3gicas y su presencia no necesariamente indica hipocondr\u00eda.<br \/>\nLa hipocondr\u00eda tambi\u00e9n puede provocar ataques de p\u00e1nico. La obsesi\u00f3n constante por las enfermedades y la mala interpretaci\u00f3n de s\u00edntomas menores pueden provocar un estado de ansiedad cr\u00f3nica, aumentando el riesgo de sufrir ataques de p\u00e1nico. Los comportamientos asociados con la hipocondr\u00eda reflejan una preocupaci\u00f3n excesiva y continua por la propia salud, lo que a menudo conduce a comportamientos que pueden parecer irracionales para quienes no experimentan el mismo nivel de ansiedad.<\/p>\n<h2><span class=\"ez-toc-section\" id=\"Comportamenti_correlati_allipocondria\"><\/span>Comportamientos relacionados con la hipocondriasis<span class=\"ez-toc-section-end\"><\/span><\/h2>\n<p>Los hipocondr\u00edacos vigilan constantemente sus s\u00edntomas f\u00edsicos menores, malinterpretan las sensaciones corporales normales como signos de enfermedad, realizan visitas frecuentes al m\u00e9dico o solicitan pruebas diagn\u00f3sticas, dudan de los diagn\u00f3sticos m\u00e9dicos y buscan segundas opiniones, evitan situaciones, lugares o personas por miedo a contraer enfermedades, buscan compulsivamente buscan informaci\u00f3n m\u00e9dica en l\u00ednea o en otros textos, y constantemente piden a otros que los tranquilicen sobre su salud. Estos comportamientos pueden interferir significativamente con la vida diaria de un individuo, dificultando el mantenimiento de una rutina normal.<\/p>\n<aside style=\"margin: 8px auto; display: flex; justify-content: center; min-height: 251px;\">\n<div id=\"div-gpt-ad-MPU_Bottom_1\" style=\"min-width: 300px; min-height: 252px;\">\n<\/div>\n<\/aside>\n<h2><span class=\"ez-toc-section\" id=\"Cause_principali_del_disturbo_ipocondriaco\"><\/span>Principales causas del trastorno hipocondr\u00edaco<span class=\"ez-toc-section-end\"><\/span><\/h2>\n<p>La hipocondr\u00eda es un trastorno complejo que no puede atribuirse a una \u00fanica causa, sino que es el resultado de una combinaci\u00f3n de factores biol\u00f3gicos, psicol\u00f3gicos y ambientales. Estos incluyen una predisposici\u00f3n gen\u00e9tica, experiencias traum\u00e1ticas relacionadas con la salud en la infancia, trastornos de ansiedad o depresi\u00f3n preexistentes y acontecimientos vitales estresantes. Estos elementos contribuyen al desarrollo del trastorno, haciendo que algunas personas sean m\u00e1s vulnerables a la hipocondr\u00eda que otras.<\/p>\n<h2><span class=\"ez-toc-section\" id=\"Trattare_lipocondria_con_laiuto_di_uno_specialista\"><\/span>Tratar la hipocondr\u00eda con la ayuda de un especialista<span class=\"ez-toc-section-end\"><\/span><\/h2>\n<p>Si est\u00e1s constantemente preocupado por tu salud y tienes miedo de sufrir hipocondr\u00eda, busca ayuda. Un profesional de la salud mental puede evaluar cuidadosamente sus s\u00edntomas para distinguir la hipocondr\u00eda de otras afecciones y brindarle el tratamiento m\u00e1s adecuado. Las terapias cognitivo-conductuales (TCC) son particularmente efectivas en el tratamiento de la hipocondriasis, ya que ayudan a cambiar los pensamientos y comportamientos disfuncionales asociados con el trastorno.<\/p>\n<p><strong><span style=\"color: #3c3c3c;\"><span style=\"font-family: apple-system, BlinkMacSystemFont, Segoe UI, Roboto, Oxygen-Sans, Ubuntu, Cantarell, Helvetica Neue, sans-serif;\"><span style=\"font-size: large;\">\u00bfNo quieres perderte nuestras novedades?<\/span><\/span><\/span><\/strong><\/p>\n","protected":false},"excerpt":{"rendered":"<p>Hablemos de hipocondr\u00eda: c\u00f3mo reconocerla, cu\u00e1les son los desencadenantes y consejos para combatirla La preocupaci\u00f3n por la salud es un aspecto esencial en la vida<\/p>\n","protected":false},"author":1,"featured_media":847,"comment_status":"closed","ping_status":"","sticky":false,"template":"","format":"standard","meta":{"footnotes":""},"categories":[762],"tags":[1054,15,584,568,810,1052,112,302,1053,1051],"class_list":["post-846","post","type-post","status-publish","format-standard","has-post-thumbnail","hentry","category-salud","tag-ansiedad","tag-como","tag-convierte","tag-cuando","tag-enfermedad","tag-hipocondria","tag-por","tag-problema","tag-reconocer","tag-sufres","generate-columns","tablet-grid-50","mobile-grid-100","grid-parent","grid-50"],"yoast_head":"<!-- This site is optimized with the Yoast SEO plugin v23.4 - https:\/\/yoast.com\/wordpress\/plugins\/seo\/ -->\n<title>Sufres de hipocondr\u00eda: c\u00f3mo reconocer la ansiedad por enfermedad y cu\u00e1ndo se convierte en un problema - Consejos - Santa Catarina<\/title>\n<meta name=\"robots\" content=\"index, follow, max-snippet:-1, max-image-preview:large, max-video-preview:-1\" \/>\n<link rel=\"canonical\" href=\"https:\/\/stacatarina.mx\/consejos\/sufres-de-hipocondria-como-reconocer-la-ansiedad-por-enfermedad-y-cuando-se-convierte-en-un-problema\/\" \/>\n<meta property=\"og:locale\" content=\"es_MX\" \/>\n<meta property=\"og:type\" content=\"article\" \/>\n<meta property=\"og:title\" content=\"Sufres de hipocondr\u00eda: c\u00f3mo reconocer la ansiedad por enfermedad y cu\u00e1ndo se convierte en un problema - Consejos - Santa Catarina\" \/>\n<meta property=\"og:description\" content=\"Hablemos de hipocondr\u00eda: c\u00f3mo reconocerla, cu\u00e1les son los desencadenantes y consejos para combatirla La preocupaci\u00f3n por la salud es un aspecto esencial en la vida\" \/>\n<meta property=\"og:url\" content=\"https:\/\/stacatarina.mx\/consejos\/sufres-de-hipocondria-como-reconocer-la-ansiedad-por-enfermedad-y-cuando-se-convierte-en-un-problema\/\" \/>\n<meta property=\"og:site_name\" content=\"Santa Catarina\" \/>\n<meta property=\"article:publisher\" content=\"https:\/\/www.facebook.com\/stacatarinagob\/\" \/>\n<meta property=\"article:published_time\" content=\"2024-10-19T07:25:47+00:00\" \/>\n<meta property=\"article:modified_time\" content=\"2024-10-19T07:25:48+00:00\" \/>\n<meta property=\"og:image\" content=\"https:\/\/stacatarina.mx\/consejos\/wp-content\/uploads\/2024\/10\/Sufres-de-hipocondria-como-reconocer-la-ansiedad-por-enfermedad-y.jpg\" \/>\n\t<meta property=\"og:image:width\" content=\"1500\" \/>\n\t<meta property=\"og:image:height\" content=\"1000\" \/>\n\t<meta property=\"og:image:type\" content=\"image\/jpeg\" \/>\n<meta name=\"author\" content=\"Pedro Mart\u00ednez\" \/>\n<meta name=\"twitter:card\" content=\"summary_large_image\" \/>\n<meta name=\"twitter:creator\" content=\"@stacatarinagob\" \/>\n<meta name=\"twitter:site\" content=\"@stacatarinagob\" \/>\n<meta name=\"twitter:label1\" content=\"Escrito por\" \/>\n\t<meta name=\"twitter:data1\" content=\"Pedro Mart\u00ednez\" \/>\n\t<meta name=\"twitter:label2\" content=\"Tiempo de lectura\" \/>\n\t<meta name=\"twitter:data2\" content=\"6 minutos\" \/>\n<script type=\"application\/ld+json\" class=\"yoast-schema-graph\">{\"@context\":\"https:\/\/schema.org\",\"@graph\":[{\"@type\":\"Article\",\"@id\":\"https:\/\/stacatarina.mx\/consejos\/sufres-de-hipocondria-como-reconocer-la-ansiedad-por-enfermedad-y-cuando-se-convierte-en-un-problema\/#article\",\"isPartOf\":{\"@id\":\"https:\/\/stacatarina.mx\/consejos\/sufres-de-hipocondria-como-reconocer-la-ansiedad-por-enfermedad-y-cuando-se-convierte-en-un-problema\/\"},\"author\":{\"name\":\"Pedro Mart\u00ednez\",\"@id\":\"https:\/\/stacatarina.mx\/consejos\/#\/schema\/person\/0be60adffa8e4c4d0828fdf021450e8a\"},\"headline\":\"Sufres de hipocondr\u00eda: c\u00f3mo reconocer la ansiedad por enfermedad y cu\u00e1ndo se convierte en un problema\",\"datePublished\":\"2024-10-19T07:25:47+00:00\",\"dateModified\":\"2024-10-19T07:25:48+00:00\",\"mainEntityOfPage\":{\"@id\":\"https:\/\/stacatarina.mx\/consejos\/sufres-de-hipocondria-como-reconocer-la-ansiedad-por-enfermedad-y-cuando-se-convierte-en-un-problema\/\"},\"wordCount\":1210,\"publisher\":{\"@id\":\"https:\/\/stacatarina.mx\/consejos\/#organization\"},\"image\":{\"@id\":\"https:\/\/stacatarina.mx\/consejos\/sufres-de-hipocondria-como-reconocer-la-ansiedad-por-enfermedad-y-cuando-se-convierte-en-un-problema\/#primaryimage\"},\"thumbnailUrl\":\"https:\/\/stacatarina.mx\/consejos\/wp-content\/uploads\/2024\/10\/Sufres-de-hipocondria-como-reconocer-la-ansiedad-por-enfermedad-y.jpg\",\"keywords\":[\"ansiedad\",\"c\u00f3mo\",\"convierte\",\"cuando\",\"enfermedad\",\"hipocondr\u00eda\",\"por\",\"problema\",\"reconocer\",\"Sufres\"],\"articleSection\":[\"Salud\"],\"inLanguage\":\"es\"},{\"@type\":\"WebPage\",\"@id\":\"https:\/\/stacatarina.mx\/consejos\/sufres-de-hipocondria-como-reconocer-la-ansiedad-por-enfermedad-y-cuando-se-convierte-en-un-problema\/\",\"url\":\"https:\/\/stacatarina.mx\/consejos\/sufres-de-hipocondria-como-reconocer-la-ansiedad-por-enfermedad-y-cuando-se-convierte-en-un-problema\/\",\"name\":\"Sufres de hipocondr\u00eda: c\u00f3mo reconocer la ansiedad por enfermedad y cu\u00e1ndo se convierte en un problema - Consejos - Santa Catarina\",\"isPartOf\":{\"@id\":\"https:\/\/stacatarina.mx\/consejos\/#website\"},\"primaryImageOfPage\":{\"@id\":\"https:\/\/stacatarina.mx\/consejos\/sufres-de-hipocondria-como-reconocer-la-ansiedad-por-enfermedad-y-cuando-se-convierte-en-un-problema\/#primaryimage\"},\"image\":{\"@id\":\"https:\/\/stacatarina.mx\/consejos\/sufres-de-hipocondria-como-reconocer-la-ansiedad-por-enfermedad-y-cuando-se-convierte-en-un-problema\/#primaryimage\"},\"thumbnailUrl\":\"https:\/\/stacatarina.mx\/consejos\/wp-content\/uploads\/2024\/10\/Sufres-de-hipocondria-como-reconocer-la-ansiedad-por-enfermedad-y.jpg\",\"datePublished\":\"2024-10-19T07:25:47+00:00\",\"dateModified\":\"2024-10-19T07:25:48+00:00\",\"breadcrumb\":{\"@id\":\"https:\/\/stacatarina.mx\/consejos\/sufres-de-hipocondria-como-reconocer-la-ansiedad-por-enfermedad-y-cuando-se-convierte-en-un-problema\/#breadcrumb\"},\"inLanguage\":\"es\",\"potentialAction\":[{\"@type\":\"ReadAction\",\"target\":[\"https:\/\/stacatarina.mx\/consejos\/sufres-de-hipocondria-como-reconocer-la-ansiedad-por-enfermedad-y-cuando-se-convierte-en-un-problema\/\"]}]},{\"@type\":\"ImageObject\",\"inLanguage\":\"es\",\"@id\":\"https:\/\/stacatarina.mx\/consejos\/sufres-de-hipocondria-como-reconocer-la-ansiedad-por-enfermedad-y-cuando-se-convierte-en-un-problema\/#primaryimage\",\"url\":\"https:\/\/stacatarina.mx\/consejos\/wp-content\/uploads\/2024\/10\/Sufres-de-hipocondria-como-reconocer-la-ansiedad-por-enfermedad-y.jpg\",\"contentUrl\":\"https:\/\/stacatarina.mx\/consejos\/wp-content\/uploads\/2024\/10\/Sufres-de-hipocondria-como-reconocer-la-ansiedad-por-enfermedad-y.jpg\",\"width\":1500,\"height\":1000,\"caption\":\"ipocondria\"},{\"@type\":\"BreadcrumbList\",\"@id\":\"https:\/\/stacatarina.mx\/consejos\/sufres-de-hipocondria-como-reconocer-la-ansiedad-por-enfermedad-y-cuando-se-convierte-en-un-problema\/#breadcrumb\",\"itemListElement\":[{\"@type\":\"ListItem\",\"position\":1,\"name\":\"Inicio\",\"item\":\"https:\/\/stacatarina.mx\/consejos\/\"},{\"@type\":\"ListItem\",\"position\":2,\"name\":\"Sufres de hipocondr\u00eda: c\u00f3mo reconocer la ansiedad por enfermedad y cu\u00e1ndo se convierte en un problema\"}]},{\"@type\":\"WebSite\",\"@id\":\"https:\/\/stacatarina.mx\/consejos\/#website\",\"url\":\"https:\/\/stacatarina.mx\/consejos\/\",\"name\":\"Santa Catarina\",\"description\":\"\",\"publisher\":{\"@id\":\"https:\/\/stacatarina.mx\/consejos\/#organization\"},\"potentialAction\":[{\"@type\":\"SearchAction\",\"target\":{\"@type\":\"EntryPoint\",\"urlTemplate\":\"https:\/\/stacatarina.mx\/consejos\/?s={search_term_string}\"},\"query-input\":{\"@type\":\"PropertyValueSpecification\",\"valueRequired\":true,\"valueName\":\"search_term_string\"}}],\"inLanguage\":\"es\"},{\"@type\":\"Organization\",\"@id\":\"https:\/\/stacatarina.mx\/consejos\/#organization\",\"name\":\"Santa Catarina\",\"url\":\"https:\/\/stacatarina.mx\/consejos\/\",\"logo\":{\"@type\":\"ImageObject\",\"inLanguage\":\"es\",\"@id\":\"https:\/\/stacatarina.mx\/consejos\/#\/schema\/logo\/image\/\",\"url\":\"https:\/\/stacatarina.mx\/consejos\/wp-content\/uploads\/2024\/09\/cropped-favicon-1-1.png\",\"contentUrl\":\"https:\/\/stacatarina.mx\/consejos\/wp-content\/uploads\/2024\/09\/cropped-favicon-1-1.png\",\"width\":512,\"height\":512,\"caption\":\"Santa Catarina\"},\"image\":{\"@id\":\"https:\/\/stacatarina.mx\/consejos\/#\/schema\/logo\/image\/\"},\"sameAs\":[\"https:\/\/www.facebook.com\/stacatarinagob\/\",\"https:\/\/x.com\/stacatarinagob\",\"https:\/\/www.instagram.com\/stacatarinagob\/\",\"https:\/\/www.youtube.com\/channel\/UCK-6cQJL_904665N1_nLTWw\"]},{\"@type\":\"Person\",\"@id\":\"https:\/\/stacatarina.mx\/consejos\/#\/schema\/person\/0be60adffa8e4c4d0828fdf021450e8a\",\"name\":\"Pedro Mart\u00ednez\",\"image\":{\"@type\":\"ImageObject\",\"inLanguage\":\"es\",\"@id\":\"https:\/\/stacatarina.mx\/consejos\/#\/schema\/person\/image\/\",\"url\":\"https:\/\/stacatarina.mx\/consejos\/wp-content\/uploads\/2024\/09\/stacatarina.jpg\",\"contentUrl\":\"https:\/\/stacatarina.mx\/consejos\/wp-content\/uploads\/2024\/09\/stacatarina.jpg\",\"caption\":\"Pedro Mart\u00ednez\"},\"description\":\"Hola, soy Pedro Mart\u00ednez, redactor jefe del sitio oficial del ayuntamiento de Santa Catarina, en M\u00e9xico. Con m\u00e1s de diez a\u00f1os de experiencia en el periodismo local, tengo una pasi\u00f3n por la investigaci\u00f3n y la difusi\u00f3n de informaci\u00f3n que valoriza nuestra hermosa comunidad. Mi compromiso es hacer de Santa Catarina una referencia en materia de transparencia y comunicaci\u00f3n municipal.\",\"sameAs\":[\"https:\/\/stacatarina.mx\/\"]}]}<\/script>\n<!-- \/ Yoast SEO plugin. -->","yoast_head_json":{"title":"Sufres de hipocondr\u00eda: c\u00f3mo reconocer la ansiedad por enfermedad y cu\u00e1ndo se convierte en un problema - Consejos - Santa Catarina","robots":{"index":"index","follow":"follow","max-snippet":"max-snippet:-1","max-image-preview":"max-image-preview:large","max-video-preview":"max-video-preview:-1"},"canonical":"https:\/\/stacatarina.mx\/consejos\/sufres-de-hipocondria-como-reconocer-la-ansiedad-por-enfermedad-y-cuando-se-convierte-en-un-problema\/","og_locale":"es_MX","og_type":"article","og_title":"Sufres de hipocondr\u00eda: c\u00f3mo reconocer la ansiedad por enfermedad y cu\u00e1ndo se convierte en un problema - Consejos - Santa Catarina","og_description":"Hablemos de hipocondr\u00eda: c\u00f3mo reconocerla, cu\u00e1les son los desencadenantes y consejos para combatirla La preocupaci\u00f3n por la salud es un aspecto esencial en la vida","og_url":"https:\/\/stacatarina.mx\/consejos\/sufres-de-hipocondria-como-reconocer-la-ansiedad-por-enfermedad-y-cuando-se-convierte-en-un-problema\/","og_site_name":"Santa Catarina","article_publisher":"https:\/\/www.facebook.com\/stacatarinagob\/","article_published_time":"2024-10-19T07:25:47+00:00","article_modified_time":"2024-10-19T07:25:48+00:00","og_image":[{"width":1500,"height":1000,"url":"https:\/\/stacatarina.mx\/consejos\/wp-content\/uploads\/2024\/10\/Sufres-de-hipocondria-como-reconocer-la-ansiedad-por-enfermedad-y.jpg","type":"image\/jpeg"}],"author":"Pedro Mart\u00ednez","twitter_card":"summary_large_image","twitter_creator":"@stacatarinagob","twitter_site":"@stacatarinagob","twitter_misc":{"Escrito por":"Pedro Mart\u00ednez","Tiempo de lectura":"6 minutos"},"schema":{"@context":"https:\/\/schema.org","@graph":[{"@type":"Article","@id":"https:\/\/stacatarina.mx\/consejos\/sufres-de-hipocondria-como-reconocer-la-ansiedad-por-enfermedad-y-cuando-se-convierte-en-un-problema\/#article","isPartOf":{"@id":"https:\/\/stacatarina.mx\/consejos\/sufres-de-hipocondria-como-reconocer-la-ansiedad-por-enfermedad-y-cuando-se-convierte-en-un-problema\/"},"author":{"name":"Pedro Mart\u00ednez","@id":"https:\/\/stacatarina.mx\/consejos\/#\/schema\/person\/0be60adffa8e4c4d0828fdf021450e8a"},"headline":"Sufres de hipocondr\u00eda: c\u00f3mo reconocer la ansiedad por enfermedad y cu\u00e1ndo se convierte en un problema","datePublished":"2024-10-19T07:25:47+00:00","dateModified":"2024-10-19T07:25:48+00:00","mainEntityOfPage":{"@id":"https:\/\/stacatarina.mx\/consejos\/sufres-de-hipocondria-como-reconocer-la-ansiedad-por-enfermedad-y-cuando-se-convierte-en-un-problema\/"},"wordCount":1210,"publisher":{"@id":"https:\/\/stacatarina.mx\/consejos\/#organization"},"image":{"@id":"https:\/\/stacatarina.mx\/consejos\/sufres-de-hipocondria-como-reconocer-la-ansiedad-por-enfermedad-y-cuando-se-convierte-en-un-problema\/#primaryimage"},"thumbnailUrl":"https:\/\/stacatarina.mx\/consejos\/wp-content\/uploads\/2024\/10\/Sufres-de-hipocondria-como-reconocer-la-ansiedad-por-enfermedad-y.jpg","keywords":["ansiedad","c\u00f3mo","convierte","cuando","enfermedad","hipocondr\u00eda","por","problema","reconocer","Sufres"],"articleSection":["Salud"],"inLanguage":"es"},{"@type":"WebPage","@id":"https:\/\/stacatarina.mx\/consejos\/sufres-de-hipocondria-como-reconocer-la-ansiedad-por-enfermedad-y-cuando-se-convierte-en-un-problema\/","url":"https:\/\/stacatarina.mx\/consejos\/sufres-de-hipocondria-como-reconocer-la-ansiedad-por-enfermedad-y-cuando-se-convierte-en-un-problema\/","name":"Sufres de hipocondr\u00eda: c\u00f3mo reconocer la ansiedad por enfermedad y cu\u00e1ndo se convierte en un problema - Consejos - Santa Catarina","isPartOf":{"@id":"https:\/\/stacatarina.mx\/consejos\/#website"},"primaryImageOfPage":{"@id":"https:\/\/stacatarina.mx\/consejos\/sufres-de-hipocondria-como-reconocer-la-ansiedad-por-enfermedad-y-cuando-se-convierte-en-un-problema\/#primaryimage"},"image":{"@id":"https:\/\/stacatarina.mx\/consejos\/sufres-de-hipocondria-como-reconocer-la-ansiedad-por-enfermedad-y-cuando-se-convierte-en-un-problema\/#primaryimage"},"thumbnailUrl":"https:\/\/stacatarina.mx\/consejos\/wp-content\/uploads\/2024\/10\/Sufres-de-hipocondria-como-reconocer-la-ansiedad-por-enfermedad-y.jpg","datePublished":"2024-10-19T07:25:47+00:00","dateModified":"2024-10-19T07:25:48+00:00","breadcrumb":{"@id":"https:\/\/stacatarina.mx\/consejos\/sufres-de-hipocondria-como-reconocer-la-ansiedad-por-enfermedad-y-cuando-se-convierte-en-un-problema\/#breadcrumb"},"inLanguage":"es","potentialAction":[{"@type":"ReadAction","target":["https:\/\/stacatarina.mx\/consejos\/sufres-de-hipocondria-como-reconocer-la-ansiedad-por-enfermedad-y-cuando-se-convierte-en-un-problema\/"]}]},{"@type":"ImageObject","inLanguage":"es","@id":"https:\/\/stacatarina.mx\/consejos\/sufres-de-hipocondria-como-reconocer-la-ansiedad-por-enfermedad-y-cuando-se-convierte-en-un-problema\/#primaryimage","url":"https:\/\/stacatarina.mx\/consejos\/wp-content\/uploads\/2024\/10\/Sufres-de-hipocondria-como-reconocer-la-ansiedad-por-enfermedad-y.jpg","contentUrl":"https:\/\/stacatarina.mx\/consejos\/wp-content\/uploads\/2024\/10\/Sufres-de-hipocondria-como-reconocer-la-ansiedad-por-enfermedad-y.jpg","width":1500,"height":1000,"caption":"ipocondria"},{"@type":"BreadcrumbList","@id":"https:\/\/stacatarina.mx\/consejos\/sufres-de-hipocondria-como-reconocer-la-ansiedad-por-enfermedad-y-cuando-se-convierte-en-un-problema\/#breadcrumb","itemListElement":[{"@type":"ListItem","position":1,"name":"Inicio","item":"https:\/\/stacatarina.mx\/consejos\/"},{"@type":"ListItem","position":2,"name":"Sufres de hipocondr\u00eda: c\u00f3mo reconocer la ansiedad por enfermedad y cu\u00e1ndo se convierte en un problema"}]},{"@type":"WebSite","@id":"https:\/\/stacatarina.mx\/consejos\/#website","url":"https:\/\/stacatarina.mx\/consejos\/","name":"Santa Catarina","description":"","publisher":{"@id":"https:\/\/stacatarina.mx\/consejos\/#organization"},"potentialAction":[{"@type":"SearchAction","target":{"@type":"EntryPoint","urlTemplate":"https:\/\/stacatarina.mx\/consejos\/?s={search_term_string}"},"query-input":{"@type":"PropertyValueSpecification","valueRequired":true,"valueName":"search_term_string"}}],"inLanguage":"es"},{"@type":"Organization","@id":"https:\/\/stacatarina.mx\/consejos\/#organization","name":"Santa Catarina","url":"https:\/\/stacatarina.mx\/consejos\/","logo":{"@type":"ImageObject","inLanguage":"es","@id":"https:\/\/stacatarina.mx\/consejos\/#\/schema\/logo\/image\/","url":"https:\/\/stacatarina.mx\/consejos\/wp-content\/uploads\/2024\/09\/cropped-favicon-1-1.png","contentUrl":"https:\/\/stacatarina.mx\/consejos\/wp-content\/uploads\/2024\/09\/cropped-favicon-1-1.png","width":512,"height":512,"caption":"Santa Catarina"},"image":{"@id":"https:\/\/stacatarina.mx\/consejos\/#\/schema\/logo\/image\/"},"sameAs":["https:\/\/www.facebook.com\/stacatarinagob\/","https:\/\/x.com\/stacatarinagob","https:\/\/www.instagram.com\/stacatarinagob\/","https:\/\/www.youtube.com\/channel\/UCK-6cQJL_904665N1_nLTWw"]},{"@type":"Person","@id":"https:\/\/stacatarina.mx\/consejos\/#\/schema\/person\/0be60adffa8e4c4d0828fdf021450e8a","name":"Pedro Mart\u00ednez","image":{"@type":"ImageObject","inLanguage":"es","@id":"https:\/\/stacatarina.mx\/consejos\/#\/schema\/person\/image\/","url":"https:\/\/stacatarina.mx\/consejos\/wp-content\/uploads\/2024\/09\/stacatarina.jpg","contentUrl":"https:\/\/stacatarina.mx\/consejos\/wp-content\/uploads\/2024\/09\/stacatarina.jpg","caption":"Pedro Mart\u00ednez"},"description":"Hola, soy Pedro Mart\u00ednez, redactor jefe del sitio oficial del ayuntamiento de Santa Catarina, en M\u00e9xico. Con m\u00e1s de diez a\u00f1os de experiencia en el periodismo local, tengo una pasi\u00f3n por la investigaci\u00f3n y la difusi\u00f3n de informaci\u00f3n que valoriza nuestra hermosa comunidad. Mi compromiso es hacer de Santa Catarina una referencia en materia de transparencia y comunicaci\u00f3n municipal.","sameAs":["https:\/\/stacatarina.mx\/"]}]}},"_links":{"self":[{"href":"https:\/\/stacatarina.mx\/consejos\/wp-json\/wp\/v2\/posts\/846"}],"collection":[{"href":"https:\/\/stacatarina.mx\/consejos\/wp-json\/wp\/v2\/posts"}],"about":[{"href":"https:\/\/stacatarina.mx\/consejos\/wp-json\/wp\/v2\/types\/post"}],"author":[{"embeddable":true,"href":"https:\/\/stacatarina.mx\/consejos\/wp-json\/wp\/v2\/users\/1"}],"replies":[{"embeddable":true,"href":"https:\/\/stacatarina.mx\/consejos\/wp-json\/wp\/v2\/comments?post=846"}],"version-history":[{"count":1,"href":"https:\/\/stacatarina.mx\/consejos\/wp-json\/wp\/v2\/posts\/846\/revisions"}],"predecessor-version":[{"id":848,"href":"https:\/\/stacatarina.mx\/consejos\/wp-json\/wp\/v2\/posts\/846\/revisions\/848"}],"wp:featuredmedia":[{"embeddable":true,"href":"https:\/\/stacatarina.mx\/consejos\/wp-json\/wp\/v2\/media\/847"}],"wp:attachment":[{"href":"https:\/\/stacatarina.mx\/consejos\/wp-json\/wp\/v2\/media?parent=846"}],"wp:term":[{"taxonomy":"category","embeddable":true,"href":"https:\/\/stacatarina.mx\/consejos\/wp-json\/wp\/v2\/categories?post=846"},{"taxonomy":"post_tag","embeddable":true,"href":"https:\/\/stacatarina.mx\/consejos\/wp-json\/wp\/v2\/tags?post=846"}],"curies":[{"name":"wp","href":"https:\/\/api.w.org\/{rel}","templated":true}]}}