{"id":8594,"date":"2026-04-07T08:54:40","date_gmt":"2026-04-07T14:54:40","guid":{"rendered":"https:\/\/stacatarina.mx\/consejos\/los-castores-regresan-a-bedfordshire-despues-de-400-anos\/"},"modified":"2026-04-07T08:54:42","modified_gmt":"2026-04-07T14:54:42","slug":"los-castores-regresan-a-bedfordshire-despues-de-400-anos","status":"publish","type":"post","link":"https:\/\/stacatarina.mx\/consejos\/los-castores-regresan-a-bedfordshire-despues-de-400-anos\/","title":{"rendered":"Los castores regresan a Bedfordshire despu\u00e9s de 400 a\u00f1os"},"content":{"rendered":"<div class=\"entry-content\">\n<p>Una familia de castores euroasi\u00e1ticos ha sido liberada en la campi\u00f1a de Bedfordshire, lo que marca el regreso de la especie al condado por primera vez en m\u00e1s de cuatro siglos.<\/p>\n<p>La liberaci\u00f3n tuvo lugar en Southill Estate, luego de dos a\u00f1os de preparaci\u00f3n, planificaci\u00f3n y concesi\u00f3n de licencias para el h\u00e1bitat. El proyecto forma parte de un esfuerzo m\u00e1s amplio para restaurar especies nativas y reintroducir procesos naturales en los paisajes ingleses.<\/p>\n<h4 class=\"wp-block-heading\">Una reintroducci\u00f3n cuidadosamente gestionada<\/h4>\n<p>La reintroducci\u00f3n involucr\u00f3 a un peque\u00f1o grupo familiar. Primero se transfirieron desde Escocia un macho adulto y dos cr\u00edas, seguidos poco despu\u00e9s por una hembra para completar el grupo. Todos los animales fueron examinados de salud antes de su liberaci\u00f3n y trasladados bajo licencia.<\/p>\n<p>Los castores han sido colocados dentro de un recinto administrado dise\u00f1ado para permitir un seguimiento cercano mientras se establecen. Este enfoque refleja las mejores pr\u00e1cticas actuales en Inglaterra, donde las reintroducciones suelen realizarse por etapas y controlarse cuidadosamente.<\/p>\n<h4 class=\"wp-block-heading\">Reintroducir una especie perdida<\/h4>\n<p>Los castores alguna vez estuvieron muy extendidos en Gran Breta\u00f1a, pero se extinguieron hace unos 400 a\u00f1os debido a la caza de pieles, carne y cast\u00f3reo.<\/p>\n<p>Su regreso gradual en las \u00faltimas d\u00e9cadas ha sido moldeado por pol\u00edticas cambiantes y un reconocimiento cada vez mayor de su papel ecol\u00f3gico. Hasta hace poco, las liberaciones en Inglaterra se limitaban en gran medida a sitios cerrados, pero los cambios regulatorios ahora permiten liberaciones autorizadas en lugares silvestres en lugares adecuados.<\/p>\n<p>El proyecto de Bedfordshire se suma a un n\u00famero creciente de reintroducciones en todo el pa\u00eds, lo que refleja una confianza cada vez mayor tanto en los beneficios ecol\u00f3gicos como en los marcos de gesti\u00f3n que rodean a la especie.<\/p>\n<h4 class=\"wp-block-heading\">Ingenieros de ecosistemas<\/h4>\n<p>Los castores son ampliamente descritos como ingenieros de ecosistemas debido a su capacidad para modificar significativamente su entorno. Al construir presas, cavar canales y talar \u00e1rboles, crean h\u00e1bitats de humedales que sustentan una amplia gama de especies.<\/p>\n<p>Estos cambios pueden aumentar la complejidad del h\u00e1bitat, mejorar la retenci\u00f3n de agua y mejorar la biodiversidad. La evidencia de proyectos existentes en el Reino Unido sugiere beneficios para anfibios, invertebrados, aves y plantas acu\u00e1ticas, junto con posibles contribuciones a la gesti\u00f3n natural de inundaciones.<\/p>\n<p>En condados de tierras bajas como Bedfordshire, donde la escasez de agua y los h\u00e1bitats degradados son preocupaciones constantes, estas funciones son de particular inter\u00e9s.<\/p>\n<h4 class=\"wp-block-heading\">Seguimiento y resultados a largo plazo<\/h4>\n<p>Al igual que con otros proyectos de reintroducci\u00f3n ingleses, los castores de Bedfordshire ser\u00e1n monitoreados de cerca para evaluar tanto los impactos ecol\u00f3gicos como cualquier conflicto potencial con el uso de la tierra.<\/p>\n<p>Si bien los beneficios de la actividad de los castores est\u00e1n cada vez m\u00e1s documentados, pueden surgir desaf\u00edos, particularmente cuando la construcci\u00f3n de represas afecta el drenaje o las tierras agr\u00edcolas. Como resultado, los proyectos suelen implicar una planificaci\u00f3n detallada, la participaci\u00f3n de las partes interesadas y una gesti\u00f3n adaptativa.<\/p>\n<h4 class=\"wp-block-heading\">Parte de un cambio m\u00e1s amplio<\/h4>\n<p>El regreso de los castores a Bedfordshire refleja un cambio m\u00e1s amplio en las pr\u00e1cticas de conservaci\u00f3n, con mayor \u00e9nfasis en restaurar los procesos naturales junto con la protecci\u00f3n de las especies.<\/p>\n<p>En toda Inglaterra, las poblaciones de castores se est\u00e1n restableciendo lentamente mediante una combinaci\u00f3n de liberaciones autorizadas y propagaci\u00f3n natural. Cada nuevo proyecto aumenta la base de evidencia y ayuda a informar c\u00f3mo y d\u00f3nde se puede reintroducir la especie a escala.<\/p>\n<p>Para los ecologistas, el lanzamiento de Bedfordshire representa a la vez un hito y un caso de prueba. Sus resultados contribuir\u00e1n a una comprensi\u00f3n cada vez mayor de c\u00f3mo una especie que alguna vez estuvo perdida puede reintegrarse en paisajes modernos dominados por los humanos.<\/p>\n<hr class=\"wp-block-separator has-alpha-channel-opacity\">\n<p><em>Foto de Lia Maaskant en Unsplash<\/em><\/p>\n<\/p><\/div>\n","protected":false},"excerpt":{"rendered":"<p>Una familia de castores euroasi\u00e1ticos ha sido liberada en la campi\u00f1a de Bedfordshire, lo que marca el regreso de la especie al condado por primera<\/p>\n","protected":false},"author":1,"featured_media":8595,"comment_status":"closed","ping_status":"","sticky":false,"template":"","format":"standard","meta":{"footnotes":""},"categories":[68],"tags":[209,8382,1474,420,62,8381],"class_list":["post-8594","post","type-post","status-publish","format-standard","has-post-thumbnail","hentry","category-fauna-y-flora","tag-anos","tag-bedfordshire","tag-castores","tag-despues","tag-los","tag-regresan","generate-columns","tablet-grid-50","mobile-grid-100","grid-parent","grid-50"],"yoast_head":"<!-- This site is optimized with the Yoast SEO plugin v23.4 - https:\/\/yoast.com\/wordpress\/plugins\/seo\/ -->\n<title>Los castores regresan a Bedfordshire despu\u00e9s de 400 a\u00f1os - Consejos - Santa Catarina<\/title>\n<meta name=\"robots\" content=\"index, follow, max-snippet:-1, max-image-preview:large, max-video-preview:-1\" \/>\n<link rel=\"canonical\" href=\"https:\/\/stacatarina.mx\/consejos\/los-castores-regresan-a-bedfordshire-despues-de-400-anos\/\" \/>\n<meta property=\"og:locale\" content=\"es_MX\" \/>\n<meta property=\"og:type\" content=\"article\" \/>\n<meta property=\"og:title\" content=\"Los castores regresan a Bedfordshire despu\u00e9s de 400 a\u00f1os - Consejos - Santa Catarina\" \/>\n<meta property=\"og:description\" content=\"Una familia de castores euroasi\u00e1ticos ha sido liberada en la campi\u00f1a de Bedfordshire, lo que marca el regreso de la especie al condado por primera\" \/>\n<meta property=\"og:url\" content=\"https:\/\/stacatarina.mx\/consejos\/los-castores-regresan-a-bedfordshire-despues-de-400-anos\/\" \/>\n<meta property=\"og:site_name\" content=\"Santa Catarina\" \/>\n<meta property=\"article:publisher\" content=\"https:\/\/www.facebook.com\/stacatarinagob\/\" \/>\n<meta property=\"article:published_time\" content=\"2026-04-07T14:54:40+00:00\" \/>\n<meta property=\"article:modified_time\" content=\"2026-04-07T14:54:42+00:00\" \/>\n<meta property=\"og:image\" content=\"https:\/\/stacatarina.mx\/consejos\/wp-content\/uploads\/2026\/04\/Los-castores-regresan-a-Bedfordshire-despues-de-400-anos.jpg\" \/>\n\t<meta property=\"og:image:width\" content=\"900\" \/>\n\t<meta property=\"og:image:height\" content=\"600\" \/>\n\t<meta property=\"og:image:type\" content=\"image\/jpeg\" \/>\n<meta name=\"author\" content=\"Pedro Mart\u00ednez\" \/>\n<meta name=\"twitter:card\" content=\"summary_large_image\" \/>\n<meta name=\"twitter:creator\" content=\"@stacatarinagob\" \/>\n<meta name=\"twitter:site\" content=\"@stacatarinagob\" \/>\n<meta name=\"twitter:label1\" content=\"Escrito por\" \/>\n\t<meta name=\"twitter:data1\" content=\"Pedro Mart\u00ednez\" \/>\n\t<meta name=\"twitter:label2\" content=\"Tiempo de lectura\" \/>\n\t<meta name=\"twitter:data2\" content=\"3 minutos\" \/>\n<script type=\"application\/ld+json\" class=\"yoast-schema-graph\">{\"@context\":\"https:\/\/schema.org\",\"@graph\":[{\"@type\":\"Article\",\"@id\":\"https:\/\/stacatarina.mx\/consejos\/los-castores-regresan-a-bedfordshire-despues-de-400-anos\/#article\",\"isPartOf\":{\"@id\":\"https:\/\/stacatarina.mx\/consejos\/los-castores-regresan-a-bedfordshire-despues-de-400-anos\/\"},\"author\":{\"name\":\"Pedro Mart\u00ednez\",\"@id\":\"https:\/\/stacatarina.mx\/consejos\/#\/schema\/person\/0be60adffa8e4c4d0828fdf021450e8a\"},\"headline\":\"Los castores regresan a Bedfordshire despu\u00e9s de 400 a\u00f1os\",\"datePublished\":\"2026-04-07T14:54:40+00:00\",\"dateModified\":\"2026-04-07T14:54:42+00:00\",\"mainEntityOfPage\":{\"@id\":\"https:\/\/stacatarina.mx\/consejos\/los-castores-regresan-a-bedfordshire-despues-de-400-anos\/\"},\"wordCount\":679,\"publisher\":{\"@id\":\"https:\/\/stacatarina.mx\/consejos\/#organization\"},\"image\":{\"@id\":\"https:\/\/stacatarina.mx\/consejos\/los-castores-regresan-a-bedfordshire-despues-de-400-anos\/#primaryimage\"},\"thumbnailUrl\":\"https:\/\/stacatarina.mx\/consejos\/wp-content\/uploads\/2026\/04\/Los-castores-regresan-a-Bedfordshire-despues-de-400-anos.jpg\",\"keywords\":[\"a\u00f1os\",\"Bedfordshire\",\"castores\",\"despu\u00e9s\",\"los\",\"regresan\"],\"articleSection\":[\"Fauna y Flora\"],\"inLanguage\":\"es\"},{\"@type\":\"WebPage\",\"@id\":\"https:\/\/stacatarina.mx\/consejos\/los-castores-regresan-a-bedfordshire-despues-de-400-anos\/\",\"url\":\"https:\/\/stacatarina.mx\/consejos\/los-castores-regresan-a-bedfordshire-despues-de-400-anos\/\",\"name\":\"Los castores regresan a Bedfordshire despu\u00e9s de 400 a\u00f1os - Consejos - Santa Catarina\",\"isPartOf\":{\"@id\":\"https:\/\/stacatarina.mx\/consejos\/#website\"},\"primaryImageOfPage\":{\"@id\":\"https:\/\/stacatarina.mx\/consejos\/los-castores-regresan-a-bedfordshire-despues-de-400-anos\/#primaryimage\"},\"image\":{\"@id\":\"https:\/\/stacatarina.mx\/consejos\/los-castores-regresan-a-bedfordshire-despues-de-400-anos\/#primaryimage\"},\"thumbnailUrl\":\"https:\/\/stacatarina.mx\/consejos\/wp-content\/uploads\/2026\/04\/Los-castores-regresan-a-Bedfordshire-despues-de-400-anos.jpg\",\"datePublished\":\"2026-04-07T14:54:40+00:00\",\"dateModified\":\"2026-04-07T14:54:42+00:00\",\"breadcrumb\":{\"@id\":\"https:\/\/stacatarina.mx\/consejos\/los-castores-regresan-a-bedfordshire-despues-de-400-anos\/#breadcrumb\"},\"inLanguage\":\"es\",\"potentialAction\":[{\"@type\":\"ReadAction\",\"target\":[\"https:\/\/stacatarina.mx\/consejos\/los-castores-regresan-a-bedfordshire-despues-de-400-anos\/\"]}]},{\"@type\":\"ImageObject\",\"inLanguage\":\"es\",\"@id\":\"https:\/\/stacatarina.mx\/consejos\/los-castores-regresan-a-bedfordshire-despues-de-400-anos\/#primaryimage\",\"url\":\"https:\/\/stacatarina.mx\/consejos\/wp-content\/uploads\/2026\/04\/Los-castores-regresan-a-Bedfordshire-despues-de-400-anos.jpg\",\"contentUrl\":\"https:\/\/stacatarina.mx\/consejos\/wp-content\/uploads\/2026\/04\/Los-castores-regresan-a-Bedfordshire-despues-de-400-anos.jpg\",\"width\":900,\"height\":600,\"caption\":\"Beavers Return to Bedfordshire After 400 Years\"},{\"@type\":\"BreadcrumbList\",\"@id\":\"https:\/\/stacatarina.mx\/consejos\/los-castores-regresan-a-bedfordshire-despues-de-400-anos\/#breadcrumb\",\"itemListElement\":[{\"@type\":\"ListItem\",\"position\":1,\"name\":\"Inicio\",\"item\":\"https:\/\/stacatarina.mx\/consejos\/\"},{\"@type\":\"ListItem\",\"position\":2,\"name\":\"Los castores regresan a Bedfordshire despu\u00e9s de 400 a\u00f1os\"}]},{\"@type\":\"WebSite\",\"@id\":\"https:\/\/stacatarina.mx\/consejos\/#website\",\"url\":\"https:\/\/stacatarina.mx\/consejos\/\",\"name\":\"Santa Catarina\",\"description\":\"\",\"publisher\":{\"@id\":\"https:\/\/stacatarina.mx\/consejos\/#organization\"},\"potentialAction\":[{\"@type\":\"SearchAction\",\"target\":{\"@type\":\"EntryPoint\",\"urlTemplate\":\"https:\/\/stacatarina.mx\/consejos\/?s={search_term_string}\"},\"query-input\":{\"@type\":\"PropertyValueSpecification\",\"valueRequired\":true,\"valueName\":\"search_term_string\"}}],\"inLanguage\":\"es\"},{\"@type\":\"Organization\",\"@id\":\"https:\/\/stacatarina.mx\/consejos\/#organization\",\"name\":\"Santa Catarina\",\"url\":\"https:\/\/stacatarina.mx\/consejos\/\",\"logo\":{\"@type\":\"ImageObject\",\"inLanguage\":\"es\",\"@id\":\"https:\/\/stacatarina.mx\/consejos\/#\/schema\/logo\/image\/\",\"url\":\"https:\/\/stacatarina.mx\/consejos\/wp-content\/uploads\/2024\/09\/cropped-favicon-1-1.png\",\"contentUrl\":\"https:\/\/stacatarina.mx\/consejos\/wp-content\/uploads\/2024\/09\/cropped-favicon-1-1.png\",\"width\":512,\"height\":512,\"caption\":\"Santa Catarina\"},\"image\":{\"@id\":\"https:\/\/stacatarina.mx\/consejos\/#\/schema\/logo\/image\/\"},\"sameAs\":[\"https:\/\/www.facebook.com\/stacatarinagob\/\",\"https:\/\/x.com\/stacatarinagob\",\"https:\/\/www.instagram.com\/stacatarinagob\/\",\"https:\/\/www.youtube.com\/channel\/UCK-6cQJL_904665N1_nLTWw\"]},{\"@type\":\"Person\",\"@id\":\"https:\/\/stacatarina.mx\/consejos\/#\/schema\/person\/0be60adffa8e4c4d0828fdf021450e8a\",\"name\":\"Pedro Mart\u00ednez\",\"image\":{\"@type\":\"ImageObject\",\"inLanguage\":\"es\",\"@id\":\"https:\/\/stacatarina.mx\/consejos\/#\/schema\/person\/image\/\",\"url\":\"https:\/\/stacatarina.mx\/consejos\/wp-content\/uploads\/2024\/09\/stacatarina.jpg\",\"contentUrl\":\"https:\/\/stacatarina.mx\/consejos\/wp-content\/uploads\/2024\/09\/stacatarina.jpg\",\"caption\":\"Pedro Mart\u00ednez\"},\"description\":\"Hola, soy Pedro Mart\u00ednez, redactor jefe del sitio oficial del ayuntamiento de Santa Catarina, en M\u00e9xico. Con m\u00e1s de diez a\u00f1os de experiencia en el periodismo local, tengo una pasi\u00f3n por la investigaci\u00f3n y la difusi\u00f3n de informaci\u00f3n que valoriza nuestra hermosa comunidad. Mi compromiso es hacer de Santa Catarina una referencia en materia de transparencia y comunicaci\u00f3n municipal.\",\"sameAs\":[\"https:\/\/stacatarina.mx\/\"]}]}<\/script>\n<!-- \/ Yoast SEO plugin. -->","yoast_head_json":{"title":"Los castores regresan a Bedfordshire despu\u00e9s de 400 a\u00f1os - Consejos - Santa Catarina","robots":{"index":"index","follow":"follow","max-snippet":"max-snippet:-1","max-image-preview":"max-image-preview:large","max-video-preview":"max-video-preview:-1"},"canonical":"https:\/\/stacatarina.mx\/consejos\/los-castores-regresan-a-bedfordshire-despues-de-400-anos\/","og_locale":"es_MX","og_type":"article","og_title":"Los castores regresan a Bedfordshire despu\u00e9s de 400 a\u00f1os - Consejos - Santa Catarina","og_description":"Una familia de castores euroasi\u00e1ticos ha sido liberada en la campi\u00f1a de Bedfordshire, lo que marca el regreso de la especie al condado por primera","og_url":"https:\/\/stacatarina.mx\/consejos\/los-castores-regresan-a-bedfordshire-despues-de-400-anos\/","og_site_name":"Santa Catarina","article_publisher":"https:\/\/www.facebook.com\/stacatarinagob\/","article_published_time":"2026-04-07T14:54:40+00:00","article_modified_time":"2026-04-07T14:54:42+00:00","og_image":[{"width":900,"height":600,"url":"https:\/\/stacatarina.mx\/consejos\/wp-content\/uploads\/2026\/04\/Los-castores-regresan-a-Bedfordshire-despues-de-400-anos.jpg","type":"image\/jpeg"}],"author":"Pedro Mart\u00ednez","twitter_card":"summary_large_image","twitter_creator":"@stacatarinagob","twitter_site":"@stacatarinagob","twitter_misc":{"Escrito por":"Pedro Mart\u00ednez","Tiempo de lectura":"3 minutos"},"schema":{"@context":"https:\/\/schema.org","@graph":[{"@type":"Article","@id":"https:\/\/stacatarina.mx\/consejos\/los-castores-regresan-a-bedfordshire-despues-de-400-anos\/#article","isPartOf":{"@id":"https:\/\/stacatarina.mx\/consejos\/los-castores-regresan-a-bedfordshire-despues-de-400-anos\/"},"author":{"name":"Pedro Mart\u00ednez","@id":"https:\/\/stacatarina.mx\/consejos\/#\/schema\/person\/0be60adffa8e4c4d0828fdf021450e8a"},"headline":"Los castores regresan a Bedfordshire despu\u00e9s de 400 a\u00f1os","datePublished":"2026-04-07T14:54:40+00:00","dateModified":"2026-04-07T14:54:42+00:00","mainEntityOfPage":{"@id":"https:\/\/stacatarina.mx\/consejos\/los-castores-regresan-a-bedfordshire-despues-de-400-anos\/"},"wordCount":679,"publisher":{"@id":"https:\/\/stacatarina.mx\/consejos\/#organization"},"image":{"@id":"https:\/\/stacatarina.mx\/consejos\/los-castores-regresan-a-bedfordshire-despues-de-400-anos\/#primaryimage"},"thumbnailUrl":"https:\/\/stacatarina.mx\/consejos\/wp-content\/uploads\/2026\/04\/Los-castores-regresan-a-Bedfordshire-despues-de-400-anos.jpg","keywords":["a\u00f1os","Bedfordshire","castores","despu\u00e9s","los","regresan"],"articleSection":["Fauna y Flora"],"inLanguage":"es"},{"@type":"WebPage","@id":"https:\/\/stacatarina.mx\/consejos\/los-castores-regresan-a-bedfordshire-despues-de-400-anos\/","url":"https:\/\/stacatarina.mx\/consejos\/los-castores-regresan-a-bedfordshire-despues-de-400-anos\/","name":"Los castores regresan a Bedfordshire despu\u00e9s de 400 a\u00f1os - Consejos - Santa Catarina","isPartOf":{"@id":"https:\/\/stacatarina.mx\/consejos\/#website"},"primaryImageOfPage":{"@id":"https:\/\/stacatarina.mx\/consejos\/los-castores-regresan-a-bedfordshire-despues-de-400-anos\/#primaryimage"},"image":{"@id":"https:\/\/stacatarina.mx\/consejos\/los-castores-regresan-a-bedfordshire-despues-de-400-anos\/#primaryimage"},"thumbnailUrl":"https:\/\/stacatarina.mx\/consejos\/wp-content\/uploads\/2026\/04\/Los-castores-regresan-a-Bedfordshire-despues-de-400-anos.jpg","datePublished":"2026-04-07T14:54:40+00:00","dateModified":"2026-04-07T14:54:42+00:00","breadcrumb":{"@id":"https:\/\/stacatarina.mx\/consejos\/los-castores-regresan-a-bedfordshire-despues-de-400-anos\/#breadcrumb"},"inLanguage":"es","potentialAction":[{"@type":"ReadAction","target":["https:\/\/stacatarina.mx\/consejos\/los-castores-regresan-a-bedfordshire-despues-de-400-anos\/"]}]},{"@type":"ImageObject","inLanguage":"es","@id":"https:\/\/stacatarina.mx\/consejos\/los-castores-regresan-a-bedfordshire-despues-de-400-anos\/#primaryimage","url":"https:\/\/stacatarina.mx\/consejos\/wp-content\/uploads\/2026\/04\/Los-castores-regresan-a-Bedfordshire-despues-de-400-anos.jpg","contentUrl":"https:\/\/stacatarina.mx\/consejos\/wp-content\/uploads\/2026\/04\/Los-castores-regresan-a-Bedfordshire-despues-de-400-anos.jpg","width":900,"height":600,"caption":"Beavers Return to Bedfordshire After 400 Years"},{"@type":"BreadcrumbList","@id":"https:\/\/stacatarina.mx\/consejos\/los-castores-regresan-a-bedfordshire-despues-de-400-anos\/#breadcrumb","itemListElement":[{"@type":"ListItem","position":1,"name":"Inicio","item":"https:\/\/stacatarina.mx\/consejos\/"},{"@type":"ListItem","position":2,"name":"Los castores regresan a Bedfordshire despu\u00e9s de 400 a\u00f1os"}]},{"@type":"WebSite","@id":"https:\/\/stacatarina.mx\/consejos\/#website","url":"https:\/\/stacatarina.mx\/consejos\/","name":"Santa Catarina","description":"","publisher":{"@id":"https:\/\/stacatarina.mx\/consejos\/#organization"},"potentialAction":[{"@type":"SearchAction","target":{"@type":"EntryPoint","urlTemplate":"https:\/\/stacatarina.mx\/consejos\/?s={search_term_string}"},"query-input":{"@type":"PropertyValueSpecification","valueRequired":true,"valueName":"search_term_string"}}],"inLanguage":"es"},{"@type":"Organization","@id":"https:\/\/stacatarina.mx\/consejos\/#organization","name":"Santa Catarina","url":"https:\/\/stacatarina.mx\/consejos\/","logo":{"@type":"ImageObject","inLanguage":"es","@id":"https:\/\/stacatarina.mx\/consejos\/#\/schema\/logo\/image\/","url":"https:\/\/stacatarina.mx\/consejos\/wp-content\/uploads\/2024\/09\/cropped-favicon-1-1.png","contentUrl":"https:\/\/stacatarina.mx\/consejos\/wp-content\/uploads\/2024\/09\/cropped-favicon-1-1.png","width":512,"height":512,"caption":"Santa Catarina"},"image":{"@id":"https:\/\/stacatarina.mx\/consejos\/#\/schema\/logo\/image\/"},"sameAs":["https:\/\/www.facebook.com\/stacatarinagob\/","https:\/\/x.com\/stacatarinagob","https:\/\/www.instagram.com\/stacatarinagob\/","https:\/\/www.youtube.com\/channel\/UCK-6cQJL_904665N1_nLTWw"]},{"@type":"Person","@id":"https:\/\/stacatarina.mx\/consejos\/#\/schema\/person\/0be60adffa8e4c4d0828fdf021450e8a","name":"Pedro Mart\u00ednez","image":{"@type":"ImageObject","inLanguage":"es","@id":"https:\/\/stacatarina.mx\/consejos\/#\/schema\/person\/image\/","url":"https:\/\/stacatarina.mx\/consejos\/wp-content\/uploads\/2024\/09\/stacatarina.jpg","contentUrl":"https:\/\/stacatarina.mx\/consejos\/wp-content\/uploads\/2024\/09\/stacatarina.jpg","caption":"Pedro Mart\u00ednez"},"description":"Hola, soy Pedro Mart\u00ednez, redactor jefe del sitio oficial del ayuntamiento de Santa Catarina, en M\u00e9xico. Con m\u00e1s de diez a\u00f1os de experiencia en el periodismo local, tengo una pasi\u00f3n por la investigaci\u00f3n y la difusi\u00f3n de informaci\u00f3n que valoriza nuestra hermosa comunidad. Mi compromiso es hacer de Santa Catarina una referencia en materia de transparencia y comunicaci\u00f3n municipal.","sameAs":["https:\/\/stacatarina.mx\/"]}]}},"_links":{"self":[{"href":"https:\/\/stacatarina.mx\/consejos\/wp-json\/wp\/v2\/posts\/8594"}],"collection":[{"href":"https:\/\/stacatarina.mx\/consejos\/wp-json\/wp\/v2\/posts"}],"about":[{"href":"https:\/\/stacatarina.mx\/consejos\/wp-json\/wp\/v2\/types\/post"}],"author":[{"embeddable":true,"href":"https:\/\/stacatarina.mx\/consejos\/wp-json\/wp\/v2\/users\/1"}],"replies":[{"embeddable":true,"href":"https:\/\/stacatarina.mx\/consejos\/wp-json\/wp\/v2\/comments?post=8594"}],"version-history":[{"count":1,"href":"https:\/\/stacatarina.mx\/consejos\/wp-json\/wp\/v2\/posts\/8594\/revisions"}],"predecessor-version":[{"id":8596,"href":"https:\/\/stacatarina.mx\/consejos\/wp-json\/wp\/v2\/posts\/8594\/revisions\/8596"}],"wp:featuredmedia":[{"embeddable":true,"href":"https:\/\/stacatarina.mx\/consejos\/wp-json\/wp\/v2\/media\/8595"}],"wp:attachment":[{"href":"https:\/\/stacatarina.mx\/consejos\/wp-json\/wp\/v2\/media?parent=8594"}],"wp:term":[{"taxonomy":"category","embeddable":true,"href":"https:\/\/stacatarina.mx\/consejos\/wp-json\/wp\/v2\/categories?post=8594"},{"taxonomy":"post_tag","embeddable":true,"href":"https:\/\/stacatarina.mx\/consejos\/wp-json\/wp\/v2\/tags?post=8594"}],"curies":[{"name":"wp","href":"https:\/\/api.w.org\/{rel}","templated":true}]}}