{"id":8615,"date":"2026-04-08T09:52:29","date_gmt":"2026-04-08T15:52:29","guid":{"rendered":"https:\/\/stacatarina.mx\/consejos\/earthrise-to-earthset-como-ha-cambiado-el-clima-del-planeta\/"},"modified":"2026-04-08T09:52:31","modified_gmt":"2026-04-08T15:52:31","slug":"earthrise-to-earthset-como-ha-cambiado-el-clima-del-planeta","status":"publish","type":"post","link":"https:\/\/stacatarina.mx\/consejos\/earthrise-to-earthset-como-ha-cambiado-el-clima-del-planeta\/","title":{"rendered":"Earthrise to Earthset: c\u00f3mo ha cambiado el clima del planeta&#8230;"},"content":{"rendered":"<div class=\"entry-content\">\n<figure class=\"wp-block-image\"><\/figure>\n<p>Nick Dunstone, <em>Centro Hadley de la Oficina Meteorol\u00f3gica<\/em><\/p>\n<p>La tripulaci\u00f3n de Artemis II captur\u00f3 una nueva imagen de la Salida de la Tierra, 58 a\u00f1os despu\u00e9s de la ic\u00f3nica fotograf\u00eda de la Salida de la Tierra tomada por la tripulaci\u00f3n del Apolo 8. Durante estas \u00faltimas seis d\u00e9cadas, el clima ha cambiado dram\u00e1ticamente.<\/p>\n<p>&#8220;\u00a1Dios m\u00edo, mira esa foto de all\u00ed! Ah\u00ed est\u00e1 la Tierra apareciendo. Vaya, qu\u00e9 bonita&#8221;. Esa fue la reacci\u00f3n del astronauta de la NASA Bill Anders al ver que la Tierra parec\u00eda elevarse sobre el horizonte lunar cuando su nave espacial Apolo 8 gir\u00f3 alrededor de la Luna en la v\u00edspera de Navidad de 1968.<\/p>\n<p>Los suyos fueron los primeros ojos humanos que vieron nuestro planeta a tal distancia y desde otro cuerpo celeste. Como dijo su compa\u00f1ero astronauta Jim Lovell unas horas m\u00e1s tarde: \u201cLa Tierra desde aqu\u00ed es un gran oasis en la gran inmensidad del espacio\u201d.<\/p>\n<p>A esa imagen original de Earthrise se le atribuye ampliamente haber ayudado a poner en marcha el movimiento ambientalista dominante. Aunque yo no nac\u00ed cuando se tom\u00f3 la foto del Apolo 8, una copia enmarcada cuelga sobre mi escritorio como un recordatorio de la belleza y fragilidad de nuestro planeta.<\/p>\n<figure class=\"wp-block-image\"><img decoding=\"async\" src=\"https:\/\/images.theconversation.com\/files\/728369\/original\/file-20260407-85-6lkwyk.jpeg?ixlib=rb-4.1.0&amp;q=45&amp;auto=format&amp;w=754&amp;fit=clip\" alt=\"vista de la tierra desde la luna\"><\/figure>\n<p>Para m\u00ed, como cient\u00edfico del clima, estas fotograf\u00edas, tomadas con 58 a\u00f1os de diferencia, me inspiran a reflexionar sobre c\u00f3mo ha cambiado el clima de la Tierra mientras tanto.<\/p>\n<p>La concentraci\u00f3n de di\u00f3xido de carbono (y otros gases de efecto invernadero) en nuestra atm\u00f3sfera ha aumentado r\u00e1pidamente como resultado de m\u00e1s de medio siglo de desarrollo industrial continuo y generalizado, impulsado principalmente por la quema de combustibles f\u00f3siles.<\/p>\n<p>Esto se ilustra claramente con la curva de Keeling, un gr\u00e1fico que traza el registro continuo de CO\u2082 atmosf\u00e9rico del Observatorio Mauna Loa en Hawaii (iniciado por Charles Keeling en 1958).<\/p>\n<p>Esta curva muestra un aumento pronunciado y constante de aproximadamente 320 partes por mill\u00f3n (ppm) en 1968 a aproximadamente 430 ppm en 2026. Este aumento de m\u00e1s de un tercio en el di\u00f3xido de carbono total en nuestra atm\u00f3sfera muestra pocos signos de desaceleraci\u00f3n.<\/p>\n<p>Ese manto adicional de gases de efecto invernadero ha aumentado la temperatura de la superficie de nuestro planeta. Los datos de la Organizaci\u00f3n Meteorol\u00f3gica Mundial muestran c\u00f3mo el r\u00e9cord de temperatura media global (la temperatura promedio de la superficie de la Tierra) ha aumentado aproximadamente 1,2 \u00b0C desde que se tom\u00f3 la fotograf\u00eda de la salida de la Tierra del Apolo 8. Esto representa la mayor parte del calentamiento ocurrido desde el inicio del per\u00edodo industrial a mediados del siglo XIX.<\/p>\n<p>Si bien un aumento promedio de la temperatura global de 1,2 \u00b0C puede no parecer grande, significa que ahora son mucho m\u00e1s probables que se produzcan temperaturas extremas regionales y nuevos r\u00e9cords. Por ejemplo, una investigaci\u00f3n reciente de mi equipo ha demostrado que un d\u00eda con 40\u00b0C en el Reino Unido (registrado por primera vez el 19 de julio de 2022) es ahora 20 veces m\u00e1s probable que en la d\u00e9cada de 1960.<\/p>\n<p>La temperatura promedio global ha aumentado en los \u00faltimos tres a\u00f1os, muy probablemente impulsada por una combinaci\u00f3n de variabilidad clim\u00e1tica interna y emisiones provocadas por el hombre (incluidas fuertes reducciones en las emisiones de part\u00edculas de aerosoles industriales que en gran medida act\u00faan para enfriar el planeta). En 2023, las temperaturas saltaron del r\u00e9cord anterior de 1,29 \u00b0C (establecido en 2016) a 1,45 \u00b0C por encima del nivel de referencia de la etapa industrial temprana de 1850-1900.<\/p>\n<p>Este r\u00e9cord se bati\u00f3 inmediatamente en 2024, el primer a\u00f1o en superar temporalmente los 1,5\u00b0C. Superar ese l\u00edmite en un solo a\u00f1o no significa que hayamos incumplido el objetivo de 1,5\u00b0C establecido por el acuerdo clim\u00e1tico de Par\u00eds de 2015, que generalmente se acepta como referencia a un promedio de 20 a\u00f1os. Sin embargo, s\u00ed pone de relieve la rapidez con la que nos acercamos a ese nivel de calentamiento.<\/p>\n<p>Las temperaturas en ambos a\u00f1os se vieron impulsadas en parte por las condiciones m\u00e1s c\u00e1lidas en el Pac\u00edfico tropical debido a El Ni\u00f1o, un fen\u00f3meno clim\u00e1tico que afecta los patrones clim\u00e1ticos a nivel mundial. El a\u00f1o pasado, despu\u00e9s de que El Ni\u00f1o disminuyera, el clima fue ligeramente m\u00e1s fr\u00edo, con 1,43\u00b0C. Sin embargo, los pron\u00f3sticos actuales dan una alta probabilidad de que se desarrolle otro El Ni\u00f1o durante la segunda mitad de 2026. Si esto se materializa, f\u00e1cilmente podr\u00edamos superar los 1,5\u00b0C nuevamente.<\/p>\n<p>Una pregunta clave es si el calentamiento global se est\u00e1 acelerando. Esto es dif\u00edcil de detectar directamente a partir del registro de temperatura de la superficie. Sin embargo, un estudio reciente encontr\u00f3 una aceleraci\u00f3n significativa despu\u00e9s de tener en cuenta el \u201cruido\u201d de la variabilidad de un a\u00f1o a otro.<\/p>\n<h2 class=\"wp-block-heading\">La vista desde arriba<\/h2>\n<p>La ciencia del clima no se trata s\u00f3lo de medir los cambios de temperatura.<\/p>\n<p>Uno de los legados de la carrera espacial de la d\u00e9cada de 1960 fue el lanzamiento posterior de muchas plataformas de observaci\u00f3n por sat\u00e9lite que han transformado nuestra capacidad para monitorear, comprender y predecir los cambios en el clima global.<\/p>\n<p>Ahora contamos con un seguimiento continuo de muchos componentes clave del sistema clim\u00e1tico de la Tierra, incluida la temperatura de la superficie del mar, el nivel del mar y la extensi\u00f3n del hielo marino polar, los glaciares y los cambios en la superficie terrestre. Lamentablemente, muchos de ellos revelan tendencias preocupantes, como olas de calor m\u00e1s frecuentes en tierra y mar, p\u00e9rdida del hielo marino del \u00c1rtico, derretimiento de los glaciares y aumento del nivel del mar.<\/p>\n<p>Una de las tendencias recientes m\u00e1s preocupantes proviene de un conjunto de instrumentos satelitales llamados Nasa Ceres, que han medido cambios en el desequilibrio energ\u00e9tico de la Tierra (EEI) desde 2000. EEI es la diferencia entre la cantidad de energ\u00eda solar absorbida por el planeta y la energ\u00eda t\u00e9rmica irradiada de regreso al espacio.<\/p>\n<p>Los datos de Ceres muestran una fuerte tendencia ascendente, lo que indica una tasa creciente de acumulaci\u00f3n de energ\u00eda, consistente con una aceleraci\u00f3n del calentamiento global.<\/p>\n<p>De cara al futuro, espero que para cuando los astronautas tomen la primera fotograf\u00eda de la salida de la Tierra desde Marte (quiz\u00e1s a finales de la d\u00e9cada de 2030), nos encaminemos hacia emisiones netas de carbono cero y temperaturas globales m\u00e1s estables.<\/p>\n<p>Lograr el cero neto es el objetivo de este siglo. El premio consiste en minimizar la gravedad de las peores consecuencias clim\u00e1ticas del calentamiento global, dejando a nuestros hijos y a las generaciones futuras un \u201cgran oasis\u201d sostenible aqu\u00ed en la Tierra.<\/p>\n<hr class=\"wp-block-separator has-alpha-channel-opacity\">\n<p>Nick Dunstone, becario de ciencias del clima, <em>Centro Hadley de la Oficina Meteorol\u00f3gica<\/em><\/p>\n<p>Foto principal: Foto de la NASA en Unsplash<\/p>\n<\/p><\/div>\n","protected":false},"excerpt":{"rendered":"<p>Nick Dunstone, Centro Hadley de la Oficina Meteorol\u00f3gica La tripulaci\u00f3n de Artemis II captur\u00f3 una nueva imagen de la Salida de la Tierra, 58 a\u00f1os<\/p>\n","protected":false},"author":1,"featured_media":8616,"comment_status":"closed","ping_status":"","sticky":false,"template":"","format":"standard","meta":{"footnotes":""},"categories":[68],"tags":[299,529,15,23,8392,8393,864],"class_list":["post-8615","post","type-post","status-publish","format-standard","has-post-thumbnail","hentry","category-fauna-y-flora","tag-cambiado","tag-clima","tag-como","tag-del","tag-earthrise","tag-earthset","tag-planeta","generate-columns","tablet-grid-50","mobile-grid-100","grid-parent","grid-50"],"yoast_head":"<!-- This site is optimized with the Yoast SEO plugin v23.4 - https:\/\/yoast.com\/wordpress\/plugins\/seo\/ -->\n<title>Earthrise to Earthset: c\u00f3mo ha cambiado el clima del planeta... - Consejos - Santa Catarina<\/title>\n<meta name=\"robots\" content=\"index, follow, max-snippet:-1, max-image-preview:large, max-video-preview:-1\" \/>\n<link rel=\"canonical\" href=\"https:\/\/stacatarina.mx\/consejos\/earthrise-to-earthset-como-ha-cambiado-el-clima-del-planeta\/\" \/>\n<meta property=\"og:locale\" content=\"es_MX\" \/>\n<meta property=\"og:type\" content=\"article\" \/>\n<meta property=\"og:title\" content=\"Earthrise to Earthset: c\u00f3mo ha cambiado el clima del planeta... - Consejos - Santa Catarina\" \/>\n<meta property=\"og:description\" content=\"Nick Dunstone, Centro Hadley de la Oficina Meteorol\u00f3gica La tripulaci\u00f3n de Artemis II captur\u00f3 una nueva imagen de la Salida de la Tierra, 58 a\u00f1os\" \/>\n<meta property=\"og:url\" content=\"https:\/\/stacatarina.mx\/consejos\/earthrise-to-earthset-como-ha-cambiado-el-clima-del-planeta\/\" \/>\n<meta property=\"og:site_name\" content=\"Santa Catarina\" \/>\n<meta property=\"article:publisher\" content=\"https:\/\/www.facebook.com\/stacatarinagob\/\" \/>\n<meta property=\"article:published_time\" content=\"2026-04-08T15:52:29+00:00\" \/>\n<meta property=\"article:modified_time\" content=\"2026-04-08T15:52:31+00:00\" \/>\n<meta property=\"og:image\" content=\"https:\/\/stacatarina.mx\/consejos\/wp-content\/uploads\/2026\/04\/Earthrise-to-Earthset-como-ha-cambiado-el-clima-del-planeta.jpeg\" \/>\n\t<meta property=\"og:image:width\" content=\"900\" \/>\n\t<meta property=\"og:image:height\" content=\"590\" \/>\n\t<meta property=\"og:image:type\" content=\"image\/jpeg\" \/>\n<meta name=\"author\" content=\"Pedro Mart\u00ednez\" \/>\n<meta name=\"twitter:card\" content=\"summary_large_image\" \/>\n<meta name=\"twitter:creator\" content=\"@stacatarinagob\" \/>\n<meta name=\"twitter:site\" content=\"@stacatarinagob\" \/>\n<meta name=\"twitter:label1\" content=\"Escrito por\" \/>\n\t<meta name=\"twitter:data1\" content=\"Pedro Mart\u00ednez\" \/>\n\t<meta name=\"twitter:label2\" content=\"Tiempo de lectura\" \/>\n\t<meta name=\"twitter:data2\" content=\"6 minutos\" \/>\n<script type=\"application\/ld+json\" class=\"yoast-schema-graph\">{\"@context\":\"https:\/\/schema.org\",\"@graph\":[{\"@type\":\"Article\",\"@id\":\"https:\/\/stacatarina.mx\/consejos\/earthrise-to-earthset-como-ha-cambiado-el-clima-del-planeta\/#article\",\"isPartOf\":{\"@id\":\"https:\/\/stacatarina.mx\/consejos\/earthrise-to-earthset-como-ha-cambiado-el-clima-del-planeta\/\"},\"author\":{\"name\":\"Pedro Mart\u00ednez\",\"@id\":\"https:\/\/stacatarina.mx\/consejos\/#\/schema\/person\/0be60adffa8e4c4d0828fdf021450e8a\"},\"headline\":\"Earthrise to Earthset: c\u00f3mo ha cambiado el clima del planeta&#8230;\",\"datePublished\":\"2026-04-08T15:52:29+00:00\",\"dateModified\":\"2026-04-08T15:52:31+00:00\",\"mainEntityOfPage\":{\"@id\":\"https:\/\/stacatarina.mx\/consejos\/earthrise-to-earthset-como-ha-cambiado-el-clima-del-planeta\/\"},\"wordCount\":1182,\"publisher\":{\"@id\":\"https:\/\/stacatarina.mx\/consejos\/#organization\"},\"image\":{\"@id\":\"https:\/\/stacatarina.mx\/consejos\/earthrise-to-earthset-como-ha-cambiado-el-clima-del-planeta\/#primaryimage\"},\"thumbnailUrl\":\"https:\/\/stacatarina.mx\/consejos\/wp-content\/uploads\/2026\/04\/Earthrise-to-Earthset-como-ha-cambiado-el-clima-del-planeta.jpeg\",\"keywords\":[\"cambiado\",\"clima\",\"c\u00f3mo\",\"del\",\"Earthrise\",\"Earthset\",\"planeta\"],\"articleSection\":[\"Fauna y Flora\"],\"inLanguage\":\"es\"},{\"@type\":\"WebPage\",\"@id\":\"https:\/\/stacatarina.mx\/consejos\/earthrise-to-earthset-como-ha-cambiado-el-clima-del-planeta\/\",\"url\":\"https:\/\/stacatarina.mx\/consejos\/earthrise-to-earthset-como-ha-cambiado-el-clima-del-planeta\/\",\"name\":\"Earthrise to Earthset: c\u00f3mo ha cambiado el clima del planeta... - Consejos - Santa Catarina\",\"isPartOf\":{\"@id\":\"https:\/\/stacatarina.mx\/consejos\/#website\"},\"primaryImageOfPage\":{\"@id\":\"https:\/\/stacatarina.mx\/consejos\/earthrise-to-earthset-como-ha-cambiado-el-clima-del-planeta\/#primaryimage\"},\"image\":{\"@id\":\"https:\/\/stacatarina.mx\/consejos\/earthrise-to-earthset-como-ha-cambiado-el-clima-del-planeta\/#primaryimage\"},\"thumbnailUrl\":\"https:\/\/stacatarina.mx\/consejos\/wp-content\/uploads\/2026\/04\/Earthrise-to-Earthset-como-ha-cambiado-el-clima-del-planeta.jpeg\",\"datePublished\":\"2026-04-08T15:52:29+00:00\",\"dateModified\":\"2026-04-08T15:52:31+00:00\",\"breadcrumb\":{\"@id\":\"https:\/\/stacatarina.mx\/consejos\/earthrise-to-earthset-como-ha-cambiado-el-clima-del-planeta\/#breadcrumb\"},\"inLanguage\":\"es\",\"potentialAction\":[{\"@type\":\"ReadAction\",\"target\":[\"https:\/\/stacatarina.mx\/consejos\/earthrise-to-earthset-como-ha-cambiado-el-clima-del-planeta\/\"]}]},{\"@type\":\"ImageObject\",\"inLanguage\":\"es\",\"@id\":\"https:\/\/stacatarina.mx\/consejos\/earthrise-to-earthset-como-ha-cambiado-el-clima-del-planeta\/#primaryimage\",\"url\":\"https:\/\/stacatarina.mx\/consejos\/wp-content\/uploads\/2026\/04\/Earthrise-to-Earthset-como-ha-cambiado-el-clima-del-planeta.jpeg\",\"contentUrl\":\"https:\/\/stacatarina.mx\/consejos\/wp-content\/uploads\/2026\/04\/Earthrise-to-Earthset-como-ha-cambiado-el-clima-del-planeta.jpeg\",\"width\":900,\"height\":590,\"caption\":\"Earthrise to Earthset: how the planet\u2019s climate has changed since the photo that inspired the environmental movement\"},{\"@type\":\"BreadcrumbList\",\"@id\":\"https:\/\/stacatarina.mx\/consejos\/earthrise-to-earthset-como-ha-cambiado-el-clima-del-planeta\/#breadcrumb\",\"itemListElement\":[{\"@type\":\"ListItem\",\"position\":1,\"name\":\"Inicio\",\"item\":\"https:\/\/stacatarina.mx\/consejos\/\"},{\"@type\":\"ListItem\",\"position\":2,\"name\":\"Earthrise to Earthset: c\u00f3mo ha cambiado el clima del planeta&#8230;\"}]},{\"@type\":\"WebSite\",\"@id\":\"https:\/\/stacatarina.mx\/consejos\/#website\",\"url\":\"https:\/\/stacatarina.mx\/consejos\/\",\"name\":\"Santa Catarina\",\"description\":\"\",\"publisher\":{\"@id\":\"https:\/\/stacatarina.mx\/consejos\/#organization\"},\"potentialAction\":[{\"@type\":\"SearchAction\",\"target\":{\"@type\":\"EntryPoint\",\"urlTemplate\":\"https:\/\/stacatarina.mx\/consejos\/?s={search_term_string}\"},\"query-input\":{\"@type\":\"PropertyValueSpecification\",\"valueRequired\":true,\"valueName\":\"search_term_string\"}}],\"inLanguage\":\"es\"},{\"@type\":\"Organization\",\"@id\":\"https:\/\/stacatarina.mx\/consejos\/#organization\",\"name\":\"Santa Catarina\",\"url\":\"https:\/\/stacatarina.mx\/consejos\/\",\"logo\":{\"@type\":\"ImageObject\",\"inLanguage\":\"es\",\"@id\":\"https:\/\/stacatarina.mx\/consejos\/#\/schema\/logo\/image\/\",\"url\":\"https:\/\/stacatarina.mx\/consejos\/wp-content\/uploads\/2024\/09\/cropped-favicon-1-1.png\",\"contentUrl\":\"https:\/\/stacatarina.mx\/consejos\/wp-content\/uploads\/2024\/09\/cropped-favicon-1-1.png\",\"width\":512,\"height\":512,\"caption\":\"Santa Catarina\"},\"image\":{\"@id\":\"https:\/\/stacatarina.mx\/consejos\/#\/schema\/logo\/image\/\"},\"sameAs\":[\"https:\/\/www.facebook.com\/stacatarinagob\/\",\"https:\/\/x.com\/stacatarinagob\",\"https:\/\/www.instagram.com\/stacatarinagob\/\",\"https:\/\/www.youtube.com\/channel\/UCK-6cQJL_904665N1_nLTWw\"]},{\"@type\":\"Person\",\"@id\":\"https:\/\/stacatarina.mx\/consejos\/#\/schema\/person\/0be60adffa8e4c4d0828fdf021450e8a\",\"name\":\"Pedro Mart\u00ednez\",\"image\":{\"@type\":\"ImageObject\",\"inLanguage\":\"es\",\"@id\":\"https:\/\/stacatarina.mx\/consejos\/#\/schema\/person\/image\/\",\"url\":\"https:\/\/stacatarina.mx\/consejos\/wp-content\/uploads\/2024\/09\/stacatarina.jpg\",\"contentUrl\":\"https:\/\/stacatarina.mx\/consejos\/wp-content\/uploads\/2024\/09\/stacatarina.jpg\",\"caption\":\"Pedro Mart\u00ednez\"},\"description\":\"Hola, soy Pedro Mart\u00ednez, redactor jefe del sitio oficial del ayuntamiento de Santa Catarina, en M\u00e9xico. Con m\u00e1s de diez a\u00f1os de experiencia en el periodismo local, tengo una pasi\u00f3n por la investigaci\u00f3n y la difusi\u00f3n de informaci\u00f3n que valoriza nuestra hermosa comunidad. Mi compromiso es hacer de Santa Catarina una referencia en materia de transparencia y comunicaci\u00f3n municipal.\",\"sameAs\":[\"https:\/\/stacatarina.mx\/\"]}]}<\/script>\n<!-- \/ Yoast SEO plugin. -->","yoast_head_json":{"title":"Earthrise to Earthset: c\u00f3mo ha cambiado el clima del planeta... - Consejos - Santa Catarina","robots":{"index":"index","follow":"follow","max-snippet":"max-snippet:-1","max-image-preview":"max-image-preview:large","max-video-preview":"max-video-preview:-1"},"canonical":"https:\/\/stacatarina.mx\/consejos\/earthrise-to-earthset-como-ha-cambiado-el-clima-del-planeta\/","og_locale":"es_MX","og_type":"article","og_title":"Earthrise to Earthset: c\u00f3mo ha cambiado el clima del planeta... - Consejos - Santa Catarina","og_description":"Nick Dunstone, Centro Hadley de la Oficina Meteorol\u00f3gica La tripulaci\u00f3n de Artemis II captur\u00f3 una nueva imagen de la Salida de la Tierra, 58 a\u00f1os","og_url":"https:\/\/stacatarina.mx\/consejos\/earthrise-to-earthset-como-ha-cambiado-el-clima-del-planeta\/","og_site_name":"Santa Catarina","article_publisher":"https:\/\/www.facebook.com\/stacatarinagob\/","article_published_time":"2026-04-08T15:52:29+00:00","article_modified_time":"2026-04-08T15:52:31+00:00","og_image":[{"width":900,"height":590,"url":"https:\/\/stacatarina.mx\/consejos\/wp-content\/uploads\/2026\/04\/Earthrise-to-Earthset-como-ha-cambiado-el-clima-del-planeta.jpeg","type":"image\/jpeg"}],"author":"Pedro Mart\u00ednez","twitter_card":"summary_large_image","twitter_creator":"@stacatarinagob","twitter_site":"@stacatarinagob","twitter_misc":{"Escrito por":"Pedro Mart\u00ednez","Tiempo de lectura":"6 minutos"},"schema":{"@context":"https:\/\/schema.org","@graph":[{"@type":"Article","@id":"https:\/\/stacatarina.mx\/consejos\/earthrise-to-earthset-como-ha-cambiado-el-clima-del-planeta\/#article","isPartOf":{"@id":"https:\/\/stacatarina.mx\/consejos\/earthrise-to-earthset-como-ha-cambiado-el-clima-del-planeta\/"},"author":{"name":"Pedro Mart\u00ednez","@id":"https:\/\/stacatarina.mx\/consejos\/#\/schema\/person\/0be60adffa8e4c4d0828fdf021450e8a"},"headline":"Earthrise to Earthset: c\u00f3mo ha cambiado el clima del planeta&#8230;","datePublished":"2026-04-08T15:52:29+00:00","dateModified":"2026-04-08T15:52:31+00:00","mainEntityOfPage":{"@id":"https:\/\/stacatarina.mx\/consejos\/earthrise-to-earthset-como-ha-cambiado-el-clima-del-planeta\/"},"wordCount":1182,"publisher":{"@id":"https:\/\/stacatarina.mx\/consejos\/#organization"},"image":{"@id":"https:\/\/stacatarina.mx\/consejos\/earthrise-to-earthset-como-ha-cambiado-el-clima-del-planeta\/#primaryimage"},"thumbnailUrl":"https:\/\/stacatarina.mx\/consejos\/wp-content\/uploads\/2026\/04\/Earthrise-to-Earthset-como-ha-cambiado-el-clima-del-planeta.jpeg","keywords":["cambiado","clima","c\u00f3mo","del","Earthrise","Earthset","planeta"],"articleSection":["Fauna y Flora"],"inLanguage":"es"},{"@type":"WebPage","@id":"https:\/\/stacatarina.mx\/consejos\/earthrise-to-earthset-como-ha-cambiado-el-clima-del-planeta\/","url":"https:\/\/stacatarina.mx\/consejos\/earthrise-to-earthset-como-ha-cambiado-el-clima-del-planeta\/","name":"Earthrise to Earthset: c\u00f3mo ha cambiado el clima del planeta... - Consejos - Santa Catarina","isPartOf":{"@id":"https:\/\/stacatarina.mx\/consejos\/#website"},"primaryImageOfPage":{"@id":"https:\/\/stacatarina.mx\/consejos\/earthrise-to-earthset-como-ha-cambiado-el-clima-del-planeta\/#primaryimage"},"image":{"@id":"https:\/\/stacatarina.mx\/consejos\/earthrise-to-earthset-como-ha-cambiado-el-clima-del-planeta\/#primaryimage"},"thumbnailUrl":"https:\/\/stacatarina.mx\/consejos\/wp-content\/uploads\/2026\/04\/Earthrise-to-Earthset-como-ha-cambiado-el-clima-del-planeta.jpeg","datePublished":"2026-04-08T15:52:29+00:00","dateModified":"2026-04-08T15:52:31+00:00","breadcrumb":{"@id":"https:\/\/stacatarina.mx\/consejos\/earthrise-to-earthset-como-ha-cambiado-el-clima-del-planeta\/#breadcrumb"},"inLanguage":"es","potentialAction":[{"@type":"ReadAction","target":["https:\/\/stacatarina.mx\/consejos\/earthrise-to-earthset-como-ha-cambiado-el-clima-del-planeta\/"]}]},{"@type":"ImageObject","inLanguage":"es","@id":"https:\/\/stacatarina.mx\/consejos\/earthrise-to-earthset-como-ha-cambiado-el-clima-del-planeta\/#primaryimage","url":"https:\/\/stacatarina.mx\/consejos\/wp-content\/uploads\/2026\/04\/Earthrise-to-Earthset-como-ha-cambiado-el-clima-del-planeta.jpeg","contentUrl":"https:\/\/stacatarina.mx\/consejos\/wp-content\/uploads\/2026\/04\/Earthrise-to-Earthset-como-ha-cambiado-el-clima-del-planeta.jpeg","width":900,"height":590,"caption":"Earthrise to Earthset: how the planet\u2019s climate has changed since the photo that inspired the environmental movement"},{"@type":"BreadcrumbList","@id":"https:\/\/stacatarina.mx\/consejos\/earthrise-to-earthset-como-ha-cambiado-el-clima-del-planeta\/#breadcrumb","itemListElement":[{"@type":"ListItem","position":1,"name":"Inicio","item":"https:\/\/stacatarina.mx\/consejos\/"},{"@type":"ListItem","position":2,"name":"Earthrise to Earthset: c\u00f3mo ha cambiado el clima del planeta&#8230;"}]},{"@type":"WebSite","@id":"https:\/\/stacatarina.mx\/consejos\/#website","url":"https:\/\/stacatarina.mx\/consejos\/","name":"Santa Catarina","description":"","publisher":{"@id":"https:\/\/stacatarina.mx\/consejos\/#organization"},"potentialAction":[{"@type":"SearchAction","target":{"@type":"EntryPoint","urlTemplate":"https:\/\/stacatarina.mx\/consejos\/?s={search_term_string}"},"query-input":{"@type":"PropertyValueSpecification","valueRequired":true,"valueName":"search_term_string"}}],"inLanguage":"es"},{"@type":"Organization","@id":"https:\/\/stacatarina.mx\/consejos\/#organization","name":"Santa Catarina","url":"https:\/\/stacatarina.mx\/consejos\/","logo":{"@type":"ImageObject","inLanguage":"es","@id":"https:\/\/stacatarina.mx\/consejos\/#\/schema\/logo\/image\/","url":"https:\/\/stacatarina.mx\/consejos\/wp-content\/uploads\/2024\/09\/cropped-favicon-1-1.png","contentUrl":"https:\/\/stacatarina.mx\/consejos\/wp-content\/uploads\/2024\/09\/cropped-favicon-1-1.png","width":512,"height":512,"caption":"Santa Catarina"},"image":{"@id":"https:\/\/stacatarina.mx\/consejos\/#\/schema\/logo\/image\/"},"sameAs":["https:\/\/www.facebook.com\/stacatarinagob\/","https:\/\/x.com\/stacatarinagob","https:\/\/www.instagram.com\/stacatarinagob\/","https:\/\/www.youtube.com\/channel\/UCK-6cQJL_904665N1_nLTWw"]},{"@type":"Person","@id":"https:\/\/stacatarina.mx\/consejos\/#\/schema\/person\/0be60adffa8e4c4d0828fdf021450e8a","name":"Pedro Mart\u00ednez","image":{"@type":"ImageObject","inLanguage":"es","@id":"https:\/\/stacatarina.mx\/consejos\/#\/schema\/person\/image\/","url":"https:\/\/stacatarina.mx\/consejos\/wp-content\/uploads\/2024\/09\/stacatarina.jpg","contentUrl":"https:\/\/stacatarina.mx\/consejos\/wp-content\/uploads\/2024\/09\/stacatarina.jpg","caption":"Pedro Mart\u00ednez"},"description":"Hola, soy Pedro Mart\u00ednez, redactor jefe del sitio oficial del ayuntamiento de Santa Catarina, en M\u00e9xico. Con m\u00e1s de diez a\u00f1os de experiencia en el periodismo local, tengo una pasi\u00f3n por la investigaci\u00f3n y la difusi\u00f3n de informaci\u00f3n que valoriza nuestra hermosa comunidad. Mi compromiso es hacer de Santa Catarina una referencia en materia de transparencia y comunicaci\u00f3n municipal.","sameAs":["https:\/\/stacatarina.mx\/"]}]}},"_links":{"self":[{"href":"https:\/\/stacatarina.mx\/consejos\/wp-json\/wp\/v2\/posts\/8615"}],"collection":[{"href":"https:\/\/stacatarina.mx\/consejos\/wp-json\/wp\/v2\/posts"}],"about":[{"href":"https:\/\/stacatarina.mx\/consejos\/wp-json\/wp\/v2\/types\/post"}],"author":[{"embeddable":true,"href":"https:\/\/stacatarina.mx\/consejos\/wp-json\/wp\/v2\/users\/1"}],"replies":[{"embeddable":true,"href":"https:\/\/stacatarina.mx\/consejos\/wp-json\/wp\/v2\/comments?post=8615"}],"version-history":[{"count":1,"href":"https:\/\/stacatarina.mx\/consejos\/wp-json\/wp\/v2\/posts\/8615\/revisions"}],"predecessor-version":[{"id":8617,"href":"https:\/\/stacatarina.mx\/consejos\/wp-json\/wp\/v2\/posts\/8615\/revisions\/8617"}],"wp:featuredmedia":[{"embeddable":true,"href":"https:\/\/stacatarina.mx\/consejos\/wp-json\/wp\/v2\/media\/8616"}],"wp:attachment":[{"href":"https:\/\/stacatarina.mx\/consejos\/wp-json\/wp\/v2\/media?parent=8615"}],"wp:term":[{"taxonomy":"category","embeddable":true,"href":"https:\/\/stacatarina.mx\/consejos\/wp-json\/wp\/v2\/categories?post=8615"},{"taxonomy":"post_tag","embeddable":true,"href":"https:\/\/stacatarina.mx\/consejos\/wp-json\/wp\/v2\/tags?post=8615"}],"curies":[{"name":"wp","href":"https:\/\/api.w.org\/{rel}","templated":true}]}}