{"id":8621,"date":"2026-04-08T14:52:42","date_gmt":"2026-04-08T20:52:42","guid":{"rendered":"https:\/\/stacatarina.mx\/consejos\/esperar-que-las-tiendas-beneficas-reciclen-la-ropa-que-no-usas-es\/"},"modified":"2026-04-08T14:52:43","modified_gmt":"2026-04-08T20:52:43","slug":"esperar-que-las-tiendas-beneficas-reciclen-la-ropa-que-no-usas-es","status":"publish","type":"post","link":"https:\/\/stacatarina.mx\/consejos\/esperar-que-las-tiendas-beneficas-reciclen-la-ropa-que-no-usas-es\/","title":{"rendered":"Esperar que las tiendas ben\u00e9ficas reciclen la ropa que no usas es&#8230;"},"content":{"rendered":"<div class=\"entry-content\">\n<p>Las tiendas ben\u00e9ficas generalmente se consideran una forma responsable de deshacerse de pertenencias no deseadas. En teor\u00eda, donar art\u00edculos permite reutilizarlos y recaudar dinero para causas importantes. Sin embargo, muchas tiendas ben\u00e9ficas luchan por hacer uso de las donaciones que reciben.<\/p>\n<p>El Reino Unido tiene m\u00e1s tiendas ben\u00e9ficas por habitante que cualquier otro pa\u00eds y maneja cientos de miles de toneladas de ropa usada cada a\u00f1o, adem\u00e1s de una amplia gama de otros art\u00edculos para el hogar.<\/p>\n<p>Cuando los bienes se donan a tiendas ben\u00e9ficas, se venden a clientes locales para que los reutilicen o los compran empresas comerciales y se comercializan en complejos mercados internacionales.<\/p>\n<p>Se estima que entre el 70% y el 90% de los bienes donados siguen estas rutas, y los comerciantes locales reutilizan y reciclan tanto como sea posible. Sin embargo, tambi\u00e9n se vierten y queman grandes cantidades, lo que provoca da\u00f1os y residuos medioambientales.<\/p>\n<p>Mi investigaci\u00f3n en curso muestra los desaf\u00edos que enfrentan las tiendas ben\u00e9ficas a la hora de reutilizar productos donados. Las tiendas ben\u00e9ficas son la principal salida para los textiles usados \u200b\u200ben el Reino Unido: aproximadamente la mitad de todos los textiles recolectados actualmente para su reutilizaci\u00f3n y reciclaje son donaciones de tiendas ben\u00e9ficas. Este papel ya los somete a una presi\u00f3n significativa y es probable que se vuelva m\u00e1s dif\u00edcil si aumentan las tasas de producci\u00f3n y eliminaci\u00f3n.<\/p>\n<p>Mi investigaci\u00f3n encontr\u00f3 que muchos empleados minoristas de organizaciones ben\u00e9ficas est\u00e1n muy concentrados en la recaudaci\u00f3n de fondos. Las tiendas tienen objetivos financieros estrictos para garantizar que apoyan la causa ben\u00e9fica. Como lo expres\u00f3 un alto directivo de una tienda minorista ben\u00e9fica: \u201cPara eso existes\u201d.<\/p>\n<p>Los fideicomisarios de organizaciones ben\u00e9ficas tienen el deber legal de actuar en el mejor inter\u00e9s de su organizaci\u00f3n ben\u00e9fica y administrar sus recursos de manera responsable, por lo que las tiendas que no son rentables pueden terminar cerrando. https:\/\/www.youtube.com\/embed\/5YN7RQgUVEo?wmode=transparent&#038;start=0 Por qu\u00e9 algunos art\u00edculos que la gente espera que se reciclen en realidad se est\u00e1n quemando.<\/p>\n<p>Esto puede resultar problem\u00e1tico para la reutilizaci\u00f3n de bienes de bajo valor, que ofrecen un retorno limitado del tiempo de trabajo del personal y del espacio de producci\u00f3n. En palabras de otro entrevistado para mi investigaci\u00f3n: &#8220;No podemos aguantar todo con un centavo, as\u00ed no es como funciona. Tenemos que priorizar aquello en lo que vamos a ver el mayor retorno&#8221;.<\/p>\n<p>Este problema se ve intensificado por el abrumador volumen de bienes desechados. Las tiendas ben\u00e9ficas del Reino Unido reciben unas 350.000 toneladas de ropa usada cada a\u00f1o, adem\u00e1s de una amplia gama de otros art\u00edculos para el hogar, cuyas cantidades no est\u00e1n bien documentadas.<\/p>\n<p>Clasificar y preparar los bienes donados para la venta requiere mucho tiempo y trabajo. En una tienda, un alto directivo de una tienda minorista ben\u00e9fica nacional me dijo: \u201cReciben much\u00edsimas donaciones y les falta personal; no tienen el tiempo ni el espacio, por lo que es m\u00e1s f\u00e1cil y mejor simplemente tirarlo a la basura\u201d.<\/p>\n<p>Como resultado de estos desaf\u00edos, los bienes donados que son potencialmente reutilizables (as\u00ed como aquellos que est\u00e1n demasiado gastados para su venta) pueden ser depositados en vertederos, incinerados o reciclados para aplicaciones de bajo valor, como el relleno de colchones.<\/p>\n<p>Este problema est\u00e1 relacionado con los niveles de consumo en el Reino Unido y otros pa\u00edses de altos ingresos. El n\u00famero promedio de prendas compradas por persona en todo el mundo aument\u00f3 aproximadamente un 60% entre 2000 y 2014, y cada art\u00edculo se conserv\u00f3 durante la mitad de tiempo. En 2022, los compradores del Reino Unido compraron 1,42 millones de toneladas de nuevos productos textiles, y esta cifra podr\u00eda alcanzar los 2,37 millones de toneladas en 2030. Gran parte de esta ropa es de baja calidad y tiene poco potencial de reutilizaci\u00f3n.<\/p>\n<p>Los mercados internacionales de bienes usados \u200b\u200best\u00e1n cada vez m\u00e1s saturados y tambi\u00e9n son vulnerables a los disturbios geopol\u00edticos, por lo que est\u00e1n cada vez m\u00e1s limitados en cuanto a lo que aceptar\u00e1n.<\/p>\n<h2 class=\"wp-block-heading\">\u00bfQu\u00e9 puedes hacer para ayudar?<\/h2>\n<p>1) Aseg\u00farese de que sus donaciones est\u00e9n limpias y en buen estado de funcionamiento. El personal de una tienda ben\u00e9fica, sobrecargado de trabajo, puede que no tenga tiempo para coser un bot\u00f3n nuevo a una camisa o incluso para limpiar una vajilla. Si algo de lo que desea deshacerse est\u00e1 roto y no sabe c\u00f3mo repararlo, ll\u00e9velo primero a su taller de reparaci\u00f3n local.<\/p>\n<p>2) Intente donar productos apropiados para la temporada. Si traes jerseys en junio, la tienda ben\u00e9fica tendr\u00e1 que buscar un lugar donde guardarlos hasta septiembre.<\/p>\n<p>3) Si tiene mucho para donar, llame primero a su tienda ben\u00e9fica local. Comprueba si tienen capacidad para aceptarlo y no te ofendas si lo rechazan cort\u00e9smente o te piden que vuelvas otro d\u00eda.<\/p>\n<p>4) Llevar los art\u00edculos que no se puedan reutilizar, como calcetines gastados y pa\u00f1os de cocina manchados, a un punto de reciclaje en lugar de a una tienda ben\u00e9fica.<\/p>\n<p>5) Encuentre puntos de venta especializados que ofrezcan mayores posibilidades de reutilizar un art\u00edculo. Por ejemplo, considere un banco para cochecitos y cunas para beb\u00e9s, o una tienda de chatarra para materiales de manualidades no deseados.<\/p>\n<p>6) Invol\u00facrate con grupos de tu comunidad local que est\u00e9n trabajando para abordar los residuos, o considera la posibilidad de crear el tuyo propio.<\/p>\n<hr class=\"wp-block-separator has-alpha-channel-opacity\">\n<p>Violet Broadhead, investigadora asociada, <em>Universidad de Bristol<\/em><\/p>\n<\/p><\/div>\n","protected":false},"excerpt":{"rendered":"<p>Las tiendas ben\u00e9ficas generalmente se consideran una forma responsable de deshacerse de pertenencias no deseadas. En teor\u00eda, donar art\u00edculos permite reutilizarlos y recaudar dinero para<\/p>\n","protected":false},"author":1,"featured_media":8622,"comment_status":"closed","ping_status":"","sticky":false,"template":"","format":"standard","meta":{"footnotes":""},"categories":[68],"tags":[1556,8326,8396,34,8398,2067,8397,2012],"class_list":["post-8621","post","type-post","status-publish","format-standard","has-post-thumbnail","hentry","category-fauna-y-flora","tag-beneficas","tag-es","tag-esperar","tag-las","tag-reciclen","tag-ropa","tag-tiendas","tag-usas","generate-columns","tablet-grid-50","mobile-grid-100","grid-parent","grid-50"],"yoast_head":"<!-- This site is optimized with the Yoast SEO plugin v23.4 - https:\/\/yoast.com\/wordpress\/plugins\/seo\/ -->\n<title>Esperar que las tiendas ben\u00e9ficas reciclen la ropa que no usas es... - Consejos - Santa Catarina<\/title>\n<meta name=\"robots\" content=\"index, follow, max-snippet:-1, max-image-preview:large, max-video-preview:-1\" \/>\n<link rel=\"canonical\" href=\"https:\/\/stacatarina.mx\/consejos\/esperar-que-las-tiendas-beneficas-reciclen-la-ropa-que-no-usas-es\/\" \/>\n<meta property=\"og:locale\" content=\"es_MX\" \/>\n<meta property=\"og:type\" content=\"article\" \/>\n<meta property=\"og:title\" content=\"Esperar que las tiendas ben\u00e9ficas reciclen la ropa que no usas es... - Consejos - Santa Catarina\" \/>\n<meta property=\"og:description\" content=\"Las tiendas ben\u00e9ficas generalmente se consideran una forma responsable de deshacerse de pertenencias no deseadas. En teor\u00eda, donar art\u00edculos permite reutilizarlos y recaudar dinero para\" \/>\n<meta property=\"og:url\" content=\"https:\/\/stacatarina.mx\/consejos\/esperar-que-las-tiendas-beneficas-reciclen-la-ropa-que-no-usas-es\/\" \/>\n<meta property=\"og:site_name\" content=\"Santa Catarina\" \/>\n<meta property=\"article:publisher\" content=\"https:\/\/www.facebook.com\/stacatarinagob\/\" \/>\n<meta property=\"article:published_time\" content=\"2026-04-08T20:52:42+00:00\" \/>\n<meta property=\"article:modified_time\" content=\"2026-04-08T20:52:43+00:00\" \/>\n<meta property=\"og:image\" content=\"https:\/\/stacatarina.mx\/consejos\/wp-content\/uploads\/2026\/04\/Esperar-que-las-tiendas-beneficas-reciclen-la-ropa-que-no.jpeg\" \/>\n\t<meta property=\"og:image:width\" content=\"900\" \/>\n\t<meta property=\"og:image:height\" content=\"601\" \/>\n\t<meta property=\"og:image:type\" content=\"image\/jpeg\" \/>\n<meta name=\"author\" content=\"Pedro Mart\u00ednez\" \/>\n<meta name=\"twitter:card\" content=\"summary_large_image\" \/>\n<meta name=\"twitter:creator\" content=\"@stacatarinagob\" \/>\n<meta name=\"twitter:site\" content=\"@stacatarinagob\" \/>\n<meta name=\"twitter:label1\" content=\"Escrito por\" \/>\n\t<meta name=\"twitter:data1\" content=\"Pedro Mart\u00ednez\" \/>\n\t<meta name=\"twitter:label2\" content=\"Tiempo de lectura\" \/>\n\t<meta name=\"twitter:data2\" content=\"5 minutos\" \/>\n<script type=\"application\/ld+json\" class=\"yoast-schema-graph\">{\"@context\":\"https:\/\/schema.org\",\"@graph\":[{\"@type\":\"Article\",\"@id\":\"https:\/\/stacatarina.mx\/consejos\/esperar-que-las-tiendas-beneficas-reciclen-la-ropa-que-no-usas-es\/#article\",\"isPartOf\":{\"@id\":\"https:\/\/stacatarina.mx\/consejos\/esperar-que-las-tiendas-beneficas-reciclen-la-ropa-que-no-usas-es\/\"},\"author\":{\"name\":\"Pedro Mart\u00ednez\",\"@id\":\"https:\/\/stacatarina.mx\/consejos\/#\/schema\/person\/0be60adffa8e4c4d0828fdf021450e8a\"},\"headline\":\"Esperar que las tiendas ben\u00e9ficas reciclen la ropa que no usas es&#8230;\",\"datePublished\":\"2026-04-08T20:52:42+00:00\",\"dateModified\":\"2026-04-08T20:52:43+00:00\",\"mainEntityOfPage\":{\"@id\":\"https:\/\/stacatarina.mx\/consejos\/esperar-que-las-tiendas-beneficas-reciclen-la-ropa-que-no-usas-es\/\"},\"wordCount\":963,\"publisher\":{\"@id\":\"https:\/\/stacatarina.mx\/consejos\/#organization\"},\"image\":{\"@id\":\"https:\/\/stacatarina.mx\/consejos\/esperar-que-las-tiendas-beneficas-reciclen-la-ropa-que-no-usas-es\/#primaryimage\"},\"thumbnailUrl\":\"https:\/\/stacatarina.mx\/consejos\/wp-content\/uploads\/2026\/04\/Esperar-que-las-tiendas-beneficas-reciclen-la-ropa-que-no.jpeg\",\"keywords\":[\"ben\u00e9ficas\",\"es..\",\"Esperar\",\"Las\",\"reciclen\",\"ropa\",\"tiendas\",\"usas\"],\"articleSection\":[\"Fauna y Flora\"],\"inLanguage\":\"es\"},{\"@type\":\"WebPage\",\"@id\":\"https:\/\/stacatarina.mx\/consejos\/esperar-que-las-tiendas-beneficas-reciclen-la-ropa-que-no-usas-es\/\",\"url\":\"https:\/\/stacatarina.mx\/consejos\/esperar-que-las-tiendas-beneficas-reciclen-la-ropa-que-no-usas-es\/\",\"name\":\"Esperar que las tiendas ben\u00e9ficas reciclen la ropa que no usas es... - Consejos - Santa Catarina\",\"isPartOf\":{\"@id\":\"https:\/\/stacatarina.mx\/consejos\/#website\"},\"primaryImageOfPage\":{\"@id\":\"https:\/\/stacatarina.mx\/consejos\/esperar-que-las-tiendas-beneficas-reciclen-la-ropa-que-no-usas-es\/#primaryimage\"},\"image\":{\"@id\":\"https:\/\/stacatarina.mx\/consejos\/esperar-que-las-tiendas-beneficas-reciclen-la-ropa-que-no-usas-es\/#primaryimage\"},\"thumbnailUrl\":\"https:\/\/stacatarina.mx\/consejos\/wp-content\/uploads\/2026\/04\/Esperar-que-las-tiendas-beneficas-reciclen-la-ropa-que-no.jpeg\",\"datePublished\":\"2026-04-08T20:52:42+00:00\",\"dateModified\":\"2026-04-08T20:52:43+00:00\",\"breadcrumb\":{\"@id\":\"https:\/\/stacatarina.mx\/consejos\/esperar-que-las-tiendas-beneficas-reciclen-la-ropa-que-no-usas-es\/#breadcrumb\"},\"inLanguage\":\"es\",\"potentialAction\":[{\"@type\":\"ReadAction\",\"target\":[\"https:\/\/stacatarina.mx\/consejos\/esperar-que-las-tiendas-beneficas-reciclen-la-ropa-que-no-usas-es\/\"]}]},{\"@type\":\"ImageObject\",\"inLanguage\":\"es\",\"@id\":\"https:\/\/stacatarina.mx\/consejos\/esperar-que-las-tiendas-beneficas-reciclen-la-ropa-que-no-usas-es\/#primaryimage\",\"url\":\"https:\/\/stacatarina.mx\/consejos\/wp-content\/uploads\/2026\/04\/Esperar-que-las-tiendas-beneficas-reciclen-la-ropa-que-no.jpeg\",\"contentUrl\":\"https:\/\/stacatarina.mx\/consejos\/wp-content\/uploads\/2026\/04\/Esperar-que-las-tiendas-beneficas-reciclen-la-ropa-que-no.jpeg\",\"width\":900,\"height\":601,\"caption\":\"Expecting charity shops to recycle your unwanted clothes is creating a rubbish pile \u2013 here\u2019s how to help to avoid\u00a0that\"},{\"@type\":\"BreadcrumbList\",\"@id\":\"https:\/\/stacatarina.mx\/consejos\/esperar-que-las-tiendas-beneficas-reciclen-la-ropa-que-no-usas-es\/#breadcrumb\",\"itemListElement\":[{\"@type\":\"ListItem\",\"position\":1,\"name\":\"Inicio\",\"item\":\"https:\/\/stacatarina.mx\/consejos\/\"},{\"@type\":\"ListItem\",\"position\":2,\"name\":\"Esperar que las tiendas ben\u00e9ficas reciclen la ropa que no usas es&#8230;\"}]},{\"@type\":\"WebSite\",\"@id\":\"https:\/\/stacatarina.mx\/consejos\/#website\",\"url\":\"https:\/\/stacatarina.mx\/consejos\/\",\"name\":\"Santa Catarina\",\"description\":\"\",\"publisher\":{\"@id\":\"https:\/\/stacatarina.mx\/consejos\/#organization\"},\"potentialAction\":[{\"@type\":\"SearchAction\",\"target\":{\"@type\":\"EntryPoint\",\"urlTemplate\":\"https:\/\/stacatarina.mx\/consejos\/?s={search_term_string}\"},\"query-input\":{\"@type\":\"PropertyValueSpecification\",\"valueRequired\":true,\"valueName\":\"search_term_string\"}}],\"inLanguage\":\"es\"},{\"@type\":\"Organization\",\"@id\":\"https:\/\/stacatarina.mx\/consejos\/#organization\",\"name\":\"Santa Catarina\",\"url\":\"https:\/\/stacatarina.mx\/consejos\/\",\"logo\":{\"@type\":\"ImageObject\",\"inLanguage\":\"es\",\"@id\":\"https:\/\/stacatarina.mx\/consejos\/#\/schema\/logo\/image\/\",\"url\":\"https:\/\/stacatarina.mx\/consejos\/wp-content\/uploads\/2024\/09\/cropped-favicon-1-1.png\",\"contentUrl\":\"https:\/\/stacatarina.mx\/consejos\/wp-content\/uploads\/2024\/09\/cropped-favicon-1-1.png\",\"width\":512,\"height\":512,\"caption\":\"Santa Catarina\"},\"image\":{\"@id\":\"https:\/\/stacatarina.mx\/consejos\/#\/schema\/logo\/image\/\"},\"sameAs\":[\"https:\/\/www.facebook.com\/stacatarinagob\/\",\"https:\/\/x.com\/stacatarinagob\",\"https:\/\/www.instagram.com\/stacatarinagob\/\",\"https:\/\/www.youtube.com\/channel\/UCK-6cQJL_904665N1_nLTWw\"]},{\"@type\":\"Person\",\"@id\":\"https:\/\/stacatarina.mx\/consejos\/#\/schema\/person\/0be60adffa8e4c4d0828fdf021450e8a\",\"name\":\"Pedro Mart\u00ednez\",\"image\":{\"@type\":\"ImageObject\",\"inLanguage\":\"es\",\"@id\":\"https:\/\/stacatarina.mx\/consejos\/#\/schema\/person\/image\/\",\"url\":\"https:\/\/stacatarina.mx\/consejos\/wp-content\/uploads\/2024\/09\/stacatarina.jpg\",\"contentUrl\":\"https:\/\/stacatarina.mx\/consejos\/wp-content\/uploads\/2024\/09\/stacatarina.jpg\",\"caption\":\"Pedro Mart\u00ednez\"},\"description\":\"Hola, soy Pedro Mart\u00ednez, redactor jefe del sitio oficial del ayuntamiento de Santa Catarina, en M\u00e9xico. Con m\u00e1s de diez a\u00f1os de experiencia en el periodismo local, tengo una pasi\u00f3n por la investigaci\u00f3n y la difusi\u00f3n de informaci\u00f3n que valoriza nuestra hermosa comunidad. Mi compromiso es hacer de Santa Catarina una referencia en materia de transparencia y comunicaci\u00f3n municipal.\",\"sameAs\":[\"https:\/\/stacatarina.mx\/\"]}]}<\/script>\n<!-- \/ Yoast SEO plugin. -->","yoast_head_json":{"title":"Esperar que las tiendas ben\u00e9ficas reciclen la ropa que no usas es... - Consejos - Santa Catarina","robots":{"index":"index","follow":"follow","max-snippet":"max-snippet:-1","max-image-preview":"max-image-preview:large","max-video-preview":"max-video-preview:-1"},"canonical":"https:\/\/stacatarina.mx\/consejos\/esperar-que-las-tiendas-beneficas-reciclen-la-ropa-que-no-usas-es\/","og_locale":"es_MX","og_type":"article","og_title":"Esperar que las tiendas ben\u00e9ficas reciclen la ropa que no usas es... - Consejos - Santa Catarina","og_description":"Las tiendas ben\u00e9ficas generalmente se consideran una forma responsable de deshacerse de pertenencias no deseadas. En teor\u00eda, donar art\u00edculos permite reutilizarlos y recaudar dinero para","og_url":"https:\/\/stacatarina.mx\/consejos\/esperar-que-las-tiendas-beneficas-reciclen-la-ropa-que-no-usas-es\/","og_site_name":"Santa Catarina","article_publisher":"https:\/\/www.facebook.com\/stacatarinagob\/","article_published_time":"2026-04-08T20:52:42+00:00","article_modified_time":"2026-04-08T20:52:43+00:00","og_image":[{"width":900,"height":601,"url":"https:\/\/stacatarina.mx\/consejos\/wp-content\/uploads\/2026\/04\/Esperar-que-las-tiendas-beneficas-reciclen-la-ropa-que-no.jpeg","type":"image\/jpeg"}],"author":"Pedro Mart\u00ednez","twitter_card":"summary_large_image","twitter_creator":"@stacatarinagob","twitter_site":"@stacatarinagob","twitter_misc":{"Escrito por":"Pedro Mart\u00ednez","Tiempo de lectura":"5 minutos"},"schema":{"@context":"https:\/\/schema.org","@graph":[{"@type":"Article","@id":"https:\/\/stacatarina.mx\/consejos\/esperar-que-las-tiendas-beneficas-reciclen-la-ropa-que-no-usas-es\/#article","isPartOf":{"@id":"https:\/\/stacatarina.mx\/consejos\/esperar-que-las-tiendas-beneficas-reciclen-la-ropa-que-no-usas-es\/"},"author":{"name":"Pedro Mart\u00ednez","@id":"https:\/\/stacatarina.mx\/consejos\/#\/schema\/person\/0be60adffa8e4c4d0828fdf021450e8a"},"headline":"Esperar que las tiendas ben\u00e9ficas reciclen la ropa que no usas es&#8230;","datePublished":"2026-04-08T20:52:42+00:00","dateModified":"2026-04-08T20:52:43+00:00","mainEntityOfPage":{"@id":"https:\/\/stacatarina.mx\/consejos\/esperar-que-las-tiendas-beneficas-reciclen-la-ropa-que-no-usas-es\/"},"wordCount":963,"publisher":{"@id":"https:\/\/stacatarina.mx\/consejos\/#organization"},"image":{"@id":"https:\/\/stacatarina.mx\/consejos\/esperar-que-las-tiendas-beneficas-reciclen-la-ropa-que-no-usas-es\/#primaryimage"},"thumbnailUrl":"https:\/\/stacatarina.mx\/consejos\/wp-content\/uploads\/2026\/04\/Esperar-que-las-tiendas-beneficas-reciclen-la-ropa-que-no.jpeg","keywords":["ben\u00e9ficas","es..","Esperar","Las","reciclen","ropa","tiendas","usas"],"articleSection":["Fauna y Flora"],"inLanguage":"es"},{"@type":"WebPage","@id":"https:\/\/stacatarina.mx\/consejos\/esperar-que-las-tiendas-beneficas-reciclen-la-ropa-que-no-usas-es\/","url":"https:\/\/stacatarina.mx\/consejos\/esperar-que-las-tiendas-beneficas-reciclen-la-ropa-que-no-usas-es\/","name":"Esperar que las tiendas ben\u00e9ficas reciclen la ropa que no usas es... - Consejos - Santa Catarina","isPartOf":{"@id":"https:\/\/stacatarina.mx\/consejos\/#website"},"primaryImageOfPage":{"@id":"https:\/\/stacatarina.mx\/consejos\/esperar-que-las-tiendas-beneficas-reciclen-la-ropa-que-no-usas-es\/#primaryimage"},"image":{"@id":"https:\/\/stacatarina.mx\/consejos\/esperar-que-las-tiendas-beneficas-reciclen-la-ropa-que-no-usas-es\/#primaryimage"},"thumbnailUrl":"https:\/\/stacatarina.mx\/consejos\/wp-content\/uploads\/2026\/04\/Esperar-que-las-tiendas-beneficas-reciclen-la-ropa-que-no.jpeg","datePublished":"2026-04-08T20:52:42+00:00","dateModified":"2026-04-08T20:52:43+00:00","breadcrumb":{"@id":"https:\/\/stacatarina.mx\/consejos\/esperar-que-las-tiendas-beneficas-reciclen-la-ropa-que-no-usas-es\/#breadcrumb"},"inLanguage":"es","potentialAction":[{"@type":"ReadAction","target":["https:\/\/stacatarina.mx\/consejos\/esperar-que-las-tiendas-beneficas-reciclen-la-ropa-que-no-usas-es\/"]}]},{"@type":"ImageObject","inLanguage":"es","@id":"https:\/\/stacatarina.mx\/consejos\/esperar-que-las-tiendas-beneficas-reciclen-la-ropa-que-no-usas-es\/#primaryimage","url":"https:\/\/stacatarina.mx\/consejos\/wp-content\/uploads\/2026\/04\/Esperar-que-las-tiendas-beneficas-reciclen-la-ropa-que-no.jpeg","contentUrl":"https:\/\/stacatarina.mx\/consejos\/wp-content\/uploads\/2026\/04\/Esperar-que-las-tiendas-beneficas-reciclen-la-ropa-que-no.jpeg","width":900,"height":601,"caption":"Expecting charity shops to recycle your unwanted clothes is creating a rubbish pile \u2013 here\u2019s how to help to avoid\u00a0that"},{"@type":"BreadcrumbList","@id":"https:\/\/stacatarina.mx\/consejos\/esperar-que-las-tiendas-beneficas-reciclen-la-ropa-que-no-usas-es\/#breadcrumb","itemListElement":[{"@type":"ListItem","position":1,"name":"Inicio","item":"https:\/\/stacatarina.mx\/consejos\/"},{"@type":"ListItem","position":2,"name":"Esperar que las tiendas ben\u00e9ficas reciclen la ropa que no usas es&#8230;"}]},{"@type":"WebSite","@id":"https:\/\/stacatarina.mx\/consejos\/#website","url":"https:\/\/stacatarina.mx\/consejos\/","name":"Santa Catarina","description":"","publisher":{"@id":"https:\/\/stacatarina.mx\/consejos\/#organization"},"potentialAction":[{"@type":"SearchAction","target":{"@type":"EntryPoint","urlTemplate":"https:\/\/stacatarina.mx\/consejos\/?s={search_term_string}"},"query-input":{"@type":"PropertyValueSpecification","valueRequired":true,"valueName":"search_term_string"}}],"inLanguage":"es"},{"@type":"Organization","@id":"https:\/\/stacatarina.mx\/consejos\/#organization","name":"Santa Catarina","url":"https:\/\/stacatarina.mx\/consejos\/","logo":{"@type":"ImageObject","inLanguage":"es","@id":"https:\/\/stacatarina.mx\/consejos\/#\/schema\/logo\/image\/","url":"https:\/\/stacatarina.mx\/consejos\/wp-content\/uploads\/2024\/09\/cropped-favicon-1-1.png","contentUrl":"https:\/\/stacatarina.mx\/consejos\/wp-content\/uploads\/2024\/09\/cropped-favicon-1-1.png","width":512,"height":512,"caption":"Santa Catarina"},"image":{"@id":"https:\/\/stacatarina.mx\/consejos\/#\/schema\/logo\/image\/"},"sameAs":["https:\/\/www.facebook.com\/stacatarinagob\/","https:\/\/x.com\/stacatarinagob","https:\/\/www.instagram.com\/stacatarinagob\/","https:\/\/www.youtube.com\/channel\/UCK-6cQJL_904665N1_nLTWw"]},{"@type":"Person","@id":"https:\/\/stacatarina.mx\/consejos\/#\/schema\/person\/0be60adffa8e4c4d0828fdf021450e8a","name":"Pedro Mart\u00ednez","image":{"@type":"ImageObject","inLanguage":"es","@id":"https:\/\/stacatarina.mx\/consejos\/#\/schema\/person\/image\/","url":"https:\/\/stacatarina.mx\/consejos\/wp-content\/uploads\/2024\/09\/stacatarina.jpg","contentUrl":"https:\/\/stacatarina.mx\/consejos\/wp-content\/uploads\/2024\/09\/stacatarina.jpg","caption":"Pedro Mart\u00ednez"},"description":"Hola, soy Pedro Mart\u00ednez, redactor jefe del sitio oficial del ayuntamiento de Santa Catarina, en M\u00e9xico. Con m\u00e1s de diez a\u00f1os de experiencia en el periodismo local, tengo una pasi\u00f3n por la investigaci\u00f3n y la difusi\u00f3n de informaci\u00f3n que valoriza nuestra hermosa comunidad. Mi compromiso es hacer de Santa Catarina una referencia en materia de transparencia y comunicaci\u00f3n municipal.","sameAs":["https:\/\/stacatarina.mx\/"]}]}},"_links":{"self":[{"href":"https:\/\/stacatarina.mx\/consejos\/wp-json\/wp\/v2\/posts\/8621"}],"collection":[{"href":"https:\/\/stacatarina.mx\/consejos\/wp-json\/wp\/v2\/posts"}],"about":[{"href":"https:\/\/stacatarina.mx\/consejos\/wp-json\/wp\/v2\/types\/post"}],"author":[{"embeddable":true,"href":"https:\/\/stacatarina.mx\/consejos\/wp-json\/wp\/v2\/users\/1"}],"replies":[{"embeddable":true,"href":"https:\/\/stacatarina.mx\/consejos\/wp-json\/wp\/v2\/comments?post=8621"}],"version-history":[{"count":1,"href":"https:\/\/stacatarina.mx\/consejos\/wp-json\/wp\/v2\/posts\/8621\/revisions"}],"predecessor-version":[{"id":8623,"href":"https:\/\/stacatarina.mx\/consejos\/wp-json\/wp\/v2\/posts\/8621\/revisions\/8623"}],"wp:featuredmedia":[{"embeddable":true,"href":"https:\/\/stacatarina.mx\/consejos\/wp-json\/wp\/v2\/media\/8622"}],"wp:attachment":[{"href":"https:\/\/stacatarina.mx\/consejos\/wp-json\/wp\/v2\/media?parent=8621"}],"wp:term":[{"taxonomy":"category","embeddable":true,"href":"https:\/\/stacatarina.mx\/consejos\/wp-json\/wp\/v2\/categories?post=8621"},{"taxonomy":"post_tag","embeddable":true,"href":"https:\/\/stacatarina.mx\/consejos\/wp-json\/wp\/v2\/tags?post=8621"}],"curies":[{"name":"wp","href":"https:\/\/api.w.org\/{rel}","templated":true}]}}