{"id":8624,"date":"2026-04-08T16:52:41","date_gmt":"2026-04-08T22:52:41","guid":{"rendered":"https:\/\/stacatarina.mx\/consejos\/el-barrio-en-el-que-vives-puede-hacerte-envejecer-mas-rapido-asi-es-como\/"},"modified":"2026-04-08T16:52:43","modified_gmt":"2026-04-08T22:52:43","slug":"el-barrio-en-el-que-vives-puede-hacerte-envejecer-mas-rapido-asi-es-como","status":"publish","type":"post","link":"https:\/\/stacatarina.mx\/consejos\/el-barrio-en-el-que-vives-puede-hacerte-envejecer-mas-rapido-asi-es-como\/","title":{"rendered":"El barrio en el que vives puede hacerte envejecer m\u00e1s r\u00e1pido: as\u00ed es como"},"content":{"rendered":"<p><\/p>\n<p>En Italia, basta con desplazarse unos pocos kil\u00f3metros para cambiar el ritmo de vida, el acceso a los servicios, la calidad del aire, la capacidad de moverse e incluso la esperanza de vida. No es una sugerencia de una conversaci\u00f3n sobre los suburbios: hoy Istat mide las dificultades socioecon\u00f3micas incluso a nivel submunicipal en 25 ciudades, de Roma a Mil\u00e1n, de N\u00e1poles a Palermo, precisamente para fotografiar d\u00f3nde las oportunidades sociales, laborales y educativas est\u00e1n disminuyendo hasta el punto de convertirse en un problema estructural.<\/p>\n<p>Un estudio de la Escuela de Salud P\u00fablica Global de la Universidad de Nueva York, publicado en, encaja en este marco <em>Ciencias Sociales y Medicina<\/em>que intent\u00f3 mirar a\u00fan m\u00e1s profundamente: no s\u00f3lo si el barrio condiciona la salud y la longevidad, sino si logra dejar huella dentro de los procesos de envejecimiento celular. Los investigadores analizaron datos de 1.215 adultos estadounidenses del proyecto MIDUS y encontraron una asociaci\u00f3n entre vecindarios con menos oportunidades y niveles m\u00e1s altos de CDKN2A, uno de los marcadores clave de la senescencia celular.<\/p>\n<p>A medida que las c\u00e9lulas envejecen, dejan de dividirse, permanecen metab\u00f3licamente activas y liberan sustancias que alimentan la inflamaci\u00f3n. Es un mecanismo que los estudios vinculan con la fragilidad y las enfermedades en la vejez. En el trabajo de la Universidad de Nueva York, los autores observaron varios indicadores moleculares, pero la se\u00f1al m\u00e1s clara provino de CDKN2A.<\/p>\n<h2>Trabajo estable, hogar seguro y margen de vida.<\/h2>\n<p>El hallazgo m\u00e1s fuerte del estudio es que la asociaci\u00f3n sigue siendo visible incluso despu\u00e9s de tener en cuenta otros factores socioecon\u00f3micos, de salud y de comportamiento. Y sobre todo se centra en los factores sociales y econ\u00f3micos del barrio: trabajo, ingresos, estabilidad habitacional, posibilidad de movimiento social. M\u00e1s que el comportamiento individual, parece ser la presi\u00f3n continua de un contexto que mantiene a las personas en una condici\u00f3n de precariedad cr\u00f3nica que pesa mucho.<\/p>\n<p>Si esta historia te suena familiar, es porque los datos apuntan en la misma direcci\u00f3n tambi\u00e9n aqu\u00ed. Istat define las dificultades socioecon\u00f3micas como la dificultad para satisfacer adecuadamente las necesidades b\u00e1sicas debido a la falta o insuficiencia de recursos y oportunidades sociales, econ\u00f3micos, laborales y educativos. Y ese malestar se mide ahora barrio por barrio, o casi, en 25 municipios italianos. Significa que el problema es lo suficientemente concreto como para merecer un mapa oficial, no una sensaci\u00f3n vaga.<\/p>\n<p>En Roma, por ejemplo, un estudio publicado sobre <em>Epidemiolog\u00eda y Prevenci\u00f3n<\/em> del Departamento de Epidemiolog\u00eda del Servicio Regional de Salud del Lacio ha demostrado que entre los distritos sanitarios de la ciudad existen diferencias en la esperanza de vida de hasta aproximadamente 3 a\u00f1os para los hombres y 2,2 a\u00f1os para las mujeres, con una desventaja m\u00e1s marcada en los grupos m\u00e1s desfavorecidos socialmente y en las zonas de los suburbios del este en comparaci\u00f3n con los distritos del centro hist\u00f3rico.<\/p>\n<p>El panorama nacional ya no es tranquilizador. Seg\u00fan el Istat, en 2024 la esperanza de vida al nacer alcanz\u00f3 los 83,4 a\u00f1os, pero con claras diferencias territoriales: 82,1 a\u00f1os para los hombres y 86,0 para las mujeres en el Norte, frente a 80,3 y 84,6 en el Sur. Campania registra los valores m\u00e1s bajos, con 79,7 a\u00f1os para los hombres y 83,8 para las mujeres. No es exactamente el mismo indicador que el estudio americano, pero cuenta la misma fractura: el lugar donde vives sigue pesando sobre el cuerpo.<\/p>\n<h2>El punto inc\u00f3modo es siempre el mismo.<\/h2>\n<p>Los mismos materiales del Istituto Superiore di Sanit\u00e0 nos recuerdan que incluso en Italia las diferencias en salud, morbilidad y discapacidad siguen las l\u00edneas de ingresos, educaci\u00f3n y posici\u00f3n social. El estudio de la Universidad de Nueva York a\u00f1ade un dato que es dif\u00edcil de ignorar: esas desigualdades tambi\u00e9n podr\u00edan quedar impresas a nivel celular. Ergo: el problema no reside s\u00f3lo en el estilo de vida del individuo, sino en condiciones estructurales que se acumulan cada d\u00eda y funcionan en silencio.<\/p>\n<p>Por eso la idea de que basta &#8220;esforzarse m\u00e1s&#8221; tiene cada vez menos fuerza. Si el barrio concentra precariedad, casas fr\u00e1giles, pocas oportunidades y poco espacio para respirar, la factura no viene s\u00f3lo en el sueldo o en la calidad de vida. Podr\u00eda llegar antes, mucho antes, al interior del cuerpo. Y ah\u00ed se acaban las excusas.<\/p><\/p>\n","protected":false},"excerpt":{"rendered":"<p>En Italia, basta con desplazarse unos pocos kil\u00f3metros para cambiar el ritmo de vida, el acceso a los servicios, la calidad del aire, la capacidad<\/p>\n","protected":false},"author":1,"featured_media":8625,"comment_status":"closed","ping_status":"","sticky":false,"template":"","format":"standard","meta":{"footnotes":""},"categories":[762],"tags":[946,8399,15,5925,3228,137,406,3385,8400],"class_list":["post-8624","post","type-post","status-publish","format-standard","has-post-thumbnail","hentry","category-salud","tag-asi","tag-barrio","tag-como","tag-envejecer","tag-hacerte","tag-mas","tag-puede","tag-rapido","tag-vives","generate-columns","tablet-grid-50","mobile-grid-100","grid-parent","grid-50"],"yoast_head":"<!-- This site is optimized with the Yoast SEO plugin v23.4 - https:\/\/yoast.com\/wordpress\/plugins\/seo\/ -->\n<title>El barrio en el que vives puede hacerte envejecer m\u00e1s r\u00e1pido: as\u00ed es como - Consejos - Santa Catarina<\/title>\n<meta name=\"robots\" content=\"index, follow, max-snippet:-1, max-image-preview:large, max-video-preview:-1\" \/>\n<link rel=\"canonical\" href=\"https:\/\/stacatarina.mx\/consejos\/el-barrio-en-el-que-vives-puede-hacerte-envejecer-mas-rapido-asi-es-como\/\" \/>\n<meta property=\"og:locale\" content=\"es_MX\" \/>\n<meta property=\"og:type\" content=\"article\" \/>\n<meta property=\"og:title\" content=\"El barrio en el que vives puede hacerte envejecer m\u00e1s r\u00e1pido: as\u00ed es como - Consejos - Santa Catarina\" \/>\n<meta property=\"og:description\" content=\"En Italia, basta con desplazarse unos pocos kil\u00f3metros para cambiar el ritmo de vida, el acceso a los servicios, la calidad del aire, la capacidad\" \/>\n<meta property=\"og:url\" content=\"https:\/\/stacatarina.mx\/consejos\/el-barrio-en-el-que-vives-puede-hacerte-envejecer-mas-rapido-asi-es-como\/\" \/>\n<meta property=\"og:site_name\" content=\"Santa Catarina\" \/>\n<meta property=\"article:publisher\" content=\"https:\/\/www.facebook.com\/stacatarinagob\/\" \/>\n<meta property=\"article:published_time\" content=\"2026-04-08T22:52:41+00:00\" \/>\n<meta property=\"article:modified_time\" content=\"2026-04-08T22:52:43+00:00\" \/>\n<meta property=\"og:image\" content=\"https:\/\/stacatarina.mx\/consejos\/wp-content\/uploads\/2026\/04\/El-barrio-en-el-que-vives-puede-hacerte-envejecer-mas.jpg\" \/>\n\t<meta property=\"og:image:width\" content=\"1500\" \/>\n\t<meta property=\"og:image:height\" content=\"1000\" \/>\n\t<meta property=\"og:image:type\" content=\"image\/jpeg\" \/>\n<meta name=\"author\" content=\"Pedro Mart\u00ednez\" \/>\n<meta name=\"twitter:card\" content=\"summary_large_image\" \/>\n<meta name=\"twitter:creator\" content=\"@stacatarinagob\" \/>\n<meta name=\"twitter:site\" content=\"@stacatarinagob\" \/>\n<meta name=\"twitter:label1\" content=\"Escrito por\" \/>\n\t<meta name=\"twitter:data1\" content=\"Pedro Mart\u00ednez\" \/>\n\t<meta name=\"twitter:label2\" content=\"Tiempo de lectura\" \/>\n\t<meta name=\"twitter:data2\" content=\"4 minutos\" \/>\n<script type=\"application\/ld+json\" class=\"yoast-schema-graph\">{\"@context\":\"https:\/\/schema.org\",\"@graph\":[{\"@type\":\"Article\",\"@id\":\"https:\/\/stacatarina.mx\/consejos\/el-barrio-en-el-que-vives-puede-hacerte-envejecer-mas-rapido-asi-es-como\/#article\",\"isPartOf\":{\"@id\":\"https:\/\/stacatarina.mx\/consejos\/el-barrio-en-el-que-vives-puede-hacerte-envejecer-mas-rapido-asi-es-como\/\"},\"author\":{\"name\":\"Pedro Mart\u00ednez\",\"@id\":\"https:\/\/stacatarina.mx\/consejos\/#\/schema\/person\/0be60adffa8e4c4d0828fdf021450e8a\"},\"headline\":\"El barrio en el que vives puede hacerte envejecer m\u00e1s r\u00e1pido: as\u00ed es como\",\"datePublished\":\"2026-04-08T22:52:41+00:00\",\"dateModified\":\"2026-04-08T22:52:43+00:00\",\"mainEntityOfPage\":{\"@id\":\"https:\/\/stacatarina.mx\/consejos\/el-barrio-en-el-que-vives-puede-hacerte-envejecer-mas-rapido-asi-es-como\/\"},\"wordCount\":774,\"publisher\":{\"@id\":\"https:\/\/stacatarina.mx\/consejos\/#organization\"},\"image\":{\"@id\":\"https:\/\/stacatarina.mx\/consejos\/el-barrio-en-el-que-vives-puede-hacerte-envejecer-mas-rapido-asi-es-como\/#primaryimage\"},\"thumbnailUrl\":\"https:\/\/stacatarina.mx\/consejos\/wp-content\/uploads\/2026\/04\/El-barrio-en-el-que-vives-puede-hacerte-envejecer-mas.jpg\",\"keywords\":[\"as\u00ed\",\"barrio\",\"c\u00f3mo\",\"envejecer\",\"hacerte\",\"m\u00e1s\",\"puede\",\"r\u00e1pido\",\"vives\"],\"articleSection\":[\"Salud\"],\"inLanguage\":\"es\"},{\"@type\":\"WebPage\",\"@id\":\"https:\/\/stacatarina.mx\/consejos\/el-barrio-en-el-que-vives-puede-hacerte-envejecer-mas-rapido-asi-es-como\/\",\"url\":\"https:\/\/stacatarina.mx\/consejos\/el-barrio-en-el-que-vives-puede-hacerte-envejecer-mas-rapido-asi-es-como\/\",\"name\":\"El barrio en el que vives puede hacerte envejecer m\u00e1s r\u00e1pido: as\u00ed es como - Consejos - Santa Catarina\",\"isPartOf\":{\"@id\":\"https:\/\/stacatarina.mx\/consejos\/#website\"},\"primaryImageOfPage\":{\"@id\":\"https:\/\/stacatarina.mx\/consejos\/el-barrio-en-el-que-vives-puede-hacerte-envejecer-mas-rapido-asi-es-como\/#primaryimage\"},\"image\":{\"@id\":\"https:\/\/stacatarina.mx\/consejos\/el-barrio-en-el-que-vives-puede-hacerte-envejecer-mas-rapido-asi-es-como\/#primaryimage\"},\"thumbnailUrl\":\"https:\/\/stacatarina.mx\/consejos\/wp-content\/uploads\/2026\/04\/El-barrio-en-el-que-vives-puede-hacerte-envejecer-mas.jpg\",\"datePublished\":\"2026-04-08T22:52:41+00:00\",\"dateModified\":\"2026-04-08T22:52:43+00:00\",\"breadcrumb\":{\"@id\":\"https:\/\/stacatarina.mx\/consejos\/el-barrio-en-el-que-vives-puede-hacerte-envejecer-mas-rapido-asi-es-como\/#breadcrumb\"},\"inLanguage\":\"es\",\"potentialAction\":[{\"@type\":\"ReadAction\",\"target\":[\"https:\/\/stacatarina.mx\/consejos\/el-barrio-en-el-que-vives-puede-hacerte-envejecer-mas-rapido-asi-es-como\/\"]}]},{\"@type\":\"ImageObject\",\"inLanguage\":\"es\",\"@id\":\"https:\/\/stacatarina.mx\/consejos\/el-barrio-en-el-que-vives-puede-hacerte-envejecer-mas-rapido-asi-es-como\/#primaryimage\",\"url\":\"https:\/\/stacatarina.mx\/consejos\/wp-content\/uploads\/2026\/04\/El-barrio-en-el-que-vives-puede-hacerte-envejecer-mas.jpg\",\"contentUrl\":\"https:\/\/stacatarina.mx\/consejos\/wp-content\/uploads\/2026\/04\/El-barrio-en-el-que-vives-puede-hacerte-envejecer-mas.jpg\",\"width\":1500,\"height\":1000,\"caption\":\"quartiere e invecchiamento\"},{\"@type\":\"BreadcrumbList\",\"@id\":\"https:\/\/stacatarina.mx\/consejos\/el-barrio-en-el-que-vives-puede-hacerte-envejecer-mas-rapido-asi-es-como\/#breadcrumb\",\"itemListElement\":[{\"@type\":\"ListItem\",\"position\":1,\"name\":\"Inicio\",\"item\":\"https:\/\/stacatarina.mx\/consejos\/\"},{\"@type\":\"ListItem\",\"position\":2,\"name\":\"El barrio en el que vives puede hacerte envejecer m\u00e1s r\u00e1pido: as\u00ed es como\"}]},{\"@type\":\"WebSite\",\"@id\":\"https:\/\/stacatarina.mx\/consejos\/#website\",\"url\":\"https:\/\/stacatarina.mx\/consejos\/\",\"name\":\"Santa Catarina\",\"description\":\"\",\"publisher\":{\"@id\":\"https:\/\/stacatarina.mx\/consejos\/#organization\"},\"potentialAction\":[{\"@type\":\"SearchAction\",\"target\":{\"@type\":\"EntryPoint\",\"urlTemplate\":\"https:\/\/stacatarina.mx\/consejos\/?s={search_term_string}\"},\"query-input\":{\"@type\":\"PropertyValueSpecification\",\"valueRequired\":true,\"valueName\":\"search_term_string\"}}],\"inLanguage\":\"es\"},{\"@type\":\"Organization\",\"@id\":\"https:\/\/stacatarina.mx\/consejos\/#organization\",\"name\":\"Santa Catarina\",\"url\":\"https:\/\/stacatarina.mx\/consejos\/\",\"logo\":{\"@type\":\"ImageObject\",\"inLanguage\":\"es\",\"@id\":\"https:\/\/stacatarina.mx\/consejos\/#\/schema\/logo\/image\/\",\"url\":\"https:\/\/stacatarina.mx\/consejos\/wp-content\/uploads\/2024\/09\/cropped-favicon-1-1.png\",\"contentUrl\":\"https:\/\/stacatarina.mx\/consejos\/wp-content\/uploads\/2024\/09\/cropped-favicon-1-1.png\",\"width\":512,\"height\":512,\"caption\":\"Santa Catarina\"},\"image\":{\"@id\":\"https:\/\/stacatarina.mx\/consejos\/#\/schema\/logo\/image\/\"},\"sameAs\":[\"https:\/\/www.facebook.com\/stacatarinagob\/\",\"https:\/\/x.com\/stacatarinagob\",\"https:\/\/www.instagram.com\/stacatarinagob\/\",\"https:\/\/www.youtube.com\/channel\/UCK-6cQJL_904665N1_nLTWw\"]},{\"@type\":\"Person\",\"@id\":\"https:\/\/stacatarina.mx\/consejos\/#\/schema\/person\/0be60adffa8e4c4d0828fdf021450e8a\",\"name\":\"Pedro Mart\u00ednez\",\"image\":{\"@type\":\"ImageObject\",\"inLanguage\":\"es\",\"@id\":\"https:\/\/stacatarina.mx\/consejos\/#\/schema\/person\/image\/\",\"url\":\"https:\/\/stacatarina.mx\/consejos\/wp-content\/uploads\/2024\/09\/stacatarina.jpg\",\"contentUrl\":\"https:\/\/stacatarina.mx\/consejos\/wp-content\/uploads\/2024\/09\/stacatarina.jpg\",\"caption\":\"Pedro Mart\u00ednez\"},\"description\":\"Hola, soy Pedro Mart\u00ednez, redactor jefe del sitio oficial del ayuntamiento de Santa Catarina, en M\u00e9xico. Con m\u00e1s de diez a\u00f1os de experiencia en el periodismo local, tengo una pasi\u00f3n por la investigaci\u00f3n y la difusi\u00f3n de informaci\u00f3n que valoriza nuestra hermosa comunidad. Mi compromiso es hacer de Santa Catarina una referencia en materia de transparencia y comunicaci\u00f3n municipal.\",\"sameAs\":[\"https:\/\/stacatarina.mx\/\"]}]}<\/script>\n<!-- \/ Yoast SEO plugin. -->","yoast_head_json":{"title":"El barrio en el que vives puede hacerte envejecer m\u00e1s r\u00e1pido: as\u00ed es como - Consejos - Santa Catarina","robots":{"index":"index","follow":"follow","max-snippet":"max-snippet:-1","max-image-preview":"max-image-preview:large","max-video-preview":"max-video-preview:-1"},"canonical":"https:\/\/stacatarina.mx\/consejos\/el-barrio-en-el-que-vives-puede-hacerte-envejecer-mas-rapido-asi-es-como\/","og_locale":"es_MX","og_type":"article","og_title":"El barrio en el que vives puede hacerte envejecer m\u00e1s r\u00e1pido: as\u00ed es como - Consejos - Santa Catarina","og_description":"En Italia, basta con desplazarse unos pocos kil\u00f3metros para cambiar el ritmo de vida, el acceso a los servicios, la calidad del aire, la capacidad","og_url":"https:\/\/stacatarina.mx\/consejos\/el-barrio-en-el-que-vives-puede-hacerte-envejecer-mas-rapido-asi-es-como\/","og_site_name":"Santa Catarina","article_publisher":"https:\/\/www.facebook.com\/stacatarinagob\/","article_published_time":"2026-04-08T22:52:41+00:00","article_modified_time":"2026-04-08T22:52:43+00:00","og_image":[{"width":1500,"height":1000,"url":"https:\/\/stacatarina.mx\/consejos\/wp-content\/uploads\/2026\/04\/El-barrio-en-el-que-vives-puede-hacerte-envejecer-mas.jpg","type":"image\/jpeg"}],"author":"Pedro Mart\u00ednez","twitter_card":"summary_large_image","twitter_creator":"@stacatarinagob","twitter_site":"@stacatarinagob","twitter_misc":{"Escrito por":"Pedro Mart\u00ednez","Tiempo de lectura":"4 minutos"},"schema":{"@context":"https:\/\/schema.org","@graph":[{"@type":"Article","@id":"https:\/\/stacatarina.mx\/consejos\/el-barrio-en-el-que-vives-puede-hacerte-envejecer-mas-rapido-asi-es-como\/#article","isPartOf":{"@id":"https:\/\/stacatarina.mx\/consejos\/el-barrio-en-el-que-vives-puede-hacerte-envejecer-mas-rapido-asi-es-como\/"},"author":{"name":"Pedro Mart\u00ednez","@id":"https:\/\/stacatarina.mx\/consejos\/#\/schema\/person\/0be60adffa8e4c4d0828fdf021450e8a"},"headline":"El barrio en el que vives puede hacerte envejecer m\u00e1s r\u00e1pido: as\u00ed es como","datePublished":"2026-04-08T22:52:41+00:00","dateModified":"2026-04-08T22:52:43+00:00","mainEntityOfPage":{"@id":"https:\/\/stacatarina.mx\/consejos\/el-barrio-en-el-que-vives-puede-hacerte-envejecer-mas-rapido-asi-es-como\/"},"wordCount":774,"publisher":{"@id":"https:\/\/stacatarina.mx\/consejos\/#organization"},"image":{"@id":"https:\/\/stacatarina.mx\/consejos\/el-barrio-en-el-que-vives-puede-hacerte-envejecer-mas-rapido-asi-es-como\/#primaryimage"},"thumbnailUrl":"https:\/\/stacatarina.mx\/consejos\/wp-content\/uploads\/2026\/04\/El-barrio-en-el-que-vives-puede-hacerte-envejecer-mas.jpg","keywords":["as\u00ed","barrio","c\u00f3mo","envejecer","hacerte","m\u00e1s","puede","r\u00e1pido","vives"],"articleSection":["Salud"],"inLanguage":"es"},{"@type":"WebPage","@id":"https:\/\/stacatarina.mx\/consejos\/el-barrio-en-el-que-vives-puede-hacerte-envejecer-mas-rapido-asi-es-como\/","url":"https:\/\/stacatarina.mx\/consejos\/el-barrio-en-el-que-vives-puede-hacerte-envejecer-mas-rapido-asi-es-como\/","name":"El barrio en el que vives puede hacerte envejecer m\u00e1s r\u00e1pido: as\u00ed es como - Consejos - Santa Catarina","isPartOf":{"@id":"https:\/\/stacatarina.mx\/consejos\/#website"},"primaryImageOfPage":{"@id":"https:\/\/stacatarina.mx\/consejos\/el-barrio-en-el-que-vives-puede-hacerte-envejecer-mas-rapido-asi-es-como\/#primaryimage"},"image":{"@id":"https:\/\/stacatarina.mx\/consejos\/el-barrio-en-el-que-vives-puede-hacerte-envejecer-mas-rapido-asi-es-como\/#primaryimage"},"thumbnailUrl":"https:\/\/stacatarina.mx\/consejos\/wp-content\/uploads\/2026\/04\/El-barrio-en-el-que-vives-puede-hacerte-envejecer-mas.jpg","datePublished":"2026-04-08T22:52:41+00:00","dateModified":"2026-04-08T22:52:43+00:00","breadcrumb":{"@id":"https:\/\/stacatarina.mx\/consejos\/el-barrio-en-el-que-vives-puede-hacerte-envejecer-mas-rapido-asi-es-como\/#breadcrumb"},"inLanguage":"es","potentialAction":[{"@type":"ReadAction","target":["https:\/\/stacatarina.mx\/consejos\/el-barrio-en-el-que-vives-puede-hacerte-envejecer-mas-rapido-asi-es-como\/"]}]},{"@type":"ImageObject","inLanguage":"es","@id":"https:\/\/stacatarina.mx\/consejos\/el-barrio-en-el-que-vives-puede-hacerte-envejecer-mas-rapido-asi-es-como\/#primaryimage","url":"https:\/\/stacatarina.mx\/consejos\/wp-content\/uploads\/2026\/04\/El-barrio-en-el-que-vives-puede-hacerte-envejecer-mas.jpg","contentUrl":"https:\/\/stacatarina.mx\/consejos\/wp-content\/uploads\/2026\/04\/El-barrio-en-el-que-vives-puede-hacerte-envejecer-mas.jpg","width":1500,"height":1000,"caption":"quartiere e invecchiamento"},{"@type":"BreadcrumbList","@id":"https:\/\/stacatarina.mx\/consejos\/el-barrio-en-el-que-vives-puede-hacerte-envejecer-mas-rapido-asi-es-como\/#breadcrumb","itemListElement":[{"@type":"ListItem","position":1,"name":"Inicio","item":"https:\/\/stacatarina.mx\/consejos\/"},{"@type":"ListItem","position":2,"name":"El barrio en el que vives puede hacerte envejecer m\u00e1s r\u00e1pido: as\u00ed es como"}]},{"@type":"WebSite","@id":"https:\/\/stacatarina.mx\/consejos\/#website","url":"https:\/\/stacatarina.mx\/consejos\/","name":"Santa Catarina","description":"","publisher":{"@id":"https:\/\/stacatarina.mx\/consejos\/#organization"},"potentialAction":[{"@type":"SearchAction","target":{"@type":"EntryPoint","urlTemplate":"https:\/\/stacatarina.mx\/consejos\/?s={search_term_string}"},"query-input":{"@type":"PropertyValueSpecification","valueRequired":true,"valueName":"search_term_string"}}],"inLanguage":"es"},{"@type":"Organization","@id":"https:\/\/stacatarina.mx\/consejos\/#organization","name":"Santa Catarina","url":"https:\/\/stacatarina.mx\/consejos\/","logo":{"@type":"ImageObject","inLanguage":"es","@id":"https:\/\/stacatarina.mx\/consejos\/#\/schema\/logo\/image\/","url":"https:\/\/stacatarina.mx\/consejos\/wp-content\/uploads\/2024\/09\/cropped-favicon-1-1.png","contentUrl":"https:\/\/stacatarina.mx\/consejos\/wp-content\/uploads\/2024\/09\/cropped-favicon-1-1.png","width":512,"height":512,"caption":"Santa Catarina"},"image":{"@id":"https:\/\/stacatarina.mx\/consejos\/#\/schema\/logo\/image\/"},"sameAs":["https:\/\/www.facebook.com\/stacatarinagob\/","https:\/\/x.com\/stacatarinagob","https:\/\/www.instagram.com\/stacatarinagob\/","https:\/\/www.youtube.com\/channel\/UCK-6cQJL_904665N1_nLTWw"]},{"@type":"Person","@id":"https:\/\/stacatarina.mx\/consejos\/#\/schema\/person\/0be60adffa8e4c4d0828fdf021450e8a","name":"Pedro Mart\u00ednez","image":{"@type":"ImageObject","inLanguage":"es","@id":"https:\/\/stacatarina.mx\/consejos\/#\/schema\/person\/image\/","url":"https:\/\/stacatarina.mx\/consejos\/wp-content\/uploads\/2024\/09\/stacatarina.jpg","contentUrl":"https:\/\/stacatarina.mx\/consejos\/wp-content\/uploads\/2024\/09\/stacatarina.jpg","caption":"Pedro Mart\u00ednez"},"description":"Hola, soy Pedro Mart\u00ednez, redactor jefe del sitio oficial del ayuntamiento de Santa Catarina, en M\u00e9xico. Con m\u00e1s de diez a\u00f1os de experiencia en el periodismo local, tengo una pasi\u00f3n por la investigaci\u00f3n y la difusi\u00f3n de informaci\u00f3n que valoriza nuestra hermosa comunidad. Mi compromiso es hacer de Santa Catarina una referencia en materia de transparencia y comunicaci\u00f3n municipal.","sameAs":["https:\/\/stacatarina.mx\/"]}]}},"_links":{"self":[{"href":"https:\/\/stacatarina.mx\/consejos\/wp-json\/wp\/v2\/posts\/8624"}],"collection":[{"href":"https:\/\/stacatarina.mx\/consejos\/wp-json\/wp\/v2\/posts"}],"about":[{"href":"https:\/\/stacatarina.mx\/consejos\/wp-json\/wp\/v2\/types\/post"}],"author":[{"embeddable":true,"href":"https:\/\/stacatarina.mx\/consejos\/wp-json\/wp\/v2\/users\/1"}],"replies":[{"embeddable":true,"href":"https:\/\/stacatarina.mx\/consejos\/wp-json\/wp\/v2\/comments?post=8624"}],"version-history":[{"count":1,"href":"https:\/\/stacatarina.mx\/consejos\/wp-json\/wp\/v2\/posts\/8624\/revisions"}],"predecessor-version":[{"id":8626,"href":"https:\/\/stacatarina.mx\/consejos\/wp-json\/wp\/v2\/posts\/8624\/revisions\/8626"}],"wp:featuredmedia":[{"embeddable":true,"href":"https:\/\/stacatarina.mx\/consejos\/wp-json\/wp\/v2\/media\/8625"}],"wp:attachment":[{"href":"https:\/\/stacatarina.mx\/consejos\/wp-json\/wp\/v2\/media?parent=8624"}],"wp:term":[{"taxonomy":"category","embeddable":true,"href":"https:\/\/stacatarina.mx\/consejos\/wp-json\/wp\/v2\/categories?post=8624"},{"taxonomy":"post_tag","embeddable":true,"href":"https:\/\/stacatarina.mx\/consejos\/wp-json\/wp\/v2\/tags?post=8624"}],"curies":[{"name":"wp","href":"https:\/\/api.w.org\/{rel}","templated":true}]}}