{"id":8627,"date":"2026-04-08T19:52:29","date_gmt":"2026-04-09T01:52:29","guid":{"rendered":"https:\/\/stacatarina.mx\/consejos\/nombrar-la-naturaleza-un-gabinete-de-curiosidades-naturales-para-los-amantes-de-las-palabras-por-ta-barron\/"},"modified":"2026-04-08T19:52:31","modified_gmt":"2026-04-09T01:52:31","slug":"nombrar-la-naturaleza-un-gabinete-de-curiosidades-naturales-para-los-amantes-de-las-palabras-por-ta-barron","status":"publish","type":"post","link":"https:\/\/stacatarina.mx\/consejos\/nombrar-la-naturaleza-un-gabinete-de-curiosidades-naturales-para-los-amantes-de-las-palabras-por-ta-barron\/","title":{"rendered":"Nombrar la naturaleza: un gabinete de curiosidades naturales para los amantes de las palabras por TA Barron"},"content":{"rendered":"<div class=\"entry-content\">\n<p><strong><em>Un viaje l\u00edrico a trav\u00e9s de los lenguajes del mundo que revela c\u00f3mo la humanidad ha nombrado (y ha sido moldeada por) el mundo natural, completo con exquisitas obras de arte de archivo de obras cl\u00e1sicas de historia natural.<\/em><\/strong><\/p>\n<h4 class=\"wp-block-heading\">\u201cUN LIBRO GLORIOSO\u201d \u2013 Dra. Jane Goodall<\/h4>\n<figure class=\"wp-block-image size-full\"><\/figure>\n<p>Del autor m\u00e1s vendido del New York Times, TA Barron, llega esta fascinante exploraci\u00f3n de c\u00f3mo las culturas humanas a lo largo del tiempo y la geograf\u00eda han descrito los animales y las plantas que las rodean. Desde lo po\u00e9tico hasta lo pr\u00e1ctico, desde lo reverente hasta lo ingenioso, cada lenguaje contiene ideas \u00fanicas sobre c\u00f3mo percibimos y nos relacionamos con la naturaleza.<\/p>\n<p>Bas\u00e1ndose en la etimolog\u00eda, el folclore y los matices ling\u00fc\u00edsticos, este volumen ricamente ilustrado<br \/>descubre los significados detr\u00e1s de los nombres que damos a los animales y las plantas, como el nombre croata de la lib\u00e9lula, &#8220;vilin konjic&#8221;, que significa &#8220;caballo de hadas&#8221;. Los mapuches de Am\u00e9rica del Sur conocen a las golondrinas como \u201cpilmaiquen\u201d, o \u201cesp\u00edritus que vuelan\u201d, mientras que la palabra zul\u00fa para elefante, \u201cindlovu\u201d, refleja el poder imparable del animal. Ya sea que tengan sus ra\u00edces en la mitolog\u00eda, la supervivencia o el asombro, estas palabras revelan la profunda interconexi\u00f3n entre el lenguaje y nuestro mundo natural.<\/p>\n<p>Con magn\u00edficas ilustraciones procedentes de naturalistas de renombre como John Gould, Naming Nature es una celebraci\u00f3n de la diversidad cultural y ecol\u00f3gica, y de las muchas formas en que la hemos interpretado. Naming Nature es un hermoso libro de regalo para los amantes de la naturaleza, los entusiastas de las palabras y cualquier persona que sienta curiosidad por la forma en que hablamos de la naturaleza.<\/p>\n<p><em>&#8220;TA Barron aporta su gran don para la escritura y su profundo amor por la naturaleza a este espectacular libro. Nos lleva a un viaje magn\u00edfico hacia nuestra relaci\u00f3n con la naturaleza, iluminado por los nombres que damos a las criaturas m\u00e1s maravillosas de nuestro mundo&#8221;.<\/em><\/p>\n<p><strong>CARTER ROBERTOS<br \/>Presidente y director ejecutivo de World Wildlife Fund, EE. UU.<\/strong><\/p>\n<hr class=\"wp-block-separator has-alpha-channel-opacity\">\n<p><strong>Sobre el autor<br \/><\/strong>TA Barron es un conservacionista apasionado y autor de bestsellers del New York Times. Ha ganado varios premios literarios, incluido el Gran Premio Nautilus y el Medall\u00f3n de Grummond, y su popular serie infantil The Merlin Saga se est\u00e1 adaptando actualmente como pel\u00edcula de Disney. El amor de toda la vida de Barron por el mundo natural lo ha llevado a fundar varias iniciativas para fomentar la conciencia ambiental, incluidas becas en derecho ambiental en la Universidad de Harvard y un fondo de investigaci\u00f3n de biodiversidad. Nacido en Massachusetts, estudi\u00f3 en Princeton, Oxford y Harvard antes de mudarse a Colorado, donde ahora vive con su familia.<\/p>\n<hr class=\"wp-block-separator has-alpha-channel-opacity\">\n<p>Naming Nature por TA Barron (\u00a3 18,99, Riverside Press) publicado el 9 de abril de 2026.<br \/>ISBN: 9781917226356<br \/>Precio: \u00a318.99<br \/>Formato: tapa dura<br \/>Fecha de publicaci\u00f3n: 9 de abril de 2026<\/p>\n<\/p><\/div>\n","protected":false},"excerpt":{"rendered":"<p>Un viaje l\u00edrico a trav\u00e9s de los lenguajes del mundo que revela c\u00f3mo la humanidad ha nombrado (y ha sido moldeada por) el mundo natural,<\/p>\n","protected":false},"author":1,"featured_media":8628,"comment_status":"closed","ping_status":"","sticky":false,"template":"","format":"standard","meta":{"footnotes":""},"categories":[68],"tags":[2052,8404,8403,8402,34,62,1533,245,8401,1316,29,112],"class_list":["post-8627","post","type-post","status-publish","format-standard","has-post-thumbnail","hentry","category-fauna-y-flora","tag-amantes","tag-barron","tag-curiosidades","tag-gabinete","tag-las","tag-los","tag-naturales","tag-naturaleza","tag-nombrar","tag-palabras","tag-para","tag-por","generate-columns","tablet-grid-50","mobile-grid-100","grid-parent","grid-50"],"yoast_head":"<!-- This site is optimized with the Yoast SEO plugin v23.4 - https:\/\/yoast.com\/wordpress\/plugins\/seo\/ -->\n<title>Nombrar la naturaleza: un gabinete de curiosidades naturales para los amantes de las palabras por TA Barron - Consejos - Santa Catarina<\/title>\n<meta name=\"robots\" content=\"index, follow, max-snippet:-1, max-image-preview:large, max-video-preview:-1\" \/>\n<link rel=\"canonical\" href=\"https:\/\/stacatarina.mx\/consejos\/nombrar-la-naturaleza-un-gabinete-de-curiosidades-naturales-para-los-amantes-de-las-palabras-por-ta-barron\/\" \/>\n<meta property=\"og:locale\" content=\"es_MX\" \/>\n<meta property=\"og:type\" content=\"article\" \/>\n<meta property=\"og:title\" content=\"Nombrar la naturaleza: un gabinete de curiosidades naturales para los amantes de las palabras por TA Barron - Consejos - Santa Catarina\" \/>\n<meta property=\"og:description\" content=\"Un viaje l\u00edrico a trav\u00e9s de los lenguajes del mundo que revela c\u00f3mo la humanidad ha nombrado (y ha sido moldeada por) el mundo natural,\" \/>\n<meta property=\"og:url\" content=\"https:\/\/stacatarina.mx\/consejos\/nombrar-la-naturaleza-un-gabinete-de-curiosidades-naturales-para-los-amantes-de-las-palabras-por-ta-barron\/\" \/>\n<meta property=\"og:site_name\" content=\"Santa Catarina\" \/>\n<meta property=\"article:publisher\" content=\"https:\/\/www.facebook.com\/stacatarinagob\/\" \/>\n<meta property=\"article:published_time\" content=\"2026-04-09T01:52:29+00:00\" \/>\n<meta property=\"article:modified_time\" content=\"2026-04-09T01:52:31+00:00\" \/>\n<meta property=\"og:image\" content=\"https:\/\/stacatarina.mx\/consejos\/wp-content\/uploads\/2026\/04\/Nombrar-la-naturaleza-un-gabinete-de-curiosidades-naturales-para-los.jpeg\" \/>\n\t<meta property=\"og:image:width\" content=\"250\" \/>\n\t<meta property=\"og:image:height\" content=\"392\" \/>\n\t<meta property=\"og:image:type\" content=\"image\/jpeg\" \/>\n<meta name=\"author\" content=\"Pedro Mart\u00ednez\" \/>\n<meta name=\"twitter:card\" content=\"summary_large_image\" \/>\n<meta name=\"twitter:creator\" content=\"@stacatarinagob\" \/>\n<meta name=\"twitter:site\" content=\"@stacatarinagob\" \/>\n<meta name=\"twitter:label1\" content=\"Escrito por\" \/>\n\t<meta name=\"twitter:data1\" content=\"Pedro Mart\u00ednez\" \/>\n\t<meta name=\"twitter:label2\" content=\"Tiempo de lectura\" \/>\n\t<meta name=\"twitter:data2\" content=\"2 minutos\" \/>\n<script type=\"application\/ld+json\" class=\"yoast-schema-graph\">{\"@context\":\"https:\/\/schema.org\",\"@graph\":[{\"@type\":\"Article\",\"@id\":\"https:\/\/stacatarina.mx\/consejos\/nombrar-la-naturaleza-un-gabinete-de-curiosidades-naturales-para-los-amantes-de-las-palabras-por-ta-barron\/#article\",\"isPartOf\":{\"@id\":\"https:\/\/stacatarina.mx\/consejos\/nombrar-la-naturaleza-un-gabinete-de-curiosidades-naturales-para-los-amantes-de-las-palabras-por-ta-barron\/\"},\"author\":{\"name\":\"Pedro Mart\u00ednez\",\"@id\":\"https:\/\/stacatarina.mx\/consejos\/#\/schema\/person\/0be60adffa8e4c4d0828fdf021450e8a\"},\"headline\":\"Nombrar la naturaleza: un gabinete de curiosidades naturales para los amantes de las palabras por TA Barron\",\"datePublished\":\"2026-04-09T01:52:29+00:00\",\"dateModified\":\"2026-04-09T01:52:31+00:00\",\"mainEntityOfPage\":{\"@id\":\"https:\/\/stacatarina.mx\/consejos\/nombrar-la-naturaleza-un-gabinete-de-curiosidades-naturales-para-los-amantes-de-las-palabras-por-ta-barron\/\"},\"wordCount\":509,\"publisher\":{\"@id\":\"https:\/\/stacatarina.mx\/consejos\/#organization\"},\"image\":{\"@id\":\"https:\/\/stacatarina.mx\/consejos\/nombrar-la-naturaleza-un-gabinete-de-curiosidades-naturales-para-los-amantes-de-las-palabras-por-ta-barron\/#primaryimage\"},\"thumbnailUrl\":\"https:\/\/stacatarina.mx\/consejos\/wp-content\/uploads\/2026\/04\/Nombrar-la-naturaleza-un-gabinete-de-curiosidades-naturales-para-los.jpeg\",\"keywords\":[\"amantes\",\"Barron\",\"curiosidades\",\"gabinete\",\"Las\",\"los\",\"naturales\",\"naturaleza\",\"Nombrar\",\"palabras\",\"para\",\"por\"],\"articleSection\":[\"Fauna y Flora\"],\"inLanguage\":\"es\"},{\"@type\":\"WebPage\",\"@id\":\"https:\/\/stacatarina.mx\/consejos\/nombrar-la-naturaleza-un-gabinete-de-curiosidades-naturales-para-los-amantes-de-las-palabras-por-ta-barron\/\",\"url\":\"https:\/\/stacatarina.mx\/consejos\/nombrar-la-naturaleza-un-gabinete-de-curiosidades-naturales-para-los-amantes-de-las-palabras-por-ta-barron\/\",\"name\":\"Nombrar la naturaleza: un gabinete de curiosidades naturales para los amantes de las palabras por TA Barron - Consejos - Santa Catarina\",\"isPartOf\":{\"@id\":\"https:\/\/stacatarina.mx\/consejos\/#website\"},\"primaryImageOfPage\":{\"@id\":\"https:\/\/stacatarina.mx\/consejos\/nombrar-la-naturaleza-un-gabinete-de-curiosidades-naturales-para-los-amantes-de-las-palabras-por-ta-barron\/#primaryimage\"},\"image\":{\"@id\":\"https:\/\/stacatarina.mx\/consejos\/nombrar-la-naturaleza-un-gabinete-de-curiosidades-naturales-para-los-amantes-de-las-palabras-por-ta-barron\/#primaryimage\"},\"thumbnailUrl\":\"https:\/\/stacatarina.mx\/consejos\/wp-content\/uploads\/2026\/04\/Nombrar-la-naturaleza-un-gabinete-de-curiosidades-naturales-para-los.jpeg\",\"datePublished\":\"2026-04-09T01:52:29+00:00\",\"dateModified\":\"2026-04-09T01:52:31+00:00\",\"breadcrumb\":{\"@id\":\"https:\/\/stacatarina.mx\/consejos\/nombrar-la-naturaleza-un-gabinete-de-curiosidades-naturales-para-los-amantes-de-las-palabras-por-ta-barron\/#breadcrumb\"},\"inLanguage\":\"es\",\"potentialAction\":[{\"@type\":\"ReadAction\",\"target\":[\"https:\/\/stacatarina.mx\/consejos\/nombrar-la-naturaleza-un-gabinete-de-curiosidades-naturales-para-los-amantes-de-las-palabras-por-ta-barron\/\"]}]},{\"@type\":\"ImageObject\",\"inLanguage\":\"es\",\"@id\":\"https:\/\/stacatarina.mx\/consejos\/nombrar-la-naturaleza-un-gabinete-de-curiosidades-naturales-para-los-amantes-de-las-palabras-por-ta-barron\/#primaryimage\",\"url\":\"https:\/\/stacatarina.mx\/consejos\/wp-content\/uploads\/2026\/04\/Nombrar-la-naturaleza-un-gabinete-de-curiosidades-naturales-para-los.jpeg\",\"contentUrl\":\"https:\/\/stacatarina.mx\/consejos\/wp-content\/uploads\/2026\/04\/Nombrar-la-naturaleza-un-gabinete-de-curiosidades-naturales-para-los.jpeg\",\"width\":250,\"height\":392,\"caption\":\"Naming Nature\"},{\"@type\":\"BreadcrumbList\",\"@id\":\"https:\/\/stacatarina.mx\/consejos\/nombrar-la-naturaleza-un-gabinete-de-curiosidades-naturales-para-los-amantes-de-las-palabras-por-ta-barron\/#breadcrumb\",\"itemListElement\":[{\"@type\":\"ListItem\",\"position\":1,\"name\":\"Inicio\",\"item\":\"https:\/\/stacatarina.mx\/consejos\/\"},{\"@type\":\"ListItem\",\"position\":2,\"name\":\"Nombrar la naturaleza: un gabinete de curiosidades naturales para los amantes de las palabras por TA Barron\"}]},{\"@type\":\"WebSite\",\"@id\":\"https:\/\/stacatarina.mx\/consejos\/#website\",\"url\":\"https:\/\/stacatarina.mx\/consejos\/\",\"name\":\"Santa Catarina\",\"description\":\"\",\"publisher\":{\"@id\":\"https:\/\/stacatarina.mx\/consejos\/#organization\"},\"potentialAction\":[{\"@type\":\"SearchAction\",\"target\":{\"@type\":\"EntryPoint\",\"urlTemplate\":\"https:\/\/stacatarina.mx\/consejos\/?s={search_term_string}\"},\"query-input\":{\"@type\":\"PropertyValueSpecification\",\"valueRequired\":true,\"valueName\":\"search_term_string\"}}],\"inLanguage\":\"es\"},{\"@type\":\"Organization\",\"@id\":\"https:\/\/stacatarina.mx\/consejos\/#organization\",\"name\":\"Santa Catarina\",\"url\":\"https:\/\/stacatarina.mx\/consejos\/\",\"logo\":{\"@type\":\"ImageObject\",\"inLanguage\":\"es\",\"@id\":\"https:\/\/stacatarina.mx\/consejos\/#\/schema\/logo\/image\/\",\"url\":\"https:\/\/stacatarina.mx\/consejos\/wp-content\/uploads\/2024\/09\/cropped-favicon-1-1.png\",\"contentUrl\":\"https:\/\/stacatarina.mx\/consejos\/wp-content\/uploads\/2024\/09\/cropped-favicon-1-1.png\",\"width\":512,\"height\":512,\"caption\":\"Santa Catarina\"},\"image\":{\"@id\":\"https:\/\/stacatarina.mx\/consejos\/#\/schema\/logo\/image\/\"},\"sameAs\":[\"https:\/\/www.facebook.com\/stacatarinagob\/\",\"https:\/\/x.com\/stacatarinagob\",\"https:\/\/www.instagram.com\/stacatarinagob\/\",\"https:\/\/www.youtube.com\/channel\/UCK-6cQJL_904665N1_nLTWw\"]},{\"@type\":\"Person\",\"@id\":\"https:\/\/stacatarina.mx\/consejos\/#\/schema\/person\/0be60adffa8e4c4d0828fdf021450e8a\",\"name\":\"Pedro Mart\u00ednez\",\"image\":{\"@type\":\"ImageObject\",\"inLanguage\":\"es\",\"@id\":\"https:\/\/stacatarina.mx\/consejos\/#\/schema\/person\/image\/\",\"url\":\"https:\/\/stacatarina.mx\/consejos\/wp-content\/uploads\/2024\/09\/stacatarina.jpg\",\"contentUrl\":\"https:\/\/stacatarina.mx\/consejos\/wp-content\/uploads\/2024\/09\/stacatarina.jpg\",\"caption\":\"Pedro Mart\u00ednez\"},\"description\":\"Hola, soy Pedro Mart\u00ednez, redactor jefe del sitio oficial del ayuntamiento de Santa Catarina, en M\u00e9xico. Con m\u00e1s de diez a\u00f1os de experiencia en el periodismo local, tengo una pasi\u00f3n por la investigaci\u00f3n y la difusi\u00f3n de informaci\u00f3n que valoriza nuestra hermosa comunidad. Mi compromiso es hacer de Santa Catarina una referencia en materia de transparencia y comunicaci\u00f3n municipal.\",\"sameAs\":[\"https:\/\/stacatarina.mx\/\"]}]}<\/script>\n<!-- \/ Yoast SEO plugin. -->","yoast_head_json":{"title":"Nombrar la naturaleza: un gabinete de curiosidades naturales para los amantes de las palabras por TA Barron - Consejos - Santa Catarina","robots":{"index":"index","follow":"follow","max-snippet":"max-snippet:-1","max-image-preview":"max-image-preview:large","max-video-preview":"max-video-preview:-1"},"canonical":"https:\/\/stacatarina.mx\/consejos\/nombrar-la-naturaleza-un-gabinete-de-curiosidades-naturales-para-los-amantes-de-las-palabras-por-ta-barron\/","og_locale":"es_MX","og_type":"article","og_title":"Nombrar la naturaleza: un gabinete de curiosidades naturales para los amantes de las palabras por TA Barron - Consejos - Santa Catarina","og_description":"Un viaje l\u00edrico a trav\u00e9s de los lenguajes del mundo que revela c\u00f3mo la humanidad ha nombrado (y ha sido moldeada por) el mundo natural,","og_url":"https:\/\/stacatarina.mx\/consejos\/nombrar-la-naturaleza-un-gabinete-de-curiosidades-naturales-para-los-amantes-de-las-palabras-por-ta-barron\/","og_site_name":"Santa Catarina","article_publisher":"https:\/\/www.facebook.com\/stacatarinagob\/","article_published_time":"2026-04-09T01:52:29+00:00","article_modified_time":"2026-04-09T01:52:31+00:00","og_image":[{"width":250,"height":392,"url":"https:\/\/stacatarina.mx\/consejos\/wp-content\/uploads\/2026\/04\/Nombrar-la-naturaleza-un-gabinete-de-curiosidades-naturales-para-los.jpeg","type":"image\/jpeg"}],"author":"Pedro Mart\u00ednez","twitter_card":"summary_large_image","twitter_creator":"@stacatarinagob","twitter_site":"@stacatarinagob","twitter_misc":{"Escrito por":"Pedro Mart\u00ednez","Tiempo de lectura":"2 minutos"},"schema":{"@context":"https:\/\/schema.org","@graph":[{"@type":"Article","@id":"https:\/\/stacatarina.mx\/consejos\/nombrar-la-naturaleza-un-gabinete-de-curiosidades-naturales-para-los-amantes-de-las-palabras-por-ta-barron\/#article","isPartOf":{"@id":"https:\/\/stacatarina.mx\/consejos\/nombrar-la-naturaleza-un-gabinete-de-curiosidades-naturales-para-los-amantes-de-las-palabras-por-ta-barron\/"},"author":{"name":"Pedro Mart\u00ednez","@id":"https:\/\/stacatarina.mx\/consejos\/#\/schema\/person\/0be60adffa8e4c4d0828fdf021450e8a"},"headline":"Nombrar la naturaleza: un gabinete de curiosidades naturales para los amantes de las palabras por TA Barron","datePublished":"2026-04-09T01:52:29+00:00","dateModified":"2026-04-09T01:52:31+00:00","mainEntityOfPage":{"@id":"https:\/\/stacatarina.mx\/consejos\/nombrar-la-naturaleza-un-gabinete-de-curiosidades-naturales-para-los-amantes-de-las-palabras-por-ta-barron\/"},"wordCount":509,"publisher":{"@id":"https:\/\/stacatarina.mx\/consejos\/#organization"},"image":{"@id":"https:\/\/stacatarina.mx\/consejos\/nombrar-la-naturaleza-un-gabinete-de-curiosidades-naturales-para-los-amantes-de-las-palabras-por-ta-barron\/#primaryimage"},"thumbnailUrl":"https:\/\/stacatarina.mx\/consejos\/wp-content\/uploads\/2026\/04\/Nombrar-la-naturaleza-un-gabinete-de-curiosidades-naturales-para-los.jpeg","keywords":["amantes","Barron","curiosidades","gabinete","Las","los","naturales","naturaleza","Nombrar","palabras","para","por"],"articleSection":["Fauna y Flora"],"inLanguage":"es"},{"@type":"WebPage","@id":"https:\/\/stacatarina.mx\/consejos\/nombrar-la-naturaleza-un-gabinete-de-curiosidades-naturales-para-los-amantes-de-las-palabras-por-ta-barron\/","url":"https:\/\/stacatarina.mx\/consejos\/nombrar-la-naturaleza-un-gabinete-de-curiosidades-naturales-para-los-amantes-de-las-palabras-por-ta-barron\/","name":"Nombrar la naturaleza: un gabinete de curiosidades naturales para los amantes de las palabras por TA Barron - Consejos - Santa Catarina","isPartOf":{"@id":"https:\/\/stacatarina.mx\/consejos\/#website"},"primaryImageOfPage":{"@id":"https:\/\/stacatarina.mx\/consejos\/nombrar-la-naturaleza-un-gabinete-de-curiosidades-naturales-para-los-amantes-de-las-palabras-por-ta-barron\/#primaryimage"},"image":{"@id":"https:\/\/stacatarina.mx\/consejos\/nombrar-la-naturaleza-un-gabinete-de-curiosidades-naturales-para-los-amantes-de-las-palabras-por-ta-barron\/#primaryimage"},"thumbnailUrl":"https:\/\/stacatarina.mx\/consejos\/wp-content\/uploads\/2026\/04\/Nombrar-la-naturaleza-un-gabinete-de-curiosidades-naturales-para-los.jpeg","datePublished":"2026-04-09T01:52:29+00:00","dateModified":"2026-04-09T01:52:31+00:00","breadcrumb":{"@id":"https:\/\/stacatarina.mx\/consejos\/nombrar-la-naturaleza-un-gabinete-de-curiosidades-naturales-para-los-amantes-de-las-palabras-por-ta-barron\/#breadcrumb"},"inLanguage":"es","potentialAction":[{"@type":"ReadAction","target":["https:\/\/stacatarina.mx\/consejos\/nombrar-la-naturaleza-un-gabinete-de-curiosidades-naturales-para-los-amantes-de-las-palabras-por-ta-barron\/"]}]},{"@type":"ImageObject","inLanguage":"es","@id":"https:\/\/stacatarina.mx\/consejos\/nombrar-la-naturaleza-un-gabinete-de-curiosidades-naturales-para-los-amantes-de-las-palabras-por-ta-barron\/#primaryimage","url":"https:\/\/stacatarina.mx\/consejos\/wp-content\/uploads\/2026\/04\/Nombrar-la-naturaleza-un-gabinete-de-curiosidades-naturales-para-los.jpeg","contentUrl":"https:\/\/stacatarina.mx\/consejos\/wp-content\/uploads\/2026\/04\/Nombrar-la-naturaleza-un-gabinete-de-curiosidades-naturales-para-los.jpeg","width":250,"height":392,"caption":"Naming Nature"},{"@type":"BreadcrumbList","@id":"https:\/\/stacatarina.mx\/consejos\/nombrar-la-naturaleza-un-gabinete-de-curiosidades-naturales-para-los-amantes-de-las-palabras-por-ta-barron\/#breadcrumb","itemListElement":[{"@type":"ListItem","position":1,"name":"Inicio","item":"https:\/\/stacatarina.mx\/consejos\/"},{"@type":"ListItem","position":2,"name":"Nombrar la naturaleza: un gabinete de curiosidades naturales para los amantes de las palabras por TA Barron"}]},{"@type":"WebSite","@id":"https:\/\/stacatarina.mx\/consejos\/#website","url":"https:\/\/stacatarina.mx\/consejos\/","name":"Santa Catarina","description":"","publisher":{"@id":"https:\/\/stacatarina.mx\/consejos\/#organization"},"potentialAction":[{"@type":"SearchAction","target":{"@type":"EntryPoint","urlTemplate":"https:\/\/stacatarina.mx\/consejos\/?s={search_term_string}"},"query-input":{"@type":"PropertyValueSpecification","valueRequired":true,"valueName":"search_term_string"}}],"inLanguage":"es"},{"@type":"Organization","@id":"https:\/\/stacatarina.mx\/consejos\/#organization","name":"Santa Catarina","url":"https:\/\/stacatarina.mx\/consejos\/","logo":{"@type":"ImageObject","inLanguage":"es","@id":"https:\/\/stacatarina.mx\/consejos\/#\/schema\/logo\/image\/","url":"https:\/\/stacatarina.mx\/consejos\/wp-content\/uploads\/2024\/09\/cropped-favicon-1-1.png","contentUrl":"https:\/\/stacatarina.mx\/consejos\/wp-content\/uploads\/2024\/09\/cropped-favicon-1-1.png","width":512,"height":512,"caption":"Santa Catarina"},"image":{"@id":"https:\/\/stacatarina.mx\/consejos\/#\/schema\/logo\/image\/"},"sameAs":["https:\/\/www.facebook.com\/stacatarinagob\/","https:\/\/x.com\/stacatarinagob","https:\/\/www.instagram.com\/stacatarinagob\/","https:\/\/www.youtube.com\/channel\/UCK-6cQJL_904665N1_nLTWw"]},{"@type":"Person","@id":"https:\/\/stacatarina.mx\/consejos\/#\/schema\/person\/0be60adffa8e4c4d0828fdf021450e8a","name":"Pedro Mart\u00ednez","image":{"@type":"ImageObject","inLanguage":"es","@id":"https:\/\/stacatarina.mx\/consejos\/#\/schema\/person\/image\/","url":"https:\/\/stacatarina.mx\/consejos\/wp-content\/uploads\/2024\/09\/stacatarina.jpg","contentUrl":"https:\/\/stacatarina.mx\/consejos\/wp-content\/uploads\/2024\/09\/stacatarina.jpg","caption":"Pedro Mart\u00ednez"},"description":"Hola, soy Pedro Mart\u00ednez, redactor jefe del sitio oficial del ayuntamiento de Santa Catarina, en M\u00e9xico. Con m\u00e1s de diez a\u00f1os de experiencia en el periodismo local, tengo una pasi\u00f3n por la investigaci\u00f3n y la difusi\u00f3n de informaci\u00f3n que valoriza nuestra hermosa comunidad. Mi compromiso es hacer de Santa Catarina una referencia en materia de transparencia y comunicaci\u00f3n municipal.","sameAs":["https:\/\/stacatarina.mx\/"]}]}},"_links":{"self":[{"href":"https:\/\/stacatarina.mx\/consejos\/wp-json\/wp\/v2\/posts\/8627"}],"collection":[{"href":"https:\/\/stacatarina.mx\/consejos\/wp-json\/wp\/v2\/posts"}],"about":[{"href":"https:\/\/stacatarina.mx\/consejos\/wp-json\/wp\/v2\/types\/post"}],"author":[{"embeddable":true,"href":"https:\/\/stacatarina.mx\/consejos\/wp-json\/wp\/v2\/users\/1"}],"replies":[{"embeddable":true,"href":"https:\/\/stacatarina.mx\/consejos\/wp-json\/wp\/v2\/comments?post=8627"}],"version-history":[{"count":1,"href":"https:\/\/stacatarina.mx\/consejos\/wp-json\/wp\/v2\/posts\/8627\/revisions"}],"predecessor-version":[{"id":8629,"href":"https:\/\/stacatarina.mx\/consejos\/wp-json\/wp\/v2\/posts\/8627\/revisions\/8629"}],"wp:featuredmedia":[{"embeddable":true,"href":"https:\/\/stacatarina.mx\/consejos\/wp-json\/wp\/v2\/media\/8628"}],"wp:attachment":[{"href":"https:\/\/stacatarina.mx\/consejos\/wp-json\/wp\/v2\/media?parent=8627"}],"wp:term":[{"taxonomy":"category","embeddable":true,"href":"https:\/\/stacatarina.mx\/consejos\/wp-json\/wp\/v2\/categories?post=8627"},{"taxonomy":"post_tag","embeddable":true,"href":"https:\/\/stacatarina.mx\/consejos\/wp-json\/wp\/v2\/tags?post=8627"}],"curies":[{"name":"wp","href":"https:\/\/api.w.org\/{rel}","templated":true}]}}