{"id":8630,"date":"2026-04-09T05:52:56","date_gmt":"2026-04-09T11:52:56","guid":{"rendered":"https:\/\/stacatarina.mx\/consejos\/europa-necesita-viviendas-asequibles-y-con-bajas-emisiones-de-carbono-asi-es-como-barcelona\/"},"modified":"2026-04-09T05:52:58","modified_gmt":"2026-04-09T11:52:58","slug":"europa-necesita-viviendas-asequibles-y-con-bajas-emisiones-de-carbono-asi-es-como-barcelona","status":"publish","type":"post","link":"https:\/\/stacatarina.mx\/consejos\/europa-necesita-viviendas-asequibles-y-con-bajas-emisiones-de-carbono-asi-es-como-barcelona\/","title":{"rendered":"Europa necesita viviendas asequibles y con bajas emisiones de carbono: as\u00ed es como Barcelona&#8230;"},"content":{"rendered":"<div class=\"entry-content\">\n<p>En toda Europa, la vivienda est\u00e1 en crisis.<\/p>\n<p>Las limitadas viviendas sociales y un aumento del 93% en los alquileres a corto plazo est\u00e1n haciendo subir los precios, mientras que los salarios se estancan, dejando a millones de personas sin poder permitirse una vivienda segura. M\u00e1s all\u00e1 de la actual crisis geopol\u00edtica, las temperaturas extremas siguen siendo responsables del aumento de las facturas de energ\u00eda. Dado que los edificios representan el 36% de las emisiones de CO\u2082 de la UE, Europa necesita ofrecer viviendas m\u00e1s eficientes energ\u00e9ticamente sin profundizar esta crisis social y medioambiental.<\/p>\n<p>En Espa\u00f1a, donde la vivienda social y asequible sigue estando por debajo del 3%, el desaf\u00edo es particularmente grave. Pero en toda Catalu\u00f1a, en el noreste de Espa\u00f1a, est\u00e1 surgiendo un sistema de vivienda alternativo: uno que reconoce la vivienda como un derecho humano, un pilar del Estado de bienestar y un camino para abordar la desigualdad y el cambio clim\u00e1tico.<\/p>\n<p>El sistema de vivienda espa\u00f1ol ha dependido durante mucho tiempo de la propiedad de la vivienda. Su escaso parque de viviendas sociales deja a las autoridades p\u00fablicas con un poder limitado para intervenir en caso de aumento de precios. Cuando la burbuja inmobiliaria espa\u00f1ola estall\u00f3 en 2008, dej\u00f3 al descubierto un sistema inmobiliario construido sobre la especulaci\u00f3n m\u00e1s que sobre la estabilidad. M\u00e1s de 3,4 millones de viviendas quedaron vac\u00edas y cientos de miles de familias fueron desalojadas.<\/p>\n<p>Los ecos de la crisis financiera a\u00fan resuenan hoy: el menor acceso a la propiedad de vivienda ha empujado a m\u00e1s hogares al mercado de alquiler, aumentando la presi\u00f3n sobre los alquileres. Las mismas fuerzas han visto a los inversores especulativos y a los lucrativos alquileres tur\u00edsticos desplazar a los residentes a largo plazo. En la d\u00e9cada de 2010, los costos de la vivienda aumentaron casi un 70%. En 2024, m\u00e1s de 27.564 hogares fueron desalojados en toda Espa\u00f1a y se estima que cada a\u00f1o unas 700.000 personas en toda Europa se vieron obligadas a abandonar sus hogares de forma involuntaria.<\/p>\n<p>Mientras tanto, el 80% de los inquilinos en Madrid y Barcelona reportan problemas graves con el estado de sus viviendas. Esto deja a un mayor n\u00famero de personas m\u00e1s expuestas a veranos m\u00e1s calurosos, inviernos m\u00e1s fr\u00edos y mayores facturas de energ\u00eda, mientras que los m\u00e1s pobres son los m\u00e1s expuestos a condiciones de construcci\u00f3n inadecuadas y costos energ\u00e9ticos crecientes. Si la transici\u00f3n hacia una econom\u00eda baja en carbono no aborda estos problemas sociales o exacerba las desigualdades socioecon\u00f3micas, fracasar\u00e1.<\/p>\n<p>En parte, una transici\u00f3n justa implica descarbonizar los edificios y el entorno urbano y, al mismo tiempo, mejorar las viviendas y la infraestructura existentes para fortalecer las comunidades en lugar de desplazarlas. Los programas de modernizaci\u00f3n energ\u00e9tica asequibles pueden reducir las emisiones de CO\u2082, abordar la pobreza energ\u00e9tica y abordar las desigualdades en salud. https:\/\/www.youtube.com\/embed\/B2fYD8AJJFw?wmode=transparent&#038;start=0 Un experto explica el concepto de transici\u00f3n justa en el r\u00e1pido diccionario clim\u00e1tico de The Conversation.<\/p>\n<p>La respuesta \u201cjusta\u201d de Catalu\u00f1a a su crisis inmobiliaria implica colaboraci\u00f3n. Las autoridades p\u00fablicas, los proveedores sin fines de lucro, las empresas y las cooperativas comparten la responsabilidad de construir y modernizar viviendas que sean asequibles, bajas en carbono y socialmente impactantes.<\/p>\n<p>En Barcelona, \u200b\u200bla Casa Bloc es un complejo de principios del siglo XX restaurado por la asociaci\u00f3n de vivienda sin \u00e1nimo de lucro H\u00e0bitat3. Los 17 apartamentos combinan caracter\u00edsticas de sostenibilidad, como ventanas de triple acristalamiento y una bomba de calor comunitaria, con apoyo social para familias vulnerables.<\/p>\n<figure class=\"wp-block-image\"><\/figure>\n<p>En Sitges, una ciudad costera al suroeste de Barcelona, \u200b\u200blos alquileres medios rondan los 18 euros (15 libras esterlinas) por metro cuadrado. Un plan de vivienda ecol\u00f3gica asequible incluye edificios con calificaci\u00f3n energ\u00e9tica AA y alquileres de s\u00f3lo 6 euros por metro cuadrado.<\/p>\n<p>Adela Barqu\u00edn, edificio de alquiler para mayores de 65 a\u00f1os, promueve el bienestar f\u00edsico y social incorporando principios de envejecimiento activo. Esto incluye dise\u00f1os bien planificados y de bajo mantenimiento que fomentan el movimiento y la actividad social. El edificio tambi\u00e9n utiliza sistemas pasivos de calefacci\u00f3n y refrigeraci\u00f3n de energ\u00eda ultrabaja que mantienen una temperatura interior confortable. Esto cuesta a los residentes s\u00f3lo 500 euros al mes, menos de la mitad del alquiler medio de Barcelona de 1.193 euros.<\/p>\n<p>Durante la \u00faltima d\u00e9cada, se han formalizado asociaciones a trav\u00e9s de redes como Cohabitac, una coalici\u00f3n catalana de organizaciones de vivienda sin fines de lucro que gestionan alrededor de 5.000 viviendas asequibles. Cohabitac es ahora un socio de confianza para las autoridades p\u00fablicas.<\/p>\n<p>El \u00e9xito de iniciativas como estas depende de pol\u00edticas p\u00fablicas que reduzcan el riesgo, protejan la funci\u00f3n social de la vivienda y fomenten la colaboraci\u00f3n entre las autoridades p\u00fablicas, la sociedad civil, las empresas y los inversores.<\/p>\n<p>Los gobiernos municipales han desempe\u00f1ado un papel central. La colaboraci\u00f3n p\u00fablico-social del Ayuntamiento de Barcelona moviliza a proveedores sin \u00e1nimo de lucro para desarrollar y gestionar viviendas asequibles en suelo p\u00fablico bajo acuerdos a largo plazo. En ciudades como Viena o Lyon se aplican enfoques similares.<\/p>\n<p>Mientras tanto, la inversi\u00f3n de inversionistas p\u00fablicos, cooperativos y motivados por una misi\u00f3n respalda modelos de vivienda que se centran en la asequibilidad y la sostenibilidad a largo plazo. Los esfuerzos colectivos que re\u00fanan a residentes, formuladores de pol\u00edticas y organizaciones sin fines de lucro tambi\u00e9n podr\u00edan replicarse en otros sistemas de vivienda.<\/p>\n<figure class=\"wp-block-image\"><img decoding=\"async\" src=\"https:\/\/images.theconversation.com\/files\/727081\/original\/file-20260330-57-e5w8tz.jpg?ixlib=rb-4.1.0&amp;q=45&amp;auto=format&amp;w=754&amp;fit=clip\" alt=\"Plano general del paisaje espa\u00f1ol con una comunidad ecol\u00f3gica de edificios.\"><\/figure>\n<h2 class=\"wp-block-heading\">El camino lleno de baches por delante<\/h2>\n<p>El modelo catal\u00e1n se enfrenta a obst\u00e1culos. Los valores de la tierra son altos. Los costos de construcci\u00f3n est\u00e1n aumentando. Muchos proyectos todav\u00eda dependen de los fondos de recuperaci\u00f3n de la COVID de la UE por tiempo limitado. Equilibrar el desempe\u00f1o ecol\u00f3gico con la asequibilidad sigue siendo una tarea delicada.<\/p>\n<p>Pero la direcci\u00f3n del viaje es clara. El sistema de vivienda de Catalu\u00f1a se est\u00e1 reinventando como infraestructura social para una era baja en carbono. Esto est\u00e1 respaldado por pol\u00edticas p\u00fablicas e inversiones a largo plazo, incluido un pr\u00e9stamo de 31 millones de euros del Banco de Desarrollo del Consejo de Europa.<\/p>\n<p>Las modernizaciones energ\u00e9ticas realizadas desde 2020 est\u00e1n ahorrando 18.000 toneladas de CO\u2082. Un estudio de Barcelona encontr\u00f3 que cada euro gastado en modernizaciones ahorraba 2,30 euros en subsidios de salud y energ\u00eda. Estas iniciativas est\u00e1n haciendo que la vivienda sea un derecho para todos, desafiando la mercantilizaci\u00f3n de la vivienda y contribuyendo al mismo tiempo a la descarbonizaci\u00f3n, el bienestar de las personas y la cohesi\u00f3n social.<\/p>\n<p>M\u00e1s de 1.600 millones de personas en todo el mundo carecen de acceso a una vivienda adecuada. Se espera que esa cifra aumente a 3 mil millones para 2030.<\/p>\n<p>El paso de diez a\u00f1os de Catalu\u00f1a del \u201cmercado\u201d inmobiliario al \u201csistema\u201d inmobiliario demuestra c\u00f3mo la incorporaci\u00f3n de los derechos humanos en la descarbonizaci\u00f3n desbloquea el cambio socioecon\u00f3mico. Mejorar la igualdad en materia de vivienda est\u00e1 vinculado al desarrollo de la resiliencia clim\u00e1tica. El aislamiento que reduce las emisiones previene las enfermedades relacionadas con el clima. La modernizaci\u00f3n mediante coaliciones socialmente inclusivas reduce las facturas de energ\u00eda y crea empleos.<\/p>\n<p>El modelo catal\u00e1n es de peque\u00f1a escala pero distintivo. Cultiva colaboraciones p\u00fablico-privadas-sociales para reducir las emisiones de CO\u2082 y desaf\u00eda la visi\u00f3n de los hogares como activos financieros en lugar de lugares para vivir.<\/p>\n<hr class=\"wp-block-separator has-alpha-channel-opacity\">\n<p>Adriana Allen, Profesora de Planificaci\u00f3n del Desarrollo y Sostenibilidad Urbana, <em>Liga Universitaria<\/em> y Montserrat Pareja-Eastaway, Profesora Asociada de Econom\u00eda y Transformaci\u00f3n Urbana, <em>Universidad de Barcelona<\/em><\/p>\n<p>Foto principal de Ansar Naib en Unsplash<\/p>\n<\/p><\/div>\n","protected":false},"excerpt":{"rendered":"<p>En toda Europa, la vivienda est\u00e1 en crisis. Las limitadas viviendas sociales y un aumento del 93% en los alquileres a corto plazo est\u00e1n haciendo<\/p>\n","protected":false},"author":1,"featured_media":8631,"comment_status":"closed","ping_status":"","sticky":false,"template":"","format":"standard","meta":{"footnotes":""},"categories":[68],"tags":[176,946,316,8405,317,15,42,1242,1015,3738,413],"class_list":["post-8630","post","type-post","status-publish","format-standard","has-post-thumbnail","hentry","category-fauna-y-flora","tag-asequibles","tag-asi","tag-bajas","tag-barcelona","tag-carbono","tag-como","tag-con","tag-emisiones","tag-europa","tag-necesita","tag-viviendas","generate-columns","tablet-grid-50","mobile-grid-100","grid-parent","grid-50"],"yoast_head":"<!-- This site is optimized with the Yoast SEO plugin v23.4 - https:\/\/yoast.com\/wordpress\/plugins\/seo\/ -->\n<title>Europa necesita viviendas asequibles y con bajas emisiones de carbono: as\u00ed es como Barcelona... - Consejos - Santa Catarina<\/title>\n<meta name=\"robots\" content=\"index, follow, max-snippet:-1, max-image-preview:large, max-video-preview:-1\" \/>\n<link rel=\"canonical\" href=\"https:\/\/stacatarina.mx\/consejos\/europa-necesita-viviendas-asequibles-y-con-bajas-emisiones-de-carbono-asi-es-como-barcelona\/\" \/>\n<meta property=\"og:locale\" content=\"es_MX\" \/>\n<meta property=\"og:type\" content=\"article\" \/>\n<meta property=\"og:title\" content=\"Europa necesita viviendas asequibles y con bajas emisiones de carbono: as\u00ed es como Barcelona... - Consejos - Santa Catarina\" \/>\n<meta property=\"og:description\" content=\"En toda Europa, la vivienda est\u00e1 en crisis. Las limitadas viviendas sociales y un aumento del 93% en los alquileres a corto plazo est\u00e1n haciendo\" \/>\n<meta property=\"og:url\" content=\"https:\/\/stacatarina.mx\/consejos\/europa-necesita-viviendas-asequibles-y-con-bajas-emisiones-de-carbono-asi-es-como-barcelona\/\" \/>\n<meta property=\"og:site_name\" content=\"Santa Catarina\" \/>\n<meta property=\"article:publisher\" content=\"https:\/\/www.facebook.com\/stacatarinagob\/\" \/>\n<meta property=\"article:published_time\" content=\"2026-04-09T11:52:56+00:00\" \/>\n<meta property=\"article:modified_time\" content=\"2026-04-09T11:52:58+00:00\" \/>\n<meta property=\"og:image\" content=\"https:\/\/stacatarina.mx\/consejos\/wp-content\/uploads\/2026\/04\/Europa-necesita-viviendas-asequibles-y-con-bajas-emisiones-de-carbono.jpg\" \/>\n\t<meta property=\"og:image:width\" content=\"900\" \/>\n\t<meta property=\"og:image:height\" content=\"600\" \/>\n\t<meta property=\"og:image:type\" content=\"image\/jpeg\" \/>\n<meta name=\"author\" content=\"Pedro Mart\u00ednez\" \/>\n<meta name=\"twitter:card\" content=\"summary_large_image\" \/>\n<meta name=\"twitter:creator\" content=\"@stacatarinagob\" \/>\n<meta name=\"twitter:site\" content=\"@stacatarinagob\" \/>\n<meta name=\"twitter:label1\" content=\"Escrito por\" \/>\n\t<meta name=\"twitter:data1\" content=\"Pedro Mart\u00ednez\" \/>\n\t<meta name=\"twitter:label2\" content=\"Tiempo de lectura\" \/>\n\t<meta name=\"twitter:data2\" content=\"7 minutos\" \/>\n<script type=\"application\/ld+json\" class=\"yoast-schema-graph\">{\"@context\":\"https:\/\/schema.org\",\"@graph\":[{\"@type\":\"Article\",\"@id\":\"https:\/\/stacatarina.mx\/consejos\/europa-necesita-viviendas-asequibles-y-con-bajas-emisiones-de-carbono-asi-es-como-barcelona\/#article\",\"isPartOf\":{\"@id\":\"https:\/\/stacatarina.mx\/consejos\/europa-necesita-viviendas-asequibles-y-con-bajas-emisiones-de-carbono-asi-es-como-barcelona\/\"},\"author\":{\"name\":\"Pedro Mart\u00ednez\",\"@id\":\"https:\/\/stacatarina.mx\/consejos\/#\/schema\/person\/0be60adffa8e4c4d0828fdf021450e8a\"},\"headline\":\"Europa necesita viviendas asequibles y con bajas emisiones de carbono: as\u00ed es como Barcelona&#8230;\",\"datePublished\":\"2026-04-09T11:52:56+00:00\",\"dateModified\":\"2026-04-09T11:52:58+00:00\",\"mainEntityOfPage\":{\"@id\":\"https:\/\/stacatarina.mx\/consejos\/europa-necesita-viviendas-asequibles-y-con-bajas-emisiones-de-carbono-asi-es-como-barcelona\/\"},\"wordCount\":1338,\"publisher\":{\"@id\":\"https:\/\/stacatarina.mx\/consejos\/#organization\"},\"image\":{\"@id\":\"https:\/\/stacatarina.mx\/consejos\/europa-necesita-viviendas-asequibles-y-con-bajas-emisiones-de-carbono-asi-es-como-barcelona\/#primaryimage\"},\"thumbnailUrl\":\"https:\/\/stacatarina.mx\/consejos\/wp-content\/uploads\/2026\/04\/Europa-necesita-viviendas-asequibles-y-con-bajas-emisiones-de-carbono.jpg\",\"keywords\":[\"asequibles\",\"as\u00ed\",\"bajas\",\"Barcelona..\",\"carbono\",\"c\u00f3mo\",\"con\",\"emisiones\",\"Europa\",\"necesita\",\"viviendas\"],\"articleSection\":[\"Fauna y Flora\"],\"inLanguage\":\"es\"},{\"@type\":\"WebPage\",\"@id\":\"https:\/\/stacatarina.mx\/consejos\/europa-necesita-viviendas-asequibles-y-con-bajas-emisiones-de-carbono-asi-es-como-barcelona\/\",\"url\":\"https:\/\/stacatarina.mx\/consejos\/europa-necesita-viviendas-asequibles-y-con-bajas-emisiones-de-carbono-asi-es-como-barcelona\/\",\"name\":\"Europa necesita viviendas asequibles y con bajas emisiones de carbono: as\u00ed es como Barcelona... - Consejos - Santa Catarina\",\"isPartOf\":{\"@id\":\"https:\/\/stacatarina.mx\/consejos\/#website\"},\"primaryImageOfPage\":{\"@id\":\"https:\/\/stacatarina.mx\/consejos\/europa-necesita-viviendas-asequibles-y-con-bajas-emisiones-de-carbono-asi-es-como-barcelona\/#primaryimage\"},\"image\":{\"@id\":\"https:\/\/stacatarina.mx\/consejos\/europa-necesita-viviendas-asequibles-y-con-bajas-emisiones-de-carbono-asi-es-como-barcelona\/#primaryimage\"},\"thumbnailUrl\":\"https:\/\/stacatarina.mx\/consejos\/wp-content\/uploads\/2026\/04\/Europa-necesita-viviendas-asequibles-y-con-bajas-emisiones-de-carbono.jpg\",\"datePublished\":\"2026-04-09T11:52:56+00:00\",\"dateModified\":\"2026-04-09T11:52:58+00:00\",\"breadcrumb\":{\"@id\":\"https:\/\/stacatarina.mx\/consejos\/europa-necesita-viviendas-asequibles-y-con-bajas-emisiones-de-carbono-asi-es-como-barcelona\/#breadcrumb\"},\"inLanguage\":\"es\",\"potentialAction\":[{\"@type\":\"ReadAction\",\"target\":[\"https:\/\/stacatarina.mx\/consejos\/europa-necesita-viviendas-asequibles-y-con-bajas-emisiones-de-carbono-asi-es-como-barcelona\/\"]}]},{\"@type\":\"ImageObject\",\"inLanguage\":\"es\",\"@id\":\"https:\/\/stacatarina.mx\/consejos\/europa-necesita-viviendas-asequibles-y-con-bajas-emisiones-de-carbono-asi-es-como-barcelona\/#primaryimage\",\"url\":\"https:\/\/stacatarina.mx\/consejos\/wp-content\/uploads\/2026\/04\/Europa-necesita-viviendas-asequibles-y-con-bajas-emisiones-de-carbono.jpg\",\"contentUrl\":\"https:\/\/stacatarina.mx\/consejos\/wp-content\/uploads\/2026\/04\/Europa-necesita-viviendas-asequibles-y-con-bajas-emisiones-de-carbono.jpg\",\"width\":900,\"height\":600,\"caption\":\"Europe needs affordable, low\u2011carbon homes \u2013 here\u2019s how Barcelona is reimagining its housing\u00a0system\"},{\"@type\":\"BreadcrumbList\",\"@id\":\"https:\/\/stacatarina.mx\/consejos\/europa-necesita-viviendas-asequibles-y-con-bajas-emisiones-de-carbono-asi-es-como-barcelona\/#breadcrumb\",\"itemListElement\":[{\"@type\":\"ListItem\",\"position\":1,\"name\":\"Inicio\",\"item\":\"https:\/\/stacatarina.mx\/consejos\/\"},{\"@type\":\"ListItem\",\"position\":2,\"name\":\"Europa necesita viviendas asequibles y con bajas emisiones de carbono: as\u00ed es como Barcelona&#8230;\"}]},{\"@type\":\"WebSite\",\"@id\":\"https:\/\/stacatarina.mx\/consejos\/#website\",\"url\":\"https:\/\/stacatarina.mx\/consejos\/\",\"name\":\"Santa Catarina\",\"description\":\"\",\"publisher\":{\"@id\":\"https:\/\/stacatarina.mx\/consejos\/#organization\"},\"potentialAction\":[{\"@type\":\"SearchAction\",\"target\":{\"@type\":\"EntryPoint\",\"urlTemplate\":\"https:\/\/stacatarina.mx\/consejos\/?s={search_term_string}\"},\"query-input\":{\"@type\":\"PropertyValueSpecification\",\"valueRequired\":true,\"valueName\":\"search_term_string\"}}],\"inLanguage\":\"es\"},{\"@type\":\"Organization\",\"@id\":\"https:\/\/stacatarina.mx\/consejos\/#organization\",\"name\":\"Santa Catarina\",\"url\":\"https:\/\/stacatarina.mx\/consejos\/\",\"logo\":{\"@type\":\"ImageObject\",\"inLanguage\":\"es\",\"@id\":\"https:\/\/stacatarina.mx\/consejos\/#\/schema\/logo\/image\/\",\"url\":\"https:\/\/stacatarina.mx\/consejos\/wp-content\/uploads\/2024\/09\/cropped-favicon-1-1.png\",\"contentUrl\":\"https:\/\/stacatarina.mx\/consejos\/wp-content\/uploads\/2024\/09\/cropped-favicon-1-1.png\",\"width\":512,\"height\":512,\"caption\":\"Santa Catarina\"},\"image\":{\"@id\":\"https:\/\/stacatarina.mx\/consejos\/#\/schema\/logo\/image\/\"},\"sameAs\":[\"https:\/\/www.facebook.com\/stacatarinagob\/\",\"https:\/\/x.com\/stacatarinagob\",\"https:\/\/www.instagram.com\/stacatarinagob\/\",\"https:\/\/www.youtube.com\/channel\/UCK-6cQJL_904665N1_nLTWw\"]},{\"@type\":\"Person\",\"@id\":\"https:\/\/stacatarina.mx\/consejos\/#\/schema\/person\/0be60adffa8e4c4d0828fdf021450e8a\",\"name\":\"Pedro Mart\u00ednez\",\"image\":{\"@type\":\"ImageObject\",\"inLanguage\":\"es\",\"@id\":\"https:\/\/stacatarina.mx\/consejos\/#\/schema\/person\/image\/\",\"url\":\"https:\/\/stacatarina.mx\/consejos\/wp-content\/uploads\/2024\/09\/stacatarina.jpg\",\"contentUrl\":\"https:\/\/stacatarina.mx\/consejos\/wp-content\/uploads\/2024\/09\/stacatarina.jpg\",\"caption\":\"Pedro Mart\u00ednez\"},\"description\":\"Hola, soy Pedro Mart\u00ednez, redactor jefe del sitio oficial del ayuntamiento de Santa Catarina, en M\u00e9xico. Con m\u00e1s de diez a\u00f1os de experiencia en el periodismo local, tengo una pasi\u00f3n por la investigaci\u00f3n y la difusi\u00f3n de informaci\u00f3n que valoriza nuestra hermosa comunidad. Mi compromiso es hacer de Santa Catarina una referencia en materia de transparencia y comunicaci\u00f3n municipal.\",\"sameAs\":[\"https:\/\/stacatarina.mx\/\"]}]}<\/script>\n<!-- \/ Yoast SEO plugin. -->","yoast_head_json":{"title":"Europa necesita viviendas asequibles y con bajas emisiones de carbono: as\u00ed es como Barcelona... - Consejos - Santa Catarina","robots":{"index":"index","follow":"follow","max-snippet":"max-snippet:-1","max-image-preview":"max-image-preview:large","max-video-preview":"max-video-preview:-1"},"canonical":"https:\/\/stacatarina.mx\/consejos\/europa-necesita-viviendas-asequibles-y-con-bajas-emisiones-de-carbono-asi-es-como-barcelona\/","og_locale":"es_MX","og_type":"article","og_title":"Europa necesita viviendas asequibles y con bajas emisiones de carbono: as\u00ed es como Barcelona... - Consejos - Santa Catarina","og_description":"En toda Europa, la vivienda est\u00e1 en crisis. Las limitadas viviendas sociales y un aumento del 93% en los alquileres a corto plazo est\u00e1n haciendo","og_url":"https:\/\/stacatarina.mx\/consejos\/europa-necesita-viviendas-asequibles-y-con-bajas-emisiones-de-carbono-asi-es-como-barcelona\/","og_site_name":"Santa Catarina","article_publisher":"https:\/\/www.facebook.com\/stacatarinagob\/","article_published_time":"2026-04-09T11:52:56+00:00","article_modified_time":"2026-04-09T11:52:58+00:00","og_image":[{"width":900,"height":600,"url":"https:\/\/stacatarina.mx\/consejos\/wp-content\/uploads\/2026\/04\/Europa-necesita-viviendas-asequibles-y-con-bajas-emisiones-de-carbono.jpg","type":"image\/jpeg"}],"author":"Pedro Mart\u00ednez","twitter_card":"summary_large_image","twitter_creator":"@stacatarinagob","twitter_site":"@stacatarinagob","twitter_misc":{"Escrito por":"Pedro Mart\u00ednez","Tiempo de lectura":"7 minutos"},"schema":{"@context":"https:\/\/schema.org","@graph":[{"@type":"Article","@id":"https:\/\/stacatarina.mx\/consejos\/europa-necesita-viviendas-asequibles-y-con-bajas-emisiones-de-carbono-asi-es-como-barcelona\/#article","isPartOf":{"@id":"https:\/\/stacatarina.mx\/consejos\/europa-necesita-viviendas-asequibles-y-con-bajas-emisiones-de-carbono-asi-es-como-barcelona\/"},"author":{"name":"Pedro Mart\u00ednez","@id":"https:\/\/stacatarina.mx\/consejos\/#\/schema\/person\/0be60adffa8e4c4d0828fdf021450e8a"},"headline":"Europa necesita viviendas asequibles y con bajas emisiones de carbono: as\u00ed es como Barcelona&#8230;","datePublished":"2026-04-09T11:52:56+00:00","dateModified":"2026-04-09T11:52:58+00:00","mainEntityOfPage":{"@id":"https:\/\/stacatarina.mx\/consejos\/europa-necesita-viviendas-asequibles-y-con-bajas-emisiones-de-carbono-asi-es-como-barcelona\/"},"wordCount":1338,"publisher":{"@id":"https:\/\/stacatarina.mx\/consejos\/#organization"},"image":{"@id":"https:\/\/stacatarina.mx\/consejos\/europa-necesita-viviendas-asequibles-y-con-bajas-emisiones-de-carbono-asi-es-como-barcelona\/#primaryimage"},"thumbnailUrl":"https:\/\/stacatarina.mx\/consejos\/wp-content\/uploads\/2026\/04\/Europa-necesita-viviendas-asequibles-y-con-bajas-emisiones-de-carbono.jpg","keywords":["asequibles","as\u00ed","bajas","Barcelona..","carbono","c\u00f3mo","con","emisiones","Europa","necesita","viviendas"],"articleSection":["Fauna y Flora"],"inLanguage":"es"},{"@type":"WebPage","@id":"https:\/\/stacatarina.mx\/consejos\/europa-necesita-viviendas-asequibles-y-con-bajas-emisiones-de-carbono-asi-es-como-barcelona\/","url":"https:\/\/stacatarina.mx\/consejos\/europa-necesita-viviendas-asequibles-y-con-bajas-emisiones-de-carbono-asi-es-como-barcelona\/","name":"Europa necesita viviendas asequibles y con bajas emisiones de carbono: as\u00ed es como Barcelona... - Consejos - Santa Catarina","isPartOf":{"@id":"https:\/\/stacatarina.mx\/consejos\/#website"},"primaryImageOfPage":{"@id":"https:\/\/stacatarina.mx\/consejos\/europa-necesita-viviendas-asequibles-y-con-bajas-emisiones-de-carbono-asi-es-como-barcelona\/#primaryimage"},"image":{"@id":"https:\/\/stacatarina.mx\/consejos\/europa-necesita-viviendas-asequibles-y-con-bajas-emisiones-de-carbono-asi-es-como-barcelona\/#primaryimage"},"thumbnailUrl":"https:\/\/stacatarina.mx\/consejos\/wp-content\/uploads\/2026\/04\/Europa-necesita-viviendas-asequibles-y-con-bajas-emisiones-de-carbono.jpg","datePublished":"2026-04-09T11:52:56+00:00","dateModified":"2026-04-09T11:52:58+00:00","breadcrumb":{"@id":"https:\/\/stacatarina.mx\/consejos\/europa-necesita-viviendas-asequibles-y-con-bajas-emisiones-de-carbono-asi-es-como-barcelona\/#breadcrumb"},"inLanguage":"es","potentialAction":[{"@type":"ReadAction","target":["https:\/\/stacatarina.mx\/consejos\/europa-necesita-viviendas-asequibles-y-con-bajas-emisiones-de-carbono-asi-es-como-barcelona\/"]}]},{"@type":"ImageObject","inLanguage":"es","@id":"https:\/\/stacatarina.mx\/consejos\/europa-necesita-viviendas-asequibles-y-con-bajas-emisiones-de-carbono-asi-es-como-barcelona\/#primaryimage","url":"https:\/\/stacatarina.mx\/consejos\/wp-content\/uploads\/2026\/04\/Europa-necesita-viviendas-asequibles-y-con-bajas-emisiones-de-carbono.jpg","contentUrl":"https:\/\/stacatarina.mx\/consejos\/wp-content\/uploads\/2026\/04\/Europa-necesita-viviendas-asequibles-y-con-bajas-emisiones-de-carbono.jpg","width":900,"height":600,"caption":"Europe needs affordable, low\u2011carbon homes \u2013 here\u2019s how Barcelona is reimagining its housing\u00a0system"},{"@type":"BreadcrumbList","@id":"https:\/\/stacatarina.mx\/consejos\/europa-necesita-viviendas-asequibles-y-con-bajas-emisiones-de-carbono-asi-es-como-barcelona\/#breadcrumb","itemListElement":[{"@type":"ListItem","position":1,"name":"Inicio","item":"https:\/\/stacatarina.mx\/consejos\/"},{"@type":"ListItem","position":2,"name":"Europa necesita viviendas asequibles y con bajas emisiones de carbono: as\u00ed es como Barcelona&#8230;"}]},{"@type":"WebSite","@id":"https:\/\/stacatarina.mx\/consejos\/#website","url":"https:\/\/stacatarina.mx\/consejos\/","name":"Santa Catarina","description":"","publisher":{"@id":"https:\/\/stacatarina.mx\/consejos\/#organization"},"potentialAction":[{"@type":"SearchAction","target":{"@type":"EntryPoint","urlTemplate":"https:\/\/stacatarina.mx\/consejos\/?s={search_term_string}"},"query-input":{"@type":"PropertyValueSpecification","valueRequired":true,"valueName":"search_term_string"}}],"inLanguage":"es"},{"@type":"Organization","@id":"https:\/\/stacatarina.mx\/consejos\/#organization","name":"Santa Catarina","url":"https:\/\/stacatarina.mx\/consejos\/","logo":{"@type":"ImageObject","inLanguage":"es","@id":"https:\/\/stacatarina.mx\/consejos\/#\/schema\/logo\/image\/","url":"https:\/\/stacatarina.mx\/consejos\/wp-content\/uploads\/2024\/09\/cropped-favicon-1-1.png","contentUrl":"https:\/\/stacatarina.mx\/consejos\/wp-content\/uploads\/2024\/09\/cropped-favicon-1-1.png","width":512,"height":512,"caption":"Santa Catarina"},"image":{"@id":"https:\/\/stacatarina.mx\/consejos\/#\/schema\/logo\/image\/"},"sameAs":["https:\/\/www.facebook.com\/stacatarinagob\/","https:\/\/x.com\/stacatarinagob","https:\/\/www.instagram.com\/stacatarinagob\/","https:\/\/www.youtube.com\/channel\/UCK-6cQJL_904665N1_nLTWw"]},{"@type":"Person","@id":"https:\/\/stacatarina.mx\/consejos\/#\/schema\/person\/0be60adffa8e4c4d0828fdf021450e8a","name":"Pedro Mart\u00ednez","image":{"@type":"ImageObject","inLanguage":"es","@id":"https:\/\/stacatarina.mx\/consejos\/#\/schema\/person\/image\/","url":"https:\/\/stacatarina.mx\/consejos\/wp-content\/uploads\/2024\/09\/stacatarina.jpg","contentUrl":"https:\/\/stacatarina.mx\/consejos\/wp-content\/uploads\/2024\/09\/stacatarina.jpg","caption":"Pedro Mart\u00ednez"},"description":"Hola, soy Pedro Mart\u00ednez, redactor jefe del sitio oficial del ayuntamiento de Santa Catarina, en M\u00e9xico. Con m\u00e1s de diez a\u00f1os de experiencia en el periodismo local, tengo una pasi\u00f3n por la investigaci\u00f3n y la difusi\u00f3n de informaci\u00f3n que valoriza nuestra hermosa comunidad. Mi compromiso es hacer de Santa Catarina una referencia en materia de transparencia y comunicaci\u00f3n municipal.","sameAs":["https:\/\/stacatarina.mx\/"]}]}},"_links":{"self":[{"href":"https:\/\/stacatarina.mx\/consejos\/wp-json\/wp\/v2\/posts\/8630"}],"collection":[{"href":"https:\/\/stacatarina.mx\/consejos\/wp-json\/wp\/v2\/posts"}],"about":[{"href":"https:\/\/stacatarina.mx\/consejos\/wp-json\/wp\/v2\/types\/post"}],"author":[{"embeddable":true,"href":"https:\/\/stacatarina.mx\/consejos\/wp-json\/wp\/v2\/users\/1"}],"replies":[{"embeddable":true,"href":"https:\/\/stacatarina.mx\/consejos\/wp-json\/wp\/v2\/comments?post=8630"}],"version-history":[{"count":1,"href":"https:\/\/stacatarina.mx\/consejos\/wp-json\/wp\/v2\/posts\/8630\/revisions"}],"predecessor-version":[{"id":8632,"href":"https:\/\/stacatarina.mx\/consejos\/wp-json\/wp\/v2\/posts\/8630\/revisions\/8632"}],"wp:featuredmedia":[{"embeddable":true,"href":"https:\/\/stacatarina.mx\/consejos\/wp-json\/wp\/v2\/media\/8631"}],"wp:attachment":[{"href":"https:\/\/stacatarina.mx\/consejos\/wp-json\/wp\/v2\/media?parent=8630"}],"wp:term":[{"taxonomy":"category","embeddable":true,"href":"https:\/\/stacatarina.mx\/consejos\/wp-json\/wp\/v2\/categories?post=8630"},{"taxonomy":"post_tag","embeddable":true,"href":"https:\/\/stacatarina.mx\/consejos\/wp-json\/wp\/v2\/tags?post=8630"}],"curies":[{"name":"wp","href":"https:\/\/api.w.org\/{rel}","templated":true}]}}