{"id":8636,"date":"2026-04-09T12:52:39","date_gmt":"2026-04-09T18:52:39","guid":{"rendered":"https:\/\/stacatarina.mx\/consejos\/danos-causados-por-la-vacuna-anti-covid-en-lazio-dos-laudos-abiertos-a-indemnizacion-tras-una-batalla-legal\/"},"modified":"2026-04-09T12:52:42","modified_gmt":"2026-04-09T18:52:42","slug":"danos-causados-por-la-vacuna-anti-covid-en-lazio-dos-laudos-abiertos-a-indemnizacion-tras-una-batalla-legal","status":"publish","type":"post","link":"https:\/\/stacatarina.mx\/consejos\/danos-causados-por-la-vacuna-anti-covid-en-lazio-dos-laudos-abiertos-a-indemnizacion-tras-una-batalla-legal\/","title":{"rendered":"Da\u00f1os causados \u200b\u200bpor la vacuna anti-Covid, en Lazio dos laudos abiertos a indemnizaci\u00f3n (tras una batalla legal)"},"content":{"rendered":"<p><\/p>\n<p>En Lazio, dos casos han reavivado un tema que, con cada nueva transici\u00f3n formal, vuelve inmediatamente al centro. Esta vez la cuesti\u00f3n es precisa: a dos mujeres de la provincia de Latina se les reconoci\u00f3 la relaci\u00f3n causal entre la vacunaci\u00f3n anti-Covid y patolog\u00edas graves, un paso que allana el camino para la compensaci\u00f3n prevista por la ley. La noticia tiene peso, porque se trata de personas reales, de procesos sanitarios y de graves consecuencias. Pero hay que contarlo completo, sin detenerse en el efecto que produce el t\u00edtulo.<\/p>\n<h2>Dos casos reconocidos en Lazio y el proceso que puede conducir a una indemnizaci\u00f3n<\/h2>\n<p>Los dos casos se refieren a mujeres residentes en la provincia de Latina que hab\u00edan apelado. Seg\u00fan los resultados, en un caso se reconocieron da\u00f1os tras la administraci\u00f3n de AstraZeneca, en el otro, tras la administraci\u00f3n de Pfizer. Lo decisivo es que no estamos hablando de una simple denuncia o de una sospecha comunicada verbalmente. Aqu\u00ed entra en juego una evaluaci\u00f3n formal, con comisiones m\u00e9dicas convocadas para examinar los registros m\u00e9dicos, los momentos de aparici\u00f3n de los s\u00edntomas, las investigaciones y las posibles causas alternativas.<\/p>\n<p>Es precisamente este paso el que marca la diferencia. De hecho, el reconocimiento del nexo causal permite abrir el proceso de indemnizaci\u00f3n. Para los implicados significa ver finalmente traducido en un acto oficial algo que hasta entonces hab\u00eda permanecido estancado entre visitas, esperas y burocracia. Es un punto importante y debe ser tratado como lo que es: una noticia de salud con efectos concretos en la vida de las personas.<\/p>\n<p>Lo que no se debe hacer, sin embargo, es transformar dos casos individuales en un buen atajo narrativo para describir sin medida un fen\u00f3meno general. Aqu\u00ed necesitamos un paso adicional.<\/p>\n<h2>Lo que dice el panorama cient\u00edfico sobre los eventos adversos<\/h2>\n<p>Cuando se trata de noticias de este tipo, la parte m\u00e1s delicada suele llegar al final. Y tambi\u00e9n es el que m\u00e1s f\u00e1cilmente se sacrifica. Sin embargo, ah\u00ed es donde entra en juego la exactitud de la informaci\u00f3n. Las vacunas, como todos los medicamentos, pueden tener efectos adversos. Esto se aplica tanto a las vacunas anti-Covid como a otras vacunas que ya se utilizan desde hace a\u00f1os. La gran mayor\u00eda de las reacciones son leves y temporales. Tambi\u00e9n hay una proporci\u00f3n mucho menor de eventos graves, que siguen siendo raros o muy raros y se controlan mediante sistemas de farmacovigilancia. Es el cuadro normal de la medicina.<\/p>\n<p>Las autoridades sanitarias distinguen cuidadosamente entre lo que sucede despu\u00e9s de una vacunaci\u00f3n y lo que provoca la vacunaci\u00f3n. No es una sutileza: es el coraz\u00f3n de la farmacovigilancia. Cada informe se recopila, analiza, compara con los datos disponibles y se inserta en un marco m\u00e1s amplio.<\/p>\n<p>La OMS recuerda que con la vacuna se puede producir un EAFI, es decir, un evento adverso tras la inmunizaci\u00f3n. Precisamente por eso existe farmacovigilancia y evaluaci\u00f3n m\u00e9dico-legal de la conexi\u00f3n. AIFA contin\u00faa publicando informes de vigilancia y tambi\u00e9n monitoreando datos relacionados con las vacunas Covid como parte de la vigilancia poscomercializaci\u00f3n.<\/p>\n<p>En el caso de las vacunas anti-Covid, con el tiempo se han identificado y reconocido algunos eventos raros. Entre ellas se encuentran la miocarditis y pericarditis asociadas a las vacunas de ARNm y, en particular, la trombosis con trombocitopenia de AstraZeneca. La Agencia Europea de Medicamentos (EMA) los ha clasificado como eventos raros o muy raros, incluy\u00e9ndolos en el seguimiento de la seguridad de las vacunas. En el caso de la miocarditis y la pericarditis, la EMA informa que los casos se observaron principalmente dentro de los 14 d\u00edas posteriores a la vacunaci\u00f3n, con mayor frecuencia despu\u00e9s de la segunda dosis y especialmente en hombres m\u00e1s j\u00f3venes.<\/p>\n<p>Esto no borra los casos individuales. \u00c9l los coloca. El reconocimiento del da\u00f1o en un contexto m\u00e9dico-legal sigue siendo un paso importante para quienes lo experimentan. Significa acceso a un derecho, a protecci\u00f3n. Sin embargo, la magnitud del fen\u00f3meno no cambia, que sigue siendo limitado en n\u00famero y monitoreado en el tiempo. Existe una delgada l\u00ednea entre las noticias y la percepci\u00f3n, y no hace falta mucho para cambiarla. El riesgo no est\u00e1 en las noticias, sino en la forma en que se leen.<\/p><\/p>\n","protected":false},"excerpt":{"rendered":"<p>En Lazio, dos casos han reavivado un tema que, con cada nueva transici\u00f3n formal, vuelve inmediatamente al centro. Esta vez la cuesti\u00f3n es precisa: a<\/p>\n","protected":false},"author":1,"featured_media":8637,"comment_status":"closed","ping_status":"","sticky":false,"template":"","format":"standard","meta":{"footnotes":""},"categories":[762],"tags":[8412,8410,8413,7636,5402,508,6312,8411,5521,8414,112,788,37,8409],"class_list":["post-8636","post","type-post","status-publish","format-standard","has-post-thumbnail","hentry","category-salud","tag-abiertos","tag-anticovid","tag-batalla","tag-causados","tag-danos","tag-dos","tag-indemnizacion","tag-laudos","tag-lazio","tag-legal","tag-por","tag-tras","tag-una","tag-vacuna","generate-columns","tablet-grid-50","mobile-grid-100","grid-parent","grid-50"],"yoast_head":"<!-- This site is optimized with the Yoast SEO plugin v23.4 - https:\/\/yoast.com\/wordpress\/plugins\/seo\/ -->\n<title>Da\u00f1os causados \u200b\u200bpor la vacuna anti-Covid, en Lazio dos laudos abiertos a indemnizaci\u00f3n (tras una batalla legal) - Consejos - Santa Catarina<\/title>\n<meta name=\"robots\" content=\"index, follow, max-snippet:-1, max-image-preview:large, max-video-preview:-1\" \/>\n<link rel=\"canonical\" href=\"https:\/\/stacatarina.mx\/consejos\/danos-causados-por-la-vacuna-anti-covid-en-lazio-dos-laudos-abiertos-a-indemnizacion-tras-una-batalla-legal\/\" \/>\n<meta property=\"og:locale\" content=\"es_MX\" \/>\n<meta property=\"og:type\" content=\"article\" \/>\n<meta property=\"og:title\" content=\"Da\u00f1os causados \u200b\u200bpor la vacuna anti-Covid, en Lazio dos laudos abiertos a indemnizaci\u00f3n (tras una batalla legal) - Consejos - Santa Catarina\" \/>\n<meta property=\"og:description\" content=\"En Lazio, dos casos han reavivado un tema que, con cada nueva transici\u00f3n formal, vuelve inmediatamente al centro. Esta vez la cuesti\u00f3n es precisa: a\" \/>\n<meta property=\"og:url\" content=\"https:\/\/stacatarina.mx\/consejos\/danos-causados-por-la-vacuna-anti-covid-en-lazio-dos-laudos-abiertos-a-indemnizacion-tras-una-batalla-legal\/\" \/>\n<meta property=\"og:site_name\" content=\"Santa Catarina\" \/>\n<meta property=\"article:publisher\" content=\"https:\/\/www.facebook.com\/stacatarinagob\/\" \/>\n<meta property=\"article:published_time\" content=\"2026-04-09T18:52:39+00:00\" \/>\n<meta property=\"article:modified_time\" content=\"2026-04-09T18:52:42+00:00\" \/>\n<meta property=\"og:image\" content=\"https:\/\/stacatarina.mx\/consejos\/wp-content\/uploads\/2026\/04\/Danos-causados-\u200b\u200bpor-la-vacuna-anti-Covid-en-Lazio-dos-laudos.jpg\" \/>\n\t<meta property=\"og:image:width\" content=\"1500\" \/>\n\t<meta property=\"og:image:height\" content=\"1000\" \/>\n\t<meta property=\"og:image:type\" content=\"image\/jpeg\" \/>\n<meta name=\"author\" content=\"Pedro Mart\u00ednez\" \/>\n<meta name=\"twitter:card\" content=\"summary_large_image\" \/>\n<meta name=\"twitter:creator\" content=\"@stacatarinagob\" \/>\n<meta name=\"twitter:site\" content=\"@stacatarinagob\" \/>\n<meta name=\"twitter:label1\" content=\"Escrito por\" \/>\n\t<meta name=\"twitter:data1\" content=\"Pedro Mart\u00ednez\" \/>\n\t<meta name=\"twitter:label2\" content=\"Tiempo de lectura\" \/>\n\t<meta name=\"twitter:data2\" content=\"4 minutos\" \/>\n<script type=\"application\/ld+json\" class=\"yoast-schema-graph\">{\"@context\":\"https:\/\/schema.org\",\"@graph\":[{\"@type\":\"Article\",\"@id\":\"https:\/\/stacatarina.mx\/consejos\/danos-causados-por-la-vacuna-anti-covid-en-lazio-dos-laudos-abiertos-a-indemnizacion-tras-una-batalla-legal\/#article\",\"isPartOf\":{\"@id\":\"https:\/\/stacatarina.mx\/consejos\/danos-causados-por-la-vacuna-anti-covid-en-lazio-dos-laudos-abiertos-a-indemnizacion-tras-una-batalla-legal\/\"},\"author\":{\"name\":\"Pedro Mart\u00ednez\",\"@id\":\"https:\/\/stacatarina.mx\/consejos\/#\/schema\/person\/0be60adffa8e4c4d0828fdf021450e8a\"},\"headline\":\"Da\u00f1os causados \u200b\u200bpor la vacuna anti-Covid, en Lazio dos laudos abiertos a indemnizaci\u00f3n (tras una batalla legal)\",\"datePublished\":\"2026-04-09T18:52:39+00:00\",\"dateModified\":\"2026-04-09T18:52:42+00:00\",\"mainEntityOfPage\":{\"@id\":\"https:\/\/stacatarina.mx\/consejos\/danos-causados-por-la-vacuna-anti-covid-en-lazio-dos-laudos-abiertos-a-indemnizacion-tras-una-batalla-legal\/\"},\"wordCount\":769,\"publisher\":{\"@id\":\"https:\/\/stacatarina.mx\/consejos\/#organization\"},\"image\":{\"@id\":\"https:\/\/stacatarina.mx\/consejos\/danos-causados-por-la-vacuna-anti-covid-en-lazio-dos-laudos-abiertos-a-indemnizacion-tras-una-batalla-legal\/#primaryimage\"},\"thumbnailUrl\":\"https:\/\/stacatarina.mx\/consejos\/wp-content\/uploads\/2026\/04\/Danos-causados-\u200b\u200bpor-la-vacuna-anti-Covid-en-Lazio-dos-laudos.jpg\",\"keywords\":[\"abiertos\",\"antiCovid\",\"batalla\",\"causados\",\"da\u00f1os\",\"Dos\",\"indemnizaci\u00f3n\",\"laudos\",\"Lazio\",\"legal\",\"por\",\"tras\",\"una\",\"vacuna\"],\"articleSection\":[\"Salud\"],\"inLanguage\":\"es\"},{\"@type\":\"WebPage\",\"@id\":\"https:\/\/stacatarina.mx\/consejos\/danos-causados-por-la-vacuna-anti-covid-en-lazio-dos-laudos-abiertos-a-indemnizacion-tras-una-batalla-legal\/\",\"url\":\"https:\/\/stacatarina.mx\/consejos\/danos-causados-por-la-vacuna-anti-covid-en-lazio-dos-laudos-abiertos-a-indemnizacion-tras-una-batalla-legal\/\",\"name\":\"Da\u00f1os causados \u200b\u200bpor la vacuna anti-Covid, en Lazio dos laudos abiertos a indemnizaci\u00f3n (tras una batalla legal) - Consejos - Santa Catarina\",\"isPartOf\":{\"@id\":\"https:\/\/stacatarina.mx\/consejos\/#website\"},\"primaryImageOfPage\":{\"@id\":\"https:\/\/stacatarina.mx\/consejos\/danos-causados-por-la-vacuna-anti-covid-en-lazio-dos-laudos-abiertos-a-indemnizacion-tras-una-batalla-legal\/#primaryimage\"},\"image\":{\"@id\":\"https:\/\/stacatarina.mx\/consejos\/danos-causados-por-la-vacuna-anti-covid-en-lazio-dos-laudos-abiertos-a-indemnizacion-tras-una-batalla-legal\/#primaryimage\"},\"thumbnailUrl\":\"https:\/\/stacatarina.mx\/consejos\/wp-content\/uploads\/2026\/04\/Danos-causados-\u200b\u200bpor-la-vacuna-anti-Covid-en-Lazio-dos-laudos.jpg\",\"datePublished\":\"2026-04-09T18:52:39+00:00\",\"dateModified\":\"2026-04-09T18:52:42+00:00\",\"breadcrumb\":{\"@id\":\"https:\/\/stacatarina.mx\/consejos\/danos-causados-por-la-vacuna-anti-covid-en-lazio-dos-laudos-abiertos-a-indemnizacion-tras-una-batalla-legal\/#breadcrumb\"},\"inLanguage\":\"es\",\"potentialAction\":[{\"@type\":\"ReadAction\",\"target\":[\"https:\/\/stacatarina.mx\/consejos\/danos-causados-por-la-vacuna-anti-covid-en-lazio-dos-laudos-abiertos-a-indemnizacion-tras-una-batalla-legal\/\"]}]},{\"@type\":\"ImageObject\",\"inLanguage\":\"es\",\"@id\":\"https:\/\/stacatarina.mx\/consejos\/danos-causados-por-la-vacuna-anti-covid-en-lazio-dos-laudos-abiertos-a-indemnizacion-tras-una-batalla-legal\/#primaryimage\",\"url\":\"https:\/\/stacatarina.mx\/consejos\/wp-content\/uploads\/2026\/04\/Danos-causados-\u200b\u200bpor-la-vacuna-anti-Covid-en-Lazio-dos-laudos.jpg\",\"contentUrl\":\"https:\/\/stacatarina.mx\/consejos\/wp-content\/uploads\/2026\/04\/Danos-causados-\u200b\u200bpor-la-vacuna-anti-Covid-en-Lazio-dos-laudos.jpg\",\"width\":1500,\"height\":1000,\"caption\":\"covid vaccino\"},{\"@type\":\"BreadcrumbList\",\"@id\":\"https:\/\/stacatarina.mx\/consejos\/danos-causados-por-la-vacuna-anti-covid-en-lazio-dos-laudos-abiertos-a-indemnizacion-tras-una-batalla-legal\/#breadcrumb\",\"itemListElement\":[{\"@type\":\"ListItem\",\"position\":1,\"name\":\"Inicio\",\"item\":\"https:\/\/stacatarina.mx\/consejos\/\"},{\"@type\":\"ListItem\",\"position\":2,\"name\":\"Da\u00f1os causados \u200b\u200bpor la vacuna anti-Covid, en Lazio dos laudos abiertos a indemnizaci\u00f3n (tras una batalla legal)\"}]},{\"@type\":\"WebSite\",\"@id\":\"https:\/\/stacatarina.mx\/consejos\/#website\",\"url\":\"https:\/\/stacatarina.mx\/consejos\/\",\"name\":\"Santa Catarina\",\"description\":\"\",\"publisher\":{\"@id\":\"https:\/\/stacatarina.mx\/consejos\/#organization\"},\"potentialAction\":[{\"@type\":\"SearchAction\",\"target\":{\"@type\":\"EntryPoint\",\"urlTemplate\":\"https:\/\/stacatarina.mx\/consejos\/?s={search_term_string}\"},\"query-input\":{\"@type\":\"PropertyValueSpecification\",\"valueRequired\":true,\"valueName\":\"search_term_string\"}}],\"inLanguage\":\"es\"},{\"@type\":\"Organization\",\"@id\":\"https:\/\/stacatarina.mx\/consejos\/#organization\",\"name\":\"Santa Catarina\",\"url\":\"https:\/\/stacatarina.mx\/consejos\/\",\"logo\":{\"@type\":\"ImageObject\",\"inLanguage\":\"es\",\"@id\":\"https:\/\/stacatarina.mx\/consejos\/#\/schema\/logo\/image\/\",\"url\":\"https:\/\/stacatarina.mx\/consejos\/wp-content\/uploads\/2024\/09\/cropped-favicon-1-1.png\",\"contentUrl\":\"https:\/\/stacatarina.mx\/consejos\/wp-content\/uploads\/2024\/09\/cropped-favicon-1-1.png\",\"width\":512,\"height\":512,\"caption\":\"Santa Catarina\"},\"image\":{\"@id\":\"https:\/\/stacatarina.mx\/consejos\/#\/schema\/logo\/image\/\"},\"sameAs\":[\"https:\/\/www.facebook.com\/stacatarinagob\/\",\"https:\/\/x.com\/stacatarinagob\",\"https:\/\/www.instagram.com\/stacatarinagob\/\",\"https:\/\/www.youtube.com\/channel\/UCK-6cQJL_904665N1_nLTWw\"]},{\"@type\":\"Person\",\"@id\":\"https:\/\/stacatarina.mx\/consejos\/#\/schema\/person\/0be60adffa8e4c4d0828fdf021450e8a\",\"name\":\"Pedro Mart\u00ednez\",\"image\":{\"@type\":\"ImageObject\",\"inLanguage\":\"es\",\"@id\":\"https:\/\/stacatarina.mx\/consejos\/#\/schema\/person\/image\/\",\"url\":\"https:\/\/stacatarina.mx\/consejos\/wp-content\/uploads\/2024\/09\/stacatarina.jpg\",\"contentUrl\":\"https:\/\/stacatarina.mx\/consejos\/wp-content\/uploads\/2024\/09\/stacatarina.jpg\",\"caption\":\"Pedro Mart\u00ednez\"},\"description\":\"Hola, soy Pedro Mart\u00ednez, redactor jefe del sitio oficial del ayuntamiento de Santa Catarina, en M\u00e9xico. Con m\u00e1s de diez a\u00f1os de experiencia en el periodismo local, tengo una pasi\u00f3n por la investigaci\u00f3n y la difusi\u00f3n de informaci\u00f3n que valoriza nuestra hermosa comunidad. Mi compromiso es hacer de Santa Catarina una referencia en materia de transparencia y comunicaci\u00f3n municipal.\",\"sameAs\":[\"https:\/\/stacatarina.mx\/\"]}]}<\/script>\n<!-- \/ Yoast SEO plugin. -->","yoast_head_json":{"title":"Da\u00f1os causados \u200b\u200bpor la vacuna anti-Covid, en Lazio dos laudos abiertos a indemnizaci\u00f3n (tras una batalla legal) - Consejos - Santa Catarina","robots":{"index":"index","follow":"follow","max-snippet":"max-snippet:-1","max-image-preview":"max-image-preview:large","max-video-preview":"max-video-preview:-1"},"canonical":"https:\/\/stacatarina.mx\/consejos\/danos-causados-por-la-vacuna-anti-covid-en-lazio-dos-laudos-abiertos-a-indemnizacion-tras-una-batalla-legal\/","og_locale":"es_MX","og_type":"article","og_title":"Da\u00f1os causados \u200b\u200bpor la vacuna anti-Covid, en Lazio dos laudos abiertos a indemnizaci\u00f3n (tras una batalla legal) - Consejos - Santa Catarina","og_description":"En Lazio, dos casos han reavivado un tema que, con cada nueva transici\u00f3n formal, vuelve inmediatamente al centro. Esta vez la cuesti\u00f3n es precisa: a","og_url":"https:\/\/stacatarina.mx\/consejos\/danos-causados-por-la-vacuna-anti-covid-en-lazio-dos-laudos-abiertos-a-indemnizacion-tras-una-batalla-legal\/","og_site_name":"Santa Catarina","article_publisher":"https:\/\/www.facebook.com\/stacatarinagob\/","article_published_time":"2026-04-09T18:52:39+00:00","article_modified_time":"2026-04-09T18:52:42+00:00","og_image":[{"width":1500,"height":1000,"url":"https:\/\/stacatarina.mx\/consejos\/wp-content\/uploads\/2026\/04\/Danos-causados-\u200b\u200bpor-la-vacuna-anti-Covid-en-Lazio-dos-laudos.jpg","type":"image\/jpeg"}],"author":"Pedro Mart\u00ednez","twitter_card":"summary_large_image","twitter_creator":"@stacatarinagob","twitter_site":"@stacatarinagob","twitter_misc":{"Escrito por":"Pedro Mart\u00ednez","Tiempo de lectura":"4 minutos"},"schema":{"@context":"https:\/\/schema.org","@graph":[{"@type":"Article","@id":"https:\/\/stacatarina.mx\/consejos\/danos-causados-por-la-vacuna-anti-covid-en-lazio-dos-laudos-abiertos-a-indemnizacion-tras-una-batalla-legal\/#article","isPartOf":{"@id":"https:\/\/stacatarina.mx\/consejos\/danos-causados-por-la-vacuna-anti-covid-en-lazio-dos-laudos-abiertos-a-indemnizacion-tras-una-batalla-legal\/"},"author":{"name":"Pedro Mart\u00ednez","@id":"https:\/\/stacatarina.mx\/consejos\/#\/schema\/person\/0be60adffa8e4c4d0828fdf021450e8a"},"headline":"Da\u00f1os causados \u200b\u200bpor la vacuna anti-Covid, en Lazio dos laudos abiertos a indemnizaci\u00f3n (tras una batalla legal)","datePublished":"2026-04-09T18:52:39+00:00","dateModified":"2026-04-09T18:52:42+00:00","mainEntityOfPage":{"@id":"https:\/\/stacatarina.mx\/consejos\/danos-causados-por-la-vacuna-anti-covid-en-lazio-dos-laudos-abiertos-a-indemnizacion-tras-una-batalla-legal\/"},"wordCount":769,"publisher":{"@id":"https:\/\/stacatarina.mx\/consejos\/#organization"},"image":{"@id":"https:\/\/stacatarina.mx\/consejos\/danos-causados-por-la-vacuna-anti-covid-en-lazio-dos-laudos-abiertos-a-indemnizacion-tras-una-batalla-legal\/#primaryimage"},"thumbnailUrl":"https:\/\/stacatarina.mx\/consejos\/wp-content\/uploads\/2026\/04\/Danos-causados-\u200b\u200bpor-la-vacuna-anti-Covid-en-Lazio-dos-laudos.jpg","keywords":["abiertos","antiCovid","batalla","causados","da\u00f1os","Dos","indemnizaci\u00f3n","laudos","Lazio","legal","por","tras","una","vacuna"],"articleSection":["Salud"],"inLanguage":"es"},{"@type":"WebPage","@id":"https:\/\/stacatarina.mx\/consejos\/danos-causados-por-la-vacuna-anti-covid-en-lazio-dos-laudos-abiertos-a-indemnizacion-tras-una-batalla-legal\/","url":"https:\/\/stacatarina.mx\/consejos\/danos-causados-por-la-vacuna-anti-covid-en-lazio-dos-laudos-abiertos-a-indemnizacion-tras-una-batalla-legal\/","name":"Da\u00f1os causados \u200b\u200bpor la vacuna anti-Covid, en Lazio dos laudos abiertos a indemnizaci\u00f3n (tras una batalla legal) - Consejos - Santa Catarina","isPartOf":{"@id":"https:\/\/stacatarina.mx\/consejos\/#website"},"primaryImageOfPage":{"@id":"https:\/\/stacatarina.mx\/consejos\/danos-causados-por-la-vacuna-anti-covid-en-lazio-dos-laudos-abiertos-a-indemnizacion-tras-una-batalla-legal\/#primaryimage"},"image":{"@id":"https:\/\/stacatarina.mx\/consejos\/danos-causados-por-la-vacuna-anti-covid-en-lazio-dos-laudos-abiertos-a-indemnizacion-tras-una-batalla-legal\/#primaryimage"},"thumbnailUrl":"https:\/\/stacatarina.mx\/consejos\/wp-content\/uploads\/2026\/04\/Danos-causados-\u200b\u200bpor-la-vacuna-anti-Covid-en-Lazio-dos-laudos.jpg","datePublished":"2026-04-09T18:52:39+00:00","dateModified":"2026-04-09T18:52:42+00:00","breadcrumb":{"@id":"https:\/\/stacatarina.mx\/consejos\/danos-causados-por-la-vacuna-anti-covid-en-lazio-dos-laudos-abiertos-a-indemnizacion-tras-una-batalla-legal\/#breadcrumb"},"inLanguage":"es","potentialAction":[{"@type":"ReadAction","target":["https:\/\/stacatarina.mx\/consejos\/danos-causados-por-la-vacuna-anti-covid-en-lazio-dos-laudos-abiertos-a-indemnizacion-tras-una-batalla-legal\/"]}]},{"@type":"ImageObject","inLanguage":"es","@id":"https:\/\/stacatarina.mx\/consejos\/danos-causados-por-la-vacuna-anti-covid-en-lazio-dos-laudos-abiertos-a-indemnizacion-tras-una-batalla-legal\/#primaryimage","url":"https:\/\/stacatarina.mx\/consejos\/wp-content\/uploads\/2026\/04\/Danos-causados-\u200b\u200bpor-la-vacuna-anti-Covid-en-Lazio-dos-laudos.jpg","contentUrl":"https:\/\/stacatarina.mx\/consejos\/wp-content\/uploads\/2026\/04\/Danos-causados-\u200b\u200bpor-la-vacuna-anti-Covid-en-Lazio-dos-laudos.jpg","width":1500,"height":1000,"caption":"covid vaccino"},{"@type":"BreadcrumbList","@id":"https:\/\/stacatarina.mx\/consejos\/danos-causados-por-la-vacuna-anti-covid-en-lazio-dos-laudos-abiertos-a-indemnizacion-tras-una-batalla-legal\/#breadcrumb","itemListElement":[{"@type":"ListItem","position":1,"name":"Inicio","item":"https:\/\/stacatarina.mx\/consejos\/"},{"@type":"ListItem","position":2,"name":"Da\u00f1os causados \u200b\u200bpor la vacuna anti-Covid, en Lazio dos laudos abiertos a indemnizaci\u00f3n (tras una batalla legal)"}]},{"@type":"WebSite","@id":"https:\/\/stacatarina.mx\/consejos\/#website","url":"https:\/\/stacatarina.mx\/consejos\/","name":"Santa Catarina","description":"","publisher":{"@id":"https:\/\/stacatarina.mx\/consejos\/#organization"},"potentialAction":[{"@type":"SearchAction","target":{"@type":"EntryPoint","urlTemplate":"https:\/\/stacatarina.mx\/consejos\/?s={search_term_string}"},"query-input":{"@type":"PropertyValueSpecification","valueRequired":true,"valueName":"search_term_string"}}],"inLanguage":"es"},{"@type":"Organization","@id":"https:\/\/stacatarina.mx\/consejos\/#organization","name":"Santa Catarina","url":"https:\/\/stacatarina.mx\/consejos\/","logo":{"@type":"ImageObject","inLanguage":"es","@id":"https:\/\/stacatarina.mx\/consejos\/#\/schema\/logo\/image\/","url":"https:\/\/stacatarina.mx\/consejos\/wp-content\/uploads\/2024\/09\/cropped-favicon-1-1.png","contentUrl":"https:\/\/stacatarina.mx\/consejos\/wp-content\/uploads\/2024\/09\/cropped-favicon-1-1.png","width":512,"height":512,"caption":"Santa Catarina"},"image":{"@id":"https:\/\/stacatarina.mx\/consejos\/#\/schema\/logo\/image\/"},"sameAs":["https:\/\/www.facebook.com\/stacatarinagob\/","https:\/\/x.com\/stacatarinagob","https:\/\/www.instagram.com\/stacatarinagob\/","https:\/\/www.youtube.com\/channel\/UCK-6cQJL_904665N1_nLTWw"]},{"@type":"Person","@id":"https:\/\/stacatarina.mx\/consejos\/#\/schema\/person\/0be60adffa8e4c4d0828fdf021450e8a","name":"Pedro Mart\u00ednez","image":{"@type":"ImageObject","inLanguage":"es","@id":"https:\/\/stacatarina.mx\/consejos\/#\/schema\/person\/image\/","url":"https:\/\/stacatarina.mx\/consejos\/wp-content\/uploads\/2024\/09\/stacatarina.jpg","contentUrl":"https:\/\/stacatarina.mx\/consejos\/wp-content\/uploads\/2024\/09\/stacatarina.jpg","caption":"Pedro Mart\u00ednez"},"description":"Hola, soy Pedro Mart\u00ednez, redactor jefe del sitio oficial del ayuntamiento de Santa Catarina, en M\u00e9xico. Con m\u00e1s de diez a\u00f1os de experiencia en el periodismo local, tengo una pasi\u00f3n por la investigaci\u00f3n y la difusi\u00f3n de informaci\u00f3n que valoriza nuestra hermosa comunidad. Mi compromiso es hacer de Santa Catarina una referencia en materia de transparencia y comunicaci\u00f3n municipal.","sameAs":["https:\/\/stacatarina.mx\/"]}]}},"_links":{"self":[{"href":"https:\/\/stacatarina.mx\/consejos\/wp-json\/wp\/v2\/posts\/8636"}],"collection":[{"href":"https:\/\/stacatarina.mx\/consejos\/wp-json\/wp\/v2\/posts"}],"about":[{"href":"https:\/\/stacatarina.mx\/consejos\/wp-json\/wp\/v2\/types\/post"}],"author":[{"embeddable":true,"href":"https:\/\/stacatarina.mx\/consejos\/wp-json\/wp\/v2\/users\/1"}],"replies":[{"embeddable":true,"href":"https:\/\/stacatarina.mx\/consejos\/wp-json\/wp\/v2\/comments?post=8636"}],"version-history":[{"count":1,"href":"https:\/\/stacatarina.mx\/consejos\/wp-json\/wp\/v2\/posts\/8636\/revisions"}],"predecessor-version":[{"id":8638,"href":"https:\/\/stacatarina.mx\/consejos\/wp-json\/wp\/v2\/posts\/8636\/revisions\/8638"}],"wp:featuredmedia":[{"embeddable":true,"href":"https:\/\/stacatarina.mx\/consejos\/wp-json\/wp\/v2\/media\/8637"}],"wp:attachment":[{"href":"https:\/\/stacatarina.mx\/consejos\/wp-json\/wp\/v2\/media?parent=8636"}],"wp:term":[{"taxonomy":"category","embeddable":true,"href":"https:\/\/stacatarina.mx\/consejos\/wp-json\/wp\/v2\/categories?post=8636"},{"taxonomy":"post_tag","embeddable":true,"href":"https:\/\/stacatarina.mx\/consejos\/wp-json\/wp\/v2\/tags?post=8636"}],"curies":[{"name":"wp","href":"https:\/\/api.w.org\/{rel}","templated":true}]}}