{"id":8651,"date":"2026-04-10T03:53:01","date_gmt":"2026-04-10T09:53:01","guid":{"rendered":"https:\/\/stacatarina.mx\/consejos\/matteo-que-murio-a-los-12-anos-en-una-banera-de-hidromasaje-una-tragedia-evitable-que-reabre-el-tema-de-la-seguridad-en-las-plantas\/"},"modified":"2026-04-10T03:53:04","modified_gmt":"2026-04-10T09:53:04","slug":"matteo-que-murio-a-los-12-anos-en-una-banera-de-hidromasaje-una-tragedia-evitable-que-reabre-el-tema-de-la-seguridad-en-las-plantas","status":"publish","type":"post","link":"https:\/\/stacatarina.mx\/consejos\/matteo-que-murio-a-los-12-anos-en-una-banera-de-hidromasaje-una-tragedia-evitable-que-reabre-el-tema-de-la-seguridad-en-las-plantas\/","title":{"rendered":"Matteo, que muri\u00f3 a los 12 a\u00f1os en una ba\u00f1era de hidromasaje: una tragedia evitable que reabre el tema de la seguridad en las plantas"},"content":{"rendered":"<p><\/p>\n<p>Probablemente habr\u00e1s o\u00eddo hablar del terrible suceso que tuvo lugar la ma\u00f1ana de Pascua. Matteo, de 12 a\u00f1os, estaba en el jacuzzi de la instalaci\u00f3n con su familia cuando de repente una pierna se atasc\u00f3 en el sistema de succi\u00f3n de la instalaci\u00f3n. La piscina ten\u00eda s\u00f3lo un metro de profundidad, una altura que puede parecer tranquilizadora, pero que result\u00f3 ser m\u00e1s que suficiente para convertir unos momentos en una tragedia.<\/p>\n<p>Al principio nadie se dio cuenta de lo que estaba pasando. Cuando son\u00f3 la alarma, el personal intervino apagando el sistema, permitiendo finalmente su liberaci\u00f3n. Siguieron intentos de reanimaci\u00f3n y traslado de emergencia al hospital Infermi de R\u00edmini, pero el estado del ni\u00f1o ya era cr\u00edtico: el tiempo que pas\u00f3 bajo el agua hab\u00eda sido demasiado largo. Despu\u00e9s de cuatro d\u00edas en la unidad de cuidados intensivos, los m\u00e9dicos no tuvieron m\u00e1s remedio que declararle muerte cerebral.<\/p>\n<p>La Fiscal\u00eda de R\u00edmini ha abierto una causa, inicialmente por lesiones muy graves, destinada ahora a evolucionar hacia el homicidio, actualmente todav\u00eda contra personas desconocidas. Los controles giran en torno a algunos aspectos t\u00e9cnicos cruciales: el correcto funcionamiento del sistema, la presencia e integridad de las rejillas de protecci\u00f3n en las tomas, el cumplimiento de las normas de seguridad vigentes y la regularidad del mantenimiento. Ser\u00e1n precisamente estos elementos los que determinar\u00e1n si se debe atribuir responsabilidad por lo sucedido y a qui\u00e9n.<\/p>\n<h2>Lo que dice la legislaci\u00f3n<\/h2>\n<p>La legislaci\u00f3n italiana sobre seguridad de piscinas y jacuzzis en estructuras abiertas al p\u00fablico existe y es compleja. La principal referencia es el Acuerdo Estado-Regiones de 16 de enero de 2003, que define los requisitos higi\u00e9nico-sanitarios y de gesti\u00f3n de las instalaciones de nataci\u00f3n, integrados por normativas auton\u00f3micas y normas t\u00e9cnicas del sector, incluidas las europeas.<\/p>\n<p>No existe una ley \u00fanica dedicada exclusivamente a las ba\u00f1eras de hidromasaje, pero algunos principios son claros: el gestor de la instalaci\u00f3n es responsable de la seguridad del sistema, debe garantizar sistemas de extracci\u00f3n dise\u00f1ados para evitar riesgos de atrapamiento, realizar un mantenimiento regular y documentado y preparar procedimientos de emergencia con controles peri\u00f3dicos.<\/p>\n<p>Las normas t\u00e9cnicas tambi\u00e9n exigen que los sistemas de succi\u00f3n est\u00e9n equipados con dispositivos de protecci\u00f3n adecuados, dise\u00f1ados para minimizar el riesgo de succi\u00f3n. Por \u00faltimo, conviene recordar que en Italia no existe un l\u00edmite de edad nacional para el acceso a las ba\u00f1eras de hidromasaje: la evaluaci\u00f3n de los riesgos y las posibles restricciones se dejan a cargo de cada estructura.<\/p>\n<p>Sin embargo, a pesar de este marco regulatorio, los jacuzzis a menudo se perciben como entornos intr\u00ednsecamente seguros y casi neutrales. Hoteles, spas y centros de bienestar los ofrecen como espacios de relajaci\u00f3n, y quienes acceden a ellos rara vez piensan en los riesgos que pueden suponer los sistemas de toma y recirculaci\u00f3n de agua en caso de mal funcionamiento, protecciones ausentes o da\u00f1adas o mantenimiento descuidado. Los accidentes relacionados con el contralavado son raros, pero son conocidos internacionalmente y sus consecuencias, como lo demuestra tr\u00e1gicamente esta historia, pueden ser devastadoras.<\/p>\n<p>M\u00e1s all\u00e1 de lo que surja de las investigaciones, el caso Pennabilli plantea algunas cuestiones concretas que preocupan a cualquiera que frecuenta estos espacios. Para las instalaciones, la prioridad es garantizar que cada respiradero est\u00e9 protegido y cumpla con las normas, que los controles sean peri\u00f3dicos y rastreados, y que el personal sepa c\u00f3mo intervenir en caso de una emergencia.<\/p>\n<p>Para quienes utilizan estas ba\u00f1eras, especialmente con ni\u00f1os, es importante observar si las protecciones est\u00e1n visibles e intactas, recoger el pelo largo y evitar ropa con cordones, y <\/p>\n<p>El de Matteo es un episodio que requiere plena luz, respuestas precisas y, si es necesario, una revisi\u00f3n seria de la forma en que se controlan y gestionan estas plantas.<\/p>\n","protected":false},"excerpt":{"rendered":"<p>Probablemente habr\u00e1s o\u00eddo hablar del terrible suceso que tuvo lugar la ma\u00f1ana de Pascua. Matteo, de 12 a\u00f1os, estaba en el jacuzzi de la instalaci\u00f3n<\/p>\n","protected":false},"author":1,"featured_media":8652,"comment_status":"closed","ping_status":"","sticky":false,"template":"","format":"standard","meta":{"footnotes":""},"categories":[762],"tags":[209,8419,8421,8420,34,62,7532,2479,2999,7558,1550,8422,4967,37],"class_list":["post-8651","post","type-post","status-publish","format-standard","has-post-thumbnail","hentry","category-salud","tag-anos","tag-banera","tag-evitable","tag-hidromasaje","tag-las","tag-los","tag-matteo","tag-murio","tag-plantas","tag-reabre","tag-seguridad","tag-tema","tag-tragedia","tag-una","generate-columns","tablet-grid-50","mobile-grid-100","grid-parent","grid-50"],"yoast_head":"<!-- This site is optimized with the Yoast SEO plugin v23.4 - https:\/\/yoast.com\/wordpress\/plugins\/seo\/ -->\n<title>Matteo, que muri\u00f3 a los 12 a\u00f1os en una ba\u00f1era de hidromasaje: una tragedia evitable que reabre el tema de la seguridad en las plantas - Consejos - Santa Catarina<\/title>\n<meta name=\"robots\" content=\"index, follow, max-snippet:-1, max-image-preview:large, max-video-preview:-1\" \/>\n<link rel=\"canonical\" href=\"https:\/\/stacatarina.mx\/consejos\/matteo-que-murio-a-los-12-anos-en-una-banera-de-hidromasaje-una-tragedia-evitable-que-reabre-el-tema-de-la-seguridad-en-las-plantas\/\" \/>\n<meta property=\"og:locale\" content=\"es_MX\" \/>\n<meta property=\"og:type\" content=\"article\" \/>\n<meta property=\"og:title\" content=\"Matteo, que muri\u00f3 a los 12 a\u00f1os en una ba\u00f1era de hidromasaje: una tragedia evitable que reabre el tema de la seguridad en las plantas - Consejos - Santa Catarina\" \/>\n<meta property=\"og:description\" content=\"Probablemente habr\u00e1s o\u00eddo hablar del terrible suceso que tuvo lugar la ma\u00f1ana de Pascua. Matteo, de 12 a\u00f1os, estaba en el jacuzzi de la instalaci\u00f3n\" \/>\n<meta property=\"og:url\" content=\"https:\/\/stacatarina.mx\/consejos\/matteo-que-murio-a-los-12-anos-en-una-banera-de-hidromasaje-una-tragedia-evitable-que-reabre-el-tema-de-la-seguridad-en-las-plantas\/\" \/>\n<meta property=\"og:site_name\" content=\"Santa Catarina\" \/>\n<meta property=\"article:publisher\" content=\"https:\/\/www.facebook.com\/stacatarinagob\/\" \/>\n<meta property=\"article:published_time\" content=\"2026-04-10T09:53:01+00:00\" \/>\n<meta property=\"article:modified_time\" content=\"2026-04-10T09:53:04+00:00\" \/>\n<meta property=\"og:image\" content=\"https:\/\/stacatarina.mx\/consejos\/wp-content\/uploads\/2026\/04\/Matteo-que-murio-a-los-12-anos-en-una-banera.jpg\" \/>\n\t<meta property=\"og:image:width\" content=\"1500\" \/>\n\t<meta property=\"og:image:height\" content=\"1000\" \/>\n\t<meta property=\"og:image:type\" content=\"image\/jpeg\" \/>\n<meta name=\"author\" content=\"Pedro Mart\u00ednez\" \/>\n<meta name=\"twitter:card\" content=\"summary_large_image\" \/>\n<meta name=\"twitter:creator\" content=\"@stacatarinagob\" \/>\n<meta name=\"twitter:site\" content=\"@stacatarinagob\" \/>\n<meta name=\"twitter:label1\" content=\"Escrito por\" \/>\n\t<meta name=\"twitter:data1\" content=\"Pedro Mart\u00ednez\" \/>\n\t<meta name=\"twitter:label2\" content=\"Tiempo de lectura\" \/>\n\t<meta name=\"twitter:data2\" content=\"3 minutos\" \/>\n<script type=\"application\/ld+json\" class=\"yoast-schema-graph\">{\"@context\":\"https:\/\/schema.org\",\"@graph\":[{\"@type\":\"Article\",\"@id\":\"https:\/\/stacatarina.mx\/consejos\/matteo-que-murio-a-los-12-anos-en-una-banera-de-hidromasaje-una-tragedia-evitable-que-reabre-el-tema-de-la-seguridad-en-las-plantas\/#article\",\"isPartOf\":{\"@id\":\"https:\/\/stacatarina.mx\/consejos\/matteo-que-murio-a-los-12-anos-en-una-banera-de-hidromasaje-una-tragedia-evitable-que-reabre-el-tema-de-la-seguridad-en-las-plantas\/\"},\"author\":{\"name\":\"Pedro Mart\u00ednez\",\"@id\":\"https:\/\/stacatarina.mx\/consejos\/#\/schema\/person\/0be60adffa8e4c4d0828fdf021450e8a\"},\"headline\":\"Matteo, que muri\u00f3 a los 12 a\u00f1os en una ba\u00f1era de hidromasaje: una tragedia evitable que reabre el tema de la seguridad en las plantas\",\"datePublished\":\"2026-04-10T09:53:01+00:00\",\"dateModified\":\"2026-04-10T09:53:04+00:00\",\"mainEntityOfPage\":{\"@id\":\"https:\/\/stacatarina.mx\/consejos\/matteo-que-murio-a-los-12-anos-en-una-banera-de-hidromasaje-una-tragedia-evitable-que-reabre-el-tema-de-la-seguridad-en-las-plantas\/\"},\"wordCount\":703,\"publisher\":{\"@id\":\"https:\/\/stacatarina.mx\/consejos\/#organization\"},\"image\":{\"@id\":\"https:\/\/stacatarina.mx\/consejos\/matteo-que-murio-a-los-12-anos-en-una-banera-de-hidromasaje-una-tragedia-evitable-que-reabre-el-tema-de-la-seguridad-en-las-plantas\/#primaryimage\"},\"thumbnailUrl\":\"https:\/\/stacatarina.mx\/consejos\/wp-content\/uploads\/2026\/04\/Matteo-que-murio-a-los-12-anos-en-una-banera.jpg\",\"keywords\":[\"a\u00f1os\",\"ba\u00f1era\",\"evitable\",\"hidromasaje\",\"Las\",\"los\",\"Matteo\",\"muri\u00f3\",\"plantas\",\"reabre\",\"seguridad\",\"tema\",\"Tragedia\",\"una\"],\"articleSection\":[\"Salud\"],\"inLanguage\":\"es\"},{\"@type\":\"WebPage\",\"@id\":\"https:\/\/stacatarina.mx\/consejos\/matteo-que-murio-a-los-12-anos-en-una-banera-de-hidromasaje-una-tragedia-evitable-que-reabre-el-tema-de-la-seguridad-en-las-plantas\/\",\"url\":\"https:\/\/stacatarina.mx\/consejos\/matteo-que-murio-a-los-12-anos-en-una-banera-de-hidromasaje-una-tragedia-evitable-que-reabre-el-tema-de-la-seguridad-en-las-plantas\/\",\"name\":\"Matteo, que muri\u00f3 a los 12 a\u00f1os en una ba\u00f1era de hidromasaje: una tragedia evitable que reabre el tema de la seguridad en las plantas - Consejos - Santa Catarina\",\"isPartOf\":{\"@id\":\"https:\/\/stacatarina.mx\/consejos\/#website\"},\"primaryImageOfPage\":{\"@id\":\"https:\/\/stacatarina.mx\/consejos\/matteo-que-murio-a-los-12-anos-en-una-banera-de-hidromasaje-una-tragedia-evitable-que-reabre-el-tema-de-la-seguridad-en-las-plantas\/#primaryimage\"},\"image\":{\"@id\":\"https:\/\/stacatarina.mx\/consejos\/matteo-que-murio-a-los-12-anos-en-una-banera-de-hidromasaje-una-tragedia-evitable-que-reabre-el-tema-de-la-seguridad-en-las-plantas\/#primaryimage\"},\"thumbnailUrl\":\"https:\/\/stacatarina.mx\/consejos\/wp-content\/uploads\/2026\/04\/Matteo-que-murio-a-los-12-anos-en-una-banera.jpg\",\"datePublished\":\"2026-04-10T09:53:01+00:00\",\"dateModified\":\"2026-04-10T09:53:04+00:00\",\"breadcrumb\":{\"@id\":\"https:\/\/stacatarina.mx\/consejos\/matteo-que-murio-a-los-12-anos-en-una-banera-de-hidromasaje-una-tragedia-evitable-que-reabre-el-tema-de-la-seguridad-en-las-plantas\/#breadcrumb\"},\"inLanguage\":\"es\",\"potentialAction\":[{\"@type\":\"ReadAction\",\"target\":[\"https:\/\/stacatarina.mx\/consejos\/matteo-que-murio-a-los-12-anos-en-una-banera-de-hidromasaje-una-tragedia-evitable-que-reabre-el-tema-de-la-seguridad-en-las-plantas\/\"]}]},{\"@type\":\"ImageObject\",\"inLanguage\":\"es\",\"@id\":\"https:\/\/stacatarina.mx\/consejos\/matteo-que-murio-a-los-12-anos-en-una-banera-de-hidromasaje-una-tragedia-evitable-que-reabre-el-tema-de-la-seguridad-en-las-plantas\/#primaryimage\",\"url\":\"https:\/\/stacatarina.mx\/consejos\/wp-content\/uploads\/2026\/04\/Matteo-que-murio-a-los-12-anos-en-una-banera.jpg\",\"contentUrl\":\"https:\/\/stacatarina.mx\/consejos\/wp-content\/uploads\/2026\/04\/Matteo-que-murio-a-los-12-anos-en-una-banera.jpg\",\"width\":1500,\"height\":1000,\"caption\":\"vasca idromassaggio\"},{\"@type\":\"BreadcrumbList\",\"@id\":\"https:\/\/stacatarina.mx\/consejos\/matteo-que-murio-a-los-12-anos-en-una-banera-de-hidromasaje-una-tragedia-evitable-que-reabre-el-tema-de-la-seguridad-en-las-plantas\/#breadcrumb\",\"itemListElement\":[{\"@type\":\"ListItem\",\"position\":1,\"name\":\"Inicio\",\"item\":\"https:\/\/stacatarina.mx\/consejos\/\"},{\"@type\":\"ListItem\",\"position\":2,\"name\":\"Matteo, que muri\u00f3 a los 12 a\u00f1os en una ba\u00f1era de hidromasaje: una tragedia evitable que reabre el tema de la seguridad en las plantas\"}]},{\"@type\":\"WebSite\",\"@id\":\"https:\/\/stacatarina.mx\/consejos\/#website\",\"url\":\"https:\/\/stacatarina.mx\/consejos\/\",\"name\":\"Santa Catarina\",\"description\":\"\",\"publisher\":{\"@id\":\"https:\/\/stacatarina.mx\/consejos\/#organization\"},\"potentialAction\":[{\"@type\":\"SearchAction\",\"target\":{\"@type\":\"EntryPoint\",\"urlTemplate\":\"https:\/\/stacatarina.mx\/consejos\/?s={search_term_string}\"},\"query-input\":{\"@type\":\"PropertyValueSpecification\",\"valueRequired\":true,\"valueName\":\"search_term_string\"}}],\"inLanguage\":\"es\"},{\"@type\":\"Organization\",\"@id\":\"https:\/\/stacatarina.mx\/consejos\/#organization\",\"name\":\"Santa Catarina\",\"url\":\"https:\/\/stacatarina.mx\/consejos\/\",\"logo\":{\"@type\":\"ImageObject\",\"inLanguage\":\"es\",\"@id\":\"https:\/\/stacatarina.mx\/consejos\/#\/schema\/logo\/image\/\",\"url\":\"https:\/\/stacatarina.mx\/consejos\/wp-content\/uploads\/2024\/09\/cropped-favicon-1-1.png\",\"contentUrl\":\"https:\/\/stacatarina.mx\/consejos\/wp-content\/uploads\/2024\/09\/cropped-favicon-1-1.png\",\"width\":512,\"height\":512,\"caption\":\"Santa Catarina\"},\"image\":{\"@id\":\"https:\/\/stacatarina.mx\/consejos\/#\/schema\/logo\/image\/\"},\"sameAs\":[\"https:\/\/www.facebook.com\/stacatarinagob\/\",\"https:\/\/x.com\/stacatarinagob\",\"https:\/\/www.instagram.com\/stacatarinagob\/\",\"https:\/\/www.youtube.com\/channel\/UCK-6cQJL_904665N1_nLTWw\"]},{\"@type\":\"Person\",\"@id\":\"https:\/\/stacatarina.mx\/consejos\/#\/schema\/person\/0be60adffa8e4c4d0828fdf021450e8a\",\"name\":\"Pedro Mart\u00ednez\",\"image\":{\"@type\":\"ImageObject\",\"inLanguage\":\"es\",\"@id\":\"https:\/\/stacatarina.mx\/consejos\/#\/schema\/person\/image\/\",\"url\":\"https:\/\/stacatarina.mx\/consejos\/wp-content\/uploads\/2024\/09\/stacatarina.jpg\",\"contentUrl\":\"https:\/\/stacatarina.mx\/consejos\/wp-content\/uploads\/2024\/09\/stacatarina.jpg\",\"caption\":\"Pedro Mart\u00ednez\"},\"description\":\"Hola, soy Pedro Mart\u00ednez, redactor jefe del sitio oficial del ayuntamiento de Santa Catarina, en M\u00e9xico. Con m\u00e1s de diez a\u00f1os de experiencia en el periodismo local, tengo una pasi\u00f3n por la investigaci\u00f3n y la difusi\u00f3n de informaci\u00f3n que valoriza nuestra hermosa comunidad. Mi compromiso es hacer de Santa Catarina una referencia en materia de transparencia y comunicaci\u00f3n municipal.\",\"sameAs\":[\"https:\/\/stacatarina.mx\/\"]}]}<\/script>\n<!-- \/ Yoast SEO plugin. -->","yoast_head_json":{"title":"Matteo, que muri\u00f3 a los 12 a\u00f1os en una ba\u00f1era de hidromasaje: una tragedia evitable que reabre el tema de la seguridad en las plantas - Consejos - Santa Catarina","robots":{"index":"index","follow":"follow","max-snippet":"max-snippet:-1","max-image-preview":"max-image-preview:large","max-video-preview":"max-video-preview:-1"},"canonical":"https:\/\/stacatarina.mx\/consejos\/matteo-que-murio-a-los-12-anos-en-una-banera-de-hidromasaje-una-tragedia-evitable-que-reabre-el-tema-de-la-seguridad-en-las-plantas\/","og_locale":"es_MX","og_type":"article","og_title":"Matteo, que muri\u00f3 a los 12 a\u00f1os en una ba\u00f1era de hidromasaje: una tragedia evitable que reabre el tema de la seguridad en las plantas - Consejos - Santa Catarina","og_description":"Probablemente habr\u00e1s o\u00eddo hablar del terrible suceso que tuvo lugar la ma\u00f1ana de Pascua. Matteo, de 12 a\u00f1os, estaba en el jacuzzi de la instalaci\u00f3n","og_url":"https:\/\/stacatarina.mx\/consejos\/matteo-que-murio-a-los-12-anos-en-una-banera-de-hidromasaje-una-tragedia-evitable-que-reabre-el-tema-de-la-seguridad-en-las-plantas\/","og_site_name":"Santa Catarina","article_publisher":"https:\/\/www.facebook.com\/stacatarinagob\/","article_published_time":"2026-04-10T09:53:01+00:00","article_modified_time":"2026-04-10T09:53:04+00:00","og_image":[{"width":1500,"height":1000,"url":"https:\/\/stacatarina.mx\/consejos\/wp-content\/uploads\/2026\/04\/Matteo-que-murio-a-los-12-anos-en-una-banera.jpg","type":"image\/jpeg"}],"author":"Pedro Mart\u00ednez","twitter_card":"summary_large_image","twitter_creator":"@stacatarinagob","twitter_site":"@stacatarinagob","twitter_misc":{"Escrito por":"Pedro Mart\u00ednez","Tiempo de lectura":"3 minutos"},"schema":{"@context":"https:\/\/schema.org","@graph":[{"@type":"Article","@id":"https:\/\/stacatarina.mx\/consejos\/matteo-que-murio-a-los-12-anos-en-una-banera-de-hidromasaje-una-tragedia-evitable-que-reabre-el-tema-de-la-seguridad-en-las-plantas\/#article","isPartOf":{"@id":"https:\/\/stacatarina.mx\/consejos\/matteo-que-murio-a-los-12-anos-en-una-banera-de-hidromasaje-una-tragedia-evitable-que-reabre-el-tema-de-la-seguridad-en-las-plantas\/"},"author":{"name":"Pedro Mart\u00ednez","@id":"https:\/\/stacatarina.mx\/consejos\/#\/schema\/person\/0be60adffa8e4c4d0828fdf021450e8a"},"headline":"Matteo, que muri\u00f3 a los 12 a\u00f1os en una ba\u00f1era de hidromasaje: una tragedia evitable que reabre el tema de la seguridad en las plantas","datePublished":"2026-04-10T09:53:01+00:00","dateModified":"2026-04-10T09:53:04+00:00","mainEntityOfPage":{"@id":"https:\/\/stacatarina.mx\/consejos\/matteo-que-murio-a-los-12-anos-en-una-banera-de-hidromasaje-una-tragedia-evitable-que-reabre-el-tema-de-la-seguridad-en-las-plantas\/"},"wordCount":703,"publisher":{"@id":"https:\/\/stacatarina.mx\/consejos\/#organization"},"image":{"@id":"https:\/\/stacatarina.mx\/consejos\/matteo-que-murio-a-los-12-anos-en-una-banera-de-hidromasaje-una-tragedia-evitable-que-reabre-el-tema-de-la-seguridad-en-las-plantas\/#primaryimage"},"thumbnailUrl":"https:\/\/stacatarina.mx\/consejos\/wp-content\/uploads\/2026\/04\/Matteo-que-murio-a-los-12-anos-en-una-banera.jpg","keywords":["a\u00f1os","ba\u00f1era","evitable","hidromasaje","Las","los","Matteo","muri\u00f3","plantas","reabre","seguridad","tema","Tragedia","una"],"articleSection":["Salud"],"inLanguage":"es"},{"@type":"WebPage","@id":"https:\/\/stacatarina.mx\/consejos\/matteo-que-murio-a-los-12-anos-en-una-banera-de-hidromasaje-una-tragedia-evitable-que-reabre-el-tema-de-la-seguridad-en-las-plantas\/","url":"https:\/\/stacatarina.mx\/consejos\/matteo-que-murio-a-los-12-anos-en-una-banera-de-hidromasaje-una-tragedia-evitable-que-reabre-el-tema-de-la-seguridad-en-las-plantas\/","name":"Matteo, que muri\u00f3 a los 12 a\u00f1os en una ba\u00f1era de hidromasaje: una tragedia evitable que reabre el tema de la seguridad en las plantas - Consejos - Santa Catarina","isPartOf":{"@id":"https:\/\/stacatarina.mx\/consejos\/#website"},"primaryImageOfPage":{"@id":"https:\/\/stacatarina.mx\/consejos\/matteo-que-murio-a-los-12-anos-en-una-banera-de-hidromasaje-una-tragedia-evitable-que-reabre-el-tema-de-la-seguridad-en-las-plantas\/#primaryimage"},"image":{"@id":"https:\/\/stacatarina.mx\/consejos\/matteo-que-murio-a-los-12-anos-en-una-banera-de-hidromasaje-una-tragedia-evitable-que-reabre-el-tema-de-la-seguridad-en-las-plantas\/#primaryimage"},"thumbnailUrl":"https:\/\/stacatarina.mx\/consejos\/wp-content\/uploads\/2026\/04\/Matteo-que-murio-a-los-12-anos-en-una-banera.jpg","datePublished":"2026-04-10T09:53:01+00:00","dateModified":"2026-04-10T09:53:04+00:00","breadcrumb":{"@id":"https:\/\/stacatarina.mx\/consejos\/matteo-que-murio-a-los-12-anos-en-una-banera-de-hidromasaje-una-tragedia-evitable-que-reabre-el-tema-de-la-seguridad-en-las-plantas\/#breadcrumb"},"inLanguage":"es","potentialAction":[{"@type":"ReadAction","target":["https:\/\/stacatarina.mx\/consejos\/matteo-que-murio-a-los-12-anos-en-una-banera-de-hidromasaje-una-tragedia-evitable-que-reabre-el-tema-de-la-seguridad-en-las-plantas\/"]}]},{"@type":"ImageObject","inLanguage":"es","@id":"https:\/\/stacatarina.mx\/consejos\/matteo-que-murio-a-los-12-anos-en-una-banera-de-hidromasaje-una-tragedia-evitable-que-reabre-el-tema-de-la-seguridad-en-las-plantas\/#primaryimage","url":"https:\/\/stacatarina.mx\/consejos\/wp-content\/uploads\/2026\/04\/Matteo-que-murio-a-los-12-anos-en-una-banera.jpg","contentUrl":"https:\/\/stacatarina.mx\/consejos\/wp-content\/uploads\/2026\/04\/Matteo-que-murio-a-los-12-anos-en-una-banera.jpg","width":1500,"height":1000,"caption":"vasca idromassaggio"},{"@type":"BreadcrumbList","@id":"https:\/\/stacatarina.mx\/consejos\/matteo-que-murio-a-los-12-anos-en-una-banera-de-hidromasaje-una-tragedia-evitable-que-reabre-el-tema-de-la-seguridad-en-las-plantas\/#breadcrumb","itemListElement":[{"@type":"ListItem","position":1,"name":"Inicio","item":"https:\/\/stacatarina.mx\/consejos\/"},{"@type":"ListItem","position":2,"name":"Matteo, que muri\u00f3 a los 12 a\u00f1os en una ba\u00f1era de hidromasaje: una tragedia evitable que reabre el tema de la seguridad en las plantas"}]},{"@type":"WebSite","@id":"https:\/\/stacatarina.mx\/consejos\/#website","url":"https:\/\/stacatarina.mx\/consejos\/","name":"Santa Catarina","description":"","publisher":{"@id":"https:\/\/stacatarina.mx\/consejos\/#organization"},"potentialAction":[{"@type":"SearchAction","target":{"@type":"EntryPoint","urlTemplate":"https:\/\/stacatarina.mx\/consejos\/?s={search_term_string}"},"query-input":{"@type":"PropertyValueSpecification","valueRequired":true,"valueName":"search_term_string"}}],"inLanguage":"es"},{"@type":"Organization","@id":"https:\/\/stacatarina.mx\/consejos\/#organization","name":"Santa Catarina","url":"https:\/\/stacatarina.mx\/consejos\/","logo":{"@type":"ImageObject","inLanguage":"es","@id":"https:\/\/stacatarina.mx\/consejos\/#\/schema\/logo\/image\/","url":"https:\/\/stacatarina.mx\/consejos\/wp-content\/uploads\/2024\/09\/cropped-favicon-1-1.png","contentUrl":"https:\/\/stacatarina.mx\/consejos\/wp-content\/uploads\/2024\/09\/cropped-favicon-1-1.png","width":512,"height":512,"caption":"Santa Catarina"},"image":{"@id":"https:\/\/stacatarina.mx\/consejos\/#\/schema\/logo\/image\/"},"sameAs":["https:\/\/www.facebook.com\/stacatarinagob\/","https:\/\/x.com\/stacatarinagob","https:\/\/www.instagram.com\/stacatarinagob\/","https:\/\/www.youtube.com\/channel\/UCK-6cQJL_904665N1_nLTWw"]},{"@type":"Person","@id":"https:\/\/stacatarina.mx\/consejos\/#\/schema\/person\/0be60adffa8e4c4d0828fdf021450e8a","name":"Pedro Mart\u00ednez","image":{"@type":"ImageObject","inLanguage":"es","@id":"https:\/\/stacatarina.mx\/consejos\/#\/schema\/person\/image\/","url":"https:\/\/stacatarina.mx\/consejos\/wp-content\/uploads\/2024\/09\/stacatarina.jpg","contentUrl":"https:\/\/stacatarina.mx\/consejos\/wp-content\/uploads\/2024\/09\/stacatarina.jpg","caption":"Pedro Mart\u00ednez"},"description":"Hola, soy Pedro Mart\u00ednez, redactor jefe del sitio oficial del ayuntamiento de Santa Catarina, en M\u00e9xico. Con m\u00e1s de diez a\u00f1os de experiencia en el periodismo local, tengo una pasi\u00f3n por la investigaci\u00f3n y la difusi\u00f3n de informaci\u00f3n que valoriza nuestra hermosa comunidad. Mi compromiso es hacer de Santa Catarina una referencia en materia de transparencia y comunicaci\u00f3n municipal.","sameAs":["https:\/\/stacatarina.mx\/"]}]}},"_links":{"self":[{"href":"https:\/\/stacatarina.mx\/consejos\/wp-json\/wp\/v2\/posts\/8651"}],"collection":[{"href":"https:\/\/stacatarina.mx\/consejos\/wp-json\/wp\/v2\/posts"}],"about":[{"href":"https:\/\/stacatarina.mx\/consejos\/wp-json\/wp\/v2\/types\/post"}],"author":[{"embeddable":true,"href":"https:\/\/stacatarina.mx\/consejos\/wp-json\/wp\/v2\/users\/1"}],"replies":[{"embeddable":true,"href":"https:\/\/stacatarina.mx\/consejos\/wp-json\/wp\/v2\/comments?post=8651"}],"version-history":[{"count":1,"href":"https:\/\/stacatarina.mx\/consejos\/wp-json\/wp\/v2\/posts\/8651\/revisions"}],"predecessor-version":[{"id":8653,"href":"https:\/\/stacatarina.mx\/consejos\/wp-json\/wp\/v2\/posts\/8651\/revisions\/8653"}],"wp:featuredmedia":[{"embeddable":true,"href":"https:\/\/stacatarina.mx\/consejos\/wp-json\/wp\/v2\/media\/8652"}],"wp:attachment":[{"href":"https:\/\/stacatarina.mx\/consejos\/wp-json\/wp\/v2\/media?parent=8651"}],"wp:term":[{"taxonomy":"category","embeddable":true,"href":"https:\/\/stacatarina.mx\/consejos\/wp-json\/wp\/v2\/categories?post=8651"},{"taxonomy":"post_tag","embeddable":true,"href":"https:\/\/stacatarina.mx\/consejos\/wp-json\/wp\/v2\/tags?post=8651"}],"curies":[{"name":"wp","href":"https:\/\/api.w.org\/{rel}","templated":true}]}}