{"id":8802,"date":"2026-04-18T16:53:13","date_gmt":"2026-04-18T22:53:13","guid":{"rendered":"https:\/\/stacatarina.mx\/consejos\/a-sus-95-anos-bate-cinco-records-mundiales-de-natacion-tras-superar-los-100-jane-asher-nos-ensena-que-la-pasion-no-tiene-fecha-de-caducidad\/"},"modified":"2026-04-18T16:53:17","modified_gmt":"2026-04-18T22:53:17","slug":"a-sus-95-anos-bate-cinco-records-mundiales-de-natacion-tras-superar-los-100-jane-asher-nos-ensena-que-la-pasion-no-tiene-fecha-de-caducidad","status":"publish","type":"post","link":"https:\/\/stacatarina.mx\/consejos\/a-sus-95-anos-bate-cinco-records-mundiales-de-natacion-tras-superar-los-100-jane-asher-nos-ensena-que-la-pasion-no-tiene-fecha-de-caducidad\/","title":{"rendered":"A sus 95 a\u00f1os bate cinco r\u00e9cords mundiales de nataci\u00f3n (tras superar los 100): Jane Asher nos ense\u00f1a que la pasi\u00f3n no tiene fecha de caducidad"},"content":{"rendered":"<p><\/p>\n<p>A los 95 a\u00f1os, mientras muchos reducen el ritmo, Jane Asher acelera. La nadadora brit\u00e1nica acaba de establecer cinco nuevos r\u00e9cords mundiales en la categor\u00eda, a\u00f1adiendo un cap\u00edtulo m\u00e1s a una carrera que desaf\u00eda la l\u00f3gica de la edad. No se trata de un episodio aislado: a lo largo de su vida deportiva ha acumulado m\u00e1s de 100 r\u00e9cords en nataci\u00f3n m\u00e1ster, convirti\u00e9ndose con raz\u00f3n en una de las figuras m\u00e1s longevas y extraordinarias del deporte internacional.<\/p>\n<div class=\"facebook responsive-container\">\n<div id=\"fb-root\"><\/div>\n<\/p>\n<div class=\"fb-post\" data-href=\"https:\/\/www.facebook.com\/SwimEngland\/posts\/1419937643506836?ref=embed_post\" data-width=\"500\"><\/div>\n<\/div>\n<h2>\u00bfEl secreto? Consistencia, ritmo y pasi\u00f3n.<\/h2>\n<p>No habla de milagros ni de talentos extraordinarios. Su enfoque se basa en la disciplina y la escucha del cuerpo. Para ella, el secreto est\u00e1 en controlar el ritmo: saber dosificar la energ\u00eda, especialmente en carreras largas, es lo que realmente marca la diferencia. La nataci\u00f3n, afirma, no es s\u00f3lo una competici\u00f3n sino una forma de bienestar total. Despu\u00e9s de cada entrenamiento, la sensaci\u00f3n es de absoluta ligereza, como si el cuerpo pudiera afrontar cualquier reto.<\/p>\n<h2>La conexi\u00f3n con el agua desde la infancia<\/h2>\n<p>Nacida en \u00c1frica y criada entre diferentes culturas, Jane Asher siempre ha tenido una profunda conexi\u00f3n con el agua. Fue su madre quien le transmiti\u00f3 esta pasi\u00f3n, ense\u00f1\u00e1ndole a nadar desde peque\u00f1a. A partir de ah\u00ed, un camino que la llev\u00f3 a competir y entrenar por todo el mundo: desde Estados Unidos hasta Australia, pasando por Europa y Ocean\u00eda. Curiosamente, su carrera en nataci\u00f3n competitiva comenz\u00f3 relativamente tarde, alrededor de los 50 a\u00f1os. Una elecci\u00f3n que habr\u00eda desanimado a muchos, pero para ella fue el comienzo de una segunda vida deportiva.<\/p>\n<div class=\"facebook responsive-container\">\n<div id=\"fb-root\"><\/div>\n<\/p>\n<div class=\"fb-post\" data-href=\"https:\/\/www.facebook.com\/SwimEngland\/posts\/1310412884459313?ref=embed_post\" data-width=\"500\"><\/div>\n<\/div>\n<h2>N\u00fameros legendarios y reconocimiento internacional<\/h2>\n<p>Su lista de logros habla por s\u00ed sola: 26 medallas de oro, un lugar en el Sal\u00f3n de la Fama Internacional de la Nataci\u00f3n y la concesi\u00f3n de la Medalla del Imperio Brit\u00e1nico por su contribuci\u00f3n al deporte. Logros que hablan no s\u00f3lo de talento, sino sobre todo de una extraordinaria longevidad atl\u00e9tica. Sin embargo, a pesar de sus \u00e9xitos, su historia sigue anclada en una dimensi\u00f3n simple: la del placer de nadar y la comunidad que se crea en torno a este deporte.<\/p>\n<p>Si hay un elemento que emerge con fuerza en su relato es el valor de las relaciones. Para Jane Asher, el verdadero impulsor de su carrera no es s\u00f3lo la formaci\u00f3n, sino tambi\u00e9n las personas que ha conocido a lo largo del camino. Entrenadores, amigos, compa\u00f1eros: una red de apoyo que hizo posible cada logro. Es precisamente este sentimiento de pertenencia el que todav\u00eda hoy le da el impulso para continuar.<\/p>\n<div class=\"responsive-container\">\n<blockquote class=\"instagram-media\" data-instgrm-captioned data-instgrm-permalink=\"https:\/\/www.instagram.com\/p\/CkTbg8EIeZI\/?utm_source=ig_embed&amp;utm_campaign=loading\" data-instgrm-version=\"14\" style=\"background:#FFF;border:0;border-radius:3px;margin: 1px;max-width:500px;min-width:326px;padding:0;width:99.375%;width:-webkit-calc(100% - 2px);width:calc(100% - 2px)\">\n<div style=\"padding:16px\">\n<div style=\"flex-direction: row;align-items: center\">\n<div style=\"background-color: #F4F4F4;border-radius: 50%;flex-grow: 0;height: 40px;margin-right: 14px;width: 40px\"><\/div>\n<div style=\"flex-direction: column;flex-grow: 1;justify-content: center\">\n<div style=\"background-color: #F4F4F4;border-radius: 4px;flex-grow: 0;height: 14px;margin-bottom: 6px;width: 100px\"><\/div>\n<div style=\"background-color: #F4F4F4;border-radius: 4px;flex-grow: 0;height: 14px;width: 60px\"><\/div>\n<\/div>\n<\/div>\n<div style=\"padding: 19% 0\"><\/div>\n<div style=\"height:50px;margin:0 auto 12px;width:50px\"><\/div>\n<div style=\"padding-top: 8px\">\n<div style=\"color:#3897f0;font-family:Arial,sans-serif;font-size:14px;font-style:normal;font-weight:550;line-height:18px\">Ver esta publicaci\u00f3n en Instagram<\/div>\n<\/div>\n<div style=\"padding: 12.5% 0\"><\/div>\n<div style=\"flex-direction: row;margin-bottom: 14px;align-items: center\">\n<div>\n<div style=\"background-color: #F4F4F4;border-radius: 50%;height: 12.5px;width: 12.5px\"><\/div>\n<div style=\"background-color: #F4F4F4;height: 12.5px;width: 12.5px;flex-grow: 0;margin-right: 14px;margin-left: 2px\"><\/div>\n<div style=\"background-color: #F4F4F4;border-radius: 50%;height: 12.5px;width: 12.5px\"><\/div>\n<\/div>\n<div style=\"margin-left: 8px\">\n<div style=\"background-color: #F4F4F4;border-radius: 50%;flex-grow: 0;height: 20px;width: 20px\"><\/div>\n<div style=\"width: 0;height: 0;border-top: 2px solid transparent;border-left: 6px solid #f4f4f4;border-bottom: 2px solid transparent\"><\/div>\n<\/div>\n<div style=\"margin-left: auto\">\n<div style=\"width: 0px;border-top: 8px solid #F4F4F4;border-right: 8px solid transparent\"><\/div>\n<div style=\"background-color: #F4F4F4;flex-grow: 0;height: 12px;width: 16px\"><\/div>\n<div style=\"width: 0;height: 0;border-top: 8px solid #F4F4F4;border-left: 8px solid transparent\"><\/div>\n<\/div>\n<\/div>\n<div style=\"flex-direction: column;flex-grow: 1;justify-content: center;margin-bottom: 24px\">\n<div style=\"background-color: #F4F4F4;border-radius: 4px;flex-grow: 0;height: 14px;margin-bottom: 6px;width: 224px\"><\/div>\n<div style=\"background-color: #F4F4F4;border-radius: 4px;flex-grow: 0;height: 14px;width: 144px\"><\/div>\n<\/div>\n<\/div>\n<\/blockquote>\n<\/div>\n<h2>Mirando hacia adelante, sin frenar<\/h2>\n<p>A pesar de sus 95 a\u00f1os, el futuro sigue siendo el centro de sus objetivos. El pr\u00f3ximo desaf\u00edo ya est\u00e1 en la mira: un concurso internacional en Budapest, con la posibilidad concreta de a\u00f1adir nuevos discos a su colecci\u00f3n. Su historia derriba una creencia muy extendida: la edad no es un l\u00edmite, al contrario. Y cuando la pasi\u00f3n, la disciplina y las relaciones se entrelazan, el tiempo deja de ser un obst\u00e1culo y simplemente pasa a ser parte del viaje.<\/p>\n<\/p>\n<div id=\"fb-root\"><\/div>\n<p><script async defer src=\"https:\/\/connect.facebook.net\/en_US\/sdk.js#xfbml=1&#038;version=v3.2\"><\/script><script async src=\"\/\/www.instagram.com\/embed.js\"><\/script><\/p>\n","protected":false},"excerpt":{"rendered":"<p>A los 95 a\u00f1os, mientras muchos reducen el ritmo, Jane Asher acelera. La nadadora brit\u00e1nica acaba de establecer cinco nuevos r\u00e9cords mundiales en la categor\u00eda,<\/p>\n","protected":false},"author":1,"featured_media":8803,"comment_status":"closed","ping_status":"","sticky":false,"template":"","format":"standard","meta":{"footnotes":""},"categories":[762],"tags":[209,8513,2430,3253,174,3817,3252,8512,62,6012,8511,297,2980,6195,3415,119,944,788],"class_list":["post-8802","post","type-post","status-publish","format-standard","has-post-thumbnail","hentry","category-salud","tag-anos","tag-asher","tag-bate","tag-caducidad","tag-cinco","tag-ensena","tag-fecha","tag-jane","tag-los","tag-mundiales","tag-natacion","tag-nos","tag-pasion","tag-records","tag-superar","tag-sus","tag-tiene","tag-tras","generate-columns","tablet-grid-50","mobile-grid-100","grid-parent","grid-50"],"yoast_head":"<!-- This site is optimized with the Yoast SEO plugin v23.4 - https:\/\/yoast.com\/wordpress\/plugins\/seo\/ -->\n<title>A sus 95 a\u00f1os bate cinco r\u00e9cords mundiales de nataci\u00f3n (tras superar los 100): Jane Asher nos ense\u00f1a que la pasi\u00f3n no tiene fecha de caducidad - Consejos - Santa Catarina<\/title>\n<meta name=\"robots\" content=\"index, follow, max-snippet:-1, max-image-preview:large, max-video-preview:-1\" \/>\n<link rel=\"canonical\" href=\"https:\/\/stacatarina.mx\/consejos\/a-sus-95-anos-bate-cinco-records-mundiales-de-natacion-tras-superar-los-100-jane-asher-nos-ensena-que-la-pasion-no-tiene-fecha-de-caducidad\/\" \/>\n<meta property=\"og:locale\" content=\"es_MX\" \/>\n<meta property=\"og:type\" content=\"article\" \/>\n<meta property=\"og:title\" content=\"A sus 95 a\u00f1os bate cinco r\u00e9cords mundiales de nataci\u00f3n (tras superar los 100): Jane Asher nos ense\u00f1a que la pasi\u00f3n no tiene fecha de caducidad - Consejos - Santa Catarina\" \/>\n<meta property=\"og:description\" content=\"A los 95 a\u00f1os, mientras muchos reducen el ritmo, Jane Asher acelera. La nadadora brit\u00e1nica acaba de establecer cinco nuevos r\u00e9cords mundiales en la categor\u00eda,\" \/>\n<meta property=\"og:url\" content=\"https:\/\/stacatarina.mx\/consejos\/a-sus-95-anos-bate-cinco-records-mundiales-de-natacion-tras-superar-los-100-jane-asher-nos-ensena-que-la-pasion-no-tiene-fecha-de-caducidad\/\" \/>\n<meta property=\"og:site_name\" content=\"Santa Catarina\" \/>\n<meta property=\"article:publisher\" content=\"https:\/\/www.facebook.com\/stacatarinagob\/\" \/>\n<meta property=\"article:published_time\" content=\"2026-04-18T22:53:13+00:00\" \/>\n<meta property=\"article:modified_time\" content=\"2026-04-18T22:53:17+00:00\" \/>\n<meta property=\"og:image\" content=\"https:\/\/stacatarina.mx\/consejos\/wp-content\/uploads\/2026\/04\/A-sus-95-anos-bate-cinco-records-mundiales-de-natacion.jpg\" \/>\n\t<meta property=\"og:image:width\" content=\"1500\" \/>\n\t<meta property=\"og:image:height\" content=\"1000\" \/>\n\t<meta property=\"og:image:type\" content=\"image\/jpeg\" \/>\n<meta name=\"author\" content=\"Pedro Mart\u00ednez\" \/>\n<meta name=\"twitter:card\" content=\"summary_large_image\" \/>\n<meta name=\"twitter:creator\" content=\"@stacatarinagob\" \/>\n<meta name=\"twitter:site\" content=\"@stacatarinagob\" \/>\n<meta name=\"twitter:label1\" content=\"Escrito por\" \/>\n\t<meta name=\"twitter:data1\" content=\"Pedro Mart\u00ednez\" \/>\n\t<meta name=\"twitter:label2\" content=\"Tiempo de lectura\" \/>\n\t<meta name=\"twitter:data2\" content=\"3 minutos\" \/>\n<script type=\"application\/ld+json\" class=\"yoast-schema-graph\">{\"@context\":\"https:\/\/schema.org\",\"@graph\":[{\"@type\":\"Article\",\"@id\":\"https:\/\/stacatarina.mx\/consejos\/a-sus-95-anos-bate-cinco-records-mundiales-de-natacion-tras-superar-los-100-jane-asher-nos-ensena-que-la-pasion-no-tiene-fecha-de-caducidad\/#article\",\"isPartOf\":{\"@id\":\"https:\/\/stacatarina.mx\/consejos\/a-sus-95-anos-bate-cinco-records-mundiales-de-natacion-tras-superar-los-100-jane-asher-nos-ensena-que-la-pasion-no-tiene-fecha-de-caducidad\/\"},\"author\":{\"name\":\"Pedro Mart\u00ednez\",\"@id\":\"https:\/\/stacatarina.mx\/consejos\/#\/schema\/person\/0be60adffa8e4c4d0828fdf021450e8a\"},\"headline\":\"A sus 95 a\u00f1os bate cinco r\u00e9cords mundiales de nataci\u00f3n (tras superar los 100): Jane Asher nos ense\u00f1a que la pasi\u00f3n no tiene fecha de caducidad\",\"datePublished\":\"2026-04-18T22:53:13+00:00\",\"dateModified\":\"2026-04-18T22:53:17+00:00\",\"mainEntityOfPage\":{\"@id\":\"https:\/\/stacatarina.mx\/consejos\/a-sus-95-anos-bate-cinco-records-mundiales-de-natacion-tras-superar-los-100-jane-asher-nos-ensena-que-la-pasion-no-tiene-fecha-de-caducidad\/\"},\"wordCount\":588,\"publisher\":{\"@id\":\"https:\/\/stacatarina.mx\/consejos\/#organization\"},\"image\":{\"@id\":\"https:\/\/stacatarina.mx\/consejos\/a-sus-95-anos-bate-cinco-records-mundiales-de-natacion-tras-superar-los-100-jane-asher-nos-ensena-que-la-pasion-no-tiene-fecha-de-caducidad\/#primaryimage\"},\"thumbnailUrl\":\"https:\/\/stacatarina.mx\/consejos\/wp-content\/uploads\/2026\/04\/A-sus-95-anos-bate-cinco-records-mundiales-de-natacion.jpg\",\"keywords\":[\"a\u00f1os\",\"Asher\",\"bate\",\"caducidad\",\"cinco\",\"ense\u00f1a\",\"fecha\",\"Jane\",\"los\",\"mundiales\",\"nataci\u00f3n\",\"nos\",\"pasi\u00f3n\",\"r\u00e9cords\",\"superar\",\"sus\",\"tiene\",\"tras\"],\"articleSection\":[\"Salud\"],\"inLanguage\":\"es\"},{\"@type\":\"WebPage\",\"@id\":\"https:\/\/stacatarina.mx\/consejos\/a-sus-95-anos-bate-cinco-records-mundiales-de-natacion-tras-superar-los-100-jane-asher-nos-ensena-que-la-pasion-no-tiene-fecha-de-caducidad\/\",\"url\":\"https:\/\/stacatarina.mx\/consejos\/a-sus-95-anos-bate-cinco-records-mundiales-de-natacion-tras-superar-los-100-jane-asher-nos-ensena-que-la-pasion-no-tiene-fecha-de-caducidad\/\",\"name\":\"A sus 95 a\u00f1os bate cinco r\u00e9cords mundiales de nataci\u00f3n (tras superar los 100): Jane Asher nos ense\u00f1a que la pasi\u00f3n no tiene fecha de caducidad - Consejos - Santa Catarina\",\"isPartOf\":{\"@id\":\"https:\/\/stacatarina.mx\/consejos\/#website\"},\"primaryImageOfPage\":{\"@id\":\"https:\/\/stacatarina.mx\/consejos\/a-sus-95-anos-bate-cinco-records-mundiales-de-natacion-tras-superar-los-100-jane-asher-nos-ensena-que-la-pasion-no-tiene-fecha-de-caducidad\/#primaryimage\"},\"image\":{\"@id\":\"https:\/\/stacatarina.mx\/consejos\/a-sus-95-anos-bate-cinco-records-mundiales-de-natacion-tras-superar-los-100-jane-asher-nos-ensena-que-la-pasion-no-tiene-fecha-de-caducidad\/#primaryimage\"},\"thumbnailUrl\":\"https:\/\/stacatarina.mx\/consejos\/wp-content\/uploads\/2026\/04\/A-sus-95-anos-bate-cinco-records-mundiales-de-natacion.jpg\",\"datePublished\":\"2026-04-18T22:53:13+00:00\",\"dateModified\":\"2026-04-18T22:53:17+00:00\",\"breadcrumb\":{\"@id\":\"https:\/\/stacatarina.mx\/consejos\/a-sus-95-anos-bate-cinco-records-mundiales-de-natacion-tras-superar-los-100-jane-asher-nos-ensena-que-la-pasion-no-tiene-fecha-de-caducidad\/#breadcrumb\"},\"inLanguage\":\"es\",\"potentialAction\":[{\"@type\":\"ReadAction\",\"target\":[\"https:\/\/stacatarina.mx\/consejos\/a-sus-95-anos-bate-cinco-records-mundiales-de-natacion-tras-superar-los-100-jane-asher-nos-ensena-que-la-pasion-no-tiene-fecha-de-caducidad\/\"]}]},{\"@type\":\"ImageObject\",\"inLanguage\":\"es\",\"@id\":\"https:\/\/stacatarina.mx\/consejos\/a-sus-95-anos-bate-cinco-records-mundiales-de-natacion-tras-superar-los-100-jane-asher-nos-ensena-que-la-pasion-no-tiene-fecha-de-caducidad\/#primaryimage\",\"url\":\"https:\/\/stacatarina.mx\/consejos\/wp-content\/uploads\/2026\/04\/A-sus-95-anos-bate-cinco-records-mundiales-de-natacion.jpg\",\"contentUrl\":\"https:\/\/stacatarina.mx\/consejos\/wp-content\/uploads\/2026\/04\/A-sus-95-anos-bate-cinco-records-mundiales-de-natacion.jpg\",\"width\":1500,\"height\":1000,\"caption\":\"95 anni nuoto\"},{\"@type\":\"BreadcrumbList\",\"@id\":\"https:\/\/stacatarina.mx\/consejos\/a-sus-95-anos-bate-cinco-records-mundiales-de-natacion-tras-superar-los-100-jane-asher-nos-ensena-que-la-pasion-no-tiene-fecha-de-caducidad\/#breadcrumb\",\"itemListElement\":[{\"@type\":\"ListItem\",\"position\":1,\"name\":\"Inicio\",\"item\":\"https:\/\/stacatarina.mx\/consejos\/\"},{\"@type\":\"ListItem\",\"position\":2,\"name\":\"A sus 95 a\u00f1os bate cinco r\u00e9cords mundiales de nataci\u00f3n (tras superar los 100): Jane Asher nos ense\u00f1a que la pasi\u00f3n no tiene fecha de caducidad\"}]},{\"@type\":\"WebSite\",\"@id\":\"https:\/\/stacatarina.mx\/consejos\/#website\",\"url\":\"https:\/\/stacatarina.mx\/consejos\/\",\"name\":\"Santa Catarina\",\"description\":\"\",\"publisher\":{\"@id\":\"https:\/\/stacatarina.mx\/consejos\/#organization\"},\"potentialAction\":[{\"@type\":\"SearchAction\",\"target\":{\"@type\":\"EntryPoint\",\"urlTemplate\":\"https:\/\/stacatarina.mx\/consejos\/?s={search_term_string}\"},\"query-input\":{\"@type\":\"PropertyValueSpecification\",\"valueRequired\":true,\"valueName\":\"search_term_string\"}}],\"inLanguage\":\"es\"},{\"@type\":\"Organization\",\"@id\":\"https:\/\/stacatarina.mx\/consejos\/#organization\",\"name\":\"Santa Catarina\",\"url\":\"https:\/\/stacatarina.mx\/consejos\/\",\"logo\":{\"@type\":\"ImageObject\",\"inLanguage\":\"es\",\"@id\":\"https:\/\/stacatarina.mx\/consejos\/#\/schema\/logo\/image\/\",\"url\":\"https:\/\/stacatarina.mx\/consejos\/wp-content\/uploads\/2024\/09\/cropped-favicon-1-1.png\",\"contentUrl\":\"https:\/\/stacatarina.mx\/consejos\/wp-content\/uploads\/2024\/09\/cropped-favicon-1-1.png\",\"width\":512,\"height\":512,\"caption\":\"Santa Catarina\"},\"image\":{\"@id\":\"https:\/\/stacatarina.mx\/consejos\/#\/schema\/logo\/image\/\"},\"sameAs\":[\"https:\/\/www.facebook.com\/stacatarinagob\/\",\"https:\/\/x.com\/stacatarinagob\",\"https:\/\/www.instagram.com\/stacatarinagob\/\",\"https:\/\/www.youtube.com\/channel\/UCK-6cQJL_904665N1_nLTWw\"]},{\"@type\":\"Person\",\"@id\":\"https:\/\/stacatarina.mx\/consejos\/#\/schema\/person\/0be60adffa8e4c4d0828fdf021450e8a\",\"name\":\"Pedro Mart\u00ednez\",\"image\":{\"@type\":\"ImageObject\",\"inLanguage\":\"es\",\"@id\":\"https:\/\/stacatarina.mx\/consejos\/#\/schema\/person\/image\/\",\"url\":\"https:\/\/stacatarina.mx\/consejos\/wp-content\/uploads\/2024\/09\/stacatarina.jpg\",\"contentUrl\":\"https:\/\/stacatarina.mx\/consejos\/wp-content\/uploads\/2024\/09\/stacatarina.jpg\",\"caption\":\"Pedro Mart\u00ednez\"},\"description\":\"Hola, soy Pedro Mart\u00ednez, redactor jefe del sitio oficial del ayuntamiento de Santa Catarina, en M\u00e9xico. Con m\u00e1s de diez a\u00f1os de experiencia en el periodismo local, tengo una pasi\u00f3n por la investigaci\u00f3n y la difusi\u00f3n de informaci\u00f3n que valoriza nuestra hermosa comunidad. Mi compromiso es hacer de Santa Catarina una referencia en materia de transparencia y comunicaci\u00f3n municipal.\",\"sameAs\":[\"https:\/\/stacatarina.mx\/\"]}]}<\/script>\n<!-- \/ Yoast SEO plugin. -->","yoast_head_json":{"title":"A sus 95 a\u00f1os bate cinco r\u00e9cords mundiales de nataci\u00f3n (tras superar los 100): Jane Asher nos ense\u00f1a que la pasi\u00f3n no tiene fecha de caducidad - Consejos - Santa Catarina","robots":{"index":"index","follow":"follow","max-snippet":"max-snippet:-1","max-image-preview":"max-image-preview:large","max-video-preview":"max-video-preview:-1"},"canonical":"https:\/\/stacatarina.mx\/consejos\/a-sus-95-anos-bate-cinco-records-mundiales-de-natacion-tras-superar-los-100-jane-asher-nos-ensena-que-la-pasion-no-tiene-fecha-de-caducidad\/","og_locale":"es_MX","og_type":"article","og_title":"A sus 95 a\u00f1os bate cinco r\u00e9cords mundiales de nataci\u00f3n (tras superar los 100): Jane Asher nos ense\u00f1a que la pasi\u00f3n no tiene fecha de caducidad - Consejos - Santa Catarina","og_description":"A los 95 a\u00f1os, mientras muchos reducen el ritmo, Jane Asher acelera. La nadadora brit\u00e1nica acaba de establecer cinco nuevos r\u00e9cords mundiales en la categor\u00eda,","og_url":"https:\/\/stacatarina.mx\/consejos\/a-sus-95-anos-bate-cinco-records-mundiales-de-natacion-tras-superar-los-100-jane-asher-nos-ensena-que-la-pasion-no-tiene-fecha-de-caducidad\/","og_site_name":"Santa Catarina","article_publisher":"https:\/\/www.facebook.com\/stacatarinagob\/","article_published_time":"2026-04-18T22:53:13+00:00","article_modified_time":"2026-04-18T22:53:17+00:00","og_image":[{"width":1500,"height":1000,"url":"https:\/\/stacatarina.mx\/consejos\/wp-content\/uploads\/2026\/04\/A-sus-95-anos-bate-cinco-records-mundiales-de-natacion.jpg","type":"image\/jpeg"}],"author":"Pedro Mart\u00ednez","twitter_card":"summary_large_image","twitter_creator":"@stacatarinagob","twitter_site":"@stacatarinagob","twitter_misc":{"Escrito por":"Pedro Mart\u00ednez","Tiempo de lectura":"3 minutos"},"schema":{"@context":"https:\/\/schema.org","@graph":[{"@type":"Article","@id":"https:\/\/stacatarina.mx\/consejos\/a-sus-95-anos-bate-cinco-records-mundiales-de-natacion-tras-superar-los-100-jane-asher-nos-ensena-que-la-pasion-no-tiene-fecha-de-caducidad\/#article","isPartOf":{"@id":"https:\/\/stacatarina.mx\/consejos\/a-sus-95-anos-bate-cinco-records-mundiales-de-natacion-tras-superar-los-100-jane-asher-nos-ensena-que-la-pasion-no-tiene-fecha-de-caducidad\/"},"author":{"name":"Pedro Mart\u00ednez","@id":"https:\/\/stacatarina.mx\/consejos\/#\/schema\/person\/0be60adffa8e4c4d0828fdf021450e8a"},"headline":"A sus 95 a\u00f1os bate cinco r\u00e9cords mundiales de nataci\u00f3n (tras superar los 100): Jane Asher nos ense\u00f1a que la pasi\u00f3n no tiene fecha de caducidad","datePublished":"2026-04-18T22:53:13+00:00","dateModified":"2026-04-18T22:53:17+00:00","mainEntityOfPage":{"@id":"https:\/\/stacatarina.mx\/consejos\/a-sus-95-anos-bate-cinco-records-mundiales-de-natacion-tras-superar-los-100-jane-asher-nos-ensena-que-la-pasion-no-tiene-fecha-de-caducidad\/"},"wordCount":588,"publisher":{"@id":"https:\/\/stacatarina.mx\/consejos\/#organization"},"image":{"@id":"https:\/\/stacatarina.mx\/consejos\/a-sus-95-anos-bate-cinco-records-mundiales-de-natacion-tras-superar-los-100-jane-asher-nos-ensena-que-la-pasion-no-tiene-fecha-de-caducidad\/#primaryimage"},"thumbnailUrl":"https:\/\/stacatarina.mx\/consejos\/wp-content\/uploads\/2026\/04\/A-sus-95-anos-bate-cinco-records-mundiales-de-natacion.jpg","keywords":["a\u00f1os","Asher","bate","caducidad","cinco","ense\u00f1a","fecha","Jane","los","mundiales","nataci\u00f3n","nos","pasi\u00f3n","r\u00e9cords","superar","sus","tiene","tras"],"articleSection":["Salud"],"inLanguage":"es"},{"@type":"WebPage","@id":"https:\/\/stacatarina.mx\/consejos\/a-sus-95-anos-bate-cinco-records-mundiales-de-natacion-tras-superar-los-100-jane-asher-nos-ensena-que-la-pasion-no-tiene-fecha-de-caducidad\/","url":"https:\/\/stacatarina.mx\/consejos\/a-sus-95-anos-bate-cinco-records-mundiales-de-natacion-tras-superar-los-100-jane-asher-nos-ensena-que-la-pasion-no-tiene-fecha-de-caducidad\/","name":"A sus 95 a\u00f1os bate cinco r\u00e9cords mundiales de nataci\u00f3n (tras superar los 100): Jane Asher nos ense\u00f1a que la pasi\u00f3n no tiene fecha de caducidad - Consejos - Santa Catarina","isPartOf":{"@id":"https:\/\/stacatarina.mx\/consejos\/#website"},"primaryImageOfPage":{"@id":"https:\/\/stacatarina.mx\/consejos\/a-sus-95-anos-bate-cinco-records-mundiales-de-natacion-tras-superar-los-100-jane-asher-nos-ensena-que-la-pasion-no-tiene-fecha-de-caducidad\/#primaryimage"},"image":{"@id":"https:\/\/stacatarina.mx\/consejos\/a-sus-95-anos-bate-cinco-records-mundiales-de-natacion-tras-superar-los-100-jane-asher-nos-ensena-que-la-pasion-no-tiene-fecha-de-caducidad\/#primaryimage"},"thumbnailUrl":"https:\/\/stacatarina.mx\/consejos\/wp-content\/uploads\/2026\/04\/A-sus-95-anos-bate-cinco-records-mundiales-de-natacion.jpg","datePublished":"2026-04-18T22:53:13+00:00","dateModified":"2026-04-18T22:53:17+00:00","breadcrumb":{"@id":"https:\/\/stacatarina.mx\/consejos\/a-sus-95-anos-bate-cinco-records-mundiales-de-natacion-tras-superar-los-100-jane-asher-nos-ensena-que-la-pasion-no-tiene-fecha-de-caducidad\/#breadcrumb"},"inLanguage":"es","potentialAction":[{"@type":"ReadAction","target":["https:\/\/stacatarina.mx\/consejos\/a-sus-95-anos-bate-cinco-records-mundiales-de-natacion-tras-superar-los-100-jane-asher-nos-ensena-que-la-pasion-no-tiene-fecha-de-caducidad\/"]}]},{"@type":"ImageObject","inLanguage":"es","@id":"https:\/\/stacatarina.mx\/consejos\/a-sus-95-anos-bate-cinco-records-mundiales-de-natacion-tras-superar-los-100-jane-asher-nos-ensena-que-la-pasion-no-tiene-fecha-de-caducidad\/#primaryimage","url":"https:\/\/stacatarina.mx\/consejos\/wp-content\/uploads\/2026\/04\/A-sus-95-anos-bate-cinco-records-mundiales-de-natacion.jpg","contentUrl":"https:\/\/stacatarina.mx\/consejos\/wp-content\/uploads\/2026\/04\/A-sus-95-anos-bate-cinco-records-mundiales-de-natacion.jpg","width":1500,"height":1000,"caption":"95 anni nuoto"},{"@type":"BreadcrumbList","@id":"https:\/\/stacatarina.mx\/consejos\/a-sus-95-anos-bate-cinco-records-mundiales-de-natacion-tras-superar-los-100-jane-asher-nos-ensena-que-la-pasion-no-tiene-fecha-de-caducidad\/#breadcrumb","itemListElement":[{"@type":"ListItem","position":1,"name":"Inicio","item":"https:\/\/stacatarina.mx\/consejos\/"},{"@type":"ListItem","position":2,"name":"A sus 95 a\u00f1os bate cinco r\u00e9cords mundiales de nataci\u00f3n (tras superar los 100): Jane Asher nos ense\u00f1a que la pasi\u00f3n no tiene fecha de caducidad"}]},{"@type":"WebSite","@id":"https:\/\/stacatarina.mx\/consejos\/#website","url":"https:\/\/stacatarina.mx\/consejos\/","name":"Santa Catarina","description":"","publisher":{"@id":"https:\/\/stacatarina.mx\/consejos\/#organization"},"potentialAction":[{"@type":"SearchAction","target":{"@type":"EntryPoint","urlTemplate":"https:\/\/stacatarina.mx\/consejos\/?s={search_term_string}"},"query-input":{"@type":"PropertyValueSpecification","valueRequired":true,"valueName":"search_term_string"}}],"inLanguage":"es"},{"@type":"Organization","@id":"https:\/\/stacatarina.mx\/consejos\/#organization","name":"Santa Catarina","url":"https:\/\/stacatarina.mx\/consejos\/","logo":{"@type":"ImageObject","inLanguage":"es","@id":"https:\/\/stacatarina.mx\/consejos\/#\/schema\/logo\/image\/","url":"https:\/\/stacatarina.mx\/consejos\/wp-content\/uploads\/2024\/09\/cropped-favicon-1-1.png","contentUrl":"https:\/\/stacatarina.mx\/consejos\/wp-content\/uploads\/2024\/09\/cropped-favicon-1-1.png","width":512,"height":512,"caption":"Santa Catarina"},"image":{"@id":"https:\/\/stacatarina.mx\/consejos\/#\/schema\/logo\/image\/"},"sameAs":["https:\/\/www.facebook.com\/stacatarinagob\/","https:\/\/x.com\/stacatarinagob","https:\/\/www.instagram.com\/stacatarinagob\/","https:\/\/www.youtube.com\/channel\/UCK-6cQJL_904665N1_nLTWw"]},{"@type":"Person","@id":"https:\/\/stacatarina.mx\/consejos\/#\/schema\/person\/0be60adffa8e4c4d0828fdf021450e8a","name":"Pedro Mart\u00ednez","image":{"@type":"ImageObject","inLanguage":"es","@id":"https:\/\/stacatarina.mx\/consejos\/#\/schema\/person\/image\/","url":"https:\/\/stacatarina.mx\/consejos\/wp-content\/uploads\/2024\/09\/stacatarina.jpg","contentUrl":"https:\/\/stacatarina.mx\/consejos\/wp-content\/uploads\/2024\/09\/stacatarina.jpg","caption":"Pedro Mart\u00ednez"},"description":"Hola, soy Pedro Mart\u00ednez, redactor jefe del sitio oficial del ayuntamiento de Santa Catarina, en M\u00e9xico. Con m\u00e1s de diez a\u00f1os de experiencia en el periodismo local, tengo una pasi\u00f3n por la investigaci\u00f3n y la difusi\u00f3n de informaci\u00f3n que valoriza nuestra hermosa comunidad. Mi compromiso es hacer de Santa Catarina una referencia en materia de transparencia y comunicaci\u00f3n municipal.","sameAs":["https:\/\/stacatarina.mx\/"]}]}},"_links":{"self":[{"href":"https:\/\/stacatarina.mx\/consejos\/wp-json\/wp\/v2\/posts\/8802"}],"collection":[{"href":"https:\/\/stacatarina.mx\/consejos\/wp-json\/wp\/v2\/posts"}],"about":[{"href":"https:\/\/stacatarina.mx\/consejos\/wp-json\/wp\/v2\/types\/post"}],"author":[{"embeddable":true,"href":"https:\/\/stacatarina.mx\/consejos\/wp-json\/wp\/v2\/users\/1"}],"replies":[{"embeddable":true,"href":"https:\/\/stacatarina.mx\/consejos\/wp-json\/wp\/v2\/comments?post=8802"}],"version-history":[{"count":1,"href":"https:\/\/stacatarina.mx\/consejos\/wp-json\/wp\/v2\/posts\/8802\/revisions"}],"predecessor-version":[{"id":8804,"href":"https:\/\/stacatarina.mx\/consejos\/wp-json\/wp\/v2\/posts\/8802\/revisions\/8804"}],"wp:featuredmedia":[{"embeddable":true,"href":"https:\/\/stacatarina.mx\/consejos\/wp-json\/wp\/v2\/media\/8803"}],"wp:attachment":[{"href":"https:\/\/stacatarina.mx\/consejos\/wp-json\/wp\/v2\/media?parent=8802"}],"wp:term":[{"taxonomy":"category","embeddable":true,"href":"https:\/\/stacatarina.mx\/consejos\/wp-json\/wp\/v2\/categories?post=8802"},{"taxonomy":"post_tag","embeddable":true,"href":"https:\/\/stacatarina.mx\/consejos\/wp-json\/wp\/v2\/tags?post=8802"}],"curies":[{"name":"wp","href":"https:\/\/api.w.org\/{rel}","templated":true}]}}