{"id":8820,"date":"2026-04-19T22:53:49","date_gmt":"2026-04-20T04:53:49","guid":{"rendered":"https:\/\/stacatarina.mx\/consejos\/caminar-a-paso-ligero-cual-es-el-ritmo-adecuado-para-activar-el-metabolismo-la-respuesta-no-es-tan-obvia-como-crees\/"},"modified":"2026-04-19T22:53:52","modified_gmt":"2026-04-20T04:53:52","slug":"caminar-a-paso-ligero-cual-es-el-ritmo-adecuado-para-activar-el-metabolismo-la-respuesta-no-es-tan-obvia-como-crees","status":"publish","type":"post","link":"https:\/\/stacatarina.mx\/consejos\/caminar-a-paso-ligero-cual-es-el-ritmo-adecuado-para-activar-el-metabolismo-la-respuesta-no-es-tan-obvia-como-crees\/","title":{"rendered":"Caminar a paso ligero: \u00bfcu\u00e1l es el ritmo adecuado para activar el metabolismo? La respuesta no es tan obvia como crees."},"content":{"rendered":"<p><\/p>\n<p>Olv\u00eddate de la idea de la figura m\u00e1gica. El metabolismo no espera a que aparezca un n\u00famero preciso en la pantalla para ponerse a trabajar, porque ya funciona por s\u00ed solo, cada minuto del d\u00eda. La diferencia la marca la intensidad con la que obligamos al cuerpo a salir de su zona de confort. Para algunos ocurre a un ritmo de casi 5 kil\u00f3metros por hora, para otros llega a m\u00e1s. Las directrices suelen utilizar la marcha r\u00e1pida a unos 3 kil\u00f3metros por hora, poco menos de 4,8 km\/h, como ejemplo de actividad moderada, pero la misma intensidad siempre debe leerse de forma relativa, es decir, en funci\u00f3n de la respiraci\u00f3n, de la fatiga percibida, del nivel de entrenamiento real.<\/p>\n<p>Quienes parten de un estilo de vida sedentario entran en el rango moderado mucho antes que quienes llevan a\u00f1os entrenando. Una persona no entrenada puede considerar que una caminata r\u00e1pida es exigente incluso a un ritmo que un atleta considerar\u00eda casi de recuperaci\u00f3n. El punto, entonces, est\u00e1 todo aqu\u00ed: buscar el ritmo que aumente el trabajo del coraz\u00f3n, los pulmones y los m\u00fasculos sin descontrolar el cuerpo. Cuando la intensidad es la adecuada, la respiraci\u00f3n se acelera, el calor aumenta, el cuerpo se pone en movimiento de forma clara, continua y legible.<\/p>\n<p>La forma m\u00e1s sencilla de entender esto sigue siendo la prueba oral. Funciona porque elimina los relojes inteligentes, las f\u00f3rmulas y las fijaciones de veloc\u00edmetro. Si puedes hablar durante la caminata, tal vez con frases cortas, pero cantar se vuelve imposible, est\u00e1s en el territorio \u00fatil de la intensidad moderada. Si charlas como si estuvieras sentado en un bar, el ritmo sigue siendo demasiado suave. Sin embargo, si tiene dificultades para articular algunas palabras, ya est\u00e1 superando la zona que normalmente puede mantenerse de manera rentable durante mucho tiempo.<\/p>\n<h2>El metabolismo responde al ritmo sostenido.<\/h2>\n<p>Cuando caminar entra en ese rango de trabajo \u00fatil, los m\u00fasculos piden m\u00e1s energ\u00eda y comienzan a utilizar mejor el combustible disponible. Aqu\u00ed entran en juego dos efectos valiosos: mejora la sensibilidad a la insulina y la glucosa en sangre se controla de manera m\u00e1s eficiente. Es una de las razones por las que caminar regularmente est\u00e1 indicado como un gesto concreto para la salud metab\u00f3lica. A esto se suma el hecho de que el ejercicio subm\u00e1ximo y prolongado favorece el aprovechamiento de las grasas como fuente de energ\u00eda, dentro de un mecanismo que se vuelve m\u00e1s eficiente con el entrenamiento.<\/p>\n<p>Luego est\u00e1 el lado m\u00e1s sencillo, el que finalmente pesa en la balanza de la vida cotidiana: el gasto energ\u00e9tico total. La caminata r\u00e1pida no necesita escenarios \u00e9picos para funcionar. Treinta o cuarenta minutos bien hechos cambian el consumo del d\u00eda y, cuando se convierten en una rutina, ayudan a mantener el peso y a reducir la grasa visceral, esa grasa que se acumula alrededor de los \u00f3rganos y que trae consigo los peores riesgos a nivel metab\u00f3lico. El beneficio llega por acumulaci\u00f3n, por obstinaci\u00f3n, por repetici\u00f3n. Es un asunto mucho menos glamoroso que una sesi\u00f3n heroica y por esa raz\u00f3n se mantiene mejor con el tiempo.<\/p>\n<h2>Caminar que ayuda al metabolismo encuentra espacio en la vida normal<\/h2>\n<p>Las recomendaciones para adultos siguen indicando al menos 150 minutos por semana de actividad moderada. Traducido a la vida real, tambi\u00e9n significa cinco sesiones de media hora, o varios bloques cortos repartidos a lo largo de los d\u00edas, siempre que la intensidad siga siendo la adecuada. Lo mejor es comenzar con unos minutos lentos para calentar articulaciones y m\u00fasculos, luego aumentar el ritmo, para finalmente cerrar con un estiramiento m\u00e1s tranquilo que acompa\u00f1e al cuerpo fuera del esfuerzo sin desgarrarlo repentinamente.<\/p>\n<p>Quienes quieran que caminar a paso ligero sea a\u00fan m\u00e1s eficaz tienen margen sin complicarse la vida. Ligeras subidas, escaleras y caminos menos uniformes exigen m\u00e1s trabajo muscular y aumentan el coste energ\u00e9tico del gesto. La t\u00e9cnica tambi\u00e9n cuenta: cabeza en alto, hombros suaves, brazos que siguen el paso con naturalidad, con un swing verdadero y coordinado. Parece un detalle, pero en cambio cambia el ritmo, involucra mejor al cuerpo y hace la caminata m\u00e1s plena, m\u00e1s activa, m\u00e1s estable. El n\u00famero del reloj inteligente permanece ah\u00ed. El cuerpo, mucho antes, ya lo ha entendido todo.<\/p><\/p>\n","protected":false},"excerpt":{"rendered":"<p>Olv\u00eddate de la idea de la figura m\u00e1gica. El metabolismo no espera a que aparezca un n\u00famero preciso en la pantalla para ponerse a trabajar,<\/p>\n","protected":false},"author":1,"featured_media":8821,"comment_status":"closed","ping_status":"","sticky":false,"template":"","format":"standard","meta":{"footnotes":""},"categories":[762],"tags":[4873,2710,2995,15,1703,895,3396,3911,5648,29,794,321,3795,370],"class_list":["post-8820","post","type-post","status-publish","format-standard","has-post-thumbnail","hentry","category-salud","tag-activar","tag-adecuado","tag-caminar","tag-como","tag-crees","tag-cual","tag-ligero","tag-metabolismo","tag-obvia","tag-para","tag-paso","tag-respuesta","tag-ritmo","tag-tan","generate-columns","tablet-grid-50","mobile-grid-100","grid-parent","grid-50"],"yoast_head":"<!-- This site is optimized with the Yoast SEO plugin v23.4 - https:\/\/yoast.com\/wordpress\/plugins\/seo\/ -->\n<title>Caminar a paso ligero: \u00bfcu\u00e1l es el ritmo adecuado para activar el metabolismo? La respuesta no es tan obvia como crees. - Consejos - Santa Catarina<\/title>\n<meta name=\"robots\" content=\"index, follow, max-snippet:-1, max-image-preview:large, max-video-preview:-1\" \/>\n<link rel=\"canonical\" href=\"https:\/\/stacatarina.mx\/consejos\/caminar-a-paso-ligero-cual-es-el-ritmo-adecuado-para-activar-el-metabolismo-la-respuesta-no-es-tan-obvia-como-crees\/\" \/>\n<meta property=\"og:locale\" content=\"es_MX\" \/>\n<meta property=\"og:type\" content=\"article\" \/>\n<meta property=\"og:title\" content=\"Caminar a paso ligero: \u00bfcu\u00e1l es el ritmo adecuado para activar el metabolismo? La respuesta no es tan obvia como crees. - Consejos - Santa Catarina\" \/>\n<meta property=\"og:description\" content=\"Olv\u00eddate de la idea de la figura m\u00e1gica. El metabolismo no espera a que aparezca un n\u00famero preciso en la pantalla para ponerse a trabajar,\" \/>\n<meta property=\"og:url\" content=\"https:\/\/stacatarina.mx\/consejos\/caminar-a-paso-ligero-cual-es-el-ritmo-adecuado-para-activar-el-metabolismo-la-respuesta-no-es-tan-obvia-como-crees\/\" \/>\n<meta property=\"og:site_name\" content=\"Santa Catarina\" \/>\n<meta property=\"article:publisher\" content=\"https:\/\/www.facebook.com\/stacatarinagob\/\" \/>\n<meta property=\"article:published_time\" content=\"2026-04-20T04:53:49+00:00\" \/>\n<meta property=\"article:modified_time\" content=\"2026-04-20T04:53:52+00:00\" \/>\n<meta property=\"og:image\" content=\"https:\/\/stacatarina.mx\/consejos\/wp-content\/uploads\/2026\/04\/Caminar-a-paso-ligero-\u00bfcual-es-el-ritmo-adecuado-para.jpg\" \/>\n\t<meta property=\"og:image:width\" content=\"1500\" \/>\n\t<meta property=\"og:image:height\" content=\"1000\" \/>\n\t<meta property=\"og:image:type\" content=\"image\/jpeg\" \/>\n<meta name=\"author\" content=\"Pedro Mart\u00ednez\" \/>\n<meta name=\"twitter:card\" content=\"summary_large_image\" \/>\n<meta name=\"twitter:creator\" content=\"@stacatarinagob\" \/>\n<meta name=\"twitter:site\" content=\"@stacatarinagob\" \/>\n<meta name=\"twitter:label1\" content=\"Escrito por\" \/>\n\t<meta name=\"twitter:data1\" content=\"Pedro Mart\u00ednez\" \/>\n\t<meta name=\"twitter:label2\" content=\"Tiempo de lectura\" \/>\n\t<meta name=\"twitter:data2\" content=\"4 minutos\" \/>\n<script type=\"application\/ld+json\" class=\"yoast-schema-graph\">{\"@context\":\"https:\/\/schema.org\",\"@graph\":[{\"@type\":\"Article\",\"@id\":\"https:\/\/stacatarina.mx\/consejos\/caminar-a-paso-ligero-cual-es-el-ritmo-adecuado-para-activar-el-metabolismo-la-respuesta-no-es-tan-obvia-como-crees\/#article\",\"isPartOf\":{\"@id\":\"https:\/\/stacatarina.mx\/consejos\/caminar-a-paso-ligero-cual-es-el-ritmo-adecuado-para-activar-el-metabolismo-la-respuesta-no-es-tan-obvia-como-crees\/\"},\"author\":{\"name\":\"Pedro Mart\u00ednez\",\"@id\":\"https:\/\/stacatarina.mx\/consejos\/#\/schema\/person\/0be60adffa8e4c4d0828fdf021450e8a\"},\"headline\":\"Caminar a paso ligero: \u00bfcu\u00e1l es el ritmo adecuado para activar el metabolismo? La respuesta no es tan obvia como crees.\",\"datePublished\":\"2026-04-20T04:53:49+00:00\",\"dateModified\":\"2026-04-20T04:53:52+00:00\",\"mainEntityOfPage\":{\"@id\":\"https:\/\/stacatarina.mx\/consejos\/caminar-a-paso-ligero-cual-es-el-ritmo-adecuado-para-activar-el-metabolismo-la-respuesta-no-es-tan-obvia-como-crees\/\"},\"wordCount\":776,\"publisher\":{\"@id\":\"https:\/\/stacatarina.mx\/consejos\/#organization\"},\"image\":{\"@id\":\"https:\/\/stacatarina.mx\/consejos\/caminar-a-paso-ligero-cual-es-el-ritmo-adecuado-para-activar-el-metabolismo-la-respuesta-no-es-tan-obvia-como-crees\/#primaryimage\"},\"thumbnailUrl\":\"https:\/\/stacatarina.mx\/consejos\/wp-content\/uploads\/2026\/04\/Caminar-a-paso-ligero-\u00bfcual-es-el-ritmo-adecuado-para.jpg\",\"keywords\":[\"activar\",\"adecuado\",\"Caminar\",\"c\u00f3mo\",\"crees\",\"cu\u00e1l\",\"ligero\",\"metabolismo\",\"obvia\",\"para\",\"pas\u00f3\",\"Respuesta\",\"ritmo\",\"tan\"],\"articleSection\":[\"Salud\"],\"inLanguage\":\"es\"},{\"@type\":\"WebPage\",\"@id\":\"https:\/\/stacatarina.mx\/consejos\/caminar-a-paso-ligero-cual-es-el-ritmo-adecuado-para-activar-el-metabolismo-la-respuesta-no-es-tan-obvia-como-crees\/\",\"url\":\"https:\/\/stacatarina.mx\/consejos\/caminar-a-paso-ligero-cual-es-el-ritmo-adecuado-para-activar-el-metabolismo-la-respuesta-no-es-tan-obvia-como-crees\/\",\"name\":\"Caminar a paso ligero: \u00bfcu\u00e1l es el ritmo adecuado para activar el metabolismo? La respuesta no es tan obvia como crees. - Consejos - Santa Catarina\",\"isPartOf\":{\"@id\":\"https:\/\/stacatarina.mx\/consejos\/#website\"},\"primaryImageOfPage\":{\"@id\":\"https:\/\/stacatarina.mx\/consejos\/caminar-a-paso-ligero-cual-es-el-ritmo-adecuado-para-activar-el-metabolismo-la-respuesta-no-es-tan-obvia-como-crees\/#primaryimage\"},\"image\":{\"@id\":\"https:\/\/stacatarina.mx\/consejos\/caminar-a-paso-ligero-cual-es-el-ritmo-adecuado-para-activar-el-metabolismo-la-respuesta-no-es-tan-obvia-como-crees\/#primaryimage\"},\"thumbnailUrl\":\"https:\/\/stacatarina.mx\/consejos\/wp-content\/uploads\/2026\/04\/Caminar-a-paso-ligero-\u00bfcual-es-el-ritmo-adecuado-para.jpg\",\"datePublished\":\"2026-04-20T04:53:49+00:00\",\"dateModified\":\"2026-04-20T04:53:52+00:00\",\"breadcrumb\":{\"@id\":\"https:\/\/stacatarina.mx\/consejos\/caminar-a-paso-ligero-cual-es-el-ritmo-adecuado-para-activar-el-metabolismo-la-respuesta-no-es-tan-obvia-como-crees\/#breadcrumb\"},\"inLanguage\":\"es\",\"potentialAction\":[{\"@type\":\"ReadAction\",\"target\":[\"https:\/\/stacatarina.mx\/consejos\/caminar-a-paso-ligero-cual-es-el-ritmo-adecuado-para-activar-el-metabolismo-la-respuesta-no-es-tan-obvia-como-crees\/\"]}]},{\"@type\":\"ImageObject\",\"inLanguage\":\"es\",\"@id\":\"https:\/\/stacatarina.mx\/consejos\/caminar-a-paso-ligero-cual-es-el-ritmo-adecuado-para-activar-el-metabolismo-la-respuesta-no-es-tan-obvia-como-crees\/#primaryimage\",\"url\":\"https:\/\/stacatarina.mx\/consejos\/wp-content\/uploads\/2026\/04\/Caminar-a-paso-ligero-\u00bfcual-es-el-ritmo-adecuado-para.jpg\",\"contentUrl\":\"https:\/\/stacatarina.mx\/consejos\/wp-content\/uploads\/2026\/04\/Caminar-a-paso-ligero-\u00bfcual-es-el-ritmo-adecuado-para.jpg\",\"width\":1500,\"height\":1000,\"caption\":\"camminare\"},{\"@type\":\"BreadcrumbList\",\"@id\":\"https:\/\/stacatarina.mx\/consejos\/caminar-a-paso-ligero-cual-es-el-ritmo-adecuado-para-activar-el-metabolismo-la-respuesta-no-es-tan-obvia-como-crees\/#breadcrumb\",\"itemListElement\":[{\"@type\":\"ListItem\",\"position\":1,\"name\":\"Inicio\",\"item\":\"https:\/\/stacatarina.mx\/consejos\/\"},{\"@type\":\"ListItem\",\"position\":2,\"name\":\"Caminar a paso ligero: \u00bfcu\u00e1l es el ritmo adecuado para activar el metabolismo? La respuesta no es tan obvia como crees.\"}]},{\"@type\":\"WebSite\",\"@id\":\"https:\/\/stacatarina.mx\/consejos\/#website\",\"url\":\"https:\/\/stacatarina.mx\/consejos\/\",\"name\":\"Santa Catarina\",\"description\":\"\",\"publisher\":{\"@id\":\"https:\/\/stacatarina.mx\/consejos\/#organization\"},\"potentialAction\":[{\"@type\":\"SearchAction\",\"target\":{\"@type\":\"EntryPoint\",\"urlTemplate\":\"https:\/\/stacatarina.mx\/consejos\/?s={search_term_string}\"},\"query-input\":{\"@type\":\"PropertyValueSpecification\",\"valueRequired\":true,\"valueName\":\"search_term_string\"}}],\"inLanguage\":\"es\"},{\"@type\":\"Organization\",\"@id\":\"https:\/\/stacatarina.mx\/consejos\/#organization\",\"name\":\"Santa Catarina\",\"url\":\"https:\/\/stacatarina.mx\/consejos\/\",\"logo\":{\"@type\":\"ImageObject\",\"inLanguage\":\"es\",\"@id\":\"https:\/\/stacatarina.mx\/consejos\/#\/schema\/logo\/image\/\",\"url\":\"https:\/\/stacatarina.mx\/consejos\/wp-content\/uploads\/2024\/09\/cropped-favicon-1-1.png\",\"contentUrl\":\"https:\/\/stacatarina.mx\/consejos\/wp-content\/uploads\/2024\/09\/cropped-favicon-1-1.png\",\"width\":512,\"height\":512,\"caption\":\"Santa Catarina\"},\"image\":{\"@id\":\"https:\/\/stacatarina.mx\/consejos\/#\/schema\/logo\/image\/\"},\"sameAs\":[\"https:\/\/www.facebook.com\/stacatarinagob\/\",\"https:\/\/x.com\/stacatarinagob\",\"https:\/\/www.instagram.com\/stacatarinagob\/\",\"https:\/\/www.youtube.com\/channel\/UCK-6cQJL_904665N1_nLTWw\"]},{\"@type\":\"Person\",\"@id\":\"https:\/\/stacatarina.mx\/consejos\/#\/schema\/person\/0be60adffa8e4c4d0828fdf021450e8a\",\"name\":\"Pedro Mart\u00ednez\",\"image\":{\"@type\":\"ImageObject\",\"inLanguage\":\"es\",\"@id\":\"https:\/\/stacatarina.mx\/consejos\/#\/schema\/person\/image\/\",\"url\":\"https:\/\/stacatarina.mx\/consejos\/wp-content\/uploads\/2024\/09\/stacatarina.jpg\",\"contentUrl\":\"https:\/\/stacatarina.mx\/consejos\/wp-content\/uploads\/2024\/09\/stacatarina.jpg\",\"caption\":\"Pedro Mart\u00ednez\"},\"description\":\"Hola, soy Pedro Mart\u00ednez, redactor jefe del sitio oficial del ayuntamiento de Santa Catarina, en M\u00e9xico. Con m\u00e1s de diez a\u00f1os de experiencia en el periodismo local, tengo una pasi\u00f3n por la investigaci\u00f3n y la difusi\u00f3n de informaci\u00f3n que valoriza nuestra hermosa comunidad. Mi compromiso es hacer de Santa Catarina una referencia en materia de transparencia y comunicaci\u00f3n municipal.\",\"sameAs\":[\"https:\/\/stacatarina.mx\/\"]}]}<\/script>\n<!-- \/ Yoast SEO plugin. -->","yoast_head_json":{"title":"Caminar a paso ligero: \u00bfcu\u00e1l es el ritmo adecuado para activar el metabolismo? La respuesta no es tan obvia como crees. - Consejos - Santa Catarina","robots":{"index":"index","follow":"follow","max-snippet":"max-snippet:-1","max-image-preview":"max-image-preview:large","max-video-preview":"max-video-preview:-1"},"canonical":"https:\/\/stacatarina.mx\/consejos\/caminar-a-paso-ligero-cual-es-el-ritmo-adecuado-para-activar-el-metabolismo-la-respuesta-no-es-tan-obvia-como-crees\/","og_locale":"es_MX","og_type":"article","og_title":"Caminar a paso ligero: \u00bfcu\u00e1l es el ritmo adecuado para activar el metabolismo? La respuesta no es tan obvia como crees. - Consejos - Santa Catarina","og_description":"Olv\u00eddate de la idea de la figura m\u00e1gica. El metabolismo no espera a que aparezca un n\u00famero preciso en la pantalla para ponerse a trabajar,","og_url":"https:\/\/stacatarina.mx\/consejos\/caminar-a-paso-ligero-cual-es-el-ritmo-adecuado-para-activar-el-metabolismo-la-respuesta-no-es-tan-obvia-como-crees\/","og_site_name":"Santa Catarina","article_publisher":"https:\/\/www.facebook.com\/stacatarinagob\/","article_published_time":"2026-04-20T04:53:49+00:00","article_modified_time":"2026-04-20T04:53:52+00:00","og_image":[{"width":1500,"height":1000,"url":"https:\/\/stacatarina.mx\/consejos\/wp-content\/uploads\/2026\/04\/Caminar-a-paso-ligero-\u00bfcual-es-el-ritmo-adecuado-para.jpg","type":"image\/jpeg"}],"author":"Pedro Mart\u00ednez","twitter_card":"summary_large_image","twitter_creator":"@stacatarinagob","twitter_site":"@stacatarinagob","twitter_misc":{"Escrito por":"Pedro Mart\u00ednez","Tiempo de lectura":"4 minutos"},"schema":{"@context":"https:\/\/schema.org","@graph":[{"@type":"Article","@id":"https:\/\/stacatarina.mx\/consejos\/caminar-a-paso-ligero-cual-es-el-ritmo-adecuado-para-activar-el-metabolismo-la-respuesta-no-es-tan-obvia-como-crees\/#article","isPartOf":{"@id":"https:\/\/stacatarina.mx\/consejos\/caminar-a-paso-ligero-cual-es-el-ritmo-adecuado-para-activar-el-metabolismo-la-respuesta-no-es-tan-obvia-como-crees\/"},"author":{"name":"Pedro Mart\u00ednez","@id":"https:\/\/stacatarina.mx\/consejos\/#\/schema\/person\/0be60adffa8e4c4d0828fdf021450e8a"},"headline":"Caminar a paso ligero: \u00bfcu\u00e1l es el ritmo adecuado para activar el metabolismo? La respuesta no es tan obvia como crees.","datePublished":"2026-04-20T04:53:49+00:00","dateModified":"2026-04-20T04:53:52+00:00","mainEntityOfPage":{"@id":"https:\/\/stacatarina.mx\/consejos\/caminar-a-paso-ligero-cual-es-el-ritmo-adecuado-para-activar-el-metabolismo-la-respuesta-no-es-tan-obvia-como-crees\/"},"wordCount":776,"publisher":{"@id":"https:\/\/stacatarina.mx\/consejos\/#organization"},"image":{"@id":"https:\/\/stacatarina.mx\/consejos\/caminar-a-paso-ligero-cual-es-el-ritmo-adecuado-para-activar-el-metabolismo-la-respuesta-no-es-tan-obvia-como-crees\/#primaryimage"},"thumbnailUrl":"https:\/\/stacatarina.mx\/consejos\/wp-content\/uploads\/2026\/04\/Caminar-a-paso-ligero-\u00bfcual-es-el-ritmo-adecuado-para.jpg","keywords":["activar","adecuado","Caminar","c\u00f3mo","crees","cu\u00e1l","ligero","metabolismo","obvia","para","pas\u00f3","Respuesta","ritmo","tan"],"articleSection":["Salud"],"inLanguage":"es"},{"@type":"WebPage","@id":"https:\/\/stacatarina.mx\/consejos\/caminar-a-paso-ligero-cual-es-el-ritmo-adecuado-para-activar-el-metabolismo-la-respuesta-no-es-tan-obvia-como-crees\/","url":"https:\/\/stacatarina.mx\/consejos\/caminar-a-paso-ligero-cual-es-el-ritmo-adecuado-para-activar-el-metabolismo-la-respuesta-no-es-tan-obvia-como-crees\/","name":"Caminar a paso ligero: \u00bfcu\u00e1l es el ritmo adecuado para activar el metabolismo? La respuesta no es tan obvia como crees. - Consejos - Santa Catarina","isPartOf":{"@id":"https:\/\/stacatarina.mx\/consejos\/#website"},"primaryImageOfPage":{"@id":"https:\/\/stacatarina.mx\/consejos\/caminar-a-paso-ligero-cual-es-el-ritmo-adecuado-para-activar-el-metabolismo-la-respuesta-no-es-tan-obvia-como-crees\/#primaryimage"},"image":{"@id":"https:\/\/stacatarina.mx\/consejos\/caminar-a-paso-ligero-cual-es-el-ritmo-adecuado-para-activar-el-metabolismo-la-respuesta-no-es-tan-obvia-como-crees\/#primaryimage"},"thumbnailUrl":"https:\/\/stacatarina.mx\/consejos\/wp-content\/uploads\/2026\/04\/Caminar-a-paso-ligero-\u00bfcual-es-el-ritmo-adecuado-para.jpg","datePublished":"2026-04-20T04:53:49+00:00","dateModified":"2026-04-20T04:53:52+00:00","breadcrumb":{"@id":"https:\/\/stacatarina.mx\/consejos\/caminar-a-paso-ligero-cual-es-el-ritmo-adecuado-para-activar-el-metabolismo-la-respuesta-no-es-tan-obvia-como-crees\/#breadcrumb"},"inLanguage":"es","potentialAction":[{"@type":"ReadAction","target":["https:\/\/stacatarina.mx\/consejos\/caminar-a-paso-ligero-cual-es-el-ritmo-adecuado-para-activar-el-metabolismo-la-respuesta-no-es-tan-obvia-como-crees\/"]}]},{"@type":"ImageObject","inLanguage":"es","@id":"https:\/\/stacatarina.mx\/consejos\/caminar-a-paso-ligero-cual-es-el-ritmo-adecuado-para-activar-el-metabolismo-la-respuesta-no-es-tan-obvia-como-crees\/#primaryimage","url":"https:\/\/stacatarina.mx\/consejos\/wp-content\/uploads\/2026\/04\/Caminar-a-paso-ligero-\u00bfcual-es-el-ritmo-adecuado-para.jpg","contentUrl":"https:\/\/stacatarina.mx\/consejos\/wp-content\/uploads\/2026\/04\/Caminar-a-paso-ligero-\u00bfcual-es-el-ritmo-adecuado-para.jpg","width":1500,"height":1000,"caption":"camminare"},{"@type":"BreadcrumbList","@id":"https:\/\/stacatarina.mx\/consejos\/caminar-a-paso-ligero-cual-es-el-ritmo-adecuado-para-activar-el-metabolismo-la-respuesta-no-es-tan-obvia-como-crees\/#breadcrumb","itemListElement":[{"@type":"ListItem","position":1,"name":"Inicio","item":"https:\/\/stacatarina.mx\/consejos\/"},{"@type":"ListItem","position":2,"name":"Caminar a paso ligero: \u00bfcu\u00e1l es el ritmo adecuado para activar el metabolismo? La respuesta no es tan obvia como crees."}]},{"@type":"WebSite","@id":"https:\/\/stacatarina.mx\/consejos\/#website","url":"https:\/\/stacatarina.mx\/consejos\/","name":"Santa Catarina","description":"","publisher":{"@id":"https:\/\/stacatarina.mx\/consejos\/#organization"},"potentialAction":[{"@type":"SearchAction","target":{"@type":"EntryPoint","urlTemplate":"https:\/\/stacatarina.mx\/consejos\/?s={search_term_string}"},"query-input":{"@type":"PropertyValueSpecification","valueRequired":true,"valueName":"search_term_string"}}],"inLanguage":"es"},{"@type":"Organization","@id":"https:\/\/stacatarina.mx\/consejos\/#organization","name":"Santa Catarina","url":"https:\/\/stacatarina.mx\/consejos\/","logo":{"@type":"ImageObject","inLanguage":"es","@id":"https:\/\/stacatarina.mx\/consejos\/#\/schema\/logo\/image\/","url":"https:\/\/stacatarina.mx\/consejos\/wp-content\/uploads\/2024\/09\/cropped-favicon-1-1.png","contentUrl":"https:\/\/stacatarina.mx\/consejos\/wp-content\/uploads\/2024\/09\/cropped-favicon-1-1.png","width":512,"height":512,"caption":"Santa Catarina"},"image":{"@id":"https:\/\/stacatarina.mx\/consejos\/#\/schema\/logo\/image\/"},"sameAs":["https:\/\/www.facebook.com\/stacatarinagob\/","https:\/\/x.com\/stacatarinagob","https:\/\/www.instagram.com\/stacatarinagob\/","https:\/\/www.youtube.com\/channel\/UCK-6cQJL_904665N1_nLTWw"]},{"@type":"Person","@id":"https:\/\/stacatarina.mx\/consejos\/#\/schema\/person\/0be60adffa8e4c4d0828fdf021450e8a","name":"Pedro Mart\u00ednez","image":{"@type":"ImageObject","inLanguage":"es","@id":"https:\/\/stacatarina.mx\/consejos\/#\/schema\/person\/image\/","url":"https:\/\/stacatarina.mx\/consejos\/wp-content\/uploads\/2024\/09\/stacatarina.jpg","contentUrl":"https:\/\/stacatarina.mx\/consejos\/wp-content\/uploads\/2024\/09\/stacatarina.jpg","caption":"Pedro Mart\u00ednez"},"description":"Hola, soy Pedro Mart\u00ednez, redactor jefe del sitio oficial del ayuntamiento de Santa Catarina, en M\u00e9xico. Con m\u00e1s de diez a\u00f1os de experiencia en el periodismo local, tengo una pasi\u00f3n por la investigaci\u00f3n y la difusi\u00f3n de informaci\u00f3n que valoriza nuestra hermosa comunidad. Mi compromiso es hacer de Santa Catarina una referencia en materia de transparencia y comunicaci\u00f3n municipal.","sameAs":["https:\/\/stacatarina.mx\/"]}]}},"_links":{"self":[{"href":"https:\/\/stacatarina.mx\/consejos\/wp-json\/wp\/v2\/posts\/8820"}],"collection":[{"href":"https:\/\/stacatarina.mx\/consejos\/wp-json\/wp\/v2\/posts"}],"about":[{"href":"https:\/\/stacatarina.mx\/consejos\/wp-json\/wp\/v2\/types\/post"}],"author":[{"embeddable":true,"href":"https:\/\/stacatarina.mx\/consejos\/wp-json\/wp\/v2\/users\/1"}],"replies":[{"embeddable":true,"href":"https:\/\/stacatarina.mx\/consejos\/wp-json\/wp\/v2\/comments?post=8820"}],"version-history":[{"count":1,"href":"https:\/\/stacatarina.mx\/consejos\/wp-json\/wp\/v2\/posts\/8820\/revisions"}],"predecessor-version":[{"id":8822,"href":"https:\/\/stacatarina.mx\/consejos\/wp-json\/wp\/v2\/posts\/8820\/revisions\/8822"}],"wp:featuredmedia":[{"embeddable":true,"href":"https:\/\/stacatarina.mx\/consejos\/wp-json\/wp\/v2\/media\/8821"}],"wp:attachment":[{"href":"https:\/\/stacatarina.mx\/consejos\/wp-json\/wp\/v2\/media?parent=8820"}],"wp:term":[{"taxonomy":"category","embeddable":true,"href":"https:\/\/stacatarina.mx\/consejos\/wp-json\/wp\/v2\/categories?post=8820"},{"taxonomy":"post_tag","embeddable":true,"href":"https:\/\/stacatarina.mx\/consejos\/wp-json\/wp\/v2\/tags?post=8820"}],"curies":[{"name":"wp","href":"https:\/\/api.w.org\/{rel}","templated":true}]}}