{"id":8823,"date":"2026-04-20T06:52:33","date_gmt":"2026-04-20T12:52:33","guid":{"rendered":"https:\/\/stacatarina.mx\/consejos\/guerra-contra-iran-guerra-contra-la-naturaleza\/"},"modified":"2026-04-20T06:52:35","modified_gmt":"2026-04-20T12:52:35","slug":"guerra-contra-iran-guerra-contra-la-naturaleza","status":"publish","type":"post","link":"https:\/\/stacatarina.mx\/consejos\/guerra-contra-iran-guerra-contra-la-naturaleza\/","title":{"rendered":"Guerra contra Ir\u00e1n, guerra contra la naturaleza"},"content":{"rendered":"<div class=\"entry-content\">\n<h4 class=\"wp-block-heading\">Una larga guerra entre Estados Unidos e Israel contra Ir\u00e1n llevar\u00eda el medio ambiente de Medio Oriente al l\u00edmite.<\/h4>\n<p>Un poco antes de Nowruz, llovi\u00f3 petr\u00f3leo en Teher\u00e1n. La gente se despertaba y ve\u00eda coches, \u00e1rboles, flores y gatos callejeros cubiertos de manchas de color negro parduzco.<\/p>\n<p>La medianoche anterior, el horizonte estaba naranja. Los ataques a\u00e9reos israel\u00edes alcanzaron el dep\u00f3sito de petr\u00f3leo de Shahran en las afueras de la ciudad. El dep\u00f3sito ardi\u00f3 durante d\u00edas, liberando vapores t\u00f3xicos en una de las capitales m\u00e1s contaminadas del mundo.<\/p>\n<p>Los incendios, los escombros, el polvo y el material t\u00f3xico de las municiones fortalecen al enemigo invisible de la contaminaci\u00f3n del aire. Los ataques cerca de instalaciones nucleares e industriales importantes ya han aumentado el riesgo de contaminaci\u00f3n radiol\u00f3gica y qu\u00edmica.<\/p>\n<h4 class=\"wp-block-heading\">Industrializado<\/h4>\n<p>Adem\u00e1s, las emisiones militares de un conflicto prolongado contribuir\u00e1n al colapso clim\u00e1tico, empujando a Oriente Medio hacia olas de calor y sequ\u00edas m\u00e1s prolongadas que matar\u00e1n a m\u00e1s personas mucho despu\u00e9s de que cesen los bombardeos.<\/p>\n<p>La lluvia negra de Teher\u00e1n fue s\u00f3lo un vistazo de lo que una guerra prolongada puede traer al entorno ya estresado de Medio Oriente, donde las infraestructuras civiles son objetivos militares. Cuando los misiles impactan en petroleros, oleoductos, refiner\u00edas, dep\u00f3sitos, redes el\u00e9ctricas y plantas desalinizadoras, las p\u00e9rdidas superan con creces el da\u00f1o econ\u00f3mico.<\/p>\n<p>Una guerra prolongada podr\u00eda dejar a millones de personas sin electricidad y agua potable, socavar la seguridad alimentaria con una crisis de fertilizantes y desencadenar desastres ambientales irreversibles.<\/p>\n<p>Como ecosistema semicerrado y fuertemente industrializado, el Golfo P\u00e9rsico no puede absorber m\u00e1s presi\u00f3n.<\/p>\n<p>M\u00e1s de dos tercios de sus arrecifes de coral ya han desaparecido y el resto est\u00e1 en riesgo de extinci\u00f3n. Aunque el calor es el principal culpable, los contaminantes del petr\u00f3leo tambi\u00e9n son perjudiciales.<\/p>\n<h4 class=\"wp-block-heading\">Destructivo<\/h4>\n<p>Los da\u00f1os a los manglares y las praderas marinas a\u00f1aden m\u00e1s tensi\u00f3n. Greenpeace describe los petroleros atrapados en el Golfo P\u00e9rsico como \u201cuna bomba de tiempo ecol\u00f3gica\u201d.<\/p>\n<p>La regi\u00f3n ya se encuentra bajo un estr\u00e9s h\u00eddrico extremadamente alto. En las seis monarqu\u00edas del Golfo, m\u00e1s de 60 millones de personas dependen en gran medida del agua de mar desalinizada, el 99 por ciento del agua potable en Qatar.<\/p>\n<p>Destruir las plantas desalinizadoras podr\u00eda hacer inhabitables ciudades como Doha, Dubai y Manama. Esto no es una inevitabilidad natural, sino que refleja c\u00f3mo los estados han organizado sociedades y recursos naturales en torno al crecimiento impulsado por combustibles f\u00f3siles y la seguridad militarizada.<\/p>\n<p>Las plantas desalinizadoras suministran agua a millones de personas, pero su descarga de salmuera eleva la salinidad y las temperaturas localizadas y casi todas estas plantas funcionan con combustibles f\u00f3siles, lo que aumenta las emisiones.<\/p>\n<p>La escala y la forma de este suministro de agua ambientalmente destructivo no est\u00e1n dictadas por la necesidad econ\u00f3mica o las tendencias demogr\u00e1ficas &#8220;naturales&#8221;.<\/p>\n<h4 class=\"wp-block-heading\">hegem\u00f3nico<\/h4>\n<p>Lo construyen conscientemente los estados para sostener un modelo orientado a reciclar petrod\u00f3lares y controlar una gran afluencia de trabajadores migrantes que est\u00e1n empleados en megaproyectos y sectores de servicios de pa\u00edses con alta urbanizaci\u00f3n pero urbanismo superficial.<\/p>\n<p>Las represas iran\u00edes y su degradaci\u00f3n ambiental reflejan las plantas desalinizadoras del Golfo; son soluciones grandes, costosas y centralizadas que hacen depender la supervivencia cotidiana de infraestructuras que no se ajustan bien a sus l\u00edmites ecol\u00f3gicos.<\/p>\n<p>El \u00e1rido Oriente Medio es un terreno f\u00e9rtil para el determinismo ambiental, un enfoque que pasa por alto la din\u00e1mica geopol\u00edtica externa. Tambi\u00e9n oscurece la contestaci\u00f3n interna y las visiones encontradas sobre la naturaleza y el desarrollo.<\/p>\n<p>Juntas, estas fuerzas dan forma a una ecolog\u00eda hegem\u00f3nica emergente, en la que una determinada imagen del territorio, la naturaleza y las comunidades define intereses entrelazados y alinea a los actores estatales, militares y de mercado en torno a un camino de desarrollo.<\/p>\n<p>Entonces, contrariamente a la opini\u00f3n com\u00fan, Medio Oriente no est\u00e1 maldito por los recursos naturales ni condenado a conflictos debido al colapso clim\u00e1tico.<\/p>\n<h4 class=\"wp-block-heading\">T\u00f3xico<\/h4>\n<p>El problema es un petrodesarrollismo militarizado que trata la tierra y el agua como activos y palancas de ganancias y seguridad en lugar de condiciones para la vida, y es este modelo de gobierno el que socava la resiliencia ecol\u00f3gica.<\/p>\n<p>Desde las fortalezas subterr\u00e1neas de misiles de Ir\u00e1n hasta el r\u00e1pido ascenso de Dubai como centro global de aviaci\u00f3n y log\u00edstica, los estados de la regi\u00f3n han demostrado que pueden movilizar enormes recursos cuando as\u00ed lo desean; pero esas decisiones a menudo favorecen los negocios de armas, los proyectos de prestigio y la fr\u00e1gil infraestructura, por encima de la sostenibilidad de las sociedades y los entornos.<\/p>\n<p>Las minor\u00edas \u00e9tnicas, los trabajadores migrantes y los residentes de las periferias urbanas, junto con los ecosistemas y la biodiversidad fr\u00e1giles, son tratados como prescindibles para asegurar el crecimiento econ\u00f3mico y proyectar poder en el pa\u00eds y en el extranjero.<\/p>\n<p>Sin embargo, cuando el agua se seca, los bosques arden, el aire se vuelve t\u00f3xico y la tierra es expropiada, la gente se levanta y perturba el orden de seguridad vertical, como ya lo han demostrado los agravios ambientales en la d\u00e9cada de protestas en Ir\u00e1n.<\/p>\n<p>Cuanto m\u00e1s se prolongue esta guerra, menores ser\u00e1n las posibilidades de abordar estos problemas.<\/p>\n<h4 class=\"wp-block-heading\">Emergencias<\/h4>\n<p>Es poco probable que la reconstrucci\u00f3n de posguerra d\u00e9 prioridad a las preocupaciones ambientales, y es casi seguro que un conflicto importante obligar\u00eda a los gobiernos a duplicar el gasto en defensa en una regi\u00f3n que a menudo tiene la proporci\u00f3n m\u00e1s alta de gasto militar.<\/p>\n<p>A largo plazo, estas decisiones pol\u00edticas podr\u00edan llevar a la regi\u00f3n a un colapso ecol\u00f3gico m\u00e1s que cualquier ola de calor o sequ\u00eda.<\/p>\n<p>Recientemente, Donald Trump, el presidente de Estados Unidos, calific\u00f3 a los ambientalistas de \u201cterroristas\u201d, haci\u00e9ndose eco de la ret\u00f3rica del Cuerpo de la Guardia Revolucionaria Isl\u00e1mica, cuya unidad de inteligencia arrest\u00f3 a miembros de la Persian Wildlife Heritage Foundation en 2018 y los acus\u00f3 de espionaje.<\/p>\n<p>Los ej\u00e9rcitos que luchan entre s\u00ed tambi\u00e9n refuerzan el militarismo y reducen el espacio pol\u00edtico para que la gente discuta c\u00f3mo se utilizan la tierra, el agua y la energ\u00eda.<\/p>\n<p>A medida que este ecosistema de guerra choca con entornos en colapso y emergencias crecientes, las luchas por la ecolog\u00eda, los derechos pol\u00edticos b\u00e1sicos y la posibilidad misma de un futuro en la regi\u00f3n se vuelven una y la misma.<\/p>\n<hr class=\"wp-block-separator has-alpha-channel-opacity\">\n<p>Art\u00edculo del Dr. Maziar Samiee, investigador asociado del Centro de Econom\u00eda Pol\u00edtica Global de la Universidad de Sussex. Publicado originalmente en The Ecologist el 20 de abril de 2026. https:\/\/theecologist.org\/2026\/apr\/20\/war-iran-war-nature <br \/>Licenciado bajo Creative Commons Attribution 4.0 (CC BY 4.0).<\/p>\n<\/p><\/div>\n","protected":false},"excerpt":{"rendered":"<p>Una larga guerra entre Estados Unidos e Israel contra Ir\u00e1n llevar\u00eda el medio ambiente de Medio Oriente al l\u00edmite. Un poco antes de Nowruz, llovi\u00f3<\/p>\n","protected":false},"author":1,"featured_media":8824,"comment_status":"closed","ping_status":"","sticky":false,"template":"","format":"standard","meta":{"footnotes":""},"categories":[68],"tags":[246,7651,7957,245],"class_list":["post-8823","post","type-post","status-publish","format-standard","has-post-thumbnail","hentry","category-fauna-y-flora","tag-contra","tag-guerra","tag-iran","tag-naturaleza","generate-columns","tablet-grid-50","mobile-grid-100","grid-parent","grid-50"],"yoast_head":"<!-- This site is optimized with the Yoast SEO plugin v23.4 - https:\/\/yoast.com\/wordpress\/plugins\/seo\/ -->\n<title>Guerra contra Ir\u00e1n, guerra contra la naturaleza - Consejos - Santa Catarina<\/title>\n<meta name=\"robots\" content=\"index, follow, max-snippet:-1, max-image-preview:large, max-video-preview:-1\" \/>\n<link rel=\"canonical\" href=\"https:\/\/stacatarina.mx\/consejos\/guerra-contra-iran-guerra-contra-la-naturaleza\/\" \/>\n<meta property=\"og:locale\" content=\"es_MX\" \/>\n<meta property=\"og:type\" content=\"article\" \/>\n<meta property=\"og:title\" content=\"Guerra contra Ir\u00e1n, guerra contra la naturaleza - Consejos - Santa Catarina\" \/>\n<meta property=\"og:description\" content=\"Una larga guerra entre Estados Unidos e Israel contra Ir\u00e1n llevar\u00eda el medio ambiente de Medio Oriente al l\u00edmite. Un poco antes de Nowruz, llovi\u00f3\" \/>\n<meta property=\"og:url\" content=\"https:\/\/stacatarina.mx\/consejos\/guerra-contra-iran-guerra-contra-la-naturaleza\/\" \/>\n<meta property=\"og:site_name\" content=\"Santa Catarina\" \/>\n<meta property=\"article:publisher\" content=\"https:\/\/www.facebook.com\/stacatarinagob\/\" \/>\n<meta property=\"article:published_time\" content=\"2026-04-20T12:52:33+00:00\" \/>\n<meta property=\"article:modified_time\" content=\"2026-04-20T12:52:35+00:00\" \/>\n<meta property=\"og:image\" content=\"https:\/\/stacatarina.mx\/consejos\/wp-content\/uploads\/2026\/04\/Guerra-contra-Iran-guerra-contra-la-naturaleza.jpg\" \/>\n\t<meta property=\"og:image:width\" content=\"900\" \/>\n\t<meta property=\"og:image:height\" content=\"550\" \/>\n\t<meta property=\"og:image:type\" content=\"image\/jpeg\" \/>\n<meta name=\"author\" content=\"Pedro Mart\u00ednez\" \/>\n<meta name=\"twitter:card\" content=\"summary_large_image\" \/>\n<meta name=\"twitter:creator\" content=\"@stacatarinagob\" \/>\n<meta name=\"twitter:site\" content=\"@stacatarinagob\" \/>\n<meta name=\"twitter:label1\" content=\"Escrito por\" \/>\n\t<meta name=\"twitter:data1\" content=\"Pedro Mart\u00ednez\" \/>\n\t<meta name=\"twitter:label2\" content=\"Tiempo de lectura\" \/>\n\t<meta name=\"twitter:data2\" content=\"6 minutos\" \/>\n<script type=\"application\/ld+json\" class=\"yoast-schema-graph\">{\"@context\":\"https:\/\/schema.org\",\"@graph\":[{\"@type\":\"Article\",\"@id\":\"https:\/\/stacatarina.mx\/consejos\/guerra-contra-iran-guerra-contra-la-naturaleza\/#article\",\"isPartOf\":{\"@id\":\"https:\/\/stacatarina.mx\/consejos\/guerra-contra-iran-guerra-contra-la-naturaleza\/\"},\"author\":{\"name\":\"Pedro Mart\u00ednez\",\"@id\":\"https:\/\/stacatarina.mx\/consejos\/#\/schema\/person\/0be60adffa8e4c4d0828fdf021450e8a\"},\"headline\":\"Guerra contra Ir\u00e1n, guerra contra la naturaleza\",\"datePublished\":\"2026-04-20T12:52:33+00:00\",\"dateModified\":\"2026-04-20T12:52:35+00:00\",\"mainEntityOfPage\":{\"@id\":\"https:\/\/stacatarina.mx\/consejos\/guerra-contra-iran-guerra-contra-la-naturaleza\/\"},\"wordCount\":1205,\"publisher\":{\"@id\":\"https:\/\/stacatarina.mx\/consejos\/#organization\"},\"image\":{\"@id\":\"https:\/\/stacatarina.mx\/consejos\/guerra-contra-iran-guerra-contra-la-naturaleza\/#primaryimage\"},\"thumbnailUrl\":\"https:\/\/stacatarina.mx\/consejos\/wp-content\/uploads\/2026\/04\/Guerra-contra-Iran-guerra-contra-la-naturaleza.jpg\",\"keywords\":[\"contra\",\"guerra\",\"Ir\u00e1n\",\"naturaleza\"],\"articleSection\":[\"Fauna y Flora\"],\"inLanguage\":\"es\"},{\"@type\":\"WebPage\",\"@id\":\"https:\/\/stacatarina.mx\/consejos\/guerra-contra-iran-guerra-contra-la-naturaleza\/\",\"url\":\"https:\/\/stacatarina.mx\/consejos\/guerra-contra-iran-guerra-contra-la-naturaleza\/\",\"name\":\"Guerra contra Ir\u00e1n, guerra contra la naturaleza - Consejos - Santa Catarina\",\"isPartOf\":{\"@id\":\"https:\/\/stacatarina.mx\/consejos\/#website\"},\"primaryImageOfPage\":{\"@id\":\"https:\/\/stacatarina.mx\/consejos\/guerra-contra-iran-guerra-contra-la-naturaleza\/#primaryimage\"},\"image\":{\"@id\":\"https:\/\/stacatarina.mx\/consejos\/guerra-contra-iran-guerra-contra-la-naturaleza\/#primaryimage\"},\"thumbnailUrl\":\"https:\/\/stacatarina.mx\/consejos\/wp-content\/uploads\/2026\/04\/Guerra-contra-Iran-guerra-contra-la-naturaleza.jpg\",\"datePublished\":\"2026-04-20T12:52:33+00:00\",\"dateModified\":\"2026-04-20T12:52:35+00:00\",\"breadcrumb\":{\"@id\":\"https:\/\/stacatarina.mx\/consejos\/guerra-contra-iran-guerra-contra-la-naturaleza\/#breadcrumb\"},\"inLanguage\":\"es\",\"potentialAction\":[{\"@type\":\"ReadAction\",\"target\":[\"https:\/\/stacatarina.mx\/consejos\/guerra-contra-iran-guerra-contra-la-naturaleza\/\"]}]},{\"@type\":\"ImageObject\",\"inLanguage\":\"es\",\"@id\":\"https:\/\/stacatarina.mx\/consejos\/guerra-contra-iran-guerra-contra-la-naturaleza\/#primaryimage\",\"url\":\"https:\/\/stacatarina.mx\/consejos\/wp-content\/uploads\/2026\/04\/Guerra-contra-Iran-guerra-contra-la-naturaleza.jpg\",\"contentUrl\":\"https:\/\/stacatarina.mx\/consejos\/wp-content\/uploads\/2026\/04\/Guerra-contra-Iran-guerra-contra-la-naturaleza.jpg\",\"width\":900,\"height\":550,\"caption\":\"War on Iran, war on nature\"},{\"@type\":\"BreadcrumbList\",\"@id\":\"https:\/\/stacatarina.mx\/consejos\/guerra-contra-iran-guerra-contra-la-naturaleza\/#breadcrumb\",\"itemListElement\":[{\"@type\":\"ListItem\",\"position\":1,\"name\":\"Inicio\",\"item\":\"https:\/\/stacatarina.mx\/consejos\/\"},{\"@type\":\"ListItem\",\"position\":2,\"name\":\"Guerra contra Ir\u00e1n, guerra contra la naturaleza\"}]},{\"@type\":\"WebSite\",\"@id\":\"https:\/\/stacatarina.mx\/consejos\/#website\",\"url\":\"https:\/\/stacatarina.mx\/consejos\/\",\"name\":\"Santa Catarina\",\"description\":\"\",\"publisher\":{\"@id\":\"https:\/\/stacatarina.mx\/consejos\/#organization\"},\"potentialAction\":[{\"@type\":\"SearchAction\",\"target\":{\"@type\":\"EntryPoint\",\"urlTemplate\":\"https:\/\/stacatarina.mx\/consejos\/?s={search_term_string}\"},\"query-input\":{\"@type\":\"PropertyValueSpecification\",\"valueRequired\":true,\"valueName\":\"search_term_string\"}}],\"inLanguage\":\"es\"},{\"@type\":\"Organization\",\"@id\":\"https:\/\/stacatarina.mx\/consejos\/#organization\",\"name\":\"Santa Catarina\",\"url\":\"https:\/\/stacatarina.mx\/consejos\/\",\"logo\":{\"@type\":\"ImageObject\",\"inLanguage\":\"es\",\"@id\":\"https:\/\/stacatarina.mx\/consejos\/#\/schema\/logo\/image\/\",\"url\":\"https:\/\/stacatarina.mx\/consejos\/wp-content\/uploads\/2024\/09\/cropped-favicon-1-1.png\",\"contentUrl\":\"https:\/\/stacatarina.mx\/consejos\/wp-content\/uploads\/2024\/09\/cropped-favicon-1-1.png\",\"width\":512,\"height\":512,\"caption\":\"Santa Catarina\"},\"image\":{\"@id\":\"https:\/\/stacatarina.mx\/consejos\/#\/schema\/logo\/image\/\"},\"sameAs\":[\"https:\/\/www.facebook.com\/stacatarinagob\/\",\"https:\/\/x.com\/stacatarinagob\",\"https:\/\/www.instagram.com\/stacatarinagob\/\",\"https:\/\/www.youtube.com\/channel\/UCK-6cQJL_904665N1_nLTWw\"]},{\"@type\":\"Person\",\"@id\":\"https:\/\/stacatarina.mx\/consejos\/#\/schema\/person\/0be60adffa8e4c4d0828fdf021450e8a\",\"name\":\"Pedro Mart\u00ednez\",\"image\":{\"@type\":\"ImageObject\",\"inLanguage\":\"es\",\"@id\":\"https:\/\/stacatarina.mx\/consejos\/#\/schema\/person\/image\/\",\"url\":\"https:\/\/stacatarina.mx\/consejos\/wp-content\/uploads\/2024\/09\/stacatarina.jpg\",\"contentUrl\":\"https:\/\/stacatarina.mx\/consejos\/wp-content\/uploads\/2024\/09\/stacatarina.jpg\",\"caption\":\"Pedro Mart\u00ednez\"},\"description\":\"Hola, soy Pedro Mart\u00ednez, redactor jefe del sitio oficial del ayuntamiento de Santa Catarina, en M\u00e9xico. Con m\u00e1s de diez a\u00f1os de experiencia en el periodismo local, tengo una pasi\u00f3n por la investigaci\u00f3n y la difusi\u00f3n de informaci\u00f3n que valoriza nuestra hermosa comunidad. Mi compromiso es hacer de Santa Catarina una referencia en materia de transparencia y comunicaci\u00f3n municipal.\",\"sameAs\":[\"https:\/\/stacatarina.mx\/\"]}]}<\/script>\n<!-- \/ Yoast SEO plugin. -->","yoast_head_json":{"title":"Guerra contra Ir\u00e1n, guerra contra la naturaleza - Consejos - Santa Catarina","robots":{"index":"index","follow":"follow","max-snippet":"max-snippet:-1","max-image-preview":"max-image-preview:large","max-video-preview":"max-video-preview:-1"},"canonical":"https:\/\/stacatarina.mx\/consejos\/guerra-contra-iran-guerra-contra-la-naturaleza\/","og_locale":"es_MX","og_type":"article","og_title":"Guerra contra Ir\u00e1n, guerra contra la naturaleza - Consejos - Santa Catarina","og_description":"Una larga guerra entre Estados Unidos e Israel contra Ir\u00e1n llevar\u00eda el medio ambiente de Medio Oriente al l\u00edmite. Un poco antes de Nowruz, llovi\u00f3","og_url":"https:\/\/stacatarina.mx\/consejos\/guerra-contra-iran-guerra-contra-la-naturaleza\/","og_site_name":"Santa Catarina","article_publisher":"https:\/\/www.facebook.com\/stacatarinagob\/","article_published_time":"2026-04-20T12:52:33+00:00","article_modified_time":"2026-04-20T12:52:35+00:00","og_image":[{"width":900,"height":550,"url":"https:\/\/stacatarina.mx\/consejos\/wp-content\/uploads\/2026\/04\/Guerra-contra-Iran-guerra-contra-la-naturaleza.jpg","type":"image\/jpeg"}],"author":"Pedro Mart\u00ednez","twitter_card":"summary_large_image","twitter_creator":"@stacatarinagob","twitter_site":"@stacatarinagob","twitter_misc":{"Escrito por":"Pedro Mart\u00ednez","Tiempo de lectura":"6 minutos"},"schema":{"@context":"https:\/\/schema.org","@graph":[{"@type":"Article","@id":"https:\/\/stacatarina.mx\/consejos\/guerra-contra-iran-guerra-contra-la-naturaleza\/#article","isPartOf":{"@id":"https:\/\/stacatarina.mx\/consejos\/guerra-contra-iran-guerra-contra-la-naturaleza\/"},"author":{"name":"Pedro Mart\u00ednez","@id":"https:\/\/stacatarina.mx\/consejos\/#\/schema\/person\/0be60adffa8e4c4d0828fdf021450e8a"},"headline":"Guerra contra Ir\u00e1n, guerra contra la naturaleza","datePublished":"2026-04-20T12:52:33+00:00","dateModified":"2026-04-20T12:52:35+00:00","mainEntityOfPage":{"@id":"https:\/\/stacatarina.mx\/consejos\/guerra-contra-iran-guerra-contra-la-naturaleza\/"},"wordCount":1205,"publisher":{"@id":"https:\/\/stacatarina.mx\/consejos\/#organization"},"image":{"@id":"https:\/\/stacatarina.mx\/consejos\/guerra-contra-iran-guerra-contra-la-naturaleza\/#primaryimage"},"thumbnailUrl":"https:\/\/stacatarina.mx\/consejos\/wp-content\/uploads\/2026\/04\/Guerra-contra-Iran-guerra-contra-la-naturaleza.jpg","keywords":["contra","guerra","Ir\u00e1n","naturaleza"],"articleSection":["Fauna y Flora"],"inLanguage":"es"},{"@type":"WebPage","@id":"https:\/\/stacatarina.mx\/consejos\/guerra-contra-iran-guerra-contra-la-naturaleza\/","url":"https:\/\/stacatarina.mx\/consejos\/guerra-contra-iran-guerra-contra-la-naturaleza\/","name":"Guerra contra Ir\u00e1n, guerra contra la naturaleza - Consejos - Santa Catarina","isPartOf":{"@id":"https:\/\/stacatarina.mx\/consejos\/#website"},"primaryImageOfPage":{"@id":"https:\/\/stacatarina.mx\/consejos\/guerra-contra-iran-guerra-contra-la-naturaleza\/#primaryimage"},"image":{"@id":"https:\/\/stacatarina.mx\/consejos\/guerra-contra-iran-guerra-contra-la-naturaleza\/#primaryimage"},"thumbnailUrl":"https:\/\/stacatarina.mx\/consejos\/wp-content\/uploads\/2026\/04\/Guerra-contra-Iran-guerra-contra-la-naturaleza.jpg","datePublished":"2026-04-20T12:52:33+00:00","dateModified":"2026-04-20T12:52:35+00:00","breadcrumb":{"@id":"https:\/\/stacatarina.mx\/consejos\/guerra-contra-iran-guerra-contra-la-naturaleza\/#breadcrumb"},"inLanguage":"es","potentialAction":[{"@type":"ReadAction","target":["https:\/\/stacatarina.mx\/consejos\/guerra-contra-iran-guerra-contra-la-naturaleza\/"]}]},{"@type":"ImageObject","inLanguage":"es","@id":"https:\/\/stacatarina.mx\/consejos\/guerra-contra-iran-guerra-contra-la-naturaleza\/#primaryimage","url":"https:\/\/stacatarina.mx\/consejos\/wp-content\/uploads\/2026\/04\/Guerra-contra-Iran-guerra-contra-la-naturaleza.jpg","contentUrl":"https:\/\/stacatarina.mx\/consejos\/wp-content\/uploads\/2026\/04\/Guerra-contra-Iran-guerra-contra-la-naturaleza.jpg","width":900,"height":550,"caption":"War on Iran, war on nature"},{"@type":"BreadcrumbList","@id":"https:\/\/stacatarina.mx\/consejos\/guerra-contra-iran-guerra-contra-la-naturaleza\/#breadcrumb","itemListElement":[{"@type":"ListItem","position":1,"name":"Inicio","item":"https:\/\/stacatarina.mx\/consejos\/"},{"@type":"ListItem","position":2,"name":"Guerra contra Ir\u00e1n, guerra contra la naturaleza"}]},{"@type":"WebSite","@id":"https:\/\/stacatarina.mx\/consejos\/#website","url":"https:\/\/stacatarina.mx\/consejos\/","name":"Santa Catarina","description":"","publisher":{"@id":"https:\/\/stacatarina.mx\/consejos\/#organization"},"potentialAction":[{"@type":"SearchAction","target":{"@type":"EntryPoint","urlTemplate":"https:\/\/stacatarina.mx\/consejos\/?s={search_term_string}"},"query-input":{"@type":"PropertyValueSpecification","valueRequired":true,"valueName":"search_term_string"}}],"inLanguage":"es"},{"@type":"Organization","@id":"https:\/\/stacatarina.mx\/consejos\/#organization","name":"Santa Catarina","url":"https:\/\/stacatarina.mx\/consejos\/","logo":{"@type":"ImageObject","inLanguage":"es","@id":"https:\/\/stacatarina.mx\/consejos\/#\/schema\/logo\/image\/","url":"https:\/\/stacatarina.mx\/consejos\/wp-content\/uploads\/2024\/09\/cropped-favicon-1-1.png","contentUrl":"https:\/\/stacatarina.mx\/consejos\/wp-content\/uploads\/2024\/09\/cropped-favicon-1-1.png","width":512,"height":512,"caption":"Santa Catarina"},"image":{"@id":"https:\/\/stacatarina.mx\/consejos\/#\/schema\/logo\/image\/"},"sameAs":["https:\/\/www.facebook.com\/stacatarinagob\/","https:\/\/x.com\/stacatarinagob","https:\/\/www.instagram.com\/stacatarinagob\/","https:\/\/www.youtube.com\/channel\/UCK-6cQJL_904665N1_nLTWw"]},{"@type":"Person","@id":"https:\/\/stacatarina.mx\/consejos\/#\/schema\/person\/0be60adffa8e4c4d0828fdf021450e8a","name":"Pedro Mart\u00ednez","image":{"@type":"ImageObject","inLanguage":"es","@id":"https:\/\/stacatarina.mx\/consejos\/#\/schema\/person\/image\/","url":"https:\/\/stacatarina.mx\/consejos\/wp-content\/uploads\/2024\/09\/stacatarina.jpg","contentUrl":"https:\/\/stacatarina.mx\/consejos\/wp-content\/uploads\/2024\/09\/stacatarina.jpg","caption":"Pedro Mart\u00ednez"},"description":"Hola, soy Pedro Mart\u00ednez, redactor jefe del sitio oficial del ayuntamiento de Santa Catarina, en M\u00e9xico. Con m\u00e1s de diez a\u00f1os de experiencia en el periodismo local, tengo una pasi\u00f3n por la investigaci\u00f3n y la difusi\u00f3n de informaci\u00f3n que valoriza nuestra hermosa comunidad. Mi compromiso es hacer de Santa Catarina una referencia en materia de transparencia y comunicaci\u00f3n municipal.","sameAs":["https:\/\/stacatarina.mx\/"]}]}},"_links":{"self":[{"href":"https:\/\/stacatarina.mx\/consejos\/wp-json\/wp\/v2\/posts\/8823"}],"collection":[{"href":"https:\/\/stacatarina.mx\/consejos\/wp-json\/wp\/v2\/posts"}],"about":[{"href":"https:\/\/stacatarina.mx\/consejos\/wp-json\/wp\/v2\/types\/post"}],"author":[{"embeddable":true,"href":"https:\/\/stacatarina.mx\/consejos\/wp-json\/wp\/v2\/users\/1"}],"replies":[{"embeddable":true,"href":"https:\/\/stacatarina.mx\/consejos\/wp-json\/wp\/v2\/comments?post=8823"}],"version-history":[{"count":1,"href":"https:\/\/stacatarina.mx\/consejos\/wp-json\/wp\/v2\/posts\/8823\/revisions"}],"predecessor-version":[{"id":8825,"href":"https:\/\/stacatarina.mx\/consejos\/wp-json\/wp\/v2\/posts\/8823\/revisions\/8825"}],"wp:featuredmedia":[{"embeddable":true,"href":"https:\/\/stacatarina.mx\/consejos\/wp-json\/wp\/v2\/media\/8824"}],"wp:attachment":[{"href":"https:\/\/stacatarina.mx\/consejos\/wp-json\/wp\/v2\/media?parent=8823"}],"wp:term":[{"taxonomy":"category","embeddable":true,"href":"https:\/\/stacatarina.mx\/consejos\/wp-json\/wp\/v2\/categories?post=8823"},{"taxonomy":"post_tag","embeddable":true,"href":"https:\/\/stacatarina.mx\/consejos\/wp-json\/wp\/v2\/tags?post=8823"}],"curies":[{"name":"wp","href":"https:\/\/api.w.org\/{rel}","templated":true}]}}