{"id":8829,"date":"2026-04-20T13:52:30","date_gmt":"2026-04-20T19:52:30","guid":{"rendered":"https:\/\/stacatarina.mx\/consejos\/insomnio-cronico-una-ley-presentada-en-el-parlamento-para-reconocerlo-como-patologia-incapacitante\/"},"modified":"2026-04-20T13:52:32","modified_gmt":"2026-04-20T19:52:32","slug":"insomnio-cronico-una-ley-presentada-en-el-parlamento-para-reconocerlo-como-patologia-incapacitante","status":"publish","type":"post","link":"https:\/\/stacatarina.mx\/consejos\/insomnio-cronico-una-ley-presentada-en-el-parlamento-para-reconocerlo-como-patologia-incapacitante\/","title":{"rendered":"Insomnio cr\u00f3nico: una ley presentada en el Parlamento para reconocerlo como patolog\u00eda incapacitante"},"content":{"rendered":"<p><\/p>\n<p>Tres noches a la semana durante tres meses consecutivos: este es el umbral diagn\u00f3stico fijado por la OMS en la CIE-11 a partir del cual un trastorno del sue\u00f1o deja de ser cansancio y se convierte en una patolog\u00eda. Sin embargo, en Italia, el insomnio cr\u00f3nico sigue estando en gran medida infradiagnosticado y poco tratado: millones de personas (las estimaciones hablan de entre 4 y 5 millones) viven con este trastorno sin haber recibido nunca la atenci\u00f3n adecuada.<\/p>\n<p>El 10 de abril de 2026, la Honorable Annarita Patriarca, secretaria de la Presidencia de la C\u00e1mara de Diputados, present\u00f3 ante Montecitorio el proyecto de ley C. 2872, titulado \u00ab<em>Disposiciones para la prevenci\u00f3n y el tratamiento del insomnio cr\u00f3nico y para la protecci\u00f3n de las personas afectadas por el mismo<\/em>\u00bb. El dep\u00f3sito consta en la hoja de actividades parlamentarias del diputado en camera.it, donde se menciona el PDL con fecha de presentaci\u00f3n el 10 de abril de 2026 y anuncio en la Asamblea el 13 de abril.<\/p>\n<h2>\u00bfQu\u00e9 prev\u00e9 el proyecto de ley?<\/h2>\n<p>El texto, que Patriarca calific\u00f3 como resultado de un consenso transversal y bipartidista, se mueve en cuatro l\u00edneas:<\/p>\n<p>La presentaci\u00f3n del texto tuvo lugar en paralelo con un acto en el Centro de Estudios Americanos de Roma, promovido por el Intergrupo Parlamentario para la Neurociencia y el Alzheimer, nacido en 2023 por iniciativa del Excmo. Annarita Patriarca con el aporte de la empresa farmac\u00e9utica Idorsia, en el que se ilustr\u00f3 un Policy Paper elaborado por el Comit\u00e9 Cient\u00edfico del Grupo de Trabajo sobre insomnio y otros trastornos del sue\u00f1o.<\/p>\n<h2>Los n\u00fameros del fen\u00f3meno<\/h2>\n<p>La prevalencia oficial se sit\u00faa en torno al 6% de la poblaci\u00f3n adulta italiana, aunque varios expertos estiman que la proporci\u00f3n real se sit\u00faa entre el 10 y el 15%, teniendo en cuenta la carga diagn\u00f3stica oculta. Siete de cada diez pacientes son mujeres, con picos de incidencia entre los 45 y 55 a\u00f1os y en el rango de mayores de 65 a\u00f1os. La proporci\u00f3n de ni\u00f1os y adolescentes tambi\u00e9n est\u00e1 creciendo, en gran medida debido al uso prolongado de tel\u00e9fonos inteligentes y redes sociales.<\/p>\n<p>La carga econ\u00f3mica se estima en aproximadamente 14 mil millones de euros al a\u00f1o, equivalente al 0,74% del PIB. Los costes indirectos incluyen el absentismo, la reducci\u00f3n de la productividad -cuantificada en unos 5.500 euros per c\u00e1pita- y los accidentes: seg\u00fan los datos sobre accidentes de tr\u00e1fico italianos recogidos por ACI e ISTAT, alrededor de una cuarta parte de los accidentes nocturnos son atribuibles al cansancio y a la falta de sue\u00f1o, con una tasa de mortalidad proporcionalmente superior a la de los accidentes causados \u200b\u200bpor otros motivos. En el trabajo, entre el 7 y el 10% de las lesiones tienen que ver con somnolencia excesiva.<\/p>\n<h2>La pregunta terap\u00e9utica<\/h2>\n<p>Uno de los temas m\u00e1s discutidos tiene que ver con los tratamientos. El insomnio cr\u00f3nico, a diferencia de las dificultades temporales del sue\u00f1o, presenta alteraciones fisiopatol\u00f3gicas de \u00e1reas cerebrales espec\u00edficas y requiere terapias dirigidas: la terapia cognitivo-conductual est\u00e1 considerada el tratamiento de elecci\u00f3n seg\u00fan las directrices internacionales, pero en Italia s\u00f3lo est\u00e1 disponible en unos pocos centros ultraespecializados. Los medicamentos m\u00e1s modernos (aquellos que act\u00faan sobre el sistema de hipervigilancia, en lugar de simplemente sedantes) son accesibles s\u00f3lo para una peque\u00f1a proporci\u00f3n de pacientes elegibles.<\/p>\n<p>Parte del problema proviene del m\u00e9dico de familia, que conoce la historia cl\u00ednica general del paciente pero muchas veces no cuenta con las herramientas de formaci\u00f3n adecuadas para reconocer el trastorno de forma temprana. Fortalecer esa capacitaci\u00f3n es una de las recomendaciones del Documento de Pol\u00edtica presentado el 14 de abril.<\/p>\n<h2>El camino parlamentario<\/h2>\n<p>El PDL est\u00e1 actualmente registrado en los documentos de la XIX Legislatura con el n\u00famero 2872, aunque el pliego de condiciones a\u00fan no ha sido publicado en la base de datos camera.it, pr\u00e1ctica habitual para los documentos presentados hace unos d\u00edas. A\u00fan no ha sido asignado a ninguna comisi\u00f3n ni hay un calendario. El trabajo de las comisiones confirmar\u00e1 si el reconocimiento institucional del insomnio cr\u00f3nico realmente avanza por la v\u00eda r\u00e1pida prometida en el t\u00edtulo de la propuesta.<\/p><\/p>\n","protected":false},"excerpt":{"rendered":"<p>Tres noches a la semana durante tres meses consecutivos: este es el umbral diagn\u00f3stico fijado por la OMS en la CIE-11 a partir del cual<\/p>\n","protected":false},"author":1,"featured_media":8830,"comment_status":"closed","ping_status":"","sticky":false,"template":"","format":"standard","meta":{"footnotes":""},"categories":[762],"tags":[15,4278,8526,1748,2233,29,8524,8525,8523,3369,37],"class_list":["post-8829","post","type-post","status-publish","format-standard","has-post-thumbnail","hentry","category-salud","tag-como","tag-cronico","tag-incapacitante","tag-insomnio","tag-ley","tag-para","tag-parlamento","tag-patologia","tag-presentada","tag-reconocerlo","tag-una","generate-columns","tablet-grid-50","mobile-grid-100","grid-parent","grid-50"],"yoast_head":"<!-- This site is optimized with the Yoast SEO plugin v23.4 - https:\/\/yoast.com\/wordpress\/plugins\/seo\/ -->\n<title>Insomnio cr\u00f3nico: una ley presentada en el Parlamento para reconocerlo como patolog\u00eda incapacitante - Consejos - Santa Catarina<\/title>\n<meta name=\"robots\" content=\"index, follow, max-snippet:-1, max-image-preview:large, max-video-preview:-1\" \/>\n<link rel=\"canonical\" href=\"https:\/\/stacatarina.mx\/consejos\/insomnio-cronico-una-ley-presentada-en-el-parlamento-para-reconocerlo-como-patologia-incapacitante\/\" \/>\n<meta property=\"og:locale\" content=\"es_MX\" \/>\n<meta property=\"og:type\" content=\"article\" \/>\n<meta property=\"og:title\" content=\"Insomnio cr\u00f3nico: una ley presentada en el Parlamento para reconocerlo como patolog\u00eda incapacitante - Consejos - Santa Catarina\" \/>\n<meta property=\"og:description\" content=\"Tres noches a la semana durante tres meses consecutivos: este es el umbral diagn\u00f3stico fijado por la OMS en la CIE-11 a partir del cual\" \/>\n<meta property=\"og:url\" content=\"https:\/\/stacatarina.mx\/consejos\/insomnio-cronico-una-ley-presentada-en-el-parlamento-para-reconocerlo-como-patologia-incapacitante\/\" \/>\n<meta property=\"og:site_name\" content=\"Santa Catarina\" \/>\n<meta property=\"article:publisher\" content=\"https:\/\/www.facebook.com\/stacatarinagob\/\" \/>\n<meta property=\"article:published_time\" content=\"2026-04-20T19:52:30+00:00\" \/>\n<meta property=\"article:modified_time\" content=\"2026-04-20T19:52:32+00:00\" \/>\n<meta property=\"og:image\" content=\"https:\/\/stacatarina.mx\/consejos\/wp-content\/uploads\/2026\/04\/Insomnio-cronico-una-ley-presentada-en-el-Parlamento-para-reconocerlo.jpg\" \/>\n\t<meta property=\"og:image:width\" content=\"1500\" \/>\n\t<meta property=\"og:image:height\" content=\"1000\" \/>\n\t<meta property=\"og:image:type\" content=\"image\/jpeg\" \/>\n<meta name=\"author\" content=\"Pedro Mart\u00ednez\" \/>\n<meta name=\"twitter:card\" content=\"summary_large_image\" \/>\n<meta name=\"twitter:creator\" content=\"@stacatarinagob\" \/>\n<meta name=\"twitter:site\" content=\"@stacatarinagob\" \/>\n<meta name=\"twitter:label1\" content=\"Escrito por\" \/>\n\t<meta name=\"twitter:data1\" content=\"Pedro Mart\u00ednez\" \/>\n\t<meta name=\"twitter:label2\" content=\"Tiempo de lectura\" \/>\n\t<meta name=\"twitter:data2\" content=\"4 minutos\" \/>\n<script type=\"application\/ld+json\" class=\"yoast-schema-graph\">{\"@context\":\"https:\/\/schema.org\",\"@graph\":[{\"@type\":\"Article\",\"@id\":\"https:\/\/stacatarina.mx\/consejos\/insomnio-cronico-una-ley-presentada-en-el-parlamento-para-reconocerlo-como-patologia-incapacitante\/#article\",\"isPartOf\":{\"@id\":\"https:\/\/stacatarina.mx\/consejos\/insomnio-cronico-una-ley-presentada-en-el-parlamento-para-reconocerlo-como-patologia-incapacitante\/\"},\"author\":{\"name\":\"Pedro Mart\u00ednez\",\"@id\":\"https:\/\/stacatarina.mx\/consejos\/#\/schema\/person\/0be60adffa8e4c4d0828fdf021450e8a\"},\"headline\":\"Insomnio cr\u00f3nico: una ley presentada en el Parlamento para reconocerlo como patolog\u00eda incapacitante\",\"datePublished\":\"2026-04-20T19:52:30+00:00\",\"dateModified\":\"2026-04-20T19:52:32+00:00\",\"mainEntityOfPage\":{\"@id\":\"https:\/\/stacatarina.mx\/consejos\/insomnio-cronico-una-ley-presentada-en-el-parlamento-para-reconocerlo-como-patologia-incapacitante\/\"},\"wordCount\":736,\"publisher\":{\"@id\":\"https:\/\/stacatarina.mx\/consejos\/#organization\"},\"image\":{\"@id\":\"https:\/\/stacatarina.mx\/consejos\/insomnio-cronico-una-ley-presentada-en-el-parlamento-para-reconocerlo-como-patologia-incapacitante\/#primaryimage\"},\"thumbnailUrl\":\"https:\/\/stacatarina.mx\/consejos\/wp-content\/uploads\/2026\/04\/Insomnio-cronico-una-ley-presentada-en-el-Parlamento-para-reconocerlo.jpg\",\"keywords\":[\"c\u00f3mo\",\"cr\u00f3nico\",\"incapacitante\",\"insomnio\",\"ley\",\"para\",\"Parlamento\",\"patolog\u00eda\",\"presentada\",\"reconocerlo\",\"una\"],\"articleSection\":[\"Salud\"],\"inLanguage\":\"es\"},{\"@type\":\"WebPage\",\"@id\":\"https:\/\/stacatarina.mx\/consejos\/insomnio-cronico-una-ley-presentada-en-el-parlamento-para-reconocerlo-como-patologia-incapacitante\/\",\"url\":\"https:\/\/stacatarina.mx\/consejos\/insomnio-cronico-una-ley-presentada-en-el-parlamento-para-reconocerlo-como-patologia-incapacitante\/\",\"name\":\"Insomnio cr\u00f3nico: una ley presentada en el Parlamento para reconocerlo como patolog\u00eda incapacitante - Consejos - Santa Catarina\",\"isPartOf\":{\"@id\":\"https:\/\/stacatarina.mx\/consejos\/#website\"},\"primaryImageOfPage\":{\"@id\":\"https:\/\/stacatarina.mx\/consejos\/insomnio-cronico-una-ley-presentada-en-el-parlamento-para-reconocerlo-como-patologia-incapacitante\/#primaryimage\"},\"image\":{\"@id\":\"https:\/\/stacatarina.mx\/consejos\/insomnio-cronico-una-ley-presentada-en-el-parlamento-para-reconocerlo-como-patologia-incapacitante\/#primaryimage\"},\"thumbnailUrl\":\"https:\/\/stacatarina.mx\/consejos\/wp-content\/uploads\/2026\/04\/Insomnio-cronico-una-ley-presentada-en-el-Parlamento-para-reconocerlo.jpg\",\"datePublished\":\"2026-04-20T19:52:30+00:00\",\"dateModified\":\"2026-04-20T19:52:32+00:00\",\"breadcrumb\":{\"@id\":\"https:\/\/stacatarina.mx\/consejos\/insomnio-cronico-una-ley-presentada-en-el-parlamento-para-reconocerlo-como-patologia-incapacitante\/#breadcrumb\"},\"inLanguage\":\"es\",\"potentialAction\":[{\"@type\":\"ReadAction\",\"target\":[\"https:\/\/stacatarina.mx\/consejos\/insomnio-cronico-una-ley-presentada-en-el-parlamento-para-reconocerlo-como-patologia-incapacitante\/\"]}]},{\"@type\":\"ImageObject\",\"inLanguage\":\"es\",\"@id\":\"https:\/\/stacatarina.mx\/consejos\/insomnio-cronico-una-ley-presentada-en-el-parlamento-para-reconocerlo-como-patologia-incapacitante\/#primaryimage\",\"url\":\"https:\/\/stacatarina.mx\/consejos\/wp-content\/uploads\/2026\/04\/Insomnio-cronico-una-ley-presentada-en-el-Parlamento-para-reconocerlo.jpg\",\"contentUrl\":\"https:\/\/stacatarina.mx\/consejos\/wp-content\/uploads\/2026\/04\/Insomnio-cronico-una-ley-presentada-en-el-Parlamento-para-reconocerlo.jpg\",\"width\":1500,\"height\":1000,\"caption\":\"insonnia cronica\"},{\"@type\":\"BreadcrumbList\",\"@id\":\"https:\/\/stacatarina.mx\/consejos\/insomnio-cronico-una-ley-presentada-en-el-parlamento-para-reconocerlo-como-patologia-incapacitante\/#breadcrumb\",\"itemListElement\":[{\"@type\":\"ListItem\",\"position\":1,\"name\":\"Inicio\",\"item\":\"https:\/\/stacatarina.mx\/consejos\/\"},{\"@type\":\"ListItem\",\"position\":2,\"name\":\"Insomnio cr\u00f3nico: una ley presentada en el Parlamento para reconocerlo como patolog\u00eda incapacitante\"}]},{\"@type\":\"WebSite\",\"@id\":\"https:\/\/stacatarina.mx\/consejos\/#website\",\"url\":\"https:\/\/stacatarina.mx\/consejos\/\",\"name\":\"Santa Catarina\",\"description\":\"\",\"publisher\":{\"@id\":\"https:\/\/stacatarina.mx\/consejos\/#organization\"},\"potentialAction\":[{\"@type\":\"SearchAction\",\"target\":{\"@type\":\"EntryPoint\",\"urlTemplate\":\"https:\/\/stacatarina.mx\/consejos\/?s={search_term_string}\"},\"query-input\":{\"@type\":\"PropertyValueSpecification\",\"valueRequired\":true,\"valueName\":\"search_term_string\"}}],\"inLanguage\":\"es\"},{\"@type\":\"Organization\",\"@id\":\"https:\/\/stacatarina.mx\/consejos\/#organization\",\"name\":\"Santa Catarina\",\"url\":\"https:\/\/stacatarina.mx\/consejos\/\",\"logo\":{\"@type\":\"ImageObject\",\"inLanguage\":\"es\",\"@id\":\"https:\/\/stacatarina.mx\/consejos\/#\/schema\/logo\/image\/\",\"url\":\"https:\/\/stacatarina.mx\/consejos\/wp-content\/uploads\/2024\/09\/cropped-favicon-1-1.png\",\"contentUrl\":\"https:\/\/stacatarina.mx\/consejos\/wp-content\/uploads\/2024\/09\/cropped-favicon-1-1.png\",\"width\":512,\"height\":512,\"caption\":\"Santa Catarina\"},\"image\":{\"@id\":\"https:\/\/stacatarina.mx\/consejos\/#\/schema\/logo\/image\/\"},\"sameAs\":[\"https:\/\/www.facebook.com\/stacatarinagob\/\",\"https:\/\/x.com\/stacatarinagob\",\"https:\/\/www.instagram.com\/stacatarinagob\/\",\"https:\/\/www.youtube.com\/channel\/UCK-6cQJL_904665N1_nLTWw\"]},{\"@type\":\"Person\",\"@id\":\"https:\/\/stacatarina.mx\/consejos\/#\/schema\/person\/0be60adffa8e4c4d0828fdf021450e8a\",\"name\":\"Pedro Mart\u00ednez\",\"image\":{\"@type\":\"ImageObject\",\"inLanguage\":\"es\",\"@id\":\"https:\/\/stacatarina.mx\/consejos\/#\/schema\/person\/image\/\",\"url\":\"https:\/\/stacatarina.mx\/consejos\/wp-content\/uploads\/2024\/09\/stacatarina.jpg\",\"contentUrl\":\"https:\/\/stacatarina.mx\/consejos\/wp-content\/uploads\/2024\/09\/stacatarina.jpg\",\"caption\":\"Pedro Mart\u00ednez\"},\"description\":\"Hola, soy Pedro Mart\u00ednez, redactor jefe del sitio oficial del ayuntamiento de Santa Catarina, en M\u00e9xico. Con m\u00e1s de diez a\u00f1os de experiencia en el periodismo local, tengo una pasi\u00f3n por la investigaci\u00f3n y la difusi\u00f3n de informaci\u00f3n que valoriza nuestra hermosa comunidad. Mi compromiso es hacer de Santa Catarina una referencia en materia de transparencia y comunicaci\u00f3n municipal.\",\"sameAs\":[\"https:\/\/stacatarina.mx\/\"]}]}<\/script>\n<!-- \/ Yoast SEO plugin. -->","yoast_head_json":{"title":"Insomnio cr\u00f3nico: una ley presentada en el Parlamento para reconocerlo como patolog\u00eda incapacitante - Consejos - Santa Catarina","robots":{"index":"index","follow":"follow","max-snippet":"max-snippet:-1","max-image-preview":"max-image-preview:large","max-video-preview":"max-video-preview:-1"},"canonical":"https:\/\/stacatarina.mx\/consejos\/insomnio-cronico-una-ley-presentada-en-el-parlamento-para-reconocerlo-como-patologia-incapacitante\/","og_locale":"es_MX","og_type":"article","og_title":"Insomnio cr\u00f3nico: una ley presentada en el Parlamento para reconocerlo como patolog\u00eda incapacitante - Consejos - Santa Catarina","og_description":"Tres noches a la semana durante tres meses consecutivos: este es el umbral diagn\u00f3stico fijado por la OMS en la CIE-11 a partir del cual","og_url":"https:\/\/stacatarina.mx\/consejos\/insomnio-cronico-una-ley-presentada-en-el-parlamento-para-reconocerlo-como-patologia-incapacitante\/","og_site_name":"Santa Catarina","article_publisher":"https:\/\/www.facebook.com\/stacatarinagob\/","article_published_time":"2026-04-20T19:52:30+00:00","article_modified_time":"2026-04-20T19:52:32+00:00","og_image":[{"width":1500,"height":1000,"url":"https:\/\/stacatarina.mx\/consejos\/wp-content\/uploads\/2026\/04\/Insomnio-cronico-una-ley-presentada-en-el-Parlamento-para-reconocerlo.jpg","type":"image\/jpeg"}],"author":"Pedro Mart\u00ednez","twitter_card":"summary_large_image","twitter_creator":"@stacatarinagob","twitter_site":"@stacatarinagob","twitter_misc":{"Escrito por":"Pedro Mart\u00ednez","Tiempo de lectura":"4 minutos"},"schema":{"@context":"https:\/\/schema.org","@graph":[{"@type":"Article","@id":"https:\/\/stacatarina.mx\/consejos\/insomnio-cronico-una-ley-presentada-en-el-parlamento-para-reconocerlo-como-patologia-incapacitante\/#article","isPartOf":{"@id":"https:\/\/stacatarina.mx\/consejos\/insomnio-cronico-una-ley-presentada-en-el-parlamento-para-reconocerlo-como-patologia-incapacitante\/"},"author":{"name":"Pedro Mart\u00ednez","@id":"https:\/\/stacatarina.mx\/consejos\/#\/schema\/person\/0be60adffa8e4c4d0828fdf021450e8a"},"headline":"Insomnio cr\u00f3nico: una ley presentada en el Parlamento para reconocerlo como patolog\u00eda incapacitante","datePublished":"2026-04-20T19:52:30+00:00","dateModified":"2026-04-20T19:52:32+00:00","mainEntityOfPage":{"@id":"https:\/\/stacatarina.mx\/consejos\/insomnio-cronico-una-ley-presentada-en-el-parlamento-para-reconocerlo-como-patologia-incapacitante\/"},"wordCount":736,"publisher":{"@id":"https:\/\/stacatarina.mx\/consejos\/#organization"},"image":{"@id":"https:\/\/stacatarina.mx\/consejos\/insomnio-cronico-una-ley-presentada-en-el-parlamento-para-reconocerlo-como-patologia-incapacitante\/#primaryimage"},"thumbnailUrl":"https:\/\/stacatarina.mx\/consejos\/wp-content\/uploads\/2026\/04\/Insomnio-cronico-una-ley-presentada-en-el-Parlamento-para-reconocerlo.jpg","keywords":["c\u00f3mo","cr\u00f3nico","incapacitante","insomnio","ley","para","Parlamento","patolog\u00eda","presentada","reconocerlo","una"],"articleSection":["Salud"],"inLanguage":"es"},{"@type":"WebPage","@id":"https:\/\/stacatarina.mx\/consejos\/insomnio-cronico-una-ley-presentada-en-el-parlamento-para-reconocerlo-como-patologia-incapacitante\/","url":"https:\/\/stacatarina.mx\/consejos\/insomnio-cronico-una-ley-presentada-en-el-parlamento-para-reconocerlo-como-patologia-incapacitante\/","name":"Insomnio cr\u00f3nico: una ley presentada en el Parlamento para reconocerlo como patolog\u00eda incapacitante - Consejos - Santa Catarina","isPartOf":{"@id":"https:\/\/stacatarina.mx\/consejos\/#website"},"primaryImageOfPage":{"@id":"https:\/\/stacatarina.mx\/consejos\/insomnio-cronico-una-ley-presentada-en-el-parlamento-para-reconocerlo-como-patologia-incapacitante\/#primaryimage"},"image":{"@id":"https:\/\/stacatarina.mx\/consejos\/insomnio-cronico-una-ley-presentada-en-el-parlamento-para-reconocerlo-como-patologia-incapacitante\/#primaryimage"},"thumbnailUrl":"https:\/\/stacatarina.mx\/consejos\/wp-content\/uploads\/2026\/04\/Insomnio-cronico-una-ley-presentada-en-el-Parlamento-para-reconocerlo.jpg","datePublished":"2026-04-20T19:52:30+00:00","dateModified":"2026-04-20T19:52:32+00:00","breadcrumb":{"@id":"https:\/\/stacatarina.mx\/consejos\/insomnio-cronico-una-ley-presentada-en-el-parlamento-para-reconocerlo-como-patologia-incapacitante\/#breadcrumb"},"inLanguage":"es","potentialAction":[{"@type":"ReadAction","target":["https:\/\/stacatarina.mx\/consejos\/insomnio-cronico-una-ley-presentada-en-el-parlamento-para-reconocerlo-como-patologia-incapacitante\/"]}]},{"@type":"ImageObject","inLanguage":"es","@id":"https:\/\/stacatarina.mx\/consejos\/insomnio-cronico-una-ley-presentada-en-el-parlamento-para-reconocerlo-como-patologia-incapacitante\/#primaryimage","url":"https:\/\/stacatarina.mx\/consejos\/wp-content\/uploads\/2026\/04\/Insomnio-cronico-una-ley-presentada-en-el-Parlamento-para-reconocerlo.jpg","contentUrl":"https:\/\/stacatarina.mx\/consejos\/wp-content\/uploads\/2026\/04\/Insomnio-cronico-una-ley-presentada-en-el-Parlamento-para-reconocerlo.jpg","width":1500,"height":1000,"caption":"insonnia cronica"},{"@type":"BreadcrumbList","@id":"https:\/\/stacatarina.mx\/consejos\/insomnio-cronico-una-ley-presentada-en-el-parlamento-para-reconocerlo-como-patologia-incapacitante\/#breadcrumb","itemListElement":[{"@type":"ListItem","position":1,"name":"Inicio","item":"https:\/\/stacatarina.mx\/consejos\/"},{"@type":"ListItem","position":2,"name":"Insomnio cr\u00f3nico: una ley presentada en el Parlamento para reconocerlo como patolog\u00eda incapacitante"}]},{"@type":"WebSite","@id":"https:\/\/stacatarina.mx\/consejos\/#website","url":"https:\/\/stacatarina.mx\/consejos\/","name":"Santa Catarina","description":"","publisher":{"@id":"https:\/\/stacatarina.mx\/consejos\/#organization"},"potentialAction":[{"@type":"SearchAction","target":{"@type":"EntryPoint","urlTemplate":"https:\/\/stacatarina.mx\/consejos\/?s={search_term_string}"},"query-input":{"@type":"PropertyValueSpecification","valueRequired":true,"valueName":"search_term_string"}}],"inLanguage":"es"},{"@type":"Organization","@id":"https:\/\/stacatarina.mx\/consejos\/#organization","name":"Santa Catarina","url":"https:\/\/stacatarina.mx\/consejos\/","logo":{"@type":"ImageObject","inLanguage":"es","@id":"https:\/\/stacatarina.mx\/consejos\/#\/schema\/logo\/image\/","url":"https:\/\/stacatarina.mx\/consejos\/wp-content\/uploads\/2024\/09\/cropped-favicon-1-1.png","contentUrl":"https:\/\/stacatarina.mx\/consejos\/wp-content\/uploads\/2024\/09\/cropped-favicon-1-1.png","width":512,"height":512,"caption":"Santa Catarina"},"image":{"@id":"https:\/\/stacatarina.mx\/consejos\/#\/schema\/logo\/image\/"},"sameAs":["https:\/\/www.facebook.com\/stacatarinagob\/","https:\/\/x.com\/stacatarinagob","https:\/\/www.instagram.com\/stacatarinagob\/","https:\/\/www.youtube.com\/channel\/UCK-6cQJL_904665N1_nLTWw"]},{"@type":"Person","@id":"https:\/\/stacatarina.mx\/consejos\/#\/schema\/person\/0be60adffa8e4c4d0828fdf021450e8a","name":"Pedro Mart\u00ednez","image":{"@type":"ImageObject","inLanguage":"es","@id":"https:\/\/stacatarina.mx\/consejos\/#\/schema\/person\/image\/","url":"https:\/\/stacatarina.mx\/consejos\/wp-content\/uploads\/2024\/09\/stacatarina.jpg","contentUrl":"https:\/\/stacatarina.mx\/consejos\/wp-content\/uploads\/2024\/09\/stacatarina.jpg","caption":"Pedro Mart\u00ednez"},"description":"Hola, soy Pedro Mart\u00ednez, redactor jefe del sitio oficial del ayuntamiento de Santa Catarina, en M\u00e9xico. Con m\u00e1s de diez a\u00f1os de experiencia en el periodismo local, tengo una pasi\u00f3n por la investigaci\u00f3n y la difusi\u00f3n de informaci\u00f3n que valoriza nuestra hermosa comunidad. Mi compromiso es hacer de Santa Catarina una referencia en materia de transparencia y comunicaci\u00f3n municipal.","sameAs":["https:\/\/stacatarina.mx\/"]}]}},"_links":{"self":[{"href":"https:\/\/stacatarina.mx\/consejos\/wp-json\/wp\/v2\/posts\/8829"}],"collection":[{"href":"https:\/\/stacatarina.mx\/consejos\/wp-json\/wp\/v2\/posts"}],"about":[{"href":"https:\/\/stacatarina.mx\/consejos\/wp-json\/wp\/v2\/types\/post"}],"author":[{"embeddable":true,"href":"https:\/\/stacatarina.mx\/consejos\/wp-json\/wp\/v2\/users\/1"}],"replies":[{"embeddable":true,"href":"https:\/\/stacatarina.mx\/consejos\/wp-json\/wp\/v2\/comments?post=8829"}],"version-history":[{"count":1,"href":"https:\/\/stacatarina.mx\/consejos\/wp-json\/wp\/v2\/posts\/8829\/revisions"}],"predecessor-version":[{"id":8831,"href":"https:\/\/stacatarina.mx\/consejos\/wp-json\/wp\/v2\/posts\/8829\/revisions\/8831"}],"wp:featuredmedia":[{"embeddable":true,"href":"https:\/\/stacatarina.mx\/consejos\/wp-json\/wp\/v2\/media\/8830"}],"wp:attachment":[{"href":"https:\/\/stacatarina.mx\/consejos\/wp-json\/wp\/v2\/media?parent=8829"}],"wp:term":[{"taxonomy":"category","embeddable":true,"href":"https:\/\/stacatarina.mx\/consejos\/wp-json\/wp\/v2\/categories?post=8829"},{"taxonomy":"post_tag","embeddable":true,"href":"https:\/\/stacatarina.mx\/consejos\/wp-json\/wp\/v2\/tags?post=8829"}],"curies":[{"name":"wp","href":"https:\/\/api.w.org\/{rel}","templated":true}]}}