{"id":8832,"date":"2026-04-20T21:53:41","date_gmt":"2026-04-21T03:53:41","guid":{"rendered":"https:\/\/stacatarina.mx\/consejos\/ganancia-neta-de-biodiversidad-se-anuncian-cambios-clave\/"},"modified":"2026-04-20T21:53:42","modified_gmt":"2026-04-21T03:53:42","slug":"ganancia-neta-de-biodiversidad-se-anuncian-cambios-clave","status":"publish","type":"post","link":"https:\/\/stacatarina.mx\/consejos\/ganancia-neta-de-biodiversidad-se-anuncian-cambios-clave\/","title":{"rendered":"Ganancia neta de biodiversidad: se anuncian cambios clave"},"content":{"rendered":"<div class=\"entry-content\">\n<p>El gobierno del Reino Unido ha establecido un importante paquete de actualizaciones de la ganancia neta de biodiversidad (BNG), que marca la siguiente etapa en la incorporaci\u00f3n de resultados de biodiversidad dentro del sistema de planificaci\u00f3n. Los cambios, publicados en una actualizaci\u00f3n del blog de Defra Environment el 20 de abril de 2026, se basan en dos a\u00f1os de implementaci\u00f3n temprana y comentarios de las partes interesadas de toda la planificaci\u00f3n, el desarrollo y las pr\u00e1cticas ecol\u00f3gicas.<\/p>\n<p>BNG requiere que el desarrollo en Inglaterra genere un aumento neto mensurable en el valor de la biodiversidad en comparaci\u00f3n con las condiciones de referencia previas al desarrollo. El gobierno afirma que la implementaci\u00f3n temprana ya ha influido en las decisiones de dise\u00f1o y est\u00e1 comenzando a remodelar la forma en que se incorporan las consideraciones naturales en la planificaci\u00f3n.<\/p>\n<h4 class=\"wp-block-heading\">Resultados tempranos e impactos previstos en el h\u00e1bitat<\/h4>\n<p>Defra informa que BNG ya est\u00e1 impulsando una integraci\u00f3n m\u00e1s temprana de consideraciones de biodiversidad en el dise\u00f1o del desarrollo. Se espera que la pol\u00edtica evite la p\u00e9rdida de entre 6.000 y 10.000 hect\u00e1reas de h\u00e1bitat anualmente, un \u00e1rea descrita como comparable en tama\u00f1o a Nottingham.<\/p>\n<p>Seg\u00fan el gobierno, este cambio est\u00e1 contribuyendo a enfoques de dise\u00f1o m\u00e1s basados \u200b\u200ben la naturaleza y reduciendo la necesidad de cambios de dise\u00f1o en las \u00faltimas etapas. Tambi\u00e9n sostiene que una mayor claridad inicial est\u00e1 respaldando procesos de planificaci\u00f3n m\u00e1s eficientes y una mayor alineaci\u00f3n entre los objetivos de desarrollo y ambientales.<\/p>\n<h4 class=\"wp-block-heading\">Ampliaci\u00f3n del BNG a grandes proyectos de infraestructura<\/h4>\n<p>Un componente central de la actualizaci\u00f3n es la introducci\u00f3n confirmada de requisitos de ganancia neta de biodiversidad para proyectos de infraestructura de importancia nacional (NSIP) a partir de noviembre de 2026. Estos incluyen esquemas de transporte, energ\u00eda y agua a gran escala que sustentan la capacidad de infraestructura nacional.<\/p>\n<p>El calendario de implementaci\u00f3n se ha ajustado para proporcionar tiempo de preparaci\u00f3n adicional a los desarrolladores. Se presentar\u00e1n legislaci\u00f3n secundaria y declaraciones finales de ganancias para formalizar el marco revisado.<\/p>\n<p>El enfoque se aplicar\u00e1 s\u00f3lo a los h\u00e1bitats directamente afectados por el desarrollo y no a sitios completos del proyecto. Los impactos temporales en el h\u00e1bitat se tratar\u00e1n mediante un enfoque simplificado, mientras que los h\u00e1bitats retenidos, mejorados o creados recientemente seguir\u00e1n siendo elegibles para su inclusi\u00f3n en los c\u00e1lculos del BNG.<\/p>\n<p>Defra afirma que la intenci\u00f3n es apoyar la prestaci\u00f3n de infraestructura y al mismo tiempo garantizar que los resultados en materia de biodiversidad se garanticen a escala. El marco tambi\u00e9n permitir\u00e1 el uso de ganancias de biodiversidad fuera del sitio y cr\u00e9ditos legales cuando sea necesario.<\/p>\n<h4 class=\"wp-block-heading\">Reformas dirigidas a peque\u00f1os promotores y entrega de viviendas<\/h4>\n<p>El gobierno tambi\u00e9n est\u00e1 introduciendo medidas destinadas a reducir la carga administrativa para los peque\u00f1os promotores. Un cambio clave es la introducci\u00f3n de una exenci\u00f3n basada en \u00e1reas de 0,2 hect\u00e1reas, dise\u00f1ada para simplificar los requisitos para los sitios m\u00e1s peque\u00f1os.<\/p>\n<p>Otros cambios graduales planificados hasta 2026 incluyen la eliminaci\u00f3n de la exenci\u00f3n para la autoconstrucci\u00f3n a peque\u00f1a escala y la construcci\u00f3n personalizada, un l\u00edmite de cinco a\u00f1os para los permisos temporales que califican para la exenci\u00f3n y cambios en la jerarqu\u00eda de ganancia de biodiversidad para desarrollos menores. Seg\u00fan la jerarqu\u00eda revisada, las ganancias de biodiversidad fuera del sitio ser\u00e1n tratadas en pie de igualdad con la creaci\u00f3n o mejora del h\u00e1bitat en el sitio.<\/p>\n<p>Las reformas posteriores que se est\u00e1n considerando incluyen exenciones para desarrollos destinados principalmente a mejorar la biodiversidad y para proyectos que mejoren parques, campos de juego y jardines p\u00fablicos.<\/p>\n<p>Robert Oates, director ejecutivo de Arbtech, dijo:<\/p>\n<p>&#8220;El Gobierno ha considerado sensato eliminar las exenciones para la autoconstrucci\u00f3n y la construcci\u00f3n personalizada; estas lagunas jur\u00eddicas estaban siendo ampliamente utilizadas indebidamente y corr\u00edan el riesgo de socavar la integridad del mercado de BNG. Se trata de un bienvenido paso adelante. La introducci\u00f3n de una clara exenci\u00f3n de 0,2 hect\u00e1reas tambi\u00e9n deber\u00eda ayudar a reducir la fricci\u00f3n para los sitios m\u00e1s peque\u00f1os.<\/p>\n<p>&#8220;Pero m\u00e1s all\u00e1 de eso, el panorama sigue siendo demasiado incierto. Los anuncios fragmentados, la falta de cronogramas claros y las preguntas constantes sobre el futuro del umbral de minimis est\u00e1n creando inestabilidad en un momento en que el mercado necesita confianza. Se agradece la consulta sobre posibles cambios, pero ya sabemos que los umbrales de minimis actuales se est\u00e1n utilizando indebidamente y es necesario tomar medidas m\u00e1s temprano que tarde.<\/p>\n<p>&#8220;Esta incertidumbre tiene consecuencias en el mundo real: los promotores se retrasan, los inversores dudan y los proyectos se estancan. Eso, en \u00faltima instancia, ralentiza tanto la construcci\u00f3n de viviendas como la recuperaci\u00f3n de la naturaleza.<\/p>\n<p>&#8220;Si el Gobierno quiere que BNG cumpla, necesita pasar r\u00e1pidamente de la consulta a la claridad y proporcionar un marco estable y completamente definido en el que el mercado pueda confiar&#8221;.<\/p>\n<h4 class=\"wp-block-heading\">Cambios en la m\u00e9trica legal de biodiversidad<\/h4>\n<p>Defra tambi\u00e9n ha esbozado enmiendas t\u00e9cnicas a la m\u00e9trica de biodiversidad legal utilizada para calcular el valor de la biodiversidad.<\/p>\n<p>Las actualizaciones planificadas incluyen una evaluaci\u00f3n de riesgos espaciales revisada utilizando \u00e1reas de la Estrategia Local de Recuperaci\u00f3n de la Naturaleza para los h\u00e1bitats del \u00e1rea, una clasificaci\u00f3n mejorada de los h\u00e1bitats urbanos, incluido el H\u00e1bitat de Mosaico Abierto, y la posible introducci\u00f3n de una nueva categor\u00eda de h\u00e1bitat urbano de distinci\u00f3n media.<\/p>\n<p>El gobierno tambi\u00e9n est\u00e1 considerando el uso de h\u00e1bitats sustitutos donde las unidades de Open Mosaic Habitat no est\u00e1n disponibles, junto con revisiones de la gu\u00eda de evaluaci\u00f3n de condiciones. Tambi\u00e9n se est\u00e1n revisando cambios en la evaluaci\u00f3n de cursos de agua muy modificados, incluida una posible nueva categor\u00eda de car\u00e1cter distintivo.<\/p>\n<p>Paralelamente, se espera que las herramientas existentes basadas en Excel utilizadas para aplicar la m\u00e9trica sean reemplazadas por una plataforma digital para mejorar la accesibilidad y usabilidad, particularmente para los desarrolladores m\u00e1s peque\u00f1os.<\/p>\n<h4 class=\"wp-block-heading\">Consulta sobre exenci\u00f3n residencial brownfield<\/h4>\n<p>Se ha iniciado una nueva consulta sobre la conveniencia de introducir una exenci\u00f3n espec\u00edfica para el desarrollo residencial en terrenos abandonados. Esto forma parte del enfoque m\u00e1s amplio del gobierno de dar prioridad a las zonas abandonadas en la entrega de viviendas.<\/p>\n<p>La consulta est\u00e1 considerando definiciones, umbrales y salvaguardas para garantizar que los impactos ambientales se gestionen adecuadamente. Permanecer\u00e1 abierto hasta el 10 de junio de 2026.<\/p>\n<h4 class=\"wp-block-heading\">Disposiciones transitorias e implementaci\u00f3n<\/h4>\n<p>El gobierno confirma que los requisitos existentes para el BNG siguen vigentes hasta que se implementen nuevas medidas. Se publicar\u00e1n acuerdos de transici\u00f3n para guiar a los solicitantes y a las autoridades de planificaci\u00f3n a trav\u00e9s de los cambios graduales, incluidas actualizaciones de los documentos de planificaci\u00f3n y materiales de orientaci\u00f3n.<\/p>\n<p>Defra describe las reformas como una evoluci\u00f3n del sistema actual, destinada a aumentar la claridad y al mismo tiempo mantener los resultados de la biodiversidad en todos los tipos de desarrollo.<\/p>\n<hr class=\"wp-block-separator has-alpha-channel-opacity\">\n<p><strong>Art\u00edculo adaptado de \u201cBiodiversity Net Gain: qu\u00e9 est\u00e1 cambiando y qu\u00e9 significa para usted\u201d, Defra Environment Blog, 20 de abril de 2026:<\/strong><br \/>https:\/\/defraenvironment.blog.gov.uk\/2026\/04\/20\/biodiversity-net-gain-whats-changing-and-what-it-means-for-you\/<\/p>\n<p>Foto de Ben Allan en Unsplash<\/p>\n<\/p><\/div>\n","protected":false},"excerpt":{"rendered":"<p>El gobierno del Reino Unido ha establecido un importante paquete de actualizaciones de la ganancia neta de biodiversidad (BNG), que marca la siguiente etapa en<\/p>\n","protected":false},"author":1,"featured_media":8833,"comment_status":"closed","ping_status":"","sticky":false,"template":"","format":"standard","meta":{"footnotes":""},"categories":[68],"tags":[3315,1660,2751,2201,8132,847],"class_list":["post-8832","post","type-post","status-publish","format-standard","has-post-thumbnail","hentry","category-fauna-y-flora","tag-anuncian","tag-biodiversidad","tag-cambios","tag-clave","tag-ganancia","tag-neta","generate-columns","tablet-grid-50","mobile-grid-100","grid-parent","grid-50"],"yoast_head":"<!-- This site is optimized with the Yoast SEO plugin v23.4 - https:\/\/yoast.com\/wordpress\/plugins\/seo\/ -->\n<title>Ganancia neta de biodiversidad: se anuncian cambios clave - Consejos - Santa Catarina<\/title>\n<meta name=\"robots\" content=\"index, follow, max-snippet:-1, max-image-preview:large, max-video-preview:-1\" \/>\n<link rel=\"canonical\" href=\"https:\/\/stacatarina.mx\/consejos\/ganancia-neta-de-biodiversidad-se-anuncian-cambios-clave\/\" \/>\n<meta property=\"og:locale\" content=\"es_MX\" \/>\n<meta property=\"og:type\" content=\"article\" \/>\n<meta property=\"og:title\" content=\"Ganancia neta de biodiversidad: se anuncian cambios clave - Consejos - Santa Catarina\" \/>\n<meta property=\"og:description\" content=\"El gobierno del Reino Unido ha establecido un importante paquete de actualizaciones de la ganancia neta de biodiversidad (BNG), que marca la siguiente etapa en\" \/>\n<meta property=\"og:url\" content=\"https:\/\/stacatarina.mx\/consejos\/ganancia-neta-de-biodiversidad-se-anuncian-cambios-clave\/\" \/>\n<meta property=\"og:site_name\" content=\"Santa Catarina\" \/>\n<meta property=\"article:publisher\" content=\"https:\/\/www.facebook.com\/stacatarinagob\/\" \/>\n<meta property=\"article:published_time\" content=\"2026-04-21T03:53:41+00:00\" \/>\n<meta property=\"article:modified_time\" content=\"2026-04-21T03:53:42+00:00\" \/>\n<meta property=\"og:image\" content=\"https:\/\/stacatarina.mx\/consejos\/wp-content\/uploads\/2026\/04\/Ganancia-neta-de-biodiversidad-se-anuncian-cambios-clave.jpg\" \/>\n\t<meta property=\"og:image:width\" content=\"900\" \/>\n\t<meta property=\"og:image:height\" content=\"600\" \/>\n\t<meta property=\"og:image:type\" content=\"image\/jpeg\" \/>\n<meta name=\"author\" content=\"Pedro Mart\u00ednez\" \/>\n<meta name=\"twitter:card\" content=\"summary_large_image\" \/>\n<meta name=\"twitter:creator\" content=\"@stacatarinagob\" \/>\n<meta name=\"twitter:site\" content=\"@stacatarinagob\" \/>\n<meta name=\"twitter:label1\" content=\"Escrito por\" \/>\n\t<meta name=\"twitter:data1\" content=\"Pedro Mart\u00ednez\" \/>\n\t<meta name=\"twitter:label2\" content=\"Tiempo de lectura\" \/>\n\t<meta name=\"twitter:data2\" content=\"6 minutos\" \/>\n<script type=\"application\/ld+json\" class=\"yoast-schema-graph\">{\"@context\":\"https:\/\/schema.org\",\"@graph\":[{\"@type\":\"Article\",\"@id\":\"https:\/\/stacatarina.mx\/consejos\/ganancia-neta-de-biodiversidad-se-anuncian-cambios-clave\/#article\",\"isPartOf\":{\"@id\":\"https:\/\/stacatarina.mx\/consejos\/ganancia-neta-de-biodiversidad-se-anuncian-cambios-clave\/\"},\"author\":{\"name\":\"Pedro Mart\u00ednez\",\"@id\":\"https:\/\/stacatarina.mx\/consejos\/#\/schema\/person\/0be60adffa8e4c4d0828fdf021450e8a\"},\"headline\":\"Ganancia neta de biodiversidad: se anuncian cambios clave\",\"datePublished\":\"2026-04-21T03:53:41+00:00\",\"dateModified\":\"2026-04-21T03:53:42+00:00\",\"mainEntityOfPage\":{\"@id\":\"https:\/\/stacatarina.mx\/consejos\/ganancia-neta-de-biodiversidad-se-anuncian-cambios-clave\/\"},\"wordCount\":1278,\"publisher\":{\"@id\":\"https:\/\/stacatarina.mx\/consejos\/#organization\"},\"image\":{\"@id\":\"https:\/\/stacatarina.mx\/consejos\/ganancia-neta-de-biodiversidad-se-anuncian-cambios-clave\/#primaryimage\"},\"thumbnailUrl\":\"https:\/\/stacatarina.mx\/consejos\/wp-content\/uploads\/2026\/04\/Ganancia-neta-de-biodiversidad-se-anuncian-cambios-clave.jpg\",\"keywords\":[\"anuncian\",\"biodiversidad\",\"cambios\",\"clave\",\"ganancia\",\"neta\"],\"articleSection\":[\"Fauna y Flora\"],\"inLanguage\":\"es\"},{\"@type\":\"WebPage\",\"@id\":\"https:\/\/stacatarina.mx\/consejos\/ganancia-neta-de-biodiversidad-se-anuncian-cambios-clave\/\",\"url\":\"https:\/\/stacatarina.mx\/consejos\/ganancia-neta-de-biodiversidad-se-anuncian-cambios-clave\/\",\"name\":\"Ganancia neta de biodiversidad: se anuncian cambios clave - Consejos - Santa Catarina\",\"isPartOf\":{\"@id\":\"https:\/\/stacatarina.mx\/consejos\/#website\"},\"primaryImageOfPage\":{\"@id\":\"https:\/\/stacatarina.mx\/consejos\/ganancia-neta-de-biodiversidad-se-anuncian-cambios-clave\/#primaryimage\"},\"image\":{\"@id\":\"https:\/\/stacatarina.mx\/consejos\/ganancia-neta-de-biodiversidad-se-anuncian-cambios-clave\/#primaryimage\"},\"thumbnailUrl\":\"https:\/\/stacatarina.mx\/consejos\/wp-content\/uploads\/2026\/04\/Ganancia-neta-de-biodiversidad-se-anuncian-cambios-clave.jpg\",\"datePublished\":\"2026-04-21T03:53:41+00:00\",\"dateModified\":\"2026-04-21T03:53:42+00:00\",\"breadcrumb\":{\"@id\":\"https:\/\/stacatarina.mx\/consejos\/ganancia-neta-de-biodiversidad-se-anuncian-cambios-clave\/#breadcrumb\"},\"inLanguage\":\"es\",\"potentialAction\":[{\"@type\":\"ReadAction\",\"target\":[\"https:\/\/stacatarina.mx\/consejos\/ganancia-neta-de-biodiversidad-se-anuncian-cambios-clave\/\"]}]},{\"@type\":\"ImageObject\",\"inLanguage\":\"es\",\"@id\":\"https:\/\/stacatarina.mx\/consejos\/ganancia-neta-de-biodiversidad-se-anuncian-cambios-clave\/#primaryimage\",\"url\":\"https:\/\/stacatarina.mx\/consejos\/wp-content\/uploads\/2026\/04\/Ganancia-neta-de-biodiversidad-se-anuncian-cambios-clave.jpg\",\"contentUrl\":\"https:\/\/stacatarina.mx\/consejos\/wp-content\/uploads\/2026\/04\/Ganancia-neta-de-biodiversidad-se-anuncian-cambios-clave.jpg\",\"width\":900,\"height\":600,\"caption\":\"Biodiversity Net Gain \u2013 key changes announced\"},{\"@type\":\"BreadcrumbList\",\"@id\":\"https:\/\/stacatarina.mx\/consejos\/ganancia-neta-de-biodiversidad-se-anuncian-cambios-clave\/#breadcrumb\",\"itemListElement\":[{\"@type\":\"ListItem\",\"position\":1,\"name\":\"Inicio\",\"item\":\"https:\/\/stacatarina.mx\/consejos\/\"},{\"@type\":\"ListItem\",\"position\":2,\"name\":\"Ganancia neta de biodiversidad: se anuncian cambios clave\"}]},{\"@type\":\"WebSite\",\"@id\":\"https:\/\/stacatarina.mx\/consejos\/#website\",\"url\":\"https:\/\/stacatarina.mx\/consejos\/\",\"name\":\"Santa Catarina\",\"description\":\"\",\"publisher\":{\"@id\":\"https:\/\/stacatarina.mx\/consejos\/#organization\"},\"potentialAction\":[{\"@type\":\"SearchAction\",\"target\":{\"@type\":\"EntryPoint\",\"urlTemplate\":\"https:\/\/stacatarina.mx\/consejos\/?s={search_term_string}\"},\"query-input\":{\"@type\":\"PropertyValueSpecification\",\"valueRequired\":true,\"valueName\":\"search_term_string\"}}],\"inLanguage\":\"es\"},{\"@type\":\"Organization\",\"@id\":\"https:\/\/stacatarina.mx\/consejos\/#organization\",\"name\":\"Santa Catarina\",\"url\":\"https:\/\/stacatarina.mx\/consejos\/\",\"logo\":{\"@type\":\"ImageObject\",\"inLanguage\":\"es\",\"@id\":\"https:\/\/stacatarina.mx\/consejos\/#\/schema\/logo\/image\/\",\"url\":\"https:\/\/stacatarina.mx\/consejos\/wp-content\/uploads\/2024\/09\/cropped-favicon-1-1.png\",\"contentUrl\":\"https:\/\/stacatarina.mx\/consejos\/wp-content\/uploads\/2024\/09\/cropped-favicon-1-1.png\",\"width\":512,\"height\":512,\"caption\":\"Santa Catarina\"},\"image\":{\"@id\":\"https:\/\/stacatarina.mx\/consejos\/#\/schema\/logo\/image\/\"},\"sameAs\":[\"https:\/\/www.facebook.com\/stacatarinagob\/\",\"https:\/\/x.com\/stacatarinagob\",\"https:\/\/www.instagram.com\/stacatarinagob\/\",\"https:\/\/www.youtube.com\/channel\/UCK-6cQJL_904665N1_nLTWw\"]},{\"@type\":\"Person\",\"@id\":\"https:\/\/stacatarina.mx\/consejos\/#\/schema\/person\/0be60adffa8e4c4d0828fdf021450e8a\",\"name\":\"Pedro Mart\u00ednez\",\"image\":{\"@type\":\"ImageObject\",\"inLanguage\":\"es\",\"@id\":\"https:\/\/stacatarina.mx\/consejos\/#\/schema\/person\/image\/\",\"url\":\"https:\/\/stacatarina.mx\/consejos\/wp-content\/uploads\/2024\/09\/stacatarina.jpg\",\"contentUrl\":\"https:\/\/stacatarina.mx\/consejos\/wp-content\/uploads\/2024\/09\/stacatarina.jpg\",\"caption\":\"Pedro Mart\u00ednez\"},\"description\":\"Hola, soy Pedro Mart\u00ednez, redactor jefe del sitio oficial del ayuntamiento de Santa Catarina, en M\u00e9xico. Con m\u00e1s de diez a\u00f1os de experiencia en el periodismo local, tengo una pasi\u00f3n por la investigaci\u00f3n y la difusi\u00f3n de informaci\u00f3n que valoriza nuestra hermosa comunidad. Mi compromiso es hacer de Santa Catarina una referencia en materia de transparencia y comunicaci\u00f3n municipal.\",\"sameAs\":[\"https:\/\/stacatarina.mx\/\"]}]}<\/script>\n<!-- \/ Yoast SEO plugin. -->","yoast_head_json":{"title":"Ganancia neta de biodiversidad: se anuncian cambios clave - Consejos - Santa Catarina","robots":{"index":"index","follow":"follow","max-snippet":"max-snippet:-1","max-image-preview":"max-image-preview:large","max-video-preview":"max-video-preview:-1"},"canonical":"https:\/\/stacatarina.mx\/consejos\/ganancia-neta-de-biodiversidad-se-anuncian-cambios-clave\/","og_locale":"es_MX","og_type":"article","og_title":"Ganancia neta de biodiversidad: se anuncian cambios clave - Consejos - Santa Catarina","og_description":"El gobierno del Reino Unido ha establecido un importante paquete de actualizaciones de la ganancia neta de biodiversidad (BNG), que marca la siguiente etapa en","og_url":"https:\/\/stacatarina.mx\/consejos\/ganancia-neta-de-biodiversidad-se-anuncian-cambios-clave\/","og_site_name":"Santa Catarina","article_publisher":"https:\/\/www.facebook.com\/stacatarinagob\/","article_published_time":"2026-04-21T03:53:41+00:00","article_modified_time":"2026-04-21T03:53:42+00:00","og_image":[{"width":900,"height":600,"url":"https:\/\/stacatarina.mx\/consejos\/wp-content\/uploads\/2026\/04\/Ganancia-neta-de-biodiversidad-se-anuncian-cambios-clave.jpg","type":"image\/jpeg"}],"author":"Pedro Mart\u00ednez","twitter_card":"summary_large_image","twitter_creator":"@stacatarinagob","twitter_site":"@stacatarinagob","twitter_misc":{"Escrito por":"Pedro Mart\u00ednez","Tiempo de lectura":"6 minutos"},"schema":{"@context":"https:\/\/schema.org","@graph":[{"@type":"Article","@id":"https:\/\/stacatarina.mx\/consejos\/ganancia-neta-de-biodiversidad-se-anuncian-cambios-clave\/#article","isPartOf":{"@id":"https:\/\/stacatarina.mx\/consejos\/ganancia-neta-de-biodiversidad-se-anuncian-cambios-clave\/"},"author":{"name":"Pedro Mart\u00ednez","@id":"https:\/\/stacatarina.mx\/consejos\/#\/schema\/person\/0be60adffa8e4c4d0828fdf021450e8a"},"headline":"Ganancia neta de biodiversidad: se anuncian cambios clave","datePublished":"2026-04-21T03:53:41+00:00","dateModified":"2026-04-21T03:53:42+00:00","mainEntityOfPage":{"@id":"https:\/\/stacatarina.mx\/consejos\/ganancia-neta-de-biodiversidad-se-anuncian-cambios-clave\/"},"wordCount":1278,"publisher":{"@id":"https:\/\/stacatarina.mx\/consejos\/#organization"},"image":{"@id":"https:\/\/stacatarina.mx\/consejos\/ganancia-neta-de-biodiversidad-se-anuncian-cambios-clave\/#primaryimage"},"thumbnailUrl":"https:\/\/stacatarina.mx\/consejos\/wp-content\/uploads\/2026\/04\/Ganancia-neta-de-biodiversidad-se-anuncian-cambios-clave.jpg","keywords":["anuncian","biodiversidad","cambios","clave","ganancia","neta"],"articleSection":["Fauna y Flora"],"inLanguage":"es"},{"@type":"WebPage","@id":"https:\/\/stacatarina.mx\/consejos\/ganancia-neta-de-biodiversidad-se-anuncian-cambios-clave\/","url":"https:\/\/stacatarina.mx\/consejos\/ganancia-neta-de-biodiversidad-se-anuncian-cambios-clave\/","name":"Ganancia neta de biodiversidad: se anuncian cambios clave - Consejos - Santa Catarina","isPartOf":{"@id":"https:\/\/stacatarina.mx\/consejos\/#website"},"primaryImageOfPage":{"@id":"https:\/\/stacatarina.mx\/consejos\/ganancia-neta-de-biodiversidad-se-anuncian-cambios-clave\/#primaryimage"},"image":{"@id":"https:\/\/stacatarina.mx\/consejos\/ganancia-neta-de-biodiversidad-se-anuncian-cambios-clave\/#primaryimage"},"thumbnailUrl":"https:\/\/stacatarina.mx\/consejos\/wp-content\/uploads\/2026\/04\/Ganancia-neta-de-biodiversidad-se-anuncian-cambios-clave.jpg","datePublished":"2026-04-21T03:53:41+00:00","dateModified":"2026-04-21T03:53:42+00:00","breadcrumb":{"@id":"https:\/\/stacatarina.mx\/consejos\/ganancia-neta-de-biodiversidad-se-anuncian-cambios-clave\/#breadcrumb"},"inLanguage":"es","potentialAction":[{"@type":"ReadAction","target":["https:\/\/stacatarina.mx\/consejos\/ganancia-neta-de-biodiversidad-se-anuncian-cambios-clave\/"]}]},{"@type":"ImageObject","inLanguage":"es","@id":"https:\/\/stacatarina.mx\/consejos\/ganancia-neta-de-biodiversidad-se-anuncian-cambios-clave\/#primaryimage","url":"https:\/\/stacatarina.mx\/consejos\/wp-content\/uploads\/2026\/04\/Ganancia-neta-de-biodiversidad-se-anuncian-cambios-clave.jpg","contentUrl":"https:\/\/stacatarina.mx\/consejos\/wp-content\/uploads\/2026\/04\/Ganancia-neta-de-biodiversidad-se-anuncian-cambios-clave.jpg","width":900,"height":600,"caption":"Biodiversity Net Gain \u2013 key changes announced"},{"@type":"BreadcrumbList","@id":"https:\/\/stacatarina.mx\/consejos\/ganancia-neta-de-biodiversidad-se-anuncian-cambios-clave\/#breadcrumb","itemListElement":[{"@type":"ListItem","position":1,"name":"Inicio","item":"https:\/\/stacatarina.mx\/consejos\/"},{"@type":"ListItem","position":2,"name":"Ganancia neta de biodiversidad: se anuncian cambios clave"}]},{"@type":"WebSite","@id":"https:\/\/stacatarina.mx\/consejos\/#website","url":"https:\/\/stacatarina.mx\/consejos\/","name":"Santa Catarina","description":"","publisher":{"@id":"https:\/\/stacatarina.mx\/consejos\/#organization"},"potentialAction":[{"@type":"SearchAction","target":{"@type":"EntryPoint","urlTemplate":"https:\/\/stacatarina.mx\/consejos\/?s={search_term_string}"},"query-input":{"@type":"PropertyValueSpecification","valueRequired":true,"valueName":"search_term_string"}}],"inLanguage":"es"},{"@type":"Organization","@id":"https:\/\/stacatarina.mx\/consejos\/#organization","name":"Santa Catarina","url":"https:\/\/stacatarina.mx\/consejos\/","logo":{"@type":"ImageObject","inLanguage":"es","@id":"https:\/\/stacatarina.mx\/consejos\/#\/schema\/logo\/image\/","url":"https:\/\/stacatarina.mx\/consejos\/wp-content\/uploads\/2024\/09\/cropped-favicon-1-1.png","contentUrl":"https:\/\/stacatarina.mx\/consejos\/wp-content\/uploads\/2024\/09\/cropped-favicon-1-1.png","width":512,"height":512,"caption":"Santa Catarina"},"image":{"@id":"https:\/\/stacatarina.mx\/consejos\/#\/schema\/logo\/image\/"},"sameAs":["https:\/\/www.facebook.com\/stacatarinagob\/","https:\/\/x.com\/stacatarinagob","https:\/\/www.instagram.com\/stacatarinagob\/","https:\/\/www.youtube.com\/channel\/UCK-6cQJL_904665N1_nLTWw"]},{"@type":"Person","@id":"https:\/\/stacatarina.mx\/consejos\/#\/schema\/person\/0be60adffa8e4c4d0828fdf021450e8a","name":"Pedro Mart\u00ednez","image":{"@type":"ImageObject","inLanguage":"es","@id":"https:\/\/stacatarina.mx\/consejos\/#\/schema\/person\/image\/","url":"https:\/\/stacatarina.mx\/consejos\/wp-content\/uploads\/2024\/09\/stacatarina.jpg","contentUrl":"https:\/\/stacatarina.mx\/consejos\/wp-content\/uploads\/2024\/09\/stacatarina.jpg","caption":"Pedro Mart\u00ednez"},"description":"Hola, soy Pedro Mart\u00ednez, redactor jefe del sitio oficial del ayuntamiento de Santa Catarina, en M\u00e9xico. Con m\u00e1s de diez a\u00f1os de experiencia en el periodismo local, tengo una pasi\u00f3n por la investigaci\u00f3n y la difusi\u00f3n de informaci\u00f3n que valoriza nuestra hermosa comunidad. Mi compromiso es hacer de Santa Catarina una referencia en materia de transparencia y comunicaci\u00f3n municipal.","sameAs":["https:\/\/stacatarina.mx\/"]}]}},"_links":{"self":[{"href":"https:\/\/stacatarina.mx\/consejos\/wp-json\/wp\/v2\/posts\/8832"}],"collection":[{"href":"https:\/\/stacatarina.mx\/consejos\/wp-json\/wp\/v2\/posts"}],"about":[{"href":"https:\/\/stacatarina.mx\/consejos\/wp-json\/wp\/v2\/types\/post"}],"author":[{"embeddable":true,"href":"https:\/\/stacatarina.mx\/consejos\/wp-json\/wp\/v2\/users\/1"}],"replies":[{"embeddable":true,"href":"https:\/\/stacatarina.mx\/consejos\/wp-json\/wp\/v2\/comments?post=8832"}],"version-history":[{"count":1,"href":"https:\/\/stacatarina.mx\/consejos\/wp-json\/wp\/v2\/posts\/8832\/revisions"}],"predecessor-version":[{"id":8834,"href":"https:\/\/stacatarina.mx\/consejos\/wp-json\/wp\/v2\/posts\/8832\/revisions\/8834"}],"wp:featuredmedia":[{"embeddable":true,"href":"https:\/\/stacatarina.mx\/consejos\/wp-json\/wp\/v2\/media\/8833"}],"wp:attachment":[{"href":"https:\/\/stacatarina.mx\/consejos\/wp-json\/wp\/v2\/media?parent=8832"}],"wp:term":[{"taxonomy":"category","embeddable":true,"href":"https:\/\/stacatarina.mx\/consejos\/wp-json\/wp\/v2\/categories?post=8832"},{"taxonomy":"post_tag","embeddable":true,"href":"https:\/\/stacatarina.mx\/consejos\/wp-json\/wp\/v2\/tags?post=8832"}],"curies":[{"name":"wp","href":"https:\/\/api.w.org\/{rel}","templated":true}]}}