{"id":8844,"date":"2026-04-21T14:52:46","date_gmt":"2026-04-21T20:52:46","guid":{"rendered":"https:\/\/stacatarina.mx\/consejos\/no-solo-las-madres-los-nuevos-padres-tambien-pueden-sufrir-depresion-posparto-pero-poco-se-habla-de-ello\/"},"modified":"2026-04-21T14:52:49","modified_gmt":"2026-04-21T20:52:49","slug":"no-solo-las-madres-los-nuevos-padres-tambien-pueden-sufrir-depresion-posparto-pero-poco-se-habla-de-ello","status":"publish","type":"post","link":"https:\/\/stacatarina.mx\/consejos\/no-solo-las-madres-los-nuevos-padres-tambien-pueden-sufrir-depresion-posparto-pero-poco-se-habla-de-ello\/","title":{"rendered":"No s\u00f3lo las madres, los nuevos padres tambi\u00e9n pueden sufrir depresi\u00f3n posparto (pero poco se habla de ello)"},"content":{"rendered":"<p><\/p>\n<p>Irascibilidad, desapego emocional, dificultad para concentrarse y s\u00edntomas similares, cosas que, en los nuevos padres, se interpretan m\u00e1s a menudo como una reacci\u00f3n transitoria al cansancio o a la necesidad de adaptarse a nuevos equilibrios cuando nace un beb\u00e9.<\/p>\n<p>Y, sin embargo, hay una cosa que no se tiene en cuenta: incluso aquellos que acaban de ser padres pueden experimentar la vieja depresi\u00f3n posparto, que durante siglos se ha atribuido \u00fanica y exclusivamente a las nuevas madres, dando lugar, adem\u00e1s, a aut\u00e9nticas lagunas cient\u00edficas.<\/p>\n<p>Sin embargo, en los \u00faltimos a\u00f1os las investigaciones han comenzado a mirar en todas direcciones y un estudio reciente tambi\u00e9n intent\u00f3 evaluar todos los casos en los que el riesgo de depresi\u00f3n posparto para los padres puede aumentar.<\/p>\n<h2>el estudio<\/h2>\n<p>El estudio publicado el<em>Revista Americana de Medicina Preventiva<\/em> analiz\u00f3 a m\u00e1s de 17 mil parejas siguiendo la evoluci\u00f3n de la salud mental en los 12 meses posteriores al parto. Los resultados muestran que la depresi\u00f3n posparto afecta con menos frecuencia a los padres que a las madres, pero no es en modo alguno un fen\u00f3meno marginal. En la muestra examinada, se registraron 326 casos entre los padres (1,7%) frente a 1.731 entre las madres (8,9%).<\/p>\n<p>El dato m\u00e1s significativo, sin embargo, se refiere a la din\u00e1mica de la pareja. El riesgo para los nuevos padres aumenta cuando la madre tambi\u00e9n recibe un diagn\u00f3stico: pasa del 1,6% al 3%. Una se\u00f1al que indica c\u00f3mo la vulnerabilidad emocional en el posparto no es individual, sino compartida.<\/p>\n<p>Al analizar los datos con modelos estad\u00edsticos, los investigadores observaron que la depresi\u00f3n materna se asociaba con un 81% m\u00e1s de riesgo en los padres. Pero esta relaci\u00f3n se manifiesta sobre todo cuando se trata de una &#8220;nueva&#8221; depresi\u00f3n materna sin precedentes. Por tanto, es precisamente el per\u00edodo posterior al nacimiento el que representa una fase delicada para ambos padres, en la que el estr\u00e9s, los cambios y las nuevas responsabilidades pueden poner a prueba el equilibrio psicol\u00f3gico de la pareja.<\/p>\n<h2>S\u00edntomas menos visibles (pero no menos reales)<\/h2>\n<p>Uno de los aspectos m\u00e1s cr\u00edticos es que la depresi\u00f3n posparto en los padres muchas veces pasa desapercibida. No necesariamente se manifiesta con una tristeza evidente o un estado de \u00e1nimo deca\u00eddo, sino con signos m\u00e1s sutiles:<\/p>\n<p>A ellos se suman problemas de sue\u00f1o, dificultad para concentrarse y, en algunos casos, conductas evitativas o mayor impulsividad. S\u00edntomas que rara vez se relacionan con un trastorno depresivo y que contribuyen a que el fen\u00f3meno sea a\u00fan m\u00e1s invisible.<\/p>\n<p>Pero las consecuencias no terminan en los padres. Cada vez m\u00e1s estudios destacan los efectos de la depresi\u00f3n paterna en el desarrollo de los ni\u00f1os, incluida una menor participaci\u00f3n en el cuidado diario, dificultades en la conexi\u00f3n emocional y, con el tiempo, un mayor riesgo de problemas emocionales y de comportamiento en los ni\u00f1os, como hiperactividad o dificultades en las relaciones.<\/p>\n<p>Estos efectos tienden a ser m\u00e1s pronunciados cuando la angustia pasa desapercibida durante los primeros meses de vida del ni\u00f1o. Y aqu\u00ed surge otra cuesti\u00f3n crucial: los padres piden menos ayuda y rara vez participan en los procesos de detecci\u00f3n despu\u00e9s del nacimiento. Adem\u00e1s, muchas herramientas de diagn\u00f3stico se han basado en los s\u00edntomas maternos, lo que hace m\u00e1s dif\u00edcil identificar las manifestaciones masculinas t\u00edpicas. \u00bfEl resultado? Una parte importante de los casos sigue sin denunciarse. Sin embargo, ahora est\u00e1 claro que hablar sobre la depresi\u00f3n posparto incluyendo a los padres es un paso necesario para construir un sistema de apoyo m\u00e1s equitativo y verdaderamente eficaz para toda la familia.<\/p>\n","protected":false},"excerpt":{"rendered":"<p>Irascibilidad, desapego emocional, dificultad para concentrarse y s\u00edntomas similares, cosas que, en los nuevos padres, se interpretan m\u00e1s a menudo como una reacci\u00f3n transitoria al<\/p>\n","protected":false},"author":1,"featured_media":8845,"comment_status":"closed","ping_status":"","sticky":false,"template":"","format":"standard","meta":{"footnotes":""},"categories":[762],"tags":[2579,6492,183,34,62,4693,263,285,165,1021,8531,267,628,1122,416],"class_list":["post-8844","post","type-post","status-publish","format-standard","has-post-thumbnail","hentry","category-salud","tag-depresion","tag-ello","tag-habla","tag-las","tag-los","tag-madres","tag-nuevos","tag-padres","tag-pero","tag-poco","tag-posparto","tag-pueden","tag-solo","tag-sufrir","tag-tambien","generate-columns","tablet-grid-50","mobile-grid-100","grid-parent","grid-50"],"yoast_head":"<!-- This site is optimized with the Yoast SEO plugin v23.4 - https:\/\/yoast.com\/wordpress\/plugins\/seo\/ -->\n<title>No s\u00f3lo las madres, los nuevos padres tambi\u00e9n pueden sufrir depresi\u00f3n posparto (pero poco se habla de ello) - Consejos - Santa Catarina<\/title>\n<meta name=\"robots\" content=\"index, follow, max-snippet:-1, max-image-preview:large, max-video-preview:-1\" \/>\n<link rel=\"canonical\" href=\"https:\/\/stacatarina.mx\/consejos\/no-solo-las-madres-los-nuevos-padres-tambien-pueden-sufrir-depresion-posparto-pero-poco-se-habla-de-ello\/\" \/>\n<meta property=\"og:locale\" content=\"es_MX\" \/>\n<meta property=\"og:type\" content=\"article\" \/>\n<meta property=\"og:title\" content=\"No s\u00f3lo las madres, los nuevos padres tambi\u00e9n pueden sufrir depresi\u00f3n posparto (pero poco se habla de ello) - Consejos - Santa Catarina\" \/>\n<meta property=\"og:description\" content=\"Irascibilidad, desapego emocional, dificultad para concentrarse y s\u00edntomas similares, cosas que, en los nuevos padres, se interpretan m\u00e1s a menudo como una reacci\u00f3n transitoria al\" \/>\n<meta property=\"og:url\" content=\"https:\/\/stacatarina.mx\/consejos\/no-solo-las-madres-los-nuevos-padres-tambien-pueden-sufrir-depresion-posparto-pero-poco-se-habla-de-ello\/\" \/>\n<meta property=\"og:site_name\" content=\"Santa Catarina\" \/>\n<meta property=\"article:publisher\" content=\"https:\/\/www.facebook.com\/stacatarinagob\/\" \/>\n<meta property=\"article:published_time\" content=\"2026-04-21T20:52:46+00:00\" \/>\n<meta property=\"article:modified_time\" content=\"2026-04-21T20:52:49+00:00\" \/>\n<meta property=\"og:image\" content=\"https:\/\/stacatarina.mx\/consejos\/wp-content\/uploads\/2026\/04\/No-solo-las-madres-los-nuevos-padres-tambien-pueden-sufrir.jpg\" \/>\n\t<meta property=\"og:image:width\" content=\"1500\" \/>\n\t<meta property=\"og:image:height\" content=\"1000\" \/>\n\t<meta property=\"og:image:type\" content=\"image\/jpeg\" \/>\n<meta name=\"author\" content=\"Pedro Mart\u00ednez\" \/>\n<meta name=\"twitter:card\" content=\"summary_large_image\" \/>\n<meta name=\"twitter:creator\" content=\"@stacatarinagob\" \/>\n<meta name=\"twitter:site\" content=\"@stacatarinagob\" \/>\n<meta name=\"twitter:label1\" content=\"Escrito por\" \/>\n\t<meta name=\"twitter:data1\" content=\"Pedro Mart\u00ednez\" \/>\n\t<meta name=\"twitter:label2\" content=\"Tiempo de lectura\" \/>\n\t<meta name=\"twitter:data2\" content=\"3 minutos\" \/>\n<script type=\"application\/ld+json\" class=\"yoast-schema-graph\">{\"@context\":\"https:\/\/schema.org\",\"@graph\":[{\"@type\":\"Article\",\"@id\":\"https:\/\/stacatarina.mx\/consejos\/no-solo-las-madres-los-nuevos-padres-tambien-pueden-sufrir-depresion-posparto-pero-poco-se-habla-de-ello\/#article\",\"isPartOf\":{\"@id\":\"https:\/\/stacatarina.mx\/consejos\/no-solo-las-madres-los-nuevos-padres-tambien-pueden-sufrir-depresion-posparto-pero-poco-se-habla-de-ello\/\"},\"author\":{\"name\":\"Pedro Mart\u00ednez\",\"@id\":\"https:\/\/stacatarina.mx\/consejos\/#\/schema\/person\/0be60adffa8e4c4d0828fdf021450e8a\"},\"headline\":\"No s\u00f3lo las madres, los nuevos padres tambi\u00e9n pueden sufrir depresi\u00f3n posparto (pero poco se habla de ello)\",\"datePublished\":\"2026-04-21T20:52:46+00:00\",\"dateModified\":\"2026-04-21T20:52:49+00:00\",\"mainEntityOfPage\":{\"@id\":\"https:\/\/stacatarina.mx\/consejos\/no-solo-las-madres-los-nuevos-padres-tambien-pueden-sufrir-depresion-posparto-pero-poco-se-habla-de-ello\/\"},\"wordCount\":654,\"publisher\":{\"@id\":\"https:\/\/stacatarina.mx\/consejos\/#organization\"},\"image\":{\"@id\":\"https:\/\/stacatarina.mx\/consejos\/no-solo-las-madres-los-nuevos-padres-tambien-pueden-sufrir-depresion-posparto-pero-poco-se-habla-de-ello\/#primaryimage\"},\"thumbnailUrl\":\"https:\/\/stacatarina.mx\/consejos\/wp-content\/uploads\/2026\/04\/No-solo-las-madres-los-nuevos-padres-tambien-pueden-sufrir.jpg\",\"keywords\":[\"depresi\u00f3n\",\"ello\",\"habla\",\"Las\",\"los\",\"madres\",\"nuevos\",\"padres\",\"pero\",\"poco\",\"posparto\",\"pueden\",\"solo\",\"sufrir\",\"tambi\u00e9n\"],\"articleSection\":[\"Salud\"],\"inLanguage\":\"es\"},{\"@type\":\"WebPage\",\"@id\":\"https:\/\/stacatarina.mx\/consejos\/no-solo-las-madres-los-nuevos-padres-tambien-pueden-sufrir-depresion-posparto-pero-poco-se-habla-de-ello\/\",\"url\":\"https:\/\/stacatarina.mx\/consejos\/no-solo-las-madres-los-nuevos-padres-tambien-pueden-sufrir-depresion-posparto-pero-poco-se-habla-de-ello\/\",\"name\":\"No s\u00f3lo las madres, los nuevos padres tambi\u00e9n pueden sufrir depresi\u00f3n posparto (pero poco se habla de ello) - Consejos - Santa Catarina\",\"isPartOf\":{\"@id\":\"https:\/\/stacatarina.mx\/consejos\/#website\"},\"primaryImageOfPage\":{\"@id\":\"https:\/\/stacatarina.mx\/consejos\/no-solo-las-madres-los-nuevos-padres-tambien-pueden-sufrir-depresion-posparto-pero-poco-se-habla-de-ello\/#primaryimage\"},\"image\":{\"@id\":\"https:\/\/stacatarina.mx\/consejos\/no-solo-las-madres-los-nuevos-padres-tambien-pueden-sufrir-depresion-posparto-pero-poco-se-habla-de-ello\/#primaryimage\"},\"thumbnailUrl\":\"https:\/\/stacatarina.mx\/consejos\/wp-content\/uploads\/2026\/04\/No-solo-las-madres-los-nuevos-padres-tambien-pueden-sufrir.jpg\",\"datePublished\":\"2026-04-21T20:52:46+00:00\",\"dateModified\":\"2026-04-21T20:52:49+00:00\",\"breadcrumb\":{\"@id\":\"https:\/\/stacatarina.mx\/consejos\/no-solo-las-madres-los-nuevos-padres-tambien-pueden-sufrir-depresion-posparto-pero-poco-se-habla-de-ello\/#breadcrumb\"},\"inLanguage\":\"es\",\"potentialAction\":[{\"@type\":\"ReadAction\",\"target\":[\"https:\/\/stacatarina.mx\/consejos\/no-solo-las-madres-los-nuevos-padres-tambien-pueden-sufrir-depresion-posparto-pero-poco-se-habla-de-ello\/\"]}]},{\"@type\":\"ImageObject\",\"inLanguage\":\"es\",\"@id\":\"https:\/\/stacatarina.mx\/consejos\/no-solo-las-madres-los-nuevos-padres-tambien-pueden-sufrir-depresion-posparto-pero-poco-se-habla-de-ello\/#primaryimage\",\"url\":\"https:\/\/stacatarina.mx\/consejos\/wp-content\/uploads\/2026\/04\/No-solo-las-madres-los-nuevos-padres-tambien-pueden-sufrir.jpg\",\"contentUrl\":\"https:\/\/stacatarina.mx\/consejos\/wp-content\/uploads\/2026\/04\/No-solo-las-madres-los-nuevos-padres-tambien-pueden-sufrir.jpg\",\"width\":1500,\"height\":1000,\"caption\":\"depressione pap\u00e0\"},{\"@type\":\"BreadcrumbList\",\"@id\":\"https:\/\/stacatarina.mx\/consejos\/no-solo-las-madres-los-nuevos-padres-tambien-pueden-sufrir-depresion-posparto-pero-poco-se-habla-de-ello\/#breadcrumb\",\"itemListElement\":[{\"@type\":\"ListItem\",\"position\":1,\"name\":\"Inicio\",\"item\":\"https:\/\/stacatarina.mx\/consejos\/\"},{\"@type\":\"ListItem\",\"position\":2,\"name\":\"No s\u00f3lo las madres, los nuevos padres tambi\u00e9n pueden sufrir depresi\u00f3n posparto (pero poco se habla de ello)\"}]},{\"@type\":\"WebSite\",\"@id\":\"https:\/\/stacatarina.mx\/consejos\/#website\",\"url\":\"https:\/\/stacatarina.mx\/consejos\/\",\"name\":\"Santa Catarina\",\"description\":\"\",\"publisher\":{\"@id\":\"https:\/\/stacatarina.mx\/consejos\/#organization\"},\"potentialAction\":[{\"@type\":\"SearchAction\",\"target\":{\"@type\":\"EntryPoint\",\"urlTemplate\":\"https:\/\/stacatarina.mx\/consejos\/?s={search_term_string}\"},\"query-input\":{\"@type\":\"PropertyValueSpecification\",\"valueRequired\":true,\"valueName\":\"search_term_string\"}}],\"inLanguage\":\"es\"},{\"@type\":\"Organization\",\"@id\":\"https:\/\/stacatarina.mx\/consejos\/#organization\",\"name\":\"Santa Catarina\",\"url\":\"https:\/\/stacatarina.mx\/consejos\/\",\"logo\":{\"@type\":\"ImageObject\",\"inLanguage\":\"es\",\"@id\":\"https:\/\/stacatarina.mx\/consejos\/#\/schema\/logo\/image\/\",\"url\":\"https:\/\/stacatarina.mx\/consejos\/wp-content\/uploads\/2024\/09\/cropped-favicon-1-1.png\",\"contentUrl\":\"https:\/\/stacatarina.mx\/consejos\/wp-content\/uploads\/2024\/09\/cropped-favicon-1-1.png\",\"width\":512,\"height\":512,\"caption\":\"Santa Catarina\"},\"image\":{\"@id\":\"https:\/\/stacatarina.mx\/consejos\/#\/schema\/logo\/image\/\"},\"sameAs\":[\"https:\/\/www.facebook.com\/stacatarinagob\/\",\"https:\/\/x.com\/stacatarinagob\",\"https:\/\/www.instagram.com\/stacatarinagob\/\",\"https:\/\/www.youtube.com\/channel\/UCK-6cQJL_904665N1_nLTWw\"]},{\"@type\":\"Person\",\"@id\":\"https:\/\/stacatarina.mx\/consejos\/#\/schema\/person\/0be60adffa8e4c4d0828fdf021450e8a\",\"name\":\"Pedro Mart\u00ednez\",\"image\":{\"@type\":\"ImageObject\",\"inLanguage\":\"es\",\"@id\":\"https:\/\/stacatarina.mx\/consejos\/#\/schema\/person\/image\/\",\"url\":\"https:\/\/stacatarina.mx\/consejos\/wp-content\/uploads\/2024\/09\/stacatarina.jpg\",\"contentUrl\":\"https:\/\/stacatarina.mx\/consejos\/wp-content\/uploads\/2024\/09\/stacatarina.jpg\",\"caption\":\"Pedro Mart\u00ednez\"},\"description\":\"Hola, soy Pedro Mart\u00ednez, redactor jefe del sitio oficial del ayuntamiento de Santa Catarina, en M\u00e9xico. Con m\u00e1s de diez a\u00f1os de experiencia en el periodismo local, tengo una pasi\u00f3n por la investigaci\u00f3n y la difusi\u00f3n de informaci\u00f3n que valoriza nuestra hermosa comunidad. Mi compromiso es hacer de Santa Catarina una referencia en materia de transparencia y comunicaci\u00f3n municipal.\",\"sameAs\":[\"https:\/\/stacatarina.mx\/\"]}]}<\/script>\n<!-- \/ Yoast SEO plugin. -->","yoast_head_json":{"title":"No s\u00f3lo las madres, los nuevos padres tambi\u00e9n pueden sufrir depresi\u00f3n posparto (pero poco se habla de ello) - Consejos - Santa Catarina","robots":{"index":"index","follow":"follow","max-snippet":"max-snippet:-1","max-image-preview":"max-image-preview:large","max-video-preview":"max-video-preview:-1"},"canonical":"https:\/\/stacatarina.mx\/consejos\/no-solo-las-madres-los-nuevos-padres-tambien-pueden-sufrir-depresion-posparto-pero-poco-se-habla-de-ello\/","og_locale":"es_MX","og_type":"article","og_title":"No s\u00f3lo las madres, los nuevos padres tambi\u00e9n pueden sufrir depresi\u00f3n posparto (pero poco se habla de ello) - Consejos - Santa Catarina","og_description":"Irascibilidad, desapego emocional, dificultad para concentrarse y s\u00edntomas similares, cosas que, en los nuevos padres, se interpretan m\u00e1s a menudo como una reacci\u00f3n transitoria al","og_url":"https:\/\/stacatarina.mx\/consejos\/no-solo-las-madres-los-nuevos-padres-tambien-pueden-sufrir-depresion-posparto-pero-poco-se-habla-de-ello\/","og_site_name":"Santa Catarina","article_publisher":"https:\/\/www.facebook.com\/stacatarinagob\/","article_published_time":"2026-04-21T20:52:46+00:00","article_modified_time":"2026-04-21T20:52:49+00:00","og_image":[{"width":1500,"height":1000,"url":"https:\/\/stacatarina.mx\/consejos\/wp-content\/uploads\/2026\/04\/No-solo-las-madres-los-nuevos-padres-tambien-pueden-sufrir.jpg","type":"image\/jpeg"}],"author":"Pedro Mart\u00ednez","twitter_card":"summary_large_image","twitter_creator":"@stacatarinagob","twitter_site":"@stacatarinagob","twitter_misc":{"Escrito por":"Pedro Mart\u00ednez","Tiempo de lectura":"3 minutos"},"schema":{"@context":"https:\/\/schema.org","@graph":[{"@type":"Article","@id":"https:\/\/stacatarina.mx\/consejos\/no-solo-las-madres-los-nuevos-padres-tambien-pueden-sufrir-depresion-posparto-pero-poco-se-habla-de-ello\/#article","isPartOf":{"@id":"https:\/\/stacatarina.mx\/consejos\/no-solo-las-madres-los-nuevos-padres-tambien-pueden-sufrir-depresion-posparto-pero-poco-se-habla-de-ello\/"},"author":{"name":"Pedro Mart\u00ednez","@id":"https:\/\/stacatarina.mx\/consejos\/#\/schema\/person\/0be60adffa8e4c4d0828fdf021450e8a"},"headline":"No s\u00f3lo las madres, los nuevos padres tambi\u00e9n pueden sufrir depresi\u00f3n posparto (pero poco se habla de ello)","datePublished":"2026-04-21T20:52:46+00:00","dateModified":"2026-04-21T20:52:49+00:00","mainEntityOfPage":{"@id":"https:\/\/stacatarina.mx\/consejos\/no-solo-las-madres-los-nuevos-padres-tambien-pueden-sufrir-depresion-posparto-pero-poco-se-habla-de-ello\/"},"wordCount":654,"publisher":{"@id":"https:\/\/stacatarina.mx\/consejos\/#organization"},"image":{"@id":"https:\/\/stacatarina.mx\/consejos\/no-solo-las-madres-los-nuevos-padres-tambien-pueden-sufrir-depresion-posparto-pero-poco-se-habla-de-ello\/#primaryimage"},"thumbnailUrl":"https:\/\/stacatarina.mx\/consejos\/wp-content\/uploads\/2026\/04\/No-solo-las-madres-los-nuevos-padres-tambien-pueden-sufrir.jpg","keywords":["depresi\u00f3n","ello","habla","Las","los","madres","nuevos","padres","pero","poco","posparto","pueden","solo","sufrir","tambi\u00e9n"],"articleSection":["Salud"],"inLanguage":"es"},{"@type":"WebPage","@id":"https:\/\/stacatarina.mx\/consejos\/no-solo-las-madres-los-nuevos-padres-tambien-pueden-sufrir-depresion-posparto-pero-poco-se-habla-de-ello\/","url":"https:\/\/stacatarina.mx\/consejos\/no-solo-las-madres-los-nuevos-padres-tambien-pueden-sufrir-depresion-posparto-pero-poco-se-habla-de-ello\/","name":"No s\u00f3lo las madres, los nuevos padres tambi\u00e9n pueden sufrir depresi\u00f3n posparto (pero poco se habla de ello) - Consejos - Santa Catarina","isPartOf":{"@id":"https:\/\/stacatarina.mx\/consejos\/#website"},"primaryImageOfPage":{"@id":"https:\/\/stacatarina.mx\/consejos\/no-solo-las-madres-los-nuevos-padres-tambien-pueden-sufrir-depresion-posparto-pero-poco-se-habla-de-ello\/#primaryimage"},"image":{"@id":"https:\/\/stacatarina.mx\/consejos\/no-solo-las-madres-los-nuevos-padres-tambien-pueden-sufrir-depresion-posparto-pero-poco-se-habla-de-ello\/#primaryimage"},"thumbnailUrl":"https:\/\/stacatarina.mx\/consejos\/wp-content\/uploads\/2026\/04\/No-solo-las-madres-los-nuevos-padres-tambien-pueden-sufrir.jpg","datePublished":"2026-04-21T20:52:46+00:00","dateModified":"2026-04-21T20:52:49+00:00","breadcrumb":{"@id":"https:\/\/stacatarina.mx\/consejos\/no-solo-las-madres-los-nuevos-padres-tambien-pueden-sufrir-depresion-posparto-pero-poco-se-habla-de-ello\/#breadcrumb"},"inLanguage":"es","potentialAction":[{"@type":"ReadAction","target":["https:\/\/stacatarina.mx\/consejos\/no-solo-las-madres-los-nuevos-padres-tambien-pueden-sufrir-depresion-posparto-pero-poco-se-habla-de-ello\/"]}]},{"@type":"ImageObject","inLanguage":"es","@id":"https:\/\/stacatarina.mx\/consejos\/no-solo-las-madres-los-nuevos-padres-tambien-pueden-sufrir-depresion-posparto-pero-poco-se-habla-de-ello\/#primaryimage","url":"https:\/\/stacatarina.mx\/consejos\/wp-content\/uploads\/2026\/04\/No-solo-las-madres-los-nuevos-padres-tambien-pueden-sufrir.jpg","contentUrl":"https:\/\/stacatarina.mx\/consejos\/wp-content\/uploads\/2026\/04\/No-solo-las-madres-los-nuevos-padres-tambien-pueden-sufrir.jpg","width":1500,"height":1000,"caption":"depressione pap\u00e0"},{"@type":"BreadcrumbList","@id":"https:\/\/stacatarina.mx\/consejos\/no-solo-las-madres-los-nuevos-padres-tambien-pueden-sufrir-depresion-posparto-pero-poco-se-habla-de-ello\/#breadcrumb","itemListElement":[{"@type":"ListItem","position":1,"name":"Inicio","item":"https:\/\/stacatarina.mx\/consejos\/"},{"@type":"ListItem","position":2,"name":"No s\u00f3lo las madres, los nuevos padres tambi\u00e9n pueden sufrir depresi\u00f3n posparto (pero poco se habla de ello)"}]},{"@type":"WebSite","@id":"https:\/\/stacatarina.mx\/consejos\/#website","url":"https:\/\/stacatarina.mx\/consejos\/","name":"Santa Catarina","description":"","publisher":{"@id":"https:\/\/stacatarina.mx\/consejos\/#organization"},"potentialAction":[{"@type":"SearchAction","target":{"@type":"EntryPoint","urlTemplate":"https:\/\/stacatarina.mx\/consejos\/?s={search_term_string}"},"query-input":{"@type":"PropertyValueSpecification","valueRequired":true,"valueName":"search_term_string"}}],"inLanguage":"es"},{"@type":"Organization","@id":"https:\/\/stacatarina.mx\/consejos\/#organization","name":"Santa Catarina","url":"https:\/\/stacatarina.mx\/consejos\/","logo":{"@type":"ImageObject","inLanguage":"es","@id":"https:\/\/stacatarina.mx\/consejos\/#\/schema\/logo\/image\/","url":"https:\/\/stacatarina.mx\/consejos\/wp-content\/uploads\/2024\/09\/cropped-favicon-1-1.png","contentUrl":"https:\/\/stacatarina.mx\/consejos\/wp-content\/uploads\/2024\/09\/cropped-favicon-1-1.png","width":512,"height":512,"caption":"Santa Catarina"},"image":{"@id":"https:\/\/stacatarina.mx\/consejos\/#\/schema\/logo\/image\/"},"sameAs":["https:\/\/www.facebook.com\/stacatarinagob\/","https:\/\/x.com\/stacatarinagob","https:\/\/www.instagram.com\/stacatarinagob\/","https:\/\/www.youtube.com\/channel\/UCK-6cQJL_904665N1_nLTWw"]},{"@type":"Person","@id":"https:\/\/stacatarina.mx\/consejos\/#\/schema\/person\/0be60adffa8e4c4d0828fdf021450e8a","name":"Pedro Mart\u00ednez","image":{"@type":"ImageObject","inLanguage":"es","@id":"https:\/\/stacatarina.mx\/consejos\/#\/schema\/person\/image\/","url":"https:\/\/stacatarina.mx\/consejos\/wp-content\/uploads\/2024\/09\/stacatarina.jpg","contentUrl":"https:\/\/stacatarina.mx\/consejos\/wp-content\/uploads\/2024\/09\/stacatarina.jpg","caption":"Pedro Mart\u00ednez"},"description":"Hola, soy Pedro Mart\u00ednez, redactor jefe del sitio oficial del ayuntamiento de Santa Catarina, en M\u00e9xico. Con m\u00e1s de diez a\u00f1os de experiencia en el periodismo local, tengo una pasi\u00f3n por la investigaci\u00f3n y la difusi\u00f3n de informaci\u00f3n que valoriza nuestra hermosa comunidad. Mi compromiso es hacer de Santa Catarina una referencia en materia de transparencia y comunicaci\u00f3n municipal.","sameAs":["https:\/\/stacatarina.mx\/"]}]}},"_links":{"self":[{"href":"https:\/\/stacatarina.mx\/consejos\/wp-json\/wp\/v2\/posts\/8844"}],"collection":[{"href":"https:\/\/stacatarina.mx\/consejos\/wp-json\/wp\/v2\/posts"}],"about":[{"href":"https:\/\/stacatarina.mx\/consejos\/wp-json\/wp\/v2\/types\/post"}],"author":[{"embeddable":true,"href":"https:\/\/stacatarina.mx\/consejos\/wp-json\/wp\/v2\/users\/1"}],"replies":[{"embeddable":true,"href":"https:\/\/stacatarina.mx\/consejos\/wp-json\/wp\/v2\/comments?post=8844"}],"version-history":[{"count":1,"href":"https:\/\/stacatarina.mx\/consejos\/wp-json\/wp\/v2\/posts\/8844\/revisions"}],"predecessor-version":[{"id":8846,"href":"https:\/\/stacatarina.mx\/consejos\/wp-json\/wp\/v2\/posts\/8844\/revisions\/8846"}],"wp:featuredmedia":[{"embeddable":true,"href":"https:\/\/stacatarina.mx\/consejos\/wp-json\/wp\/v2\/media\/8845"}],"wp:attachment":[{"href":"https:\/\/stacatarina.mx\/consejos\/wp-json\/wp\/v2\/media?parent=8844"}],"wp:term":[{"taxonomy":"category","embeddable":true,"href":"https:\/\/stacatarina.mx\/consejos\/wp-json\/wp\/v2\/categories?post=8844"},{"taxonomy":"post_tag","embeddable":true,"href":"https:\/\/stacatarina.mx\/consejos\/wp-json\/wp\/v2\/tags?post=8844"}],"curies":[{"name":"wp","href":"https:\/\/api.w.org\/{rel}","templated":true}]}}