{"id":8850,"date":"2026-04-21T19:52:39","date_gmt":"2026-04-22T01:52:39","guid":{"rendered":"https:\/\/stacatarina.mx\/consejos\/a-los-15-anos-michele-debuto-como-arbitro-en-silla-de-ruedas-electrica-la-enfermedad-de-los-huesos-de-cristal-no-detuvo-su-sueno\/"},"modified":"2026-04-21T19:52:42","modified_gmt":"2026-04-22T01:52:42","slug":"a-los-15-anos-michele-debuto-como-arbitro-en-silla-de-ruedas-electrica-la-enfermedad-de-los-huesos-de-cristal-no-detuvo-su-sueno","status":"publish","type":"post","link":"https:\/\/stacatarina.mx\/consejos\/a-los-15-anos-michele-debuto-como-arbitro-en-silla-de-ruedas-electrica-la-enfermedad-de-los-huesos-de-cristal-no-detuvo-su-sueno\/","title":{"rendered":"A los 15 a\u00f1os, Michele debut\u00f3 como \u00e1rbitro en silla de ruedas el\u00e9ctrica: la &#8220;enfermedad de los huesos de cristal&#8221; no detuvo su sue\u00f1o"},"content":{"rendered":"<p><\/p>\n<p>En el oratorio milan\u00e9s de San Silvestro e Martino, el saque inicial tuvo un peso diferente al habitual. No es s\u00f3lo un partido del campeonato sub 9 del CSI Mil\u00e1n, sino el debut oficial de Michele Croce, de 15 a\u00f1os, en su primer partido en la direcci\u00f3n. Emocionado, s\u00ed. Sin preparaci\u00f3n, no. Despu\u00e9s de una noche de insomnio, Michele se presenta ante los j\u00f3venes futbolistas con voz firme, respetando el ritual arbitral. Era su momento.<\/p>\n<div class=\"responsive-container\">\n<blockquote class=\"instagram-media\" data-instgrm-captioned data-instgrm-permalink=\"https:\/\/www.instagram.com\/p\/DXKDfp1jDyB\/?utm_source=ig_embed&amp;utm_campaign=loading\" data-instgrm-version=\"14\" style=\"background:#FFF;border:0;border-radius:3px;margin: 1px;max-width:500px;min-width:326px;padding:0;width:99.375%;width:-webkit-calc(100% - 2px);width:calc(100% - 2px)\">\n<div style=\"padding:16px\">\n<div style=\"flex-direction: row;align-items: center\">\n<div style=\"background-color: #F4F4F4;border-radius: 50%;flex-grow: 0;height: 40px;margin-right: 14px;width: 40px\"><\/div>\n<div style=\"flex-direction: column;flex-grow: 1;justify-content: center\">\n<div style=\"background-color: #F4F4F4;border-radius: 4px;flex-grow: 0;height: 14px;margin-bottom: 6px;width: 100px\"><\/div>\n<div style=\"background-color: #F4F4F4;border-radius: 4px;flex-grow: 0;height: 14px;width: 60px\"><\/div>\n<\/div>\n<\/div>\n<div style=\"padding: 19% 0\"><\/div>\n<div style=\"height:50px;margin:0 auto 12px;width:50px\"><\/div>\n<div style=\"padding-top: 8px\">\n<div style=\"color:#3897f0;font-family:Arial,sans-serif;font-size:14px;font-style:normal;font-weight:550;line-height:18px\">Ver esta publicaci\u00f3n en Instagram<\/div>\n<\/div>\n<div style=\"padding: 12.5% 0\"><\/div>\n<div style=\"flex-direction: row;margin-bottom: 14px;align-items: center\">\n<div>\n<div style=\"background-color: #F4F4F4;border-radius: 50%;height: 12.5px;width: 12.5px\"><\/div>\n<div style=\"background-color: #F4F4F4;height: 12.5px;width: 12.5px;flex-grow: 0;margin-right: 14px;margin-left: 2px\"><\/div>\n<div style=\"background-color: #F4F4F4;border-radius: 50%;height: 12.5px;width: 12.5px\"><\/div>\n<\/div>\n<div style=\"margin-left: 8px\">\n<div style=\"background-color: #F4F4F4;border-radius: 50%;flex-grow: 0;height: 20px;width: 20px\"><\/div>\n<div style=\"width: 0;height: 0;border-top: 2px solid transparent;border-left: 6px solid #f4f4f4;border-bottom: 2px solid transparent\"><\/div>\n<\/div>\n<div style=\"margin-left: auto\">\n<div style=\"width: 0px;border-top: 8px solid #F4F4F4;border-right: 8px solid transparent\"><\/div>\n<div style=\"background-color: #F4F4F4;flex-grow: 0;height: 12px;width: 16px\"><\/div>\n<div style=\"width: 0;height: 0;border-top: 8px solid #F4F4F4;border-left: 8px solid transparent\"><\/div>\n<\/div>\n<\/div>\n<div style=\"flex-direction: column;flex-grow: 1;justify-content: center;margin-bottom: 24px\">\n<div style=\"background-color: #F4F4F4;border-radius: 4px;flex-grow: 0;height: 14px;margin-bottom: 6px;width: 224px\"><\/div>\n<div style=\"background-color: #F4F4F4;border-radius: 4px;flex-grow: 0;height: 14px;width: 144px\"><\/div>\n<\/div>\n<\/div>\n<\/blockquote>\n<\/div>\n<h2>\u00bfQu\u00e9 es la osteog\u00e9nesis imperfecta?<\/h2>\n<p>Michele padece una enfermedad rara desde su nacimiento: la osteog\u00e9nesis imperfecta, tambi\u00e9n conocida como &#8220;enfermedad de los huesos de cristal&#8221;. Es una patolog\u00eda gen\u00e9tica que hace que los huesos sean extremadamente vulnerables a las fracturas, incluso por un m\u00ednimo traumatismo o de forma espont\u00e1nea. Afecta aproximadamente a una de cada 20.000 personas y, en los casos m\u00e1s graves, les impide caminar de forma independiente.<\/p>\n<p>A lo largo de su vida, Michele ha afrontado numerosas cirug\u00edas, con la inserci\u00f3n de placas y clavos para fortalecer la estructura \u00f3sea. Pese a ello no ve la silla de ruedas el\u00e9ctrica como una limitaci\u00f3n, sino como una herramienta diaria que le permite moverse y vivir su pasi\u00f3n.<\/p>\n<h2>Una pasi\u00f3n nacida en la escuela.<\/h2>\n<p>El amor por el f\u00fatbol nunca se ha detenido ante los obst\u00e1culos. Desde la escuela primaria, Michele arbitraba los partidos de sus compa\u00f1eros de educaci\u00f3n f\u00edsica, sin silbato pero con una autoridad sorprendente. Esa pasi\u00f3n, inicialmente espont\u00e1nea, se transform\u00f3 con el tiempo en una meta concreta. Gracias al apoyo de realidades deportivas y partidos decisivos, emprendi\u00f3 el camino para convertirse en \u00e1rbitro, obteniendo la licencia AIA luego de un riguroso proceso de formaci\u00f3n. Un logro construido con estudio, disciplina y una motivaci\u00f3n fuera de lo com\u00fan.<\/p>\n<h2>M\u00e1s all\u00e1 de la historia, un mensaje poderoso<\/h2>\n<p>La transici\u00f3n de los amistosos a las competiciones oficiales supone un salto importante. En el partido entre Vittoria Junior y 4 Evangelisti, Michele dirigi\u00f3 el partido con confianza, gestionando el ritmo, las faltas y la din\u00e1mica de juego con una madurez sorprendente. El partido fue intenso, pero el resultado real es otro: demostrar que la competencia no tiene barreras.<\/p>\n<p>La historia de Michele no es s\u00f3lo una historia deportiva. Es una demostraci\u00f3n concreta de c\u00f3mo la determinaci\u00f3n, la inclusi\u00f3n y las oportunidades pueden cambiar las perspectivas. Su sue\u00f1o no queda aqu\u00ed: quiere seguir arbitrando, creciendo y, alg\u00fan d\u00eda, dirigiendo partidos cada vez m\u00e1s importantes. Su debut no es un punto de llegada, sino el comienzo de un viaje que le habla a todos: el talento siempre encuentra la manera de emerger.<\/p>\n<\/p>\n<p><script async src=\"\/\/www.instagram.com\/embed.js\"><\/script><\/p>\n","protected":false},"excerpt":{"rendered":"<p>En el oratorio milan\u00e9s de San Silvestro e Martino, el saque inicial tuvo un peso diferente al habitual. No es s\u00f3lo un partido del campeonato<\/p>\n","protected":false},"author":1,"featured_media":8851,"comment_status":"closed","ping_status":"","sticky":false,"template":"","format":"standard","meta":{"footnotes":""},"categories":[762],"tags":[209,8534,15,8537,8533,8538,3706,810,2581,62,7056,8536,8535,646],"class_list":["post-8850","post","type-post","status-publish","format-standard","has-post-thumbnail","hentry","category-salud","tag-anos","tag-arbitro","tag-como","tag-cristal","tag-debuto","tag-detuvo","tag-electrica","tag-enfermedad","tag-huesos","tag-los","tag-michele","tag-ruedas","tag-silla","tag-sueno","generate-columns","tablet-grid-50","mobile-grid-100","grid-parent","grid-50"],"yoast_head":"<!-- This site is optimized with the Yoast SEO plugin v23.4 - https:\/\/yoast.com\/wordpress\/plugins\/seo\/ -->\n<title>A los 15 a\u00f1os, Michele debut\u00f3 como \u00e1rbitro en silla de ruedas el\u00e9ctrica: la &quot;enfermedad de los huesos de cristal&quot; no detuvo su sue\u00f1o - Consejos - Santa Catarina<\/title>\n<meta name=\"robots\" content=\"index, follow, max-snippet:-1, max-image-preview:large, max-video-preview:-1\" \/>\n<link rel=\"canonical\" href=\"https:\/\/stacatarina.mx\/consejos\/a-los-15-anos-michele-debuto-como-arbitro-en-silla-de-ruedas-electrica-la-enfermedad-de-los-huesos-de-cristal-no-detuvo-su-sueno\/\" \/>\n<meta property=\"og:locale\" content=\"es_MX\" \/>\n<meta property=\"og:type\" content=\"article\" \/>\n<meta property=\"og:title\" content=\"A los 15 a\u00f1os, Michele debut\u00f3 como \u00e1rbitro en silla de ruedas el\u00e9ctrica: la &quot;enfermedad de los huesos de cristal&quot; no detuvo su sue\u00f1o - Consejos - Santa Catarina\" \/>\n<meta property=\"og:description\" content=\"En el oratorio milan\u00e9s de San Silvestro e Martino, el saque inicial tuvo un peso diferente al habitual. No es s\u00f3lo un partido del campeonato\" \/>\n<meta property=\"og:url\" content=\"https:\/\/stacatarina.mx\/consejos\/a-los-15-anos-michele-debuto-como-arbitro-en-silla-de-ruedas-electrica-la-enfermedad-de-los-huesos-de-cristal-no-detuvo-su-sueno\/\" \/>\n<meta property=\"og:site_name\" content=\"Santa Catarina\" \/>\n<meta property=\"article:publisher\" content=\"https:\/\/www.facebook.com\/stacatarinagob\/\" \/>\n<meta property=\"article:published_time\" content=\"2026-04-22T01:52:39+00:00\" \/>\n<meta property=\"article:modified_time\" content=\"2026-04-22T01:52:42+00:00\" \/>\n<meta property=\"og:image\" content=\"https:\/\/stacatarina.mx\/consejos\/wp-content\/uploads\/2026\/04\/A-los-15-anos-Michele-debuto-como-arbitro-en-silla.jpg\" \/>\n\t<meta property=\"og:image:width\" content=\"1500\" \/>\n\t<meta property=\"og:image:height\" content=\"1000\" \/>\n\t<meta property=\"og:image:type\" content=\"image\/jpeg\" \/>\n<meta name=\"author\" content=\"Pedro Mart\u00ednez\" \/>\n<meta name=\"twitter:card\" content=\"summary_large_image\" \/>\n<meta name=\"twitter:creator\" content=\"@stacatarinagob\" \/>\n<meta name=\"twitter:site\" content=\"@stacatarinagob\" \/>\n<meta name=\"twitter:label1\" content=\"Escrito por\" \/>\n\t<meta name=\"twitter:data1\" content=\"Pedro Mart\u00ednez\" \/>\n\t<meta name=\"twitter:label2\" content=\"Tiempo de lectura\" \/>\n\t<meta name=\"twitter:data2\" content=\"2 minutos\" \/>\n<script type=\"application\/ld+json\" class=\"yoast-schema-graph\">{\"@context\":\"https:\/\/schema.org\",\"@graph\":[{\"@type\":\"Article\",\"@id\":\"https:\/\/stacatarina.mx\/consejos\/a-los-15-anos-michele-debuto-como-arbitro-en-silla-de-ruedas-electrica-la-enfermedad-de-los-huesos-de-cristal-no-detuvo-su-sueno\/#article\",\"isPartOf\":{\"@id\":\"https:\/\/stacatarina.mx\/consejos\/a-los-15-anos-michele-debuto-como-arbitro-en-silla-de-ruedas-electrica-la-enfermedad-de-los-huesos-de-cristal-no-detuvo-su-sueno\/\"},\"author\":{\"name\":\"Pedro Mart\u00ednez\",\"@id\":\"https:\/\/stacatarina.mx\/consejos\/#\/schema\/person\/0be60adffa8e4c4d0828fdf021450e8a\"},\"headline\":\"A los 15 a\u00f1os, Michele debut\u00f3 como \u00e1rbitro en silla de ruedas el\u00e9ctrica: la &#8220;enfermedad de los huesos de cristal&#8221; no detuvo su sue\u00f1o\",\"datePublished\":\"2026-04-22T01:52:39+00:00\",\"dateModified\":\"2026-04-22T01:52:42+00:00\",\"mainEntityOfPage\":{\"@id\":\"https:\/\/stacatarina.mx\/consejos\/a-los-15-anos-michele-debuto-como-arbitro-en-silla-de-ruedas-electrica-la-enfermedad-de-los-huesos-de-cristal-no-detuvo-su-sueno\/\"},\"wordCount\":496,\"publisher\":{\"@id\":\"https:\/\/stacatarina.mx\/consejos\/#organization\"},\"image\":{\"@id\":\"https:\/\/stacatarina.mx\/consejos\/a-los-15-anos-michele-debuto-como-arbitro-en-silla-de-ruedas-electrica-la-enfermedad-de-los-huesos-de-cristal-no-detuvo-su-sueno\/#primaryimage\"},\"thumbnailUrl\":\"https:\/\/stacatarina.mx\/consejos\/wp-content\/uploads\/2026\/04\/A-los-15-anos-Michele-debuto-como-arbitro-en-silla.jpg\",\"keywords\":[\"a\u00f1os\",\"\u00e1rbitro\",\"c\u00f3mo\",\"cristal\",\"debut\u00f3\",\"detuvo\",\"el\u00e9ctrica\",\"enfermedad\",\"huesos\",\"los\",\"Michele\",\"ruedas\",\"silla\",\"sue\u00f1o\"],\"articleSection\":[\"Salud\"],\"inLanguage\":\"es\"},{\"@type\":\"WebPage\",\"@id\":\"https:\/\/stacatarina.mx\/consejos\/a-los-15-anos-michele-debuto-como-arbitro-en-silla-de-ruedas-electrica-la-enfermedad-de-los-huesos-de-cristal-no-detuvo-su-sueno\/\",\"url\":\"https:\/\/stacatarina.mx\/consejos\/a-los-15-anos-michele-debuto-como-arbitro-en-silla-de-ruedas-electrica-la-enfermedad-de-los-huesos-de-cristal-no-detuvo-su-sueno\/\",\"name\":\"A los 15 a\u00f1os, Michele debut\u00f3 como \u00e1rbitro en silla de ruedas el\u00e9ctrica: la \\\"enfermedad de los huesos de cristal\\\" no detuvo su sue\u00f1o - Consejos - Santa Catarina\",\"isPartOf\":{\"@id\":\"https:\/\/stacatarina.mx\/consejos\/#website\"},\"primaryImageOfPage\":{\"@id\":\"https:\/\/stacatarina.mx\/consejos\/a-los-15-anos-michele-debuto-como-arbitro-en-silla-de-ruedas-electrica-la-enfermedad-de-los-huesos-de-cristal-no-detuvo-su-sueno\/#primaryimage\"},\"image\":{\"@id\":\"https:\/\/stacatarina.mx\/consejos\/a-los-15-anos-michele-debuto-como-arbitro-en-silla-de-ruedas-electrica-la-enfermedad-de-los-huesos-de-cristal-no-detuvo-su-sueno\/#primaryimage\"},\"thumbnailUrl\":\"https:\/\/stacatarina.mx\/consejos\/wp-content\/uploads\/2026\/04\/A-los-15-anos-Michele-debuto-como-arbitro-en-silla.jpg\",\"datePublished\":\"2026-04-22T01:52:39+00:00\",\"dateModified\":\"2026-04-22T01:52:42+00:00\",\"breadcrumb\":{\"@id\":\"https:\/\/stacatarina.mx\/consejos\/a-los-15-anos-michele-debuto-como-arbitro-en-silla-de-ruedas-electrica-la-enfermedad-de-los-huesos-de-cristal-no-detuvo-su-sueno\/#breadcrumb\"},\"inLanguage\":\"es\",\"potentialAction\":[{\"@type\":\"ReadAction\",\"target\":[\"https:\/\/stacatarina.mx\/consejos\/a-los-15-anos-michele-debuto-como-arbitro-en-silla-de-ruedas-electrica-la-enfermedad-de-los-huesos-de-cristal-no-detuvo-su-sueno\/\"]}]},{\"@type\":\"ImageObject\",\"inLanguage\":\"es\",\"@id\":\"https:\/\/stacatarina.mx\/consejos\/a-los-15-anos-michele-debuto-como-arbitro-en-silla-de-ruedas-electrica-la-enfermedad-de-los-huesos-de-cristal-no-detuvo-su-sueno\/#primaryimage\",\"url\":\"https:\/\/stacatarina.mx\/consejos\/wp-content\/uploads\/2026\/04\/A-los-15-anos-Michele-debuto-como-arbitro-en-silla.jpg\",\"contentUrl\":\"https:\/\/stacatarina.mx\/consejos\/wp-content\/uploads\/2026\/04\/A-los-15-anos-Michele-debuto-como-arbitro-en-silla.jpg\",\"width\":1500,\"height\":1000,\"caption\":\"Arbitro carrozzina 3\"},{\"@type\":\"BreadcrumbList\",\"@id\":\"https:\/\/stacatarina.mx\/consejos\/a-los-15-anos-michele-debuto-como-arbitro-en-silla-de-ruedas-electrica-la-enfermedad-de-los-huesos-de-cristal-no-detuvo-su-sueno\/#breadcrumb\",\"itemListElement\":[{\"@type\":\"ListItem\",\"position\":1,\"name\":\"Inicio\",\"item\":\"https:\/\/stacatarina.mx\/consejos\/\"},{\"@type\":\"ListItem\",\"position\":2,\"name\":\"A los 15 a\u00f1os, Michele debut\u00f3 como \u00e1rbitro en silla de ruedas el\u00e9ctrica: la &#8220;enfermedad de los huesos de cristal&#8221; no detuvo su sue\u00f1o\"}]},{\"@type\":\"WebSite\",\"@id\":\"https:\/\/stacatarina.mx\/consejos\/#website\",\"url\":\"https:\/\/stacatarina.mx\/consejos\/\",\"name\":\"Santa Catarina\",\"description\":\"\",\"publisher\":{\"@id\":\"https:\/\/stacatarina.mx\/consejos\/#organization\"},\"potentialAction\":[{\"@type\":\"SearchAction\",\"target\":{\"@type\":\"EntryPoint\",\"urlTemplate\":\"https:\/\/stacatarina.mx\/consejos\/?s={search_term_string}\"},\"query-input\":{\"@type\":\"PropertyValueSpecification\",\"valueRequired\":true,\"valueName\":\"search_term_string\"}}],\"inLanguage\":\"es\"},{\"@type\":\"Organization\",\"@id\":\"https:\/\/stacatarina.mx\/consejos\/#organization\",\"name\":\"Santa Catarina\",\"url\":\"https:\/\/stacatarina.mx\/consejos\/\",\"logo\":{\"@type\":\"ImageObject\",\"inLanguage\":\"es\",\"@id\":\"https:\/\/stacatarina.mx\/consejos\/#\/schema\/logo\/image\/\",\"url\":\"https:\/\/stacatarina.mx\/consejos\/wp-content\/uploads\/2024\/09\/cropped-favicon-1-1.png\",\"contentUrl\":\"https:\/\/stacatarina.mx\/consejos\/wp-content\/uploads\/2024\/09\/cropped-favicon-1-1.png\",\"width\":512,\"height\":512,\"caption\":\"Santa Catarina\"},\"image\":{\"@id\":\"https:\/\/stacatarina.mx\/consejos\/#\/schema\/logo\/image\/\"},\"sameAs\":[\"https:\/\/www.facebook.com\/stacatarinagob\/\",\"https:\/\/x.com\/stacatarinagob\",\"https:\/\/www.instagram.com\/stacatarinagob\/\",\"https:\/\/www.youtube.com\/channel\/UCK-6cQJL_904665N1_nLTWw\"]},{\"@type\":\"Person\",\"@id\":\"https:\/\/stacatarina.mx\/consejos\/#\/schema\/person\/0be60adffa8e4c4d0828fdf021450e8a\",\"name\":\"Pedro Mart\u00ednez\",\"image\":{\"@type\":\"ImageObject\",\"inLanguage\":\"es\",\"@id\":\"https:\/\/stacatarina.mx\/consejos\/#\/schema\/person\/image\/\",\"url\":\"https:\/\/stacatarina.mx\/consejos\/wp-content\/uploads\/2024\/09\/stacatarina.jpg\",\"contentUrl\":\"https:\/\/stacatarina.mx\/consejos\/wp-content\/uploads\/2024\/09\/stacatarina.jpg\",\"caption\":\"Pedro Mart\u00ednez\"},\"description\":\"Hola, soy Pedro Mart\u00ednez, redactor jefe del sitio oficial del ayuntamiento de Santa Catarina, en M\u00e9xico. Con m\u00e1s de diez a\u00f1os de experiencia en el periodismo local, tengo una pasi\u00f3n por la investigaci\u00f3n y la difusi\u00f3n de informaci\u00f3n que valoriza nuestra hermosa comunidad. Mi compromiso es hacer de Santa Catarina una referencia en materia de transparencia y comunicaci\u00f3n municipal.\",\"sameAs\":[\"https:\/\/stacatarina.mx\/\"]}]}<\/script>\n<!-- \/ Yoast SEO plugin. -->","yoast_head_json":{"title":"A los 15 a\u00f1os, Michele debut\u00f3 como \u00e1rbitro en silla de ruedas el\u00e9ctrica: la \"enfermedad de los huesos de cristal\" no detuvo su sue\u00f1o - Consejos - Santa Catarina","robots":{"index":"index","follow":"follow","max-snippet":"max-snippet:-1","max-image-preview":"max-image-preview:large","max-video-preview":"max-video-preview:-1"},"canonical":"https:\/\/stacatarina.mx\/consejos\/a-los-15-anos-michele-debuto-como-arbitro-en-silla-de-ruedas-electrica-la-enfermedad-de-los-huesos-de-cristal-no-detuvo-su-sueno\/","og_locale":"es_MX","og_type":"article","og_title":"A los 15 a\u00f1os, Michele debut\u00f3 como \u00e1rbitro en silla de ruedas el\u00e9ctrica: la \"enfermedad de los huesos de cristal\" no detuvo su sue\u00f1o - Consejos - Santa Catarina","og_description":"En el oratorio milan\u00e9s de San Silvestro e Martino, el saque inicial tuvo un peso diferente al habitual. No es s\u00f3lo un partido del campeonato","og_url":"https:\/\/stacatarina.mx\/consejos\/a-los-15-anos-michele-debuto-como-arbitro-en-silla-de-ruedas-electrica-la-enfermedad-de-los-huesos-de-cristal-no-detuvo-su-sueno\/","og_site_name":"Santa Catarina","article_publisher":"https:\/\/www.facebook.com\/stacatarinagob\/","article_published_time":"2026-04-22T01:52:39+00:00","article_modified_time":"2026-04-22T01:52:42+00:00","og_image":[{"width":1500,"height":1000,"url":"https:\/\/stacatarina.mx\/consejos\/wp-content\/uploads\/2026\/04\/A-los-15-anos-Michele-debuto-como-arbitro-en-silla.jpg","type":"image\/jpeg"}],"author":"Pedro Mart\u00ednez","twitter_card":"summary_large_image","twitter_creator":"@stacatarinagob","twitter_site":"@stacatarinagob","twitter_misc":{"Escrito por":"Pedro Mart\u00ednez","Tiempo de lectura":"2 minutos"},"schema":{"@context":"https:\/\/schema.org","@graph":[{"@type":"Article","@id":"https:\/\/stacatarina.mx\/consejos\/a-los-15-anos-michele-debuto-como-arbitro-en-silla-de-ruedas-electrica-la-enfermedad-de-los-huesos-de-cristal-no-detuvo-su-sueno\/#article","isPartOf":{"@id":"https:\/\/stacatarina.mx\/consejos\/a-los-15-anos-michele-debuto-como-arbitro-en-silla-de-ruedas-electrica-la-enfermedad-de-los-huesos-de-cristal-no-detuvo-su-sueno\/"},"author":{"name":"Pedro Mart\u00ednez","@id":"https:\/\/stacatarina.mx\/consejos\/#\/schema\/person\/0be60adffa8e4c4d0828fdf021450e8a"},"headline":"A los 15 a\u00f1os, Michele debut\u00f3 como \u00e1rbitro en silla de ruedas el\u00e9ctrica: la &#8220;enfermedad de los huesos de cristal&#8221; no detuvo su sue\u00f1o","datePublished":"2026-04-22T01:52:39+00:00","dateModified":"2026-04-22T01:52:42+00:00","mainEntityOfPage":{"@id":"https:\/\/stacatarina.mx\/consejos\/a-los-15-anos-michele-debuto-como-arbitro-en-silla-de-ruedas-electrica-la-enfermedad-de-los-huesos-de-cristal-no-detuvo-su-sueno\/"},"wordCount":496,"publisher":{"@id":"https:\/\/stacatarina.mx\/consejos\/#organization"},"image":{"@id":"https:\/\/stacatarina.mx\/consejos\/a-los-15-anos-michele-debuto-como-arbitro-en-silla-de-ruedas-electrica-la-enfermedad-de-los-huesos-de-cristal-no-detuvo-su-sueno\/#primaryimage"},"thumbnailUrl":"https:\/\/stacatarina.mx\/consejos\/wp-content\/uploads\/2026\/04\/A-los-15-anos-Michele-debuto-como-arbitro-en-silla.jpg","keywords":["a\u00f1os","\u00e1rbitro","c\u00f3mo","cristal","debut\u00f3","detuvo","el\u00e9ctrica","enfermedad","huesos","los","Michele","ruedas","silla","sue\u00f1o"],"articleSection":["Salud"],"inLanguage":"es"},{"@type":"WebPage","@id":"https:\/\/stacatarina.mx\/consejos\/a-los-15-anos-michele-debuto-como-arbitro-en-silla-de-ruedas-electrica-la-enfermedad-de-los-huesos-de-cristal-no-detuvo-su-sueno\/","url":"https:\/\/stacatarina.mx\/consejos\/a-los-15-anos-michele-debuto-como-arbitro-en-silla-de-ruedas-electrica-la-enfermedad-de-los-huesos-de-cristal-no-detuvo-su-sueno\/","name":"A los 15 a\u00f1os, Michele debut\u00f3 como \u00e1rbitro en silla de ruedas el\u00e9ctrica: la \"enfermedad de los huesos de cristal\" no detuvo su sue\u00f1o - Consejos - Santa Catarina","isPartOf":{"@id":"https:\/\/stacatarina.mx\/consejos\/#website"},"primaryImageOfPage":{"@id":"https:\/\/stacatarina.mx\/consejos\/a-los-15-anos-michele-debuto-como-arbitro-en-silla-de-ruedas-electrica-la-enfermedad-de-los-huesos-de-cristal-no-detuvo-su-sueno\/#primaryimage"},"image":{"@id":"https:\/\/stacatarina.mx\/consejos\/a-los-15-anos-michele-debuto-como-arbitro-en-silla-de-ruedas-electrica-la-enfermedad-de-los-huesos-de-cristal-no-detuvo-su-sueno\/#primaryimage"},"thumbnailUrl":"https:\/\/stacatarina.mx\/consejos\/wp-content\/uploads\/2026\/04\/A-los-15-anos-Michele-debuto-como-arbitro-en-silla.jpg","datePublished":"2026-04-22T01:52:39+00:00","dateModified":"2026-04-22T01:52:42+00:00","breadcrumb":{"@id":"https:\/\/stacatarina.mx\/consejos\/a-los-15-anos-michele-debuto-como-arbitro-en-silla-de-ruedas-electrica-la-enfermedad-de-los-huesos-de-cristal-no-detuvo-su-sueno\/#breadcrumb"},"inLanguage":"es","potentialAction":[{"@type":"ReadAction","target":["https:\/\/stacatarina.mx\/consejos\/a-los-15-anos-michele-debuto-como-arbitro-en-silla-de-ruedas-electrica-la-enfermedad-de-los-huesos-de-cristal-no-detuvo-su-sueno\/"]}]},{"@type":"ImageObject","inLanguage":"es","@id":"https:\/\/stacatarina.mx\/consejos\/a-los-15-anos-michele-debuto-como-arbitro-en-silla-de-ruedas-electrica-la-enfermedad-de-los-huesos-de-cristal-no-detuvo-su-sueno\/#primaryimage","url":"https:\/\/stacatarina.mx\/consejos\/wp-content\/uploads\/2026\/04\/A-los-15-anos-Michele-debuto-como-arbitro-en-silla.jpg","contentUrl":"https:\/\/stacatarina.mx\/consejos\/wp-content\/uploads\/2026\/04\/A-los-15-anos-Michele-debuto-como-arbitro-en-silla.jpg","width":1500,"height":1000,"caption":"Arbitro carrozzina 3"},{"@type":"BreadcrumbList","@id":"https:\/\/stacatarina.mx\/consejos\/a-los-15-anos-michele-debuto-como-arbitro-en-silla-de-ruedas-electrica-la-enfermedad-de-los-huesos-de-cristal-no-detuvo-su-sueno\/#breadcrumb","itemListElement":[{"@type":"ListItem","position":1,"name":"Inicio","item":"https:\/\/stacatarina.mx\/consejos\/"},{"@type":"ListItem","position":2,"name":"A los 15 a\u00f1os, Michele debut\u00f3 como \u00e1rbitro en silla de ruedas el\u00e9ctrica: la &#8220;enfermedad de los huesos de cristal&#8221; no detuvo su sue\u00f1o"}]},{"@type":"WebSite","@id":"https:\/\/stacatarina.mx\/consejos\/#website","url":"https:\/\/stacatarina.mx\/consejos\/","name":"Santa Catarina","description":"","publisher":{"@id":"https:\/\/stacatarina.mx\/consejos\/#organization"},"potentialAction":[{"@type":"SearchAction","target":{"@type":"EntryPoint","urlTemplate":"https:\/\/stacatarina.mx\/consejos\/?s={search_term_string}"},"query-input":{"@type":"PropertyValueSpecification","valueRequired":true,"valueName":"search_term_string"}}],"inLanguage":"es"},{"@type":"Organization","@id":"https:\/\/stacatarina.mx\/consejos\/#organization","name":"Santa Catarina","url":"https:\/\/stacatarina.mx\/consejos\/","logo":{"@type":"ImageObject","inLanguage":"es","@id":"https:\/\/stacatarina.mx\/consejos\/#\/schema\/logo\/image\/","url":"https:\/\/stacatarina.mx\/consejos\/wp-content\/uploads\/2024\/09\/cropped-favicon-1-1.png","contentUrl":"https:\/\/stacatarina.mx\/consejos\/wp-content\/uploads\/2024\/09\/cropped-favicon-1-1.png","width":512,"height":512,"caption":"Santa Catarina"},"image":{"@id":"https:\/\/stacatarina.mx\/consejos\/#\/schema\/logo\/image\/"},"sameAs":["https:\/\/www.facebook.com\/stacatarinagob\/","https:\/\/x.com\/stacatarinagob","https:\/\/www.instagram.com\/stacatarinagob\/","https:\/\/www.youtube.com\/channel\/UCK-6cQJL_904665N1_nLTWw"]},{"@type":"Person","@id":"https:\/\/stacatarina.mx\/consejos\/#\/schema\/person\/0be60adffa8e4c4d0828fdf021450e8a","name":"Pedro Mart\u00ednez","image":{"@type":"ImageObject","inLanguage":"es","@id":"https:\/\/stacatarina.mx\/consejos\/#\/schema\/person\/image\/","url":"https:\/\/stacatarina.mx\/consejos\/wp-content\/uploads\/2024\/09\/stacatarina.jpg","contentUrl":"https:\/\/stacatarina.mx\/consejos\/wp-content\/uploads\/2024\/09\/stacatarina.jpg","caption":"Pedro Mart\u00ednez"},"description":"Hola, soy Pedro Mart\u00ednez, redactor jefe del sitio oficial del ayuntamiento de Santa Catarina, en M\u00e9xico. Con m\u00e1s de diez a\u00f1os de experiencia en el periodismo local, tengo una pasi\u00f3n por la investigaci\u00f3n y la difusi\u00f3n de informaci\u00f3n que valoriza nuestra hermosa comunidad. Mi compromiso es hacer de Santa Catarina una referencia en materia de transparencia y comunicaci\u00f3n municipal.","sameAs":["https:\/\/stacatarina.mx\/"]}]}},"_links":{"self":[{"href":"https:\/\/stacatarina.mx\/consejos\/wp-json\/wp\/v2\/posts\/8850"}],"collection":[{"href":"https:\/\/stacatarina.mx\/consejos\/wp-json\/wp\/v2\/posts"}],"about":[{"href":"https:\/\/stacatarina.mx\/consejos\/wp-json\/wp\/v2\/types\/post"}],"author":[{"embeddable":true,"href":"https:\/\/stacatarina.mx\/consejos\/wp-json\/wp\/v2\/users\/1"}],"replies":[{"embeddable":true,"href":"https:\/\/stacatarina.mx\/consejos\/wp-json\/wp\/v2\/comments?post=8850"}],"version-history":[{"count":1,"href":"https:\/\/stacatarina.mx\/consejos\/wp-json\/wp\/v2\/posts\/8850\/revisions"}],"predecessor-version":[{"id":8852,"href":"https:\/\/stacatarina.mx\/consejos\/wp-json\/wp\/v2\/posts\/8850\/revisions\/8852"}],"wp:featuredmedia":[{"embeddable":true,"href":"https:\/\/stacatarina.mx\/consejos\/wp-json\/wp\/v2\/media\/8851"}],"wp:attachment":[{"href":"https:\/\/stacatarina.mx\/consejos\/wp-json\/wp\/v2\/media?parent=8850"}],"wp:term":[{"taxonomy":"category","embeddable":true,"href":"https:\/\/stacatarina.mx\/consejos\/wp-json\/wp\/v2\/categories?post=8850"},{"taxonomy":"post_tag","embeddable":true,"href":"https:\/\/stacatarina.mx\/consejos\/wp-json\/wp\/v2\/tags?post=8850"}],"curies":[{"name":"wp","href":"https:\/\/api.w.org\/{rel}","templated":true}]}}