{"id":8865,"date":"2026-04-22T18:53:09","date_gmt":"2026-04-23T00:53:09","guid":{"rendered":"https:\/\/stacatarina.mx\/consejos\/como-la-barrera-del-idioma-de-la-ia-limita-las-respuestas-a-los-desastres-climaticos\/"},"modified":"2026-04-22T18:53:11","modified_gmt":"2026-04-23T00:53:11","slug":"como-la-barrera-del-idioma-de-la-ia-limita-las-respuestas-a-los-desastres-climaticos","status":"publish","type":"post","link":"https:\/\/stacatarina.mx\/consejos\/como-la-barrera-del-idioma-de-la-ia-limita-las-respuestas-a-los-desastres-climaticos\/","title":{"rendered":"C\u00f3mo la barrera del idioma de la IA limita las respuestas a los desastres clim\u00e1ticos"},"content":{"rendered":"<div class=\"entry-content\">\n<p>Aparece un mensaje en l\u00ednea durante las fuertes inundaciones: &#8220;Esta lluvia no ser\u00e1 peque\u00f1a, en todas partes p\u00f3ngase rojo&#8221;. Alguien que no est\u00e9 familiarizado con la redacci\u00f3n podr\u00eda dudar. Pero para la gente de Nigeria, este mensaje es inmediato y claro: las inundaciones son graves y est\u00e1n empeorando.<\/p>\n<p>Momentos como este suceden todo el tiempo en las plataformas digitales. La gente no escribe oraciones perfectas y est\u00e1ndar en ingl\u00e9s. Comparten advertencias y reacciones en plataformas como X, WhatsApp y Facebook utilizando el lenguaje de la vida cotidiana. Esto significa a veces mezclar el ingl\u00e9s con expresiones locales, jerga y lenguaje expresivo moldeado por sus comunidades.<\/p>\n<p>Los sistemas de inteligencia artificial pueden comprender el lenguaje y abordar una amplia gama de problemas. Los gobiernos y las organizaciones utilizan cada vez m\u00e1s la IA para escanear las redes sociales, resumir conversaciones p\u00fablicas e incluso responder a cuestiones ambientales y clim\u00e1ticas.<\/p>\n<p>Pero muchas de estas herramientas tienen dificultades para entender la forma en que las personas realmente se comunican. Las expresiones locales y la jerga pueden confundir a la IA, por lo que a veces los mensajes importantes se malinterpretan o se pasan por alto por completo.<\/p>\n<p>Cuando la gente habla de barreras ling\u00fc\u00edsticas, a menudo se refiere a la traducci\u00f3n entre diferentes idiomas. Pero el problema es m\u00e1s sutil. En todo el mundo, la gente mezcla idiomas y expresiones locales en l\u00ednea, un fen\u00f3meno que los ling\u00fcistas llaman \u201ccambio de c\u00f3digo\u201d.<\/p>\n<p>El periodismo clim\u00e1tico se ha hecho cada vez m\u00e1s en l\u00ednea, pero hay menos reporteros clim\u00e1ticos en el mundo en desarrollo. Esto limita la profundidad y la disponibilidad de informaci\u00f3n para una enorme proporci\u00f3n de la poblaci\u00f3n mundial y determina c\u00f3mo se debaten y comprenden las cuestiones clim\u00e1ticas en las diferentes regiones.<\/p>\n<p>Por ejemplo, una publicaci\u00f3n en las redes sociales del Reino Unido podr\u00eda plantear una preocupaci\u00f3n medioambiental mediante expresiones como: &#8220;\u00bfYa se est\u00e1n inundando las carreteras? Me alegra saber que el ayuntamiento se est\u00e1 burlando&#8221;. La mayor\u00eda de las herramientas de inteligencia artificial pueden captar el sarcasmo y la frustraci\u00f3n dirigidos a las autoridades locales.<\/p>\n<p>En un pa\u00eds como Nigeria, la gente puede describir las preocupaciones que se est\u00e1n desarrollando de manera diferente: \u201c\u00bfAbeg, es octubre y llueve as\u00ed, pero usted dice que el clima no ha cambiado?\u201d o &#8220;\u00a1R\u00edo don cerca de nuestra casa! \u00a1Abeg ayuda, podemos estropearlo todo!&#8221;<\/p>\n<p>Aqu\u00ed, la jerga y el pidgin expresan un peligro inmediato y una llamada urgente de ayuda. Sin embargo, los modelos de IA a menudo reducen esto a comentarios casuales, pasando por alto por completo la urgencia y la emoci\u00f3n que se transmite.<\/p>\n<p>Esto es importante porque la mayor\u00eda de los sistemas de IA se ense\u00f1an en textos extensos centrados en Occidente, principalmente de Am\u00e9rica del Norte y Europa. ChatGPT, por ejemplo, recibe instrucciones sobre grandes cantidades de texto de Internet. No tiene creencias, sentimientos ni conciencia. En cambio, genera respuestas basadas en patrones que ha visto en l\u00ednea.<\/p>\n<p>La IA refleja la cultura dominante en sus datos de entrenamiento, por lo que lleva una \u201chuella digital cultural\u201d. Imita formas normales de expresar ideas de las sociedades que produjeron los textos de los que ha aprendido. Los modelos de IA entrenados con textos predominantemente en ingl\u00e9s muestran un sesgo oculto que favorece los valores culturales occidentales, particularmente cuando se les pregunta en ingl\u00e9s.<\/p>\n<figure class=\"wp-block-image\"><\/figure>\n<p>Una de las principales razones por las que la IA puede producir resultados sesgados es que refleja las desigualdades sociales, incluidas las diferencias de raza, g\u00e9nero y regi\u00f3n, que aparecen en los datos de los que aprende. Por lo tanto, las voces subrepresentadas de comunidades de pa\u00edses en desarrollo con variedades de ingl\u00e9s no angloc\u00e9ntricas a menudo son minimizadas o ignoradas.<\/p>\n<p>Este sesgo puede tener consecuencias reales. En crisis clim\u00e1ticas como inundaciones, olas de calor u otras condiciones clim\u00e1ticas extremas, los mensajes mal interpretados podr\u00edan poner en riesgo propiedades y vidas.<\/p>\n<p>Los sistemas de inteligencia artificial que se basan en patrones pasados \u200b\u200bson f\u00e1ciles de interpretar cuando el lenguaje se ajusta a los est\u00e1ndares esperados, pero las publicaciones que no se ajustan a la presencia de jerga local o se\u00f1ales de urgencia pueden malinterpretarse.<\/p>\n<h2 class=\"wp-block-heading\">Mejorar las respuestas a los desastres clim\u00e1ticos<\/h2>\n<p>Resolver este problema implica dise\u00f1ar sistemas que realmente reflejen la forma en que las personas se comunican. Los sistemas de inteligencia artificial deben capacitarse para comprender las expresiones regionales y reconocer que el significado a menudo depende del contexto cultural, no solo de las palabras literales.<\/p>\n<p>La IA debe probarse en publicaciones reales en l\u00ednea, no en ingl\u00e9s formal centrado en Occidente, para captar la urgencia y las referencias locales. Los sistemas automatizados pueden procesar enormes vol\u00famenes de informaci\u00f3n, pero el juicio humano debe permanecer al tanto, especialmente cuando est\u00e1 en juego la seguridad de las personas.<\/p>\n<p>Las herramientas de inteligencia artificial pueden ayudar a las comunidades a responder a inundaciones, olas de calor y otras emergencias clim\u00e1ticas, pero solo una vez capacitadas para interpretar los matices del lenguaje cotidiano, de modo que las advertencias y las llamadas de ayuda lleguen.<\/p>\n<hr class=\"wp-block-separator has-alpha-channel-opacity\">\n<p>Ifeoluwa Wuraola, candidata a doctorado, Inteligencia Artificial, <em>Universidad de casco<\/em>; Daniel Marciniak, profesor de Criminolog\u00eda, <em>Universidad de casco<\/em>y Nina Dethlefs, profesora de inform\u00e1tica, <em>Universidad de Loughborough<\/em><\/p>\n<p>Foto principal de Chris Gallagher en Unsplash<\/p>\n<\/p><\/div>\n","protected":false},"excerpt":{"rendered":"<p>Aparece un mensaje en l\u00ednea durante las fuertes inundaciones: &#8220;Esta lluvia no ser\u00e1 peque\u00f1a, en todas partes p\u00f3ngase rojo&#8221;. Alguien que no est\u00e9 familiarizado con<\/p>\n","protected":false},"author":1,"featured_media":8866,"comment_status":"closed","ping_status":"","sticky":false,"template":"","format":"standard","meta":{"footnotes":""},"categories":[68],"tags":[8544,8548,15,23,8547,8545,34,8546,62,6271],"class_list":["post-8865","post","type-post","status-publish","format-standard","has-post-thumbnail","hentry","category-fauna-y-flora","tag-barrera","tag-climaticos","tag-como","tag-del","tag-desastres","tag-idioma","tag-las","tag-limita","tag-los","tag-respuestas","generate-columns","tablet-grid-50","mobile-grid-100","grid-parent","grid-50"],"yoast_head":"<!-- This site is optimized with the Yoast SEO plugin v23.4 - https:\/\/yoast.com\/wordpress\/plugins\/seo\/ -->\n<title>C\u00f3mo la barrera del idioma de la IA limita las respuestas a los desastres clim\u00e1ticos - Consejos - Santa Catarina<\/title>\n<meta name=\"robots\" content=\"index, follow, max-snippet:-1, max-image-preview:large, max-video-preview:-1\" \/>\n<link rel=\"canonical\" href=\"https:\/\/stacatarina.mx\/consejos\/como-la-barrera-del-idioma-de-la-ia-limita-las-respuestas-a-los-desastres-climaticos\/\" \/>\n<meta property=\"og:locale\" content=\"es_MX\" \/>\n<meta property=\"og:type\" content=\"article\" \/>\n<meta property=\"og:title\" content=\"C\u00f3mo la barrera del idioma de la IA limita las respuestas a los desastres clim\u00e1ticos - Consejos - Santa Catarina\" \/>\n<meta property=\"og:description\" content=\"Aparece un mensaje en l\u00ednea durante las fuertes inundaciones: &#8220;Esta lluvia no ser\u00e1 peque\u00f1a, en todas partes p\u00f3ngase rojo&#8221;. Alguien que no est\u00e9 familiarizado con\" \/>\n<meta property=\"og:url\" content=\"https:\/\/stacatarina.mx\/consejos\/como-la-barrera-del-idioma-de-la-ia-limita-las-respuestas-a-los-desastres-climaticos\/\" \/>\n<meta property=\"og:site_name\" content=\"Santa Catarina\" \/>\n<meta property=\"article:publisher\" content=\"https:\/\/www.facebook.com\/stacatarinagob\/\" \/>\n<meta property=\"article:published_time\" content=\"2026-04-23T00:53:09+00:00\" \/>\n<meta property=\"article:modified_time\" content=\"2026-04-23T00:53:11+00:00\" \/>\n<meta property=\"og:image\" content=\"https:\/\/stacatarina.mx\/consejos\/wp-content\/uploads\/2026\/04\/Como-la-barrera-del-idioma-de-la-IA-limita-las.jpg\" \/>\n\t<meta property=\"og:image:width\" content=\"900\" \/>\n\t<meta property=\"og:image:height\" content=\"600\" \/>\n\t<meta property=\"og:image:type\" content=\"image\/jpeg\" \/>\n<meta name=\"author\" content=\"Pedro Mart\u00ednez\" \/>\n<meta name=\"twitter:card\" content=\"summary_large_image\" \/>\n<meta name=\"twitter:creator\" content=\"@stacatarinagob\" \/>\n<meta name=\"twitter:site\" content=\"@stacatarinagob\" \/>\n<meta name=\"twitter:label1\" content=\"Escrito por\" \/>\n\t<meta name=\"twitter:data1\" content=\"Pedro Mart\u00ednez\" \/>\n\t<meta name=\"twitter:label2\" content=\"Tiempo de lectura\" \/>\n\t<meta name=\"twitter:data2\" content=\"5 minutos\" \/>\n<script type=\"application\/ld+json\" class=\"yoast-schema-graph\">{\"@context\":\"https:\/\/schema.org\",\"@graph\":[{\"@type\":\"Article\",\"@id\":\"https:\/\/stacatarina.mx\/consejos\/como-la-barrera-del-idioma-de-la-ia-limita-las-respuestas-a-los-desastres-climaticos\/#article\",\"isPartOf\":{\"@id\":\"https:\/\/stacatarina.mx\/consejos\/como-la-barrera-del-idioma-de-la-ia-limita-las-respuestas-a-los-desastres-climaticos\/\"},\"author\":{\"name\":\"Pedro Mart\u00ednez\",\"@id\":\"https:\/\/stacatarina.mx\/consejos\/#\/schema\/person\/0be60adffa8e4c4d0828fdf021450e8a\"},\"headline\":\"C\u00f3mo la barrera del idioma de la IA limita las respuestas a los desastres clim\u00e1ticos\",\"datePublished\":\"2026-04-23T00:53:09+00:00\",\"dateModified\":\"2026-04-23T00:53:11+00:00\",\"mainEntityOfPage\":{\"@id\":\"https:\/\/stacatarina.mx\/consejos\/como-la-barrera-del-idioma-de-la-ia-limita-las-respuestas-a-los-desastres-climaticos\/\"},\"wordCount\":948,\"publisher\":{\"@id\":\"https:\/\/stacatarina.mx\/consejos\/#organization\"},\"image\":{\"@id\":\"https:\/\/stacatarina.mx\/consejos\/como-la-barrera-del-idioma-de-la-ia-limita-las-respuestas-a-los-desastres-climaticos\/#primaryimage\"},\"thumbnailUrl\":\"https:\/\/stacatarina.mx\/consejos\/wp-content\/uploads\/2026\/04\/Como-la-barrera-del-idioma-de-la-IA-limita-las.jpg\",\"keywords\":[\"barrera\",\"clim\u00e1ticos\",\"c\u00f3mo\",\"del\",\"desastres\",\"idioma\",\"Las\",\"limita\",\"los\",\"Respuestas\"],\"articleSection\":[\"Fauna y Flora\"],\"inLanguage\":\"es\"},{\"@type\":\"WebPage\",\"@id\":\"https:\/\/stacatarina.mx\/consejos\/como-la-barrera-del-idioma-de-la-ia-limita-las-respuestas-a-los-desastres-climaticos\/\",\"url\":\"https:\/\/stacatarina.mx\/consejos\/como-la-barrera-del-idioma-de-la-ia-limita-las-respuestas-a-los-desastres-climaticos\/\",\"name\":\"C\u00f3mo la barrera del idioma de la IA limita las respuestas a los desastres clim\u00e1ticos - Consejos - Santa Catarina\",\"isPartOf\":{\"@id\":\"https:\/\/stacatarina.mx\/consejos\/#website\"},\"primaryImageOfPage\":{\"@id\":\"https:\/\/stacatarina.mx\/consejos\/como-la-barrera-del-idioma-de-la-ia-limita-las-respuestas-a-los-desastres-climaticos\/#primaryimage\"},\"image\":{\"@id\":\"https:\/\/stacatarina.mx\/consejos\/como-la-barrera-del-idioma-de-la-ia-limita-las-respuestas-a-los-desastres-climaticos\/#primaryimage\"},\"thumbnailUrl\":\"https:\/\/stacatarina.mx\/consejos\/wp-content\/uploads\/2026\/04\/Como-la-barrera-del-idioma-de-la-IA-limita-las.jpg\",\"datePublished\":\"2026-04-23T00:53:09+00:00\",\"dateModified\":\"2026-04-23T00:53:11+00:00\",\"breadcrumb\":{\"@id\":\"https:\/\/stacatarina.mx\/consejos\/como-la-barrera-del-idioma-de-la-ia-limita-las-respuestas-a-los-desastres-climaticos\/#breadcrumb\"},\"inLanguage\":\"es\",\"potentialAction\":[{\"@type\":\"ReadAction\",\"target\":[\"https:\/\/stacatarina.mx\/consejos\/como-la-barrera-del-idioma-de-la-ia-limita-las-respuestas-a-los-desastres-climaticos\/\"]}]},{\"@type\":\"ImageObject\",\"inLanguage\":\"es\",\"@id\":\"https:\/\/stacatarina.mx\/consejos\/como-la-barrera-del-idioma-de-la-ia-limita-las-respuestas-a-los-desastres-climaticos\/#primaryimage\",\"url\":\"https:\/\/stacatarina.mx\/consejos\/wp-content\/uploads\/2026\/04\/Como-la-barrera-del-idioma-de-la-IA-limita-las.jpg\",\"contentUrl\":\"https:\/\/stacatarina.mx\/consejos\/wp-content\/uploads\/2026\/04\/Como-la-barrera-del-idioma-de-la-IA-limita-las.jpg\",\"width\":900,\"height\":600,\"caption\":\"How AI\u2019s language barrier limits climate disaster\u00a0responses\"},{\"@type\":\"BreadcrumbList\",\"@id\":\"https:\/\/stacatarina.mx\/consejos\/como-la-barrera-del-idioma-de-la-ia-limita-las-respuestas-a-los-desastres-climaticos\/#breadcrumb\",\"itemListElement\":[{\"@type\":\"ListItem\",\"position\":1,\"name\":\"Inicio\",\"item\":\"https:\/\/stacatarina.mx\/consejos\/\"},{\"@type\":\"ListItem\",\"position\":2,\"name\":\"C\u00f3mo la barrera del idioma de la IA limita las respuestas a los desastres clim\u00e1ticos\"}]},{\"@type\":\"WebSite\",\"@id\":\"https:\/\/stacatarina.mx\/consejos\/#website\",\"url\":\"https:\/\/stacatarina.mx\/consejos\/\",\"name\":\"Santa Catarina\",\"description\":\"\",\"publisher\":{\"@id\":\"https:\/\/stacatarina.mx\/consejos\/#organization\"},\"potentialAction\":[{\"@type\":\"SearchAction\",\"target\":{\"@type\":\"EntryPoint\",\"urlTemplate\":\"https:\/\/stacatarina.mx\/consejos\/?s={search_term_string}\"},\"query-input\":{\"@type\":\"PropertyValueSpecification\",\"valueRequired\":true,\"valueName\":\"search_term_string\"}}],\"inLanguage\":\"es\"},{\"@type\":\"Organization\",\"@id\":\"https:\/\/stacatarina.mx\/consejos\/#organization\",\"name\":\"Santa Catarina\",\"url\":\"https:\/\/stacatarina.mx\/consejos\/\",\"logo\":{\"@type\":\"ImageObject\",\"inLanguage\":\"es\",\"@id\":\"https:\/\/stacatarina.mx\/consejos\/#\/schema\/logo\/image\/\",\"url\":\"https:\/\/stacatarina.mx\/consejos\/wp-content\/uploads\/2024\/09\/cropped-favicon-1-1.png\",\"contentUrl\":\"https:\/\/stacatarina.mx\/consejos\/wp-content\/uploads\/2024\/09\/cropped-favicon-1-1.png\",\"width\":512,\"height\":512,\"caption\":\"Santa Catarina\"},\"image\":{\"@id\":\"https:\/\/stacatarina.mx\/consejos\/#\/schema\/logo\/image\/\"},\"sameAs\":[\"https:\/\/www.facebook.com\/stacatarinagob\/\",\"https:\/\/x.com\/stacatarinagob\",\"https:\/\/www.instagram.com\/stacatarinagob\/\",\"https:\/\/www.youtube.com\/channel\/UCK-6cQJL_904665N1_nLTWw\"]},{\"@type\":\"Person\",\"@id\":\"https:\/\/stacatarina.mx\/consejos\/#\/schema\/person\/0be60adffa8e4c4d0828fdf021450e8a\",\"name\":\"Pedro Mart\u00ednez\",\"image\":{\"@type\":\"ImageObject\",\"inLanguage\":\"es\",\"@id\":\"https:\/\/stacatarina.mx\/consejos\/#\/schema\/person\/image\/\",\"url\":\"https:\/\/stacatarina.mx\/consejos\/wp-content\/uploads\/2024\/09\/stacatarina.jpg\",\"contentUrl\":\"https:\/\/stacatarina.mx\/consejos\/wp-content\/uploads\/2024\/09\/stacatarina.jpg\",\"caption\":\"Pedro Mart\u00ednez\"},\"description\":\"Hola, soy Pedro Mart\u00ednez, redactor jefe del sitio oficial del ayuntamiento de Santa Catarina, en M\u00e9xico. Con m\u00e1s de diez a\u00f1os de experiencia en el periodismo local, tengo una pasi\u00f3n por la investigaci\u00f3n y la difusi\u00f3n de informaci\u00f3n que valoriza nuestra hermosa comunidad. Mi compromiso es hacer de Santa Catarina una referencia en materia de transparencia y comunicaci\u00f3n municipal.\",\"sameAs\":[\"https:\/\/stacatarina.mx\/\"]}]}<\/script>\n<!-- \/ Yoast SEO plugin. -->","yoast_head_json":{"title":"C\u00f3mo la barrera del idioma de la IA limita las respuestas a los desastres clim\u00e1ticos - Consejos - Santa Catarina","robots":{"index":"index","follow":"follow","max-snippet":"max-snippet:-1","max-image-preview":"max-image-preview:large","max-video-preview":"max-video-preview:-1"},"canonical":"https:\/\/stacatarina.mx\/consejos\/como-la-barrera-del-idioma-de-la-ia-limita-las-respuestas-a-los-desastres-climaticos\/","og_locale":"es_MX","og_type":"article","og_title":"C\u00f3mo la barrera del idioma de la IA limita las respuestas a los desastres clim\u00e1ticos - Consejos - Santa Catarina","og_description":"Aparece un mensaje en l\u00ednea durante las fuertes inundaciones: &#8220;Esta lluvia no ser\u00e1 peque\u00f1a, en todas partes p\u00f3ngase rojo&#8221;. Alguien que no est\u00e9 familiarizado con","og_url":"https:\/\/stacatarina.mx\/consejos\/como-la-barrera-del-idioma-de-la-ia-limita-las-respuestas-a-los-desastres-climaticos\/","og_site_name":"Santa Catarina","article_publisher":"https:\/\/www.facebook.com\/stacatarinagob\/","article_published_time":"2026-04-23T00:53:09+00:00","article_modified_time":"2026-04-23T00:53:11+00:00","og_image":[{"width":900,"height":600,"url":"https:\/\/stacatarina.mx\/consejos\/wp-content\/uploads\/2026\/04\/Como-la-barrera-del-idioma-de-la-IA-limita-las.jpg","type":"image\/jpeg"}],"author":"Pedro Mart\u00ednez","twitter_card":"summary_large_image","twitter_creator":"@stacatarinagob","twitter_site":"@stacatarinagob","twitter_misc":{"Escrito por":"Pedro Mart\u00ednez","Tiempo de lectura":"5 minutos"},"schema":{"@context":"https:\/\/schema.org","@graph":[{"@type":"Article","@id":"https:\/\/stacatarina.mx\/consejos\/como-la-barrera-del-idioma-de-la-ia-limita-las-respuestas-a-los-desastres-climaticos\/#article","isPartOf":{"@id":"https:\/\/stacatarina.mx\/consejos\/como-la-barrera-del-idioma-de-la-ia-limita-las-respuestas-a-los-desastres-climaticos\/"},"author":{"name":"Pedro Mart\u00ednez","@id":"https:\/\/stacatarina.mx\/consejos\/#\/schema\/person\/0be60adffa8e4c4d0828fdf021450e8a"},"headline":"C\u00f3mo la barrera del idioma de la IA limita las respuestas a los desastres clim\u00e1ticos","datePublished":"2026-04-23T00:53:09+00:00","dateModified":"2026-04-23T00:53:11+00:00","mainEntityOfPage":{"@id":"https:\/\/stacatarina.mx\/consejos\/como-la-barrera-del-idioma-de-la-ia-limita-las-respuestas-a-los-desastres-climaticos\/"},"wordCount":948,"publisher":{"@id":"https:\/\/stacatarina.mx\/consejos\/#organization"},"image":{"@id":"https:\/\/stacatarina.mx\/consejos\/como-la-barrera-del-idioma-de-la-ia-limita-las-respuestas-a-los-desastres-climaticos\/#primaryimage"},"thumbnailUrl":"https:\/\/stacatarina.mx\/consejos\/wp-content\/uploads\/2026\/04\/Como-la-barrera-del-idioma-de-la-IA-limita-las.jpg","keywords":["barrera","clim\u00e1ticos","c\u00f3mo","del","desastres","idioma","Las","limita","los","Respuestas"],"articleSection":["Fauna y Flora"],"inLanguage":"es"},{"@type":"WebPage","@id":"https:\/\/stacatarina.mx\/consejos\/como-la-barrera-del-idioma-de-la-ia-limita-las-respuestas-a-los-desastres-climaticos\/","url":"https:\/\/stacatarina.mx\/consejos\/como-la-barrera-del-idioma-de-la-ia-limita-las-respuestas-a-los-desastres-climaticos\/","name":"C\u00f3mo la barrera del idioma de la IA limita las respuestas a los desastres clim\u00e1ticos - Consejos - Santa Catarina","isPartOf":{"@id":"https:\/\/stacatarina.mx\/consejos\/#website"},"primaryImageOfPage":{"@id":"https:\/\/stacatarina.mx\/consejos\/como-la-barrera-del-idioma-de-la-ia-limita-las-respuestas-a-los-desastres-climaticos\/#primaryimage"},"image":{"@id":"https:\/\/stacatarina.mx\/consejos\/como-la-barrera-del-idioma-de-la-ia-limita-las-respuestas-a-los-desastres-climaticos\/#primaryimage"},"thumbnailUrl":"https:\/\/stacatarina.mx\/consejos\/wp-content\/uploads\/2026\/04\/Como-la-barrera-del-idioma-de-la-IA-limita-las.jpg","datePublished":"2026-04-23T00:53:09+00:00","dateModified":"2026-04-23T00:53:11+00:00","breadcrumb":{"@id":"https:\/\/stacatarina.mx\/consejos\/como-la-barrera-del-idioma-de-la-ia-limita-las-respuestas-a-los-desastres-climaticos\/#breadcrumb"},"inLanguage":"es","potentialAction":[{"@type":"ReadAction","target":["https:\/\/stacatarina.mx\/consejos\/como-la-barrera-del-idioma-de-la-ia-limita-las-respuestas-a-los-desastres-climaticos\/"]}]},{"@type":"ImageObject","inLanguage":"es","@id":"https:\/\/stacatarina.mx\/consejos\/como-la-barrera-del-idioma-de-la-ia-limita-las-respuestas-a-los-desastres-climaticos\/#primaryimage","url":"https:\/\/stacatarina.mx\/consejos\/wp-content\/uploads\/2026\/04\/Como-la-barrera-del-idioma-de-la-IA-limita-las.jpg","contentUrl":"https:\/\/stacatarina.mx\/consejos\/wp-content\/uploads\/2026\/04\/Como-la-barrera-del-idioma-de-la-IA-limita-las.jpg","width":900,"height":600,"caption":"How AI\u2019s language barrier limits climate disaster\u00a0responses"},{"@type":"BreadcrumbList","@id":"https:\/\/stacatarina.mx\/consejos\/como-la-barrera-del-idioma-de-la-ia-limita-las-respuestas-a-los-desastres-climaticos\/#breadcrumb","itemListElement":[{"@type":"ListItem","position":1,"name":"Inicio","item":"https:\/\/stacatarina.mx\/consejos\/"},{"@type":"ListItem","position":2,"name":"C\u00f3mo la barrera del idioma de la IA limita las respuestas a los desastres clim\u00e1ticos"}]},{"@type":"WebSite","@id":"https:\/\/stacatarina.mx\/consejos\/#website","url":"https:\/\/stacatarina.mx\/consejos\/","name":"Santa Catarina","description":"","publisher":{"@id":"https:\/\/stacatarina.mx\/consejos\/#organization"},"potentialAction":[{"@type":"SearchAction","target":{"@type":"EntryPoint","urlTemplate":"https:\/\/stacatarina.mx\/consejos\/?s={search_term_string}"},"query-input":{"@type":"PropertyValueSpecification","valueRequired":true,"valueName":"search_term_string"}}],"inLanguage":"es"},{"@type":"Organization","@id":"https:\/\/stacatarina.mx\/consejos\/#organization","name":"Santa Catarina","url":"https:\/\/stacatarina.mx\/consejos\/","logo":{"@type":"ImageObject","inLanguage":"es","@id":"https:\/\/stacatarina.mx\/consejos\/#\/schema\/logo\/image\/","url":"https:\/\/stacatarina.mx\/consejos\/wp-content\/uploads\/2024\/09\/cropped-favicon-1-1.png","contentUrl":"https:\/\/stacatarina.mx\/consejos\/wp-content\/uploads\/2024\/09\/cropped-favicon-1-1.png","width":512,"height":512,"caption":"Santa Catarina"},"image":{"@id":"https:\/\/stacatarina.mx\/consejos\/#\/schema\/logo\/image\/"},"sameAs":["https:\/\/www.facebook.com\/stacatarinagob\/","https:\/\/x.com\/stacatarinagob","https:\/\/www.instagram.com\/stacatarinagob\/","https:\/\/www.youtube.com\/channel\/UCK-6cQJL_904665N1_nLTWw"]},{"@type":"Person","@id":"https:\/\/stacatarina.mx\/consejos\/#\/schema\/person\/0be60adffa8e4c4d0828fdf021450e8a","name":"Pedro Mart\u00ednez","image":{"@type":"ImageObject","inLanguage":"es","@id":"https:\/\/stacatarina.mx\/consejos\/#\/schema\/person\/image\/","url":"https:\/\/stacatarina.mx\/consejos\/wp-content\/uploads\/2024\/09\/stacatarina.jpg","contentUrl":"https:\/\/stacatarina.mx\/consejos\/wp-content\/uploads\/2024\/09\/stacatarina.jpg","caption":"Pedro Mart\u00ednez"},"description":"Hola, soy Pedro Mart\u00ednez, redactor jefe del sitio oficial del ayuntamiento de Santa Catarina, en M\u00e9xico. Con m\u00e1s de diez a\u00f1os de experiencia en el periodismo local, tengo una pasi\u00f3n por la investigaci\u00f3n y la difusi\u00f3n de informaci\u00f3n que valoriza nuestra hermosa comunidad. Mi compromiso es hacer de Santa Catarina una referencia en materia de transparencia y comunicaci\u00f3n municipal.","sameAs":["https:\/\/stacatarina.mx\/"]}]}},"_links":{"self":[{"href":"https:\/\/stacatarina.mx\/consejos\/wp-json\/wp\/v2\/posts\/8865"}],"collection":[{"href":"https:\/\/stacatarina.mx\/consejos\/wp-json\/wp\/v2\/posts"}],"about":[{"href":"https:\/\/stacatarina.mx\/consejos\/wp-json\/wp\/v2\/types\/post"}],"author":[{"embeddable":true,"href":"https:\/\/stacatarina.mx\/consejos\/wp-json\/wp\/v2\/users\/1"}],"replies":[{"embeddable":true,"href":"https:\/\/stacatarina.mx\/consejos\/wp-json\/wp\/v2\/comments?post=8865"}],"version-history":[{"count":1,"href":"https:\/\/stacatarina.mx\/consejos\/wp-json\/wp\/v2\/posts\/8865\/revisions"}],"predecessor-version":[{"id":8867,"href":"https:\/\/stacatarina.mx\/consejos\/wp-json\/wp\/v2\/posts\/8865\/revisions\/8867"}],"wp:featuredmedia":[{"embeddable":true,"href":"https:\/\/stacatarina.mx\/consejos\/wp-json\/wp\/v2\/media\/8866"}],"wp:attachment":[{"href":"https:\/\/stacatarina.mx\/consejos\/wp-json\/wp\/v2\/media?parent=8865"}],"wp:term":[{"taxonomy":"category","embeddable":true,"href":"https:\/\/stacatarina.mx\/consejos\/wp-json\/wp\/v2\/categories?post=8865"},{"taxonomy":"post_tag","embeddable":true,"href":"https:\/\/stacatarina.mx\/consejos\/wp-json\/wp\/v2\/tags?post=8865"}],"curies":[{"name":"wp","href":"https:\/\/api.w.org\/{rel}","templated":true}]}}