{"id":8868,"date":"2026-04-23T04:52:43","date_gmt":"2026-04-23T10:52:43","guid":{"rendered":"https:\/\/stacatarina.mx\/consejos\/pollos-desaparecidos-lagunas-importantes-identificadas-en-los-datos-sobre-aves-de-corral\/"},"modified":"2026-04-23T04:52:45","modified_gmt":"2026-04-23T10:52:45","slug":"pollos-desaparecidos-lagunas-importantes-identificadas-en-los-datos-sobre-aves-de-corral","status":"publish","type":"post","link":"https:\/\/stacatarina.mx\/consejos\/pollos-desaparecidos-lagunas-importantes-identificadas-en-los-datos-sobre-aves-de-corral\/","title":{"rendered":"Pollos desaparecidos: lagunas importantes identificadas en los datos sobre aves de corral"},"content":{"rendered":"<div class=\"entry-content\">\n<p>Un nuevo informe de The Wildlife Trusts ha identificado discrepancias sustanciales en las estad\u00edsticas av\u00edcolas oficiales utilizadas para informar la pol\u00edtica ambiental y de gesti\u00f3n territorial en Inglaterra. Bas\u00e1ndose en solicitudes de libertad de informaci\u00f3n y an\u00e1lisis de conjuntos de datos existentes, el estudio indica que al menos 25 millones de pollos est\u00e1n desaparecidos en Lincolnshire, Norfolk, Shropshire y Herefordshire.<\/p>\n<p>Publicado como <em>Contando pollos: un an\u00e1lisis del n\u00famero de aves de corral en el Reino Unido<\/em>el informe sugiere que estas inconsistencias podr\u00edan equivaler a una subestimaci\u00f3n del n\u00famero de aves de corral en Inglaterra en aproximadamente un tercio. La organizaci\u00f3n advierte que, si se replica en todo el Reino Unido, la escala de datos faltantes podr\u00eda ser significativamente mayor.<\/p>\n<h4 class=\"wp-block-heading\">Implicaciones para la regulaci\u00f3n y planificaci\u00f3n ambiental<\/h4>\n<p>Los hallazgos plantean preocupaciones sobre la confiabilidad de los datos que sustentan las decisiones sobre el uso de la tierra, los permisos ambientales y la expansi\u00f3n agr\u00edcola. Las cifras inexactas pueden afectar la forma en que las autoridades y reguladores locales eval\u00faan las solicitudes de nuevas unidades av\u00edcolas, as\u00ed como la forma en que se entienden las presiones ambientales acumulativas.<\/p>\n<p>Wildlife Trusts afirma que confiar en datos incompletos corre el riesgo de enmascarar la verdadera escala de los impactos asociados con la producci\u00f3n av\u00edcola intensiva, particularmente en \u00e1reas donde el sector ya est\u00e1 concentrado.<\/p>\n<h4 class=\"wp-block-heading\">Esti\u00e9rcol no declarado y presiones contaminantes<\/h4>\n<p>El informe estima que cada a\u00f1o alrededor de 185.189 metros c\u00fabicos de esti\u00e9rcol de aves de corral no se reflejan en las cifras oficiales debido a estas discrepancias. Esto equivale a aproximadamente 74 piscinas ol\u00edmpicas de desechos que tal vez no se tengan en cuenta en los marcos de gesti\u00f3n ambiental.<\/p>\n<p>Dichos vol\u00famenes presentan un riesgo para los ecosistemas circundantes, particularmente debido a la liberaci\u00f3n de nitr\u00f3geno y f\u00f3sforo en suelos y cursos de agua. El enriquecimiento de nutrientes se ha relacionado con la disminuci\u00f3n de la calidad del agua y la degradaci\u00f3n ecol\u00f3gica en los sistemas fluviales, incluidos el r\u00edo Wye y el r\u00edo Severn, donde los niveles elevados de nutrientes han afectado h\u00e1bitats y especies como el salm\u00f3n del Atl\u00e1ntico.<\/p>\n<h4 class=\"wp-block-heading\">La concentraci\u00f3n geogr\u00e1fica intensifica los riesgos<\/h4>\n<p>El an\u00e1lisis refuerza la evidencia previa de que la producci\u00f3n av\u00edcola en Inglaterra est\u00e1 altamente concentrada geogr\u00e1ficamente, con una gran proporci\u00f3n de la parvada nacional ubicada dentro de un n\u00famero limitado de \u00e1reas de autoridades locales. Esta concentraci\u00f3n amplifica las posibles consecuencias de la inexactitud de los datos, ya que la falta de informaci\u00f3n en regiones clave puede conducir a una subestimaci\u00f3n significativa de las presiones ambientales.<\/p>\n<h4 class=\"wp-block-heading\">Llamados a reformar los datos y las pol\u00edticas<\/h4>\n<p>El informe pide una revisi\u00f3n exhaustiva de la recopilaci\u00f3n de datos sobre aves de corral y su aplicaci\u00f3n en la formulaci\u00f3n de pol\u00edticas. Las recomendaciones incluyen mejorar la precisi\u00f3n y coherencia de los conjuntos de datos en todo el Reino Unido, junto con reformas a los reg\u00edmenes de permisos ambientales para tener en cuenta mejor los impactos acumulativos.<\/p>\n<p>La organizaci\u00f3n tambi\u00e9n destaca la necesidad de medidas en la cadena de suministro para apoyar sistemas de producci\u00f3n menos contaminantes y m\u00e1s integrados.<\/p>\n<p>Vicki Hird, l\u00edder estrat\u00e9gica en agricultura de The Wildlife Trusts, dijo: <em>&#8220;La evidencia es clara: las decisiones gubernamentales sobre los permisos de aves de corral, y el posterior uso de la tierra y los impactos de la contaminaci\u00f3n, se basan en datos enga\u00f1osos. Nuestra nueva investigaci\u00f3n muestra que s\u00f3lo en Inglaterra, estas imprecisiones podr\u00edan significar un recuento inferior de aves de corral en al menos un tercio, con enormes impactos en nuestro mundo natural, as\u00ed como en la salud de los r\u00edos y v\u00edas fluviales que todos disfrutamos para ba\u00f1arnos y beber agua&#8221;.<\/em><\/p>\n<p>Ella a\u00f1adi\u00f3: <em>&#8220;Con las discusiones en curso sobre las reformas h\u00eddricas y la rentabilidad del sector av\u00edcola, es esencial que el Gobierno garantice que se utilicen datos precisos para informar los cambios de pol\u00edticas y las acciones. Adem\u00e1s de esto, las reglas de permisos deben tener en cuenta el impacto m\u00e1s amplio de las unidades av\u00edcolas en el medio ambiente, mientras que los agricultores tambi\u00e9n deben recibir apoyo para la transici\u00f3n a pr\u00e1cticas menos contaminantes. S\u00f3lo entonces tendremos un sistema av\u00edcola que funcione para los agricultores, la vida silvestre y las personas en el futuro&#8221;.<\/em><\/p>\n<hr class=\"wp-block-separator has-alpha-channel-opacity\">\n<p>Leer: <em><strong>Contando pollos: un an\u00e1lisis del n\u00famero de aves de corral en el Reino Unido<\/strong><\/em><\/p>\n<p>Fuente: Adaptado de un comunicado de prensa publicado el: 23 de abril de 2026 por The Wildlife Trusts: Desaparecido: Las FOI revelan que 25 millones de pollos est\u00e1n desaparecidos en Inglaterra<\/p>\n<p>Foto de Thomas Iversen en Unsplash<\/p>\n<\/p><\/div>\n","protected":false},"excerpt":{"rendered":"<p>Un nuevo informe de The Wildlife Trusts ha identificado discrepancias sustanciales en las estad\u00edsticas av\u00edcolas oficiales utilizadas para informar la pol\u00edtica ambiental y de gesti\u00f3n<\/p>\n","protected":false},"author":1,"featured_media":8869,"comment_status":"closed","ping_status":"","sticky":false,"template":"","format":"standard","meta":{"footnotes":""},"categories":[68],"tags":[343,8552,544,4629,8551,505,8550,62,8549,279],"class_list":["post-8868","post","type-post","status-publish","format-standard","has-post-thumbnail","hentry","category-fauna-y-flora","tag-aves","tag-corral","tag-datos","tag-desaparecidos","tag-identificadas","tag-importantes","tag-lagunas","tag-los","tag-pollos","tag-sobre","generate-columns","tablet-grid-50","mobile-grid-100","grid-parent","grid-50"],"yoast_head":"<!-- This site is optimized with the Yoast SEO plugin v23.4 - https:\/\/yoast.com\/wordpress\/plugins\/seo\/ -->\n<title>Pollos desaparecidos: lagunas importantes identificadas en los datos sobre aves de corral - Consejos - Santa Catarina<\/title>\n<meta name=\"robots\" content=\"index, follow, max-snippet:-1, max-image-preview:large, max-video-preview:-1\" \/>\n<link rel=\"canonical\" href=\"https:\/\/stacatarina.mx\/consejos\/pollos-desaparecidos-lagunas-importantes-identificadas-en-los-datos-sobre-aves-de-corral\/\" \/>\n<meta property=\"og:locale\" content=\"es_MX\" \/>\n<meta property=\"og:type\" content=\"article\" \/>\n<meta property=\"og:title\" content=\"Pollos desaparecidos: lagunas importantes identificadas en los datos sobre aves de corral - Consejos - Santa Catarina\" \/>\n<meta property=\"og:description\" content=\"Un nuevo informe de The Wildlife Trusts ha identificado discrepancias sustanciales en las estad\u00edsticas av\u00edcolas oficiales utilizadas para informar la pol\u00edtica ambiental y de gesti\u00f3n\" \/>\n<meta property=\"og:url\" content=\"https:\/\/stacatarina.mx\/consejos\/pollos-desaparecidos-lagunas-importantes-identificadas-en-los-datos-sobre-aves-de-corral\/\" \/>\n<meta property=\"og:site_name\" content=\"Santa Catarina\" \/>\n<meta property=\"article:publisher\" content=\"https:\/\/www.facebook.com\/stacatarinagob\/\" \/>\n<meta property=\"article:published_time\" content=\"2026-04-23T10:52:43+00:00\" \/>\n<meta property=\"article:modified_time\" content=\"2026-04-23T10:52:45+00:00\" \/>\n<meta property=\"og:image\" content=\"https:\/\/stacatarina.mx\/consejos\/wp-content\/uploads\/2026\/04\/Pollos-desaparecidos-lagunas-importantes-identificadas-en-los-datos-sobre-aves.jpg\" \/>\n\t<meta property=\"og:image:width\" content=\"900\" \/>\n\t<meta property=\"og:image:height\" content=\"601\" \/>\n\t<meta property=\"og:image:type\" content=\"image\/jpeg\" \/>\n<meta name=\"author\" content=\"Pedro Mart\u00ednez\" \/>\n<meta name=\"twitter:card\" content=\"summary_large_image\" \/>\n<meta name=\"twitter:creator\" content=\"@stacatarinagob\" \/>\n<meta name=\"twitter:site\" content=\"@stacatarinagob\" \/>\n<meta name=\"twitter:label1\" content=\"Escrito por\" \/>\n\t<meta name=\"twitter:data1\" content=\"Pedro Mart\u00ednez\" \/>\n\t<meta name=\"twitter:label2\" content=\"Tiempo de lectura\" \/>\n\t<meta name=\"twitter:data2\" content=\"4 minutos\" \/>\n<script type=\"application\/ld+json\" class=\"yoast-schema-graph\">{\"@context\":\"https:\/\/schema.org\",\"@graph\":[{\"@type\":\"Article\",\"@id\":\"https:\/\/stacatarina.mx\/consejos\/pollos-desaparecidos-lagunas-importantes-identificadas-en-los-datos-sobre-aves-de-corral\/#article\",\"isPartOf\":{\"@id\":\"https:\/\/stacatarina.mx\/consejos\/pollos-desaparecidos-lagunas-importantes-identificadas-en-los-datos-sobre-aves-de-corral\/\"},\"author\":{\"name\":\"Pedro Mart\u00ednez\",\"@id\":\"https:\/\/stacatarina.mx\/consejos\/#\/schema\/person\/0be60adffa8e4c4d0828fdf021450e8a\"},\"headline\":\"Pollos desaparecidos: lagunas importantes identificadas en los datos sobre aves de corral\",\"datePublished\":\"2026-04-23T10:52:43+00:00\",\"dateModified\":\"2026-04-23T10:52:45+00:00\",\"mainEntityOfPage\":{\"@id\":\"https:\/\/stacatarina.mx\/consejos\/pollos-desaparecidos-lagunas-importantes-identificadas-en-los-datos-sobre-aves-de-corral\/\"},\"wordCount\":845,\"publisher\":{\"@id\":\"https:\/\/stacatarina.mx\/consejos\/#organization\"},\"image\":{\"@id\":\"https:\/\/stacatarina.mx\/consejos\/pollos-desaparecidos-lagunas-importantes-identificadas-en-los-datos-sobre-aves-de-corral\/#primaryimage\"},\"thumbnailUrl\":\"https:\/\/stacatarina.mx\/consejos\/wp-content\/uploads\/2026\/04\/Pollos-desaparecidos-lagunas-importantes-identificadas-en-los-datos-sobre-aves.jpg\",\"keywords\":[\"aves\",\"corral\",\"Datos\",\"desaparecidos\",\"identificadas\",\"importantes\",\"lagunas\",\"los\",\"Pollos\",\"sobre\"],\"articleSection\":[\"Fauna y Flora\"],\"inLanguage\":\"es\"},{\"@type\":\"WebPage\",\"@id\":\"https:\/\/stacatarina.mx\/consejos\/pollos-desaparecidos-lagunas-importantes-identificadas-en-los-datos-sobre-aves-de-corral\/\",\"url\":\"https:\/\/stacatarina.mx\/consejos\/pollos-desaparecidos-lagunas-importantes-identificadas-en-los-datos-sobre-aves-de-corral\/\",\"name\":\"Pollos desaparecidos: lagunas importantes identificadas en los datos sobre aves de corral - Consejos - Santa Catarina\",\"isPartOf\":{\"@id\":\"https:\/\/stacatarina.mx\/consejos\/#website\"},\"primaryImageOfPage\":{\"@id\":\"https:\/\/stacatarina.mx\/consejos\/pollos-desaparecidos-lagunas-importantes-identificadas-en-los-datos-sobre-aves-de-corral\/#primaryimage\"},\"image\":{\"@id\":\"https:\/\/stacatarina.mx\/consejos\/pollos-desaparecidos-lagunas-importantes-identificadas-en-los-datos-sobre-aves-de-corral\/#primaryimage\"},\"thumbnailUrl\":\"https:\/\/stacatarina.mx\/consejos\/wp-content\/uploads\/2026\/04\/Pollos-desaparecidos-lagunas-importantes-identificadas-en-los-datos-sobre-aves.jpg\",\"datePublished\":\"2026-04-23T10:52:43+00:00\",\"dateModified\":\"2026-04-23T10:52:45+00:00\",\"breadcrumb\":{\"@id\":\"https:\/\/stacatarina.mx\/consejos\/pollos-desaparecidos-lagunas-importantes-identificadas-en-los-datos-sobre-aves-de-corral\/#breadcrumb\"},\"inLanguage\":\"es\",\"potentialAction\":[{\"@type\":\"ReadAction\",\"target\":[\"https:\/\/stacatarina.mx\/consejos\/pollos-desaparecidos-lagunas-importantes-identificadas-en-los-datos-sobre-aves-de-corral\/\"]}]},{\"@type\":\"ImageObject\",\"inLanguage\":\"es\",\"@id\":\"https:\/\/stacatarina.mx\/consejos\/pollos-desaparecidos-lagunas-importantes-identificadas-en-los-datos-sobre-aves-de-corral\/#primaryimage\",\"url\":\"https:\/\/stacatarina.mx\/consejos\/wp-content\/uploads\/2026\/04\/Pollos-desaparecidos-lagunas-importantes-identificadas-en-los-datos-sobre-aves.jpg\",\"contentUrl\":\"https:\/\/stacatarina.mx\/consejos\/wp-content\/uploads\/2026\/04\/Pollos-desaparecidos-lagunas-importantes-identificadas-en-los-datos-sobre-aves.jpg\",\"width\":900,\"height\":601,\"caption\":\"Missing chickens \u2013 significant gaps identified in poultry data\"},{\"@type\":\"BreadcrumbList\",\"@id\":\"https:\/\/stacatarina.mx\/consejos\/pollos-desaparecidos-lagunas-importantes-identificadas-en-los-datos-sobre-aves-de-corral\/#breadcrumb\",\"itemListElement\":[{\"@type\":\"ListItem\",\"position\":1,\"name\":\"Inicio\",\"item\":\"https:\/\/stacatarina.mx\/consejos\/\"},{\"@type\":\"ListItem\",\"position\":2,\"name\":\"Pollos desaparecidos: lagunas importantes identificadas en los datos sobre aves de corral\"}]},{\"@type\":\"WebSite\",\"@id\":\"https:\/\/stacatarina.mx\/consejos\/#website\",\"url\":\"https:\/\/stacatarina.mx\/consejos\/\",\"name\":\"Santa Catarina\",\"description\":\"\",\"publisher\":{\"@id\":\"https:\/\/stacatarina.mx\/consejos\/#organization\"},\"potentialAction\":[{\"@type\":\"SearchAction\",\"target\":{\"@type\":\"EntryPoint\",\"urlTemplate\":\"https:\/\/stacatarina.mx\/consejos\/?s={search_term_string}\"},\"query-input\":{\"@type\":\"PropertyValueSpecification\",\"valueRequired\":true,\"valueName\":\"search_term_string\"}}],\"inLanguage\":\"es\"},{\"@type\":\"Organization\",\"@id\":\"https:\/\/stacatarina.mx\/consejos\/#organization\",\"name\":\"Santa Catarina\",\"url\":\"https:\/\/stacatarina.mx\/consejos\/\",\"logo\":{\"@type\":\"ImageObject\",\"inLanguage\":\"es\",\"@id\":\"https:\/\/stacatarina.mx\/consejos\/#\/schema\/logo\/image\/\",\"url\":\"https:\/\/stacatarina.mx\/consejos\/wp-content\/uploads\/2024\/09\/cropped-favicon-1-1.png\",\"contentUrl\":\"https:\/\/stacatarina.mx\/consejos\/wp-content\/uploads\/2024\/09\/cropped-favicon-1-1.png\",\"width\":512,\"height\":512,\"caption\":\"Santa Catarina\"},\"image\":{\"@id\":\"https:\/\/stacatarina.mx\/consejos\/#\/schema\/logo\/image\/\"},\"sameAs\":[\"https:\/\/www.facebook.com\/stacatarinagob\/\",\"https:\/\/x.com\/stacatarinagob\",\"https:\/\/www.instagram.com\/stacatarinagob\/\",\"https:\/\/www.youtube.com\/channel\/UCK-6cQJL_904665N1_nLTWw\"]},{\"@type\":\"Person\",\"@id\":\"https:\/\/stacatarina.mx\/consejos\/#\/schema\/person\/0be60adffa8e4c4d0828fdf021450e8a\",\"name\":\"Pedro Mart\u00ednez\",\"image\":{\"@type\":\"ImageObject\",\"inLanguage\":\"es\",\"@id\":\"https:\/\/stacatarina.mx\/consejos\/#\/schema\/person\/image\/\",\"url\":\"https:\/\/stacatarina.mx\/consejos\/wp-content\/uploads\/2024\/09\/stacatarina.jpg\",\"contentUrl\":\"https:\/\/stacatarina.mx\/consejos\/wp-content\/uploads\/2024\/09\/stacatarina.jpg\",\"caption\":\"Pedro Mart\u00ednez\"},\"description\":\"Hola, soy Pedro Mart\u00ednez, redactor jefe del sitio oficial del ayuntamiento de Santa Catarina, en M\u00e9xico. Con m\u00e1s de diez a\u00f1os de experiencia en el periodismo local, tengo una pasi\u00f3n por la investigaci\u00f3n y la difusi\u00f3n de informaci\u00f3n que valoriza nuestra hermosa comunidad. Mi compromiso es hacer de Santa Catarina una referencia en materia de transparencia y comunicaci\u00f3n municipal.\",\"sameAs\":[\"https:\/\/stacatarina.mx\/\"]}]}<\/script>\n<!-- \/ Yoast SEO plugin. -->","yoast_head_json":{"title":"Pollos desaparecidos: lagunas importantes identificadas en los datos sobre aves de corral - Consejos - Santa Catarina","robots":{"index":"index","follow":"follow","max-snippet":"max-snippet:-1","max-image-preview":"max-image-preview:large","max-video-preview":"max-video-preview:-1"},"canonical":"https:\/\/stacatarina.mx\/consejos\/pollos-desaparecidos-lagunas-importantes-identificadas-en-los-datos-sobre-aves-de-corral\/","og_locale":"es_MX","og_type":"article","og_title":"Pollos desaparecidos: lagunas importantes identificadas en los datos sobre aves de corral - Consejos - Santa Catarina","og_description":"Un nuevo informe de The Wildlife Trusts ha identificado discrepancias sustanciales en las estad\u00edsticas av\u00edcolas oficiales utilizadas para informar la pol\u00edtica ambiental y de gesti\u00f3n","og_url":"https:\/\/stacatarina.mx\/consejos\/pollos-desaparecidos-lagunas-importantes-identificadas-en-los-datos-sobre-aves-de-corral\/","og_site_name":"Santa Catarina","article_publisher":"https:\/\/www.facebook.com\/stacatarinagob\/","article_published_time":"2026-04-23T10:52:43+00:00","article_modified_time":"2026-04-23T10:52:45+00:00","og_image":[{"width":900,"height":601,"url":"https:\/\/stacatarina.mx\/consejos\/wp-content\/uploads\/2026\/04\/Pollos-desaparecidos-lagunas-importantes-identificadas-en-los-datos-sobre-aves.jpg","type":"image\/jpeg"}],"author":"Pedro Mart\u00ednez","twitter_card":"summary_large_image","twitter_creator":"@stacatarinagob","twitter_site":"@stacatarinagob","twitter_misc":{"Escrito por":"Pedro Mart\u00ednez","Tiempo de lectura":"4 minutos"},"schema":{"@context":"https:\/\/schema.org","@graph":[{"@type":"Article","@id":"https:\/\/stacatarina.mx\/consejos\/pollos-desaparecidos-lagunas-importantes-identificadas-en-los-datos-sobre-aves-de-corral\/#article","isPartOf":{"@id":"https:\/\/stacatarina.mx\/consejos\/pollos-desaparecidos-lagunas-importantes-identificadas-en-los-datos-sobre-aves-de-corral\/"},"author":{"name":"Pedro Mart\u00ednez","@id":"https:\/\/stacatarina.mx\/consejos\/#\/schema\/person\/0be60adffa8e4c4d0828fdf021450e8a"},"headline":"Pollos desaparecidos: lagunas importantes identificadas en los datos sobre aves de corral","datePublished":"2026-04-23T10:52:43+00:00","dateModified":"2026-04-23T10:52:45+00:00","mainEntityOfPage":{"@id":"https:\/\/stacatarina.mx\/consejos\/pollos-desaparecidos-lagunas-importantes-identificadas-en-los-datos-sobre-aves-de-corral\/"},"wordCount":845,"publisher":{"@id":"https:\/\/stacatarina.mx\/consejos\/#organization"},"image":{"@id":"https:\/\/stacatarina.mx\/consejos\/pollos-desaparecidos-lagunas-importantes-identificadas-en-los-datos-sobre-aves-de-corral\/#primaryimage"},"thumbnailUrl":"https:\/\/stacatarina.mx\/consejos\/wp-content\/uploads\/2026\/04\/Pollos-desaparecidos-lagunas-importantes-identificadas-en-los-datos-sobre-aves.jpg","keywords":["aves","corral","Datos","desaparecidos","identificadas","importantes","lagunas","los","Pollos","sobre"],"articleSection":["Fauna y Flora"],"inLanguage":"es"},{"@type":"WebPage","@id":"https:\/\/stacatarina.mx\/consejos\/pollos-desaparecidos-lagunas-importantes-identificadas-en-los-datos-sobre-aves-de-corral\/","url":"https:\/\/stacatarina.mx\/consejos\/pollos-desaparecidos-lagunas-importantes-identificadas-en-los-datos-sobre-aves-de-corral\/","name":"Pollos desaparecidos: lagunas importantes identificadas en los datos sobre aves de corral - Consejos - Santa Catarina","isPartOf":{"@id":"https:\/\/stacatarina.mx\/consejos\/#website"},"primaryImageOfPage":{"@id":"https:\/\/stacatarina.mx\/consejos\/pollos-desaparecidos-lagunas-importantes-identificadas-en-los-datos-sobre-aves-de-corral\/#primaryimage"},"image":{"@id":"https:\/\/stacatarina.mx\/consejos\/pollos-desaparecidos-lagunas-importantes-identificadas-en-los-datos-sobre-aves-de-corral\/#primaryimage"},"thumbnailUrl":"https:\/\/stacatarina.mx\/consejos\/wp-content\/uploads\/2026\/04\/Pollos-desaparecidos-lagunas-importantes-identificadas-en-los-datos-sobre-aves.jpg","datePublished":"2026-04-23T10:52:43+00:00","dateModified":"2026-04-23T10:52:45+00:00","breadcrumb":{"@id":"https:\/\/stacatarina.mx\/consejos\/pollos-desaparecidos-lagunas-importantes-identificadas-en-los-datos-sobre-aves-de-corral\/#breadcrumb"},"inLanguage":"es","potentialAction":[{"@type":"ReadAction","target":["https:\/\/stacatarina.mx\/consejos\/pollos-desaparecidos-lagunas-importantes-identificadas-en-los-datos-sobre-aves-de-corral\/"]}]},{"@type":"ImageObject","inLanguage":"es","@id":"https:\/\/stacatarina.mx\/consejos\/pollos-desaparecidos-lagunas-importantes-identificadas-en-los-datos-sobre-aves-de-corral\/#primaryimage","url":"https:\/\/stacatarina.mx\/consejos\/wp-content\/uploads\/2026\/04\/Pollos-desaparecidos-lagunas-importantes-identificadas-en-los-datos-sobre-aves.jpg","contentUrl":"https:\/\/stacatarina.mx\/consejos\/wp-content\/uploads\/2026\/04\/Pollos-desaparecidos-lagunas-importantes-identificadas-en-los-datos-sobre-aves.jpg","width":900,"height":601,"caption":"Missing chickens \u2013 significant gaps identified in poultry data"},{"@type":"BreadcrumbList","@id":"https:\/\/stacatarina.mx\/consejos\/pollos-desaparecidos-lagunas-importantes-identificadas-en-los-datos-sobre-aves-de-corral\/#breadcrumb","itemListElement":[{"@type":"ListItem","position":1,"name":"Inicio","item":"https:\/\/stacatarina.mx\/consejos\/"},{"@type":"ListItem","position":2,"name":"Pollos desaparecidos: lagunas importantes identificadas en los datos sobre aves de corral"}]},{"@type":"WebSite","@id":"https:\/\/stacatarina.mx\/consejos\/#website","url":"https:\/\/stacatarina.mx\/consejos\/","name":"Santa Catarina","description":"","publisher":{"@id":"https:\/\/stacatarina.mx\/consejos\/#organization"},"potentialAction":[{"@type":"SearchAction","target":{"@type":"EntryPoint","urlTemplate":"https:\/\/stacatarina.mx\/consejos\/?s={search_term_string}"},"query-input":{"@type":"PropertyValueSpecification","valueRequired":true,"valueName":"search_term_string"}}],"inLanguage":"es"},{"@type":"Organization","@id":"https:\/\/stacatarina.mx\/consejos\/#organization","name":"Santa Catarina","url":"https:\/\/stacatarina.mx\/consejos\/","logo":{"@type":"ImageObject","inLanguage":"es","@id":"https:\/\/stacatarina.mx\/consejos\/#\/schema\/logo\/image\/","url":"https:\/\/stacatarina.mx\/consejos\/wp-content\/uploads\/2024\/09\/cropped-favicon-1-1.png","contentUrl":"https:\/\/stacatarina.mx\/consejos\/wp-content\/uploads\/2024\/09\/cropped-favicon-1-1.png","width":512,"height":512,"caption":"Santa Catarina"},"image":{"@id":"https:\/\/stacatarina.mx\/consejos\/#\/schema\/logo\/image\/"},"sameAs":["https:\/\/www.facebook.com\/stacatarinagob\/","https:\/\/x.com\/stacatarinagob","https:\/\/www.instagram.com\/stacatarinagob\/","https:\/\/www.youtube.com\/channel\/UCK-6cQJL_904665N1_nLTWw"]},{"@type":"Person","@id":"https:\/\/stacatarina.mx\/consejos\/#\/schema\/person\/0be60adffa8e4c4d0828fdf021450e8a","name":"Pedro Mart\u00ednez","image":{"@type":"ImageObject","inLanguage":"es","@id":"https:\/\/stacatarina.mx\/consejos\/#\/schema\/person\/image\/","url":"https:\/\/stacatarina.mx\/consejos\/wp-content\/uploads\/2024\/09\/stacatarina.jpg","contentUrl":"https:\/\/stacatarina.mx\/consejos\/wp-content\/uploads\/2024\/09\/stacatarina.jpg","caption":"Pedro Mart\u00ednez"},"description":"Hola, soy Pedro Mart\u00ednez, redactor jefe del sitio oficial del ayuntamiento de Santa Catarina, en M\u00e9xico. Con m\u00e1s de diez a\u00f1os de experiencia en el periodismo local, tengo una pasi\u00f3n por la investigaci\u00f3n y la difusi\u00f3n de informaci\u00f3n que valoriza nuestra hermosa comunidad. Mi compromiso es hacer de Santa Catarina una referencia en materia de transparencia y comunicaci\u00f3n municipal.","sameAs":["https:\/\/stacatarina.mx\/"]}]}},"_links":{"self":[{"href":"https:\/\/stacatarina.mx\/consejos\/wp-json\/wp\/v2\/posts\/8868"}],"collection":[{"href":"https:\/\/stacatarina.mx\/consejos\/wp-json\/wp\/v2\/posts"}],"about":[{"href":"https:\/\/stacatarina.mx\/consejos\/wp-json\/wp\/v2\/types\/post"}],"author":[{"embeddable":true,"href":"https:\/\/stacatarina.mx\/consejos\/wp-json\/wp\/v2\/users\/1"}],"replies":[{"embeddable":true,"href":"https:\/\/stacatarina.mx\/consejos\/wp-json\/wp\/v2\/comments?post=8868"}],"version-history":[{"count":1,"href":"https:\/\/stacatarina.mx\/consejos\/wp-json\/wp\/v2\/posts\/8868\/revisions"}],"predecessor-version":[{"id":8870,"href":"https:\/\/stacatarina.mx\/consejos\/wp-json\/wp\/v2\/posts\/8868\/revisions\/8870"}],"wp:featuredmedia":[{"embeddable":true,"href":"https:\/\/stacatarina.mx\/consejos\/wp-json\/wp\/v2\/media\/8869"}],"wp:attachment":[{"href":"https:\/\/stacatarina.mx\/consejos\/wp-json\/wp\/v2\/media?parent=8868"}],"wp:term":[{"taxonomy":"category","embeddable":true,"href":"https:\/\/stacatarina.mx\/consejos\/wp-json\/wp\/v2\/categories?post=8868"},{"taxonomy":"post_tag","embeddable":true,"href":"https:\/\/stacatarina.mx\/consejos\/wp-json\/wp\/v2\/tags?post=8868"}],"curies":[{"name":"wp","href":"https:\/\/api.w.org\/{rel}","templated":true}]}}