{"id":8871,"date":"2026-04-23T09:52:57","date_gmt":"2026-04-23T15:52:57","guid":{"rendered":"https:\/\/stacatarina.mx\/consejos\/aumenta-la-presion-para-eliminar-las-pfas-relacionadas-con-el-cancer-de-los-hogares\/"},"modified":"2026-04-23T09:52:59","modified_gmt":"2026-04-23T15:52:59","slug":"aumenta-la-presion-para-eliminar-las-pfas-relacionadas-con-el-cancer-de-los-hogares","status":"publish","type":"post","link":"https:\/\/stacatarina.mx\/consejos\/aumenta-la-presion-para-eliminar-las-pfas-relacionadas-con-el-cancer-de-los-hogares\/","title":{"rendered":"Aumenta la presi\u00f3n para eliminar las PFAS relacionadas con el c\u00e1ncer de los hogares&#8230;"},"content":{"rendered":"<div class=\"entry-content\">\n<p>Las organizaciones ambientalistas han intensificado los llamados para una regulaci\u00f3n m\u00e1s estricta de las sustancias perfluoroalquiladas (PFAS) en el Reino Unido, luego de un informe reciente del Comit\u00e9 de Auditor\u00eda Ambiental (EAC) que destaca la contaminaci\u00f3n generalizada y los crecientes riesgos para los ecosistemas y la salud p\u00fablica.<\/p>\n<h4 class=\"wp-block-heading\">Evidencia de contaminaci\u00f3n generalizada<\/h4>\n<p>El informe de la EAC identifica una importante contaminaci\u00f3n heredada en todo el Reino Unido, y los grupos ambientalistas advierten que los retrasos en las acciones regulatorias aumentar\u00e1n los costos ecol\u00f3gicos y econ\u00f3micos a largo plazo. El an\u00e1lisis realizado por The Rivers Trust y Wildlife and Countryside Link indica que el 94% de los r\u00edos en Inglaterra exceden los umbrales propuestos por la Uni\u00f3n Europea para PFAS, y el 85% supera esos l\u00edmites al menos cinco veces. Se informa que las concentraciones en peces de agua dulce son, en promedio, 300 veces m\u00e1s altas que los niveles considerados seguros para la vida silvestre.<\/p>\n<p>Estos hallazgos apuntan a una contaminaci\u00f3n extensa y persistente dentro de los sistemas acu\u00e1ticos, con implicaciones para las redes alimentarias y la exposici\u00f3n humana a trav\u00e9s de la dieta.<\/p>\n<h4 class=\"wp-block-heading\">Pide una reforma regulatoria<\/h4>\n<p>Wildlife and Countryside Link y organizaciones asociadas han respaldado la recomendaci\u00f3n del Comit\u00e9 de eliminar gradualmente los usos no esenciales de PFAS en productos de consumo a partir de 2027. Tambi\u00e9n piden una prohibici\u00f3n total de las PFAS como grupo qu\u00edmico y la aplicaci\u00f3n del principio de que quien contamina paga para abordar la contaminaci\u00f3n existente.<\/p>\n<p>Richard Benwell, director ejecutivo de Wildlife and Countryside Link, afirm\u00f3: &#8220;Las PFAS son una crisis medioambiental y de salud p\u00fablica que se esconde a simple vista. Estos productos qu\u00edmicos t\u00f3xicos est\u00e1n contaminando nuestros alimentos, nuestros hogares y todos los rincones de nuestro medio ambiente. Actualmente, las PFAS se encuentran en la sangre de casi todas las personas analizadas; ning\u00fan r\u00edo tiene una buena salud qu\u00edmica; y se ha descubierto que los peces tienen un nivel m\u00e1s de 300 veces superior al seguro. El Comit\u00e9 de Auditor\u00eda Ambiental tiene raz\u00f3n al resaltar el creciente legado de la contaminaci\u00f3n por PFAS en el Reino Unido y la necesidad de tomar medidas decisivas para abordarla Las crecientes cargas ambientales, de salud y econ\u00f3micas que enfrentamos los ministros deben actuar ahora para exigir responsabilidades a los contaminadores y eliminar gradualmente los usos no esenciales antes de una prohibici\u00f3n amplia de todos los PFAS. Se debe proteger a las personas y la vida silvestre de da\u00f1os irreversibles\u201d.<\/p>\n<h4 class=\"wp-block-heading\">Preocupaciones de salud y enfoque de precauci\u00f3n<\/h4>\n<p>Las organizaciones centradas en la salud tambi\u00e9n han enfatizado la necesidad de una regulaci\u00f3n preventiva. Las PFAS se han asociado con una variedad de resultados adversos para la salud, incluidos trastornos hormonales, problemas de fertilidad y ciertos c\u00e1nceres. Las preocupaciones aumentan por los limitados datos toxicol\u00f3gicos disponibles para muchos compuestos dentro del grupo de las PFAS.<\/p>\n<p>El Dr. Shubhi Sharma de CHEM Trust dijo: &#8220;CHEM Trust acoge con agrado el informe de la EAC como una advertencia clara y oportuna de que el enfoque actual del gobierno del Reino Unido para regular los &#8216;productos qu\u00edmicos permanentes&#8217; no es suficiente. Dado que algunos PFAS est\u00e1n relacionados con riesgos graves para la salud, se necesitan urgentemente medidas m\u00e1s contundentes. El gobierno del Reino Unido debe ir m\u00e1s all\u00e1 de los esfuerzos de monitoreo y remediaci\u00f3n y centrarse en prevenir la contaminaci\u00f3n por PFAS en la fuente, responsabilizar a los contaminadores mediante el principio de que quien contamina paga y adoptar un enfoque de precauci\u00f3n basado en grupos. En el Reino Unido se necesita urgentemente una acci\u00f3n r\u00e1pida y decisiva, en l\u00ednea con la restricci\u00f3n universal de PFAS de la UE, para proteger tanto la salud p\u00fablica como el medio ambiente\u201d.<\/p>\n<p>Thalie Martini, directora ejecutiva de Breast Cancer UK, destac\u00f3 la incertidumbre que rodea a la exposici\u00f3n acumulativa: &#8220;Si bien hay suficiente evidencia que relaciona las PFAS con problemas de salud graves, incluidos problemas de fertilidad y c\u00e1ncer, para justificar un enfoque de precauci\u00f3n, lo que quiz\u00e1s sea m\u00e1s preocupante es que la mayor\u00eda nunca ha sido probada para determinar sus efectos en la salud humana. Esto significa que no conocemos todas las repercusiones de nuestra exposici\u00f3n a las PFAS, que pueden acumularse en nuestros cuerpos para formar infinitas combinaciones de c\u00f3cteles qu\u00edmicos. Se encontraron algunas PFAS. En art\u00edculos de uso cotidiano, como sartenes y uniformes escolares, hay sustancias qu\u00edmicas que alteran el sistema endocrino (EDC), que afectan nuestras hormonas y a las que los ni\u00f1os son particularmente susceptibles. Para proteger a las generaciones futuras, debemos tomar medidas preventivas audaces y prohibir estas sustancias qu\u00edmicas en los productos de consumo\u201d.<\/p>\n<h4 class=\"wp-block-heading\">Persistencia ambiental y vac\u00edos regulatorios<\/h4>\n<p>Las PFAS se utilizan ampliamente en procesos industriales y productos de consumo, incluidos envases de alimentos, textiles y pesticidas. Su persistencia en el medio ambiente ha llevado a su acumulaci\u00f3n en suelos, cursos de agua y biota.<\/p>\n<p>Hannah Evans de Fidra dijo: &#8220;El informe recientemente publicado de la EAC captura tanto la escala de la crisis de PFAS que enfrentamos actualmente, como las oportunidades para abordarla si actuamos ahora. Utilizados en todo, desde envases de alimentos hasta pesticidas, estos &#8216;qu\u00edmicos permanentes&#8217; han contaminado suelos, v\u00edas fluviales, vida silvestre y comunidades en todo el Reino Unido. Para proteger verdaderamente la salud p\u00fablica y el medio ambiente, debemos cerrar el grifo. Por lo tanto, acogemos con gran satisfacci\u00f3n las recomendaciones del Comit\u00e9 para que el gobierno restrinja los usos no esenciales de PFAS sin retraso\u201d.<\/p>\n<p>Las partes interesadas tambi\u00e9n han se\u00f1alado las limitaciones del actual marco regulatorio del Reino Unido, que eval\u00faa en gran medida las sustancias individualmente y no como una clase. Este enfoque se considera insuficiente dada la escala y complejidad de la contaminaci\u00f3n por PFAS.<\/p>\n<p>Jamie Cook, director ejecutivo de Angling Trust, dijo: &#8220;La OEP tiene raz\u00f3n al resaltar que la contaminaci\u00f3n por PFAS es una amenaza creciente y de largo plazo para nuestros r\u00edos, vida silvestre y salud p\u00fablica. La contaminaci\u00f3n por PFAS no es un riesgo futuro; ya est\u00e1 presente en nuestros r\u00edos y mares y se acumula en los peces que la gente captura y come. Acogemos con satisfacci\u00f3n el llamado claro a una regulaci\u00f3n m\u00e1s estricta y a que los contaminadores rindan cuentas, pero lo que importa ahora es la entrega. Pasar de restricciones sustancia por sustancia a restricciones basadas en grupos Las prohibiciones son una recomendaci\u00f3n esencial que instamos al Gobierno a implementar. No podemos permitirnos m\u00e1s demoras mientras la contaminaci\u00f3n aumenta en nuestros r\u00edos y peces, lo que hace que el problema sea m\u00e1s costoso y dif\u00edcil de solucionar\u201d.<\/p>\n<h4 class=\"wp-block-heading\">Implicaciones para la salud de los r\u00edos y los ecosistemas<\/h4>\n<p>Los grupos ambientalistas han enfatizado que los sistemas acu\u00e1ticos ya est\u00e1n bajo presi\u00f3n por d\u00e9cadas de aportes de PFAS, con implicaciones para la biodiversidad y el funcionamiento de los ecosistemas.<\/p>\n<p>Teyah Payne, de Planet Patrol, dijo: &#8220;Nuestros r\u00edos ya est\u00e1n pagando el precio de d\u00e9cadas de contaminaci\u00f3n no controlada con PFAS. Estos qu\u00edmicos no desaparecen, se acumulan, se mueven a trav\u00e9s del agua, la vida silvestre y, en \u00faltima instancia, llegan a nosotros. Si realmente queremos restaurar la salud de los r\u00edos, debemos dejar de tratarlos como vertederos y comenzar a protegerlos como sistemas vivos&#8221;.<\/p>\n<p>La coalici\u00f3n de organizaciones insta a los ministros a adoptar las recomendaciones de la CAO en su totalidad, incluido un cronograma para la eliminaci\u00f3n gradual de usos no esenciales, el desarrollo de un marco de restricci\u00f3n integral y mecanismos para garantizar que los contaminadores contribuyan a los costos de remediaci\u00f3n.<\/p>\n<p>Fuente: Fuente: Adaptado de un comunicado de prensa publicado el 23 de abril de 2026 por Wildlife and Countryside Link: Deben prohibirse las sustancias qu\u00edmicas relacionadas con el c\u00e1ncer en productos desde sartenes hasta uniformes escolares<\/p>\n<p>Foto de Ryan Zazueta en Unsplash<\/p>\n<\/p><\/div>\n","protected":false},"excerpt":{"rendered":"<p>Las organizaciones ambientalistas han intensificado los llamados para una regulaci\u00f3n m\u00e1s estricta de las sustancias perfluoroalquiladas (PFAS) en el Reino Unido, luego de un informe<\/p>\n","protected":false},"author":1,"featured_media":8872,"comment_status":"closed","ping_status":"","sticky":false,"template":"","format":"standard","meta":{"footnotes":""},"categories":[68],"tags":[311,917,42,3438,925,34,62,29,1522,2508,1157],"class_list":["post-8871","post","type-post","status-publish","format-standard","has-post-thumbnail","hentry","category-fauna-y-flora","tag-aumenta","tag-cancer","tag-con","tag-eliminar","tag-hogares","tag-las","tag-los","tag-para","tag-pfas","tag-presion","tag-relacionadas","generate-columns","tablet-grid-50","mobile-grid-100","grid-parent","grid-50"],"yoast_head":"<!-- This site is optimized with the Yoast SEO plugin v23.4 - https:\/\/yoast.com\/wordpress\/plugins\/seo\/ -->\n<title>Aumenta la presi\u00f3n para eliminar las PFAS relacionadas con el c\u00e1ncer de los hogares... - Consejos - Santa Catarina<\/title>\n<meta name=\"robots\" content=\"index, follow, max-snippet:-1, max-image-preview:large, max-video-preview:-1\" \/>\n<link rel=\"canonical\" href=\"https:\/\/stacatarina.mx\/consejos\/aumenta-la-presion-para-eliminar-las-pfas-relacionadas-con-el-cancer-de-los-hogares\/\" \/>\n<meta property=\"og:locale\" content=\"es_MX\" \/>\n<meta property=\"og:type\" content=\"article\" \/>\n<meta property=\"og:title\" content=\"Aumenta la presi\u00f3n para eliminar las PFAS relacionadas con el c\u00e1ncer de los hogares... - Consejos - Santa Catarina\" \/>\n<meta property=\"og:description\" content=\"Las organizaciones ambientalistas han intensificado los llamados para una regulaci\u00f3n m\u00e1s estricta de las sustancias perfluoroalquiladas (PFAS) en el Reino Unido, luego de un informe\" \/>\n<meta property=\"og:url\" content=\"https:\/\/stacatarina.mx\/consejos\/aumenta-la-presion-para-eliminar-las-pfas-relacionadas-con-el-cancer-de-los-hogares\/\" \/>\n<meta property=\"og:site_name\" content=\"Santa Catarina\" \/>\n<meta property=\"article:publisher\" content=\"https:\/\/www.facebook.com\/stacatarinagob\/\" \/>\n<meta property=\"article:published_time\" content=\"2026-04-23T15:52:57+00:00\" \/>\n<meta property=\"article:modified_time\" content=\"2026-04-23T15:52:59+00:00\" \/>\n<meta property=\"og:image\" content=\"https:\/\/stacatarina.mx\/consejos\/wp-content\/uploads\/2026\/04\/Aumenta-la-presion-para-eliminar-las-PFAS-relacionadas-con-el.jpg\" \/>\n\t<meta property=\"og:image:width\" content=\"900\" \/>\n\t<meta property=\"og:image:height\" content=\"600\" \/>\n\t<meta property=\"og:image:type\" content=\"image\/jpeg\" \/>\n<meta name=\"author\" content=\"Pedro Mart\u00ednez\" \/>\n<meta name=\"twitter:card\" content=\"summary_large_image\" \/>\n<meta name=\"twitter:creator\" content=\"@stacatarinagob\" \/>\n<meta name=\"twitter:site\" content=\"@stacatarinagob\" \/>\n<meta name=\"twitter:label1\" content=\"Escrito por\" \/>\n\t<meta name=\"twitter:data1\" content=\"Pedro Mart\u00ednez\" \/>\n\t<meta name=\"twitter:label2\" content=\"Tiempo de lectura\" \/>\n\t<meta name=\"twitter:data2\" content=\"7 minutos\" \/>\n<script type=\"application\/ld+json\" class=\"yoast-schema-graph\">{\"@context\":\"https:\/\/schema.org\",\"@graph\":[{\"@type\":\"Article\",\"@id\":\"https:\/\/stacatarina.mx\/consejos\/aumenta-la-presion-para-eliminar-las-pfas-relacionadas-con-el-cancer-de-los-hogares\/#article\",\"isPartOf\":{\"@id\":\"https:\/\/stacatarina.mx\/consejos\/aumenta-la-presion-para-eliminar-las-pfas-relacionadas-con-el-cancer-de-los-hogares\/\"},\"author\":{\"name\":\"Pedro Mart\u00ednez\",\"@id\":\"https:\/\/stacatarina.mx\/consejos\/#\/schema\/person\/0be60adffa8e4c4d0828fdf021450e8a\"},\"headline\":\"Aumenta la presi\u00f3n para eliminar las PFAS relacionadas con el c\u00e1ncer de los hogares&#8230;\",\"datePublished\":\"2026-04-23T15:52:57+00:00\",\"dateModified\":\"2026-04-23T15:52:59+00:00\",\"mainEntityOfPage\":{\"@id\":\"https:\/\/stacatarina.mx\/consejos\/aumenta-la-presion-para-eliminar-las-pfas-relacionadas-con-el-cancer-de-los-hogares\/\"},\"wordCount\":1399,\"publisher\":{\"@id\":\"https:\/\/stacatarina.mx\/consejos\/#organization\"},\"image\":{\"@id\":\"https:\/\/stacatarina.mx\/consejos\/aumenta-la-presion-para-eliminar-las-pfas-relacionadas-con-el-cancer-de-los-hogares\/#primaryimage\"},\"thumbnailUrl\":\"https:\/\/stacatarina.mx\/consejos\/wp-content\/uploads\/2026\/04\/Aumenta-la-presion-para-eliminar-las-PFAS-relacionadas-con-el.jpg\",\"keywords\":[\"aumenta\",\"C\u00e1ncer\",\"con\",\"Eliminar\",\"hogares\",\"Las\",\"los\",\"para\",\"Pfas\",\"presi\u00f3n\",\"relacionadas\"],\"articleSection\":[\"Fauna y Flora\"],\"inLanguage\":\"es\"},{\"@type\":\"WebPage\",\"@id\":\"https:\/\/stacatarina.mx\/consejos\/aumenta-la-presion-para-eliminar-las-pfas-relacionadas-con-el-cancer-de-los-hogares\/\",\"url\":\"https:\/\/stacatarina.mx\/consejos\/aumenta-la-presion-para-eliminar-las-pfas-relacionadas-con-el-cancer-de-los-hogares\/\",\"name\":\"Aumenta la presi\u00f3n para eliminar las PFAS relacionadas con el c\u00e1ncer de los hogares... - Consejos - Santa Catarina\",\"isPartOf\":{\"@id\":\"https:\/\/stacatarina.mx\/consejos\/#website\"},\"primaryImageOfPage\":{\"@id\":\"https:\/\/stacatarina.mx\/consejos\/aumenta-la-presion-para-eliminar-las-pfas-relacionadas-con-el-cancer-de-los-hogares\/#primaryimage\"},\"image\":{\"@id\":\"https:\/\/stacatarina.mx\/consejos\/aumenta-la-presion-para-eliminar-las-pfas-relacionadas-con-el-cancer-de-los-hogares\/#primaryimage\"},\"thumbnailUrl\":\"https:\/\/stacatarina.mx\/consejos\/wp-content\/uploads\/2026\/04\/Aumenta-la-presion-para-eliminar-las-PFAS-relacionadas-con-el.jpg\",\"datePublished\":\"2026-04-23T15:52:57+00:00\",\"dateModified\":\"2026-04-23T15:52:59+00:00\",\"breadcrumb\":{\"@id\":\"https:\/\/stacatarina.mx\/consejos\/aumenta-la-presion-para-eliminar-las-pfas-relacionadas-con-el-cancer-de-los-hogares\/#breadcrumb\"},\"inLanguage\":\"es\",\"potentialAction\":[{\"@type\":\"ReadAction\",\"target\":[\"https:\/\/stacatarina.mx\/consejos\/aumenta-la-presion-para-eliminar-las-pfas-relacionadas-con-el-cancer-de-los-hogares\/\"]}]},{\"@type\":\"ImageObject\",\"inLanguage\":\"es\",\"@id\":\"https:\/\/stacatarina.mx\/consejos\/aumenta-la-presion-para-eliminar-las-pfas-relacionadas-con-el-cancer-de-los-hogares\/#primaryimage\",\"url\":\"https:\/\/stacatarina.mx\/consejos\/wp-content\/uploads\/2026\/04\/Aumenta-la-presion-para-eliminar-las-PFAS-relacionadas-con-el.jpg\",\"contentUrl\":\"https:\/\/stacatarina.mx\/consejos\/wp-content\/uploads\/2026\/04\/Aumenta-la-presion-para-eliminar-las-PFAS-relacionadas-con-el.jpg\",\"width\":900,\"height\":600,\"caption\":\"Pressure mounts to eliminate cancer-linked PFAS from household items and textiles\"},{\"@type\":\"BreadcrumbList\",\"@id\":\"https:\/\/stacatarina.mx\/consejos\/aumenta-la-presion-para-eliminar-las-pfas-relacionadas-con-el-cancer-de-los-hogares\/#breadcrumb\",\"itemListElement\":[{\"@type\":\"ListItem\",\"position\":1,\"name\":\"Inicio\",\"item\":\"https:\/\/stacatarina.mx\/consejos\/\"},{\"@type\":\"ListItem\",\"position\":2,\"name\":\"Aumenta la presi\u00f3n para eliminar las PFAS relacionadas con el c\u00e1ncer de los hogares&#8230;\"}]},{\"@type\":\"WebSite\",\"@id\":\"https:\/\/stacatarina.mx\/consejos\/#website\",\"url\":\"https:\/\/stacatarina.mx\/consejos\/\",\"name\":\"Santa Catarina\",\"description\":\"\",\"publisher\":{\"@id\":\"https:\/\/stacatarina.mx\/consejos\/#organization\"},\"potentialAction\":[{\"@type\":\"SearchAction\",\"target\":{\"@type\":\"EntryPoint\",\"urlTemplate\":\"https:\/\/stacatarina.mx\/consejos\/?s={search_term_string}\"},\"query-input\":{\"@type\":\"PropertyValueSpecification\",\"valueRequired\":true,\"valueName\":\"search_term_string\"}}],\"inLanguage\":\"es\"},{\"@type\":\"Organization\",\"@id\":\"https:\/\/stacatarina.mx\/consejos\/#organization\",\"name\":\"Santa Catarina\",\"url\":\"https:\/\/stacatarina.mx\/consejos\/\",\"logo\":{\"@type\":\"ImageObject\",\"inLanguage\":\"es\",\"@id\":\"https:\/\/stacatarina.mx\/consejos\/#\/schema\/logo\/image\/\",\"url\":\"https:\/\/stacatarina.mx\/consejos\/wp-content\/uploads\/2024\/09\/cropped-favicon-1-1.png\",\"contentUrl\":\"https:\/\/stacatarina.mx\/consejos\/wp-content\/uploads\/2024\/09\/cropped-favicon-1-1.png\",\"width\":512,\"height\":512,\"caption\":\"Santa Catarina\"},\"image\":{\"@id\":\"https:\/\/stacatarina.mx\/consejos\/#\/schema\/logo\/image\/\"},\"sameAs\":[\"https:\/\/www.facebook.com\/stacatarinagob\/\",\"https:\/\/x.com\/stacatarinagob\",\"https:\/\/www.instagram.com\/stacatarinagob\/\",\"https:\/\/www.youtube.com\/channel\/UCK-6cQJL_904665N1_nLTWw\"]},{\"@type\":\"Person\",\"@id\":\"https:\/\/stacatarina.mx\/consejos\/#\/schema\/person\/0be60adffa8e4c4d0828fdf021450e8a\",\"name\":\"Pedro Mart\u00ednez\",\"image\":{\"@type\":\"ImageObject\",\"inLanguage\":\"es\",\"@id\":\"https:\/\/stacatarina.mx\/consejos\/#\/schema\/person\/image\/\",\"url\":\"https:\/\/stacatarina.mx\/consejos\/wp-content\/uploads\/2024\/09\/stacatarina.jpg\",\"contentUrl\":\"https:\/\/stacatarina.mx\/consejos\/wp-content\/uploads\/2024\/09\/stacatarina.jpg\",\"caption\":\"Pedro Mart\u00ednez\"},\"description\":\"Hola, soy Pedro Mart\u00ednez, redactor jefe del sitio oficial del ayuntamiento de Santa Catarina, en M\u00e9xico. Con m\u00e1s de diez a\u00f1os de experiencia en el periodismo local, tengo una pasi\u00f3n por la investigaci\u00f3n y la difusi\u00f3n de informaci\u00f3n que valoriza nuestra hermosa comunidad. Mi compromiso es hacer de Santa Catarina una referencia en materia de transparencia y comunicaci\u00f3n municipal.\",\"sameAs\":[\"https:\/\/stacatarina.mx\/\"]}]}<\/script>\n<!-- \/ Yoast SEO plugin. -->","yoast_head_json":{"title":"Aumenta la presi\u00f3n para eliminar las PFAS relacionadas con el c\u00e1ncer de los hogares... - Consejos - Santa Catarina","robots":{"index":"index","follow":"follow","max-snippet":"max-snippet:-1","max-image-preview":"max-image-preview:large","max-video-preview":"max-video-preview:-1"},"canonical":"https:\/\/stacatarina.mx\/consejos\/aumenta-la-presion-para-eliminar-las-pfas-relacionadas-con-el-cancer-de-los-hogares\/","og_locale":"es_MX","og_type":"article","og_title":"Aumenta la presi\u00f3n para eliminar las PFAS relacionadas con el c\u00e1ncer de los hogares... - Consejos - Santa Catarina","og_description":"Las organizaciones ambientalistas han intensificado los llamados para una regulaci\u00f3n m\u00e1s estricta de las sustancias perfluoroalquiladas (PFAS) en el Reino Unido, luego de un informe","og_url":"https:\/\/stacatarina.mx\/consejos\/aumenta-la-presion-para-eliminar-las-pfas-relacionadas-con-el-cancer-de-los-hogares\/","og_site_name":"Santa Catarina","article_publisher":"https:\/\/www.facebook.com\/stacatarinagob\/","article_published_time":"2026-04-23T15:52:57+00:00","article_modified_time":"2026-04-23T15:52:59+00:00","og_image":[{"width":900,"height":600,"url":"https:\/\/stacatarina.mx\/consejos\/wp-content\/uploads\/2026\/04\/Aumenta-la-presion-para-eliminar-las-PFAS-relacionadas-con-el.jpg","type":"image\/jpeg"}],"author":"Pedro Mart\u00ednez","twitter_card":"summary_large_image","twitter_creator":"@stacatarinagob","twitter_site":"@stacatarinagob","twitter_misc":{"Escrito por":"Pedro Mart\u00ednez","Tiempo de lectura":"7 minutos"},"schema":{"@context":"https:\/\/schema.org","@graph":[{"@type":"Article","@id":"https:\/\/stacatarina.mx\/consejos\/aumenta-la-presion-para-eliminar-las-pfas-relacionadas-con-el-cancer-de-los-hogares\/#article","isPartOf":{"@id":"https:\/\/stacatarina.mx\/consejos\/aumenta-la-presion-para-eliminar-las-pfas-relacionadas-con-el-cancer-de-los-hogares\/"},"author":{"name":"Pedro Mart\u00ednez","@id":"https:\/\/stacatarina.mx\/consejos\/#\/schema\/person\/0be60adffa8e4c4d0828fdf021450e8a"},"headline":"Aumenta la presi\u00f3n para eliminar las PFAS relacionadas con el c\u00e1ncer de los hogares&#8230;","datePublished":"2026-04-23T15:52:57+00:00","dateModified":"2026-04-23T15:52:59+00:00","mainEntityOfPage":{"@id":"https:\/\/stacatarina.mx\/consejos\/aumenta-la-presion-para-eliminar-las-pfas-relacionadas-con-el-cancer-de-los-hogares\/"},"wordCount":1399,"publisher":{"@id":"https:\/\/stacatarina.mx\/consejos\/#organization"},"image":{"@id":"https:\/\/stacatarina.mx\/consejos\/aumenta-la-presion-para-eliminar-las-pfas-relacionadas-con-el-cancer-de-los-hogares\/#primaryimage"},"thumbnailUrl":"https:\/\/stacatarina.mx\/consejos\/wp-content\/uploads\/2026\/04\/Aumenta-la-presion-para-eliminar-las-PFAS-relacionadas-con-el.jpg","keywords":["aumenta","C\u00e1ncer","con","Eliminar","hogares","Las","los","para","Pfas","presi\u00f3n","relacionadas"],"articleSection":["Fauna y Flora"],"inLanguage":"es"},{"@type":"WebPage","@id":"https:\/\/stacatarina.mx\/consejos\/aumenta-la-presion-para-eliminar-las-pfas-relacionadas-con-el-cancer-de-los-hogares\/","url":"https:\/\/stacatarina.mx\/consejos\/aumenta-la-presion-para-eliminar-las-pfas-relacionadas-con-el-cancer-de-los-hogares\/","name":"Aumenta la presi\u00f3n para eliminar las PFAS relacionadas con el c\u00e1ncer de los hogares... - Consejos - Santa Catarina","isPartOf":{"@id":"https:\/\/stacatarina.mx\/consejos\/#website"},"primaryImageOfPage":{"@id":"https:\/\/stacatarina.mx\/consejos\/aumenta-la-presion-para-eliminar-las-pfas-relacionadas-con-el-cancer-de-los-hogares\/#primaryimage"},"image":{"@id":"https:\/\/stacatarina.mx\/consejos\/aumenta-la-presion-para-eliminar-las-pfas-relacionadas-con-el-cancer-de-los-hogares\/#primaryimage"},"thumbnailUrl":"https:\/\/stacatarina.mx\/consejos\/wp-content\/uploads\/2026\/04\/Aumenta-la-presion-para-eliminar-las-PFAS-relacionadas-con-el.jpg","datePublished":"2026-04-23T15:52:57+00:00","dateModified":"2026-04-23T15:52:59+00:00","breadcrumb":{"@id":"https:\/\/stacatarina.mx\/consejos\/aumenta-la-presion-para-eliminar-las-pfas-relacionadas-con-el-cancer-de-los-hogares\/#breadcrumb"},"inLanguage":"es","potentialAction":[{"@type":"ReadAction","target":["https:\/\/stacatarina.mx\/consejos\/aumenta-la-presion-para-eliminar-las-pfas-relacionadas-con-el-cancer-de-los-hogares\/"]}]},{"@type":"ImageObject","inLanguage":"es","@id":"https:\/\/stacatarina.mx\/consejos\/aumenta-la-presion-para-eliminar-las-pfas-relacionadas-con-el-cancer-de-los-hogares\/#primaryimage","url":"https:\/\/stacatarina.mx\/consejos\/wp-content\/uploads\/2026\/04\/Aumenta-la-presion-para-eliminar-las-PFAS-relacionadas-con-el.jpg","contentUrl":"https:\/\/stacatarina.mx\/consejos\/wp-content\/uploads\/2026\/04\/Aumenta-la-presion-para-eliminar-las-PFAS-relacionadas-con-el.jpg","width":900,"height":600,"caption":"Pressure mounts to eliminate cancer-linked PFAS from household items and textiles"},{"@type":"BreadcrumbList","@id":"https:\/\/stacatarina.mx\/consejos\/aumenta-la-presion-para-eliminar-las-pfas-relacionadas-con-el-cancer-de-los-hogares\/#breadcrumb","itemListElement":[{"@type":"ListItem","position":1,"name":"Inicio","item":"https:\/\/stacatarina.mx\/consejos\/"},{"@type":"ListItem","position":2,"name":"Aumenta la presi\u00f3n para eliminar las PFAS relacionadas con el c\u00e1ncer de los hogares&#8230;"}]},{"@type":"WebSite","@id":"https:\/\/stacatarina.mx\/consejos\/#website","url":"https:\/\/stacatarina.mx\/consejos\/","name":"Santa Catarina","description":"","publisher":{"@id":"https:\/\/stacatarina.mx\/consejos\/#organization"},"potentialAction":[{"@type":"SearchAction","target":{"@type":"EntryPoint","urlTemplate":"https:\/\/stacatarina.mx\/consejos\/?s={search_term_string}"},"query-input":{"@type":"PropertyValueSpecification","valueRequired":true,"valueName":"search_term_string"}}],"inLanguage":"es"},{"@type":"Organization","@id":"https:\/\/stacatarina.mx\/consejos\/#organization","name":"Santa Catarina","url":"https:\/\/stacatarina.mx\/consejos\/","logo":{"@type":"ImageObject","inLanguage":"es","@id":"https:\/\/stacatarina.mx\/consejos\/#\/schema\/logo\/image\/","url":"https:\/\/stacatarina.mx\/consejos\/wp-content\/uploads\/2024\/09\/cropped-favicon-1-1.png","contentUrl":"https:\/\/stacatarina.mx\/consejos\/wp-content\/uploads\/2024\/09\/cropped-favicon-1-1.png","width":512,"height":512,"caption":"Santa Catarina"},"image":{"@id":"https:\/\/stacatarina.mx\/consejos\/#\/schema\/logo\/image\/"},"sameAs":["https:\/\/www.facebook.com\/stacatarinagob\/","https:\/\/x.com\/stacatarinagob","https:\/\/www.instagram.com\/stacatarinagob\/","https:\/\/www.youtube.com\/channel\/UCK-6cQJL_904665N1_nLTWw"]},{"@type":"Person","@id":"https:\/\/stacatarina.mx\/consejos\/#\/schema\/person\/0be60adffa8e4c4d0828fdf021450e8a","name":"Pedro Mart\u00ednez","image":{"@type":"ImageObject","inLanguage":"es","@id":"https:\/\/stacatarina.mx\/consejos\/#\/schema\/person\/image\/","url":"https:\/\/stacatarina.mx\/consejos\/wp-content\/uploads\/2024\/09\/stacatarina.jpg","contentUrl":"https:\/\/stacatarina.mx\/consejos\/wp-content\/uploads\/2024\/09\/stacatarina.jpg","caption":"Pedro Mart\u00ednez"},"description":"Hola, soy Pedro Mart\u00ednez, redactor jefe del sitio oficial del ayuntamiento de Santa Catarina, en M\u00e9xico. Con m\u00e1s de diez a\u00f1os de experiencia en el periodismo local, tengo una pasi\u00f3n por la investigaci\u00f3n y la difusi\u00f3n de informaci\u00f3n que valoriza nuestra hermosa comunidad. Mi compromiso es hacer de Santa Catarina una referencia en materia de transparencia y comunicaci\u00f3n municipal.","sameAs":["https:\/\/stacatarina.mx\/"]}]}},"_links":{"self":[{"href":"https:\/\/stacatarina.mx\/consejos\/wp-json\/wp\/v2\/posts\/8871"}],"collection":[{"href":"https:\/\/stacatarina.mx\/consejos\/wp-json\/wp\/v2\/posts"}],"about":[{"href":"https:\/\/stacatarina.mx\/consejos\/wp-json\/wp\/v2\/types\/post"}],"author":[{"embeddable":true,"href":"https:\/\/stacatarina.mx\/consejos\/wp-json\/wp\/v2\/users\/1"}],"replies":[{"embeddable":true,"href":"https:\/\/stacatarina.mx\/consejos\/wp-json\/wp\/v2\/comments?post=8871"}],"version-history":[{"count":1,"href":"https:\/\/stacatarina.mx\/consejos\/wp-json\/wp\/v2\/posts\/8871\/revisions"}],"predecessor-version":[{"id":8873,"href":"https:\/\/stacatarina.mx\/consejos\/wp-json\/wp\/v2\/posts\/8871\/revisions\/8873"}],"wp:featuredmedia":[{"embeddable":true,"href":"https:\/\/stacatarina.mx\/consejos\/wp-json\/wp\/v2\/media\/8872"}],"wp:attachment":[{"href":"https:\/\/stacatarina.mx\/consejos\/wp-json\/wp\/v2\/media?parent=8871"}],"wp:term":[{"taxonomy":"category","embeddable":true,"href":"https:\/\/stacatarina.mx\/consejos\/wp-json\/wp\/v2\/categories?post=8871"},{"taxonomy":"post_tag","embeddable":true,"href":"https:\/\/stacatarina.mx\/consejos\/wp-json\/wp\/v2\/tags?post=8871"}],"curies":[{"name":"wp","href":"https:\/\/api.w.org\/{rel}","templated":true}]}}