{"id":8879,"date":"2026-04-24T00:52:56","date_gmt":"2026-04-24T06:52:56","guid":{"rendered":"https:\/\/stacatarina.mx\/consejos\/desaparecidos-las-foi-revelan-que-25-millones-de-pollos-estan-desaparecidos-en\/"},"modified":"2026-04-24T00:52:59","modified_gmt":"2026-04-24T06:52:59","slug":"desaparecidos-las-foi-revelan-que-25-millones-de-pollos-estan-desaparecidos-en","status":"publish","type":"post","link":"https:\/\/stacatarina.mx\/consejos\/desaparecidos-las-foi-revelan-que-25-millones-de-pollos-estan-desaparecidos-en\/","title":{"rendered":"Desaparecidos: las FOI revelan que 25 millones de pollos est\u00e1n desaparecidos en&#8230;"},"content":{"rendered":"<div class=\"entry-content\">\n<p>La brecha en las cifras de aves de corral podr\u00eda tener enormes impactos en la contaminaci\u00f3n de los r\u00edos y el uso de la tierra, dice The Wildlife Trusts<\/p>\n<p>Un nuevo informe publicado hoy por The Wildlife Trusts ha descubierto importantes imprecisiones en los datos av\u00edcolas utilizados para informar las pol\u00edticas gubernamentales sobre tierras, esti\u00e9rcol y gesti\u00f3n de la contaminaci\u00f3n en Inglaterra.<\/p>\n<p>El informe,<em> Contando pollos: un an\u00e1lisis del n\u00famero de aves de corral en el Reino Unido.<\/em><em> <\/em>arroja nueva luz sobre la escala del sector av\u00edcola en Inglaterra, particularmente en los puntos cr\u00edticos de cr\u00eda de pollos de Lincolnshire, Norfolk, Shropshire y Herefordshire. Esto sigue a numerosas solicitudes de Libertad de Informaci\u00f3n (FOI) y an\u00e1lisis de otros conjuntos de datos oficiales que revelan importantes discrepancias en la cantidad de pollos supuestamente alojados en las \u00e1reas.<sup> (1)<\/sup><\/p>\n<p>El informe muestra que un n\u00famero muy significativo de pollos (al menos 25 millones de aves) actualmente no figuran en los datos utilizados por los departamentos gubernamentales s\u00f3lo en los cuatro condados. Si la magnitud de la inexactitud se reflejara a nivel del Reino Unido, podr\u00eda significar que actualmente hay m\u00e1s de 67 millones de aves desaparecidas.<\/p>\n<p>Los Wildlife Trusts creen que se est\u00e1n utilizando cifras enga\u00f1osas para informar las pol\u00edticas gubernamentales sobre la tierra, el medio ambiente y la contaminaci\u00f3n de los r\u00edos, y que tambi\u00e9n pueden afectar las decisiones tomadas sobre permisos y permisos de planificaci\u00f3n para operaciones av\u00edcolas adicionales. Esto podr\u00eda dar lugar a que se ignoren enormes impactos en la contaminaci\u00f3n del agua, la naturaleza y el uso de la tierra.  <\/p>\n<p>Por ejemplo, el informe demuestra que al no reconocer la verdadera escala de la cr\u00eda de pollos en Inglaterra, se estima que cada a\u00f1o no se declaran 185.189 metros c\u00fabicos (equivalentes a 74 piscinas ol\u00edmpicas adicionales) de esti\u00e9rcol de aves de corral. Estos desechos altamente concentrados se acumulan en el medio ambiente circundante, incluidas las v\u00edas fluviales, y contaminantes como el nitr\u00f3geno y el f\u00f3sforo tienen impactos negativos tanto en la calidad del agua como en la vida silvestre que vive en los r\u00edos.<\/p>\n<p><strong>Vicki Hird, l\u00edder estrat\u00e9gica en agricultura de The Wildlife Trusts dice:<\/strong><\/p>\n<p>&#8220;La evidencia es clara: las decisiones gubernamentales sobre los permisos de aves de corral, y el posterior uso de la tierra y los impactos de la contaminaci\u00f3n, se basan en datos enga\u00f1osos. Nuestra nueva investigaci\u00f3n muestra que s\u00f3lo en Inglaterra, estas imprecisiones podr\u00edan significar un recuento inferior de aves de corral en al menos un tercio, con enormes impactos en nuestro mundo natural, as\u00ed como en la salud de los r\u00edos y v\u00edas fluviales que todos disfrutamos para ba\u00f1arnos y beber agua&#8221;.<\/p>\n<p>Si no se controlan, los niveles industriales de desechos av\u00edcolas pueden tener impactos significativos en v\u00edas fluviales como los r\u00edos Wye y Severn, donde los niveles de nitratos y f\u00f3sforo del esti\u00e9rcol han causado un grave deterioro ecol\u00f3gico e impactos da\u00f1inos para las poblaciones de vida silvestre, incluido el salm\u00f3n del Atl\u00e1ntico en peligro de extinci\u00f3n. Los crecientes niveles de tierra necesarios, tanto en el Reino Unido como a nivel mundial, para alimentar a las aves de corral tambi\u00e9n tienen importantes impactos ambientales, especialmente debido a las grandes cantidades de pesticidas y fertilizantes necesarios para la producci\u00f3n de piensos.<\/p>\n<p>Estas cuestiones fueron destacadas en el informe anterior de The Wildlife Trusts,<em> Cuantificaci\u00f3n de los riesgos ambientales de la producci\u00f3n porcina y av\u00edcola en el Reino Unido, <\/em>cual<em> <\/em>mostr\u00f3 c\u00f3mo la producci\u00f3n av\u00edcola est\u00e1 altamente concentrada, con m\u00e1s de la mitad de los pollos de Inglaterra en s\u00f3lo 10 \u00e1reas del consejo.<\/p>\n<p>Las conclusiones combinadas de ambos informes han llevado a The Wildlife Trusts a pedir:<\/p>\n<ul class=\"wp-block-list\">\n<li><strong>Una revisi\u00f3n urgente de datos y pol\u00edticas:<\/strong> Se deben tomar medidas para garantizar que los datos sobre la poblaci\u00f3n de aves de corral del Reino Unido en los cuatro pa\u00edses sean precisos. Una revisi\u00f3n de todas las pol\u00edticas, regulaciones y medidas av\u00edcolas (incluidos los planes de crecimiento y las reglas y decisiones de planificaci\u00f3n a nivel local) debe funcionar para garantizar que se eviten riesgos y da\u00f1os, utilizando cifras correctas para informar las decisiones.<\/li>\n<li><strong>Reformar los reg\u00edmenes de permisos existentes:<\/strong> Es necesario reformar las evaluaciones de riesgos y los permisos ambientales de las unidades av\u00edcolas intensivas en el Reino Unido. Las unidades deben evaluarse y permitirse con precisi\u00f3n tanto en funci\u00f3n de su tama\u00f1o como de los impactos ambientales m\u00e1s amplios de los piensos y los excrementos, especialmente a la luz de los riesgos de contaminaci\u00f3n del agua.<\/li>\n<li><strong>Regulaci\u00f3n de la cadena alimentaria:<\/strong> Garantizar que las cadenas de suministro est\u00e9n reguladas e incentivadas para apoyar a los agricultores en la transici\u00f3n a un sistema av\u00edcola menos contaminante y m\u00e1s integrado.<\/li>\n<\/ul>\n<p><strong>Vicki Hird contin\u00faa:<\/strong><\/p>\n<p>&#8220;Con las discusiones en curso sobre las reformas h\u00eddricas y la rentabilidad del sector av\u00edcola, es esencial que el Gobierno garantice que se utilicen datos precisos para informar los cambios de pol\u00edticas y las acciones. Adem\u00e1s de esto, las reglas de permisos deben tener en cuenta el impacto m\u00e1s amplio de las unidades av\u00edcolas en el medio ambiente, mientras que los agricultores tambi\u00e9n deben recibir apoyo para la transici\u00f3n a pr\u00e1cticas menos contaminantes. S\u00f3lo entonces tendremos un sistema av\u00edcola que funcione para los agricultores, la vida silvestre y las personas en el futuro&#8221;.<\/p>\n<p><strong>Leer <em>Contando pollos: un an\u00e1lisis del n\u00famero de aves de corral en el Reino Unido <\/em>aqu\u00ed<\/strong><\/p>\n<\/p><\/div>\n","protected":false},"excerpt":{"rendered":"<p>La brecha en las cifras de aves de corral podr\u00eda tener enormes impactos en la contaminaci\u00f3n de los r\u00edos y el uso de la tierra,<\/p>\n","protected":false},"author":1,"featured_media":8880,"comment_status":"closed","ping_status":"","sticky":false,"template":"","format":"standard","meta":{"footnotes":""},"categories":[68],"tags":[4629,7962,201,8559,34,208,8549,3115],"class_list":["post-8879","post","type-post","status-publish","format-standard","has-post-thumbnail","hentry","category-fauna-y-flora","tag-desaparecidos","tag-en","tag-estan","tag-foi","tag-las","tag-millones","tag-pollos","tag-revelan","generate-columns","tablet-grid-50","mobile-grid-100","grid-parent","grid-50"],"yoast_head":"<!-- This site is optimized with the Yoast SEO plugin v23.4 - https:\/\/yoast.com\/wordpress\/plugins\/seo\/ -->\n<title>Desaparecidos: las FOI revelan que 25 millones de pollos est\u00e1n desaparecidos en... - Consejos - Santa Catarina<\/title>\n<meta name=\"robots\" content=\"index, follow, max-snippet:-1, max-image-preview:large, max-video-preview:-1\" \/>\n<link rel=\"canonical\" href=\"https:\/\/stacatarina.mx\/consejos\/desaparecidos-las-foi-revelan-que-25-millones-de-pollos-estan-desaparecidos-en\/\" \/>\n<meta property=\"og:locale\" content=\"es_MX\" \/>\n<meta property=\"og:type\" content=\"article\" \/>\n<meta property=\"og:title\" content=\"Desaparecidos: las FOI revelan que 25 millones de pollos est\u00e1n desaparecidos en... - Consejos - Santa Catarina\" \/>\n<meta property=\"og:description\" content=\"La brecha en las cifras de aves de corral podr\u00eda tener enormes impactos en la contaminaci\u00f3n de los r\u00edos y el uso de la tierra,\" \/>\n<meta property=\"og:url\" content=\"https:\/\/stacatarina.mx\/consejos\/desaparecidos-las-foi-revelan-que-25-millones-de-pollos-estan-desaparecidos-en\/\" \/>\n<meta property=\"og:site_name\" content=\"Santa Catarina\" \/>\n<meta property=\"article:publisher\" content=\"https:\/\/www.facebook.com\/stacatarinagob\/\" \/>\n<meta property=\"article:published_time\" content=\"2026-04-24T06:52:56+00:00\" \/>\n<meta property=\"article:modified_time\" content=\"2026-04-24T06:52:59+00:00\" \/>\n<meta property=\"og:image\" content=\"https:\/\/stacatarina.mx\/consejos\/wp-content\/uploads\/2026\/04\/Desaparecidos-las-FOI-revelan-que-25-millones-de-pollos-estan.jpg\" \/>\n\t<meta property=\"og:image:width\" content=\"900\" \/>\n\t<meta property=\"og:image:height\" content=\"601\" \/>\n\t<meta property=\"og:image:type\" content=\"image\/jpeg\" \/>\n<meta name=\"author\" content=\"Pedro Mart\u00ednez\" \/>\n<meta name=\"twitter:card\" content=\"summary_large_image\" \/>\n<meta name=\"twitter:creator\" content=\"@stacatarinagob\" \/>\n<meta name=\"twitter:site\" content=\"@stacatarinagob\" \/>\n<meta name=\"twitter:label1\" content=\"Escrito por\" \/>\n\t<meta name=\"twitter:data1\" content=\"Pedro Mart\u00ednez\" \/>\n\t<meta name=\"twitter:label2\" content=\"Tiempo de lectura\" \/>\n\t<meta name=\"twitter:data2\" content=\"5 minutos\" \/>\n<script type=\"application\/ld+json\" class=\"yoast-schema-graph\">{\"@context\":\"https:\/\/schema.org\",\"@graph\":[{\"@type\":\"Article\",\"@id\":\"https:\/\/stacatarina.mx\/consejos\/desaparecidos-las-foi-revelan-que-25-millones-de-pollos-estan-desaparecidos-en\/#article\",\"isPartOf\":{\"@id\":\"https:\/\/stacatarina.mx\/consejos\/desaparecidos-las-foi-revelan-que-25-millones-de-pollos-estan-desaparecidos-en\/\"},\"author\":{\"name\":\"Pedro Mart\u00ednez\",\"@id\":\"https:\/\/stacatarina.mx\/consejos\/#\/schema\/person\/0be60adffa8e4c4d0828fdf021450e8a\"},\"headline\":\"Desaparecidos: las FOI revelan que 25 millones de pollos est\u00e1n desaparecidos en&#8230;\",\"datePublished\":\"2026-04-24T06:52:56+00:00\",\"dateModified\":\"2026-04-24T06:52:59+00:00\",\"mainEntityOfPage\":{\"@id\":\"https:\/\/stacatarina.mx\/consejos\/desaparecidos-las-foi-revelan-que-25-millones-de-pollos-estan-desaparecidos-en\/\"},\"wordCount\":995,\"publisher\":{\"@id\":\"https:\/\/stacatarina.mx\/consejos\/#organization\"},\"image\":{\"@id\":\"https:\/\/stacatarina.mx\/consejos\/desaparecidos-las-foi-revelan-que-25-millones-de-pollos-estan-desaparecidos-en\/#primaryimage\"},\"thumbnailUrl\":\"https:\/\/stacatarina.mx\/consejos\/wp-content\/uploads\/2026\/04\/Desaparecidos-las-FOI-revelan-que-25-millones-de-pollos-estan.jpg\",\"keywords\":[\"desaparecidos\",\"en..\",\"est\u00e1n\",\"FOI\",\"Las\",\"millones\",\"Pollos\",\"revelan\"],\"articleSection\":[\"Fauna y Flora\"],\"inLanguage\":\"es\"},{\"@type\":\"WebPage\",\"@id\":\"https:\/\/stacatarina.mx\/consejos\/desaparecidos-las-foi-revelan-que-25-millones-de-pollos-estan-desaparecidos-en\/\",\"url\":\"https:\/\/stacatarina.mx\/consejos\/desaparecidos-las-foi-revelan-que-25-millones-de-pollos-estan-desaparecidos-en\/\",\"name\":\"Desaparecidos: las FOI revelan que 25 millones de pollos est\u00e1n desaparecidos en... - Consejos - Santa Catarina\",\"isPartOf\":{\"@id\":\"https:\/\/stacatarina.mx\/consejos\/#website\"},\"primaryImageOfPage\":{\"@id\":\"https:\/\/stacatarina.mx\/consejos\/desaparecidos-las-foi-revelan-que-25-millones-de-pollos-estan-desaparecidos-en\/#primaryimage\"},\"image\":{\"@id\":\"https:\/\/stacatarina.mx\/consejos\/desaparecidos-las-foi-revelan-que-25-millones-de-pollos-estan-desaparecidos-en\/#primaryimage\"},\"thumbnailUrl\":\"https:\/\/stacatarina.mx\/consejos\/wp-content\/uploads\/2026\/04\/Desaparecidos-las-FOI-revelan-que-25-millones-de-pollos-estan.jpg\",\"datePublished\":\"2026-04-24T06:52:56+00:00\",\"dateModified\":\"2026-04-24T06:52:59+00:00\",\"breadcrumb\":{\"@id\":\"https:\/\/stacatarina.mx\/consejos\/desaparecidos-las-foi-revelan-que-25-millones-de-pollos-estan-desaparecidos-en\/#breadcrumb\"},\"inLanguage\":\"es\",\"potentialAction\":[{\"@type\":\"ReadAction\",\"target\":[\"https:\/\/stacatarina.mx\/consejos\/desaparecidos-las-foi-revelan-que-25-millones-de-pollos-estan-desaparecidos-en\/\"]}]},{\"@type\":\"ImageObject\",\"inLanguage\":\"es\",\"@id\":\"https:\/\/stacatarina.mx\/consejos\/desaparecidos-las-foi-revelan-que-25-millones-de-pollos-estan-desaparecidos-en\/#primaryimage\",\"url\":\"https:\/\/stacatarina.mx\/consejos\/wp-content\/uploads\/2026\/04\/Desaparecidos-las-FOI-revelan-que-25-millones-de-pollos-estan.jpg\",\"contentUrl\":\"https:\/\/stacatarina.mx\/consejos\/wp-content\/uploads\/2026\/04\/Desaparecidos-las-FOI-revelan-que-25-millones-de-pollos-estan.jpg\",\"width\":900,\"height\":601,\"caption\":\"Missing \u2013 FOIs reveal 25 million chickens are unaccounted for in England\"},{\"@type\":\"BreadcrumbList\",\"@id\":\"https:\/\/stacatarina.mx\/consejos\/desaparecidos-las-foi-revelan-que-25-millones-de-pollos-estan-desaparecidos-en\/#breadcrumb\",\"itemListElement\":[{\"@type\":\"ListItem\",\"position\":1,\"name\":\"Inicio\",\"item\":\"https:\/\/stacatarina.mx\/consejos\/\"},{\"@type\":\"ListItem\",\"position\":2,\"name\":\"Desaparecidos: las FOI revelan que 25 millones de pollos est\u00e1n desaparecidos en&#8230;\"}]},{\"@type\":\"WebSite\",\"@id\":\"https:\/\/stacatarina.mx\/consejos\/#website\",\"url\":\"https:\/\/stacatarina.mx\/consejos\/\",\"name\":\"Santa Catarina\",\"description\":\"\",\"publisher\":{\"@id\":\"https:\/\/stacatarina.mx\/consejos\/#organization\"},\"potentialAction\":[{\"@type\":\"SearchAction\",\"target\":{\"@type\":\"EntryPoint\",\"urlTemplate\":\"https:\/\/stacatarina.mx\/consejos\/?s={search_term_string}\"},\"query-input\":{\"@type\":\"PropertyValueSpecification\",\"valueRequired\":true,\"valueName\":\"search_term_string\"}}],\"inLanguage\":\"es\"},{\"@type\":\"Organization\",\"@id\":\"https:\/\/stacatarina.mx\/consejos\/#organization\",\"name\":\"Santa Catarina\",\"url\":\"https:\/\/stacatarina.mx\/consejos\/\",\"logo\":{\"@type\":\"ImageObject\",\"inLanguage\":\"es\",\"@id\":\"https:\/\/stacatarina.mx\/consejos\/#\/schema\/logo\/image\/\",\"url\":\"https:\/\/stacatarina.mx\/consejos\/wp-content\/uploads\/2024\/09\/cropped-favicon-1-1.png\",\"contentUrl\":\"https:\/\/stacatarina.mx\/consejos\/wp-content\/uploads\/2024\/09\/cropped-favicon-1-1.png\",\"width\":512,\"height\":512,\"caption\":\"Santa Catarina\"},\"image\":{\"@id\":\"https:\/\/stacatarina.mx\/consejos\/#\/schema\/logo\/image\/\"},\"sameAs\":[\"https:\/\/www.facebook.com\/stacatarinagob\/\",\"https:\/\/x.com\/stacatarinagob\",\"https:\/\/www.instagram.com\/stacatarinagob\/\",\"https:\/\/www.youtube.com\/channel\/UCK-6cQJL_904665N1_nLTWw\"]},{\"@type\":\"Person\",\"@id\":\"https:\/\/stacatarina.mx\/consejos\/#\/schema\/person\/0be60adffa8e4c4d0828fdf021450e8a\",\"name\":\"Pedro Mart\u00ednez\",\"image\":{\"@type\":\"ImageObject\",\"inLanguage\":\"es\",\"@id\":\"https:\/\/stacatarina.mx\/consejos\/#\/schema\/person\/image\/\",\"url\":\"https:\/\/stacatarina.mx\/consejos\/wp-content\/uploads\/2024\/09\/stacatarina.jpg\",\"contentUrl\":\"https:\/\/stacatarina.mx\/consejos\/wp-content\/uploads\/2024\/09\/stacatarina.jpg\",\"caption\":\"Pedro Mart\u00ednez\"},\"description\":\"Hola, soy Pedro Mart\u00ednez, redactor jefe del sitio oficial del ayuntamiento de Santa Catarina, en M\u00e9xico. Con m\u00e1s de diez a\u00f1os de experiencia en el periodismo local, tengo una pasi\u00f3n por la investigaci\u00f3n y la difusi\u00f3n de informaci\u00f3n que valoriza nuestra hermosa comunidad. Mi compromiso es hacer de Santa Catarina una referencia en materia de transparencia y comunicaci\u00f3n municipal.\",\"sameAs\":[\"https:\/\/stacatarina.mx\/\"]}]}<\/script>\n<!-- \/ Yoast SEO plugin. -->","yoast_head_json":{"title":"Desaparecidos: las FOI revelan que 25 millones de pollos est\u00e1n desaparecidos en... - Consejos - Santa Catarina","robots":{"index":"index","follow":"follow","max-snippet":"max-snippet:-1","max-image-preview":"max-image-preview:large","max-video-preview":"max-video-preview:-1"},"canonical":"https:\/\/stacatarina.mx\/consejos\/desaparecidos-las-foi-revelan-que-25-millones-de-pollos-estan-desaparecidos-en\/","og_locale":"es_MX","og_type":"article","og_title":"Desaparecidos: las FOI revelan que 25 millones de pollos est\u00e1n desaparecidos en... - Consejos - Santa Catarina","og_description":"La brecha en las cifras de aves de corral podr\u00eda tener enormes impactos en la contaminaci\u00f3n de los r\u00edos y el uso de la tierra,","og_url":"https:\/\/stacatarina.mx\/consejos\/desaparecidos-las-foi-revelan-que-25-millones-de-pollos-estan-desaparecidos-en\/","og_site_name":"Santa Catarina","article_publisher":"https:\/\/www.facebook.com\/stacatarinagob\/","article_published_time":"2026-04-24T06:52:56+00:00","article_modified_time":"2026-04-24T06:52:59+00:00","og_image":[{"width":900,"height":601,"url":"https:\/\/stacatarina.mx\/consejos\/wp-content\/uploads\/2026\/04\/Desaparecidos-las-FOI-revelan-que-25-millones-de-pollos-estan.jpg","type":"image\/jpeg"}],"author":"Pedro Mart\u00ednez","twitter_card":"summary_large_image","twitter_creator":"@stacatarinagob","twitter_site":"@stacatarinagob","twitter_misc":{"Escrito por":"Pedro Mart\u00ednez","Tiempo de lectura":"5 minutos"},"schema":{"@context":"https:\/\/schema.org","@graph":[{"@type":"Article","@id":"https:\/\/stacatarina.mx\/consejos\/desaparecidos-las-foi-revelan-que-25-millones-de-pollos-estan-desaparecidos-en\/#article","isPartOf":{"@id":"https:\/\/stacatarina.mx\/consejos\/desaparecidos-las-foi-revelan-que-25-millones-de-pollos-estan-desaparecidos-en\/"},"author":{"name":"Pedro Mart\u00ednez","@id":"https:\/\/stacatarina.mx\/consejos\/#\/schema\/person\/0be60adffa8e4c4d0828fdf021450e8a"},"headline":"Desaparecidos: las FOI revelan que 25 millones de pollos est\u00e1n desaparecidos en&#8230;","datePublished":"2026-04-24T06:52:56+00:00","dateModified":"2026-04-24T06:52:59+00:00","mainEntityOfPage":{"@id":"https:\/\/stacatarina.mx\/consejos\/desaparecidos-las-foi-revelan-que-25-millones-de-pollos-estan-desaparecidos-en\/"},"wordCount":995,"publisher":{"@id":"https:\/\/stacatarina.mx\/consejos\/#organization"},"image":{"@id":"https:\/\/stacatarina.mx\/consejos\/desaparecidos-las-foi-revelan-que-25-millones-de-pollos-estan-desaparecidos-en\/#primaryimage"},"thumbnailUrl":"https:\/\/stacatarina.mx\/consejos\/wp-content\/uploads\/2026\/04\/Desaparecidos-las-FOI-revelan-que-25-millones-de-pollos-estan.jpg","keywords":["desaparecidos","en..","est\u00e1n","FOI","Las","millones","Pollos","revelan"],"articleSection":["Fauna y Flora"],"inLanguage":"es"},{"@type":"WebPage","@id":"https:\/\/stacatarina.mx\/consejos\/desaparecidos-las-foi-revelan-que-25-millones-de-pollos-estan-desaparecidos-en\/","url":"https:\/\/stacatarina.mx\/consejos\/desaparecidos-las-foi-revelan-que-25-millones-de-pollos-estan-desaparecidos-en\/","name":"Desaparecidos: las FOI revelan que 25 millones de pollos est\u00e1n desaparecidos en... - Consejos - Santa Catarina","isPartOf":{"@id":"https:\/\/stacatarina.mx\/consejos\/#website"},"primaryImageOfPage":{"@id":"https:\/\/stacatarina.mx\/consejos\/desaparecidos-las-foi-revelan-que-25-millones-de-pollos-estan-desaparecidos-en\/#primaryimage"},"image":{"@id":"https:\/\/stacatarina.mx\/consejos\/desaparecidos-las-foi-revelan-que-25-millones-de-pollos-estan-desaparecidos-en\/#primaryimage"},"thumbnailUrl":"https:\/\/stacatarina.mx\/consejos\/wp-content\/uploads\/2026\/04\/Desaparecidos-las-FOI-revelan-que-25-millones-de-pollos-estan.jpg","datePublished":"2026-04-24T06:52:56+00:00","dateModified":"2026-04-24T06:52:59+00:00","breadcrumb":{"@id":"https:\/\/stacatarina.mx\/consejos\/desaparecidos-las-foi-revelan-que-25-millones-de-pollos-estan-desaparecidos-en\/#breadcrumb"},"inLanguage":"es","potentialAction":[{"@type":"ReadAction","target":["https:\/\/stacatarina.mx\/consejos\/desaparecidos-las-foi-revelan-que-25-millones-de-pollos-estan-desaparecidos-en\/"]}]},{"@type":"ImageObject","inLanguage":"es","@id":"https:\/\/stacatarina.mx\/consejos\/desaparecidos-las-foi-revelan-que-25-millones-de-pollos-estan-desaparecidos-en\/#primaryimage","url":"https:\/\/stacatarina.mx\/consejos\/wp-content\/uploads\/2026\/04\/Desaparecidos-las-FOI-revelan-que-25-millones-de-pollos-estan.jpg","contentUrl":"https:\/\/stacatarina.mx\/consejos\/wp-content\/uploads\/2026\/04\/Desaparecidos-las-FOI-revelan-que-25-millones-de-pollos-estan.jpg","width":900,"height":601,"caption":"Missing \u2013 FOIs reveal 25 million chickens are unaccounted for in England"},{"@type":"BreadcrumbList","@id":"https:\/\/stacatarina.mx\/consejos\/desaparecidos-las-foi-revelan-que-25-millones-de-pollos-estan-desaparecidos-en\/#breadcrumb","itemListElement":[{"@type":"ListItem","position":1,"name":"Inicio","item":"https:\/\/stacatarina.mx\/consejos\/"},{"@type":"ListItem","position":2,"name":"Desaparecidos: las FOI revelan que 25 millones de pollos est\u00e1n desaparecidos en&#8230;"}]},{"@type":"WebSite","@id":"https:\/\/stacatarina.mx\/consejos\/#website","url":"https:\/\/stacatarina.mx\/consejos\/","name":"Santa Catarina","description":"","publisher":{"@id":"https:\/\/stacatarina.mx\/consejos\/#organization"},"potentialAction":[{"@type":"SearchAction","target":{"@type":"EntryPoint","urlTemplate":"https:\/\/stacatarina.mx\/consejos\/?s={search_term_string}"},"query-input":{"@type":"PropertyValueSpecification","valueRequired":true,"valueName":"search_term_string"}}],"inLanguage":"es"},{"@type":"Organization","@id":"https:\/\/stacatarina.mx\/consejos\/#organization","name":"Santa Catarina","url":"https:\/\/stacatarina.mx\/consejos\/","logo":{"@type":"ImageObject","inLanguage":"es","@id":"https:\/\/stacatarina.mx\/consejos\/#\/schema\/logo\/image\/","url":"https:\/\/stacatarina.mx\/consejos\/wp-content\/uploads\/2024\/09\/cropped-favicon-1-1.png","contentUrl":"https:\/\/stacatarina.mx\/consejos\/wp-content\/uploads\/2024\/09\/cropped-favicon-1-1.png","width":512,"height":512,"caption":"Santa Catarina"},"image":{"@id":"https:\/\/stacatarina.mx\/consejos\/#\/schema\/logo\/image\/"},"sameAs":["https:\/\/www.facebook.com\/stacatarinagob\/","https:\/\/x.com\/stacatarinagob","https:\/\/www.instagram.com\/stacatarinagob\/","https:\/\/www.youtube.com\/channel\/UCK-6cQJL_904665N1_nLTWw"]},{"@type":"Person","@id":"https:\/\/stacatarina.mx\/consejos\/#\/schema\/person\/0be60adffa8e4c4d0828fdf021450e8a","name":"Pedro Mart\u00ednez","image":{"@type":"ImageObject","inLanguage":"es","@id":"https:\/\/stacatarina.mx\/consejos\/#\/schema\/person\/image\/","url":"https:\/\/stacatarina.mx\/consejos\/wp-content\/uploads\/2024\/09\/stacatarina.jpg","contentUrl":"https:\/\/stacatarina.mx\/consejos\/wp-content\/uploads\/2024\/09\/stacatarina.jpg","caption":"Pedro Mart\u00ednez"},"description":"Hola, soy Pedro Mart\u00ednez, redactor jefe del sitio oficial del ayuntamiento de Santa Catarina, en M\u00e9xico. Con m\u00e1s de diez a\u00f1os de experiencia en el periodismo local, tengo una pasi\u00f3n por la investigaci\u00f3n y la difusi\u00f3n de informaci\u00f3n que valoriza nuestra hermosa comunidad. Mi compromiso es hacer de Santa Catarina una referencia en materia de transparencia y comunicaci\u00f3n municipal.","sameAs":["https:\/\/stacatarina.mx\/"]}]}},"_links":{"self":[{"href":"https:\/\/stacatarina.mx\/consejos\/wp-json\/wp\/v2\/posts\/8879"}],"collection":[{"href":"https:\/\/stacatarina.mx\/consejos\/wp-json\/wp\/v2\/posts"}],"about":[{"href":"https:\/\/stacatarina.mx\/consejos\/wp-json\/wp\/v2\/types\/post"}],"author":[{"embeddable":true,"href":"https:\/\/stacatarina.mx\/consejos\/wp-json\/wp\/v2\/users\/1"}],"replies":[{"embeddable":true,"href":"https:\/\/stacatarina.mx\/consejos\/wp-json\/wp\/v2\/comments?post=8879"}],"version-history":[{"count":1,"href":"https:\/\/stacatarina.mx\/consejos\/wp-json\/wp\/v2\/posts\/8879\/revisions"}],"predecessor-version":[{"id":8881,"href":"https:\/\/stacatarina.mx\/consejos\/wp-json\/wp\/v2\/posts\/8879\/revisions\/8881"}],"wp:featuredmedia":[{"embeddable":true,"href":"https:\/\/stacatarina.mx\/consejos\/wp-json\/wp\/v2\/media\/8880"}],"wp:attachment":[{"href":"https:\/\/stacatarina.mx\/consejos\/wp-json\/wp\/v2\/media?parent=8879"}],"wp:term":[{"taxonomy":"category","embeddable":true,"href":"https:\/\/stacatarina.mx\/consejos\/wp-json\/wp\/v2\/categories?post=8879"},{"taxonomy":"post_tag","embeddable":true,"href":"https:\/\/stacatarina.mx\/consejos\/wp-json\/wp\/v2\/tags?post=8879"}],"curies":[{"name":"wp","href":"https:\/\/api.w.org\/{rel}","templated":true}]}}