{"id":8882,"date":"2026-04-24T02:53:17","date_gmt":"2026-04-24T08:53:17","guid":{"rendered":"https:\/\/stacatarina.mx\/consejos\/esta-mozzarella-ecologica-ha-sido-retirada-del-mercado-porque-tiene-la-fecha-de-caducidad-equivocada-marca-y-lote-a-tener-en-cuenta\/"},"modified":"2026-04-24T02:53:19","modified_gmt":"2026-04-24T08:53:19","slug":"esta-mozzarella-ecologica-ha-sido-retirada-del-mercado-porque-tiene-la-fecha-de-caducidad-equivocada-marca-y-lote-a-tener-en-cuenta","status":"publish","type":"post","link":"https:\/\/stacatarina.mx\/consejos\/esta-mozzarella-ecologica-ha-sido-retirada-del-mercado-porque-tiene-la-fecha-de-caducidad-equivocada-marca-y-lote-a-tener-en-cuenta\/","title":{"rendered":"Esta mozzarella ecol\u00f3gica ha sido retirada del mercado porque tiene la fecha de caducidad equivocada: marca y lote a tener en cuenta"},"content":{"rendered":"<p>Una nueva alerta alimentaria ha sido comunicada por el Ministerio de Sanidad, que public\u00f3 un aviso sobre un lote de mozzarella en bolsa retirado del mercado por un problema de etiquetado. En este caso no se trata de contaminaci\u00f3n ni de cuerpos extra\u00f1os, sino de un error en la fecha de caducidad, un dato crucial para la seguridad alimentaria.<\/p>\n<p>El producto en cuesti\u00f3n es una mozzarella ecol\u00f3gica de la marca Am\u00f9 \u2013 Amorebio. La retirada fue iniciada directamente por el fabricante tras detectar que el embalaje indicaba una fecha de caducidad un mes m\u00e1s tarde que la real. Por lo tanto, los consumidores corren el riesgo de consumir el producto m\u00e1s all\u00e1 del l\u00edmite seguro.<\/p>\n<p>El error se refiere espec\u00edficamente al mes de vencimiento: en los paquetes aparece mayo en lugar de abril. Un detalle que, si se pasa por alto, podr\u00eda tener consecuencias, especialmente para un alimento fresco y muy perecedero como la mozzarella.<\/p>\n<h2>Todos los detalles de la mozzarella retirada<\/h2>\n<div id=\"attachment_1387752\" style=\"width: 652px\" class=\"wp-caption aligncenter\">\n<p id=\"caption-attachment-1387752\" class=\"wp-caption-text\">@Ministerio de Salud<\/p>\n<\/div>\n<p>Los packs a\u00fan presentes en las tiendas ya han sido retirados, pero es posible que algunos hayan sido adquiridos antes de la publicaci\u00f3n del aviso. Por este motivo, se invita a quien tenga en casa el producto con el lote indicado a comprobar atentamente la fecha y , que representa la fecha de caducidad real.<\/p>\n<p>Alternativamente, siempre es posible devolver la mozzarella al punto de venta para obtener un reembolso o una sustituci\u00f3n, incluso sin recibo, como es de esperar en estos casos.<\/p>\n","protected":false},"excerpt":{"rendered":"<p>Una nueva alerta alimentaria ha sido comunicada por el Ministerio de Sanidad, que public\u00f3 un aviso sobre un lote de mozzarella en bolsa retirado del<\/p>\n","protected":false},"author":1,"featured_media":5078,"comment_status":"closed","ping_status":"","sticky":false,"template":"","format":"standard","meta":{"footnotes":""},"categories":[762],"tags":[3253,552,23,1609,2962,110,3252,1568,1709,1027,5346,1863,1026,1861,551,944],"class_list":["post-8882","post","type-post","status-publish","format-standard","has-post-thumbnail","hentry","category-salud","tag-caducidad","tag-cuenta","tag-del","tag-ecologica","tag-equivocada","tag-esta","tag-fecha","tag-lote","tag-marca","tag-mercado","tag-mozzarella","tag-porque","tag-retirada","tag-sido","tag-tener","tag-tiene","generate-columns","tablet-grid-50","mobile-grid-100","grid-parent","grid-50"],"yoast_head":"<!-- This site is optimized with the Yoast SEO plugin v23.4 - https:\/\/yoast.com\/wordpress\/plugins\/seo\/ -->\n<title>Esta mozzarella ecol\u00f3gica ha sido retirada del mercado porque tiene la fecha de caducidad equivocada: marca y lote a tener en cuenta - Consejos - Santa Catarina<\/title>\n<meta name=\"robots\" content=\"index, follow, max-snippet:-1, max-image-preview:large, max-video-preview:-1\" \/>\n<link rel=\"canonical\" href=\"https:\/\/stacatarina.mx\/consejos\/esta-mozzarella-ecologica-ha-sido-retirada-del-mercado-porque-tiene-la-fecha-de-caducidad-equivocada-marca-y-lote-a-tener-en-cuenta\/\" \/>\n<meta property=\"og:locale\" content=\"es_MX\" \/>\n<meta property=\"og:type\" content=\"article\" \/>\n<meta property=\"og:title\" content=\"Esta mozzarella ecol\u00f3gica ha sido retirada del mercado porque tiene la fecha de caducidad equivocada: marca y lote a tener en cuenta - Consejos - Santa Catarina\" \/>\n<meta property=\"og:description\" content=\"Una nueva alerta alimentaria ha sido comunicada por el Ministerio de Sanidad, que public\u00f3 un aviso sobre un lote de mozzarella en bolsa retirado del\" \/>\n<meta property=\"og:url\" content=\"https:\/\/stacatarina.mx\/consejos\/esta-mozzarella-ecologica-ha-sido-retirada-del-mercado-porque-tiene-la-fecha-de-caducidad-equivocada-marca-y-lote-a-tener-en-cuenta\/\" \/>\n<meta property=\"og:site_name\" content=\"Santa Catarina\" \/>\n<meta property=\"article:publisher\" content=\"https:\/\/www.facebook.com\/stacatarinagob\/\" \/>\n<meta property=\"article:published_time\" content=\"2026-04-24T08:53:17+00:00\" \/>\n<meta property=\"article:modified_time\" content=\"2026-04-24T08:53:19+00:00\" \/>\n<meta property=\"og:image\" content=\"https:\/\/stacatarina.mx\/consejos\/wp-content\/uploads\/2025\/08\/1755600534_Recuerde-Granarolo-Mozzarelle-Vendido-por-Penny-Market-Conad-y-Carrefour.jpg\" \/>\n\t<meta property=\"og:image:width\" content=\"1500\" \/>\n\t<meta property=\"og:image:height\" content=\"1000\" \/>\n\t<meta property=\"og:image:type\" content=\"image\/jpeg\" \/>\n<meta name=\"author\" content=\"Pedro Mart\u00ednez\" \/>\n<meta name=\"twitter:card\" content=\"summary_large_image\" \/>\n<meta name=\"twitter:creator\" content=\"@stacatarinagob\" \/>\n<meta name=\"twitter:site\" content=\"@stacatarinagob\" \/>\n<meta name=\"twitter:label1\" content=\"Escrito por\" \/>\n\t<meta name=\"twitter:data1\" content=\"Pedro Mart\u00ednez\" \/>\n\t<meta name=\"twitter:label2\" content=\"Tiempo de lectura\" \/>\n\t<meta name=\"twitter:data2\" content=\"1 minuto\" \/>\n<script type=\"application\/ld+json\" class=\"yoast-schema-graph\">{\"@context\":\"https:\/\/schema.org\",\"@graph\":[{\"@type\":\"Article\",\"@id\":\"https:\/\/stacatarina.mx\/consejos\/esta-mozzarella-ecologica-ha-sido-retirada-del-mercado-porque-tiene-la-fecha-de-caducidad-equivocada-marca-y-lote-a-tener-en-cuenta\/#article\",\"isPartOf\":{\"@id\":\"https:\/\/stacatarina.mx\/consejos\/esta-mozzarella-ecologica-ha-sido-retirada-del-mercado-porque-tiene-la-fecha-de-caducidad-equivocada-marca-y-lote-a-tener-en-cuenta\/\"},\"author\":{\"name\":\"Pedro Mart\u00ednez\",\"@id\":\"https:\/\/stacatarina.mx\/consejos\/#\/schema\/person\/0be60adffa8e4c4d0828fdf021450e8a\"},\"headline\":\"Esta mozzarella ecol\u00f3gica ha sido retirada del mercado porque tiene la fecha de caducidad equivocada: marca y lote a tener en cuenta\",\"datePublished\":\"2026-04-24T08:53:17+00:00\",\"dateModified\":\"2026-04-24T08:53:19+00:00\",\"mainEntityOfPage\":{\"@id\":\"https:\/\/stacatarina.mx\/consejos\/esta-mozzarella-ecologica-ha-sido-retirada-del-mercado-porque-tiene-la-fecha-de-caducidad-equivocada-marca-y-lote-a-tener-en-cuenta\/\"},\"wordCount\":281,\"publisher\":{\"@id\":\"https:\/\/stacatarina.mx\/consejos\/#organization\"},\"image\":{\"@id\":\"https:\/\/stacatarina.mx\/consejos\/esta-mozzarella-ecologica-ha-sido-retirada-del-mercado-porque-tiene-la-fecha-de-caducidad-equivocada-marca-y-lote-a-tener-en-cuenta\/#primaryimage\"},\"thumbnailUrl\":\"https:\/\/stacatarina.mx\/consejos\/wp-content\/uploads\/2025\/08\/1755600534_Recuerde-Granarolo-Mozzarelle-Vendido-por-Penny-Market-Conad-y-Carrefour.jpg\",\"keywords\":[\"caducidad\",\"cuenta\",\"del\",\"ecol\u00f3gica\",\"equivocada\",\"esta\",\"fecha\",\"lote\",\"marca\",\"mercado\",\"mozzarella\",\"porque\",\"retirada\",\"sido\",\"tener\",\"tiene\"],\"articleSection\":[\"Salud\"],\"inLanguage\":\"es\"},{\"@type\":\"WebPage\",\"@id\":\"https:\/\/stacatarina.mx\/consejos\/esta-mozzarella-ecologica-ha-sido-retirada-del-mercado-porque-tiene-la-fecha-de-caducidad-equivocada-marca-y-lote-a-tener-en-cuenta\/\",\"url\":\"https:\/\/stacatarina.mx\/consejos\/esta-mozzarella-ecologica-ha-sido-retirada-del-mercado-porque-tiene-la-fecha-de-caducidad-equivocada-marca-y-lote-a-tener-en-cuenta\/\",\"name\":\"Esta mozzarella ecol\u00f3gica ha sido retirada del mercado porque tiene la fecha de caducidad equivocada: marca y lote a tener en cuenta - Consejos - Santa Catarina\",\"isPartOf\":{\"@id\":\"https:\/\/stacatarina.mx\/consejos\/#website\"},\"primaryImageOfPage\":{\"@id\":\"https:\/\/stacatarina.mx\/consejos\/esta-mozzarella-ecologica-ha-sido-retirada-del-mercado-porque-tiene-la-fecha-de-caducidad-equivocada-marca-y-lote-a-tener-en-cuenta\/#primaryimage\"},\"image\":{\"@id\":\"https:\/\/stacatarina.mx\/consejos\/esta-mozzarella-ecologica-ha-sido-retirada-del-mercado-porque-tiene-la-fecha-de-caducidad-equivocada-marca-y-lote-a-tener-en-cuenta\/#primaryimage\"},\"thumbnailUrl\":\"https:\/\/stacatarina.mx\/consejos\/wp-content\/uploads\/2025\/08\/1755600534_Recuerde-Granarolo-Mozzarelle-Vendido-por-Penny-Market-Conad-y-Carrefour.jpg\",\"datePublished\":\"2026-04-24T08:53:17+00:00\",\"dateModified\":\"2026-04-24T08:53:19+00:00\",\"breadcrumb\":{\"@id\":\"https:\/\/stacatarina.mx\/consejos\/esta-mozzarella-ecologica-ha-sido-retirada-del-mercado-porque-tiene-la-fecha-de-caducidad-equivocada-marca-y-lote-a-tener-en-cuenta\/#breadcrumb\"},\"inLanguage\":\"es\",\"potentialAction\":[{\"@type\":\"ReadAction\",\"target\":[\"https:\/\/stacatarina.mx\/consejos\/esta-mozzarella-ecologica-ha-sido-retirada-del-mercado-porque-tiene-la-fecha-de-caducidad-equivocada-marca-y-lote-a-tener-en-cuenta\/\"]}]},{\"@type\":\"ImageObject\",\"inLanguage\":\"es\",\"@id\":\"https:\/\/stacatarina.mx\/consejos\/esta-mozzarella-ecologica-ha-sido-retirada-del-mercado-porque-tiene-la-fecha-de-caducidad-equivocada-marca-y-lote-a-tener-en-cuenta\/#primaryimage\",\"url\":\"https:\/\/stacatarina.mx\/consejos\/wp-content\/uploads\/2025\/08\/1755600534_Recuerde-Granarolo-Mozzarelle-Vendido-por-Penny-Market-Conad-y-Carrefour.jpg\",\"contentUrl\":\"https:\/\/stacatarina.mx\/consejos\/wp-content\/uploads\/2025\/08\/1755600534_Recuerde-Granarolo-Mozzarelle-Vendido-por-Penny-Market-Conad-y-Carrefour.jpg\",\"width\":1500,\"height\":1000,\"caption\":\"allerta mozzarella\"},{\"@type\":\"BreadcrumbList\",\"@id\":\"https:\/\/stacatarina.mx\/consejos\/esta-mozzarella-ecologica-ha-sido-retirada-del-mercado-porque-tiene-la-fecha-de-caducidad-equivocada-marca-y-lote-a-tener-en-cuenta\/#breadcrumb\",\"itemListElement\":[{\"@type\":\"ListItem\",\"position\":1,\"name\":\"Inicio\",\"item\":\"https:\/\/stacatarina.mx\/consejos\/\"},{\"@type\":\"ListItem\",\"position\":2,\"name\":\"Esta mozzarella ecol\u00f3gica ha sido retirada del mercado porque tiene la fecha de caducidad equivocada: marca y lote a tener en cuenta\"}]},{\"@type\":\"WebSite\",\"@id\":\"https:\/\/stacatarina.mx\/consejos\/#website\",\"url\":\"https:\/\/stacatarina.mx\/consejos\/\",\"name\":\"Santa Catarina\",\"description\":\"\",\"publisher\":{\"@id\":\"https:\/\/stacatarina.mx\/consejos\/#organization\"},\"potentialAction\":[{\"@type\":\"SearchAction\",\"target\":{\"@type\":\"EntryPoint\",\"urlTemplate\":\"https:\/\/stacatarina.mx\/consejos\/?s={search_term_string}\"},\"query-input\":{\"@type\":\"PropertyValueSpecification\",\"valueRequired\":true,\"valueName\":\"search_term_string\"}}],\"inLanguage\":\"es\"},{\"@type\":\"Organization\",\"@id\":\"https:\/\/stacatarina.mx\/consejos\/#organization\",\"name\":\"Santa Catarina\",\"url\":\"https:\/\/stacatarina.mx\/consejos\/\",\"logo\":{\"@type\":\"ImageObject\",\"inLanguage\":\"es\",\"@id\":\"https:\/\/stacatarina.mx\/consejos\/#\/schema\/logo\/image\/\",\"url\":\"https:\/\/stacatarina.mx\/consejos\/wp-content\/uploads\/2024\/09\/cropped-favicon-1-1.png\",\"contentUrl\":\"https:\/\/stacatarina.mx\/consejos\/wp-content\/uploads\/2024\/09\/cropped-favicon-1-1.png\",\"width\":512,\"height\":512,\"caption\":\"Santa Catarina\"},\"image\":{\"@id\":\"https:\/\/stacatarina.mx\/consejos\/#\/schema\/logo\/image\/\"},\"sameAs\":[\"https:\/\/www.facebook.com\/stacatarinagob\/\",\"https:\/\/x.com\/stacatarinagob\",\"https:\/\/www.instagram.com\/stacatarinagob\/\",\"https:\/\/www.youtube.com\/channel\/UCK-6cQJL_904665N1_nLTWw\"]},{\"@type\":\"Person\",\"@id\":\"https:\/\/stacatarina.mx\/consejos\/#\/schema\/person\/0be60adffa8e4c4d0828fdf021450e8a\",\"name\":\"Pedro Mart\u00ednez\",\"image\":{\"@type\":\"ImageObject\",\"inLanguage\":\"es\",\"@id\":\"https:\/\/stacatarina.mx\/consejos\/#\/schema\/person\/image\/\",\"url\":\"https:\/\/stacatarina.mx\/consejos\/wp-content\/uploads\/2024\/09\/stacatarina.jpg\",\"contentUrl\":\"https:\/\/stacatarina.mx\/consejos\/wp-content\/uploads\/2024\/09\/stacatarina.jpg\",\"caption\":\"Pedro Mart\u00ednez\"},\"description\":\"Hola, soy Pedro Mart\u00ednez, redactor jefe del sitio oficial del ayuntamiento de Santa Catarina, en M\u00e9xico. Con m\u00e1s de diez a\u00f1os de experiencia en el periodismo local, tengo una pasi\u00f3n por la investigaci\u00f3n y la difusi\u00f3n de informaci\u00f3n que valoriza nuestra hermosa comunidad. Mi compromiso es hacer de Santa Catarina una referencia en materia de transparencia y comunicaci\u00f3n municipal.\",\"sameAs\":[\"https:\/\/stacatarina.mx\/\"]}]}<\/script>\n<!-- \/ Yoast SEO plugin. -->","yoast_head_json":{"title":"Esta mozzarella ecol\u00f3gica ha sido retirada del mercado porque tiene la fecha de caducidad equivocada: marca y lote a tener en cuenta - Consejos - Santa Catarina","robots":{"index":"index","follow":"follow","max-snippet":"max-snippet:-1","max-image-preview":"max-image-preview:large","max-video-preview":"max-video-preview:-1"},"canonical":"https:\/\/stacatarina.mx\/consejos\/esta-mozzarella-ecologica-ha-sido-retirada-del-mercado-porque-tiene-la-fecha-de-caducidad-equivocada-marca-y-lote-a-tener-en-cuenta\/","og_locale":"es_MX","og_type":"article","og_title":"Esta mozzarella ecol\u00f3gica ha sido retirada del mercado porque tiene la fecha de caducidad equivocada: marca y lote a tener en cuenta - Consejos - Santa Catarina","og_description":"Una nueva alerta alimentaria ha sido comunicada por el Ministerio de Sanidad, que public\u00f3 un aviso sobre un lote de mozzarella en bolsa retirado del","og_url":"https:\/\/stacatarina.mx\/consejos\/esta-mozzarella-ecologica-ha-sido-retirada-del-mercado-porque-tiene-la-fecha-de-caducidad-equivocada-marca-y-lote-a-tener-en-cuenta\/","og_site_name":"Santa Catarina","article_publisher":"https:\/\/www.facebook.com\/stacatarinagob\/","article_published_time":"2026-04-24T08:53:17+00:00","article_modified_time":"2026-04-24T08:53:19+00:00","og_image":[{"width":1500,"height":1000,"url":"https:\/\/stacatarina.mx\/consejos\/wp-content\/uploads\/2025\/08\/1755600534_Recuerde-Granarolo-Mozzarelle-Vendido-por-Penny-Market-Conad-y-Carrefour.jpg","type":"image\/jpeg"}],"author":"Pedro Mart\u00ednez","twitter_card":"summary_large_image","twitter_creator":"@stacatarinagob","twitter_site":"@stacatarinagob","twitter_misc":{"Escrito por":"Pedro Mart\u00ednez","Tiempo de lectura":"1 minuto"},"schema":{"@context":"https:\/\/schema.org","@graph":[{"@type":"Article","@id":"https:\/\/stacatarina.mx\/consejos\/esta-mozzarella-ecologica-ha-sido-retirada-del-mercado-porque-tiene-la-fecha-de-caducidad-equivocada-marca-y-lote-a-tener-en-cuenta\/#article","isPartOf":{"@id":"https:\/\/stacatarina.mx\/consejos\/esta-mozzarella-ecologica-ha-sido-retirada-del-mercado-porque-tiene-la-fecha-de-caducidad-equivocada-marca-y-lote-a-tener-en-cuenta\/"},"author":{"name":"Pedro Mart\u00ednez","@id":"https:\/\/stacatarina.mx\/consejos\/#\/schema\/person\/0be60adffa8e4c4d0828fdf021450e8a"},"headline":"Esta mozzarella ecol\u00f3gica ha sido retirada del mercado porque tiene la fecha de caducidad equivocada: marca y lote a tener en cuenta","datePublished":"2026-04-24T08:53:17+00:00","dateModified":"2026-04-24T08:53:19+00:00","mainEntityOfPage":{"@id":"https:\/\/stacatarina.mx\/consejos\/esta-mozzarella-ecologica-ha-sido-retirada-del-mercado-porque-tiene-la-fecha-de-caducidad-equivocada-marca-y-lote-a-tener-en-cuenta\/"},"wordCount":281,"publisher":{"@id":"https:\/\/stacatarina.mx\/consejos\/#organization"},"image":{"@id":"https:\/\/stacatarina.mx\/consejos\/esta-mozzarella-ecologica-ha-sido-retirada-del-mercado-porque-tiene-la-fecha-de-caducidad-equivocada-marca-y-lote-a-tener-en-cuenta\/#primaryimage"},"thumbnailUrl":"https:\/\/stacatarina.mx\/consejos\/wp-content\/uploads\/2025\/08\/1755600534_Recuerde-Granarolo-Mozzarelle-Vendido-por-Penny-Market-Conad-y-Carrefour.jpg","keywords":["caducidad","cuenta","del","ecol\u00f3gica","equivocada","esta","fecha","lote","marca","mercado","mozzarella","porque","retirada","sido","tener","tiene"],"articleSection":["Salud"],"inLanguage":"es"},{"@type":"WebPage","@id":"https:\/\/stacatarina.mx\/consejos\/esta-mozzarella-ecologica-ha-sido-retirada-del-mercado-porque-tiene-la-fecha-de-caducidad-equivocada-marca-y-lote-a-tener-en-cuenta\/","url":"https:\/\/stacatarina.mx\/consejos\/esta-mozzarella-ecologica-ha-sido-retirada-del-mercado-porque-tiene-la-fecha-de-caducidad-equivocada-marca-y-lote-a-tener-en-cuenta\/","name":"Esta mozzarella ecol\u00f3gica ha sido retirada del mercado porque tiene la fecha de caducidad equivocada: marca y lote a tener en cuenta - Consejos - Santa Catarina","isPartOf":{"@id":"https:\/\/stacatarina.mx\/consejos\/#website"},"primaryImageOfPage":{"@id":"https:\/\/stacatarina.mx\/consejos\/esta-mozzarella-ecologica-ha-sido-retirada-del-mercado-porque-tiene-la-fecha-de-caducidad-equivocada-marca-y-lote-a-tener-en-cuenta\/#primaryimage"},"image":{"@id":"https:\/\/stacatarina.mx\/consejos\/esta-mozzarella-ecologica-ha-sido-retirada-del-mercado-porque-tiene-la-fecha-de-caducidad-equivocada-marca-y-lote-a-tener-en-cuenta\/#primaryimage"},"thumbnailUrl":"https:\/\/stacatarina.mx\/consejos\/wp-content\/uploads\/2025\/08\/1755600534_Recuerde-Granarolo-Mozzarelle-Vendido-por-Penny-Market-Conad-y-Carrefour.jpg","datePublished":"2026-04-24T08:53:17+00:00","dateModified":"2026-04-24T08:53:19+00:00","breadcrumb":{"@id":"https:\/\/stacatarina.mx\/consejos\/esta-mozzarella-ecologica-ha-sido-retirada-del-mercado-porque-tiene-la-fecha-de-caducidad-equivocada-marca-y-lote-a-tener-en-cuenta\/#breadcrumb"},"inLanguage":"es","potentialAction":[{"@type":"ReadAction","target":["https:\/\/stacatarina.mx\/consejos\/esta-mozzarella-ecologica-ha-sido-retirada-del-mercado-porque-tiene-la-fecha-de-caducidad-equivocada-marca-y-lote-a-tener-en-cuenta\/"]}]},{"@type":"ImageObject","inLanguage":"es","@id":"https:\/\/stacatarina.mx\/consejos\/esta-mozzarella-ecologica-ha-sido-retirada-del-mercado-porque-tiene-la-fecha-de-caducidad-equivocada-marca-y-lote-a-tener-en-cuenta\/#primaryimage","url":"https:\/\/stacatarina.mx\/consejos\/wp-content\/uploads\/2025\/08\/1755600534_Recuerde-Granarolo-Mozzarelle-Vendido-por-Penny-Market-Conad-y-Carrefour.jpg","contentUrl":"https:\/\/stacatarina.mx\/consejos\/wp-content\/uploads\/2025\/08\/1755600534_Recuerde-Granarolo-Mozzarelle-Vendido-por-Penny-Market-Conad-y-Carrefour.jpg","width":1500,"height":1000,"caption":"allerta mozzarella"},{"@type":"BreadcrumbList","@id":"https:\/\/stacatarina.mx\/consejos\/esta-mozzarella-ecologica-ha-sido-retirada-del-mercado-porque-tiene-la-fecha-de-caducidad-equivocada-marca-y-lote-a-tener-en-cuenta\/#breadcrumb","itemListElement":[{"@type":"ListItem","position":1,"name":"Inicio","item":"https:\/\/stacatarina.mx\/consejos\/"},{"@type":"ListItem","position":2,"name":"Esta mozzarella ecol\u00f3gica ha sido retirada del mercado porque tiene la fecha de caducidad equivocada: marca y lote a tener en cuenta"}]},{"@type":"WebSite","@id":"https:\/\/stacatarina.mx\/consejos\/#website","url":"https:\/\/stacatarina.mx\/consejos\/","name":"Santa Catarina","description":"","publisher":{"@id":"https:\/\/stacatarina.mx\/consejos\/#organization"},"potentialAction":[{"@type":"SearchAction","target":{"@type":"EntryPoint","urlTemplate":"https:\/\/stacatarina.mx\/consejos\/?s={search_term_string}"},"query-input":{"@type":"PropertyValueSpecification","valueRequired":true,"valueName":"search_term_string"}}],"inLanguage":"es"},{"@type":"Organization","@id":"https:\/\/stacatarina.mx\/consejos\/#organization","name":"Santa Catarina","url":"https:\/\/stacatarina.mx\/consejos\/","logo":{"@type":"ImageObject","inLanguage":"es","@id":"https:\/\/stacatarina.mx\/consejos\/#\/schema\/logo\/image\/","url":"https:\/\/stacatarina.mx\/consejos\/wp-content\/uploads\/2024\/09\/cropped-favicon-1-1.png","contentUrl":"https:\/\/stacatarina.mx\/consejos\/wp-content\/uploads\/2024\/09\/cropped-favicon-1-1.png","width":512,"height":512,"caption":"Santa Catarina"},"image":{"@id":"https:\/\/stacatarina.mx\/consejos\/#\/schema\/logo\/image\/"},"sameAs":["https:\/\/www.facebook.com\/stacatarinagob\/","https:\/\/x.com\/stacatarinagob","https:\/\/www.instagram.com\/stacatarinagob\/","https:\/\/www.youtube.com\/channel\/UCK-6cQJL_904665N1_nLTWw"]},{"@type":"Person","@id":"https:\/\/stacatarina.mx\/consejos\/#\/schema\/person\/0be60adffa8e4c4d0828fdf021450e8a","name":"Pedro Mart\u00ednez","image":{"@type":"ImageObject","inLanguage":"es","@id":"https:\/\/stacatarina.mx\/consejos\/#\/schema\/person\/image\/","url":"https:\/\/stacatarina.mx\/consejos\/wp-content\/uploads\/2024\/09\/stacatarina.jpg","contentUrl":"https:\/\/stacatarina.mx\/consejos\/wp-content\/uploads\/2024\/09\/stacatarina.jpg","caption":"Pedro Mart\u00ednez"},"description":"Hola, soy Pedro Mart\u00ednez, redactor jefe del sitio oficial del ayuntamiento de Santa Catarina, en M\u00e9xico. Con m\u00e1s de diez a\u00f1os de experiencia en el periodismo local, tengo una pasi\u00f3n por la investigaci\u00f3n y la difusi\u00f3n de informaci\u00f3n que valoriza nuestra hermosa comunidad. Mi compromiso es hacer de Santa Catarina una referencia en materia de transparencia y comunicaci\u00f3n municipal.","sameAs":["https:\/\/stacatarina.mx\/"]}]}},"_links":{"self":[{"href":"https:\/\/stacatarina.mx\/consejos\/wp-json\/wp\/v2\/posts\/8882"}],"collection":[{"href":"https:\/\/stacatarina.mx\/consejos\/wp-json\/wp\/v2\/posts"}],"about":[{"href":"https:\/\/stacatarina.mx\/consejos\/wp-json\/wp\/v2\/types\/post"}],"author":[{"embeddable":true,"href":"https:\/\/stacatarina.mx\/consejos\/wp-json\/wp\/v2\/users\/1"}],"replies":[{"embeddable":true,"href":"https:\/\/stacatarina.mx\/consejos\/wp-json\/wp\/v2\/comments?post=8882"}],"version-history":[{"count":1,"href":"https:\/\/stacatarina.mx\/consejos\/wp-json\/wp\/v2\/posts\/8882\/revisions"}],"predecessor-version":[{"id":8883,"href":"https:\/\/stacatarina.mx\/consejos\/wp-json\/wp\/v2\/posts\/8882\/revisions\/8883"}],"wp:featuredmedia":[{"embeddable":true,"href":"https:\/\/stacatarina.mx\/consejos\/wp-json\/wp\/v2\/media\/5078"}],"wp:attachment":[{"href":"https:\/\/stacatarina.mx\/consejos\/wp-json\/wp\/v2\/media?parent=8882"}],"wp:term":[{"taxonomy":"category","embeddable":true,"href":"https:\/\/stacatarina.mx\/consejos\/wp-json\/wp\/v2\/categories?post=8882"},{"taxonomy":"post_tag","embeddable":true,"href":"https:\/\/stacatarina.mx\/consejos\/wp-json\/wp\/v2\/tags?post=8882"}],"curies":[{"name":"wp","href":"https:\/\/api.w.org\/{rel}","templated":true}]}}