{"id":8887,"date":"2026-04-24T07:53:04","date_gmt":"2026-04-24T13:53:04","guid":{"rendered":"https:\/\/stacatarina.mx\/consejos\/italia-en-el-mundial-en-lugar-de-iran-el-caso-se-internacionaliza-aqui-esta-la-respuesta-del-gobierno-mientras-la-fifa-guarda-silencio\/"},"modified":"2026-04-24T07:53:06","modified_gmt":"2026-04-24T13:53:06","slug":"italia-en-el-mundial-en-lugar-de-iran-el-caso-se-internacionaliza-aqui-esta-la-respuesta-del-gobierno-mientras-la-fifa-guarda-silencio","status":"publish","type":"post","link":"https:\/\/stacatarina.mx\/consejos\/italia-en-el-mundial-en-lugar-de-iran-el-caso-se-internacionaliza-aqui-esta-la-respuesta-del-gobierno-mientras-la-fifa-guarda-silencio\/","title":{"rendered":"\u00bfItalia en el Mundial en lugar de Ir\u00e1n? El caso se internacionaliza: aqu\u00ed est\u00e1 la respuesta del Gobierno (mientras la FIFA guarda silencio)"},"content":{"rendered":"<p><\/p>\n<p>Ya hab\u00edamos hablado de ello hace unas semanas, cuando la eliminaci\u00f3n de Italia reabri\u00f3 el debate habitual sobre el art\u00edculo 6.7 del reglamento de la FIFA y sobre la hip\u00f3tesis de que la no participaci\u00f3n de Ir\u00e1n podr\u00eda devolver a los azzurri al juego. La respuesta ya estaba clara entonces: t\u00e9cnicamente posible en abstracto, pr\u00e1cticamente improbable en la realidad. Mientras tanto, sin embargo, la historia se ha enriquecido con un elemento nuevo (y bastante extra\u00f1o).<\/p>\n<h2>La propuesta de Zampolli<\/h2>\n<p>La noticia se refiere a Paolo Zampolli, un diplom\u00e1tico italoamericano que desempe\u00f1a el papel de enviado especial de Trump para las relaciones globales, que declar\u00f3 al Financial Times que hab\u00eda propuesto tanto al presidente estadounidense como al n\u00famero uno de la FIFA, Gianni Infantino, sustituir Ir\u00e1n por Italia. Seg\u00fan fuentes citadas por el propio FT, la medida ser\u00eda un intento de reparar la relaci\u00f3n entre Trump y la primera ministra Giorgia Meloni, que se deterior\u00f3 tras los ataques del presidente estadounidense al Papa Le\u00f3n XIV en relaci\u00f3n con la guerra con Ir\u00e1n. Zampolli no tiene ning\u00fan papel oficial ni en el Mundial ni en el f\u00fatbol italiano y la propuesta, en cualquier caso, no surgi\u00f3 de Trump ni de ning\u00fan miembro de su administraci\u00f3n.<\/p>\n<h2>La respuesta de Italia: no, gracias.<\/h2>\n<p>La reacci\u00f3n italiana fue r\u00e1pida y compacta. Al margen de la ceremonia en el Quirinal por el 70\u00ba aniversario del Tribunal Constitucional, el ministro de Deportes, Andrea Abodi, declar\u00f3: &#8220;En primer lugar, no es posible; en segundo lugar, no es apropiado. No s\u00e9 qu\u00e9 viene primero. Te clasificas en el campo&#8221;. Mismo contexto, mismo d\u00eda, tono a\u00fan m\u00e1s claro: el ministro de Econom\u00eda, Giancarlo Giorgetti, defini\u00f3 la propuesta como &#8220;vergonzosa&#8221;. El presidente del CONI, Luciano Buonfiglio, durante la entrega del Premio Ciudad de Roma, dijo sentirse &#8220;ofendido&#8221; por la idea, reiterando que en el Mundial uno se gana el lugar en el campo.<\/p>\n<h2>Lo que dijo la FIFA<\/h2>\n<p>La FIFA no ha emitido declaraciones concretas sobre la propuesta de Zampolli, en referencia a lo que ya dijo Infantino tras la eliminaci\u00f3n de Italia. En el foro \u201cInvest in America\u201d de CNBC el 15 de abril, el presidente de la FIFA dijo que Ir\u00e1n participar\u00eda en la Copa del Mundo \u201ccon certeza\u201d, y a\u00f1adi\u00f3 que el deporte deber\u00eda mantenerse al margen de la pol\u00edtica. Los tres partidos del grupo iran\u00ed se disputar\u00e1n en Estados Unidos: contra Nueva Zelanda en Los \u00c1ngeles el 15 de junio, contra B\u00e9lgica tambi\u00e9n en Los \u00c1ngeles el 21 de junio, y contra Egipto en Seattle el 26 de junio. La federaci\u00f3n iran\u00ed hab\u00eda pedido trasladar las carreras a M\u00e9xico; la solicitud fue rechazada.<\/p>\n<h2>El anterior: el propio Zampolli, en 2022<\/h2>\n<p>No es la primera vez que Zampolli intenta este camino. En 2022, cuando era embajador de la Misi\u00f3n Permanente de Dominica ante las Naciones Unidas, escribi\u00f3 a Infantino pidi\u00e9ndole la exclusi\u00f3n de Ir\u00e1n -entonces por violaciones de los derechos de las mujeres- y la repesca de Italia, eliminada de Macedonia del Norte. La FIFA no dio seguimiento a la propuesta y la directora de la FIFA, Evelina Christillin, descart\u00f3 p\u00fablicamente todo el asunto calific\u00e1ndolo de &#8220;utop\u00eda&#8221;, e Ir\u00e1n jug\u00f3 el torneo con regularidad.<\/p>\n<h2>Porque la repesca sigue siendo impracticable<\/h2>\n<p>Como ya se explic\u00f3 en el art\u00edculo anterior, el art\u00edculo 6.7 del reglamento de la FIFA permite a la federaci\u00f3n sustituir a un equipo retirado o excluido, pero deja la decisi\u00f3n al pleno criterio del organismo. En caso de retirada iran\u00ed, la l\u00f3gica confederal -nunca violada en la historia del Mundial- llevar\u00eda a un sustituto asi\u00e1tico. El candidato m\u00e1s probable ser\u00eda Emiratos \u00c1rabes Unidos, eliminados por \u00faltima vez en la clasificaci\u00f3n de la AFC tras perder el repechaje contra Irak. Ir\u00e1n, de momento, no se ha retirado e Italia no quiere entrar por la ventana.<\/p><\/p>\n","protected":false},"excerpt":{"rendered":"<p>Ya hab\u00edamos hablado de ello hace unas semanas, cuando la eliminaci\u00f3n de Italia reabri\u00f3 el debate habitual sobre el art\u00edculo 6.7 del reglamento de la<\/p>\n","protected":false},"author":1,"featured_media":8888,"comment_status":"closed","ping_status":"","sticky":false,"template":"","format":"standard","meta":{"footnotes":""},"categories":[762],"tags":[172,603,23,110,2347,104,7135,8566,7957,1062,128,1044,548,321,936],"class_list":["post-8887","post","type-post","status-publish","format-standard","has-post-thumbnail","hentry","category-salud","tag-aqui","tag-caso","tag-del","tag-esta","tag-fifa","tag-gobierno","tag-guarda","tag-internacionaliza","tag-iran","tag-italia","tag-lugar","tag-mientras","tag-mundial","tag-respuesta","tag-silencio","generate-columns","tablet-grid-50","mobile-grid-100","grid-parent","grid-50"],"yoast_head":"<!-- This site is optimized with the Yoast SEO plugin v23.4 - https:\/\/yoast.com\/wordpress\/plugins\/seo\/ -->\n<title>\u00bfItalia en el Mundial en lugar de Ir\u00e1n? El caso se internacionaliza: aqu\u00ed est\u00e1 la respuesta del Gobierno (mientras la FIFA guarda silencio) - Consejos - Santa Catarina<\/title>\n<meta name=\"robots\" content=\"index, follow, max-snippet:-1, max-image-preview:large, max-video-preview:-1\" \/>\n<link rel=\"canonical\" href=\"https:\/\/stacatarina.mx\/consejos\/italia-en-el-mundial-en-lugar-de-iran-el-caso-se-internacionaliza-aqui-esta-la-respuesta-del-gobierno-mientras-la-fifa-guarda-silencio\/\" \/>\n<meta property=\"og:locale\" content=\"es_MX\" \/>\n<meta property=\"og:type\" content=\"article\" \/>\n<meta property=\"og:title\" content=\"\u00bfItalia en el Mundial en lugar de Ir\u00e1n? El caso se internacionaliza: aqu\u00ed est\u00e1 la respuesta del Gobierno (mientras la FIFA guarda silencio) - Consejos - Santa Catarina\" \/>\n<meta property=\"og:description\" content=\"Ya hab\u00edamos hablado de ello hace unas semanas, cuando la eliminaci\u00f3n de Italia reabri\u00f3 el debate habitual sobre el art\u00edculo 6.7 del reglamento de la\" \/>\n<meta property=\"og:url\" content=\"https:\/\/stacatarina.mx\/consejos\/italia-en-el-mundial-en-lugar-de-iran-el-caso-se-internacionaliza-aqui-esta-la-respuesta-del-gobierno-mientras-la-fifa-guarda-silencio\/\" \/>\n<meta property=\"og:site_name\" content=\"Santa Catarina\" \/>\n<meta property=\"article:publisher\" content=\"https:\/\/www.facebook.com\/stacatarinagob\/\" \/>\n<meta property=\"article:published_time\" content=\"2026-04-24T13:53:04+00:00\" \/>\n<meta property=\"article:modified_time\" content=\"2026-04-24T13:53:06+00:00\" \/>\n<meta property=\"og:image\" content=\"https:\/\/stacatarina.mx\/consejos\/wp-content\/uploads\/2026\/04\/\u00bfItalia-en-el-Mundial-en-lugar-de-Iran-El-caso.jpg\" \/>\n\t<meta property=\"og:image:width\" content=\"1500\" \/>\n\t<meta property=\"og:image:height\" content=\"1000\" \/>\n\t<meta property=\"og:image:type\" content=\"image\/jpeg\" \/>\n<meta name=\"author\" content=\"Pedro Mart\u00ednez\" \/>\n<meta name=\"twitter:card\" content=\"summary_large_image\" \/>\n<meta name=\"twitter:creator\" content=\"@stacatarinagob\" \/>\n<meta name=\"twitter:site\" content=\"@stacatarinagob\" \/>\n<meta name=\"twitter:label1\" content=\"Escrito por\" \/>\n\t<meta name=\"twitter:data1\" content=\"Pedro Mart\u00ednez\" \/>\n\t<meta name=\"twitter:label2\" content=\"Tiempo de lectura\" \/>\n\t<meta name=\"twitter:data2\" content=\"3 minutos\" \/>\n<script type=\"application\/ld+json\" class=\"yoast-schema-graph\">{\"@context\":\"https:\/\/schema.org\",\"@graph\":[{\"@type\":\"Article\",\"@id\":\"https:\/\/stacatarina.mx\/consejos\/italia-en-el-mundial-en-lugar-de-iran-el-caso-se-internacionaliza-aqui-esta-la-respuesta-del-gobierno-mientras-la-fifa-guarda-silencio\/#article\",\"isPartOf\":{\"@id\":\"https:\/\/stacatarina.mx\/consejos\/italia-en-el-mundial-en-lugar-de-iran-el-caso-se-internacionaliza-aqui-esta-la-respuesta-del-gobierno-mientras-la-fifa-guarda-silencio\/\"},\"author\":{\"name\":\"Pedro Mart\u00ednez\",\"@id\":\"https:\/\/stacatarina.mx\/consejos\/#\/schema\/person\/0be60adffa8e4c4d0828fdf021450e8a\"},\"headline\":\"\u00bfItalia en el Mundial en lugar de Ir\u00e1n? El caso se internacionaliza: aqu\u00ed est\u00e1 la respuesta del Gobierno (mientras la FIFA guarda silencio)\",\"datePublished\":\"2026-04-24T13:53:04+00:00\",\"dateModified\":\"2026-04-24T13:53:06+00:00\",\"mainEntityOfPage\":{\"@id\":\"https:\/\/stacatarina.mx\/consejos\/italia-en-el-mundial-en-lugar-de-iran-el-caso-se-internacionaliza-aqui-esta-la-respuesta-del-gobierno-mientras-la-fifa-guarda-silencio\/\"},\"wordCount\":704,\"publisher\":{\"@id\":\"https:\/\/stacatarina.mx\/consejos\/#organization\"},\"image\":{\"@id\":\"https:\/\/stacatarina.mx\/consejos\/italia-en-el-mundial-en-lugar-de-iran-el-caso-se-internacionaliza-aqui-esta-la-respuesta-del-gobierno-mientras-la-fifa-guarda-silencio\/#primaryimage\"},\"thumbnailUrl\":\"https:\/\/stacatarina.mx\/consejos\/wp-content\/uploads\/2026\/04\/\u00bfItalia-en-el-Mundial-en-lugar-de-Iran-El-caso.jpg\",\"keywords\":[\"aqu\u00ed\",\"caso\",\"del\",\"esta\",\"FIFA\",\"Gobierno\",\"guarda\",\"internacionaliza\",\"Ir\u00e1n\",\"Italia\",\"lugar\",\"mientras\",\"mundial\",\"Respuesta\",\"silencio\"],\"articleSection\":[\"Salud\"],\"inLanguage\":\"es\"},{\"@type\":\"WebPage\",\"@id\":\"https:\/\/stacatarina.mx\/consejos\/italia-en-el-mundial-en-lugar-de-iran-el-caso-se-internacionaliza-aqui-esta-la-respuesta-del-gobierno-mientras-la-fifa-guarda-silencio\/\",\"url\":\"https:\/\/stacatarina.mx\/consejos\/italia-en-el-mundial-en-lugar-de-iran-el-caso-se-internacionaliza-aqui-esta-la-respuesta-del-gobierno-mientras-la-fifa-guarda-silencio\/\",\"name\":\"\u00bfItalia en el Mundial en lugar de Ir\u00e1n? El caso se internacionaliza: aqu\u00ed est\u00e1 la respuesta del Gobierno (mientras la FIFA guarda silencio) - Consejos - Santa Catarina\",\"isPartOf\":{\"@id\":\"https:\/\/stacatarina.mx\/consejos\/#website\"},\"primaryImageOfPage\":{\"@id\":\"https:\/\/stacatarina.mx\/consejos\/italia-en-el-mundial-en-lugar-de-iran-el-caso-se-internacionaliza-aqui-esta-la-respuesta-del-gobierno-mientras-la-fifa-guarda-silencio\/#primaryimage\"},\"image\":{\"@id\":\"https:\/\/stacatarina.mx\/consejos\/italia-en-el-mundial-en-lugar-de-iran-el-caso-se-internacionaliza-aqui-esta-la-respuesta-del-gobierno-mientras-la-fifa-guarda-silencio\/#primaryimage\"},\"thumbnailUrl\":\"https:\/\/stacatarina.mx\/consejos\/wp-content\/uploads\/2026\/04\/\u00bfItalia-en-el-Mundial-en-lugar-de-Iran-El-caso.jpg\",\"datePublished\":\"2026-04-24T13:53:04+00:00\",\"dateModified\":\"2026-04-24T13:53:06+00:00\",\"breadcrumb\":{\"@id\":\"https:\/\/stacatarina.mx\/consejos\/italia-en-el-mundial-en-lugar-de-iran-el-caso-se-internacionaliza-aqui-esta-la-respuesta-del-gobierno-mientras-la-fifa-guarda-silencio\/#breadcrumb\"},\"inLanguage\":\"es\",\"potentialAction\":[{\"@type\":\"ReadAction\",\"target\":[\"https:\/\/stacatarina.mx\/consejos\/italia-en-el-mundial-en-lugar-de-iran-el-caso-se-internacionaliza-aqui-esta-la-respuesta-del-gobierno-mientras-la-fifa-guarda-silencio\/\"]}]},{\"@type\":\"ImageObject\",\"inLanguage\":\"es\",\"@id\":\"https:\/\/stacatarina.mx\/consejos\/italia-en-el-mundial-en-lugar-de-iran-el-caso-se-internacionaliza-aqui-esta-la-respuesta-del-gobierno-mientras-la-fifa-guarda-silencio\/#primaryimage\",\"url\":\"https:\/\/stacatarina.mx\/consejos\/wp-content\/uploads\/2026\/04\/\u00bfItalia-en-el-Mundial-en-lugar-de-Iran-El-caso.jpg\",\"contentUrl\":\"https:\/\/stacatarina.mx\/consejos\/wp-content\/uploads\/2026\/04\/\u00bfItalia-en-el-Mundial-en-lugar-de-Iran-El-caso.jpg\",\"width\":1500,\"height\":1000,\"caption\":\"ripescaggio italia\"},{\"@type\":\"BreadcrumbList\",\"@id\":\"https:\/\/stacatarina.mx\/consejos\/italia-en-el-mundial-en-lugar-de-iran-el-caso-se-internacionaliza-aqui-esta-la-respuesta-del-gobierno-mientras-la-fifa-guarda-silencio\/#breadcrumb\",\"itemListElement\":[{\"@type\":\"ListItem\",\"position\":1,\"name\":\"Inicio\",\"item\":\"https:\/\/stacatarina.mx\/consejos\/\"},{\"@type\":\"ListItem\",\"position\":2,\"name\":\"\u00bfItalia en el Mundial en lugar de Ir\u00e1n? El caso se internacionaliza: aqu\u00ed est\u00e1 la respuesta del Gobierno (mientras la FIFA guarda silencio)\"}]},{\"@type\":\"WebSite\",\"@id\":\"https:\/\/stacatarina.mx\/consejos\/#website\",\"url\":\"https:\/\/stacatarina.mx\/consejos\/\",\"name\":\"Santa Catarina\",\"description\":\"\",\"publisher\":{\"@id\":\"https:\/\/stacatarina.mx\/consejos\/#organization\"},\"potentialAction\":[{\"@type\":\"SearchAction\",\"target\":{\"@type\":\"EntryPoint\",\"urlTemplate\":\"https:\/\/stacatarina.mx\/consejos\/?s={search_term_string}\"},\"query-input\":{\"@type\":\"PropertyValueSpecification\",\"valueRequired\":true,\"valueName\":\"search_term_string\"}}],\"inLanguage\":\"es\"},{\"@type\":\"Organization\",\"@id\":\"https:\/\/stacatarina.mx\/consejos\/#organization\",\"name\":\"Santa Catarina\",\"url\":\"https:\/\/stacatarina.mx\/consejos\/\",\"logo\":{\"@type\":\"ImageObject\",\"inLanguage\":\"es\",\"@id\":\"https:\/\/stacatarina.mx\/consejos\/#\/schema\/logo\/image\/\",\"url\":\"https:\/\/stacatarina.mx\/consejos\/wp-content\/uploads\/2024\/09\/cropped-favicon-1-1.png\",\"contentUrl\":\"https:\/\/stacatarina.mx\/consejos\/wp-content\/uploads\/2024\/09\/cropped-favicon-1-1.png\",\"width\":512,\"height\":512,\"caption\":\"Santa Catarina\"},\"image\":{\"@id\":\"https:\/\/stacatarina.mx\/consejos\/#\/schema\/logo\/image\/\"},\"sameAs\":[\"https:\/\/www.facebook.com\/stacatarinagob\/\",\"https:\/\/x.com\/stacatarinagob\",\"https:\/\/www.instagram.com\/stacatarinagob\/\",\"https:\/\/www.youtube.com\/channel\/UCK-6cQJL_904665N1_nLTWw\"]},{\"@type\":\"Person\",\"@id\":\"https:\/\/stacatarina.mx\/consejos\/#\/schema\/person\/0be60adffa8e4c4d0828fdf021450e8a\",\"name\":\"Pedro Mart\u00ednez\",\"image\":{\"@type\":\"ImageObject\",\"inLanguage\":\"es\",\"@id\":\"https:\/\/stacatarina.mx\/consejos\/#\/schema\/person\/image\/\",\"url\":\"https:\/\/stacatarina.mx\/consejos\/wp-content\/uploads\/2024\/09\/stacatarina.jpg\",\"contentUrl\":\"https:\/\/stacatarina.mx\/consejos\/wp-content\/uploads\/2024\/09\/stacatarina.jpg\",\"caption\":\"Pedro Mart\u00ednez\"},\"description\":\"Hola, soy Pedro Mart\u00ednez, redactor jefe del sitio oficial del ayuntamiento de Santa Catarina, en M\u00e9xico. Con m\u00e1s de diez a\u00f1os de experiencia en el periodismo local, tengo una pasi\u00f3n por la investigaci\u00f3n y la difusi\u00f3n de informaci\u00f3n que valoriza nuestra hermosa comunidad. Mi compromiso es hacer de Santa Catarina una referencia en materia de transparencia y comunicaci\u00f3n municipal.\",\"sameAs\":[\"https:\/\/stacatarina.mx\/\"]}]}<\/script>\n<!-- \/ Yoast SEO plugin. -->","yoast_head_json":{"title":"\u00bfItalia en el Mundial en lugar de Ir\u00e1n? El caso se internacionaliza: aqu\u00ed est\u00e1 la respuesta del Gobierno (mientras la FIFA guarda silencio) - Consejos - Santa Catarina","robots":{"index":"index","follow":"follow","max-snippet":"max-snippet:-1","max-image-preview":"max-image-preview:large","max-video-preview":"max-video-preview:-1"},"canonical":"https:\/\/stacatarina.mx\/consejos\/italia-en-el-mundial-en-lugar-de-iran-el-caso-se-internacionaliza-aqui-esta-la-respuesta-del-gobierno-mientras-la-fifa-guarda-silencio\/","og_locale":"es_MX","og_type":"article","og_title":"\u00bfItalia en el Mundial en lugar de Ir\u00e1n? El caso se internacionaliza: aqu\u00ed est\u00e1 la respuesta del Gobierno (mientras la FIFA guarda silencio) - Consejos - Santa Catarina","og_description":"Ya hab\u00edamos hablado de ello hace unas semanas, cuando la eliminaci\u00f3n de Italia reabri\u00f3 el debate habitual sobre el art\u00edculo 6.7 del reglamento de la","og_url":"https:\/\/stacatarina.mx\/consejos\/italia-en-el-mundial-en-lugar-de-iran-el-caso-se-internacionaliza-aqui-esta-la-respuesta-del-gobierno-mientras-la-fifa-guarda-silencio\/","og_site_name":"Santa Catarina","article_publisher":"https:\/\/www.facebook.com\/stacatarinagob\/","article_published_time":"2026-04-24T13:53:04+00:00","article_modified_time":"2026-04-24T13:53:06+00:00","og_image":[{"width":1500,"height":1000,"url":"https:\/\/stacatarina.mx\/consejos\/wp-content\/uploads\/2026\/04\/\u00bfItalia-en-el-Mundial-en-lugar-de-Iran-El-caso.jpg","type":"image\/jpeg"}],"author":"Pedro Mart\u00ednez","twitter_card":"summary_large_image","twitter_creator":"@stacatarinagob","twitter_site":"@stacatarinagob","twitter_misc":{"Escrito por":"Pedro Mart\u00ednez","Tiempo de lectura":"3 minutos"},"schema":{"@context":"https:\/\/schema.org","@graph":[{"@type":"Article","@id":"https:\/\/stacatarina.mx\/consejos\/italia-en-el-mundial-en-lugar-de-iran-el-caso-se-internacionaliza-aqui-esta-la-respuesta-del-gobierno-mientras-la-fifa-guarda-silencio\/#article","isPartOf":{"@id":"https:\/\/stacatarina.mx\/consejos\/italia-en-el-mundial-en-lugar-de-iran-el-caso-se-internacionaliza-aqui-esta-la-respuesta-del-gobierno-mientras-la-fifa-guarda-silencio\/"},"author":{"name":"Pedro Mart\u00ednez","@id":"https:\/\/stacatarina.mx\/consejos\/#\/schema\/person\/0be60adffa8e4c4d0828fdf021450e8a"},"headline":"\u00bfItalia en el Mundial en lugar de Ir\u00e1n? El caso se internacionaliza: aqu\u00ed est\u00e1 la respuesta del Gobierno (mientras la FIFA guarda silencio)","datePublished":"2026-04-24T13:53:04+00:00","dateModified":"2026-04-24T13:53:06+00:00","mainEntityOfPage":{"@id":"https:\/\/stacatarina.mx\/consejos\/italia-en-el-mundial-en-lugar-de-iran-el-caso-se-internacionaliza-aqui-esta-la-respuesta-del-gobierno-mientras-la-fifa-guarda-silencio\/"},"wordCount":704,"publisher":{"@id":"https:\/\/stacatarina.mx\/consejos\/#organization"},"image":{"@id":"https:\/\/stacatarina.mx\/consejos\/italia-en-el-mundial-en-lugar-de-iran-el-caso-se-internacionaliza-aqui-esta-la-respuesta-del-gobierno-mientras-la-fifa-guarda-silencio\/#primaryimage"},"thumbnailUrl":"https:\/\/stacatarina.mx\/consejos\/wp-content\/uploads\/2026\/04\/\u00bfItalia-en-el-Mundial-en-lugar-de-Iran-El-caso.jpg","keywords":["aqu\u00ed","caso","del","esta","FIFA","Gobierno","guarda","internacionaliza","Ir\u00e1n","Italia","lugar","mientras","mundial","Respuesta","silencio"],"articleSection":["Salud"],"inLanguage":"es"},{"@type":"WebPage","@id":"https:\/\/stacatarina.mx\/consejos\/italia-en-el-mundial-en-lugar-de-iran-el-caso-se-internacionaliza-aqui-esta-la-respuesta-del-gobierno-mientras-la-fifa-guarda-silencio\/","url":"https:\/\/stacatarina.mx\/consejos\/italia-en-el-mundial-en-lugar-de-iran-el-caso-se-internacionaliza-aqui-esta-la-respuesta-del-gobierno-mientras-la-fifa-guarda-silencio\/","name":"\u00bfItalia en el Mundial en lugar de Ir\u00e1n? El caso se internacionaliza: aqu\u00ed est\u00e1 la respuesta del Gobierno (mientras la FIFA guarda silencio) - Consejos - Santa Catarina","isPartOf":{"@id":"https:\/\/stacatarina.mx\/consejos\/#website"},"primaryImageOfPage":{"@id":"https:\/\/stacatarina.mx\/consejos\/italia-en-el-mundial-en-lugar-de-iran-el-caso-se-internacionaliza-aqui-esta-la-respuesta-del-gobierno-mientras-la-fifa-guarda-silencio\/#primaryimage"},"image":{"@id":"https:\/\/stacatarina.mx\/consejos\/italia-en-el-mundial-en-lugar-de-iran-el-caso-se-internacionaliza-aqui-esta-la-respuesta-del-gobierno-mientras-la-fifa-guarda-silencio\/#primaryimage"},"thumbnailUrl":"https:\/\/stacatarina.mx\/consejos\/wp-content\/uploads\/2026\/04\/\u00bfItalia-en-el-Mundial-en-lugar-de-Iran-El-caso.jpg","datePublished":"2026-04-24T13:53:04+00:00","dateModified":"2026-04-24T13:53:06+00:00","breadcrumb":{"@id":"https:\/\/stacatarina.mx\/consejos\/italia-en-el-mundial-en-lugar-de-iran-el-caso-se-internacionaliza-aqui-esta-la-respuesta-del-gobierno-mientras-la-fifa-guarda-silencio\/#breadcrumb"},"inLanguage":"es","potentialAction":[{"@type":"ReadAction","target":["https:\/\/stacatarina.mx\/consejos\/italia-en-el-mundial-en-lugar-de-iran-el-caso-se-internacionaliza-aqui-esta-la-respuesta-del-gobierno-mientras-la-fifa-guarda-silencio\/"]}]},{"@type":"ImageObject","inLanguage":"es","@id":"https:\/\/stacatarina.mx\/consejos\/italia-en-el-mundial-en-lugar-de-iran-el-caso-se-internacionaliza-aqui-esta-la-respuesta-del-gobierno-mientras-la-fifa-guarda-silencio\/#primaryimage","url":"https:\/\/stacatarina.mx\/consejos\/wp-content\/uploads\/2026\/04\/\u00bfItalia-en-el-Mundial-en-lugar-de-Iran-El-caso.jpg","contentUrl":"https:\/\/stacatarina.mx\/consejos\/wp-content\/uploads\/2026\/04\/\u00bfItalia-en-el-Mundial-en-lugar-de-Iran-El-caso.jpg","width":1500,"height":1000,"caption":"ripescaggio italia"},{"@type":"BreadcrumbList","@id":"https:\/\/stacatarina.mx\/consejos\/italia-en-el-mundial-en-lugar-de-iran-el-caso-se-internacionaliza-aqui-esta-la-respuesta-del-gobierno-mientras-la-fifa-guarda-silencio\/#breadcrumb","itemListElement":[{"@type":"ListItem","position":1,"name":"Inicio","item":"https:\/\/stacatarina.mx\/consejos\/"},{"@type":"ListItem","position":2,"name":"\u00bfItalia en el Mundial en lugar de Ir\u00e1n? El caso se internacionaliza: aqu\u00ed est\u00e1 la respuesta del Gobierno (mientras la FIFA guarda silencio)"}]},{"@type":"WebSite","@id":"https:\/\/stacatarina.mx\/consejos\/#website","url":"https:\/\/stacatarina.mx\/consejos\/","name":"Santa Catarina","description":"","publisher":{"@id":"https:\/\/stacatarina.mx\/consejos\/#organization"},"potentialAction":[{"@type":"SearchAction","target":{"@type":"EntryPoint","urlTemplate":"https:\/\/stacatarina.mx\/consejos\/?s={search_term_string}"},"query-input":{"@type":"PropertyValueSpecification","valueRequired":true,"valueName":"search_term_string"}}],"inLanguage":"es"},{"@type":"Organization","@id":"https:\/\/stacatarina.mx\/consejos\/#organization","name":"Santa Catarina","url":"https:\/\/stacatarina.mx\/consejos\/","logo":{"@type":"ImageObject","inLanguage":"es","@id":"https:\/\/stacatarina.mx\/consejos\/#\/schema\/logo\/image\/","url":"https:\/\/stacatarina.mx\/consejos\/wp-content\/uploads\/2024\/09\/cropped-favicon-1-1.png","contentUrl":"https:\/\/stacatarina.mx\/consejos\/wp-content\/uploads\/2024\/09\/cropped-favicon-1-1.png","width":512,"height":512,"caption":"Santa Catarina"},"image":{"@id":"https:\/\/stacatarina.mx\/consejos\/#\/schema\/logo\/image\/"},"sameAs":["https:\/\/www.facebook.com\/stacatarinagob\/","https:\/\/x.com\/stacatarinagob","https:\/\/www.instagram.com\/stacatarinagob\/","https:\/\/www.youtube.com\/channel\/UCK-6cQJL_904665N1_nLTWw"]},{"@type":"Person","@id":"https:\/\/stacatarina.mx\/consejos\/#\/schema\/person\/0be60adffa8e4c4d0828fdf021450e8a","name":"Pedro Mart\u00ednez","image":{"@type":"ImageObject","inLanguage":"es","@id":"https:\/\/stacatarina.mx\/consejos\/#\/schema\/person\/image\/","url":"https:\/\/stacatarina.mx\/consejos\/wp-content\/uploads\/2024\/09\/stacatarina.jpg","contentUrl":"https:\/\/stacatarina.mx\/consejos\/wp-content\/uploads\/2024\/09\/stacatarina.jpg","caption":"Pedro Mart\u00ednez"},"description":"Hola, soy Pedro Mart\u00ednez, redactor jefe del sitio oficial del ayuntamiento de Santa Catarina, en M\u00e9xico. Con m\u00e1s de diez a\u00f1os de experiencia en el periodismo local, tengo una pasi\u00f3n por la investigaci\u00f3n y la difusi\u00f3n de informaci\u00f3n que valoriza nuestra hermosa comunidad. Mi compromiso es hacer de Santa Catarina una referencia en materia de transparencia y comunicaci\u00f3n municipal.","sameAs":["https:\/\/stacatarina.mx\/"]}]}},"_links":{"self":[{"href":"https:\/\/stacatarina.mx\/consejos\/wp-json\/wp\/v2\/posts\/8887"}],"collection":[{"href":"https:\/\/stacatarina.mx\/consejos\/wp-json\/wp\/v2\/posts"}],"about":[{"href":"https:\/\/stacatarina.mx\/consejos\/wp-json\/wp\/v2\/types\/post"}],"author":[{"embeddable":true,"href":"https:\/\/stacatarina.mx\/consejos\/wp-json\/wp\/v2\/users\/1"}],"replies":[{"embeddable":true,"href":"https:\/\/stacatarina.mx\/consejos\/wp-json\/wp\/v2\/comments?post=8887"}],"version-history":[{"count":1,"href":"https:\/\/stacatarina.mx\/consejos\/wp-json\/wp\/v2\/posts\/8887\/revisions"}],"predecessor-version":[{"id":8889,"href":"https:\/\/stacatarina.mx\/consejos\/wp-json\/wp\/v2\/posts\/8887\/revisions\/8889"}],"wp:featuredmedia":[{"embeddable":true,"href":"https:\/\/stacatarina.mx\/consejos\/wp-json\/wp\/v2\/media\/8888"}],"wp:attachment":[{"href":"https:\/\/stacatarina.mx\/consejos\/wp-json\/wp\/v2\/media?parent=8887"}],"wp:term":[{"taxonomy":"category","embeddable":true,"href":"https:\/\/stacatarina.mx\/consejos\/wp-json\/wp\/v2\/categories?post=8887"},{"taxonomy":"post_tag","embeddable":true,"href":"https:\/\/stacatarina.mx\/consejos\/wp-json\/wp\/v2\/tags?post=8887"}],"curies":[{"name":"wp","href":"https:\/\/api.w.org\/{rel}","templated":true}]}}