{"id":8890,"date":"2026-04-24T10:52:41","date_gmt":"2026-04-24T16:52:41","guid":{"rendered":"https:\/\/stacatarina.mx\/consejos\/una-semana-para-ayudar-a-salvar-el-hogar-altamente-amenazado-de-los-osos-andinos\/"},"modified":"2026-04-24T10:52:42","modified_gmt":"2026-04-24T16:52:42","slug":"una-semana-para-ayudar-a-salvar-el-hogar-altamente-amenazado-de-los-osos-andinos","status":"publish","type":"post","link":"https:\/\/stacatarina.mx\/consejos\/una-semana-para-ayudar-a-salvar-el-hogar-altamente-amenazado-de-los-osos-andinos\/","title":{"rendered":"Una semana para ayudar a salvar el hogar altamente amenazado de los osos andinos"},"content":{"rendered":"<div class=\"entry-content\">\n<ul class=\"wp-block-list\">\n<li><strong>Los osos que inspiraron a Paddington corren el riesgo de perder sus hogares<\/strong><\/li>\n<li><strong>S\u00f3lo queda el 6% de los h\u00e1bitats clave de los bosques de osos andinos<\/strong><\/li>\n<li><strong>Esta semana ofrece la oportunidad de financiar equipos vitales que permitan a los conservacionistas del Zool\u00f3gico de Chester y a las comunidades bolivianas hacer m\u00e1s para salvar especies forestales.<\/strong><\/li>\n<li><strong>El zool\u00f3gico insta a los amantes de los animales a donar a trav\u00e9s de Big Give, una plataforma de financiaci\u00f3n equivalente que duplicar\u00e1 cada libra donada, para ayudar a darle un futuro a los osos andinos.<\/strong><\/li>\n<\/ul>\n<p><strong>Los partidarios del zool\u00f3gico de Chester tienen una semana para recaudar \u00a320 000 y ayudar a asegurar un futuro para los osos Paddington de la vida real.<br \/><\/strong><br \/>El zool\u00f3gico de conservaci\u00f3n internacional con sede en Cheshire insta a los amantes de los animales a participar en la recaudaci\u00f3n de fondos Earth Raise de Big Give entre el 22 y el 29 de abril para proteger el fr\u00e1gil bosque donde viven los osos andinos.<\/p>\n<p>Durante esta semana, cada donaci\u00f3n ser\u00e1 financiada de forma paralela para apoyar el Programa de Conservaci\u00f3n de Carn\u00edvoros Andinos en curso del zool\u00f3gico, que protege a los osos, jaguares y otras especies en riesgo que viven en los preciosos pero altamente amenazados bosques secos interandinos de Bolivia.<\/p>\n<p>Big Give es una campa\u00f1a nacional anual de recaudaci\u00f3n de fondos dedicada a ayudar a organizaciones ben\u00e9ficas que desempe\u00f1an un papel vital a la hora de abordar cuestiones urgentes de conservaci\u00f3n.<\/p>\n<p>Los osos andinos son vulnerables seg\u00fan la Lista Roja de Especies en Peligro de la UICN y comparten su h\u00e1bitat con los conejos tapeti en peligro de extinci\u00f3n y las ratas chinchilla bolivianas en peligro cr\u00edtico.<\/p>\n<p><strong>Paul Bamford, Gerente Senior del Programa de Campo Regional para Am\u00e9rica Latina del Zool\u00f3gico de Chester, dijo:<\/p>\n<p>&#8220;Los osos andinos son el carn\u00edvoro terrestre m\u00e1s grande de Am\u00e9rica Latina y son la inspiraci\u00f3n detr\u00e1s de los queridos libros sobre el oso Paddington. Como distribuidores de semillas y creadores de senderos, son importantes para la salud de sus h\u00e1bitats.<\/p>\n<p>&#8220;Pero dos tercios de los osos andinos viven fuera de \u00e1reas legalmente protegidas. Sobreviven junto a comunidades marginadas que se han visto obligadas a depender de fuentes de ingresos que da\u00f1an los h\u00e1bitats de los osos, incluida la ganader\u00eda. Al trabajar con las comunidades para salvaguardar a los osos, tambi\u00e9n salvaguardamos el paisaje&#8221;.<br \/><\/strong><br \/>Los h\u00e1bitats de los osos andinos se han reducido dr\u00e1sticamente durante el \u00faltimo siglo. La ganader\u00eda causa erosi\u00f3n del suelo y deprime el crecimiento de los bosques, lo cual es un problema importante en una regi\u00f3n que ha perdido el 94% de su cubierta forestal original.<\/p>\n<p>Adem\u00e1s, los osos andinos son gigantes t\u00edmidos y amables, y prefieren una dieta principalmente vegetariana, pero a veces son asesinados en represalia por p\u00e9rdidas inexplicables de ganado.<\/p>\n<p><strong>Bamford dijo: &#8220;En efecto, los osos andinos corren mucho m\u00e1s riesgo por la ganader\u00eda que el ganado por los osos&#8221;.<\/strong><\/p>\n<p>El Proyecto de Conservaci\u00f3n de Carn\u00edvoros Andinos monitorea a los osos y lleva a cabo investigaciones vitales sobre la vida silvestre en la regi\u00f3n de Tarija en Bolivia. Tambi\u00e9n apoya a las comunidades para que adopten flujos de ingresos respetuosos con los bosques, aliviando la presi\u00f3n sobre el ecosistema local.<\/p>\n<p>La conservacionista de campo del Zool\u00f3gico de Chester, Ximena V\u00e9lez-Liendo, una experta en osos radicada en Bolivia, ha estado trabajando para conservar el paisaje y promover la coexistencia positiva entre humanos y carn\u00edvoros durante d\u00e9cadas.<\/p>\n<p><strong>Ella dijo:<\/p>\n<p>&#8220;He pasado toda mi vida profesional trabajando con osos y ha sido incre\u00edble ver c\u00f3mo evoluciona este proyecto. Estamos ayudando a las personas y a la vida silvestre a sobrevivir y prosperar&#8221;.<br \/><\/strong><br \/>La Dra. V\u00e9lez-Liendo se convirti\u00f3 en una apasionada defensora de la conservaci\u00f3n de los carn\u00edvoros en el momento en que vio a su primer oso salvaje. Desde que se lanz\u00f3 el proyecto respaldado por el zool\u00f3gico de Chester hace 10 a\u00f1os, su investigaci\u00f3n ha descubierto una poblaci\u00f3n de osos previamente desconocida, ha rastreado la presencia y los movimientos de especies clave de mam\u00edferos y ha construido una imagen cada vez m\u00e1s detallada del ecosistema del bosque seco.<\/p>\n<p><strong>Ella dijo:<\/p>\n<p>&#8220;El proyecto trata tanto de acciones pr\u00e1cticas como de investigaci\u00f3n. Ahora apoyamos a los productores de miel y caf\u00e9 para que cultiven de manera que beneficien a los osos y a las comunidades. Las personas reciben flujos de ingresos m\u00e1s confiables y mejores condiciones del suelo significan mejores cultivos y una regeneraci\u00f3n forestal m\u00e1s r\u00e1pida.<\/p>\n<p>&#8220;El a\u00f1o pasado vimos la primera cosecha de caf\u00e9 cultivado por las comunidades que viven junto a los osos. Nada de esto ser\u00eda posible sin el apoyo de las personas que se preocupan por la conservaci\u00f3n de los osos&#8221;.<\/strong><\/p>\n<p>El Dr. V\u00e9lez-Liendo inst\u00f3 a sus seguidores a contribuir a la recaudaci\u00f3n de fondos Earth Raise esta semana y duplicar el impacto de su donaci\u00f3n. Los ingresos se destinar\u00e1n a equipos vitales, incluida una camioneta para transportar equipos de campo y equipos cient\u00edficos a zonas remotas.<\/p>\n<p><strong>Apoye el proyecto aqu\u00ed: Big Bear Give<\/strong><\/p>\n<p><em>Foto: Chester Zoo pide a sus seguidores que ayuden a salvar el hogar altamente amenazado de los osos andinos: im\u00e1genes de c\u00e1maras trampa.<\/em><\/p>\n<hr class=\"wp-block-separator has-alpha-channel-opacity\">\n<\/p><\/div>\n","protected":false},"excerpt":{"rendered":"<p>Los osos que inspiraron a Paddington corren el riesgo de perder sus hogares S\u00f3lo queda el 6% de los h\u00e1bitats clave de los bosques de<\/p>\n","protected":false},"author":1,"featured_media":8891,"comment_status":"closed","ping_status":"","sticky":false,"template":"","format":"standard","meta":{"footnotes":""},"categories":[68],"tags":[8140,1462,8567,956,318,62,8530,29,118,111,37],"class_list":["post-8890","post","type-post","status-publish","format-standard","has-post-thumbnail","hentry","category-fauna-y-flora","tag-altamente","tag-amenazado","tag-andinos","tag-ayudar","tag-hogar","tag-los","tag-osos","tag-para","tag-salvar","tag-semana","tag-una","generate-columns","tablet-grid-50","mobile-grid-100","grid-parent","grid-50"],"yoast_head":"<!-- This site is optimized with the Yoast SEO plugin v23.4 - https:\/\/yoast.com\/wordpress\/plugins\/seo\/ -->\n<title>Una semana para ayudar a salvar el hogar altamente amenazado de los osos andinos - Consejos - Santa Catarina<\/title>\n<meta name=\"robots\" content=\"index, follow, max-snippet:-1, max-image-preview:large, max-video-preview:-1\" \/>\n<link rel=\"canonical\" href=\"https:\/\/stacatarina.mx\/consejos\/una-semana-para-ayudar-a-salvar-el-hogar-altamente-amenazado-de-los-osos-andinos\/\" \/>\n<meta property=\"og:locale\" content=\"es_MX\" \/>\n<meta property=\"og:type\" content=\"article\" \/>\n<meta property=\"og:title\" content=\"Una semana para ayudar a salvar el hogar altamente amenazado de los osos andinos - Consejos - Santa Catarina\" \/>\n<meta property=\"og:description\" content=\"Los osos que inspiraron a Paddington corren el riesgo de perder sus hogares S\u00f3lo queda el 6% de los h\u00e1bitats clave de los bosques de\" \/>\n<meta property=\"og:url\" content=\"https:\/\/stacatarina.mx\/consejos\/una-semana-para-ayudar-a-salvar-el-hogar-altamente-amenazado-de-los-osos-andinos\/\" \/>\n<meta property=\"og:site_name\" content=\"Santa Catarina\" \/>\n<meta property=\"article:publisher\" content=\"https:\/\/www.facebook.com\/stacatarinagob\/\" \/>\n<meta property=\"article:published_time\" content=\"2026-04-24T16:52:41+00:00\" \/>\n<meta property=\"article:modified_time\" content=\"2026-04-24T16:52:42+00:00\" \/>\n<meta property=\"og:image\" content=\"https:\/\/stacatarina.mx\/consejos\/wp-content\/uploads\/2026\/04\/Una-semana-para-ayudar-a-salvar-el-hogar-altamente-amenazado.jpg\" \/>\n\t<meta property=\"og:image:width\" content=\"900\" \/>\n\t<meta property=\"og:image:height\" content=\"587\" \/>\n\t<meta property=\"og:image:type\" content=\"image\/jpeg\" \/>\n<meta name=\"author\" content=\"Pedro Mart\u00ednez\" \/>\n<meta name=\"twitter:card\" content=\"summary_large_image\" \/>\n<meta name=\"twitter:creator\" content=\"@stacatarinagob\" \/>\n<meta name=\"twitter:site\" content=\"@stacatarinagob\" \/>\n<meta name=\"twitter:label1\" content=\"Escrito por\" \/>\n\t<meta name=\"twitter:data1\" content=\"Pedro Mart\u00ednez\" \/>\n\t<meta name=\"twitter:label2\" content=\"Tiempo de lectura\" \/>\n\t<meta name=\"twitter:data2\" content=\"5 minutos\" \/>\n<script type=\"application\/ld+json\" class=\"yoast-schema-graph\">{\"@context\":\"https:\/\/schema.org\",\"@graph\":[{\"@type\":\"Article\",\"@id\":\"https:\/\/stacatarina.mx\/consejos\/una-semana-para-ayudar-a-salvar-el-hogar-altamente-amenazado-de-los-osos-andinos\/#article\",\"isPartOf\":{\"@id\":\"https:\/\/stacatarina.mx\/consejos\/una-semana-para-ayudar-a-salvar-el-hogar-altamente-amenazado-de-los-osos-andinos\/\"},\"author\":{\"name\":\"Pedro Mart\u00ednez\",\"@id\":\"https:\/\/stacatarina.mx\/consejos\/#\/schema\/person\/0be60adffa8e4c4d0828fdf021450e8a\"},\"headline\":\"Una semana para ayudar a salvar el hogar altamente amenazado de los osos andinos\",\"datePublished\":\"2026-04-24T16:52:41+00:00\",\"dateModified\":\"2026-04-24T16:52:42+00:00\",\"mainEntityOfPage\":{\"@id\":\"https:\/\/stacatarina.mx\/consejos\/una-semana-para-ayudar-a-salvar-el-hogar-altamente-amenazado-de-los-osos-andinos\/\"},\"wordCount\":941,\"publisher\":{\"@id\":\"https:\/\/stacatarina.mx\/consejos\/#organization\"},\"image\":{\"@id\":\"https:\/\/stacatarina.mx\/consejos\/una-semana-para-ayudar-a-salvar-el-hogar-altamente-amenazado-de-los-osos-andinos\/#primaryimage\"},\"thumbnailUrl\":\"https:\/\/stacatarina.mx\/consejos\/wp-content\/uploads\/2026\/04\/Una-semana-para-ayudar-a-salvar-el-hogar-altamente-amenazado.jpg\",\"keywords\":[\"altamente\",\"amenazado\",\"andinos\",\"ayudar\",\"hogar\",\"los\",\"osos\",\"para\",\"salvar\",\"semana\",\"una\"],\"articleSection\":[\"Fauna y Flora\"],\"inLanguage\":\"es\"},{\"@type\":\"WebPage\",\"@id\":\"https:\/\/stacatarina.mx\/consejos\/una-semana-para-ayudar-a-salvar-el-hogar-altamente-amenazado-de-los-osos-andinos\/\",\"url\":\"https:\/\/stacatarina.mx\/consejos\/una-semana-para-ayudar-a-salvar-el-hogar-altamente-amenazado-de-los-osos-andinos\/\",\"name\":\"Una semana para ayudar a salvar el hogar altamente amenazado de los osos andinos - Consejos - Santa Catarina\",\"isPartOf\":{\"@id\":\"https:\/\/stacatarina.mx\/consejos\/#website\"},\"primaryImageOfPage\":{\"@id\":\"https:\/\/stacatarina.mx\/consejos\/una-semana-para-ayudar-a-salvar-el-hogar-altamente-amenazado-de-los-osos-andinos\/#primaryimage\"},\"image\":{\"@id\":\"https:\/\/stacatarina.mx\/consejos\/una-semana-para-ayudar-a-salvar-el-hogar-altamente-amenazado-de-los-osos-andinos\/#primaryimage\"},\"thumbnailUrl\":\"https:\/\/stacatarina.mx\/consejos\/wp-content\/uploads\/2026\/04\/Una-semana-para-ayudar-a-salvar-el-hogar-altamente-amenazado.jpg\",\"datePublished\":\"2026-04-24T16:52:41+00:00\",\"dateModified\":\"2026-04-24T16:52:42+00:00\",\"breadcrumb\":{\"@id\":\"https:\/\/stacatarina.mx\/consejos\/una-semana-para-ayudar-a-salvar-el-hogar-altamente-amenazado-de-los-osos-andinos\/#breadcrumb\"},\"inLanguage\":\"es\",\"potentialAction\":[{\"@type\":\"ReadAction\",\"target\":[\"https:\/\/stacatarina.mx\/consejos\/una-semana-para-ayudar-a-salvar-el-hogar-altamente-amenazado-de-los-osos-andinos\/\"]}]},{\"@type\":\"ImageObject\",\"inLanguage\":\"es\",\"@id\":\"https:\/\/stacatarina.mx\/consejos\/una-semana-para-ayudar-a-salvar-el-hogar-altamente-amenazado-de-los-osos-andinos\/#primaryimage\",\"url\":\"https:\/\/stacatarina.mx\/consejos\/wp-content\/uploads\/2026\/04\/Una-semana-para-ayudar-a-salvar-el-hogar-altamente-amenazado.jpg\",\"contentUrl\":\"https:\/\/stacatarina.mx\/consejos\/wp-content\/uploads\/2026\/04\/Una-semana-para-ayudar-a-salvar-el-hogar-altamente-amenazado.jpg\",\"width\":900,\"height\":587,\"caption\":\"One week to help save the highly threatened home of Andean bears\"},{\"@type\":\"BreadcrumbList\",\"@id\":\"https:\/\/stacatarina.mx\/consejos\/una-semana-para-ayudar-a-salvar-el-hogar-altamente-amenazado-de-los-osos-andinos\/#breadcrumb\",\"itemListElement\":[{\"@type\":\"ListItem\",\"position\":1,\"name\":\"Inicio\",\"item\":\"https:\/\/stacatarina.mx\/consejos\/\"},{\"@type\":\"ListItem\",\"position\":2,\"name\":\"Una semana para ayudar a salvar el hogar altamente amenazado de los osos andinos\"}]},{\"@type\":\"WebSite\",\"@id\":\"https:\/\/stacatarina.mx\/consejos\/#website\",\"url\":\"https:\/\/stacatarina.mx\/consejos\/\",\"name\":\"Santa Catarina\",\"description\":\"\",\"publisher\":{\"@id\":\"https:\/\/stacatarina.mx\/consejos\/#organization\"},\"potentialAction\":[{\"@type\":\"SearchAction\",\"target\":{\"@type\":\"EntryPoint\",\"urlTemplate\":\"https:\/\/stacatarina.mx\/consejos\/?s={search_term_string}\"},\"query-input\":{\"@type\":\"PropertyValueSpecification\",\"valueRequired\":true,\"valueName\":\"search_term_string\"}}],\"inLanguage\":\"es\"},{\"@type\":\"Organization\",\"@id\":\"https:\/\/stacatarina.mx\/consejos\/#organization\",\"name\":\"Santa Catarina\",\"url\":\"https:\/\/stacatarina.mx\/consejos\/\",\"logo\":{\"@type\":\"ImageObject\",\"inLanguage\":\"es\",\"@id\":\"https:\/\/stacatarina.mx\/consejos\/#\/schema\/logo\/image\/\",\"url\":\"https:\/\/stacatarina.mx\/consejos\/wp-content\/uploads\/2024\/09\/cropped-favicon-1-1.png\",\"contentUrl\":\"https:\/\/stacatarina.mx\/consejos\/wp-content\/uploads\/2024\/09\/cropped-favicon-1-1.png\",\"width\":512,\"height\":512,\"caption\":\"Santa Catarina\"},\"image\":{\"@id\":\"https:\/\/stacatarina.mx\/consejos\/#\/schema\/logo\/image\/\"},\"sameAs\":[\"https:\/\/www.facebook.com\/stacatarinagob\/\",\"https:\/\/x.com\/stacatarinagob\",\"https:\/\/www.instagram.com\/stacatarinagob\/\",\"https:\/\/www.youtube.com\/channel\/UCK-6cQJL_904665N1_nLTWw\"]},{\"@type\":\"Person\",\"@id\":\"https:\/\/stacatarina.mx\/consejos\/#\/schema\/person\/0be60adffa8e4c4d0828fdf021450e8a\",\"name\":\"Pedro Mart\u00ednez\",\"image\":{\"@type\":\"ImageObject\",\"inLanguage\":\"es\",\"@id\":\"https:\/\/stacatarina.mx\/consejos\/#\/schema\/person\/image\/\",\"url\":\"https:\/\/stacatarina.mx\/consejos\/wp-content\/uploads\/2024\/09\/stacatarina.jpg\",\"contentUrl\":\"https:\/\/stacatarina.mx\/consejos\/wp-content\/uploads\/2024\/09\/stacatarina.jpg\",\"caption\":\"Pedro Mart\u00ednez\"},\"description\":\"Hola, soy Pedro Mart\u00ednez, redactor jefe del sitio oficial del ayuntamiento de Santa Catarina, en M\u00e9xico. Con m\u00e1s de diez a\u00f1os de experiencia en el periodismo local, tengo una pasi\u00f3n por la investigaci\u00f3n y la difusi\u00f3n de informaci\u00f3n que valoriza nuestra hermosa comunidad. Mi compromiso es hacer de Santa Catarina una referencia en materia de transparencia y comunicaci\u00f3n municipal.\",\"sameAs\":[\"https:\/\/stacatarina.mx\/\"]}]}<\/script>\n<!-- \/ Yoast SEO plugin. -->","yoast_head_json":{"title":"Una semana para ayudar a salvar el hogar altamente amenazado de los osos andinos - Consejos - Santa Catarina","robots":{"index":"index","follow":"follow","max-snippet":"max-snippet:-1","max-image-preview":"max-image-preview:large","max-video-preview":"max-video-preview:-1"},"canonical":"https:\/\/stacatarina.mx\/consejos\/una-semana-para-ayudar-a-salvar-el-hogar-altamente-amenazado-de-los-osos-andinos\/","og_locale":"es_MX","og_type":"article","og_title":"Una semana para ayudar a salvar el hogar altamente amenazado de los osos andinos - Consejos - Santa Catarina","og_description":"Los osos que inspiraron a Paddington corren el riesgo de perder sus hogares S\u00f3lo queda el 6% de los h\u00e1bitats clave de los bosques de","og_url":"https:\/\/stacatarina.mx\/consejos\/una-semana-para-ayudar-a-salvar-el-hogar-altamente-amenazado-de-los-osos-andinos\/","og_site_name":"Santa Catarina","article_publisher":"https:\/\/www.facebook.com\/stacatarinagob\/","article_published_time":"2026-04-24T16:52:41+00:00","article_modified_time":"2026-04-24T16:52:42+00:00","og_image":[{"width":900,"height":587,"url":"https:\/\/stacatarina.mx\/consejos\/wp-content\/uploads\/2026\/04\/Una-semana-para-ayudar-a-salvar-el-hogar-altamente-amenazado.jpg","type":"image\/jpeg"}],"author":"Pedro Mart\u00ednez","twitter_card":"summary_large_image","twitter_creator":"@stacatarinagob","twitter_site":"@stacatarinagob","twitter_misc":{"Escrito por":"Pedro Mart\u00ednez","Tiempo de lectura":"5 minutos"},"schema":{"@context":"https:\/\/schema.org","@graph":[{"@type":"Article","@id":"https:\/\/stacatarina.mx\/consejos\/una-semana-para-ayudar-a-salvar-el-hogar-altamente-amenazado-de-los-osos-andinos\/#article","isPartOf":{"@id":"https:\/\/stacatarina.mx\/consejos\/una-semana-para-ayudar-a-salvar-el-hogar-altamente-amenazado-de-los-osos-andinos\/"},"author":{"name":"Pedro Mart\u00ednez","@id":"https:\/\/stacatarina.mx\/consejos\/#\/schema\/person\/0be60adffa8e4c4d0828fdf021450e8a"},"headline":"Una semana para ayudar a salvar el hogar altamente amenazado de los osos andinos","datePublished":"2026-04-24T16:52:41+00:00","dateModified":"2026-04-24T16:52:42+00:00","mainEntityOfPage":{"@id":"https:\/\/stacatarina.mx\/consejos\/una-semana-para-ayudar-a-salvar-el-hogar-altamente-amenazado-de-los-osos-andinos\/"},"wordCount":941,"publisher":{"@id":"https:\/\/stacatarina.mx\/consejos\/#organization"},"image":{"@id":"https:\/\/stacatarina.mx\/consejos\/una-semana-para-ayudar-a-salvar-el-hogar-altamente-amenazado-de-los-osos-andinos\/#primaryimage"},"thumbnailUrl":"https:\/\/stacatarina.mx\/consejos\/wp-content\/uploads\/2026\/04\/Una-semana-para-ayudar-a-salvar-el-hogar-altamente-amenazado.jpg","keywords":["altamente","amenazado","andinos","ayudar","hogar","los","osos","para","salvar","semana","una"],"articleSection":["Fauna y Flora"],"inLanguage":"es"},{"@type":"WebPage","@id":"https:\/\/stacatarina.mx\/consejos\/una-semana-para-ayudar-a-salvar-el-hogar-altamente-amenazado-de-los-osos-andinos\/","url":"https:\/\/stacatarina.mx\/consejos\/una-semana-para-ayudar-a-salvar-el-hogar-altamente-amenazado-de-los-osos-andinos\/","name":"Una semana para ayudar a salvar el hogar altamente amenazado de los osos andinos - Consejos - Santa Catarina","isPartOf":{"@id":"https:\/\/stacatarina.mx\/consejos\/#website"},"primaryImageOfPage":{"@id":"https:\/\/stacatarina.mx\/consejos\/una-semana-para-ayudar-a-salvar-el-hogar-altamente-amenazado-de-los-osos-andinos\/#primaryimage"},"image":{"@id":"https:\/\/stacatarina.mx\/consejos\/una-semana-para-ayudar-a-salvar-el-hogar-altamente-amenazado-de-los-osos-andinos\/#primaryimage"},"thumbnailUrl":"https:\/\/stacatarina.mx\/consejos\/wp-content\/uploads\/2026\/04\/Una-semana-para-ayudar-a-salvar-el-hogar-altamente-amenazado.jpg","datePublished":"2026-04-24T16:52:41+00:00","dateModified":"2026-04-24T16:52:42+00:00","breadcrumb":{"@id":"https:\/\/stacatarina.mx\/consejos\/una-semana-para-ayudar-a-salvar-el-hogar-altamente-amenazado-de-los-osos-andinos\/#breadcrumb"},"inLanguage":"es","potentialAction":[{"@type":"ReadAction","target":["https:\/\/stacatarina.mx\/consejos\/una-semana-para-ayudar-a-salvar-el-hogar-altamente-amenazado-de-los-osos-andinos\/"]}]},{"@type":"ImageObject","inLanguage":"es","@id":"https:\/\/stacatarina.mx\/consejos\/una-semana-para-ayudar-a-salvar-el-hogar-altamente-amenazado-de-los-osos-andinos\/#primaryimage","url":"https:\/\/stacatarina.mx\/consejos\/wp-content\/uploads\/2026\/04\/Una-semana-para-ayudar-a-salvar-el-hogar-altamente-amenazado.jpg","contentUrl":"https:\/\/stacatarina.mx\/consejos\/wp-content\/uploads\/2026\/04\/Una-semana-para-ayudar-a-salvar-el-hogar-altamente-amenazado.jpg","width":900,"height":587,"caption":"One week to help save the highly threatened home of Andean bears"},{"@type":"BreadcrumbList","@id":"https:\/\/stacatarina.mx\/consejos\/una-semana-para-ayudar-a-salvar-el-hogar-altamente-amenazado-de-los-osos-andinos\/#breadcrumb","itemListElement":[{"@type":"ListItem","position":1,"name":"Inicio","item":"https:\/\/stacatarina.mx\/consejos\/"},{"@type":"ListItem","position":2,"name":"Una semana para ayudar a salvar el hogar altamente amenazado de los osos andinos"}]},{"@type":"WebSite","@id":"https:\/\/stacatarina.mx\/consejos\/#website","url":"https:\/\/stacatarina.mx\/consejos\/","name":"Santa Catarina","description":"","publisher":{"@id":"https:\/\/stacatarina.mx\/consejos\/#organization"},"potentialAction":[{"@type":"SearchAction","target":{"@type":"EntryPoint","urlTemplate":"https:\/\/stacatarina.mx\/consejos\/?s={search_term_string}"},"query-input":{"@type":"PropertyValueSpecification","valueRequired":true,"valueName":"search_term_string"}}],"inLanguage":"es"},{"@type":"Organization","@id":"https:\/\/stacatarina.mx\/consejos\/#organization","name":"Santa Catarina","url":"https:\/\/stacatarina.mx\/consejos\/","logo":{"@type":"ImageObject","inLanguage":"es","@id":"https:\/\/stacatarina.mx\/consejos\/#\/schema\/logo\/image\/","url":"https:\/\/stacatarina.mx\/consejos\/wp-content\/uploads\/2024\/09\/cropped-favicon-1-1.png","contentUrl":"https:\/\/stacatarina.mx\/consejos\/wp-content\/uploads\/2024\/09\/cropped-favicon-1-1.png","width":512,"height":512,"caption":"Santa Catarina"},"image":{"@id":"https:\/\/stacatarina.mx\/consejos\/#\/schema\/logo\/image\/"},"sameAs":["https:\/\/www.facebook.com\/stacatarinagob\/","https:\/\/x.com\/stacatarinagob","https:\/\/www.instagram.com\/stacatarinagob\/","https:\/\/www.youtube.com\/channel\/UCK-6cQJL_904665N1_nLTWw"]},{"@type":"Person","@id":"https:\/\/stacatarina.mx\/consejos\/#\/schema\/person\/0be60adffa8e4c4d0828fdf021450e8a","name":"Pedro Mart\u00ednez","image":{"@type":"ImageObject","inLanguage":"es","@id":"https:\/\/stacatarina.mx\/consejos\/#\/schema\/person\/image\/","url":"https:\/\/stacatarina.mx\/consejos\/wp-content\/uploads\/2024\/09\/stacatarina.jpg","contentUrl":"https:\/\/stacatarina.mx\/consejos\/wp-content\/uploads\/2024\/09\/stacatarina.jpg","caption":"Pedro Mart\u00ednez"},"description":"Hola, soy Pedro Mart\u00ednez, redactor jefe del sitio oficial del ayuntamiento de Santa Catarina, en M\u00e9xico. Con m\u00e1s de diez a\u00f1os de experiencia en el periodismo local, tengo una pasi\u00f3n por la investigaci\u00f3n y la difusi\u00f3n de informaci\u00f3n que valoriza nuestra hermosa comunidad. Mi compromiso es hacer de Santa Catarina una referencia en materia de transparencia y comunicaci\u00f3n municipal.","sameAs":["https:\/\/stacatarina.mx\/"]}]}},"_links":{"self":[{"href":"https:\/\/stacatarina.mx\/consejos\/wp-json\/wp\/v2\/posts\/8890"}],"collection":[{"href":"https:\/\/stacatarina.mx\/consejos\/wp-json\/wp\/v2\/posts"}],"about":[{"href":"https:\/\/stacatarina.mx\/consejos\/wp-json\/wp\/v2\/types\/post"}],"author":[{"embeddable":true,"href":"https:\/\/stacatarina.mx\/consejos\/wp-json\/wp\/v2\/users\/1"}],"replies":[{"embeddable":true,"href":"https:\/\/stacatarina.mx\/consejos\/wp-json\/wp\/v2\/comments?post=8890"}],"version-history":[{"count":1,"href":"https:\/\/stacatarina.mx\/consejos\/wp-json\/wp\/v2\/posts\/8890\/revisions"}],"predecessor-version":[{"id":8892,"href":"https:\/\/stacatarina.mx\/consejos\/wp-json\/wp\/v2\/posts\/8890\/revisions\/8892"}],"wp:featuredmedia":[{"embeddable":true,"href":"https:\/\/stacatarina.mx\/consejos\/wp-json\/wp\/v2\/media\/8891"}],"wp:attachment":[{"href":"https:\/\/stacatarina.mx\/consejos\/wp-json\/wp\/v2\/media?parent=8890"}],"wp:term":[{"taxonomy":"category","embeddable":true,"href":"https:\/\/stacatarina.mx\/consejos\/wp-json\/wp\/v2\/categories?post=8890"},{"taxonomy":"post_tag","embeddable":true,"href":"https:\/\/stacatarina.mx\/consejos\/wp-json\/wp\/v2\/tags?post=8890"}],"curies":[{"name":"wp","href":"https:\/\/api.w.org\/{rel}","templated":true}]}}