{"id":8908,"date":"2026-04-25T03:52:27","date_gmt":"2026-04-25T09:52:27","guid":{"rendered":"https:\/\/stacatarina.mx\/consejos\/los-cientificos-descubren-una-proteina-que-puede-rejuvenecer-las-celulas-cerebrales-envejecidas\/"},"modified":"2026-04-25T03:52:29","modified_gmt":"2026-04-25T09:52:29","slug":"los-cientificos-descubren-una-proteina-que-puede-rejuvenecer-las-celulas-cerebrales-envejecidas","status":"publish","type":"post","link":"https:\/\/stacatarina.mx\/consejos\/los-cientificos-descubren-una-proteina-que-puede-rejuvenecer-las-celulas-cerebrales-envejecidas\/","title":{"rendered":"Los cient\u00edficos descubren una prote\u00edna que puede rejuvenecer las c\u00e9lulas cerebrales envejecidas"},"content":{"rendered":"<p><\/p>\n<p>\u00bfY si nuestro cerebro todav\u00eda tuviera una carta que jugar contra el tiempo? Una nueva investigaci\u00f3n genera una esperanza concreta: una prote\u00edna llamada DMTF1 podr\u00eda ayudar a que las c\u00e9lulas cerebrales envejecidas vuelvan a activarse, reactivando los mecanismos que sustentan la memoria y el aprendizaje.<\/p>\n<p>El estudio proviene de<em> Universidad Nacional de Singapur<\/em>,<em> Facultad de Medicina Yong Loo Lin<\/em>y fue publicado el <em>Avances cient\u00edficos<\/em>. No estamos hablando de un suplemento milagroso, sino de un profundo mecanismo biol\u00f3gico que tiene que ver con las c\u00e9lulas madre neurales, las c\u00e9lulas &#8220;madre&#8221; de nuestro cerebro.<\/p>\n<h2>C\u00f3mo dmtf1 reactiva las c\u00e9lulas madre neurales<\/h2>\n<p>Con la edad, el cerebro va perdiendo progresivamente la capacidad de generar nuevas neuronas. Las c\u00e9lulas madre neuronales, esenciales para mantener activos los circuitos relacionados con la memoria, comienzan a funcionar menos. Es una de las razones por las que, con el paso de los a\u00f1os, podemos experimentar un deterioro cognitivo fisiol\u00f3gico.<\/p>\n<p>Aqu\u00ed es donde entra en juego DMTF1, un factor de transcripci\u00f3n, es decir, una prote\u00edna que decide qu\u00e9 genes deben &#8220;encenderse&#8221; y cu\u00e1les deben permanecer en silencio. Los investigadores dirigidos por el profesor Ong Sek Tong Derrick, con el Dr. Liang Yajing como primer autor, observaron que los niveles de DMTF1 se reduc\u00edan dr\u00e1sticamente en las c\u00e9lulas madre neurales &#8220;envejecidas&#8221;.<\/p>\n<p>Para comprender su papel, el equipo analiz\u00f3 c\u00e9lulas madre neurales humanas y modelos de laboratorio que simulan el envejecimiento prematuro. A trav\u00e9s de estudios de uni\u00f3n de todo el genoma y an\u00e1lisis del transcriptoma, mapearon c\u00f3mo DMTF1 influye en la actividad gen\u00e9tica, centr\u00e1ndose espec\u00edficamente en las c\u00e9lulas afectadas por el acortamiento de los tel\u00f3meros.<\/p>\n<p>Los tel\u00f3meros son las &#8220;c\u00e1psulas protectoras&#8221; en los extremos de los cromosomas. Con cada divisi\u00f3n celular se acortan un poco, y este acortamiento es uno de los signos m\u00e1s reconocidos del envejecimiento biol\u00f3gico. Cuando los tel\u00f3meros ya no funcionan correctamente, las c\u00e9lulas pierden la capacidad de regenerarse. Y eso es exactamente lo que sucede en el cerebro que envejece.<\/p>\n<p>El descubrimiento es claro: cuando los investigadores restauraron los niveles de DMTF1, las c\u00e9lulas madre neurales recuperaron su capacidad de renovarse. Como si alguien hubiera vuelto a encender un interruptor que llevaba demasiado tiempo apagado.<\/p>\n<h2>\u00bfPodemos realmente frenar el envejecimiento cerebral?<\/h2>\n<p>DMTF1 no act\u00faa solo. La prote\u00edna controla dos genes &#8220;aliados&#8221;, Arid2 y Ss18, que ayudan a que el ADN sea menos compacto. Este proceso es fundamental porque permite activar genes ligados al crecimiento celular. Sin este paso, las c\u00e9lulas madre neurales no pueden regenerarse eficazmente.<\/p>\n<p>Seg\u00fan los investigadores, la regeneraci\u00f3n deficiente de las c\u00e9lulas madre neurales se ha relacionado desde hace mucho tiempo con el envejecimiento neurol\u00f3gico. Si el cerebro no produce nuevas c\u00e9lulas, resulta m\u00e1s dif\u00edcil mantener el aprendizaje y la memoria. Comprender el papel de DMTF1 significa llegar a la ra\u00edz del problema.<\/p>\n<p>Por el momento, los resultados se basan principalmente en experimentos in vitro. El siguiente paso ser\u00e1 comprobar si aumentar los niveles de DMTF1 realmente puede aumentar el n\u00famero de c\u00e9lulas madre neuronales y mejorar la memoria y el aprendizaje en condiciones de envejecimiento natural, sin aumentar el riesgo de tumores cerebrales.<\/p>\n<p>El objetivo a largo plazo es identificar peque\u00f1as mol\u00e9culas capaces de estimular DMTF1 de forma segura, transformando este descubrimiento en una posible estrategia terap\u00e9utica contra el deterioro cognitivo.<\/p>\n<p>Es pronto para hablar de revoluci\u00f3n, pero la direcci\u00f3n es clara: el envejecimiento cerebral puede no ser un destino inmutable. Y quiz\u00e1s, en el futuro, podamos aprender no s\u00f3lo a vivir m\u00e1s, sino tambi\u00e9n a mantener nuestra lucidez por m\u00e1s tiempo.<\/p><\/p>\n","protected":false},"excerpt":{"rendered":"<p>\u00bfY si nuestro cerebro todav\u00eda tuviera una carta que jugar contra el tiempo? Una nueva investigaci\u00f3n genera una esperanza concreta: una prote\u00edna llamada DMTF1 podr\u00eda<\/p>\n","protected":false},"author":1,"featured_media":8909,"comment_status":"closed","ping_status":"","sticky":false,"template":"","format":"standard","meta":{"footnotes":""},"categories":[762],"tags":[2517,4875,2237,3707,8577,34,62,877,406,7018,37],"class_list":["post-8908","post","type-post","status-publish","format-standard","has-post-thumbnail","hentry","category-salud","tag-celulas","tag-cerebrales","tag-cientificos","tag-descubren","tag-envejecidas","tag-las","tag-los","tag-proteina","tag-puede","tag-rejuvenecer","tag-una","generate-columns","tablet-grid-50","mobile-grid-100","grid-parent","grid-50"],"yoast_head":"<!-- This site is optimized with the Yoast SEO plugin v23.4 - https:\/\/yoast.com\/wordpress\/plugins\/seo\/ -->\n<title>Los cient\u00edficos descubren una prote\u00edna que puede rejuvenecer las c\u00e9lulas cerebrales envejecidas - Consejos - Santa Catarina<\/title>\n<meta name=\"robots\" content=\"index, follow, max-snippet:-1, max-image-preview:large, max-video-preview:-1\" \/>\n<link rel=\"canonical\" href=\"https:\/\/stacatarina.mx\/consejos\/los-cientificos-descubren-una-proteina-que-puede-rejuvenecer-las-celulas-cerebrales-envejecidas\/\" \/>\n<meta property=\"og:locale\" content=\"es_MX\" \/>\n<meta property=\"og:type\" content=\"article\" \/>\n<meta property=\"og:title\" content=\"Los cient\u00edficos descubren una prote\u00edna que puede rejuvenecer las c\u00e9lulas cerebrales envejecidas - Consejos - Santa Catarina\" \/>\n<meta property=\"og:description\" content=\"\u00bfY si nuestro cerebro todav\u00eda tuviera una carta que jugar contra el tiempo? Una nueva investigaci\u00f3n genera una esperanza concreta: una prote\u00edna llamada DMTF1 podr\u00eda\" \/>\n<meta property=\"og:url\" content=\"https:\/\/stacatarina.mx\/consejos\/los-cientificos-descubren-una-proteina-que-puede-rejuvenecer-las-celulas-cerebrales-envejecidas\/\" \/>\n<meta property=\"og:site_name\" content=\"Santa Catarina\" \/>\n<meta property=\"article:publisher\" content=\"https:\/\/www.facebook.com\/stacatarinagob\/\" \/>\n<meta property=\"article:published_time\" content=\"2026-04-25T09:52:27+00:00\" \/>\n<meta property=\"article:modified_time\" content=\"2026-04-25T09:52:29+00:00\" \/>\n<meta property=\"og:image\" content=\"https:\/\/stacatarina.mx\/consejos\/wp-content\/uploads\/2026\/04\/Los-cientificos-descubren-una-proteina-que-puede-rejuvenecer-las-celulas.jpg\" \/>\n\t<meta property=\"og:image:width\" content=\"1500\" \/>\n\t<meta property=\"og:image:height\" content=\"1000\" \/>\n\t<meta property=\"og:image:type\" content=\"image\/jpeg\" \/>\n<meta name=\"author\" content=\"Pedro Mart\u00ednez\" \/>\n<meta name=\"twitter:card\" content=\"summary_large_image\" \/>\n<meta name=\"twitter:creator\" content=\"@stacatarinagob\" \/>\n<meta name=\"twitter:site\" content=\"@stacatarinagob\" \/>\n<meta name=\"twitter:label1\" content=\"Escrito por\" \/>\n\t<meta name=\"twitter:data1\" content=\"Pedro Mart\u00ednez\" \/>\n\t<meta name=\"twitter:label2\" content=\"Tiempo de lectura\" \/>\n\t<meta name=\"twitter:data2\" content=\"3 minutos\" \/>\n<script type=\"application\/ld+json\" class=\"yoast-schema-graph\">{\"@context\":\"https:\/\/schema.org\",\"@graph\":[{\"@type\":\"Article\",\"@id\":\"https:\/\/stacatarina.mx\/consejos\/los-cientificos-descubren-una-proteina-que-puede-rejuvenecer-las-celulas-cerebrales-envejecidas\/#article\",\"isPartOf\":{\"@id\":\"https:\/\/stacatarina.mx\/consejos\/los-cientificos-descubren-una-proteina-que-puede-rejuvenecer-las-celulas-cerebrales-envejecidas\/\"},\"author\":{\"name\":\"Pedro Mart\u00ednez\",\"@id\":\"https:\/\/stacatarina.mx\/consejos\/#\/schema\/person\/0be60adffa8e4c4d0828fdf021450e8a\"},\"headline\":\"Los cient\u00edficos descubren una prote\u00edna que puede rejuvenecer las c\u00e9lulas cerebrales envejecidas\",\"datePublished\":\"2026-04-25T09:52:27+00:00\",\"dateModified\":\"2026-04-25T09:52:29+00:00\",\"mainEntityOfPage\":{\"@id\":\"https:\/\/stacatarina.mx\/consejos\/los-cientificos-descubren-una-proteina-que-puede-rejuvenecer-las-celulas-cerebrales-envejecidas\/\"},\"wordCount\":656,\"publisher\":{\"@id\":\"https:\/\/stacatarina.mx\/consejos\/#organization\"},\"image\":{\"@id\":\"https:\/\/stacatarina.mx\/consejos\/los-cientificos-descubren-una-proteina-que-puede-rejuvenecer-las-celulas-cerebrales-envejecidas\/#primaryimage\"},\"thumbnailUrl\":\"https:\/\/stacatarina.mx\/consejos\/wp-content\/uploads\/2026\/04\/Los-cientificos-descubren-una-proteina-que-puede-rejuvenecer-las-celulas.jpg\",\"keywords\":[\"C\u00e9lulas\",\"cerebrales\",\"cient\u00edficos\",\"descubren\",\"envejecidas\",\"Las\",\"los\",\"prote\u00edna\",\"puede\",\"rejuvenecer\",\"una\"],\"articleSection\":[\"Salud\"],\"inLanguage\":\"es\"},{\"@type\":\"WebPage\",\"@id\":\"https:\/\/stacatarina.mx\/consejos\/los-cientificos-descubren-una-proteina-que-puede-rejuvenecer-las-celulas-cerebrales-envejecidas\/\",\"url\":\"https:\/\/stacatarina.mx\/consejos\/los-cientificos-descubren-una-proteina-que-puede-rejuvenecer-las-celulas-cerebrales-envejecidas\/\",\"name\":\"Los cient\u00edficos descubren una prote\u00edna que puede rejuvenecer las c\u00e9lulas cerebrales envejecidas - Consejos - Santa Catarina\",\"isPartOf\":{\"@id\":\"https:\/\/stacatarina.mx\/consejos\/#website\"},\"primaryImageOfPage\":{\"@id\":\"https:\/\/stacatarina.mx\/consejos\/los-cientificos-descubren-una-proteina-que-puede-rejuvenecer-las-celulas-cerebrales-envejecidas\/#primaryimage\"},\"image\":{\"@id\":\"https:\/\/stacatarina.mx\/consejos\/los-cientificos-descubren-una-proteina-que-puede-rejuvenecer-las-celulas-cerebrales-envejecidas\/#primaryimage\"},\"thumbnailUrl\":\"https:\/\/stacatarina.mx\/consejos\/wp-content\/uploads\/2026\/04\/Los-cientificos-descubren-una-proteina-que-puede-rejuvenecer-las-celulas.jpg\",\"datePublished\":\"2026-04-25T09:52:27+00:00\",\"dateModified\":\"2026-04-25T09:52:29+00:00\",\"breadcrumb\":{\"@id\":\"https:\/\/stacatarina.mx\/consejos\/los-cientificos-descubren-una-proteina-que-puede-rejuvenecer-las-celulas-cerebrales-envejecidas\/#breadcrumb\"},\"inLanguage\":\"es\",\"potentialAction\":[{\"@type\":\"ReadAction\",\"target\":[\"https:\/\/stacatarina.mx\/consejos\/los-cientificos-descubren-una-proteina-que-puede-rejuvenecer-las-celulas-cerebrales-envejecidas\/\"]}]},{\"@type\":\"ImageObject\",\"inLanguage\":\"es\",\"@id\":\"https:\/\/stacatarina.mx\/consejos\/los-cientificos-descubren-una-proteina-que-puede-rejuvenecer-las-celulas-cerebrales-envejecidas\/#primaryimage\",\"url\":\"https:\/\/stacatarina.mx\/consejos\/wp-content\/uploads\/2026\/04\/Los-cientificos-descubren-una-proteina-que-puede-rejuvenecer-las-celulas.jpg\",\"contentUrl\":\"https:\/\/stacatarina.mx\/consejos\/wp-content\/uploads\/2026\/04\/Los-cientificos-descubren-una-proteina-que-puede-rejuvenecer-las-celulas.jpg\",\"width\":1500,\"height\":1000,\"caption\":\"cervello e cellule\"},{\"@type\":\"BreadcrumbList\",\"@id\":\"https:\/\/stacatarina.mx\/consejos\/los-cientificos-descubren-una-proteina-que-puede-rejuvenecer-las-celulas-cerebrales-envejecidas\/#breadcrumb\",\"itemListElement\":[{\"@type\":\"ListItem\",\"position\":1,\"name\":\"Inicio\",\"item\":\"https:\/\/stacatarina.mx\/consejos\/\"},{\"@type\":\"ListItem\",\"position\":2,\"name\":\"Los cient\u00edficos descubren una prote\u00edna que puede rejuvenecer las c\u00e9lulas cerebrales envejecidas\"}]},{\"@type\":\"WebSite\",\"@id\":\"https:\/\/stacatarina.mx\/consejos\/#website\",\"url\":\"https:\/\/stacatarina.mx\/consejos\/\",\"name\":\"Santa Catarina\",\"description\":\"\",\"publisher\":{\"@id\":\"https:\/\/stacatarina.mx\/consejos\/#organization\"},\"potentialAction\":[{\"@type\":\"SearchAction\",\"target\":{\"@type\":\"EntryPoint\",\"urlTemplate\":\"https:\/\/stacatarina.mx\/consejos\/?s={search_term_string}\"},\"query-input\":{\"@type\":\"PropertyValueSpecification\",\"valueRequired\":true,\"valueName\":\"search_term_string\"}}],\"inLanguage\":\"es\"},{\"@type\":\"Organization\",\"@id\":\"https:\/\/stacatarina.mx\/consejos\/#organization\",\"name\":\"Santa Catarina\",\"url\":\"https:\/\/stacatarina.mx\/consejos\/\",\"logo\":{\"@type\":\"ImageObject\",\"inLanguage\":\"es\",\"@id\":\"https:\/\/stacatarina.mx\/consejos\/#\/schema\/logo\/image\/\",\"url\":\"https:\/\/stacatarina.mx\/consejos\/wp-content\/uploads\/2024\/09\/cropped-favicon-1-1.png\",\"contentUrl\":\"https:\/\/stacatarina.mx\/consejos\/wp-content\/uploads\/2024\/09\/cropped-favicon-1-1.png\",\"width\":512,\"height\":512,\"caption\":\"Santa Catarina\"},\"image\":{\"@id\":\"https:\/\/stacatarina.mx\/consejos\/#\/schema\/logo\/image\/\"},\"sameAs\":[\"https:\/\/www.facebook.com\/stacatarinagob\/\",\"https:\/\/x.com\/stacatarinagob\",\"https:\/\/www.instagram.com\/stacatarinagob\/\",\"https:\/\/www.youtube.com\/channel\/UCK-6cQJL_904665N1_nLTWw\"]},{\"@type\":\"Person\",\"@id\":\"https:\/\/stacatarina.mx\/consejos\/#\/schema\/person\/0be60adffa8e4c4d0828fdf021450e8a\",\"name\":\"Pedro Mart\u00ednez\",\"image\":{\"@type\":\"ImageObject\",\"inLanguage\":\"es\",\"@id\":\"https:\/\/stacatarina.mx\/consejos\/#\/schema\/person\/image\/\",\"url\":\"https:\/\/stacatarina.mx\/consejos\/wp-content\/uploads\/2024\/09\/stacatarina.jpg\",\"contentUrl\":\"https:\/\/stacatarina.mx\/consejos\/wp-content\/uploads\/2024\/09\/stacatarina.jpg\",\"caption\":\"Pedro Mart\u00ednez\"},\"description\":\"Hola, soy Pedro Mart\u00ednez, redactor jefe del sitio oficial del ayuntamiento de Santa Catarina, en M\u00e9xico. Con m\u00e1s de diez a\u00f1os de experiencia en el periodismo local, tengo una pasi\u00f3n por la investigaci\u00f3n y la difusi\u00f3n de informaci\u00f3n que valoriza nuestra hermosa comunidad. Mi compromiso es hacer de Santa Catarina una referencia en materia de transparencia y comunicaci\u00f3n municipal.\",\"sameAs\":[\"https:\/\/stacatarina.mx\/\"]}]}<\/script>\n<!-- \/ Yoast SEO plugin. -->","yoast_head_json":{"title":"Los cient\u00edficos descubren una prote\u00edna que puede rejuvenecer las c\u00e9lulas cerebrales envejecidas - Consejos - Santa Catarina","robots":{"index":"index","follow":"follow","max-snippet":"max-snippet:-1","max-image-preview":"max-image-preview:large","max-video-preview":"max-video-preview:-1"},"canonical":"https:\/\/stacatarina.mx\/consejos\/los-cientificos-descubren-una-proteina-que-puede-rejuvenecer-las-celulas-cerebrales-envejecidas\/","og_locale":"es_MX","og_type":"article","og_title":"Los cient\u00edficos descubren una prote\u00edna que puede rejuvenecer las c\u00e9lulas cerebrales envejecidas - Consejos - Santa Catarina","og_description":"\u00bfY si nuestro cerebro todav\u00eda tuviera una carta que jugar contra el tiempo? Una nueva investigaci\u00f3n genera una esperanza concreta: una prote\u00edna llamada DMTF1 podr\u00eda","og_url":"https:\/\/stacatarina.mx\/consejos\/los-cientificos-descubren-una-proteina-que-puede-rejuvenecer-las-celulas-cerebrales-envejecidas\/","og_site_name":"Santa Catarina","article_publisher":"https:\/\/www.facebook.com\/stacatarinagob\/","article_published_time":"2026-04-25T09:52:27+00:00","article_modified_time":"2026-04-25T09:52:29+00:00","og_image":[{"width":1500,"height":1000,"url":"https:\/\/stacatarina.mx\/consejos\/wp-content\/uploads\/2026\/04\/Los-cientificos-descubren-una-proteina-que-puede-rejuvenecer-las-celulas.jpg","type":"image\/jpeg"}],"author":"Pedro Mart\u00ednez","twitter_card":"summary_large_image","twitter_creator":"@stacatarinagob","twitter_site":"@stacatarinagob","twitter_misc":{"Escrito por":"Pedro Mart\u00ednez","Tiempo de lectura":"3 minutos"},"schema":{"@context":"https:\/\/schema.org","@graph":[{"@type":"Article","@id":"https:\/\/stacatarina.mx\/consejos\/los-cientificos-descubren-una-proteina-que-puede-rejuvenecer-las-celulas-cerebrales-envejecidas\/#article","isPartOf":{"@id":"https:\/\/stacatarina.mx\/consejos\/los-cientificos-descubren-una-proteina-que-puede-rejuvenecer-las-celulas-cerebrales-envejecidas\/"},"author":{"name":"Pedro Mart\u00ednez","@id":"https:\/\/stacatarina.mx\/consejos\/#\/schema\/person\/0be60adffa8e4c4d0828fdf021450e8a"},"headline":"Los cient\u00edficos descubren una prote\u00edna que puede rejuvenecer las c\u00e9lulas cerebrales envejecidas","datePublished":"2026-04-25T09:52:27+00:00","dateModified":"2026-04-25T09:52:29+00:00","mainEntityOfPage":{"@id":"https:\/\/stacatarina.mx\/consejos\/los-cientificos-descubren-una-proteina-que-puede-rejuvenecer-las-celulas-cerebrales-envejecidas\/"},"wordCount":656,"publisher":{"@id":"https:\/\/stacatarina.mx\/consejos\/#organization"},"image":{"@id":"https:\/\/stacatarina.mx\/consejos\/los-cientificos-descubren-una-proteina-que-puede-rejuvenecer-las-celulas-cerebrales-envejecidas\/#primaryimage"},"thumbnailUrl":"https:\/\/stacatarina.mx\/consejos\/wp-content\/uploads\/2026\/04\/Los-cientificos-descubren-una-proteina-que-puede-rejuvenecer-las-celulas.jpg","keywords":["C\u00e9lulas","cerebrales","cient\u00edficos","descubren","envejecidas","Las","los","prote\u00edna","puede","rejuvenecer","una"],"articleSection":["Salud"],"inLanguage":"es"},{"@type":"WebPage","@id":"https:\/\/stacatarina.mx\/consejos\/los-cientificos-descubren-una-proteina-que-puede-rejuvenecer-las-celulas-cerebrales-envejecidas\/","url":"https:\/\/stacatarina.mx\/consejos\/los-cientificos-descubren-una-proteina-que-puede-rejuvenecer-las-celulas-cerebrales-envejecidas\/","name":"Los cient\u00edficos descubren una prote\u00edna que puede rejuvenecer las c\u00e9lulas cerebrales envejecidas - Consejos - Santa Catarina","isPartOf":{"@id":"https:\/\/stacatarina.mx\/consejos\/#website"},"primaryImageOfPage":{"@id":"https:\/\/stacatarina.mx\/consejos\/los-cientificos-descubren-una-proteina-que-puede-rejuvenecer-las-celulas-cerebrales-envejecidas\/#primaryimage"},"image":{"@id":"https:\/\/stacatarina.mx\/consejos\/los-cientificos-descubren-una-proteina-que-puede-rejuvenecer-las-celulas-cerebrales-envejecidas\/#primaryimage"},"thumbnailUrl":"https:\/\/stacatarina.mx\/consejos\/wp-content\/uploads\/2026\/04\/Los-cientificos-descubren-una-proteina-que-puede-rejuvenecer-las-celulas.jpg","datePublished":"2026-04-25T09:52:27+00:00","dateModified":"2026-04-25T09:52:29+00:00","breadcrumb":{"@id":"https:\/\/stacatarina.mx\/consejos\/los-cientificos-descubren-una-proteina-que-puede-rejuvenecer-las-celulas-cerebrales-envejecidas\/#breadcrumb"},"inLanguage":"es","potentialAction":[{"@type":"ReadAction","target":["https:\/\/stacatarina.mx\/consejos\/los-cientificos-descubren-una-proteina-que-puede-rejuvenecer-las-celulas-cerebrales-envejecidas\/"]}]},{"@type":"ImageObject","inLanguage":"es","@id":"https:\/\/stacatarina.mx\/consejos\/los-cientificos-descubren-una-proteina-que-puede-rejuvenecer-las-celulas-cerebrales-envejecidas\/#primaryimage","url":"https:\/\/stacatarina.mx\/consejos\/wp-content\/uploads\/2026\/04\/Los-cientificos-descubren-una-proteina-que-puede-rejuvenecer-las-celulas.jpg","contentUrl":"https:\/\/stacatarina.mx\/consejos\/wp-content\/uploads\/2026\/04\/Los-cientificos-descubren-una-proteina-que-puede-rejuvenecer-las-celulas.jpg","width":1500,"height":1000,"caption":"cervello e cellule"},{"@type":"BreadcrumbList","@id":"https:\/\/stacatarina.mx\/consejos\/los-cientificos-descubren-una-proteina-que-puede-rejuvenecer-las-celulas-cerebrales-envejecidas\/#breadcrumb","itemListElement":[{"@type":"ListItem","position":1,"name":"Inicio","item":"https:\/\/stacatarina.mx\/consejos\/"},{"@type":"ListItem","position":2,"name":"Los cient\u00edficos descubren una prote\u00edna que puede rejuvenecer las c\u00e9lulas cerebrales envejecidas"}]},{"@type":"WebSite","@id":"https:\/\/stacatarina.mx\/consejos\/#website","url":"https:\/\/stacatarina.mx\/consejos\/","name":"Santa Catarina","description":"","publisher":{"@id":"https:\/\/stacatarina.mx\/consejos\/#organization"},"potentialAction":[{"@type":"SearchAction","target":{"@type":"EntryPoint","urlTemplate":"https:\/\/stacatarina.mx\/consejos\/?s={search_term_string}"},"query-input":{"@type":"PropertyValueSpecification","valueRequired":true,"valueName":"search_term_string"}}],"inLanguage":"es"},{"@type":"Organization","@id":"https:\/\/stacatarina.mx\/consejos\/#organization","name":"Santa Catarina","url":"https:\/\/stacatarina.mx\/consejos\/","logo":{"@type":"ImageObject","inLanguage":"es","@id":"https:\/\/stacatarina.mx\/consejos\/#\/schema\/logo\/image\/","url":"https:\/\/stacatarina.mx\/consejos\/wp-content\/uploads\/2024\/09\/cropped-favicon-1-1.png","contentUrl":"https:\/\/stacatarina.mx\/consejos\/wp-content\/uploads\/2024\/09\/cropped-favicon-1-1.png","width":512,"height":512,"caption":"Santa Catarina"},"image":{"@id":"https:\/\/stacatarina.mx\/consejos\/#\/schema\/logo\/image\/"},"sameAs":["https:\/\/www.facebook.com\/stacatarinagob\/","https:\/\/x.com\/stacatarinagob","https:\/\/www.instagram.com\/stacatarinagob\/","https:\/\/www.youtube.com\/channel\/UCK-6cQJL_904665N1_nLTWw"]},{"@type":"Person","@id":"https:\/\/stacatarina.mx\/consejos\/#\/schema\/person\/0be60adffa8e4c4d0828fdf021450e8a","name":"Pedro Mart\u00ednez","image":{"@type":"ImageObject","inLanguage":"es","@id":"https:\/\/stacatarina.mx\/consejos\/#\/schema\/person\/image\/","url":"https:\/\/stacatarina.mx\/consejos\/wp-content\/uploads\/2024\/09\/stacatarina.jpg","contentUrl":"https:\/\/stacatarina.mx\/consejos\/wp-content\/uploads\/2024\/09\/stacatarina.jpg","caption":"Pedro Mart\u00ednez"},"description":"Hola, soy Pedro Mart\u00ednez, redactor jefe del sitio oficial del ayuntamiento de Santa Catarina, en M\u00e9xico. Con m\u00e1s de diez a\u00f1os de experiencia en el periodismo local, tengo una pasi\u00f3n por la investigaci\u00f3n y la difusi\u00f3n de informaci\u00f3n que valoriza nuestra hermosa comunidad. Mi compromiso es hacer de Santa Catarina una referencia en materia de transparencia y comunicaci\u00f3n municipal.","sameAs":["https:\/\/stacatarina.mx\/"]}]}},"_links":{"self":[{"href":"https:\/\/stacatarina.mx\/consejos\/wp-json\/wp\/v2\/posts\/8908"}],"collection":[{"href":"https:\/\/stacatarina.mx\/consejos\/wp-json\/wp\/v2\/posts"}],"about":[{"href":"https:\/\/stacatarina.mx\/consejos\/wp-json\/wp\/v2\/types\/post"}],"author":[{"embeddable":true,"href":"https:\/\/stacatarina.mx\/consejos\/wp-json\/wp\/v2\/users\/1"}],"replies":[{"embeddable":true,"href":"https:\/\/stacatarina.mx\/consejos\/wp-json\/wp\/v2\/comments?post=8908"}],"version-history":[{"count":1,"href":"https:\/\/stacatarina.mx\/consejos\/wp-json\/wp\/v2\/posts\/8908\/revisions"}],"predecessor-version":[{"id":8910,"href":"https:\/\/stacatarina.mx\/consejos\/wp-json\/wp\/v2\/posts\/8908\/revisions\/8910"}],"wp:featuredmedia":[{"embeddable":true,"href":"https:\/\/stacatarina.mx\/consejos\/wp-json\/wp\/v2\/media\/8909"}],"wp:attachment":[{"href":"https:\/\/stacatarina.mx\/consejos\/wp-json\/wp\/v2\/media?parent=8908"}],"wp:term":[{"taxonomy":"category","embeddable":true,"href":"https:\/\/stacatarina.mx\/consejos\/wp-json\/wp\/v2\/categories?post=8908"},{"taxonomy":"post_tag","embeddable":true,"href":"https:\/\/stacatarina.mx\/consejos\/wp-json\/wp\/v2\/tags?post=8908"}],"curies":[{"name":"wp","href":"https:\/\/api.w.org\/{rel}","templated":true}]}}