{"id":8914,"date":"2026-04-25T08:52:45","date_gmt":"2026-04-25T14:52:45","guid":{"rendered":"https:\/\/stacatarina.mx\/consejos\/si-escuchar-a-la-gente-masticar-te-enoja-es-posible-que-estes-sufriendo-de-ansiedad-depresion-y-trastorno-de-estres-postraumatico\/"},"modified":"2026-04-25T08:52:47","modified_gmt":"2026-04-25T14:52:47","slug":"si-escuchar-a-la-gente-masticar-te-enoja-es-posible-que-estes-sufriendo-de-ansiedad-depresion-y-trastorno-de-estres-postraumatico","status":"publish","type":"post","link":"https:\/\/stacatarina.mx\/consejos\/si-escuchar-a-la-gente-masticar-te-enoja-es-posible-que-estes-sufriendo-de-ansiedad-depresion-y-trastorno-de-estres-postraumatico\/","title":{"rendered":"Si escuchar a la gente masticar te enoja, es posible que est\u00e9s sufriendo de ansiedad, depresi\u00f3n y trastorno de estr\u00e9s postraum\u00e1tico."},"content":{"rendered":"<p><\/p>\n<p>Nada es suficiente en la mesa. Una galleta rota entre los dientes, la respiraci\u00f3n de alguien sentado a tu lado, el chasquido agudo de un bol\u00edgrafo en una reuni\u00f3n. Para muchos son ruidos que se escapan. Para quienes viven con misofon\u00eda, sin embargo, llegan como un shock: los latidos del coraz\u00f3n se aceleran, los m\u00fasculos se ponen r\u00edgidos, surge una ira repentina o la necesidad f\u00edsica de irse. En los \u00faltimos a\u00f1os, las investigaciones han dado l\u00edneas m\u00e1s claras a esta experiencia: se habla de una tolerancia reducida hacia sonidos espec\u00edficos, o hacia est\u00edmulos vinculados a esos sonidos, con reacciones emocionales, f\u00edsicas y conductuales desproporcionadas con lo que realmente est\u00e1 sucediendo.<\/p>\n<p>Durante mucho tiempo incluso falt\u00f3 la palabra. En una muestra representativa del Reino Unido publicada en 2023, el 18,4% de las personas estaban por encima del umbral de misofon\u00eda cl\u00ednicamente significativa, pero solo el 13,6% hab\u00eda escuchado el t\u00e9rmino antes. Jane Gregory, psic\u00f3loga cl\u00ednica de Oxford, explic\u00f3 que aqu\u00ed no estamos hablando de simple molestia: entran en juego la impotencia, el atrapamiento, la huida, la verg\u00fcenza por la forma en que uno reacciona a los sonidos producidos a menudo por personas cercanas a uno. Es tambi\u00e9n por esta raz\u00f3n que la misofon\u00eda se infiltra en la vida social: almuerzos evitados, habitaciones abandonadas repentinamente, relaciones tensas por ruidos que a los dem\u00e1s les parecen nada.<\/p>\n<p>El tema que m\u00e1s pesa hoy en d\u00eda es el de la salud mental. Un estudio de 2026 de una muestra representativa de adultos estadounidenses encontr\u00f3 que el 62,5% de las personas con misofon\u00eda informaron al menos un diagn\u00f3stico psicol\u00f3gico en su vida. Los m\u00e1s frecuentes fueron la depresi\u00f3n, con un 48,9%, y los trastornos de ansiedad, con un 46,7%. Los autores tambi\u00e9n encontraron una mayor probabilidad de informar s\u00edntomas actuales en las \u00e1reas psicol\u00f3gica y auditiva-sensorial en comparaci\u00f3n con aquellos sin misofon\u00eda. La imagen que surge es la de una condici\u00f3n que a menudo se entrelaza con otros trastornos y que requiere una interpretaci\u00f3n mucho m\u00e1s seria que el habitual &#8220;eres demasiado sensible&#8221;.<\/p>\n<p>En el aspecto biol\u00f3gico, el trabajo dirigido por Dirk Smit en \u00c1msterdam ha aportado una pieza importante. El estudio gen\u00e9tico publicado en 2023 encontr\u00f3 correlaciones entre un s\u00edntoma misof\u00f3nico t\u00edpico, es decir, la ira ante los ruidos de masticaci\u00f3n, y perfiles gen\u00e9ticos relacionados con el trastorno de estr\u00e9s postraum\u00e1tico, la depresi\u00f3n mayor, la ansiedad generalizada y el tinnitus. En el mismo trabajo se agrup\u00f3 la misofon\u00eda con rasgos como el neuroticismo, la culpa, la irritabilidad, la tensi\u00f3n y la sensibilidad. Traducido del lenguaje t\u00e9cnico: el cerebro que explota ante un sonido ordinario parece compartir parte de su vulnerabilidad con sistemas psicol\u00f3gicos ya conocidos en la cl\u00ednica de trauma y ansiedad.<\/p>\n<h2>En el cerebro el gatillo pesa como una amenaza real<\/h2>\n<p>La neurobiolog\u00eda tambi\u00e9n va en la misma direcci\u00f3n. En un estudio de neuroimagen, las se\u00f1ales audiovisuales t\u00edpicas de la misofon\u00eda, como masticar ruidosamente o respirar con dificultad, provocaron una mayor actividad en los pacientes en la \u00ednsula, la corteza cingulada anterior y las \u00e1reas temporales superiores, junto con un aumento de la frecuencia card\u00edaca. Son \u00e1reas involucradas en detectar lo que el cerebro considera saliente, urgente, digno de atenci\u00f3n inmediata. Vista desde adentro, la respuesta tiene poco que ver con una leve irritaci\u00f3n: m\u00e1s bien como una alarma que suena demasiado pronto y demasiado tarde.<\/p>\n<p>Desde aqu\u00ed tambi\u00e9n podemos entender mejor esa sensaci\u00f3n de encarcelamiento que mucha gente describe. Un trabajo publicado entre 2025 y 2026 vincula la gravedad de la misofon\u00eda con una mayor cavilaci\u00f3n y una menor flexibilidad cognitiva: el pensamiento se atasca, lucha por cambiar de marcha, vuelve una y otra vez al desencadenante y a la emoci\u00f3n que ese desencadenante encendi\u00f3. La literatura sigue siendo cautelosa sobre la direcci\u00f3n del v\u00ednculo, porque la pregunta m\u00e1s dif\u00edcil a\u00fan est\u00e1 abierta: \u00bfla vulnerabilidad psicol\u00f3gica es lo primero o es lo primero la fatiga cr\u00f3nica de vivir con este trastorno? Pero una cosa se puede ver: la imagen se vuelve menos borrosa.<\/p>\n<h2>Autismo, hiperacusia y tinnitus<\/h2>\n<p>Uno de los puntos m\u00e1s sorprendentes se refiere al autismo. Durante a\u00f1os, muchos m\u00e9dicos y observadores han imaginado una superposici\u00f3n casi natural, dada la frecuencia de las sensibilidades sensoriales en el espectro del autismo. Los datos gen\u00e9ticos recogidos por el grupo de Smit sugieren, en cambio, una relativa independencia entre las dos condiciones en t\u00e9rminos de variaci\u00f3n gen\u00f3mica, con una correlaci\u00f3n negativa que ha sorprendido a muchos investigadores. Esto no excluye la posibilidad de que una persona autista pueda tener experiencias sonoras muy dif\u00edciles. Sin embargo, cambia el l\u00edmite: la misofon\u00eda, al menos dentro de este tipo de an\u00e1lisis, sigue su propia trayectoria.<\/p>\n<p>La distinci\u00f3n con hiperacusia tambi\u00e9n merece atenci\u00f3n, porque fuera de la cl\u00ednica ambas palabras acaban a menudo en el mismo caj\u00f3n. En la hiperacusia, el volumen del sonido, percibido como demasiado alto o doloroso, es especialmente importante. En la misofon\u00eda, sin embargo, pesa mucho el patr\u00f3n del desencadenante, su significado, su textura repetitiva, muchas veces ligada a la boca, la nariz, los dedos, los peque\u00f1os gestos humanos. Una persona puede tolerar el tr\u00e1fico, las aspiradoras o la m\u00fasica alta y perder el control cuando algo cruje a s\u00f3lo unos cent\u00edmetros de distancia. Es aqu\u00ed donde la condici\u00f3n muestra su lado m\u00e1s inquietante: todo parte de un m\u00ednimo detalle y ese detalle se apodera de toda la escena.<\/p>\n<p>En este cuadro tambi\u00e9n entra el tinnitus, con el que la misofon\u00eda muestra algunas zonas de contacto. El estudio gen\u00e9tico de Amsterdam encontr\u00f3 una correlaci\u00f3n significativa, y revisiones posteriores han seguido describiendo puntos de superposici\u00f3n entre la prominencia alterada, la excitaci\u00f3n auton\u00f3mica y el malestar psicol\u00f3gico. Las cifras exactas cambian de un estudio a otro, por lo que el terreno sigue cambiando. La direcci\u00f3n general, sin embargo, parece clara: los cap\u00edtulos auditivo y emocional se comunican entre s\u00ed mucho m\u00e1s de lo que se pensaba anteriormente.<\/p>\n<p>La parte m\u00e1s importante, quiz\u00e1s, radica en lo que este nuevo marco devuelve a quienes han estado viviendo en silencio con la misofon\u00eda durante a\u00f1os. Las investigaciones ya han abierto v\u00edas terap\u00e9uticas concretas, especialmente en el frente de la Terapia Cognitivo-Conductual, con protocolos que trabajan la regulaci\u00f3n emocional, la atenci\u00f3n, las creencias, las estrategias de evitaci\u00f3n y la capacidad de permanecer en el cuerpo cuando llega el desencadenante. Los datos a\u00fan son recientes, las muestras suelen ser peque\u00f1as y los modelos cl\u00ednicos a\u00fan se est\u00e1n estableciendo. Pero una cosa ya est\u00e1 clara: la idea de car\u00e1cter extra\u00f1o pierde peso, mientras que la de una condici\u00f3n real, mensurable y tratable gana fuerza. Para aquellos que durante a\u00f1os s\u00f3lo se han sentido irritables, caprichosos o equivocados, la cosa cambia mucho. Cambiar el nombre de las cosas. Y a veces el resto tambi\u00e9n cambia.<\/p><\/p>\n","protected":false},"excerpt":{"rendered":"<p>Nada es suficiente en la mesa. Una galleta rota entre los dientes, la respiraci\u00f3n de alguien sentado a tu lado, el chasquido agudo de un<\/p>\n","protected":false},"author":1,"featured_media":8915,"comment_status":"closed","ping_status":"","sticky":false,"template":"","format":"standard","meta":{"footnotes":""},"categories":[762],"tags":[1054,2579,7191,3727,3133,403,5783,8583,3200,8584,8374,3796],"class_list":["post-8914","post","type-post","status-publish","format-standard","has-post-thumbnail","hentry","category-salud","tag-ansiedad","tag-depresion","tag-enoja","tag-escuchar","tag-estes","tag-estres","tag-gente","tag-masticar","tag-posible","tag-postraumatico","tag-sufriendo","tag-trastorno","generate-columns","tablet-grid-50","mobile-grid-100","grid-parent","grid-50"],"yoast_head":"<!-- This site is optimized with the Yoast SEO plugin v23.4 - https:\/\/yoast.com\/wordpress\/plugins\/seo\/ -->\n<title>Si escuchar a la gente masticar te enoja, es posible que est\u00e9s sufriendo de ansiedad, depresi\u00f3n y trastorno de estr\u00e9s postraum\u00e1tico. - Consejos - Santa Catarina<\/title>\n<meta name=\"robots\" content=\"index, follow, max-snippet:-1, max-image-preview:large, max-video-preview:-1\" \/>\n<link rel=\"canonical\" href=\"https:\/\/stacatarina.mx\/consejos\/si-escuchar-a-la-gente-masticar-te-enoja-es-posible-que-estes-sufriendo-de-ansiedad-depresion-y-trastorno-de-estres-postraumatico\/\" \/>\n<meta property=\"og:locale\" content=\"es_MX\" \/>\n<meta property=\"og:type\" content=\"article\" \/>\n<meta property=\"og:title\" content=\"Si escuchar a la gente masticar te enoja, es posible que est\u00e9s sufriendo de ansiedad, depresi\u00f3n y trastorno de estr\u00e9s postraum\u00e1tico. - Consejos - Santa Catarina\" \/>\n<meta property=\"og:description\" content=\"Nada es suficiente en la mesa. Una galleta rota entre los dientes, la respiraci\u00f3n de alguien sentado a tu lado, el chasquido agudo de un\" \/>\n<meta property=\"og:url\" content=\"https:\/\/stacatarina.mx\/consejos\/si-escuchar-a-la-gente-masticar-te-enoja-es-posible-que-estes-sufriendo-de-ansiedad-depresion-y-trastorno-de-estres-postraumatico\/\" \/>\n<meta property=\"og:site_name\" content=\"Santa Catarina\" \/>\n<meta property=\"article:publisher\" content=\"https:\/\/www.facebook.com\/stacatarinagob\/\" \/>\n<meta property=\"article:published_time\" content=\"2026-04-25T14:52:45+00:00\" \/>\n<meta property=\"article:modified_time\" content=\"2026-04-25T14:52:47+00:00\" \/>\n<meta property=\"og:image\" content=\"https:\/\/stacatarina.mx\/consejos\/wp-content\/uploads\/2026\/04\/Si-escuchar-a-la-gente-masticar-te-enoja-es-posible.jpg\" \/>\n\t<meta property=\"og:image:width\" content=\"1500\" \/>\n\t<meta property=\"og:image:height\" content=\"1000\" \/>\n\t<meta property=\"og:image:type\" content=\"image\/jpeg\" \/>\n<meta name=\"author\" content=\"Pedro Mart\u00ednez\" \/>\n<meta name=\"twitter:card\" content=\"summary_large_image\" \/>\n<meta name=\"twitter:creator\" content=\"@stacatarinagob\" \/>\n<meta name=\"twitter:site\" content=\"@stacatarinagob\" \/>\n<meta name=\"twitter:label1\" content=\"Escrito por\" \/>\n\t<meta name=\"twitter:data1\" content=\"Pedro Mart\u00ednez\" \/>\n\t<meta name=\"twitter:label2\" content=\"Tiempo de lectura\" \/>\n\t<meta name=\"twitter:data2\" content=\"6 minutos\" \/>\n<script type=\"application\/ld+json\" class=\"yoast-schema-graph\">{\"@context\":\"https:\/\/schema.org\",\"@graph\":[{\"@type\":\"Article\",\"@id\":\"https:\/\/stacatarina.mx\/consejos\/si-escuchar-a-la-gente-masticar-te-enoja-es-posible-que-estes-sufriendo-de-ansiedad-depresion-y-trastorno-de-estres-postraumatico\/#article\",\"isPartOf\":{\"@id\":\"https:\/\/stacatarina.mx\/consejos\/si-escuchar-a-la-gente-masticar-te-enoja-es-posible-que-estes-sufriendo-de-ansiedad-depresion-y-trastorno-de-estres-postraumatico\/\"},\"author\":{\"name\":\"Pedro Mart\u00ednez\",\"@id\":\"https:\/\/stacatarina.mx\/consejos\/#\/schema\/person\/0be60adffa8e4c4d0828fdf021450e8a\"},\"headline\":\"Si escuchar a la gente masticar te enoja, es posible que est\u00e9s sufriendo de ansiedad, depresi\u00f3n y trastorno de estr\u00e9s postraum\u00e1tico.\",\"datePublished\":\"2026-04-25T14:52:45+00:00\",\"dateModified\":\"2026-04-25T14:52:47+00:00\",\"mainEntityOfPage\":{\"@id\":\"https:\/\/stacatarina.mx\/consejos\/si-escuchar-a-la-gente-masticar-te-enoja-es-posible-que-estes-sufriendo-de-ansiedad-depresion-y-trastorno-de-estres-postraumatico\/\"},\"wordCount\":1264,\"publisher\":{\"@id\":\"https:\/\/stacatarina.mx\/consejos\/#organization\"},\"image\":{\"@id\":\"https:\/\/stacatarina.mx\/consejos\/si-escuchar-a-la-gente-masticar-te-enoja-es-posible-que-estes-sufriendo-de-ansiedad-depresion-y-trastorno-de-estres-postraumatico\/#primaryimage\"},\"thumbnailUrl\":\"https:\/\/stacatarina.mx\/consejos\/wp-content\/uploads\/2026\/04\/Si-escuchar-a-la-gente-masticar-te-enoja-es-posible.jpg\",\"keywords\":[\"ansiedad\",\"depresi\u00f3n\",\"enoja\",\"escuchar\",\"est\u00e9s\",\"estr\u00e9s\",\"gente\",\"masticar\",\"posible\",\"postraum\u00e1tico\",\"sufriendo\",\"trastorno\"],\"articleSection\":[\"Salud\"],\"inLanguage\":\"es\"},{\"@type\":\"WebPage\",\"@id\":\"https:\/\/stacatarina.mx\/consejos\/si-escuchar-a-la-gente-masticar-te-enoja-es-posible-que-estes-sufriendo-de-ansiedad-depresion-y-trastorno-de-estres-postraumatico\/\",\"url\":\"https:\/\/stacatarina.mx\/consejos\/si-escuchar-a-la-gente-masticar-te-enoja-es-posible-que-estes-sufriendo-de-ansiedad-depresion-y-trastorno-de-estres-postraumatico\/\",\"name\":\"Si escuchar a la gente masticar te enoja, es posible que est\u00e9s sufriendo de ansiedad, depresi\u00f3n y trastorno de estr\u00e9s postraum\u00e1tico. - Consejos - Santa Catarina\",\"isPartOf\":{\"@id\":\"https:\/\/stacatarina.mx\/consejos\/#website\"},\"primaryImageOfPage\":{\"@id\":\"https:\/\/stacatarina.mx\/consejos\/si-escuchar-a-la-gente-masticar-te-enoja-es-posible-que-estes-sufriendo-de-ansiedad-depresion-y-trastorno-de-estres-postraumatico\/#primaryimage\"},\"image\":{\"@id\":\"https:\/\/stacatarina.mx\/consejos\/si-escuchar-a-la-gente-masticar-te-enoja-es-posible-que-estes-sufriendo-de-ansiedad-depresion-y-trastorno-de-estres-postraumatico\/#primaryimage\"},\"thumbnailUrl\":\"https:\/\/stacatarina.mx\/consejos\/wp-content\/uploads\/2026\/04\/Si-escuchar-a-la-gente-masticar-te-enoja-es-posible.jpg\",\"datePublished\":\"2026-04-25T14:52:45+00:00\",\"dateModified\":\"2026-04-25T14:52:47+00:00\",\"breadcrumb\":{\"@id\":\"https:\/\/stacatarina.mx\/consejos\/si-escuchar-a-la-gente-masticar-te-enoja-es-posible-que-estes-sufriendo-de-ansiedad-depresion-y-trastorno-de-estres-postraumatico\/#breadcrumb\"},\"inLanguage\":\"es\",\"potentialAction\":[{\"@type\":\"ReadAction\",\"target\":[\"https:\/\/stacatarina.mx\/consejos\/si-escuchar-a-la-gente-masticar-te-enoja-es-posible-que-estes-sufriendo-de-ansiedad-depresion-y-trastorno-de-estres-postraumatico\/\"]}]},{\"@type\":\"ImageObject\",\"inLanguage\":\"es\",\"@id\":\"https:\/\/stacatarina.mx\/consejos\/si-escuchar-a-la-gente-masticar-te-enoja-es-posible-que-estes-sufriendo-de-ansiedad-depresion-y-trastorno-de-estres-postraumatico\/#primaryimage\",\"url\":\"https:\/\/stacatarina.mx\/consejos\/wp-content\/uploads\/2026\/04\/Si-escuchar-a-la-gente-masticar-te-enoja-es-posible.jpg\",\"contentUrl\":\"https:\/\/stacatarina.mx\/consejos\/wp-content\/uploads\/2026\/04\/Si-escuchar-a-la-gente-masticar-te-enoja-es-posible.jpg\",\"width\":1500,\"height\":1000,\"caption\":\"misofonia\"},{\"@type\":\"BreadcrumbList\",\"@id\":\"https:\/\/stacatarina.mx\/consejos\/si-escuchar-a-la-gente-masticar-te-enoja-es-posible-que-estes-sufriendo-de-ansiedad-depresion-y-trastorno-de-estres-postraumatico\/#breadcrumb\",\"itemListElement\":[{\"@type\":\"ListItem\",\"position\":1,\"name\":\"Inicio\",\"item\":\"https:\/\/stacatarina.mx\/consejos\/\"},{\"@type\":\"ListItem\",\"position\":2,\"name\":\"Si escuchar a la gente masticar te enoja, es posible que est\u00e9s sufriendo de ansiedad, depresi\u00f3n y trastorno de estr\u00e9s postraum\u00e1tico.\"}]},{\"@type\":\"WebSite\",\"@id\":\"https:\/\/stacatarina.mx\/consejos\/#website\",\"url\":\"https:\/\/stacatarina.mx\/consejos\/\",\"name\":\"Santa Catarina\",\"description\":\"\",\"publisher\":{\"@id\":\"https:\/\/stacatarina.mx\/consejos\/#organization\"},\"potentialAction\":[{\"@type\":\"SearchAction\",\"target\":{\"@type\":\"EntryPoint\",\"urlTemplate\":\"https:\/\/stacatarina.mx\/consejos\/?s={search_term_string}\"},\"query-input\":{\"@type\":\"PropertyValueSpecification\",\"valueRequired\":true,\"valueName\":\"search_term_string\"}}],\"inLanguage\":\"es\"},{\"@type\":\"Organization\",\"@id\":\"https:\/\/stacatarina.mx\/consejos\/#organization\",\"name\":\"Santa Catarina\",\"url\":\"https:\/\/stacatarina.mx\/consejos\/\",\"logo\":{\"@type\":\"ImageObject\",\"inLanguage\":\"es\",\"@id\":\"https:\/\/stacatarina.mx\/consejos\/#\/schema\/logo\/image\/\",\"url\":\"https:\/\/stacatarina.mx\/consejos\/wp-content\/uploads\/2024\/09\/cropped-favicon-1-1.png\",\"contentUrl\":\"https:\/\/stacatarina.mx\/consejos\/wp-content\/uploads\/2024\/09\/cropped-favicon-1-1.png\",\"width\":512,\"height\":512,\"caption\":\"Santa Catarina\"},\"image\":{\"@id\":\"https:\/\/stacatarina.mx\/consejos\/#\/schema\/logo\/image\/\"},\"sameAs\":[\"https:\/\/www.facebook.com\/stacatarinagob\/\",\"https:\/\/x.com\/stacatarinagob\",\"https:\/\/www.instagram.com\/stacatarinagob\/\",\"https:\/\/www.youtube.com\/channel\/UCK-6cQJL_904665N1_nLTWw\"]},{\"@type\":\"Person\",\"@id\":\"https:\/\/stacatarina.mx\/consejos\/#\/schema\/person\/0be60adffa8e4c4d0828fdf021450e8a\",\"name\":\"Pedro Mart\u00ednez\",\"image\":{\"@type\":\"ImageObject\",\"inLanguage\":\"es\",\"@id\":\"https:\/\/stacatarina.mx\/consejos\/#\/schema\/person\/image\/\",\"url\":\"https:\/\/stacatarina.mx\/consejos\/wp-content\/uploads\/2024\/09\/stacatarina.jpg\",\"contentUrl\":\"https:\/\/stacatarina.mx\/consejos\/wp-content\/uploads\/2024\/09\/stacatarina.jpg\",\"caption\":\"Pedro Mart\u00ednez\"},\"description\":\"Hola, soy Pedro Mart\u00ednez, redactor jefe del sitio oficial del ayuntamiento de Santa Catarina, en M\u00e9xico. Con m\u00e1s de diez a\u00f1os de experiencia en el periodismo local, tengo una pasi\u00f3n por la investigaci\u00f3n y la difusi\u00f3n de informaci\u00f3n que valoriza nuestra hermosa comunidad. Mi compromiso es hacer de Santa Catarina una referencia en materia de transparencia y comunicaci\u00f3n municipal.\",\"sameAs\":[\"https:\/\/stacatarina.mx\/\"]}]}<\/script>\n<!-- \/ Yoast SEO plugin. -->","yoast_head_json":{"title":"Si escuchar a la gente masticar te enoja, es posible que est\u00e9s sufriendo de ansiedad, depresi\u00f3n y trastorno de estr\u00e9s postraum\u00e1tico. - Consejos - Santa Catarina","robots":{"index":"index","follow":"follow","max-snippet":"max-snippet:-1","max-image-preview":"max-image-preview:large","max-video-preview":"max-video-preview:-1"},"canonical":"https:\/\/stacatarina.mx\/consejos\/si-escuchar-a-la-gente-masticar-te-enoja-es-posible-que-estes-sufriendo-de-ansiedad-depresion-y-trastorno-de-estres-postraumatico\/","og_locale":"es_MX","og_type":"article","og_title":"Si escuchar a la gente masticar te enoja, es posible que est\u00e9s sufriendo de ansiedad, depresi\u00f3n y trastorno de estr\u00e9s postraum\u00e1tico. - Consejos - Santa Catarina","og_description":"Nada es suficiente en la mesa. Una galleta rota entre los dientes, la respiraci\u00f3n de alguien sentado a tu lado, el chasquido agudo de un","og_url":"https:\/\/stacatarina.mx\/consejos\/si-escuchar-a-la-gente-masticar-te-enoja-es-posible-que-estes-sufriendo-de-ansiedad-depresion-y-trastorno-de-estres-postraumatico\/","og_site_name":"Santa Catarina","article_publisher":"https:\/\/www.facebook.com\/stacatarinagob\/","article_published_time":"2026-04-25T14:52:45+00:00","article_modified_time":"2026-04-25T14:52:47+00:00","og_image":[{"width":1500,"height":1000,"url":"https:\/\/stacatarina.mx\/consejos\/wp-content\/uploads\/2026\/04\/Si-escuchar-a-la-gente-masticar-te-enoja-es-posible.jpg","type":"image\/jpeg"}],"author":"Pedro Mart\u00ednez","twitter_card":"summary_large_image","twitter_creator":"@stacatarinagob","twitter_site":"@stacatarinagob","twitter_misc":{"Escrito por":"Pedro Mart\u00ednez","Tiempo de lectura":"6 minutos"},"schema":{"@context":"https:\/\/schema.org","@graph":[{"@type":"Article","@id":"https:\/\/stacatarina.mx\/consejos\/si-escuchar-a-la-gente-masticar-te-enoja-es-posible-que-estes-sufriendo-de-ansiedad-depresion-y-trastorno-de-estres-postraumatico\/#article","isPartOf":{"@id":"https:\/\/stacatarina.mx\/consejos\/si-escuchar-a-la-gente-masticar-te-enoja-es-posible-que-estes-sufriendo-de-ansiedad-depresion-y-trastorno-de-estres-postraumatico\/"},"author":{"name":"Pedro Mart\u00ednez","@id":"https:\/\/stacatarina.mx\/consejos\/#\/schema\/person\/0be60adffa8e4c4d0828fdf021450e8a"},"headline":"Si escuchar a la gente masticar te enoja, es posible que est\u00e9s sufriendo de ansiedad, depresi\u00f3n y trastorno de estr\u00e9s postraum\u00e1tico.","datePublished":"2026-04-25T14:52:45+00:00","dateModified":"2026-04-25T14:52:47+00:00","mainEntityOfPage":{"@id":"https:\/\/stacatarina.mx\/consejos\/si-escuchar-a-la-gente-masticar-te-enoja-es-posible-que-estes-sufriendo-de-ansiedad-depresion-y-trastorno-de-estres-postraumatico\/"},"wordCount":1264,"publisher":{"@id":"https:\/\/stacatarina.mx\/consejos\/#organization"},"image":{"@id":"https:\/\/stacatarina.mx\/consejos\/si-escuchar-a-la-gente-masticar-te-enoja-es-posible-que-estes-sufriendo-de-ansiedad-depresion-y-trastorno-de-estres-postraumatico\/#primaryimage"},"thumbnailUrl":"https:\/\/stacatarina.mx\/consejos\/wp-content\/uploads\/2026\/04\/Si-escuchar-a-la-gente-masticar-te-enoja-es-posible.jpg","keywords":["ansiedad","depresi\u00f3n","enoja","escuchar","est\u00e9s","estr\u00e9s","gente","masticar","posible","postraum\u00e1tico","sufriendo","trastorno"],"articleSection":["Salud"],"inLanguage":"es"},{"@type":"WebPage","@id":"https:\/\/stacatarina.mx\/consejos\/si-escuchar-a-la-gente-masticar-te-enoja-es-posible-que-estes-sufriendo-de-ansiedad-depresion-y-trastorno-de-estres-postraumatico\/","url":"https:\/\/stacatarina.mx\/consejos\/si-escuchar-a-la-gente-masticar-te-enoja-es-posible-que-estes-sufriendo-de-ansiedad-depresion-y-trastorno-de-estres-postraumatico\/","name":"Si escuchar a la gente masticar te enoja, es posible que est\u00e9s sufriendo de ansiedad, depresi\u00f3n y trastorno de estr\u00e9s postraum\u00e1tico. - Consejos - Santa Catarina","isPartOf":{"@id":"https:\/\/stacatarina.mx\/consejos\/#website"},"primaryImageOfPage":{"@id":"https:\/\/stacatarina.mx\/consejos\/si-escuchar-a-la-gente-masticar-te-enoja-es-posible-que-estes-sufriendo-de-ansiedad-depresion-y-trastorno-de-estres-postraumatico\/#primaryimage"},"image":{"@id":"https:\/\/stacatarina.mx\/consejos\/si-escuchar-a-la-gente-masticar-te-enoja-es-posible-que-estes-sufriendo-de-ansiedad-depresion-y-trastorno-de-estres-postraumatico\/#primaryimage"},"thumbnailUrl":"https:\/\/stacatarina.mx\/consejos\/wp-content\/uploads\/2026\/04\/Si-escuchar-a-la-gente-masticar-te-enoja-es-posible.jpg","datePublished":"2026-04-25T14:52:45+00:00","dateModified":"2026-04-25T14:52:47+00:00","breadcrumb":{"@id":"https:\/\/stacatarina.mx\/consejos\/si-escuchar-a-la-gente-masticar-te-enoja-es-posible-que-estes-sufriendo-de-ansiedad-depresion-y-trastorno-de-estres-postraumatico\/#breadcrumb"},"inLanguage":"es","potentialAction":[{"@type":"ReadAction","target":["https:\/\/stacatarina.mx\/consejos\/si-escuchar-a-la-gente-masticar-te-enoja-es-posible-que-estes-sufriendo-de-ansiedad-depresion-y-trastorno-de-estres-postraumatico\/"]}]},{"@type":"ImageObject","inLanguage":"es","@id":"https:\/\/stacatarina.mx\/consejos\/si-escuchar-a-la-gente-masticar-te-enoja-es-posible-que-estes-sufriendo-de-ansiedad-depresion-y-trastorno-de-estres-postraumatico\/#primaryimage","url":"https:\/\/stacatarina.mx\/consejos\/wp-content\/uploads\/2026\/04\/Si-escuchar-a-la-gente-masticar-te-enoja-es-posible.jpg","contentUrl":"https:\/\/stacatarina.mx\/consejos\/wp-content\/uploads\/2026\/04\/Si-escuchar-a-la-gente-masticar-te-enoja-es-posible.jpg","width":1500,"height":1000,"caption":"misofonia"},{"@type":"BreadcrumbList","@id":"https:\/\/stacatarina.mx\/consejos\/si-escuchar-a-la-gente-masticar-te-enoja-es-posible-que-estes-sufriendo-de-ansiedad-depresion-y-trastorno-de-estres-postraumatico\/#breadcrumb","itemListElement":[{"@type":"ListItem","position":1,"name":"Inicio","item":"https:\/\/stacatarina.mx\/consejos\/"},{"@type":"ListItem","position":2,"name":"Si escuchar a la gente masticar te enoja, es posible que est\u00e9s sufriendo de ansiedad, depresi\u00f3n y trastorno de estr\u00e9s postraum\u00e1tico."}]},{"@type":"WebSite","@id":"https:\/\/stacatarina.mx\/consejos\/#website","url":"https:\/\/stacatarina.mx\/consejos\/","name":"Santa Catarina","description":"","publisher":{"@id":"https:\/\/stacatarina.mx\/consejos\/#organization"},"potentialAction":[{"@type":"SearchAction","target":{"@type":"EntryPoint","urlTemplate":"https:\/\/stacatarina.mx\/consejos\/?s={search_term_string}"},"query-input":{"@type":"PropertyValueSpecification","valueRequired":true,"valueName":"search_term_string"}}],"inLanguage":"es"},{"@type":"Organization","@id":"https:\/\/stacatarina.mx\/consejos\/#organization","name":"Santa Catarina","url":"https:\/\/stacatarina.mx\/consejos\/","logo":{"@type":"ImageObject","inLanguage":"es","@id":"https:\/\/stacatarina.mx\/consejos\/#\/schema\/logo\/image\/","url":"https:\/\/stacatarina.mx\/consejos\/wp-content\/uploads\/2024\/09\/cropped-favicon-1-1.png","contentUrl":"https:\/\/stacatarina.mx\/consejos\/wp-content\/uploads\/2024\/09\/cropped-favicon-1-1.png","width":512,"height":512,"caption":"Santa Catarina"},"image":{"@id":"https:\/\/stacatarina.mx\/consejos\/#\/schema\/logo\/image\/"},"sameAs":["https:\/\/www.facebook.com\/stacatarinagob\/","https:\/\/x.com\/stacatarinagob","https:\/\/www.instagram.com\/stacatarinagob\/","https:\/\/www.youtube.com\/channel\/UCK-6cQJL_904665N1_nLTWw"]},{"@type":"Person","@id":"https:\/\/stacatarina.mx\/consejos\/#\/schema\/person\/0be60adffa8e4c4d0828fdf021450e8a","name":"Pedro Mart\u00ednez","image":{"@type":"ImageObject","inLanguage":"es","@id":"https:\/\/stacatarina.mx\/consejos\/#\/schema\/person\/image\/","url":"https:\/\/stacatarina.mx\/consejos\/wp-content\/uploads\/2024\/09\/stacatarina.jpg","contentUrl":"https:\/\/stacatarina.mx\/consejos\/wp-content\/uploads\/2024\/09\/stacatarina.jpg","caption":"Pedro Mart\u00ednez"},"description":"Hola, soy Pedro Mart\u00ednez, redactor jefe del sitio oficial del ayuntamiento de Santa Catarina, en M\u00e9xico. Con m\u00e1s de diez a\u00f1os de experiencia en el periodismo local, tengo una pasi\u00f3n por la investigaci\u00f3n y la difusi\u00f3n de informaci\u00f3n que valoriza nuestra hermosa comunidad. Mi compromiso es hacer de Santa Catarina una referencia en materia de transparencia y comunicaci\u00f3n municipal.","sameAs":["https:\/\/stacatarina.mx\/"]}]}},"_links":{"self":[{"href":"https:\/\/stacatarina.mx\/consejos\/wp-json\/wp\/v2\/posts\/8914"}],"collection":[{"href":"https:\/\/stacatarina.mx\/consejos\/wp-json\/wp\/v2\/posts"}],"about":[{"href":"https:\/\/stacatarina.mx\/consejos\/wp-json\/wp\/v2\/types\/post"}],"author":[{"embeddable":true,"href":"https:\/\/stacatarina.mx\/consejos\/wp-json\/wp\/v2\/users\/1"}],"replies":[{"embeddable":true,"href":"https:\/\/stacatarina.mx\/consejos\/wp-json\/wp\/v2\/comments?post=8914"}],"version-history":[{"count":1,"href":"https:\/\/stacatarina.mx\/consejos\/wp-json\/wp\/v2\/posts\/8914\/revisions"}],"predecessor-version":[{"id":8916,"href":"https:\/\/stacatarina.mx\/consejos\/wp-json\/wp\/v2\/posts\/8914\/revisions\/8916"}],"wp:featuredmedia":[{"embeddable":true,"href":"https:\/\/stacatarina.mx\/consejos\/wp-json\/wp\/v2\/media\/8915"}],"wp:attachment":[{"href":"https:\/\/stacatarina.mx\/consejos\/wp-json\/wp\/v2\/media?parent=8914"}],"wp:term":[{"taxonomy":"category","embeddable":true,"href":"https:\/\/stacatarina.mx\/consejos\/wp-json\/wp\/v2\/categories?post=8914"},{"taxonomy":"post_tag","embeddable":true,"href":"https:\/\/stacatarina.mx\/consejos\/wp-json\/wp\/v2\/tags?post=8914"}],"curies":[{"name":"wp","href":"https:\/\/api.w.org\/{rel}","templated":true}]}}