{"id":8920,"date":"2026-04-25T13:53:41","date_gmt":"2026-04-25T19:53:41","guid":{"rendered":"https:\/\/stacatarina.mx\/consejos\/bebemos-porque-nos-sentimos-deprimidos-o-nos-sentimos-deprimidos-porque-bebemos-un-nuevo-estudio-tiene-la-respuesta\/"},"modified":"2026-04-25T13:53:43","modified_gmt":"2026-04-25T19:53:43","slug":"bebemos-porque-nos-sentimos-deprimidos-o-nos-sentimos-deprimidos-porque-bebemos-un-nuevo-estudio-tiene-la-respuesta","status":"publish","type":"post","link":"https:\/\/stacatarina.mx\/consejos\/bebemos-porque-nos-sentimos-deprimidos-o-nos-sentimos-deprimidos-porque-bebemos-un-nuevo-estudio-tiene-la-respuesta\/","title":{"rendered":"\u00bfBebemos porque nos sentimos deprimidos o nos sentimos deprimidos porque bebemos? Un nuevo estudio tiene la respuesta"},"content":{"rendered":"<p><\/p>\n<p>Hay h\u00e1bitos que parecen peque\u00f1os hasta convertirse en una forma de estar en el mundo. Un vaso por la noche para liberar tensiones. Uno m\u00e1s cuando el d\u00eda se puso de lado. Entonces queda esa vieja pregunta que ronda desde hace a\u00f1os, siempre la misma y siempre inc\u00f3moda: \u00bfbebes m\u00e1s porque tu estado de \u00e1nimo empeora, o tu estado de \u00e1nimo empeora porque bebes? Dentro de esta especie de nudo, la psicolog\u00eda y la salud p\u00fablica se mueven desde hace d\u00e9cadas, con estudios a menudo contradictorios, muestras diferentes y resultados que luchan por mantenerse en l\u00ednea. Un nuevo trabajo publicado en <em>Revista de trastornos afectivos<\/em> intenta poner un orden m\u00e1s claro y lo hace partiendo de la gente corriente, lejos de los casos cl\u00ednicos m\u00e1s extremos. La cuesti\u00f3n que se desprende es s\u00f3lo aparentemente sencilla: cuando el bienestar emocional se mantiene mejor, el consumo de alcohol en los meses siguientes tiende a aumentar menos o a reducirse.<\/p>\n<p>Durante a\u00f1os el problema fue entender de d\u00f3nde part\u00eda el movimiento. La coexistencia entre el sufrimiento psicol\u00f3gico y el consumo de alcohol se conoce desde hace tiempo, pero la direcci\u00f3n sigue siendo opaca. Una posibilidad consideraba que el alcohol era el motor del deterioro mental. Otro interpret\u00f3 el malestar como un empuj\u00f3n hacia la bebida. Un tercero imagin\u00f3 un circuito que se alimenta a s\u00ed mismo. Entretanto, una enorme cantidad de estudios se construyeron de manera diferente: diferentes herramientas para medir el consumo de alcohol, diferentes escalas para medir el estado de \u00e1nimo, f\u00f3rmulas estad\u00edsticas cambiadas de un grupo a otro, factores sociales corregidos en algunos casos y toscos en otros. Con premisas similares, igualar los resultados se volvi\u00f3 casi imposible. Los mismos autores recuerdan que gran parte de la literatura anterior se centr\u00f3 en personas que ya se encontraban en v\u00edas cl\u00ednicas de abuso o dependencia grave, un terreno muy diferente al de la poblaci\u00f3n general.<\/p>\n<p>El equipo de investigaci\u00f3n trabaj\u00f3 en Greifswald, en el noreste de Alemania, reclutando participantes en una oficina de registro municipal, el lugar donde quienes se mudan de casa deben registrar oficialmente su nueva direcci\u00f3n. Es una elecci\u00f3n menos banal de lo que parece, porque evita algunos de los filtros propios de los estudios hospitalarios o de los cuestionarios online cumplimentados por voluntarios ya muy motivados. La muestra final incluy\u00f3 a 816 adultos entre 18 y 64 a\u00f1os, el 57,5% mujeres, todos compartiendo un criterio m\u00ednimo: haber bebido al menos una vez en los doce meses anteriores.<\/p>\n<p>Esa muestra provino del grupo de control del ensayo PRINT, un proyecto m\u00e1s amplio sobre prevenci\u00f3n del alcohol. Los autores eligieron el grupo de control para observar la progresi\u00f3n natural de los h\u00e1bitos, sin el efecto de una intervenci\u00f3n activa que pudiera haber ensuciado el panorama. Las mediciones se realizaron en cuatro momentos: al principio, luego a los 3 meses, 6 meses y 12 meses. Los operadores que realizaron los seguimientos telef\u00f3nicos desconoc\u00edan a qu\u00e9 grupo original pertenec\u00eda cada participante, un detalle t\u00e9cnico que sirve para mantener m\u00e1s limpia la recolecci\u00f3n de datos. Despu\u00e9s de diez intentos telef\u00f3nicos fallidos, se envi\u00f3 un cuestionario equivalente por correo electr\u00f3nico o postal. Por cada paso realizado hab\u00eda un vale de 5 euros.<\/p>\n<p>Aqu\u00ed el dibujo importa mucho, porque una fotograf\u00eda tomada una sola vez s\u00f3lo demuestra que conviven dos cosas al mismo tiempo. En cambio, un seguimiento de un a\u00f1o nos permite ver qui\u00e9n act\u00faa primero. Es una marcada diferencia. En un caso tienes una coincidencia. En el otro empiezas a ver una direcci\u00f3n.<\/p>\n<h2>C\u00f3mo midieron el alcohol y el bienestar mental<\/h2>\n<p>Para medir el consumo de alcohol, los investigadores utilizaron un \u00edndice de cantidad-frecuencia. Preguntaron cu\u00e1ntas veces hab\u00edan bebido cada uno en los \u00faltimos 30 d\u00edas y cu\u00e1ntas unidades de alcohol beb\u00edan habitualmente en los d\u00edas que beb\u00edan. De all\u00ed derivaron el total mensual. En su esquema, una bebida est\u00e1ndar equival\u00eda a un vaso est\u00e1ndar de cerveza, un vaso peque\u00f1o de vino o vino espumoso o una dosis est\u00e1ndar de bebidas espirituosas. El objetivo era evitar el vago \u201cbebo un poco\u201d o \u201cbebo mucho\u201d y traducir el h\u00e1bito en una cifra comparable.<\/p>\n<p>Para la salud mental utilizaron el Inventario de Salud Mental de 5 preguntas, el llamado MHI-5. Las preguntas abarcaron los \u00faltimos 30 d\u00edas y abordaron el nerviosismo, la tristeza, la calma, el estado de \u00e1nimo y la felicidad. Las respuestas se transformaron en una puntuaci\u00f3n de 0 a 100: cuanto mayor sea la puntuaci\u00f3n, mejor ser\u00e1 el bienestar emocional. Es una herramienta r\u00e1pida, \u00fatil para comprender el estado psicol\u00f3gico general, aunque no sustituye a un diagn\u00f3stico cl\u00ednico real de depresi\u00f3n o trastorno de ansiedad. Este paso es importante, porque el estudio habla de equilibrio emocional en la poblaci\u00f3n general, no de pacientes evaluados con un recorrido psiqui\u00e1trico completo.<\/p>\n<p>La parte m\u00e1s interesante viene despu\u00e9s, con el modelo estad\u00edstico elegido por el equipo: el modelo de puntuaci\u00f3n de cambio latente, un sistema que compara diferentes hip\u00f3tesis sobre c\u00f3mo dos variables cambian con el tiempo. Los autores probaron cuatro escenarios. En el primero, el alcohol y la salud mental iban por caminos separados. En el segundo, fue el alcohol el que provoc\u00f3 cambios de humor posteriores. En el tercero, fue la salud mental la que gui\u00f3 el consumo futuro de alcohol. En el cuarto, los dos factores se influyeron mutuamente de forma continua. El modelo que mejor se ajustaba a los datos fue el tercero. En pocas palabras: una mejor salud mental en un momento se asoci\u00f3 con un menor consumo de alcohol en los meses siguientes; lo contrario no surgi\u00f3 con la misma fuerza estad\u00edstica.<\/p>\n<h2>Lo que vieron en los doce meses de seguimiento.<\/h2>\n<p>Durante los doce meses, el consumo mensual promedio de todo el grupo aument\u00f3 algo: de 8,97 bebidas al inicio a 10,66 despu\u00e9s de un a\u00f1o. Se trata de un crecimiento limitado, alejado de los cuadros m\u00e1s serios que se ven en contextos especializados, pero suficiente para mostrar un detalle \u00fatil. Dentro de ese ligero aumento general, las personas con mejores puntuaciones de salud mental mostraron un aumento m\u00e1s lento o una tendencia m\u00e1s modesta. El bienestar psicol\u00f3gico, dicho de un modo muy terrenal, parec\u00eda actuar como un freno.<\/p>\n<p>Es aqu\u00ed donde el estudio deja de parecer un asunto de profesionales y pasa a ser material de la medicina cotidiana. Si el malestar emocional es lo primero y luego la bebida, entonces trabajar la estabilidad, el estr\u00e9s, la tristeza persistente y la fatiga mental tambi\u00e9n puede tener un efecto indirecto sobre los h\u00e1bitos alcoh\u00f3licos. Los autores lo escriben claramente: evaluar el estado psicol\u00f3gico podr\u00eda ayudar a interceptar de antemano a quienes corren el riesgo de aumentar el consumo.<\/p>\n<p>Por supuesto, el trabajo tiene limitaciones que no deber\u00edan esconderse debajo de la alfombra. La muestra bebi\u00f3 poco en promedio en comparaci\u00f3n con los grupos cl\u00ednicos; por lo tanto, estos resultados se refieren principalmente a usuarios comunes, no a adicciones graves. Todos los datos son autoinformes, es decir, basados \u200b\u200ben lo que la gente dice que bebi\u00f3 y oli\u00f3: un m\u00e9todo \u00fatil, pero expuesto a una memoria inexacta y a una deseabilidad social. Tambi\u00e9n hubo un problema t\u00e9cnico al comienzo del estudio: aproximadamente una cuarta parte de la muestra no recibi\u00f3 inmediatamente el cuestionario MHI-5, y los datos faltantes fueron tratados con procedimientos estad\u00edsticos dise\u00f1ados para recuperar la mayor cantidad posible sin desechar todo el caso. Entonces persiste la limitaci\u00f3n del instrumento corto: el MHI-5 es \u00e1gil y pr\u00e1ctico, pero no proporciona un diagn\u00f3stico psiqui\u00e1trico.<\/p>\n<p>Pese a ello, el trabajo deja algo sobre la mesa que es dif\u00edcil de ignorar. Sobre la relaci\u00f3n entre alcohol y salud mental, al menos en esta muestra, la direcci\u00f3n m\u00e1s clara va del equilibrio emocional al consumo posterior. El vaso suele llegar m\u00e1s tarde. Y mucho antes de la contra el partido ya hab\u00eda comenzado.<\/p><\/p>\n","protected":false},"excerpt":{"rendered":"<p>Hay h\u00e1bitos que parecen peque\u00f1os hasta convertirse en una forma de estar en el mundo. Un vaso por la noche para liberar tensiones. Uno m\u00e1s<\/p>\n","protected":false},"author":1,"featured_media":8921,"comment_status":"closed","ping_status":"","sticky":false,"template":"","format":"standard","meta":{"footnotes":""},"categories":[762],"tags":[5163,8589,219,297,218,1863,321,8588,944],"class_list":["post-8920","post","type-post","status-publish","format-standard","has-post-thumbnail","hentry","category-salud","tag-bebemos","tag-deprimidos","tag-estudio","tag-nos","tag-nuevo","tag-porque","tag-respuesta","tag-sentimos","tag-tiene","generate-columns","tablet-grid-50","mobile-grid-100","grid-parent","grid-50"],"yoast_head":"<!-- This site is optimized with the Yoast SEO plugin v23.4 - https:\/\/yoast.com\/wordpress\/plugins\/seo\/ -->\n<title>\u00bfBebemos porque nos sentimos deprimidos o nos sentimos deprimidos porque bebemos? Un nuevo estudio tiene la respuesta - Consejos - Santa Catarina<\/title>\n<meta name=\"robots\" content=\"index, follow, max-snippet:-1, max-image-preview:large, max-video-preview:-1\" \/>\n<link rel=\"canonical\" href=\"https:\/\/stacatarina.mx\/consejos\/bebemos-porque-nos-sentimos-deprimidos-o-nos-sentimos-deprimidos-porque-bebemos-un-nuevo-estudio-tiene-la-respuesta\/\" \/>\n<meta property=\"og:locale\" content=\"es_MX\" \/>\n<meta property=\"og:type\" content=\"article\" \/>\n<meta property=\"og:title\" content=\"\u00bfBebemos porque nos sentimos deprimidos o nos sentimos deprimidos porque bebemos? Un nuevo estudio tiene la respuesta - Consejos - Santa Catarina\" \/>\n<meta property=\"og:description\" content=\"Hay h\u00e1bitos que parecen peque\u00f1os hasta convertirse en una forma de estar en el mundo. Un vaso por la noche para liberar tensiones. Uno m\u00e1s\" \/>\n<meta property=\"og:url\" content=\"https:\/\/stacatarina.mx\/consejos\/bebemos-porque-nos-sentimos-deprimidos-o-nos-sentimos-deprimidos-porque-bebemos-un-nuevo-estudio-tiene-la-respuesta\/\" \/>\n<meta property=\"og:site_name\" content=\"Santa Catarina\" \/>\n<meta property=\"article:publisher\" content=\"https:\/\/www.facebook.com\/stacatarinagob\/\" \/>\n<meta property=\"article:published_time\" content=\"2026-04-25T19:53:41+00:00\" \/>\n<meta property=\"article:modified_time\" content=\"2026-04-25T19:53:43+00:00\" \/>\n<meta property=\"og:image\" content=\"https:\/\/stacatarina.mx\/consejos\/wp-content\/uploads\/2026\/04\/\u00bfBebemos-porque-nos-sentimos-deprimidos-o-nos-sentimos-deprimidos-porque.jpg\" \/>\n\t<meta property=\"og:image:width\" content=\"1500\" \/>\n\t<meta property=\"og:image:height\" content=\"1000\" \/>\n\t<meta property=\"og:image:type\" content=\"image\/jpeg\" \/>\n<meta name=\"author\" content=\"Pedro Mart\u00ednez\" \/>\n<meta name=\"twitter:card\" content=\"summary_large_image\" \/>\n<meta name=\"twitter:creator\" content=\"@stacatarinagob\" \/>\n<meta name=\"twitter:site\" content=\"@stacatarinagob\" \/>\n<meta name=\"twitter:label1\" content=\"Escrito por\" \/>\n\t<meta name=\"twitter:data1\" content=\"Pedro Mart\u00ednez\" \/>\n\t<meta name=\"twitter:label2\" content=\"Tiempo de lectura\" \/>\n\t<meta name=\"twitter:data2\" content=\"7 minutos\" \/>\n<script type=\"application\/ld+json\" class=\"yoast-schema-graph\">{\"@context\":\"https:\/\/schema.org\",\"@graph\":[{\"@type\":\"Article\",\"@id\":\"https:\/\/stacatarina.mx\/consejos\/bebemos-porque-nos-sentimos-deprimidos-o-nos-sentimos-deprimidos-porque-bebemos-un-nuevo-estudio-tiene-la-respuesta\/#article\",\"isPartOf\":{\"@id\":\"https:\/\/stacatarina.mx\/consejos\/bebemos-porque-nos-sentimos-deprimidos-o-nos-sentimos-deprimidos-porque-bebemos-un-nuevo-estudio-tiene-la-respuesta\/\"},\"author\":{\"name\":\"Pedro Mart\u00ednez\",\"@id\":\"https:\/\/stacatarina.mx\/consejos\/#\/schema\/person\/0be60adffa8e4c4d0828fdf021450e8a\"},\"headline\":\"\u00bfBebemos porque nos sentimos deprimidos o nos sentimos deprimidos porque bebemos? Un nuevo estudio tiene la respuesta\",\"datePublished\":\"2026-04-25T19:53:41+00:00\",\"dateModified\":\"2026-04-25T19:53:43+00:00\",\"mainEntityOfPage\":{\"@id\":\"https:\/\/stacatarina.mx\/consejos\/bebemos-porque-nos-sentimos-deprimidos-o-nos-sentimos-deprimidos-porque-bebemos-un-nuevo-estudio-tiene-la-respuesta\/\"},\"wordCount\":1408,\"publisher\":{\"@id\":\"https:\/\/stacatarina.mx\/consejos\/#organization\"},\"image\":{\"@id\":\"https:\/\/stacatarina.mx\/consejos\/bebemos-porque-nos-sentimos-deprimidos-o-nos-sentimos-deprimidos-porque-bebemos-un-nuevo-estudio-tiene-la-respuesta\/#primaryimage\"},\"thumbnailUrl\":\"https:\/\/stacatarina.mx\/consejos\/wp-content\/uploads\/2026\/04\/\u00bfBebemos-porque-nos-sentimos-deprimidos-o-nos-sentimos-deprimidos-porque.jpg\",\"keywords\":[\"bebemos\",\"deprimidos\",\"estudio\",\"nos\",\"nuevo\",\"porque\",\"Respuesta\",\"sentimos\",\"tiene\"],\"articleSection\":[\"Salud\"],\"inLanguage\":\"es\"},{\"@type\":\"WebPage\",\"@id\":\"https:\/\/stacatarina.mx\/consejos\/bebemos-porque-nos-sentimos-deprimidos-o-nos-sentimos-deprimidos-porque-bebemos-un-nuevo-estudio-tiene-la-respuesta\/\",\"url\":\"https:\/\/stacatarina.mx\/consejos\/bebemos-porque-nos-sentimos-deprimidos-o-nos-sentimos-deprimidos-porque-bebemos-un-nuevo-estudio-tiene-la-respuesta\/\",\"name\":\"\u00bfBebemos porque nos sentimos deprimidos o nos sentimos deprimidos porque bebemos? Un nuevo estudio tiene la respuesta - Consejos - Santa Catarina\",\"isPartOf\":{\"@id\":\"https:\/\/stacatarina.mx\/consejos\/#website\"},\"primaryImageOfPage\":{\"@id\":\"https:\/\/stacatarina.mx\/consejos\/bebemos-porque-nos-sentimos-deprimidos-o-nos-sentimos-deprimidos-porque-bebemos-un-nuevo-estudio-tiene-la-respuesta\/#primaryimage\"},\"image\":{\"@id\":\"https:\/\/stacatarina.mx\/consejos\/bebemos-porque-nos-sentimos-deprimidos-o-nos-sentimos-deprimidos-porque-bebemos-un-nuevo-estudio-tiene-la-respuesta\/#primaryimage\"},\"thumbnailUrl\":\"https:\/\/stacatarina.mx\/consejos\/wp-content\/uploads\/2026\/04\/\u00bfBebemos-porque-nos-sentimos-deprimidos-o-nos-sentimos-deprimidos-porque.jpg\",\"datePublished\":\"2026-04-25T19:53:41+00:00\",\"dateModified\":\"2026-04-25T19:53:43+00:00\",\"breadcrumb\":{\"@id\":\"https:\/\/stacatarina.mx\/consejos\/bebemos-porque-nos-sentimos-deprimidos-o-nos-sentimos-deprimidos-porque-bebemos-un-nuevo-estudio-tiene-la-respuesta\/#breadcrumb\"},\"inLanguage\":\"es\",\"potentialAction\":[{\"@type\":\"ReadAction\",\"target\":[\"https:\/\/stacatarina.mx\/consejos\/bebemos-porque-nos-sentimos-deprimidos-o-nos-sentimos-deprimidos-porque-bebemos-un-nuevo-estudio-tiene-la-respuesta\/\"]}]},{\"@type\":\"ImageObject\",\"inLanguage\":\"es\",\"@id\":\"https:\/\/stacatarina.mx\/consejos\/bebemos-porque-nos-sentimos-deprimidos-o-nos-sentimos-deprimidos-porque-bebemos-un-nuevo-estudio-tiene-la-respuesta\/#primaryimage\",\"url\":\"https:\/\/stacatarina.mx\/consejos\/wp-content\/uploads\/2026\/04\/\u00bfBebemos-porque-nos-sentimos-deprimidos-o-nos-sentimos-deprimidos-porque.jpg\",\"contentUrl\":\"https:\/\/stacatarina.mx\/consejos\/wp-content\/uploads\/2026\/04\/\u00bfBebemos-porque-nos-sentimos-deprimidos-o-nos-sentimos-deprimidos-porque.jpg\",\"width\":1500,\"height\":1000,\"caption\":\"bere vino\"},{\"@type\":\"BreadcrumbList\",\"@id\":\"https:\/\/stacatarina.mx\/consejos\/bebemos-porque-nos-sentimos-deprimidos-o-nos-sentimos-deprimidos-porque-bebemos-un-nuevo-estudio-tiene-la-respuesta\/#breadcrumb\",\"itemListElement\":[{\"@type\":\"ListItem\",\"position\":1,\"name\":\"Inicio\",\"item\":\"https:\/\/stacatarina.mx\/consejos\/\"},{\"@type\":\"ListItem\",\"position\":2,\"name\":\"\u00bfBebemos porque nos sentimos deprimidos o nos sentimos deprimidos porque bebemos? Un nuevo estudio tiene la respuesta\"}]},{\"@type\":\"WebSite\",\"@id\":\"https:\/\/stacatarina.mx\/consejos\/#website\",\"url\":\"https:\/\/stacatarina.mx\/consejos\/\",\"name\":\"Santa Catarina\",\"description\":\"\",\"publisher\":{\"@id\":\"https:\/\/stacatarina.mx\/consejos\/#organization\"},\"potentialAction\":[{\"@type\":\"SearchAction\",\"target\":{\"@type\":\"EntryPoint\",\"urlTemplate\":\"https:\/\/stacatarina.mx\/consejos\/?s={search_term_string}\"},\"query-input\":{\"@type\":\"PropertyValueSpecification\",\"valueRequired\":true,\"valueName\":\"search_term_string\"}}],\"inLanguage\":\"es\"},{\"@type\":\"Organization\",\"@id\":\"https:\/\/stacatarina.mx\/consejos\/#organization\",\"name\":\"Santa Catarina\",\"url\":\"https:\/\/stacatarina.mx\/consejos\/\",\"logo\":{\"@type\":\"ImageObject\",\"inLanguage\":\"es\",\"@id\":\"https:\/\/stacatarina.mx\/consejos\/#\/schema\/logo\/image\/\",\"url\":\"https:\/\/stacatarina.mx\/consejos\/wp-content\/uploads\/2024\/09\/cropped-favicon-1-1.png\",\"contentUrl\":\"https:\/\/stacatarina.mx\/consejos\/wp-content\/uploads\/2024\/09\/cropped-favicon-1-1.png\",\"width\":512,\"height\":512,\"caption\":\"Santa Catarina\"},\"image\":{\"@id\":\"https:\/\/stacatarina.mx\/consejos\/#\/schema\/logo\/image\/\"},\"sameAs\":[\"https:\/\/www.facebook.com\/stacatarinagob\/\",\"https:\/\/x.com\/stacatarinagob\",\"https:\/\/www.instagram.com\/stacatarinagob\/\",\"https:\/\/www.youtube.com\/channel\/UCK-6cQJL_904665N1_nLTWw\"]},{\"@type\":\"Person\",\"@id\":\"https:\/\/stacatarina.mx\/consejos\/#\/schema\/person\/0be60adffa8e4c4d0828fdf021450e8a\",\"name\":\"Pedro Mart\u00ednez\",\"image\":{\"@type\":\"ImageObject\",\"inLanguage\":\"es\",\"@id\":\"https:\/\/stacatarina.mx\/consejos\/#\/schema\/person\/image\/\",\"url\":\"https:\/\/stacatarina.mx\/consejos\/wp-content\/uploads\/2024\/09\/stacatarina.jpg\",\"contentUrl\":\"https:\/\/stacatarina.mx\/consejos\/wp-content\/uploads\/2024\/09\/stacatarina.jpg\",\"caption\":\"Pedro Mart\u00ednez\"},\"description\":\"Hola, soy Pedro Mart\u00ednez, redactor jefe del sitio oficial del ayuntamiento de Santa Catarina, en M\u00e9xico. Con m\u00e1s de diez a\u00f1os de experiencia en el periodismo local, tengo una pasi\u00f3n por la investigaci\u00f3n y la difusi\u00f3n de informaci\u00f3n que valoriza nuestra hermosa comunidad. Mi compromiso es hacer de Santa Catarina una referencia en materia de transparencia y comunicaci\u00f3n municipal.\",\"sameAs\":[\"https:\/\/stacatarina.mx\/\"]}]}<\/script>\n<!-- \/ Yoast SEO plugin. -->","yoast_head_json":{"title":"\u00bfBebemos porque nos sentimos deprimidos o nos sentimos deprimidos porque bebemos? Un nuevo estudio tiene la respuesta - Consejos - Santa Catarina","robots":{"index":"index","follow":"follow","max-snippet":"max-snippet:-1","max-image-preview":"max-image-preview:large","max-video-preview":"max-video-preview:-1"},"canonical":"https:\/\/stacatarina.mx\/consejos\/bebemos-porque-nos-sentimos-deprimidos-o-nos-sentimos-deprimidos-porque-bebemos-un-nuevo-estudio-tiene-la-respuesta\/","og_locale":"es_MX","og_type":"article","og_title":"\u00bfBebemos porque nos sentimos deprimidos o nos sentimos deprimidos porque bebemos? Un nuevo estudio tiene la respuesta - Consejos - Santa Catarina","og_description":"Hay h\u00e1bitos que parecen peque\u00f1os hasta convertirse en una forma de estar en el mundo. Un vaso por la noche para liberar tensiones. Uno m\u00e1s","og_url":"https:\/\/stacatarina.mx\/consejos\/bebemos-porque-nos-sentimos-deprimidos-o-nos-sentimos-deprimidos-porque-bebemos-un-nuevo-estudio-tiene-la-respuesta\/","og_site_name":"Santa Catarina","article_publisher":"https:\/\/www.facebook.com\/stacatarinagob\/","article_published_time":"2026-04-25T19:53:41+00:00","article_modified_time":"2026-04-25T19:53:43+00:00","og_image":[{"width":1500,"height":1000,"url":"https:\/\/stacatarina.mx\/consejos\/wp-content\/uploads\/2026\/04\/\u00bfBebemos-porque-nos-sentimos-deprimidos-o-nos-sentimos-deprimidos-porque.jpg","type":"image\/jpeg"}],"author":"Pedro Mart\u00ednez","twitter_card":"summary_large_image","twitter_creator":"@stacatarinagob","twitter_site":"@stacatarinagob","twitter_misc":{"Escrito por":"Pedro Mart\u00ednez","Tiempo de lectura":"7 minutos"},"schema":{"@context":"https:\/\/schema.org","@graph":[{"@type":"Article","@id":"https:\/\/stacatarina.mx\/consejos\/bebemos-porque-nos-sentimos-deprimidos-o-nos-sentimos-deprimidos-porque-bebemos-un-nuevo-estudio-tiene-la-respuesta\/#article","isPartOf":{"@id":"https:\/\/stacatarina.mx\/consejos\/bebemos-porque-nos-sentimos-deprimidos-o-nos-sentimos-deprimidos-porque-bebemos-un-nuevo-estudio-tiene-la-respuesta\/"},"author":{"name":"Pedro Mart\u00ednez","@id":"https:\/\/stacatarina.mx\/consejos\/#\/schema\/person\/0be60adffa8e4c4d0828fdf021450e8a"},"headline":"\u00bfBebemos porque nos sentimos deprimidos o nos sentimos deprimidos porque bebemos? Un nuevo estudio tiene la respuesta","datePublished":"2026-04-25T19:53:41+00:00","dateModified":"2026-04-25T19:53:43+00:00","mainEntityOfPage":{"@id":"https:\/\/stacatarina.mx\/consejos\/bebemos-porque-nos-sentimos-deprimidos-o-nos-sentimos-deprimidos-porque-bebemos-un-nuevo-estudio-tiene-la-respuesta\/"},"wordCount":1408,"publisher":{"@id":"https:\/\/stacatarina.mx\/consejos\/#organization"},"image":{"@id":"https:\/\/stacatarina.mx\/consejos\/bebemos-porque-nos-sentimos-deprimidos-o-nos-sentimos-deprimidos-porque-bebemos-un-nuevo-estudio-tiene-la-respuesta\/#primaryimage"},"thumbnailUrl":"https:\/\/stacatarina.mx\/consejos\/wp-content\/uploads\/2026\/04\/\u00bfBebemos-porque-nos-sentimos-deprimidos-o-nos-sentimos-deprimidos-porque.jpg","keywords":["bebemos","deprimidos","estudio","nos","nuevo","porque","Respuesta","sentimos","tiene"],"articleSection":["Salud"],"inLanguage":"es"},{"@type":"WebPage","@id":"https:\/\/stacatarina.mx\/consejos\/bebemos-porque-nos-sentimos-deprimidos-o-nos-sentimos-deprimidos-porque-bebemos-un-nuevo-estudio-tiene-la-respuesta\/","url":"https:\/\/stacatarina.mx\/consejos\/bebemos-porque-nos-sentimos-deprimidos-o-nos-sentimos-deprimidos-porque-bebemos-un-nuevo-estudio-tiene-la-respuesta\/","name":"\u00bfBebemos porque nos sentimos deprimidos o nos sentimos deprimidos porque bebemos? Un nuevo estudio tiene la respuesta - Consejos - Santa Catarina","isPartOf":{"@id":"https:\/\/stacatarina.mx\/consejos\/#website"},"primaryImageOfPage":{"@id":"https:\/\/stacatarina.mx\/consejos\/bebemos-porque-nos-sentimos-deprimidos-o-nos-sentimos-deprimidos-porque-bebemos-un-nuevo-estudio-tiene-la-respuesta\/#primaryimage"},"image":{"@id":"https:\/\/stacatarina.mx\/consejos\/bebemos-porque-nos-sentimos-deprimidos-o-nos-sentimos-deprimidos-porque-bebemos-un-nuevo-estudio-tiene-la-respuesta\/#primaryimage"},"thumbnailUrl":"https:\/\/stacatarina.mx\/consejos\/wp-content\/uploads\/2026\/04\/\u00bfBebemos-porque-nos-sentimos-deprimidos-o-nos-sentimos-deprimidos-porque.jpg","datePublished":"2026-04-25T19:53:41+00:00","dateModified":"2026-04-25T19:53:43+00:00","breadcrumb":{"@id":"https:\/\/stacatarina.mx\/consejos\/bebemos-porque-nos-sentimos-deprimidos-o-nos-sentimos-deprimidos-porque-bebemos-un-nuevo-estudio-tiene-la-respuesta\/#breadcrumb"},"inLanguage":"es","potentialAction":[{"@type":"ReadAction","target":["https:\/\/stacatarina.mx\/consejos\/bebemos-porque-nos-sentimos-deprimidos-o-nos-sentimos-deprimidos-porque-bebemos-un-nuevo-estudio-tiene-la-respuesta\/"]}]},{"@type":"ImageObject","inLanguage":"es","@id":"https:\/\/stacatarina.mx\/consejos\/bebemos-porque-nos-sentimos-deprimidos-o-nos-sentimos-deprimidos-porque-bebemos-un-nuevo-estudio-tiene-la-respuesta\/#primaryimage","url":"https:\/\/stacatarina.mx\/consejos\/wp-content\/uploads\/2026\/04\/\u00bfBebemos-porque-nos-sentimos-deprimidos-o-nos-sentimos-deprimidos-porque.jpg","contentUrl":"https:\/\/stacatarina.mx\/consejos\/wp-content\/uploads\/2026\/04\/\u00bfBebemos-porque-nos-sentimos-deprimidos-o-nos-sentimos-deprimidos-porque.jpg","width":1500,"height":1000,"caption":"bere vino"},{"@type":"BreadcrumbList","@id":"https:\/\/stacatarina.mx\/consejos\/bebemos-porque-nos-sentimos-deprimidos-o-nos-sentimos-deprimidos-porque-bebemos-un-nuevo-estudio-tiene-la-respuesta\/#breadcrumb","itemListElement":[{"@type":"ListItem","position":1,"name":"Inicio","item":"https:\/\/stacatarina.mx\/consejos\/"},{"@type":"ListItem","position":2,"name":"\u00bfBebemos porque nos sentimos deprimidos o nos sentimos deprimidos porque bebemos? Un nuevo estudio tiene la respuesta"}]},{"@type":"WebSite","@id":"https:\/\/stacatarina.mx\/consejos\/#website","url":"https:\/\/stacatarina.mx\/consejos\/","name":"Santa Catarina","description":"","publisher":{"@id":"https:\/\/stacatarina.mx\/consejos\/#organization"},"potentialAction":[{"@type":"SearchAction","target":{"@type":"EntryPoint","urlTemplate":"https:\/\/stacatarina.mx\/consejos\/?s={search_term_string}"},"query-input":{"@type":"PropertyValueSpecification","valueRequired":true,"valueName":"search_term_string"}}],"inLanguage":"es"},{"@type":"Organization","@id":"https:\/\/stacatarina.mx\/consejos\/#organization","name":"Santa Catarina","url":"https:\/\/stacatarina.mx\/consejos\/","logo":{"@type":"ImageObject","inLanguage":"es","@id":"https:\/\/stacatarina.mx\/consejos\/#\/schema\/logo\/image\/","url":"https:\/\/stacatarina.mx\/consejos\/wp-content\/uploads\/2024\/09\/cropped-favicon-1-1.png","contentUrl":"https:\/\/stacatarina.mx\/consejos\/wp-content\/uploads\/2024\/09\/cropped-favicon-1-1.png","width":512,"height":512,"caption":"Santa Catarina"},"image":{"@id":"https:\/\/stacatarina.mx\/consejos\/#\/schema\/logo\/image\/"},"sameAs":["https:\/\/www.facebook.com\/stacatarinagob\/","https:\/\/x.com\/stacatarinagob","https:\/\/www.instagram.com\/stacatarinagob\/","https:\/\/www.youtube.com\/channel\/UCK-6cQJL_904665N1_nLTWw"]},{"@type":"Person","@id":"https:\/\/stacatarina.mx\/consejos\/#\/schema\/person\/0be60adffa8e4c4d0828fdf021450e8a","name":"Pedro Mart\u00ednez","image":{"@type":"ImageObject","inLanguage":"es","@id":"https:\/\/stacatarina.mx\/consejos\/#\/schema\/person\/image\/","url":"https:\/\/stacatarina.mx\/consejos\/wp-content\/uploads\/2024\/09\/stacatarina.jpg","contentUrl":"https:\/\/stacatarina.mx\/consejos\/wp-content\/uploads\/2024\/09\/stacatarina.jpg","caption":"Pedro Mart\u00ednez"},"description":"Hola, soy Pedro Mart\u00ednez, redactor jefe del sitio oficial del ayuntamiento de Santa Catarina, en M\u00e9xico. Con m\u00e1s de diez a\u00f1os de experiencia en el periodismo local, tengo una pasi\u00f3n por la investigaci\u00f3n y la difusi\u00f3n de informaci\u00f3n que valoriza nuestra hermosa comunidad. Mi compromiso es hacer de Santa Catarina una referencia en materia de transparencia y comunicaci\u00f3n municipal.","sameAs":["https:\/\/stacatarina.mx\/"]}]}},"_links":{"self":[{"href":"https:\/\/stacatarina.mx\/consejos\/wp-json\/wp\/v2\/posts\/8920"}],"collection":[{"href":"https:\/\/stacatarina.mx\/consejos\/wp-json\/wp\/v2\/posts"}],"about":[{"href":"https:\/\/stacatarina.mx\/consejos\/wp-json\/wp\/v2\/types\/post"}],"author":[{"embeddable":true,"href":"https:\/\/stacatarina.mx\/consejos\/wp-json\/wp\/v2\/users\/1"}],"replies":[{"embeddable":true,"href":"https:\/\/stacatarina.mx\/consejos\/wp-json\/wp\/v2\/comments?post=8920"}],"version-history":[{"count":1,"href":"https:\/\/stacatarina.mx\/consejos\/wp-json\/wp\/v2\/posts\/8920\/revisions"}],"predecessor-version":[{"id":8922,"href":"https:\/\/stacatarina.mx\/consejos\/wp-json\/wp\/v2\/posts\/8920\/revisions\/8922"}],"wp:featuredmedia":[{"embeddable":true,"href":"https:\/\/stacatarina.mx\/consejos\/wp-json\/wp\/v2\/media\/8921"}],"wp:attachment":[{"href":"https:\/\/stacatarina.mx\/consejos\/wp-json\/wp\/v2\/media?parent=8920"}],"wp:term":[{"taxonomy":"category","embeddable":true,"href":"https:\/\/stacatarina.mx\/consejos\/wp-json\/wp\/v2\/categories?post=8920"},{"taxonomy":"post_tag","embeddable":true,"href":"https:\/\/stacatarina.mx\/consejos\/wp-json\/wp\/v2\/tags?post=8920"}],"curies":[{"name":"wp","href":"https:\/\/api.w.org\/{rel}","templated":true}]}}