{"id":8923,"date":"2026-04-25T16:52:49","date_gmt":"2026-04-25T22:52:49","guid":{"rendered":"https:\/\/stacatarina.mx\/consejos\/por-que-retrasar-la-accion-climatica-ahora-significa-mares-mas-altos-para-2100\/"},"modified":"2026-04-25T16:52:51","modified_gmt":"2026-04-25T22:52:51","slug":"por-que-retrasar-la-accion-climatica-ahora-significa-mares-mas-altos-para-2100","status":"publish","type":"post","link":"https:\/\/stacatarina.mx\/consejos\/por-que-retrasar-la-accion-climatica-ahora-significa-mares-mas-altos-para-2100\/","title":{"rendered":"Por qu\u00e9 retrasar la acci\u00f3n clim\u00e1tica ahora significa mares m\u00e1s altos para 2100 \u2013&#8230;"},"content":{"rendered":"<div class=\"entry-content\">\n<p>Imagina tu playa soleada favorita. Cualquier lugar servir\u00e1. Miras hacia afuera y ves el oc\u00e9ano que se extiende hasta el horizonte. Para un glaci\u00f3logo, esa visi\u00f3n no se refiere s\u00f3lo al agua; es hielo derretido.<\/p>\n<p>Nuestro nuevo estudio muestra que los mejores escenarios de aumento del nivel del mar pueden estar ahora fuera de alcance.<\/p>\n<p>Hace unos 20.000 a\u00f1os, durante la edad de hielo m\u00e1s reciente, la Tierra era unos 5\u00b0C m\u00e1s fr\u00eda que hoy. Vastas capas de hielo, comparables en escala a Groenlandia y la Ant\u00e1rtida, cubr\u00edan Canad\u00e1, el norte de Europa y otras regiones. Esas capas de hielo se formaron cuando el agua se evapor\u00f3 de los oc\u00e9anos, cay\u00f3 en forma de nieve y se acumul\u00f3 a\u00f1o tras a\u00f1o en la tierra.<\/p>\n<p>Esta agua, encerrada en forma de hielo, fue eliminada del oc\u00e9ano, bajando el nivel del mar unos 130 metros y remodelando las costas del planeta. Se podr\u00eda haber caminado desde Gran Breta\u00f1a hasta Europa continental o desde Siberia hasta Am\u00e9rica del Norte, ya que gran parte de la plataforma continental actual era tierra firme.<\/p>\n<p>Hace entre 20.000 y 10.000 a\u00f1os, las temperaturas globales aumentaron y esas capas de hielo se derritieron. El nivel del mar subi\u00f3, inundando llanuras costeras y valles fluviales, y dando lugar a l\u00edneas costeras modernas. La lecci\u00f3n de la historia reciente de la Tierra es simple: cuando la temperatura global cambia, el nivel del mar cambia y las costas cambian con \u00e9l.<\/p>\n<h2 class=\"wp-block-heading\">La triple amenaza<\/h2>\n<p>El aumento del nivel del mar tiene tres causas principales. Primero, a medida que el oc\u00e9ano se calienta, el agua de mar se expande, aumentando su volumen. En segundo lugar, cientos de miles de glaciares de monta\u00f1a en todo el mundo se est\u00e1n derritiendo, a\u00f1adiendo agua al mar. En tercer lugar, las grandes capas de hielo de Groenlandia y la Ant\u00e1rtida est\u00e1n perdiendo masa. Los tres importan, pero no contribuyen por igual y su importancia est\u00e1 cambiando.<\/p>\n<p>Desde alrededor de 1850, la quema de combustibles f\u00f3siles ha elevado las concentraciones de gases de efecto invernadero a niveles no vistos en m\u00e1s de tres millones de a\u00f1os. Como resultado, las temperaturas globales han aumentado casi 1,5\u00b0C y el nivel medio global del mar ha aumentado m\u00e1s de 20 cm. Poco menos de la mitad de este aumento se debi\u00f3 a la expansi\u00f3n t\u00e9rmica del calentamiento de los oc\u00e9anos. Una cantidad similar proviene del derretimiento de unos 300.000 glaciares en todo el mundo, pero con una contribuci\u00f3n creciente de las grandes capas de hielo.<\/p>\n<p>Lo sorprendente es la rapidez con la que se ha producido este cambio. Alrededor de la mitad del aumento total del nivel del mar desde 1850 se ha producido tan s\u00f3lo en los \u00faltimos 30 a\u00f1os. Durante este tiempo, Groenlandia y la Ant\u00e1rtida han comenzado a contribuir m\u00e1s al aumento del nivel del mar que todos los dem\u00e1s glaciares juntos, y juntos ahora superan la contribuci\u00f3n del calentamiento de los oc\u00e9anos. S\u00f3lo la p\u00e9rdida de masa en la Ant\u00e1rtida es alrededor de seis veces mayor que hace tres d\u00e9cadas.<\/p>\n<figure class=\"wp-block-image\"><\/figure>\n<p>Este cambio es importante porque los glaciares y las capas de hielo no son iguales. Si cada peque\u00f1o glaciar de la Tierra se derritiera por completo, el nivel global del mar aumentar\u00eda s\u00f3lo unos 24 cm. Si las capas de hielo polares se derritieran, el nivel del mar aumentar\u00eda m\u00e1s de 65 metros, casi 300 veces m\u00e1s.<\/p>\n<p>Las capas de hielo suelen responder lentamente al calentamiento del aire y de la temperatura del oc\u00e9ano. Pero algunas regiones son mucho m\u00e1s vulnerables que otras. En estos puntos cr\u00edticos, el retroceso puede desencadenar procesos din\u00e1micos que aceleran la p\u00e9rdida de hielo, desestabilizando las regiones vecinas y acelerando el aumento del nivel del mar.<\/p>\n<p>Investigadores como nosotros estamos empezando a ver precisamente esto, particularmente en el sector del Mar de Amundsen en la Ant\u00e1rtida Occidental y en los m\u00e1rgenes de la capa de hielo de Groenlandia. La p\u00e9rdida masiva de estas capas de hielo compromete al planeta a un aumento de metros en el nivel del mar, y una vez que comienza el retroceso puede ser imposible detenerlo.<\/p>\n<h2 class=\"wp-block-heading\">La brecha de la realidad<\/h2>\n<p>El ritmo del cambio todav\u00eda depende de nosotros, pero el punto de partida sigue cambiando. Las observaciones muestran que el actual aumento del nivel del mar ya est\u00e1 siguiendo las proyecciones medias a altas proporcionadas por el grupo asesor de ciencia clim\u00e1tica de la ONU, el Panel Intergubernamental sobre Cambio Clim\u00e1tico (IPCC), colocando los resultados m\u00e1s bajos y manejables fuera de alcance. Ahora es cada vez m\u00e1s probable que el nivel del mar aumente m\u00e1s de 0,5 m para 2100, con consecuencias que incluyen desplazamientos a gran escala y el abandono de muchas regiones costeras a un costo inmenso y evitable.<\/p>\n<p>Esto no significa que el resultado sea fijo. El mundo deja de calentarse casi inmediatamente despu\u00e9s de alcanzar el cero neto. Una descarbonizaci\u00f3n r\u00e1pida frenar\u00eda la p\u00e9rdida de hielo, ganando tiempo para que las ciudades costeras, las comunidades, los puertos, los humedales y las playas se adapten.<\/p>\n<p>Sin embargo, sigue existiendo una clara brecha entre el lugar al que el consenso cient\u00edfico dice que deben dirigirse las emisiones para evitar un r\u00e1pido aumento y el lugar al que nos llevan los actuales compromisos gubernamentales, conocidos como contribuciones determinadas a nivel nacional. Muchas estimaciones dicen que actualmente estamos en el camino hacia un calentamiento de aproximadamente 3\u00b0C. A modo de contexto, se estima que el umbral para la p\u00e9rdida irreversible de la capa de hielo de Groenlandia es de entre 1,7\u00b0C y 2,3\u00b0C. Estamos coqueteando con una temperatura que comprometer\u00eda al planeta a un aumento a largo plazo de varios metros desde Groenlandia.<\/p>\n<p>Ahora regresa a esa playa. La costa no es fija. Es producto del calentamiento pasado y ya est\u00e1 siendo remodelado por el calentamiento que hemos causado. La cuesti\u00f3n ya no es si se puede mantener bajo el aumento del nivel del mar, sino qu\u00e9 tan alto llegar\u00e1, con qu\u00e9 rapidez aumentar\u00e1 y cu\u00e1nto da\u00f1o estamos dispuestos a aceptar. Cuanto m\u00e1s se demora la acci\u00f3n, menos buenas opciones quedan y m\u00e1s parte de esa costa familiar se pierde en la marea.<\/p>\n<hr class=\"wp-block-separator has-alpha-channel-opacity\">\n<p>Helen Millman, investigadora postdoctoral, ciencia polar, <em>Universidad de Exeter<\/em>; Martin Siegert, Vicecanciller Adjunto (Cornualles), <em>Universidad de Exeter<\/em>y Richard Alley, profesor de geociencias, <em>Estado de Pensilvania<\/em><\/p>\n<p>Foto de Hubert Neufeld en Unsplash<\/p>\n<\/p><\/div>\n","protected":false},"excerpt":{"rendered":"<p>Imagina tu playa soleada favorita. Cualquier lugar servir\u00e1. Miras hacia afuera y ves el oc\u00e9ano que se extiende hasta el horizonte. Para un glaci\u00f3logo, esa<\/p>\n","protected":false},"author":1,"featured_media":8924,"comment_status":"closed","ping_status":"","sticky":false,"template":"","format":"standard","meta":{"footnotes":""},"categories":[68],"tags":[238,534,904,518,1682,137,29,112,247,8590,1798],"class_list":["post-8923","post","type-post","status-publish","format-standard","has-post-thumbnail","hentry","category-fauna-y-flora","tag-accion","tag-ahora","tag-altos","tag-climatica","tag-mares","tag-mas","tag-para","tag-por","tag-que","tag-retrasar","tag-significa","generate-columns","tablet-grid-50","mobile-grid-100","grid-parent","grid-50"],"yoast_head":"<!-- This site is optimized with the Yoast SEO plugin v23.4 - https:\/\/yoast.com\/wordpress\/plugins\/seo\/ -->\n<title>Por qu\u00e9 retrasar la acci\u00f3n clim\u00e1tica ahora significa mares m\u00e1s altos para 2100 \u2013... - Consejos - Santa Catarina<\/title>\n<meta name=\"robots\" content=\"index, follow, max-snippet:-1, max-image-preview:large, max-video-preview:-1\" \/>\n<link rel=\"canonical\" href=\"https:\/\/stacatarina.mx\/consejos\/por-que-retrasar-la-accion-climatica-ahora-significa-mares-mas-altos-para-2100\/\" \/>\n<meta property=\"og:locale\" content=\"es_MX\" \/>\n<meta property=\"og:type\" content=\"article\" \/>\n<meta property=\"og:title\" content=\"Por qu\u00e9 retrasar la acci\u00f3n clim\u00e1tica ahora significa mares m\u00e1s altos para 2100 \u2013... - Consejos - Santa Catarina\" \/>\n<meta property=\"og:description\" content=\"Imagina tu playa soleada favorita. Cualquier lugar servir\u00e1. Miras hacia afuera y ves el oc\u00e9ano que se extiende hasta el horizonte. Para un glaci\u00f3logo, esa\" \/>\n<meta property=\"og:url\" content=\"https:\/\/stacatarina.mx\/consejos\/por-que-retrasar-la-accion-climatica-ahora-significa-mares-mas-altos-para-2100\/\" \/>\n<meta property=\"og:site_name\" content=\"Santa Catarina\" \/>\n<meta property=\"article:publisher\" content=\"https:\/\/www.facebook.com\/stacatarinagob\/\" \/>\n<meta property=\"article:published_time\" content=\"2026-04-25T22:52:49+00:00\" \/>\n<meta property=\"article:modified_time\" content=\"2026-04-25T22:52:51+00:00\" \/>\n<meta property=\"og:image\" content=\"https:\/\/stacatarina.mx\/consejos\/wp-content\/uploads\/2026\/04\/Por-que-retrasar-la-accion-climatica-ahora-significa-mares-mas.jpg\" \/>\n\t<meta property=\"og:image:width\" content=\"900\" \/>\n\t<meta property=\"og:image:height\" content=\"601\" \/>\n\t<meta property=\"og:image:type\" content=\"image\/jpeg\" \/>\n<meta name=\"author\" content=\"Pedro Mart\u00ednez\" \/>\n<meta name=\"twitter:card\" content=\"summary_large_image\" \/>\n<meta name=\"twitter:creator\" content=\"@stacatarinagob\" \/>\n<meta name=\"twitter:site\" content=\"@stacatarinagob\" \/>\n<meta name=\"twitter:label1\" content=\"Escrito por\" \/>\n\t<meta name=\"twitter:data1\" content=\"Pedro Mart\u00ednez\" \/>\n\t<meta name=\"twitter:label2\" content=\"Tiempo de lectura\" \/>\n\t<meta name=\"twitter:data2\" content=\"6 minutos\" \/>\n<script type=\"application\/ld+json\" class=\"yoast-schema-graph\">{\"@context\":\"https:\/\/schema.org\",\"@graph\":[{\"@type\":\"Article\",\"@id\":\"https:\/\/stacatarina.mx\/consejos\/por-que-retrasar-la-accion-climatica-ahora-significa-mares-mas-altos-para-2100\/#article\",\"isPartOf\":{\"@id\":\"https:\/\/stacatarina.mx\/consejos\/por-que-retrasar-la-accion-climatica-ahora-significa-mares-mas-altos-para-2100\/\"},\"author\":{\"name\":\"Pedro Mart\u00ednez\",\"@id\":\"https:\/\/stacatarina.mx\/consejos\/#\/schema\/person\/0be60adffa8e4c4d0828fdf021450e8a\"},\"headline\":\"Por qu\u00e9 retrasar la acci\u00f3n clim\u00e1tica ahora significa mares m\u00e1s altos para 2100 \u2013&#8230;\",\"datePublished\":\"2026-04-25T22:52:49+00:00\",\"dateModified\":\"2026-04-25T22:52:51+00:00\",\"mainEntityOfPage\":{\"@id\":\"https:\/\/stacatarina.mx\/consejos\/por-que-retrasar-la-accion-climatica-ahora-significa-mares-mas-altos-para-2100\/\"},\"wordCount\":1129,\"publisher\":{\"@id\":\"https:\/\/stacatarina.mx\/consejos\/#organization\"},\"image\":{\"@id\":\"https:\/\/stacatarina.mx\/consejos\/por-que-retrasar-la-accion-climatica-ahora-significa-mares-mas-altos-para-2100\/#primaryimage\"},\"thumbnailUrl\":\"https:\/\/stacatarina.mx\/consejos\/wp-content\/uploads\/2026\/04\/Por-que-retrasar-la-accion-climatica-ahora-significa-mares-mas.jpg\",\"keywords\":[\"Acci\u00f3n\",\"ahora\",\"altos\",\"clim\u00e1tica\",\"mares\",\"m\u00e1s\",\"para\",\"por\",\"qu\u00e9\",\"retrasar\",\"significa\"],\"articleSection\":[\"Fauna y Flora\"],\"inLanguage\":\"es\"},{\"@type\":\"WebPage\",\"@id\":\"https:\/\/stacatarina.mx\/consejos\/por-que-retrasar-la-accion-climatica-ahora-significa-mares-mas-altos-para-2100\/\",\"url\":\"https:\/\/stacatarina.mx\/consejos\/por-que-retrasar-la-accion-climatica-ahora-significa-mares-mas-altos-para-2100\/\",\"name\":\"Por qu\u00e9 retrasar la acci\u00f3n clim\u00e1tica ahora significa mares m\u00e1s altos para 2100 \u2013... - Consejos - Santa Catarina\",\"isPartOf\":{\"@id\":\"https:\/\/stacatarina.mx\/consejos\/#website\"},\"primaryImageOfPage\":{\"@id\":\"https:\/\/stacatarina.mx\/consejos\/por-que-retrasar-la-accion-climatica-ahora-significa-mares-mas-altos-para-2100\/#primaryimage\"},\"image\":{\"@id\":\"https:\/\/stacatarina.mx\/consejos\/por-que-retrasar-la-accion-climatica-ahora-significa-mares-mas-altos-para-2100\/#primaryimage\"},\"thumbnailUrl\":\"https:\/\/stacatarina.mx\/consejos\/wp-content\/uploads\/2026\/04\/Por-que-retrasar-la-accion-climatica-ahora-significa-mares-mas.jpg\",\"datePublished\":\"2026-04-25T22:52:49+00:00\",\"dateModified\":\"2026-04-25T22:52:51+00:00\",\"breadcrumb\":{\"@id\":\"https:\/\/stacatarina.mx\/consejos\/por-que-retrasar-la-accion-climatica-ahora-significa-mares-mas-altos-para-2100\/#breadcrumb\"},\"inLanguage\":\"es\",\"potentialAction\":[{\"@type\":\"ReadAction\",\"target\":[\"https:\/\/stacatarina.mx\/consejos\/por-que-retrasar-la-accion-climatica-ahora-significa-mares-mas-altos-para-2100\/\"]}]},{\"@type\":\"ImageObject\",\"inLanguage\":\"es\",\"@id\":\"https:\/\/stacatarina.mx\/consejos\/por-que-retrasar-la-accion-climatica-ahora-significa-mares-mas-altos-para-2100\/#primaryimage\",\"url\":\"https:\/\/stacatarina.mx\/consejos\/wp-content\/uploads\/2026\/04\/Por-que-retrasar-la-accion-climatica-ahora-significa-mares-mas.jpg\",\"contentUrl\":\"https:\/\/stacatarina.mx\/consejos\/wp-content\/uploads\/2026\/04\/Por-que-retrasar-la-accion-climatica-ahora-significa-mares-mas.jpg\",\"width\":900,\"height\":601,\"caption\":\"Why delaying climate action now means higher seas by 2100 \u2013 new\u00a0research\"},{\"@type\":\"BreadcrumbList\",\"@id\":\"https:\/\/stacatarina.mx\/consejos\/por-que-retrasar-la-accion-climatica-ahora-significa-mares-mas-altos-para-2100\/#breadcrumb\",\"itemListElement\":[{\"@type\":\"ListItem\",\"position\":1,\"name\":\"Inicio\",\"item\":\"https:\/\/stacatarina.mx\/consejos\/\"},{\"@type\":\"ListItem\",\"position\":2,\"name\":\"Por qu\u00e9 retrasar la acci\u00f3n clim\u00e1tica ahora significa mares m\u00e1s altos para 2100 \u2013&#8230;\"}]},{\"@type\":\"WebSite\",\"@id\":\"https:\/\/stacatarina.mx\/consejos\/#website\",\"url\":\"https:\/\/stacatarina.mx\/consejos\/\",\"name\":\"Santa Catarina\",\"description\":\"\",\"publisher\":{\"@id\":\"https:\/\/stacatarina.mx\/consejos\/#organization\"},\"potentialAction\":[{\"@type\":\"SearchAction\",\"target\":{\"@type\":\"EntryPoint\",\"urlTemplate\":\"https:\/\/stacatarina.mx\/consejos\/?s={search_term_string}\"},\"query-input\":{\"@type\":\"PropertyValueSpecification\",\"valueRequired\":true,\"valueName\":\"search_term_string\"}}],\"inLanguage\":\"es\"},{\"@type\":\"Organization\",\"@id\":\"https:\/\/stacatarina.mx\/consejos\/#organization\",\"name\":\"Santa Catarina\",\"url\":\"https:\/\/stacatarina.mx\/consejos\/\",\"logo\":{\"@type\":\"ImageObject\",\"inLanguage\":\"es\",\"@id\":\"https:\/\/stacatarina.mx\/consejos\/#\/schema\/logo\/image\/\",\"url\":\"https:\/\/stacatarina.mx\/consejos\/wp-content\/uploads\/2024\/09\/cropped-favicon-1-1.png\",\"contentUrl\":\"https:\/\/stacatarina.mx\/consejos\/wp-content\/uploads\/2024\/09\/cropped-favicon-1-1.png\",\"width\":512,\"height\":512,\"caption\":\"Santa Catarina\"},\"image\":{\"@id\":\"https:\/\/stacatarina.mx\/consejos\/#\/schema\/logo\/image\/\"},\"sameAs\":[\"https:\/\/www.facebook.com\/stacatarinagob\/\",\"https:\/\/x.com\/stacatarinagob\",\"https:\/\/www.instagram.com\/stacatarinagob\/\",\"https:\/\/www.youtube.com\/channel\/UCK-6cQJL_904665N1_nLTWw\"]},{\"@type\":\"Person\",\"@id\":\"https:\/\/stacatarina.mx\/consejos\/#\/schema\/person\/0be60adffa8e4c4d0828fdf021450e8a\",\"name\":\"Pedro Mart\u00ednez\",\"image\":{\"@type\":\"ImageObject\",\"inLanguage\":\"es\",\"@id\":\"https:\/\/stacatarina.mx\/consejos\/#\/schema\/person\/image\/\",\"url\":\"https:\/\/stacatarina.mx\/consejos\/wp-content\/uploads\/2024\/09\/stacatarina.jpg\",\"contentUrl\":\"https:\/\/stacatarina.mx\/consejos\/wp-content\/uploads\/2024\/09\/stacatarina.jpg\",\"caption\":\"Pedro Mart\u00ednez\"},\"description\":\"Hola, soy Pedro Mart\u00ednez, redactor jefe del sitio oficial del ayuntamiento de Santa Catarina, en M\u00e9xico. Con m\u00e1s de diez a\u00f1os de experiencia en el periodismo local, tengo una pasi\u00f3n por la investigaci\u00f3n y la difusi\u00f3n de informaci\u00f3n que valoriza nuestra hermosa comunidad. Mi compromiso es hacer de Santa Catarina una referencia en materia de transparencia y comunicaci\u00f3n municipal.\",\"sameAs\":[\"https:\/\/stacatarina.mx\/\"]}]}<\/script>\n<!-- \/ Yoast SEO plugin. -->","yoast_head_json":{"title":"Por qu\u00e9 retrasar la acci\u00f3n clim\u00e1tica ahora significa mares m\u00e1s altos para 2100 \u2013... - Consejos - Santa Catarina","robots":{"index":"index","follow":"follow","max-snippet":"max-snippet:-1","max-image-preview":"max-image-preview:large","max-video-preview":"max-video-preview:-1"},"canonical":"https:\/\/stacatarina.mx\/consejos\/por-que-retrasar-la-accion-climatica-ahora-significa-mares-mas-altos-para-2100\/","og_locale":"es_MX","og_type":"article","og_title":"Por qu\u00e9 retrasar la acci\u00f3n clim\u00e1tica ahora significa mares m\u00e1s altos para 2100 \u2013... - Consejos - Santa Catarina","og_description":"Imagina tu playa soleada favorita. Cualquier lugar servir\u00e1. Miras hacia afuera y ves el oc\u00e9ano que se extiende hasta el horizonte. Para un glaci\u00f3logo, esa","og_url":"https:\/\/stacatarina.mx\/consejos\/por-que-retrasar-la-accion-climatica-ahora-significa-mares-mas-altos-para-2100\/","og_site_name":"Santa Catarina","article_publisher":"https:\/\/www.facebook.com\/stacatarinagob\/","article_published_time":"2026-04-25T22:52:49+00:00","article_modified_time":"2026-04-25T22:52:51+00:00","og_image":[{"width":900,"height":601,"url":"https:\/\/stacatarina.mx\/consejos\/wp-content\/uploads\/2026\/04\/Por-que-retrasar-la-accion-climatica-ahora-significa-mares-mas.jpg","type":"image\/jpeg"}],"author":"Pedro Mart\u00ednez","twitter_card":"summary_large_image","twitter_creator":"@stacatarinagob","twitter_site":"@stacatarinagob","twitter_misc":{"Escrito por":"Pedro Mart\u00ednez","Tiempo de lectura":"6 minutos"},"schema":{"@context":"https:\/\/schema.org","@graph":[{"@type":"Article","@id":"https:\/\/stacatarina.mx\/consejos\/por-que-retrasar-la-accion-climatica-ahora-significa-mares-mas-altos-para-2100\/#article","isPartOf":{"@id":"https:\/\/stacatarina.mx\/consejos\/por-que-retrasar-la-accion-climatica-ahora-significa-mares-mas-altos-para-2100\/"},"author":{"name":"Pedro Mart\u00ednez","@id":"https:\/\/stacatarina.mx\/consejos\/#\/schema\/person\/0be60adffa8e4c4d0828fdf021450e8a"},"headline":"Por qu\u00e9 retrasar la acci\u00f3n clim\u00e1tica ahora significa mares m\u00e1s altos para 2100 \u2013&#8230;","datePublished":"2026-04-25T22:52:49+00:00","dateModified":"2026-04-25T22:52:51+00:00","mainEntityOfPage":{"@id":"https:\/\/stacatarina.mx\/consejos\/por-que-retrasar-la-accion-climatica-ahora-significa-mares-mas-altos-para-2100\/"},"wordCount":1129,"publisher":{"@id":"https:\/\/stacatarina.mx\/consejos\/#organization"},"image":{"@id":"https:\/\/stacatarina.mx\/consejos\/por-que-retrasar-la-accion-climatica-ahora-significa-mares-mas-altos-para-2100\/#primaryimage"},"thumbnailUrl":"https:\/\/stacatarina.mx\/consejos\/wp-content\/uploads\/2026\/04\/Por-que-retrasar-la-accion-climatica-ahora-significa-mares-mas.jpg","keywords":["Acci\u00f3n","ahora","altos","clim\u00e1tica","mares","m\u00e1s","para","por","qu\u00e9","retrasar","significa"],"articleSection":["Fauna y Flora"],"inLanguage":"es"},{"@type":"WebPage","@id":"https:\/\/stacatarina.mx\/consejos\/por-que-retrasar-la-accion-climatica-ahora-significa-mares-mas-altos-para-2100\/","url":"https:\/\/stacatarina.mx\/consejos\/por-que-retrasar-la-accion-climatica-ahora-significa-mares-mas-altos-para-2100\/","name":"Por qu\u00e9 retrasar la acci\u00f3n clim\u00e1tica ahora significa mares m\u00e1s altos para 2100 \u2013... - Consejos - Santa Catarina","isPartOf":{"@id":"https:\/\/stacatarina.mx\/consejos\/#website"},"primaryImageOfPage":{"@id":"https:\/\/stacatarina.mx\/consejos\/por-que-retrasar-la-accion-climatica-ahora-significa-mares-mas-altos-para-2100\/#primaryimage"},"image":{"@id":"https:\/\/stacatarina.mx\/consejos\/por-que-retrasar-la-accion-climatica-ahora-significa-mares-mas-altos-para-2100\/#primaryimage"},"thumbnailUrl":"https:\/\/stacatarina.mx\/consejos\/wp-content\/uploads\/2026\/04\/Por-que-retrasar-la-accion-climatica-ahora-significa-mares-mas.jpg","datePublished":"2026-04-25T22:52:49+00:00","dateModified":"2026-04-25T22:52:51+00:00","breadcrumb":{"@id":"https:\/\/stacatarina.mx\/consejos\/por-que-retrasar-la-accion-climatica-ahora-significa-mares-mas-altos-para-2100\/#breadcrumb"},"inLanguage":"es","potentialAction":[{"@type":"ReadAction","target":["https:\/\/stacatarina.mx\/consejos\/por-que-retrasar-la-accion-climatica-ahora-significa-mares-mas-altos-para-2100\/"]}]},{"@type":"ImageObject","inLanguage":"es","@id":"https:\/\/stacatarina.mx\/consejos\/por-que-retrasar-la-accion-climatica-ahora-significa-mares-mas-altos-para-2100\/#primaryimage","url":"https:\/\/stacatarina.mx\/consejos\/wp-content\/uploads\/2026\/04\/Por-que-retrasar-la-accion-climatica-ahora-significa-mares-mas.jpg","contentUrl":"https:\/\/stacatarina.mx\/consejos\/wp-content\/uploads\/2026\/04\/Por-que-retrasar-la-accion-climatica-ahora-significa-mares-mas.jpg","width":900,"height":601,"caption":"Why delaying climate action now means higher seas by 2100 \u2013 new\u00a0research"},{"@type":"BreadcrumbList","@id":"https:\/\/stacatarina.mx\/consejos\/por-que-retrasar-la-accion-climatica-ahora-significa-mares-mas-altos-para-2100\/#breadcrumb","itemListElement":[{"@type":"ListItem","position":1,"name":"Inicio","item":"https:\/\/stacatarina.mx\/consejos\/"},{"@type":"ListItem","position":2,"name":"Por qu\u00e9 retrasar la acci\u00f3n clim\u00e1tica ahora significa mares m\u00e1s altos para 2100 \u2013&#8230;"}]},{"@type":"WebSite","@id":"https:\/\/stacatarina.mx\/consejos\/#website","url":"https:\/\/stacatarina.mx\/consejos\/","name":"Santa Catarina","description":"","publisher":{"@id":"https:\/\/stacatarina.mx\/consejos\/#organization"},"potentialAction":[{"@type":"SearchAction","target":{"@type":"EntryPoint","urlTemplate":"https:\/\/stacatarina.mx\/consejos\/?s={search_term_string}"},"query-input":{"@type":"PropertyValueSpecification","valueRequired":true,"valueName":"search_term_string"}}],"inLanguage":"es"},{"@type":"Organization","@id":"https:\/\/stacatarina.mx\/consejos\/#organization","name":"Santa Catarina","url":"https:\/\/stacatarina.mx\/consejos\/","logo":{"@type":"ImageObject","inLanguage":"es","@id":"https:\/\/stacatarina.mx\/consejos\/#\/schema\/logo\/image\/","url":"https:\/\/stacatarina.mx\/consejos\/wp-content\/uploads\/2024\/09\/cropped-favicon-1-1.png","contentUrl":"https:\/\/stacatarina.mx\/consejos\/wp-content\/uploads\/2024\/09\/cropped-favicon-1-1.png","width":512,"height":512,"caption":"Santa Catarina"},"image":{"@id":"https:\/\/stacatarina.mx\/consejos\/#\/schema\/logo\/image\/"},"sameAs":["https:\/\/www.facebook.com\/stacatarinagob\/","https:\/\/x.com\/stacatarinagob","https:\/\/www.instagram.com\/stacatarinagob\/","https:\/\/www.youtube.com\/channel\/UCK-6cQJL_904665N1_nLTWw"]},{"@type":"Person","@id":"https:\/\/stacatarina.mx\/consejos\/#\/schema\/person\/0be60adffa8e4c4d0828fdf021450e8a","name":"Pedro Mart\u00ednez","image":{"@type":"ImageObject","inLanguage":"es","@id":"https:\/\/stacatarina.mx\/consejos\/#\/schema\/person\/image\/","url":"https:\/\/stacatarina.mx\/consejos\/wp-content\/uploads\/2024\/09\/stacatarina.jpg","contentUrl":"https:\/\/stacatarina.mx\/consejos\/wp-content\/uploads\/2024\/09\/stacatarina.jpg","caption":"Pedro Mart\u00ednez"},"description":"Hola, soy Pedro Mart\u00ednez, redactor jefe del sitio oficial del ayuntamiento de Santa Catarina, en M\u00e9xico. Con m\u00e1s de diez a\u00f1os de experiencia en el periodismo local, tengo una pasi\u00f3n por la investigaci\u00f3n y la difusi\u00f3n de informaci\u00f3n que valoriza nuestra hermosa comunidad. Mi compromiso es hacer de Santa Catarina una referencia en materia de transparencia y comunicaci\u00f3n municipal.","sameAs":["https:\/\/stacatarina.mx\/"]}]}},"_links":{"self":[{"href":"https:\/\/stacatarina.mx\/consejos\/wp-json\/wp\/v2\/posts\/8923"}],"collection":[{"href":"https:\/\/stacatarina.mx\/consejos\/wp-json\/wp\/v2\/posts"}],"about":[{"href":"https:\/\/stacatarina.mx\/consejos\/wp-json\/wp\/v2\/types\/post"}],"author":[{"embeddable":true,"href":"https:\/\/stacatarina.mx\/consejos\/wp-json\/wp\/v2\/users\/1"}],"replies":[{"embeddable":true,"href":"https:\/\/stacatarina.mx\/consejos\/wp-json\/wp\/v2\/comments?post=8923"}],"version-history":[{"count":1,"href":"https:\/\/stacatarina.mx\/consejos\/wp-json\/wp\/v2\/posts\/8923\/revisions"}],"predecessor-version":[{"id":8925,"href":"https:\/\/stacatarina.mx\/consejos\/wp-json\/wp\/v2\/posts\/8923\/revisions\/8925"}],"wp:featuredmedia":[{"embeddable":true,"href":"https:\/\/stacatarina.mx\/consejos\/wp-json\/wp\/v2\/media\/8924"}],"wp:attachment":[{"href":"https:\/\/stacatarina.mx\/consejos\/wp-json\/wp\/v2\/media?parent=8923"}],"wp:term":[{"taxonomy":"category","embeddable":true,"href":"https:\/\/stacatarina.mx\/consejos\/wp-json\/wp\/v2\/categories?post=8923"},{"taxonomy":"post_tag","embeddable":true,"href":"https:\/\/stacatarina.mx\/consejos\/wp-json\/wp\/v2\/tags?post=8923"}],"curies":[{"name":"wp","href":"https:\/\/api.w.org\/{rel}","templated":true}]}}